{"id":3629,"date":"2016-08-12T08:01:09","date_gmt":"2016-08-12T05:01:09","guid":{"rendered":"https:\/\/blogi.ennola.fi\/?p=3629"},"modified":"2020-06-26T12:39:40","modified_gmt":"2020-06-26T09:39:40","slug":"saaristomeren-melojat-selkamerella","status":"publish","type":"post","link":"https:\/\/blogi.ennola.fi\/?p=3629","title":{"rendered":"Saaristomeren Melojat Selk\u00e4merell\u00e4"},"content":{"rendered":"<p>T\u00e4n\u00e4 kes\u00e4n\u00e4 vedin melontaseuralleni vajaan viikon melontaretken. Koska olin jonkun verran liikkunut Porin suunnalla Selk\u00e4meren kansallispuisto vaikutti luontevalta kohteelta. Apuvet\u00e4j\u00e4kseni l\u00e4hti Kristian, jonka kanssa olimme viime kes\u00e4n\u00e4 vet\u00e4neet vastaavan Saaristomeren retken. Silloin Kristian oli toiminut retken p\u00e4\u00e4vet\u00e4j\u00e4n\u00e4. Ryhm\u00e4 oli pieni, meid\u00e4n ohjaajien lis\u00e4ksi matkaan l\u00e4hti kolme muuta melojaa. Selk\u00e4merell\u00e4 ei ole laajaa ja suojaisaa saaristoa, joten olin retkikutsuun mennyt kirjoittamaan toiveen aallokkomelontakokemuksesta, mik\u00e4 ehk\u00e4 karkotti osallistujia.<\/p>\n<p>L\u00e4hdimme liikkeelle R\u00e4ps\u00f6\u00f6n Varvinrannan hiekkarannalta. Keli oli hyv\u00e4, joten p\u00e4\u00e4timme kiert\u00e4\u00e4 R\u00e4ps\u00f6\u00f6n avomeren puolelta ja poiketa samalla Kaijakarilla. Avomerell\u00e4 meit\u00e4 vastassa oli upea maininki. Pitki\u00e4 ja loivia aaltoja, jotka olivat niin syvi\u00e4, ett\u00e4 kajakki melojineen pystyi katoamaan niiden taakse n\u00e4kyvist\u00e4. Tuuli itsess\u00e4\u00e4n oli kuitenkin l\u00e4hes tyyni, joten melontaa ne eiv\u00e4t mitenk\u00e4\u00e4n vaikeuttaneet. Kaijalta meloimme Iso-Enskeriin etsim\u00e4\u00e4n leiripaikkaa. Saaressa oli jo paljon veneilij\u00f6it\u00e4, joten jatkoimme matkaa Munakarille, miss\u00e4 saimme olla omissa oloissamme. Munakarilla on pieni kalamaja, mik\u00e4 on kunnostettu p\u00e4iv\u00e4tuvaksi, mutta me y\u00f6vyimme rantakalliolla teltoissa.<\/p>\n<div id=\"attachment_3620\" style=\"width: 490px\" class=\"wp-caption aligncenter\"><a href=\"https:\/\/blogi.ennola.fi\/wp-content\/uploads\/2019\/05\/Selka_Panorama5.jpg\" rel=\"lightbox[3629]\"><img loading=\"lazy\" decoding=\"async\" aria-describedby=\"caption-attachment-3620\" class=\"wp-image-3620 size-full\" title=\"Matinkarin kalliorantaa.\" src=\"https:\/\/blogi.ennola.fi\/wp-content\/uploads\/2019\/05\/Selka_Panorama5-1.jpg\" alt=\"\" width=\"480\" height=\"219\" srcset=\"https:\/\/blogi.ennola.fi\/wp-content\/uploads\/2019\/05\/Selka_Panorama5-1.jpg 480w, https:\/\/blogi.ennola.fi\/wp-content\/uploads\/2019\/05\/Selka_Panorama5-1-150x68.jpg 150w\" sizes=\"(max-width: 480px) 100vw, 480px\" \/><\/a><p id=\"caption-attachment-3620\" class=\"wp-caption-text\">Matinkarin kalliorantaa.<\/p><\/div>\n<div id=\"attachment_3627\" style=\"width: 490px\" class=\"wp-caption aligncenter\"><a href=\"https:\/\/blogi.ennola.fi\/wp-content\/uploads\/2019\/05\/Selka_Panorama9.jpg\" rel=\"lightbox[3629]\"><img loading=\"lazy\" decoding=\"async\" aria-describedby=\"caption-attachment-3627\" class=\"wp-image-3627 size-full\" title=\"Matinkarin kalliorantaa.\" src=\"https:\/\/blogi.ennola.fi\/wp-content\/uploads\/2019\/05\/Selka_Panorama9-1.jpg\" alt=\"\" width=\"480\" height=\"136\" srcset=\"https:\/\/blogi.ennola.fi\/wp-content\/uploads\/2019\/05\/Selka_Panorama9-1.jpg 480w, https:\/\/blogi.ennola.fi\/wp-content\/uploads\/2019\/05\/Selka_Panorama9-1-150x43.jpg 150w\" sizes=\"(max-width: 480px) 100vw, 480px\" \/><\/a><p id=\"caption-attachment-3627\" class=\"wp-caption-text\">Matinkarin kalliorantaa.<\/p><\/div>\n<div id=\"attachment_5210\" style=\"width: 490px\" class=\"wp-caption aligncenter\"><a href=\"https:\/\/blogi.ennola.fi\/wp-content\/uploads\/2016\/08\/Selka_Panorama12.jpg\" rel=\"lightbox[3629]\"><img loading=\"lazy\" decoding=\"async\" aria-describedby=\"caption-attachment-5210\" class=\"wp-image-5210 size-full\" title=\"Kaukaisia ukkospilvi\u00e4, Matinkari.\" src=\"https:\/\/blogi.ennola.fi\/wp-content\/uploads\/2016\/08\/Selka_Panorama12-1.jpg\" alt=\"\" width=\"480\" height=\"113\" srcset=\"https:\/\/blogi.ennola.fi\/wp-content\/uploads\/2016\/08\/Selka_Panorama12-1.jpg 480w, https:\/\/blogi.ennola.fi\/wp-content\/uploads\/2016\/08\/Selka_Panorama12-1-150x35.jpg 150w\" sizes=\"(max-width: 480px) 100vw, 480px\" \/><\/a><p id=\"caption-attachment-5210\" class=\"wp-caption-text\">Kaukaisia ukkospilvi\u00e4, Matinkari.<\/p><\/div>\n<div id=\"attachment_3621\" style=\"width: 490px\" class=\"wp-caption aligncenter\"><a href=\"https:\/\/blogi.ennola.fi\/wp-content\/uploads\/2019\/05\/Selka_Panorama8.jpg\" rel=\"lightbox[3629]\"><img loading=\"lazy\" decoding=\"async\" aria-describedby=\"caption-attachment-3621\" class=\"wp-image-3621 size-full\" title=\"Santeen nokka.\" src=\"https:\/\/blogi.ennola.fi\/wp-content\/uploads\/2019\/05\/Selka_Panorama8-1.jpg\" alt=\"\" width=\"480\" height=\"247\" srcset=\"https:\/\/blogi.ennola.fi\/wp-content\/uploads\/2019\/05\/Selka_Panorama8-1.jpg 480w, https:\/\/blogi.ennola.fi\/wp-content\/uploads\/2019\/05\/Selka_Panorama8-1-150x77.jpg 150w\" sizes=\"(max-width: 480px) 100vw, 480px\" \/><\/a><p id=\"caption-attachment-3621\" class=\"wp-caption-text\">Santeen nokka.<\/p><\/div>\n<p>Aamulla jatkoimme matkaa ensin pohjoiseen, miss\u00e4 k\u00e4vimme nauttimassa lounaistuulen nostamasta aallokosta. Lyhyen maatauon pidimme Alinen-Kaasperilla ja jatkoimme lounastauolle Saanteen nokkaan. Siit\u00e4 suuntasimme y\u00f6ksi Reveliin, joka onkin seutukunnan hienoimpia saaria. J\u00e4imme y\u00f6t\u00e4 vanhan kalastajam\u00f6kin viereen, miss\u00e4 olikin nuotiopaikka retkeilij\u00f6it\u00e4 varten. Revelin kaakkoislaidalla oli hieno sis\u00e4lahti, jossa oli paljon linnuille sopivaa matalaa liejurantaa. Nyt siell\u00e4 oli runsaasti syysmuutolla olevia kahlaajia. Saaren p\u00e4\u00e4ll\u00e4 pieni merikihujen ryhm\u00e4 esitteli lenton\u00e4yt\u00f6ksi\u00e4\u00e4n.<\/p>\n<p>Revelist\u00e4 l\u00e4hdimme seuraavana aamuna kohti Merikarvian keskustaa. Matkan aikana ulkosaaristo vaihtui sis\u00e4saariston kapeiksi v\u00e4yliksi. Merikarvian kalasatamasta ei ollut helppoa l\u00f6yt\u00e4\u00e4 hyv\u00e4\u00e4 rantautumispaikkaa. Hetken rantaviivaa edestakaisin melottuamme l\u00f6ysimme lopulta veneen laskuluiskan sataman etel\u00e4puolella. Merikarvialla saimme saunan avaimen, t\u00e4ydensimme vesivarastojamme ja k\u00e4ytiin ostamassa paikallisen savustamon erinomaista savusiikaa.<\/p>\n<p>Tauon j\u00e4lkeen suuntasimme matkan satamasta Ouran saaristoon. Tuuli oli p\u00e4iv\u00e4nmittaan noussut ja sel\u00e4nylityksess\u00e4 haimme suojaa navakalta vastatuulelta Halluskerista ja Truuttikareista. Y\u00f6ksi pujottelimme Ouran saarilabyrintin l\u00e4pi Hamskerin laavulle. Laavupaikka oli pusikkoinen ja n\u00e4k\u00f6alakaan merelle ei ollut erityisen hieno. Minulle leiripaikka kelpasi hyvin, mutta retkikumppanini olisivat kaivanneet kauniimpaa ja karumpaa leiripaikkaa. Kello oli kuitenkin sen verta paljon, ettemme l\u00e4hteneet etsim\u00e4\u00e4n y\u00f6ksi muuta leiripaikkaa.<\/p>\n<div id=\"attachment_3624\" style=\"width: 490px\" class=\"wp-caption aligncenter\"><a href=\"https:\/\/blogi.ennola.fi\/wp-content\/uploads\/2019\/05\/Selka_Panorama6.jpg\" rel=\"lightbox[3629]\"><img loading=\"lazy\" decoding=\"async\" aria-describedby=\"caption-attachment-3624\" class=\"wp-image-3624 size-full\" title=\"Reveli ilta-auringossa.\" src=\"https:\/\/blogi.ennola.fi\/wp-content\/uploads\/2019\/05\/Selka_Panorama6-1.jpg\" alt=\"\" width=\"480\" height=\"139\" srcset=\"https:\/\/blogi.ennola.fi\/wp-content\/uploads\/2019\/05\/Selka_Panorama6-1.jpg 480w, https:\/\/blogi.ennola.fi\/wp-content\/uploads\/2019\/05\/Selka_Panorama6-1-150x43.jpg 150w\" sizes=\"(max-width: 480px) 100vw, 480px\" \/><\/a><p id=\"caption-attachment-3624\" class=\"wp-caption-text\">Reveli ilta-auringossa.<\/p><\/div>\n<div id=\"attachment_5213\" style=\"width: 490px\" class=\"wp-caption aligncenter\"><a href=\"https:\/\/blogi.ennola.fi\/wp-content\/uploads\/2016\/08\/Selka_Panorama11.jpg\" rel=\"lightbox[3629]\"><img loading=\"lazy\" decoding=\"async\" aria-describedby=\"caption-attachment-5213\" class=\"wp-image-5213 size-full\" title=\"Reveli ja lintuja.\" src=\"https:\/\/blogi.ennola.fi\/wp-content\/uploads\/2016\/08\/Selka_Panorama11-1.jpg\" alt=\"\" width=\"480\" height=\"102\" srcset=\"https:\/\/blogi.ennola.fi\/wp-content\/uploads\/2016\/08\/Selka_Panorama11-1.jpg 480w, https:\/\/blogi.ennola.fi\/wp-content\/uploads\/2016\/08\/Selka_Panorama11-1-150x32.jpg 150w\" sizes=\"(max-width: 480px) 100vw, 480px\" \/><\/a><p id=\"caption-attachment-5213\" class=\"wp-caption-text\">Reveli ja lintuja.<\/p><\/div>\n<div id=\"attachment_5212\" style=\"width: 490px\" class=\"wp-caption aligncenter\"><a href=\"https:\/\/blogi.ennola.fi\/wp-content\/uploads\/2016\/08\/Selka_Panorama10.jpg\" rel=\"lightbox[3629]\"><img loading=\"lazy\" decoding=\"async\" aria-describedby=\"caption-attachment-5212\" class=\"wp-image-5212 size-full\" title=\"Revelin l\u00e4nsiriutan k\u00e4rki.\" src=\"https:\/\/blogi.ennola.fi\/wp-content\/uploads\/2016\/08\/Selka_Panorama10-1.jpg\" alt=\"\" width=\"480\" height=\"79\" srcset=\"https:\/\/blogi.ennola.fi\/wp-content\/uploads\/2016\/08\/Selka_Panorama10-1.jpg 480w, https:\/\/blogi.ennola.fi\/wp-content\/uploads\/2016\/08\/Selka_Panorama10-1-150x25.jpg 150w\" sizes=\"(max-width: 480px) 100vw, 480px\" \/><\/a><p id=\"caption-attachment-5212\" class=\"wp-caption-text\">Revelin l\u00e4nsiriutan k\u00e4rki.<\/p><\/div>\n<div id=\"attachment_5211\" style=\"width: 490px\" class=\"wp-caption aligncenter\"><a href=\"https:\/\/blogi.ennola.fi\/wp-content\/uploads\/2016\/08\/Selka_Panorama13.jpg\" rel=\"lightbox[3629]\"><img loading=\"lazy\" decoding=\"async\" aria-describedby=\"caption-attachment-5211\" class=\"wp-image-5211 size-full\" title=\"Isoja kivi\u00e4 l\u00e4nsiriutan p\u00e4\u00e4ss\u00e4.\" src=\"https:\/\/blogi.ennola.fi\/wp-content\/uploads\/2016\/08\/Selka_Panorama13-1.jpg\" alt=\"\" width=\"480\" height=\"75\" srcset=\"https:\/\/blogi.ennola.fi\/wp-content\/uploads\/2016\/08\/Selka_Panorama13-1.jpg 480w, https:\/\/blogi.ennola.fi\/wp-content\/uploads\/2016\/08\/Selka_Panorama13-1-150x23.jpg 150w\" sizes=\"(max-width: 480px) 100vw, 480px\" \/><\/a><p id=\"caption-attachment-5211\" class=\"wp-caption-text\">Isoja kivi\u00e4 l\u00e4nsiriutan p\u00e4\u00e4ss\u00e4.<\/p><\/div>\n<div id=\"attachment_3625\" style=\"width: 490px\" class=\"wp-caption aligncenter\"><a href=\"https:\/\/blogi.ennola.fi\/wp-content\/uploads\/2019\/05\/Selka_Panorama1.jpg\" rel=\"lightbox[3629]\"><img loading=\"lazy\" decoding=\"async\" aria-describedby=\"caption-attachment-3625\" class=\"wp-image-3625 size-full\" title=\"Revelin l\u00e4nsiriutan kivi\u00e4.\" src=\"https:\/\/blogi.ennola.fi\/wp-content\/uploads\/2019\/05\/Selka_Panorama1-1.jpg\" alt=\"\" width=\"480\" height=\"114\" srcset=\"https:\/\/blogi.ennola.fi\/wp-content\/uploads\/2019\/05\/Selka_Panorama1-1.jpg 480w, https:\/\/blogi.ennola.fi\/wp-content\/uploads\/2019\/05\/Selka_Panorama1-1-150x36.jpg 150w\" sizes=\"(max-width: 480px) 100vw, 480px\" \/><\/a><p id=\"caption-attachment-3625\" class=\"wp-caption-text\">Revelin l\u00e4nsiriutan kivi\u00e4.<\/p><\/div>\n<div id=\"attachment_3619\" style=\"width: 490px\" class=\"wp-caption aligncenter\"><a href=\"https:\/\/blogi.ennola.fi\/wp-content\/uploads\/2019\/05\/Selka_Panorama7.jpg\" rel=\"lightbox[3629]\"><img loading=\"lazy\" decoding=\"async\" aria-describedby=\"caption-attachment-3619\" class=\"wp-image-3619 size-full\" title=\"Revelin ranta aamup\u00e4iv\u00e4ll\u00e4.\" src=\"https:\/\/blogi.ennola.fi\/wp-content\/uploads\/2019\/05\/Selka_Panorama7-1.jpg\" alt=\"\" width=\"480\" height=\"106\" srcset=\"https:\/\/blogi.ennola.fi\/wp-content\/uploads\/2019\/05\/Selka_Panorama7-1.jpg 480w, https:\/\/blogi.ennola.fi\/wp-content\/uploads\/2019\/05\/Selka_Panorama7-1-150x33.jpg 150w\" sizes=\"(max-width: 480px) 100vw, 480px\" \/><\/a><p id=\"caption-attachment-3619\" class=\"wp-caption-text\">Revelin ranta aamup\u00e4iv\u00e4ll\u00e4.<\/p><\/div>\n<p>Seuraavana p\u00e4iv\u00e4n\u00e4 meill\u00e4 oli Hajulan sauna varattuna iltap\u00e4iv\u00e4ksi. Ennen sit\u00e4 menimme tutustumaan Ouraluotoon ja sen vieress\u00e4 olevaan Pookikariin. Ouraluodolta l\u00e4hdimme kiert\u00e4m\u00e4\u00e4n saaristoa sen ulkolaidalta ja pys\u00e4hdyimme pit\u00e4m\u00e4\u00e4n lounastaukoa L\u00f6\u00f6pperiin. Saaren toisella puolella asustaneet kes\u00e4m\u00f6kkil\u00e4iset eiv\u00e4t olleet ilahtuneet vierailusta vaan tulivat taistelukoiran avustuksella h\u00e4\u00e4t\u00e4m\u00e4\u00e4n meit\u00e4 pois. Tilanne oli varsin uhkaava. Onneksi lounas oli jo sy\u00f6ty ja saatoimme pakata kajakit ja poistua paikalta.<\/p>\n<p>Hajulassa Merikarvian kunnalla oli ilmainen varaussauna. Saunasaareen ei voinut j\u00e4\u00e4d\u00e4 y\u00f6t\u00e4, joten teimme pienen tiedusteluretken etsi\u00e4ksemme edellisy\u00f6t\u00e4 parempaa leiriytymispaikkaa. Valitettavasti sellaista huippuleiripaikkaa ei l\u00f6ytynyt. Saunan j\u00e4lkeen l\u00e4hdimme Takaisin Ouraluodolle y\u00f6py\u00e4ksemme siell\u00e4 virallisella leiripaikalla. Sek\u00e4\u00e4n ei oikein tyydytt\u00e4nyt ryhm\u00e4\u00e4 ja ilta oli kaunis, joten p\u00e4\u00e4timme meloa suorinta tiet\u00e4 Reveliin. Olihan se ollut upea leiripaikka.<\/p>\n<div id=\"attachment_3623\" style=\"width: 490px\" class=\"wp-caption aligncenter\"><a href=\"https:\/\/blogi.ennola.fi\/wp-content\/uploads\/2019\/05\/Selka_Panorama4.jpg\" rel=\"lightbox[3629]\"><img loading=\"lazy\" decoding=\"async\" aria-describedby=\"caption-attachment-3623\" class=\"wp-image-3623 size-full\" title=\"Iso kivi Ouraluodossa.\" src=\"https:\/\/blogi.ennola.fi\/wp-content\/uploads\/2019\/05\/Selka_Panorama4-1.jpg\" alt=\"\" width=\"480\" height=\"142\" srcset=\"https:\/\/blogi.ennola.fi\/wp-content\/uploads\/2019\/05\/Selka_Panorama4-1.jpg 480w, https:\/\/blogi.ennola.fi\/wp-content\/uploads\/2019\/05\/Selka_Panorama4-1-150x44.jpg 150w\" sizes=\"(max-width: 480px) 100vw, 480px\" \/><\/a><p id=\"caption-attachment-3623\" class=\"wp-caption-text\">Iso kivi Ouraluodossa.<\/p><\/div>\n<div id=\"attachment_3622\" style=\"width: 490px\" class=\"wp-caption aligncenter\"><a href=\"https:\/\/blogi.ennola.fi\/wp-content\/uploads\/2019\/05\/Selka_Panorama2.jpg\" rel=\"lightbox[3629]\"><img loading=\"lazy\" decoding=\"async\" aria-describedby=\"caption-attachment-3622\" class=\"wp-image-3622 size-full\" title=\"L\u00f6\u00f6pperi.\" src=\"https:\/\/blogi.ennola.fi\/wp-content\/uploads\/2019\/05\/Selka_Panorama2-1.jpg\" alt=\"\" width=\"480\" height=\"175\" srcset=\"https:\/\/blogi.ennola.fi\/wp-content\/uploads\/2019\/05\/Selka_Panorama2-1.jpg 480w, https:\/\/blogi.ennola.fi\/wp-content\/uploads\/2019\/05\/Selka_Panorama2-1-150x55.jpg 150w\" sizes=\"(max-width: 480px) 100vw, 480px\" \/><\/a><p id=\"caption-attachment-3622\" class=\"wp-caption-text\">L\u00f6\u00f6pperi.<\/p><\/div>\n<div id=\"attachment_3626\" style=\"width: 490px\" class=\"wp-caption aligncenter\"><a href=\"https:\/\/blogi.ennola.fi\/wp-content\/uploads\/2019\/05\/Selka_Panorama3.jpg\" rel=\"lightbox[3629]\"><img loading=\"lazy\" decoding=\"async\" aria-describedby=\"caption-attachment-3626\" class=\"wp-image-3626 size-full\" title=\"Reveli my\u00f6h\u00e4\u00e4n illalla.\" src=\"https:\/\/blogi.ennola.fi\/wp-content\/uploads\/2019\/05\/Selka_Panorama3-1.jpg\" alt=\"\" width=\"480\" height=\"144\" srcset=\"https:\/\/blogi.ennola.fi\/wp-content\/uploads\/2019\/05\/Selka_Panorama3-1.jpg 480w, https:\/\/blogi.ennola.fi\/wp-content\/uploads\/2019\/05\/Selka_Panorama3-1-150x45.jpg 150w\" sizes=\"(max-width: 480px) 100vw, 480px\" \/><\/a><p id=\"caption-attachment-3626\" class=\"wp-caption-text\">Reveli my\u00f6h\u00e4\u00e4n illalla.<\/p><\/div>\n<p>Revelist\u00e4 suuntasimme viimeiseksi y\u00f6ksi Seliskerin retkeilysatamaan, mutta siell\u00e4 oli taas paljon v\u00e4ke\u00e4, joten jatkoimme Munakarille ensimm\u00e4isen y\u00f6n tapaan. Matkalla saimme p\u00e4\u00e4llemme voimakkaan ukkosen, jota pit\u00e4m\u00e4\u00e4n rantauduimme Iso-Plokin saareen. Viritimme p\u00e4\u00e4llemme isot tarpit, joiden suojassa meill\u00e4 oli hyvin aikaa paistella r\u00e4isk\u00e4leit\u00e4 samalla, kun odottelimme sateen loppumista.<\/p>\n<p>Viimeisen\u00e4 p\u00e4iv\u00e4n\u00e4 ohjelmassa olikin vuorossa reitin kansainv\u00e4liset n\u00e4ht\u00e4vyydet: Sant Helenan paratiisisaari ja retki p\u00e4\u00e4tettiin Lontoon rantaan (R\u00e4ps\u00f6\u00f6ss\u00e4). Sant Helena on yhden miehen unelma saaresta m\u00f6kkeineen. Mies oli 60-luvulla ostanut matalikon Porin edustalta ja rakentanut paikalle saaren pienell\u00e4 ruuhella tuoduista kivist\u00e4. Saarelle h\u00e4n oli rakentanut sitten my\u00f6s m\u00f6kkins\u00e4.<\/p>\n<p>N\u00e4ht\u00e4vyyksi\u00e4 ennen rantauduimme kuitenkin V\u00e4h\u00e4-Enskeriin ja k\u00e4vimme katselemassa saaren sis\u00e4osan pirunpeltoja \u2013 ei niin muinaisia rantoja. Palatessamme saarikierrokselta havaitsin yhden sinisen kajakin ajelehtivan kaukana sel\u00e4ll\u00e4. Kristian ei ollut vet\u00e4nytk\u00e4\u00e4n kajakkiaan kunnolla maihin. Niinp\u00e4 sain l\u00e4hte\u00e4 hakemaan h\u00e4nen kajakkiansa merelt\u00e4. Tapauksesta selvisimme kuin ihmeenkaupalla tappioitta. Edes kajakin kannelle kuivumaan j\u00e4tetyt melontatossut eiv\u00e4t olleet luiskahtaneet mereen.<\/p>\n<p>Retki onnistui mielest\u00e4ni ihan hyvin. Leiripaikkoja olin tiedustellut etuk\u00e4teen, mutta etenkin Ouran saaristosta olisi ollut hyv\u00e4 katsoa paikkoja enempi ennakkoon. Monet alueen saarista ovat eritt\u00e4in kivikkoisia ja hyvien telttapaikkojen l\u00f6ytyminen on todella vaikeaa. My\u00f6s vedet ovat hyvin kivikkoisia, matalia ja sokkeloisia. Aina ei voi olla varma kartan perusteella, mist\u00e4 p\u00e4\u00e4see menem\u00e4\u00e4n ja mist\u00e4 ei. Pohjakosketuksia saattoi saada ihan miss\u00e4 vaan. Kelitkin suosivat meit\u00e4 koko viikon ja tuulikaan ei noussut miss\u00e4\u00e4n vaiheessa liian kovaksi.<\/p>\n","protected":false},"excerpt":{"rendered":"<p>T\u00e4n\u00e4 kes\u00e4n\u00e4 vedin melontaseuralleni vajaan viikon melontaretken. Koska olin jonkun verran liikkunut Porin suunnalla Selk\u00e4meren kansallispuisto vaikutti luontevalta kohteelta. Apuvet\u00e4j\u00e4kseni l\u00e4hti Kristian, jonka kanssa olimme viime kes\u00e4n\u00e4 vet\u00e4neet&#8230;<\/p>\n","protected":false},"author":1,"featured_media":3630,"comment_status":"open","ping_status":"open","sticky":false,"template":"","format":"standard","meta":{"footnotes":""},"categories":[4,8,3],"tags":[],"_links":{"self":[{"href":"https:\/\/blogi.ennola.fi\/index.php?rest_route=\/wp\/v2\/posts\/3629"}],"collection":[{"href":"https:\/\/blogi.ennola.fi\/index.php?rest_route=\/wp\/v2\/posts"}],"about":[{"href":"https:\/\/blogi.ennola.fi\/index.php?rest_route=\/wp\/v2\/types\/post"}],"author":[{"embeddable":true,"href":"https:\/\/blogi.ennola.fi\/index.php?rest_route=\/wp\/v2\/users\/1"}],"replies":[{"embeddable":true,"href":"https:\/\/blogi.ennola.fi\/index.php?rest_route=%2Fwp%2Fv2%2Fcomments&post=3629"}],"version-history":[{"count":6,"href":"https:\/\/blogi.ennola.fi\/index.php?rest_route=\/wp\/v2\/posts\/3629\/revisions"}],"predecessor-version":[{"id":5217,"href":"https:\/\/blogi.ennola.fi\/index.php?rest_route=\/wp\/v2\/posts\/3629\/revisions\/5217"}],"wp:featuredmedia":[{"embeddable":true,"href":"https:\/\/blogi.ennola.fi\/index.php?rest_route=\/wp\/v2\/media\/3630"}],"wp:attachment":[{"href":"https:\/\/blogi.ennola.fi\/index.php?rest_route=%2Fwp%2Fv2%2Fmedia&parent=3629"}],"wp:term":[{"taxonomy":"category","embeddable":true,"href":"https:\/\/blogi.ennola.fi\/index.php?rest_route=%2Fwp%2Fv2%2Fcategories&post=3629"},{"taxonomy":"post_tag","embeddable":true,"href":"https:\/\/blogi.ennola.fi\/index.php?rest_route=%2Fwp%2Fv2%2Ftags&post=3629"}],"curies":[{"name":"wp","href":"https:\/\/api.w.org\/{rel}","templated":true}]}}