{"id":3675,"date":"2019-08-06T21:24:19","date_gmt":"2019-08-06T18:24:19","guid":{"rendered":"https:\/\/blogi.ennola.fi\/?p=3675"},"modified":"2020-06-07T22:12:00","modified_gmt":"2020-06-07T19:12:00","slug":"talvisia-kuvia-kesaisesta-lyngenista","status":"publish","type":"post","link":"https:\/\/blogi.ennola.fi\/?p=3675","title":{"rendered":"Talvisia kuvia kes\u00e4isest\u00e4 Lyngenist\u00e4."},"content":{"rendered":"<p>T\u00e4m\u00e4n vuoden Lyngenin kiipeilyreissu suuntautui J\u00e6gervasstindane-massiivin ymp\u00e4rist\u00f6\u00f6n. Paikan olimme valinneet sen mukaan, ett\u00e4 siell\u00e4 riitt\u00e4isi mielenkiintoisia huippuja kiivett\u00e4v\u00e4ksi koko viikoksi. Ajankohdaksi valikoitui hieman aiempaa aikaisempi kes\u00e4-hein\u00e4kuun vaihde. Perusleirin perustimme kuvankauniin Forrholtvatnet-j\u00e4rven rannalle.<\/p>\n<div id=\"attachment_3724\" style=\"width: 490px\" class=\"wp-caption aligncenter\"><a href=\"https:\/\/blogi.ennola.fi\/wp-content\/uploads\/2019\/07\/Lyngen_Panorama22a.jpg\" rel=\"lightbox[3675]\"><img loading=\"lazy\" decoding=\"async\" aria-describedby=\"caption-attachment-3724\" class=\"wp-image-3724 size-full\" title=\"Leiripaikalta l\u00e4nteen: Kronstadtinden, Ullstinden ja Selnes\u00e5sen.\" src=\"https:\/\/blogi.ennola.fi\/wp-content\/uploads\/2019\/07\/Lyngen_Panorama22b.jpg\" alt=\"\" width=\"480\" height=\"55\" srcset=\"https:\/\/blogi.ennola.fi\/wp-content\/uploads\/2019\/07\/Lyngen_Panorama22b.jpg 480w, https:\/\/blogi.ennola.fi\/wp-content\/uploads\/2019\/07\/Lyngen_Panorama22b-150x17.jpg 150w\" sizes=\"(max-width: 480px) 100vw, 480px\" \/><\/a><p id=\"caption-attachment-3724\" class=\"wp-caption-text\">Leiripaikalta l\u00e4nteen: Kronstadtinden, Ullstinden ja Selnes\u00e5sen.<\/p><\/div>\n<div id=\"attachment_3731\" style=\"width: 490px\" class=\"wp-caption aligncenter\"><a href=\"https:\/\/blogi.ennola.fi\/wp-content\/uploads\/2019\/07\/Lyngen_Panorama12a.jpg\" rel=\"lightbox[3675]\"><img loading=\"lazy\" decoding=\"async\" aria-describedby=\"caption-attachment-3731\" class=\"wp-image-3731 size-full\" title=\"Leiripaikan maisemia: J\u00e6gervasstindane, Trolltinden, G\u00e1rjelg\u00e1isi ja Forrholtvatnet.\" src=\"https:\/\/blogi.ennola.fi\/wp-content\/uploads\/2019\/07\/Lyngen_Panorama12a-1.jpg\" alt=\"\" width=\"480\" height=\"107\" srcset=\"https:\/\/blogi.ennola.fi\/wp-content\/uploads\/2019\/07\/Lyngen_Panorama12a-1.jpg 480w, https:\/\/blogi.ennola.fi\/wp-content\/uploads\/2019\/07\/Lyngen_Panorama12a-1-150x33.jpg 150w\" sizes=\"(max-width: 480px) 100vw, 480px\" \/><\/a><p id=\"caption-attachment-3731\" class=\"wp-caption-text\">Leiripaikan maisemia: J\u00e6gervasstindane, Trolltinden, G\u00e1rjelg\u00e1isi ja Forrholtvatnet.<\/p><\/div>\n<div id=\"attachment_3732\" style=\"width: 490px\" class=\"wp-caption aligncenter\"><a href=\"https:\/\/blogi.ennola.fi\/wp-content\/uploads\/2019\/07\/Lyngen_Panorama28a.jpg\" rel=\"lightbox[3675]\"><img loading=\"lazy\" decoding=\"async\" aria-describedby=\"caption-attachment-3732\" class=\"wp-image-3732 size-full\" title=\"Leiripaikan maisemia: Forrholtvatnet, J\u00e6gervasstindane, Trolltinden ja G\u00e1rjelg\u00e1isi.\" src=\"https:\/\/blogi.ennola.fi\/wp-content\/uploads\/2019\/07\/Lyngen_Panorama28a-1.jpg\" alt=\"\" width=\"480\" height=\"165\" srcset=\"https:\/\/blogi.ennola.fi\/wp-content\/uploads\/2019\/07\/Lyngen_Panorama28a-1.jpg 480w, https:\/\/blogi.ennola.fi\/wp-content\/uploads\/2019\/07\/Lyngen_Panorama28a-1-150x52.jpg 150w\" sizes=\"(max-width: 480px) 100vw, 480px\" \/><\/a><p id=\"caption-attachment-3732\" class=\"wp-caption-text\">Leiripaikan maisemia: Forrholtvatnet, J\u00e6gervasstindane, Trolltinden ja G\u00e1rjelg\u00e1isi.<\/p><\/div>\n<div id=\"attachment_3712\" style=\"width: 490px\" class=\"wp-caption aligncenter\"><a href=\"https:\/\/blogi.ennola.fi\/wp-content\/uploads\/2019\/07\/Lyngen_Panorama21a.jpg\" rel=\"lightbox[3675]\"><img loading=\"lazy\" decoding=\"async\" aria-describedby=\"caption-attachment-3712\" class=\"wp-image-3712 size-full\" title=\"Leiripaikan maisemia: Forrholtvatnet, J\u00e6gervasstindane, Trolltinden ja G\u00e1rjelg\u00e1isi.\" src=\"https:\/\/blogi.ennola.fi\/wp-content\/uploads\/2019\/07\/Lyngen_Panorama21a-1.jpg\" alt=\"\" width=\"480\" height=\"152\" srcset=\"https:\/\/blogi.ennola.fi\/wp-content\/uploads\/2019\/07\/Lyngen_Panorama21a-1.jpg 480w, https:\/\/blogi.ennola.fi\/wp-content\/uploads\/2019\/07\/Lyngen_Panorama21a-1-150x48.jpg 150w\" sizes=\"(max-width: 480px) 100vw, 480px\" \/><\/a><p id=\"caption-attachment-3712\" class=\"wp-caption-text\">Leiripaikan maisemia: Forrholtvatnet, J\u00e6gervasstindane, Trolltinden ja G\u00e1rjelg\u00e1isi.<\/p><\/div>\n<div id=\"attachment_3713\" style=\"width: 490px\" class=\"wp-caption aligncenter\"><a href=\"https:\/\/blogi.ennola.fi\/wp-content\/uploads\/2019\/07\/Lyngen_Panorama3f.jpg\" rel=\"lightbox[3675]\"><img loading=\"lazy\" decoding=\"async\" aria-describedby=\"caption-attachment-3713\" class=\"wp-image-3713 size-full\" title=\"Leiripaikan maisemia: Forrholtvatnet, J\u00e6gervasstindane, Trolltinden ja G\u00e1rjelg\u00e1isi.\" src=\"https:\/\/blogi.ennola.fi\/wp-content\/uploads\/2019\/07\/Lyngen_Panorama3f-1.jpg\" alt=\"\" width=\"480\" height=\"158\" srcset=\"https:\/\/blogi.ennola.fi\/wp-content\/uploads\/2019\/07\/Lyngen_Panorama3f-1.jpg 480w, https:\/\/blogi.ennola.fi\/wp-content\/uploads\/2019\/07\/Lyngen_Panorama3f-1-150x49.jpg 150w\" sizes=\"(max-width: 480px) 100vw, 480px\" \/><\/a><p id=\"caption-attachment-3713\" class=\"wp-caption-text\">Leiripaikan maisemia: Forrholtvatnet, J\u00e6gervasstindane, Trolltinden ja G\u00e1rjelg\u00e1isi.<\/p><\/div>\n<p>S\u00e4\u00e4t eiv\u00e4t suosineet retke\u00e4mme. S\u00e4\u00e4 oli jo saapuessamme hyvin kylm\u00e4 ja sateinen, jonka takia huipuille oli satanut runsaasti uutta lunta. Koko viikko oli varsin sateinen ja loppujen lopuksi viikkoon osui vain kolme hyv\u00e4\u00e4 s\u00e4\u00e4ikkunaa, jolloin kiipeily vuorille oli mahdollista. Aurinko paistoi l\u00e4pi vuorokauden ja s\u00e4\u00e4ikkunat osuivat melko sattumanvaraisesti eri vuorokauden aikoihin, joten vaelsimme vuorilla varsin satunnaisina vuorokauden aikoina, \u00f6isin enemm\u00e4n kuin p\u00e4ivisin.<\/p>\n<p>Runsas lumentulo toi vuorille vaikeasti ennakoitavan vaaran: lumivy\u00f6ryt ja irtolumi huippuharjanteilla, mitk\u00e4 johtivat siihen, ett\u00e4 emme varsinaisesti saaneet yht\u00e4\u00e4n vuorta huiputettua. Aivan Trolltindenin huipun tuntumaan p\u00e4\u00e4simme, mutta viimeiset parikymment\u00e4 korkeusmetri\u00e4 vaikuttivat sen verta hankalilta, ett\u00e4 varsinainen toppi j\u00e4i saavuttamatta.<\/p>\n<p>Valokuvauksen kannalta noi muutamat hyv\u00e4t hetket tarjosivat kuitenkin upeita hetki\u00e4. Uusi lumi peitti vuoret kauniiseen vaippaansa ja matalalta paistanut keskiy\u00f6n aurinko maalasi maiseman upeisiin v\u00e4reihin.<\/p>\n<div id=\"attachment_3725\" style=\"width: 490px\" class=\"wp-caption aligncenter\"><a href=\"https:\/\/blogi.ennola.fi\/wp-content\/uploads\/2019\/07\/Lyngen_Panorama15a.jpg\" rel=\"lightbox[3675]\"><img loading=\"lazy\" decoding=\"async\" aria-describedby=\"caption-attachment-3725\" class=\"wp-image-3725 size-full\" title=\"Litle J\u00e6gervasstindane ja Trolltinden.\" src=\"https:\/\/blogi.ennola.fi\/wp-content\/uploads\/2019\/07\/Lyngen_Panorama15a-1.jpg\" alt=\"\" width=\"480\" height=\"119\" srcset=\"https:\/\/blogi.ennola.fi\/wp-content\/uploads\/2019\/07\/Lyngen_Panorama15a-1.jpg 480w, https:\/\/blogi.ennola.fi\/wp-content\/uploads\/2019\/07\/Lyngen_Panorama15a-1-150x37.jpg 150w\" sizes=\"(max-width: 480px) 100vw, 480px\" \/><\/a><p id=\"caption-attachment-3725\" class=\"wp-caption-text\">Litle J\u00e6gervasstindane ja Trolltinden.<\/p><\/div>\n<div id=\"attachment_3726\" style=\"width: 490px\" class=\"wp-caption aligncenter\"><a href=\"https:\/\/blogi.ennola.fi\/wp-content\/uploads\/2019\/07\/Lyngen_Panorama23a.jpg\" rel=\"lightbox[3675]\"><img loading=\"lazy\" decoding=\"async\" aria-describedby=\"caption-attachment-3726\" class=\"wp-image-3726 size-full\" title=\"Trolltinden.\" src=\"https:\/\/blogi.ennola.fi\/wp-content\/uploads\/2019\/07\/Lyngen_Panorama23a-1.jpg\" alt=\"\" width=\"480\" height=\"126\" srcset=\"https:\/\/blogi.ennola.fi\/wp-content\/uploads\/2019\/07\/Lyngen_Panorama23a-1.jpg 480w, https:\/\/blogi.ennola.fi\/wp-content\/uploads\/2019\/07\/Lyngen_Panorama23a-1-150x39.jpg 150w\" sizes=\"(max-width: 480px) 100vw, 480px\" \/><\/a><p id=\"caption-attachment-3726\" class=\"wp-caption-text\">Trolltinden.<\/p><\/div>\n<div id=\"attachment_3727\" style=\"width: 490px\" class=\"wp-caption aligncenter\"><a href=\"https:\/\/blogi.ennola.fi\/wp-content\/uploads\/2019\/07\/Lyngen_Panorama4a.jpg\" rel=\"lightbox[3675]\"><img loading=\"lazy\" decoding=\"async\" aria-describedby=\"caption-attachment-3727\" class=\"wp-image-3727 size-full\" title=\"Trolltinden ja G\u00e1rjelg\u00e1isi, Litle J\u00e6gervasstindanen rinteelt\u00e4.\" src=\"https:\/\/blogi.ennola.fi\/wp-content\/uploads\/2019\/07\/Lyngen_Panorama4a-1.jpg\" alt=\"\" width=\"480\" height=\"194\" srcset=\"https:\/\/blogi.ennola.fi\/wp-content\/uploads\/2019\/07\/Lyngen_Panorama4a-1.jpg 480w, https:\/\/blogi.ennola.fi\/wp-content\/uploads\/2019\/07\/Lyngen_Panorama4a-1-150x61.jpg 150w\" sizes=\"(max-width: 480px) 100vw, 480px\" \/><\/a><p id=\"caption-attachment-3727\" class=\"wp-caption-text\">Trolltinden ja G\u00e1rjelg\u00e1isi, Litle J\u00e6gervasstindanen rinteelt\u00e4.<\/p><\/div>\n<div id=\"attachment_3728\" style=\"width: 490px\" class=\"wp-caption aligncenter\"><a href=\"https:\/\/blogi.ennola.fi\/wp-content\/uploads\/2019\/07\/Lyngen_Panorama9a.jpg\" rel=\"lightbox[3675]\"><img loading=\"lazy\" decoding=\"async\" aria-describedby=\"caption-attachment-3728\" class=\"wp-image-3728 size-full\" title=\"Trolltinden ja Ullsfjorden, Trollbreenilt\u00e4.\" src=\"https:\/\/blogi.ennola.fi\/wp-content\/uploads\/2019\/07\/Lyngen_Panorama9a-1.jpg\" alt=\"\" width=\"480\" height=\"122\" srcset=\"https:\/\/blogi.ennola.fi\/wp-content\/uploads\/2019\/07\/Lyngen_Panorama9a-1.jpg 480w, https:\/\/blogi.ennola.fi\/wp-content\/uploads\/2019\/07\/Lyngen_Panorama9a-1-150x38.jpg 150w\" sizes=\"(max-width: 480px) 100vw, 480px\" \/><\/a><p id=\"caption-attachment-3728\" class=\"wp-caption-text\">Trolltinden ja Ullsfjorden, Trollbreenilt\u00e4.<\/p><\/div>\n<div id=\"attachment_3729\" style=\"width: 490px\" class=\"wp-caption aligncenter\"><a href=\"https:\/\/blogi.ennola.fi\/wp-content\/uploads\/2019\/07\/Lyngen_Panorama18a.jpg\" rel=\"lightbox[3675]\"><img loading=\"lazy\" decoding=\"async\" aria-describedby=\"caption-attachment-3729\" class=\"wp-image-3729 size-full\" title=\"Trolltinden, Trolltindfoten ja Ullstinden.\" src=\"https:\/\/blogi.ennola.fi\/wp-content\/uploads\/2019\/07\/Lyngen_Panorama18a-1.jpg\" alt=\"Trolltinden ja Ullstinden.\" width=\"480\" height=\"141\" srcset=\"https:\/\/blogi.ennola.fi\/wp-content\/uploads\/2019\/07\/Lyngen_Panorama18a-1.jpg 480w, https:\/\/blogi.ennola.fi\/wp-content\/uploads\/2019\/07\/Lyngen_Panorama18a-1-150x44.jpg 150w\" sizes=\"(max-width: 480px) 100vw, 480px\" \/><\/a><p id=\"caption-attachment-3729\" class=\"wp-caption-text\">Trolltinden, Trolltindfoten ja Ullstinden.<\/p><\/div>\n<div id=\"attachment_3730\" style=\"width: 490px\" class=\"wp-caption aligncenter\"><a href=\"https:\/\/blogi.ennola.fi\/wp-content\/uploads\/2019\/07\/Lyngen_Panorama5a.jpg\" rel=\"lightbox[3675]\"><img loading=\"lazy\" decoding=\"async\" aria-describedby=\"caption-attachment-3730\" class=\"wp-image-3730 size-full\" title=\"Store J\u00e6gervasstindane, Trolltinden, G\u00e1rjelg\u00e1isi ja Ullsfjorden.\" src=\"https:\/\/blogi.ennola.fi\/wp-content\/uploads\/2019\/07\/Lyngen_Panorama5a-1.jpg\" alt=\"\" width=\"480\" height=\"118\" srcset=\"https:\/\/blogi.ennola.fi\/wp-content\/uploads\/2019\/07\/Lyngen_Panorama5a-1.jpg 480w, https:\/\/blogi.ennola.fi\/wp-content\/uploads\/2019\/07\/Lyngen_Panorama5a-1-150x37.jpg 150w\" sizes=\"(max-width: 480px) 100vw, 480px\" \/><\/a><p id=\"caption-attachment-3730\" class=\"wp-caption-text\">Store J\u00e6gervasstindane, Trolltinden, G\u00e1rjelg\u00e1isi ja Ullsfjorden.<\/p><\/div>\n<div id=\"attachment_3733\" style=\"width: 490px\" class=\"wp-caption aligncenter\"><a href=\"https:\/\/blogi.ennola.fi\/wp-content\/uploads\/2019\/07\/Lyngen_Panorama8a.jpg\" rel=\"lightbox[3675]\"><img loading=\"lazy\" decoding=\"async\" aria-describedby=\"caption-attachment-3733\" class=\"wp-image-3733 size-full\" title=\"Nimet\u00f6n j\u00e4\u00e4tikk\u00f6j\u00e4rvi, Trolltinden ja Forrholttinden.\" src=\"https:\/\/blogi.ennola.fi\/wp-content\/uploads\/2019\/07\/Lyngen_Panorama8a-1.jpg\" alt=\"\" width=\"480\" height=\"115\" srcset=\"https:\/\/blogi.ennola.fi\/wp-content\/uploads\/2019\/07\/Lyngen_Panorama8a-1.jpg 480w, https:\/\/blogi.ennola.fi\/wp-content\/uploads\/2019\/07\/Lyngen_Panorama8a-1-150x36.jpg 150w\" sizes=\"(max-width: 480px) 100vw, 480px\" \/><\/a><p id=\"caption-attachment-3733\" class=\"wp-caption-text\">Nimet\u00f6n j\u00e4\u00e4tikk\u00f6j\u00e4rvi, Trolltinden ja Forrholttinden.<\/p><\/div>\n<div id=\"attachment_3714\" style=\"width: 490px\" class=\"wp-caption aligncenter\"><a href=\"https:\/\/blogi.ennola.fi\/wp-content\/uploads\/2019\/07\/Lyngen_Panorama14a.jpg\" rel=\"lightbox[3675]\"><img loading=\"lazy\" decoding=\"async\" aria-describedby=\"caption-attachment-3714\" class=\"wp-image-3714 size-full\" title=\"Ullsfjorden ja Trolltinden.\" src=\"https:\/\/blogi.ennola.fi\/wp-content\/uploads\/2019\/07\/Lyngen_Panorama14a-1.jpg\" alt=\"\" width=\"480\" height=\"181\" srcset=\"https:\/\/blogi.ennola.fi\/wp-content\/uploads\/2019\/07\/Lyngen_Panorama14a-1.jpg 480w, https:\/\/blogi.ennola.fi\/wp-content\/uploads\/2019\/07\/Lyngen_Panorama14a-1-150x57.jpg 150w\" sizes=\"(max-width: 480px) 100vw, 480px\" \/><\/a><p id=\"caption-attachment-3714\" class=\"wp-caption-text\">Ullsfjorden ja Trolltinden.<\/p><\/div>\n<div id=\"attachment_3715\" style=\"width: 490px\" class=\"wp-caption aligncenter\"><a href=\"https:\/\/blogi.ennola.fi\/wp-content\/uploads\/2019\/07\/Lyngen_Panorama7h.jpg\" rel=\"lightbox[3675]\"><img loading=\"lazy\" decoding=\"async\" aria-describedby=\"caption-attachment-3715\" class=\"wp-image-3715 size-full\" title=\"Stortiddalbreen, Trolltinden, Lenangstinden, Taffeltinden ja Forrholttinden.\" src=\"https:\/\/blogi.ennola.fi\/wp-content\/uploads\/2019\/07\/Lyngen_Panorama7h-1.jpg\" alt=\"\" width=\"480\" height=\"151\" srcset=\"https:\/\/blogi.ennola.fi\/wp-content\/uploads\/2019\/07\/Lyngen_Panorama7h-1.jpg 480w, https:\/\/blogi.ennola.fi\/wp-content\/uploads\/2019\/07\/Lyngen_Panorama7h-1-150x47.jpg 150w\" sizes=\"(max-width: 480px) 100vw, 480px\" \/><\/a><p id=\"caption-attachment-3715\" class=\"wp-caption-text\">Stortiddalbreen, Trolltinden, Lenangstinden, Taffeltinden ja Forrholttinden.<\/p><\/div>\n<div id=\"attachment_3716\" style=\"width: 490px\" class=\"wp-caption aligncenter\"><a href=\"https:\/\/blogi.ennola.fi\/wp-content\/uploads\/2019\/07\/Lyngen_Panorama10a.jpg\" rel=\"lightbox[3675]\"><img loading=\"lazy\" decoding=\"async\" aria-describedby=\"caption-attachment-3716\" class=\"wp-image-3716 size-full\" title=\"G\u00e1rjelg\u00e1isi, Ullstinden ja Ullsfjorden.\" src=\"https:\/\/blogi.ennola.fi\/wp-content\/uploads\/2019\/07\/Lyngen_Panorama10a-1.jpg\" alt=\"\" width=\"480\" height=\"103\" srcset=\"https:\/\/blogi.ennola.fi\/wp-content\/uploads\/2019\/07\/Lyngen_Panorama10a-1.jpg 480w, https:\/\/blogi.ennola.fi\/wp-content\/uploads\/2019\/07\/Lyngen_Panorama10a-1-150x32.jpg 150w\" sizes=\"(max-width: 480px) 100vw, 480px\" \/><\/a><p id=\"caption-attachment-3716\" class=\"wp-caption-text\">G\u00e1rjelg\u00e1isi, Ullstinden ja Ullsfjorden.<\/p><\/div>\n<div id=\"attachment_3717\" style=\"width: 490px\" class=\"wp-caption aligncenter\"><a href=\"https:\/\/blogi.ennola.fi\/wp-content\/uploads\/2019\/07\/Lyngen_Panorama19a.jpg\" rel=\"lightbox[3675]\"><img loading=\"lazy\" decoding=\"async\" aria-describedby=\"caption-attachment-3717\" class=\"wp-image-3717 size-full\" title=\"Stortiddalbreen, Store J\u00e6gervasstindane, Lenangstinden, Taffeltinden, Tvillnigstinden ja Forrholttinden.\" src=\"https:\/\/blogi.ennola.fi\/wp-content\/uploads\/2019\/07\/Lyngen_Panorama19a-1.jpg\" alt=\"\" width=\"480\" height=\"93\" srcset=\"https:\/\/blogi.ennola.fi\/wp-content\/uploads\/2019\/07\/Lyngen_Panorama19a-1.jpg 480w, https:\/\/blogi.ennola.fi\/wp-content\/uploads\/2019\/07\/Lyngen_Panorama19a-1-150x29.jpg 150w\" sizes=\"(max-width: 480px) 100vw, 480px\" \/><\/a><p id=\"caption-attachment-3717\" class=\"wp-caption-text\">Stortiddalbreen, Store J\u00e6gervasstindane, Lenangstinden, Taffeltinden, Tvillnigstinden ja Forrholttinden.<\/p><\/div>\n<div id=\"attachment_3718\" style=\"width: 490px\" class=\"wp-caption aligncenter\"><a href=\"https:\/\/blogi.ennola.fi\/wp-content\/uploads\/2019\/07\/Lyngen_Panorama6e.jpg\" rel=\"lightbox[3675]\"><img loading=\"lazy\" decoding=\"async\" aria-describedby=\"caption-attachment-3718\" class=\"wp-image-3718 size-full\" title=\"Trolltinden, Store J\u00e6gervasstindane ja Lenangstinden.\" src=\"https:\/\/blogi.ennola.fi\/wp-content\/uploads\/2019\/07\/Lyngen_Panorama6e-1.jpg\" alt=\"\" width=\"480\" height=\"126\" srcset=\"https:\/\/blogi.ennola.fi\/wp-content\/uploads\/2019\/07\/Lyngen_Panorama6e-1.jpg 480w, https:\/\/blogi.ennola.fi\/wp-content\/uploads\/2019\/07\/Lyngen_Panorama6e-1-150x39.jpg 150w\" sizes=\"(max-width: 480px) 100vw, 480px\" \/><\/a><p id=\"caption-attachment-3718\" class=\"wp-caption-text\">Trolltinden, Store J\u00e6gervasstindane ja Lenangstinden.<\/p><\/div>\n<div id=\"attachment_3719\" style=\"width: 490px\" class=\"wp-caption aligncenter\"><a href=\"https:\/\/blogi.ennola.fi\/wp-content\/uploads\/2019\/07\/Lyngen_Panorama1d.jpg\" rel=\"lightbox[3675]\"><img loading=\"lazy\" decoding=\"async\" aria-describedby=\"caption-attachment-3719\" class=\"wp-image-3719 size-full\" title=\"Ullsfjorden, Trolltinden, Store J\u00e6gervasstindane ja Lenangstinden.\" src=\"https:\/\/blogi.ennola.fi\/wp-content\/uploads\/2019\/07\/Lyngen_Panorama1d-1.jpg\" alt=\"\" width=\"480\" height=\"108\" srcset=\"https:\/\/blogi.ennola.fi\/wp-content\/uploads\/2019\/07\/Lyngen_Panorama1d-1.jpg 480w, https:\/\/blogi.ennola.fi\/wp-content\/uploads\/2019\/07\/Lyngen_Panorama1d-1-150x34.jpg 150w\" sizes=\"(max-width: 480px) 100vw, 480px\" \/><\/a><p id=\"caption-attachment-3719\" class=\"wp-caption-text\">Ullsfjorden, Trolltinden, Store J\u00e6gervasstindane ja Lenangstinden.<\/p><\/div>\n<div id=\"attachment_3720\" style=\"width: 490px\" class=\"wp-caption aligncenter\"><a href=\"https:\/\/blogi.ennola.fi\/wp-content\/uploads\/2019\/07\/Lyngen_Panorama26a.jpg\" rel=\"lightbox[3675]\"><img loading=\"lazy\" decoding=\"async\" aria-describedby=\"caption-attachment-3720\" class=\"wp-image-3720 size-full\" title=\"Lenangstinden, Taffeltinden, Stortiddalbreen ja Tvillnigstinden, Trolltindenin rinteelt\u00e4.\" src=\"https:\/\/blogi.ennola.fi\/wp-content\/uploads\/2019\/07\/Lyngen_Panorama26a-1.jpg\" alt=\"\" width=\"480\" height=\"95\" srcset=\"https:\/\/blogi.ennola.fi\/wp-content\/uploads\/2019\/07\/Lyngen_Panorama26a-1.jpg 480w, https:\/\/blogi.ennola.fi\/wp-content\/uploads\/2019\/07\/Lyngen_Panorama26a-1-150x30.jpg 150w\" sizes=\"(max-width: 480px) 100vw, 480px\" \/><\/a><p id=\"caption-attachment-3720\" class=\"wp-caption-text\">Lenangstinden, Taffeltinden, Stortiddalbreen ja Tvillnigstinden, Trolltindenin rinteelt\u00e4.<\/p><\/div>\n<div id=\"attachment_3721\" style=\"width: 490px\" class=\"wp-caption aligncenter\"><a href=\"https:\/\/blogi.ennola.fi\/wp-content\/uploads\/2019\/07\/Lyngen_Panorama20b.jpg\" rel=\"lightbox[3675]\"><img loading=\"lazy\" decoding=\"async\" aria-describedby=\"caption-attachment-3721\" class=\"wp-image-3721 size-full\" title=\"Tvillnigstinden, Forrholttinden, Isskardtindane ja G\u00e1rjelg\u00e1isi, Trolltindenin huipun tuntumasta.\" src=\"https:\/\/blogi.ennola.fi\/wp-content\/uploads\/2019\/07\/Lyngen_Panorama20a.jpg\" alt=\"\" width=\"480\" height=\"177\" srcset=\"https:\/\/blogi.ennola.fi\/wp-content\/uploads\/2019\/07\/Lyngen_Panorama20a.jpg 480w, https:\/\/blogi.ennola.fi\/wp-content\/uploads\/2019\/07\/Lyngen_Panorama20a-150x55.jpg 150w\" sizes=\"(max-width: 480px) 100vw, 480px\" \/><\/a><p id=\"caption-attachment-3721\" class=\"wp-caption-text\">Tvillnigstinden, Forrholttinden, Isskardtindane ja G\u00e1rjelg\u00e1isi, Trolltindenin huipun tuntumasta.<\/p><\/div>\n<div id=\"attachment_3722\" style=\"width: 490px\" class=\"wp-caption aligncenter\"><a href=\"https:\/\/blogi.ennola.fi\/wp-content\/uploads\/2019\/07\/Lyngen_Panorama11a.jpg\" rel=\"lightbox[3675]\"><img loading=\"lazy\" decoding=\"async\" aria-describedby=\"caption-attachment-3722\" class=\"wp-image-3722 size-full\" title=\"G\u00e1rjelg\u00e1isi ja Trolltindenin huippu.\" src=\"https:\/\/blogi.ennola.fi\/wp-content\/uploads\/2019\/07\/Lyngen_Panorama11a-1.jpg\" alt=\"\" width=\"480\" height=\"105\" srcset=\"https:\/\/blogi.ennola.fi\/wp-content\/uploads\/2019\/07\/Lyngen_Panorama11a-1.jpg 480w, https:\/\/blogi.ennola.fi\/wp-content\/uploads\/2019\/07\/Lyngen_Panorama11a-1-150x33.jpg 150w\" sizes=\"(max-width: 480px) 100vw, 480px\" \/><\/a><p id=\"caption-attachment-3722\" class=\"wp-caption-text\">G\u00e1rjelg\u00e1isi ja Trolltindenin huippu.<\/p><\/div>\n<div id=\"attachment_3723\" style=\"width: 490px\" class=\"wp-caption aligncenter\"><a href=\"https:\/\/blogi.ennola.fi\/wp-content\/uploads\/2019\/07\/Lyngen_Panorama25a.jpg\" rel=\"lightbox[3675]\"><img loading=\"lazy\" decoding=\"async\" aria-describedby=\"caption-attachment-3723\" class=\"wp-image-3723 size-full\" title=\" Lenangstinden, Taffeltinden, Stortiddalbreen, Tvillnigstinden, Forrholttinden ja G\u00e1rjelg\u00e1isi.\" src=\"https:\/\/blogi.ennola.fi\/wp-content\/uploads\/2019\/07\/Lyngen_Panorama25a-1.jpg\" alt=\"\" width=\"480\" height=\"82\" srcset=\"https:\/\/blogi.ennola.fi\/wp-content\/uploads\/2019\/07\/Lyngen_Panorama25a-1.jpg 480w, https:\/\/blogi.ennola.fi\/wp-content\/uploads\/2019\/07\/Lyngen_Panorama25a-1-150x26.jpg 150w\" sizes=\"(max-width: 480px) 100vw, 480px\" \/><\/a><p id=\"caption-attachment-3723\" class=\"wp-caption-text\">Lenangstinden, Taffeltinden, Stortiddalbreen, Tvillnigstinden, Forrholttinden ja G\u00e1rjelg\u00e1isi.<\/p><\/div>\n<div id=\"attachment_3705\" style=\"width: 490px\" class=\"wp-caption aligncenter\"><a href=\"https:\/\/blogi.ennola.fi\/wp-content\/uploads\/2019\/07\/Lyngen_Panorama24a.jpg\" rel=\"lightbox[3675]\"><img loading=\"lazy\" decoding=\"async\" aria-describedby=\"caption-attachment-3705\" class=\"wp-image-3705 size-full\" title=\"Forrholttinden, G\u00e1rjelg\u00e1isi ja Ullsfjord.\" src=\"https:\/\/blogi.ennola.fi\/wp-content\/uploads\/2019\/07\/Lyngen_Panorama24a-1.jpg\" alt=\"\" width=\"480\" height=\"138\" srcset=\"https:\/\/blogi.ennola.fi\/wp-content\/uploads\/2019\/07\/Lyngen_Panorama24a-1.jpg 480w, https:\/\/blogi.ennola.fi\/wp-content\/uploads\/2019\/07\/Lyngen_Panorama24a-1-150x43.jpg 150w\" sizes=\"(max-width: 480px) 100vw, 480px\" \/><\/a><p id=\"caption-attachment-3705\" class=\"wp-caption-text\">Forrholttinden, G\u00e1rjelg\u00e1isi ja Ullsfjord.<\/p><\/div>\n<div id=\"attachment_3707\" style=\"width: 490px\" class=\"wp-caption aligncenter\"><a href=\"https:\/\/blogi.ennola.fi\/wp-content\/uploads\/2019\/07\/Lyngen_Panorama17a.jpg\" rel=\"lightbox[3675]\"><img loading=\"lazy\" decoding=\"async\" aria-describedby=\"caption-attachment-3707\" class=\"wp-image-3707 size-full\" title=\"Litle J\u00e6gervasstindane ja Trollbreenin reunamoreeneja.\" src=\"https:\/\/blogi.ennola.fi\/wp-content\/uploads\/2019\/07\/Lyngen_Panorama17a-1.jpg\" alt=\"\" width=\"480\" height=\"135\" srcset=\"https:\/\/blogi.ennola.fi\/wp-content\/uploads\/2019\/07\/Lyngen_Panorama17a-1.jpg 480w, https:\/\/blogi.ennola.fi\/wp-content\/uploads\/2019\/07\/Lyngen_Panorama17a-1-150x42.jpg 150w\" sizes=\"(max-width: 480px) 100vw, 480px\" \/><\/a><p id=\"caption-attachment-3707\" class=\"wp-caption-text\">Litle J\u00e6gervasstindane ja Trollbreenin reunamoreeneja.<\/p><\/div>\n<div id=\"attachment_3706\" style=\"width: 490px\" class=\"wp-caption aligncenter\"><a href=\"https:\/\/blogi.ennola.fi\/wp-content\/uploads\/2019\/07\/Lyngen_Panorama27a.jpg\" rel=\"lightbox[3675]\"><img loading=\"lazy\" decoding=\"async\" aria-describedby=\"caption-attachment-3706\" class=\"wp-image-3706 size-full\" title=\"Trolltindfoten ja Bl\u00e5vannveggen.\" src=\"https:\/\/blogi.ennola.fi\/wp-content\/uploads\/2019\/07\/Lyngen_Panorama27a-1.jpg\" alt=\"\" width=\"480\" height=\"190\" srcset=\"https:\/\/blogi.ennola.fi\/wp-content\/uploads\/2019\/07\/Lyngen_Panorama27a-1.jpg 480w, https:\/\/blogi.ennola.fi\/wp-content\/uploads\/2019\/07\/Lyngen_Panorama27a-1-150x59.jpg 150w\" sizes=\"(max-width: 480px) 100vw, 480px\" \/><\/a><p id=\"caption-attachment-3706\" class=\"wp-caption-text\">Trolltindfoten ja Bl\u00e5vannveggen.<\/p><\/div>\n<div id=\"attachment_3708\" style=\"width: 490px\" class=\"wp-caption aligncenter\"><a href=\"https:\/\/blogi.ennola.fi\/wp-content\/uploads\/2019\/07\/Lyngen_Panorama16a.jpg\" rel=\"lightbox[3675]\"><img loading=\"lazy\" decoding=\"async\" aria-describedby=\"caption-attachment-3708\" class=\"wp-image-3708 size-full\" title=\"Forrholtvatnet, J\u00e6gervasstindane ja Trolltinden.\" src=\"https:\/\/blogi.ennola.fi\/wp-content\/uploads\/2019\/07\/Lyngen_Panorama16a-1.jpg\" alt=\"\" width=\"480\" height=\"183\" srcset=\"https:\/\/blogi.ennola.fi\/wp-content\/uploads\/2019\/07\/Lyngen_Panorama16a-1.jpg 480w, https:\/\/blogi.ennola.fi\/wp-content\/uploads\/2019\/07\/Lyngen_Panorama16a-1-150x57.jpg 150w\" sizes=\"(max-width: 480px) 100vw, 480px\" \/><\/a><p id=\"caption-attachment-3708\" class=\"wp-caption-text\">Forrholtvatnet, J\u00e6gervasstindane ja Trolltinden.<\/p><\/div>\n<div id=\"attachment_3709\" style=\"width: 490px\" class=\"wp-caption aligncenter\"><a href=\"https:\/\/blogi.ennola.fi\/wp-content\/uploads\/2019\/07\/Lyngen_Panorama29a.jpg\" rel=\"lightbox[3675]\"><img loading=\"lazy\" decoding=\"async\" aria-describedby=\"caption-attachment-3709\" class=\"wp-image-3709 size-full\" title=\"Ullsfjorden, Steinfjellet, J\u00e6gervasstindane, Trolltinden ja Forrholtvatnet.\" src=\"https:\/\/blogi.ennola.fi\/wp-content\/uploads\/2019\/07\/Lyngen_Panorama29a-1.jpg\" alt=\"\" width=\"480\" height=\"173\" srcset=\"https:\/\/blogi.ennola.fi\/wp-content\/uploads\/2019\/07\/Lyngen_Panorama29a-1.jpg 480w, https:\/\/blogi.ennola.fi\/wp-content\/uploads\/2019\/07\/Lyngen_Panorama29a-1-150x54.jpg 150w\" sizes=\"(max-width: 480px) 100vw, 480px\" \/><\/a><p id=\"caption-attachment-3709\" class=\"wp-caption-text\">Ullsfjorden, Steinfjellet, J\u00e6gervasstindane, Trolltinden ja Forrholtvatnet.<\/p><\/div>\n<div id=\"attachment_3710\" style=\"width: 490px\" class=\"wp-caption aligncenter\"><a href=\"https:\/\/blogi.ennola.fi\/wp-content\/uploads\/2019\/07\/Lyngen_Panorama2e.jpg\" rel=\"lightbox[3675]\"><img loading=\"lazy\" decoding=\"async\" aria-describedby=\"caption-attachment-3710\" class=\"wp-image-3710 size-full\" title=\"Ullstinden, Ullsfjorden, J\u00e6gervasstindane, Trolltinden ja Forrholtvatnet.\" src=\"https:\/\/blogi.ennola.fi\/wp-content\/uploads\/2019\/07\/Lyngen_Panorama2e-1.jpg\" alt=\"\" width=\"480\" height=\"204\" srcset=\"https:\/\/blogi.ennola.fi\/wp-content\/uploads\/2019\/07\/Lyngen_Panorama2e-1.jpg 480w, https:\/\/blogi.ennola.fi\/wp-content\/uploads\/2019\/07\/Lyngen_Panorama2e-1-150x64.jpg 150w\" sizes=\"(max-width: 480px) 100vw, 480px\" \/><\/a><p id=\"caption-attachment-3710\" class=\"wp-caption-text\">Ullstinden, Ullsfjorden, J\u00e6gervasstindane, Trolltinden ja Forrholtvatnet.<\/p><\/div>\n<div id=\"attachment_3711\" style=\"width: 490px\" class=\"wp-caption aligncenter\"><a href=\"https:\/\/blogi.ennola.fi\/wp-content\/uploads\/2019\/07\/Lyngen_Panorama13a.jpg\" rel=\"lightbox[3675]\"><img loading=\"lazy\" decoding=\"async\" aria-describedby=\"caption-attachment-3711\" class=\"wp-image-3711 size-full\" title=\"Steinfjellet, J\u00e6gervasstindane, Trolltinden, G\u00e1rjelg\u00e1isin harjanne ja Isskardtindane.\" src=\"https:\/\/blogi.ennola.fi\/wp-content\/uploads\/2019\/07\/Lyngen_Panorama13a-1.jpg\" alt=\"\" width=\"480\" height=\"139\" srcset=\"https:\/\/blogi.ennola.fi\/wp-content\/uploads\/2019\/07\/Lyngen_Panorama13a-1.jpg 480w, https:\/\/blogi.ennola.fi\/wp-content\/uploads\/2019\/07\/Lyngen_Panorama13a-1-150x43.jpg 150w\" sizes=\"(max-width: 480px) 100vw, 480px\" \/><\/a><p id=\"caption-attachment-3711\" class=\"wp-caption-text\">Steinfjellet, J\u00e6gervasstindane, Trolltinden, G\u00e1rjelg\u00e1isin harjanne ja Isskardtindane.<\/p><\/div>\n<div class=\"mceTemp\"><\/div>\n<p>&nbsp;<\/p>\n","protected":false},"excerpt":{"rendered":"<p>T\u00e4m\u00e4n vuoden Lyngenin kiipeilyreissu suuntautui J\u00e6gervasstindane-massiivin ymp\u00e4rist\u00f6\u00f6n. Paikan olimme valinneet sen mukaan, ett\u00e4 siell\u00e4 riitt\u00e4isi mielenkiintoisia huippuja kiivett\u00e4v\u00e4ksi koko viikoksi. Ajankohdaksi valikoitui hieman aiempaa aikaisempi kes\u00e4-hein\u00e4kuun vaihde. Perusleirin&#8230;<\/p>\n","protected":false},"author":1,"featured_media":3698,"comment_status":"open","ping_status":"open","sticky":false,"template":"","format":"standard","meta":{"footnotes":""},"categories":[4],"tags":[],"_links":{"self":[{"href":"https:\/\/blogi.ennola.fi\/index.php?rest_route=\/wp\/v2\/posts\/3675"}],"collection":[{"href":"https:\/\/blogi.ennola.fi\/index.php?rest_route=\/wp\/v2\/posts"}],"about":[{"href":"https:\/\/blogi.ennola.fi\/index.php?rest_route=\/wp\/v2\/types\/post"}],"author":[{"embeddable":true,"href":"https:\/\/blogi.ennola.fi\/index.php?rest_route=\/wp\/v2\/users\/1"}],"replies":[{"embeddable":true,"href":"https:\/\/blogi.ennola.fi\/index.php?rest_route=%2Fwp%2Fv2%2Fcomments&post=3675"}],"version-history":[{"count":19,"href":"https:\/\/blogi.ennola.fi\/index.php?rest_route=\/wp\/v2\/posts\/3675\/revisions"}],"predecessor-version":[{"id":5020,"href":"https:\/\/blogi.ennola.fi\/index.php?rest_route=\/wp\/v2\/posts\/3675\/revisions\/5020"}],"wp:featuredmedia":[{"embeddable":true,"href":"https:\/\/blogi.ennola.fi\/index.php?rest_route=\/wp\/v2\/media\/3698"}],"wp:attachment":[{"href":"https:\/\/blogi.ennola.fi\/index.php?rest_route=%2Fwp%2Fv2%2Fmedia&parent=3675"}],"wp:term":[{"taxonomy":"category","embeddable":true,"href":"https:\/\/blogi.ennola.fi\/index.php?rest_route=%2Fwp%2Fv2%2Fcategories&post=3675"},{"taxonomy":"post_tag","embeddable":true,"href":"https:\/\/blogi.ennola.fi\/index.php?rest_route=%2Fwp%2Fv2%2Ftags&post=3675"}],"curies":[{"name":"wp","href":"https:\/\/api.w.org\/{rel}","templated":true}]}}