{"id":3762,"date":"2019-09-17T22:17:04","date_gmt":"2019-09-17T19:17:04","guid":{"rendered":"https:\/\/blogi.ennola.fi\/?p=3762"},"modified":"2020-07-11T20:51:12","modified_gmt":"2020-07-11T17:51:12","slug":"talvikiipeilya-lyngenin-kesassa","status":"publish","type":"post","link":"https:\/\/blogi.ennola.fi\/?p=3762","title":{"rendered":"Talvikiipeily\u00e4 Lyngenin kes\u00e4ss\u00e4"},"content":{"rendered":"<p>Periaatteessa se olisi pit\u00e4nyt tiet\u00e4\u00e4. S\u00e4\u00e4ennusteet olivat luvanneet kylm\u00e4\u00e4 keli\u00e4. Kuitenkin se yll\u00e4tti, kun Kilpisj\u00e4rvell\u00e4 kes\u00e4kuun lopulla oli l\u00e4mp\u00f6tila vain muutaman asteen plussalla. Siit\u00e4 kun laskeuduttiin J\u00e4\u00e4meren rantaan, s\u00e4\u00e4 vain kylmeni: l\u00e4mp\u00f6\u00e4 oli en\u00e4\u00e4 pari astetta. Vuorten huiput olivat uuden lumen peitossa 600-800 metrin korkeudelta yl\u00f6sp\u00e4in. Talviset ja sateiset olosuhteet m\u00e4\u00e4rittiv\u00e4tkin vahvasti t\u00e4m\u00e4n vuoden Lyngenin kiipeilyreissun vaiheita.<\/p>\n<p>Suunnitelma oli yksinkertainen: leiri teht\u00e4isiin Forrholtvatnet nimisen j\u00e4\u00e4tikk\u00f6j\u00e4rven rantaan ja siit\u00e4 tekisimme retki\u00e4 l\u00e4hiseudun vuorenhuipuille. S\u00e4\u00e4n salliessa olisimme tehneet 1-2 y\u00f6n vuorivaelluksen kauemmille huipuille, mutta siihen ei t\u00e4ll\u00e4 kertaa tullut mahdollisuutta. Samalta paikalta l\u00f6ytyisi tekemist\u00e4 kyll\u00e4 koko viikoksi.<\/p>\n<h2>L\u00e4hestymismarssi<\/h2>\n<p>Saapuessamme parkkipaikalle satoi melko reippaasti, joten l\u00e4hdimme etsim\u00e4\u00e4n sateen suojaa varusteiden pakkaamista varten. Yleis\u00f6lle avoin kotapaikka l\u00f6ytyikin l\u00e4heisen kyl\u00e4n rannasta, mihin pelastauduimme vaihtamaan matkavaatteita ja pakkaamaan reppumme. Pakatut reput mukanamme ajoimme uudestaan parkkipaikalle samalla, kun sadekin hieman alkoi hellitt\u00e4\u00e4.<\/p>\n<div id=\"attachment_3804\" style=\"width: 460px\" class=\"wp-caption aligncenter\"><a href=\"https:\/\/blogi.ennola.fi\/wp-content\/uploads\/2019\/08\/20190629_214347.jpg\" rel=\"lightbox[3762]\"><img loading=\"lazy\" decoding=\"async\" aria-describedby=\"caption-attachment-3804\" class=\"wp-image-3804 size-full\" title=\"Kohti lumisia vuoria.\" src=\"https:\/\/blogi.ennola.fi\/wp-content\/uploads\/2019\/08\/20190629_214347-1.jpg\" alt=\"\" width=\"450\" height=\"338\" srcset=\"https:\/\/blogi.ennola.fi\/wp-content\/uploads\/2019\/08\/20190629_214347-1.jpg 450w, https:\/\/blogi.ennola.fi\/wp-content\/uploads\/2019\/08\/20190629_214347-1-150x113.jpg 150w\" sizes=\"(max-width: 450px) 100vw, 450px\" \/><\/a><p id=\"caption-attachment-3804\" class=\"wp-caption-text\">Kohti lumisia vuoria.<\/p><\/div>\n<p>Parkkipaikalta l\u00e4hdimme seuraamaan tiet\u00e4 l\u00e4heisille m\u00f6keille. Pikkasen ennen tien p\u00e4\u00e4t\u00e4 viitta osoittaa jonkun oikealta vaikuttavan polun k\u00e4\u00e4ntyv\u00e4n tielt\u00e4 l\u00e4heisen m\u00f6kin pihan l\u00e4pi rantaan. Kartan mukaan polun pit\u00e4isi l\u00e4hte\u00e4 vasta tien p\u00e4\u00e4st\u00e4 ja kulkea ylemp\u00e4n\u00e4 rinteess\u00e4. P\u00e4\u00e4tin uskoa karttaa, mutta melko pian tien p\u00e4\u00e4ttymisen j\u00e4lkeen polku h\u00e4vi\u00e4\u00e4 ja suuntamme j\u00e4rven rantaan, miss\u00e4 oikea polku menee.<\/p>\n<p>Seurasimme polkua paikallisen turistiyhdistyksen majalle, mist\u00e4 olisi pit\u00e4nyt l\u00f6yty\u00e4 polku yl\u00f6s vuorelle. L\u00e4hdimme seuraamaan yht\u00e4 pihasta oikeaan suuntaan kulkevaa polkua, mutta se h\u00e4visi maastoon melko pian, joten jatkoimme oikeaan suuntaan ilman polun opastusta. Ylemp\u00e4n\u00e4 tihe\u00e4 koivumets\u00e4 muuttui kivikoksi ja etenimme melko varovasti sateen liukastamaa kivikkoa yl\u00f6s leiriimme. Kivikon keskelt\u00e4 koetin l\u00f6yt\u00e4\u00e4 helpompia reittej\u00e4 mutta turhaan.<\/p>\n<div id=\"attachment_3798\" style=\"width: 309px\" class=\"wp-caption aligncenter\"><img loading=\"lazy\" decoding=\"async\" aria-describedby=\"caption-attachment-3798\" class=\"wp-image-3798 size-full\" title=\"Reitti parkkipaikalta leiriin.\" src=\"https:\/\/blogi.ennola.fi\/wp-content\/uploads\/2019\/08\/norgeskart_4-1.jpg\" alt=\"\" width=\"299\" height=\"420\" srcset=\"https:\/\/blogi.ennola.fi\/wp-content\/uploads\/2019\/08\/norgeskart_4-1.jpg 299w, https:\/\/blogi.ennola.fi\/wp-content\/uploads\/2019\/08\/norgeskart_4-1-107x150.jpg 107w, https:\/\/blogi.ennola.fi\/wp-content\/uploads\/2019\/08\/norgeskart_4-1-285x400.jpg 285w\" sizes=\"(max-width: 299px) 100vw, 299px\" \/><p id=\"caption-attachment-3798\" class=\"wp-caption-text\">Reitti parkkipaikalta leiriin.<\/p><\/div>\n<p>Reissun j\u00e4lkeen palasimme l\u00e4hes samaa tiet\u00e4 takaisin. T\u00e4ll\u00e4 kertaa poikkesimme ilmeisestikin yksityisen henkil\u00f6n omistamalle avoimelle autiotuvalle. Hirve\u00e4n suosittu tupa ei ole ollut, kun vieraskirjan virkaa toimittanut vihko ulottui 1990-luvulle. Mutta hieno perinne n\u00e4m\u00e4 yksityiset autiotuvat ovat, Suomessa ne eiv\u00e4t olisi mahdollisia. Polkua tuvalta turistiyhdistyksen majalle emme taaskaan l\u00f6yt\u00e4neet, vaikka nyt yritimmekin toisesta suunnasta.<\/p>\n<p>Matkaa kertyi noin 5 km suuntaansa ja kummallakin kerralla aikaa kului per\u00e4ti 3 tuntia.<\/p>\n<h2>Leiriel\u00e4m\u00e4<\/h2>\n<p>Leiri perustettiin kuvan kauniin Forrholtvatnetin ja toisen lammen v\u00e4liselle kankaalle. J\u00e4rve\u00e4 kehystiv\u00e4t kaikki ne vuoret, joille olimme suunnitelleet kiipe\u00e4v\u00e4mme: J\u00e6gervasstindane, Trolltinden ja G\u00e1rjelg\u00e1isi. Koskelot k\u00e4viv\u00e4t j\u00e4rvell\u00e4mme k\u00e4\u00e4ntym\u00e4ss\u00e4, oliko niill\u00e4 pes\u00e4 siell\u00e4 tai k\u00e4viv\u00e4tk\u00f6 kalassa ei tullut ilmi. Mit\u00e4\u00e4n selv\u00e4sti pesint\u00e4\u00e4 viittaavaa ei kuitenkaan ollut havaittavissa. Korppi ja piekana asustivat leiripaikan l\u00e4heisill\u00e4 kalliopahdoilla. Hienoin luontohavainto oli kuitenkin sepelrastas, jonka koti oli leiripaikan etel\u00e4puoleisessa rinteess\u00e4. En ennen el\u00e4m\u00e4ss\u00e4ni ole kyseist\u00e4 lintua n\u00e4hnyt, meill\u00e4 Suomessa lintu on varsin harvinainen.<\/p>\n<p>Jo ekana iltana tuli selv\u00e4ksi, mit\u00e4 t\u00e4ll\u00e4 retkell\u00e4 olisi edess\u00e4: Sade pakotti meid\u00e4t nopeasti telttaan. S\u00e4\u00e4ennuste koko viikoksi oli melkoisen kostea, joten kaikki poutaiset jaksot olisi syyt\u00e4 hy\u00f6dynt\u00e4\u00e4. Leiriel\u00e4m\u00e4 muodostuikin sateettomien hetkien odotteluksi ja nukkumiseksi sateen tihuttaessa teltan kattoon, kun mutta ei voi. Kun liikkeelle l\u00e4hdettiin usein illan suussa s\u00e4\u00e4n seljetess\u00e4 ja aurinko paistoi y\u00f6t\u00e4 p\u00e4iv\u00e4\u00e4, meni p\u00e4iv\u00e4rytmimme aivan sekaisin. Aamiaiset sy\u00f6tiin illalla ja p\u00e4iv\u00e4lliset aikaisin aamulla, mutta mit\u00e4p\u00e4 sill\u00e4 niin v\u00e4li\u00e4. Ensimm\u00e4inen selke\u00e4n s\u00e4\u00e4n hetki olikin luvassa heti sunnuntaina puolen p\u00e4iv\u00e4n aikaan, vaikka se viiv\u00e4styikin muutamalla tunnilla.<\/p>\n<h2>1. huiputusyritys: Litle J\u00e6gervasstinden 1400 m.<\/h2>\n<p>Sateen helpottaessa puolen p\u00e4iv\u00e4n j\u00e4lkeen nautimme pikaisen aamiaisen ja l\u00e4hdimme liikkeelle n. klo 3 aikaan iltap\u00e4iv\u00e4ll\u00e4. Ylitimme j\u00e4\u00e4tik\u00f6lt\u00e4 tulevan joen j\u00e4rven toiselta puolelta ja l\u00e4hdimme nousemaan kivikkoista rinnett\u00e4 yl\u00f6s. Reilun puolenkilometrin korkeudessa saavutimme ensimm\u00e4iset lumilaikut, jolloin saatoimme pukea j\u00e4\u00e4raudat jalkaan ja siirty\u00e4 keikkuvilta kivilt\u00e4 lumelle kiipe\u00e4m\u00e4\u00e4n yl\u00f6sp\u00e4in. V\u00e4hitellen aurinkokin alkoi tulla esiin. Ennen j\u00e4\u00e4tik\u00f6lle nousua muodostimme viel\u00e4 k\u00f6ysist\u00f6n.<\/p>\n<div id=\"attachment_3775\" style=\"width: 325px\" class=\"wp-caption aligncenter\"><a href=\"https:\/\/blogi.ennola.fi\/wp-content\/uploads\/2019\/08\/IMG_1210.jpg\" rel=\"lightbox[3762]\"><img loading=\"lazy\" decoding=\"async\" aria-describedby=\"caption-attachment-3775\" class=\"wp-image-3775 size-full\" title=\"Henkka katselee alas Forrholtvatnetille.\" src=\"https:\/\/blogi.ennola.fi\/wp-content\/uploads\/2019\/08\/IMG_1210-1.jpg\" alt=\"\" width=\"315\" height=\"420\" srcset=\"https:\/\/blogi.ennola.fi\/wp-content\/uploads\/2019\/08\/IMG_1210-1.jpg 315w, https:\/\/blogi.ennola.fi\/wp-content\/uploads\/2019\/08\/IMG_1210-1-113x150.jpg 113w, https:\/\/blogi.ennola.fi\/wp-content\/uploads\/2019\/08\/IMG_1210-1-300x400.jpg 300w\" sizes=\"(max-width: 315px) 100vw, 315px\" \/><\/a><p id=\"caption-attachment-3775\" class=\"wp-caption-text\">Henkka katselee alas Forrholtvatnetille.<\/p><\/div>\n<p>Noustuamme noin kilometrin korkeuteen oli aika tehd\u00e4 p\u00e4\u00e4t\u00f6ksi\u00e4. Aurinko paistoi jo kirkkaasti Stora J\u00e6gervasstindenin rinteille ja tiputteli pieni\u00e4 lumivy\u00f6rysi\u00e4 sen rinteilt\u00e4 alas. Niinp\u00e4 tuntui j\u00e4rkev\u00e4mm\u00e4lt\u00e4 l\u00e4hte\u00e4 nousemaan Litle J\u00e6gervasstindenin varjoista rinnett\u00e4 yl\u00f6s. L\u00e4hdimme jyrkk\u00e4\u00e4 ja kylm\u00e4\u00e4 lumir\u00e4nni\u00e4 yl\u00f6s. En ollut varma olinko etuk\u00e4teen osannut varautua ihan n\u00e4in kylmiin olosuhteisiin, l\u00e4mp\u00f6tila oli reilusti pakkasella ja muutenkin olosuhteet t\u00e4ysin talviset, vaikka hetki sitten keskikes\u00e4n auringossa olin hikoillut itseni m\u00e4r\u00e4ksi. Navakka tuuli irrotteli ylemmilt\u00e4 kallioilta pieni\u00e4 j\u00e4\u00e4kimpaleita, jotka vieriv\u00e4t r\u00e4nnin keskelle syntynytt\u00e4 kourua pitkin alas. P\u00e4\u00e4s\u00e4\u00e4nt\u00f6isesti pystyin v\u00e4ist\u00e4m\u00e4\u00e4n isommat j\u00e4\u00e4kimpaleet, mutta pari kivuliasta osumaa j\u00e4\u00e4paloista sain.<\/p>\n<div id=\"attachment_3801\" style=\"width: 490px\" class=\"wp-caption aligncenter\"><a href=\"https:\/\/blogi.ennola.fi\/wp-content\/uploads\/2019\/08\/norgeskart_1.jpg\" rel=\"lightbox[3762]\"><img loading=\"lazy\" decoding=\"async\" aria-describedby=\"caption-attachment-3801\" class=\"wp-image-3801 size-full\" title=\"Reitti Litle J\u00e6gervasstindenille.\" src=\"https:\/\/blogi.ennola.fi\/wp-content\/uploads\/2019\/08\/norgeskart_1-1.jpg\" alt=\"\" width=\"480\" height=\"306\" srcset=\"https:\/\/blogi.ennola.fi\/wp-content\/uploads\/2019\/08\/norgeskart_1-1.jpg 480w, https:\/\/blogi.ennola.fi\/wp-content\/uploads\/2019\/08\/norgeskart_1-1-150x96.jpg 150w\" sizes=\"(max-width: 480px) 100vw, 480px\" \/><\/a><p id=\"caption-attachment-3801\" class=\"wp-caption-text\">Reitti Litle J\u00e6gervasstindenille.<\/p><\/div>\n<p>Kiipesimme lumir\u00e4nnin yl\u00e4osaan, josta olisi pit\u00e4nyt p\u00e4\u00e4st\u00e4 nousemaan huippuharjanteelle. Ville, joka kulki ensimm\u00e4isen\u00e4, haki paikkaa useammastakin eri kohdasta l\u00f6yt\u00e4m\u00e4tt\u00e4. Meille Henkan kanssa alkoi tulla kylm\u00e4 seisoskella paikallaan Villen etsiess\u00e4 reitti\u00e4. Niinp\u00e4 kehotimme h\u00e4nt\u00e4 kiirehtim\u00e4\u00e4n ratkaisujaan, ja kun hyvi\u00e4 etenemisvaihtoehtoja ei l\u00f6ytynyt, p\u00e4\u00e4timme laskeutua takaisin j\u00e4\u00e4tik\u00f6lle. Paluumatkalla jalkani lipesi kahdesti ja l\u00e4hdin liukumaan, mutta molemmilla kerroilla Henkka ehti pys\u00e4ytt\u00e4\u00e4 minut, ennen kuin ehdin edes kokeilla self-arestia. Sen kummempia kommelluksia ei loppumatkalla sattunut ja olimme takaisin leiriss\u00e4 puolen y\u00f6n j\u00e4lkeen.<\/p>\n<div id=\"attachment_3786\" style=\"width: 460px\" class=\"wp-caption aligncenter\"><a href=\"https:\/\/blogi.ennola.fi\/wp-content\/uploads\/2019\/08\/IMG_1282.jpg\" rel=\"lightbox[3762]\"><img loading=\"lazy\" decoding=\"async\" aria-describedby=\"caption-attachment-3786\" class=\"wp-image-3786 size-full\" title=\"Trolbreenin alaosalla, uutta lunta on valunut ylh\u00e4\u00e4lt\u00e4 alas.\" src=\"https:\/\/blogi.ennola.fi\/wp-content\/uploads\/2019\/08\/IMG_1282-1.jpg\" alt=\"\" width=\"450\" height=\"338\" srcset=\"https:\/\/blogi.ennola.fi\/wp-content\/uploads\/2019\/08\/IMG_1282-1.jpg 450w, https:\/\/blogi.ennola.fi\/wp-content\/uploads\/2019\/08\/IMG_1282-1-150x113.jpg 150w\" sizes=\"(max-width: 450px) 100vw, 450px\" \/><\/a><p id=\"caption-attachment-3786\" class=\"wp-caption-text\">Trolbreenin alaosalla, uutta lunta on valunut ylh\u00e4\u00e4lt\u00e4 alas.<\/p><\/div>\n<div id=\"attachment_3785\" style=\"width: 460px\" class=\"wp-caption aligncenter\"><a href=\"https:\/\/blogi.ennola.fi\/wp-content\/uploads\/2019\/08\/IMG_1300b.jpg\" rel=\"lightbox[3762]\"><img loading=\"lazy\" decoding=\"async\" aria-describedby=\"caption-attachment-3785\" class=\"wp-image-3785 size-full\" title=\"Kapea, jyrkk\u00e4, varjoinen ja kylm\u00e4 lumir\u00e4nni Litle J\u00e6gervasstindenin huipulle.\" src=\"https:\/\/blogi.ennola.fi\/wp-content\/uploads\/2019\/08\/IMG_1300b-1.jpg\" alt=\"\" width=\"450\" height=\"338\" srcset=\"https:\/\/blogi.ennola.fi\/wp-content\/uploads\/2019\/08\/IMG_1300b-1.jpg 450w, https:\/\/blogi.ennola.fi\/wp-content\/uploads\/2019\/08\/IMG_1300b-1-150x113.jpg 150w\" sizes=\"(max-width: 450px) 100vw, 450px\" \/><\/a><p id=\"caption-attachment-3785\" class=\"wp-caption-text\">Kapea, jyrkk\u00e4, varjoinen ja kylm\u00e4 lumir\u00e4nni Litle J\u00e6gervasstindenin huipulle.<\/p><\/div>\n<div id=\"attachment_3784\" style=\"width: 460px\" class=\"wp-caption aligncenter\"><a href=\"https:\/\/blogi.ennola.fi\/wp-content\/uploads\/2019\/08\/IMG_1329.jpg\" rel=\"lightbox[3762]\"><img loading=\"lazy\" decoding=\"async\" aria-describedby=\"caption-attachment-3784\" class=\"wp-image-3784 size-full\" title=\"Paluu my\u00f6h\u00e4\u00e4n y\u00f6ll\u00e4 Trollbreenilt\u00e4 alas.\" src=\"https:\/\/blogi.ennola.fi\/wp-content\/uploads\/2019\/08\/IMG_1329-1.jpg\" alt=\"\" width=\"450\" height=\"338\" srcset=\"https:\/\/blogi.ennola.fi\/wp-content\/uploads\/2019\/08\/IMG_1329-1.jpg 450w, https:\/\/blogi.ennola.fi\/wp-content\/uploads\/2019\/08\/IMG_1329-1-150x113.jpg 150w\" sizes=\"(max-width: 450px) 100vw, 450px\" \/><\/a><p id=\"caption-attachment-3784\" class=\"wp-caption-text\">Paluu my\u00f6h\u00e4\u00e4n y\u00f6ll\u00e4 Trollbreenilt\u00e4 alas.<\/p><\/div>\n<p>Leiriss\u00e4 s\u00e4\u00e4 oli upean tyyni, joten j\u00e4imme ulos kokkailemaan illallista. Pian tuuli alkoi nousta ja meill\u00e4 alkoi olla hieman vaikeuksia saada ruoka valmiiksi tuulen heitelless\u00e4 astioita ymp\u00e4riins\u00e4. \u00a0Y\u00f6ll\u00e4 tuuli yltyi katabaattiseksi myrskyksi, joka heitteli leiripaikalla ulos j\u00e4tettyj\u00e4 tavaroita kuten Villen rinkan sek\u00e4 teltan apsidissa olleita astioita kymmenien metrien p\u00e4\u00e4h\u00e4n. Tuuli repi maakiilat teltasta irti, sek\u00e4 v\u00e4\u00e4nsi telttakaaret uuteen muotoon. Onneksi y\u00f6ll\u00e4 saimme kuitenkin kivill\u00e4 tuetuksi teltan kasaan ja se kaikesta huolimatta kesti myrskyn rikkoutumatta.<\/p>\n<p>Matkaa kertyi 6 km. vakaa sek\u00e4 hieman vajaa 1100 korkeusmetri\u00e4. Aikaa kului noin 10 tuntia. J\u00e4imme loppujen lopuksi noin 100 nousumetri\u00e4 Litle J\u00e6gervasstindenin huipusta.<\/p>\n<h2>2. huiputusyritys: Trolltinden 1426 m.<\/h2>\n<p>Reissun toinen s\u00e4\u00e4ikkuna aukesi tiistai-iltap\u00e4iv\u00e4ll\u00e4 sateen tauotessa ja s\u00e4\u00e4ennusteen luvatessa kirkastuvaa. P\u00e4iv\u00e4n tavoitteena oli Trolltinden, jonne helpoin reitti meni takakautta Stortiddalbreenin kautta. Ensimm\u00e4inen teht\u00e4v\u00e4 oli p\u00e4\u00e4st\u00e4 Trolltindfoten-nimisen kalliosein\u00e4m\u00e4n p\u00e4\u00e4lle, jonne pyrimme oikean puolen kivikkoa pitkin. Jyrkk\u00e4\u00e4 kivikkoa ei ollut kiva kiivet\u00e4, mutta siit\u00e4 kuitenkin p\u00e4\u00e4si kalliosein\u00e4m\u00e4n yl\u00e4puolelle, ilman varsinaista kiipeily\u00e4.<\/p>\n<div id=\"attachment_3783\" style=\"width: 460px\" class=\"wp-caption aligncenter\"><a href=\"https:\/\/blogi.ennola.fi\/wp-content\/uploads\/2019\/08\/IMG_1394.jpg\" rel=\"lightbox[3762]\"><img loading=\"lazy\" decoding=\"async\" aria-describedby=\"caption-attachment-3783\" class=\"wp-image-3783 size-full\" title=\"Leiripaikalla l\u00e4ht\u00f6valmistelut t\u00e4ysill\u00e4 k\u00e4ynniss\u00e4.\" src=\"https:\/\/blogi.ennola.fi\/wp-content\/uploads\/2019\/08\/IMG_1394-1.jpg\" alt=\"\" width=\"450\" height=\"338\" srcset=\"https:\/\/blogi.ennola.fi\/wp-content\/uploads\/2019\/08\/IMG_1394-1.jpg 450w, https:\/\/blogi.ennola.fi\/wp-content\/uploads\/2019\/08\/IMG_1394-1-150x113.jpg 150w\" sizes=\"(max-width: 450px) 100vw, 450px\" \/><\/a><p id=\"caption-attachment-3783\" class=\"wp-caption-text\">Leiripaikalla l\u00e4ht\u00f6valmistelut t\u00e4ysill\u00e4 k\u00e4ynniss\u00e4.<\/p><\/div>\n<div id=\"attachment_3782\" style=\"width: 325px\" class=\"wp-caption aligncenter\"><a href=\"https:\/\/blogi.ennola.fi\/wp-content\/uploads\/2019\/08\/IMG_1407.jpg\" rel=\"lightbox[3762]\"><img loading=\"lazy\" decoding=\"async\" aria-describedby=\"caption-attachment-3782\" class=\"wp-image-3782 size-full\" title=\"Nousu Trollfottenin sivusta yl\u00f6s.\" src=\"https:\/\/blogi.ennola.fi\/wp-content\/uploads\/2019\/08\/IMG_1407-1.jpg\" alt=\"\" width=\"315\" height=\"420\" srcset=\"https:\/\/blogi.ennola.fi\/wp-content\/uploads\/2019\/08\/IMG_1407-1.jpg 315w, https:\/\/blogi.ennola.fi\/wp-content\/uploads\/2019\/08\/IMG_1407-1-113x150.jpg 113w, https:\/\/blogi.ennola.fi\/wp-content\/uploads\/2019\/08\/IMG_1407-1-300x400.jpg 300w\" sizes=\"(max-width: 315px) 100vw, 315px\" \/><\/a><p id=\"caption-attachment-3782\" class=\"wp-caption-text\">Nousu Trollfottenin sivusta yl\u00f6s.<\/p><\/div>\n<div id=\"attachment_3781\" style=\"width: 460px\" class=\"wp-caption aligncenter\"><a href=\"https:\/\/blogi.ennola.fi\/wp-content\/uploads\/2019\/08\/IMG_1439.jpg\" rel=\"lightbox[3762]\"><img loading=\"lazy\" decoding=\"async\" aria-describedby=\"caption-attachment-3781\" class=\"wp-image-3781 size-full\" title=\"K\u00f6ysist\u00f6n modostus Forrholtbreenille.\" src=\"https:\/\/blogi.ennola.fi\/wp-content\/uploads\/2019\/08\/IMG_1439-1.jpg\" alt=\"\" width=\"450\" height=\"338\" srcset=\"https:\/\/blogi.ennola.fi\/wp-content\/uploads\/2019\/08\/IMG_1439-1.jpg 450w, https:\/\/blogi.ennola.fi\/wp-content\/uploads\/2019\/08\/IMG_1439-1-150x113.jpg 150w\" sizes=\"(max-width: 450px) 100vw, 450px\" \/><\/a><p id=\"caption-attachment-3781\" class=\"wp-caption-text\">K\u00f6ysist\u00f6n modostus Forrholtbreenille.<\/p><\/div>\n<p>Kalliosein\u00e4m\u00e4n p\u00e4\u00e4ll\u00e4 oli pieni j\u00e4rvi, joka juuri oli vapautumassa j\u00e4ist\u00e4\u00e4n. Sen rannalla puimme valjaat ja k\u00f6ytimme itsemme k\u00f6ysist\u00f6ksi, kun l\u00e4hdimme jatkamaan matkaa Forrholtbreeni\u00e4 pitkin yl\u00f6s samalla kun aurinko alkoi tulla esiin pilvien takaa.<\/p>\n<div id=\"attachment_3800\" style=\"width: 490px\" class=\"wp-caption aligncenter\"><a href=\"https:\/\/blogi.ennola.fi\/wp-content\/uploads\/2019\/08\/norgeskart_2.jpg\" rel=\"lightbox[3762]\"><img loading=\"lazy\" decoding=\"async\" aria-describedby=\"caption-attachment-3800\" class=\"wp-image-3800 size-full\" title=\"Reitti Trolltindenille.\" src=\"https:\/\/blogi.ennola.fi\/wp-content\/uploads\/2019\/08\/norgeskart_2-1.jpg\" alt=\"\" width=\"480\" height=\"342\" srcset=\"https:\/\/blogi.ennola.fi\/wp-content\/uploads\/2019\/08\/norgeskart_2-1.jpg 480w, https:\/\/blogi.ennola.fi\/wp-content\/uploads\/2019\/08\/norgeskart_2-1-150x107.jpg 150w\" sizes=\"(max-width: 480px) 100vw, 480px\" \/><\/a><p id=\"caption-attachment-3800\" class=\"wp-caption-text\">Reitti Trolltindenille.<\/p><\/div>\n<p>Forrholtbreenilta johtaa kapea lumir\u00e4nni Trolltindenin ja Forrholttindenin v\u00e4liseen satulaan, jota l\u00e4hdimme nousemaan yl\u00f6sp\u00e4in. Aurinko alkoi l\u00e4mmitt\u00e4\u00e4 lumirinnett\u00e4 voimakkaasti. Kolmanneksen noustuamme Henkka, joka nyt veti joukkoa, teki piston r\u00e4nnin oikeaan reunaan. Minun ja Henkan v\u00e4liss\u00e4 oli leve\u00e4 kouru, jota pitkin ylh\u00e4\u00e4lt\u00e4 oli valunut lunta alas, kun ylh\u00e4\u00e4lt\u00e4 kuulimme putoavan lumen \u00e4\u00e4nt\u00e4. Katsoimme yl\u00f6s ja havaitsimme pienehk\u00f6n lumivy\u00f6ryn sy\u00f6ksyv\u00e4n meit\u00e4 kohti. Astuimme Henkan kanssa muutaman askeleen poisp\u00e4in lumikourusta ja j\u00e4imme katselemaan, kun parikymment\u00e4 sentti\u00e4 paksu ja parikymment\u00e4 metri\u00e4 pitk\u00e4 lumilaatta raskasta suojalunta valui meid\u00e4n v\u00e4list\u00e4mme alas. Totesimme, ett\u00e4 olisi varmastikin parempi jatkaa nousua aivan lumir\u00e4nnin reunassa, jolloin kalliomuodostumat antaisivat suojaa ylh\u00e4\u00e4lt\u00e4 mahdollisesti tulevalle lumelle, mutta toista lumivy\u00f6ry\u00e4 ei en\u00e4\u00e4 osunut kohdalle.<\/p>\n<div id=\"attachment_3780\" style=\"width: 436px\" class=\"wp-caption aligncenter\"><a href=\"https:\/\/blogi.ennola.fi\/wp-content\/uploads\/2019\/08\/IMG_1469-Panorama.jpg\" rel=\"lightbox[3762]\"><img loading=\"lazy\" decoding=\"async\" aria-describedby=\"caption-attachment-3780\" class=\"wp-image-3780 size-full\" title=\"Forrholtbreen.\" src=\"https:\/\/blogi.ennola.fi\/wp-content\/uploads\/2019\/08\/IMG_1469-Panorama-1.jpg\" alt=\"\" width=\"426\" height=\"420\" srcset=\"https:\/\/blogi.ennola.fi\/wp-content\/uploads\/2019\/08\/IMG_1469-Panorama-1.jpg 426w, https:\/\/blogi.ennola.fi\/wp-content\/uploads\/2019\/08\/IMG_1469-Panorama-1-150x148.jpg 150w, https:\/\/blogi.ennola.fi\/wp-content\/uploads\/2019\/08\/IMG_1469-Panorama-1-406x400.jpg 406w, https:\/\/blogi.ennola.fi\/wp-content\/uploads\/2019\/08\/IMG_1469-Panorama-1-88x88.jpg 88w\" sizes=\"(max-width: 426px) 100vw, 426px\" \/><\/a><p id=\"caption-attachment-3780\" class=\"wp-caption-text\">Forrholtbreen.<\/p><\/div>\n<div id=\"attachment_3779\" style=\"width: 325px\" class=\"wp-caption aligncenter\"><a href=\"https:\/\/blogi.ennola.fi\/wp-content\/uploads\/2019\/08\/IMG_1476.jpg\" rel=\"lightbox[3762]\"><img loading=\"lazy\" decoding=\"async\" aria-describedby=\"caption-attachment-3779\" class=\"wp-image-3779 size-full\" title=\"Kapea lumir\u00e4nni Trolltindenin ja Forrholttindenin v\u00e4liseen satulaan.\" src=\"https:\/\/blogi.ennola.fi\/wp-content\/uploads\/2019\/08\/IMG_1476-1.jpg\" alt=\"\" width=\"315\" height=\"420\" srcset=\"https:\/\/blogi.ennola.fi\/wp-content\/uploads\/2019\/08\/IMG_1476-1.jpg 315w, https:\/\/blogi.ennola.fi\/wp-content\/uploads\/2019\/08\/IMG_1476-1-113x150.jpg 113w, https:\/\/blogi.ennola.fi\/wp-content\/uploads\/2019\/08\/IMG_1476-1-300x400.jpg 300w\" sizes=\"(max-width: 315px) 100vw, 315px\" \/><\/a><p id=\"caption-attachment-3779\" class=\"wp-caption-text\">Kapea lumir\u00e4nni Trolltindenin ja Forrholttindenin v\u00e4liseen satulaan.<\/p><\/div>\n<p>Satulassa pidimme lounastauon ja loimme katseen edess\u00e4mme aukenevalle Stortiddalbreenille. J\u00e4\u00e4tik\u00f6n yl\u00e4reunaa seuraillen pit\u00e4isi menn\u00e4 Trolltindenin juurelle, josta sitten sopivaa lumir\u00e4nni\u00e4 yl\u00f6s. Tulkitsimme n\u00e4kem\u00e4\u00e4mme aivan v\u00e4\u00e4rin ja k\u00e4\u00e4nnyimme huipulle liian aikaisin. P\u00e4\u00e4dyimme huippuharjanteelle, miss\u00e4 oli helppo ymm\u00e4rt\u00e4\u00e4, miksi reitti kulki j\u00e4\u00e4tik\u00f6ll\u00e4 eik\u00e4 harjanteella. Harjanne koostui lukuisista kapeista spinaakkeleista ja olisi valtavan hidasta edet\u00e4. Maisema kuitenkin oli upea. Troltindenin huippu loi viereens\u00e4 pilven, jonka l\u00e4pi my\u00f6h\u00e4isillan aurinko paistoi. Palasimme kuitenkin harjanteelta alas j\u00e4\u00e4tik\u00f6lle.<\/p>\n<div id=\"attachment_3778\" style=\"width: 460px\" class=\"wp-caption aligncenter\"><a href=\"https:\/\/blogi.ennola.fi\/wp-content\/uploads\/2019\/08\/IMG_1485.jpg\" rel=\"lightbox[3762]\"><img loading=\"lazy\" decoding=\"async\" aria-describedby=\"caption-attachment-3778\" class=\"wp-image-3778 size-full\" title=\"Tauko ja valokuvausta Trolltindenin ja Forrholttindenin v\u00e4lisess\u00e4 satulassa.\" src=\"https:\/\/blogi.ennola.fi\/wp-content\/uploads\/2019\/08\/IMG_1485-1.jpg\" alt=\"\" width=\"450\" height=\"338\" srcset=\"https:\/\/blogi.ennola.fi\/wp-content\/uploads\/2019\/08\/IMG_1485-1.jpg 450w, https:\/\/blogi.ennola.fi\/wp-content\/uploads\/2019\/08\/IMG_1485-1-150x113.jpg 150w\" sizes=\"(max-width: 450px) 100vw, 450px\" \/><\/a><p id=\"caption-attachment-3778\" class=\"wp-caption-text\">Tauko ja valokuvausta Trolltindenin ja Forrholttindenin v\u00e4lisess\u00e4 satulassa.<\/p><\/div>\n<p>Vaikka aikaa ja voimia olikin tuhraantunut v\u00e4\u00e4r\u00e4\u00e4n reitinvalintaan, niin arvioimme, ett\u00e4 pystyisimme silti koettaman my\u00f6s oikeaa huippua. Niinp\u00e4 jatkoimme matkaa oikealle huipulle ja nousimme taas kapeaa lumir\u00e4nni\u00e4 yl\u00f6s lumiselle ja nyt helppokulkuiselle harjanteelle. Harjanne vei meid\u00e4t aivan huipun tuntumaan.<\/p>\n<p>Nyt huipulla tuli vastaan uusi ongelma, huippu oli laajalti kymmensenttisen tykkylumen peitt\u00e4m\u00e4. Varsinaiselle huipulle tarvitsisi kuitenkin kiivet\u00e4, sen verta hankalalta huippuharjanne vaikutti. Mutta miten kiivet\u00e4, kun kaikki otteet ovat lumen alla ja kaikki lumi on kuitenkin niin l\u00f6yh\u00e4sti kiinni kalliossa, ett\u00e4 j\u00e4\u00e4raudoista ja hakusta ei juuri ole apua? Emme oikein keksineet t\u00e4h\u00e4n vastausta ja niin varsinainen huippu j\u00e4i huiputtamatta, vaikka muutaman kymmenen metrin p\u00e4\u00e4ss\u00e4 k\u00e4vimmekin.<\/p>\n<div id=\"attachment_3777\" style=\"width: 325px\" class=\"wp-caption aligncenter\"><a href=\"https:\/\/blogi.ennola.fi\/wp-content\/uploads\/2019\/08\/IMG_1560.jpg\" rel=\"lightbox[3762]\"><img loading=\"lazy\" decoding=\"async\" aria-describedby=\"caption-attachment-3777\" class=\"wp-image-3777 size-full\" title=\"Viimeinen nousu Trolltindenin huipulle.\" src=\"https:\/\/blogi.ennola.fi\/wp-content\/uploads\/2019\/08\/IMG_1560-1.jpg\" alt=\"\" width=\"315\" height=\"420\" srcset=\"https:\/\/blogi.ennola.fi\/wp-content\/uploads\/2019\/08\/IMG_1560-1.jpg 315w, https:\/\/blogi.ennola.fi\/wp-content\/uploads\/2019\/08\/IMG_1560-1-113x150.jpg 113w, https:\/\/blogi.ennola.fi\/wp-content\/uploads\/2019\/08\/IMG_1560-1-300x400.jpg 300w\" sizes=\"(max-width: 315px) 100vw, 315px\" \/><\/a><p id=\"caption-attachment-3777\" class=\"wp-caption-text\">Viimeinen nousu Trolltindenin huipulle.<\/p><\/div>\n<p>Ei auttanut kuin l\u00e4hte\u00e4 takaisin paluumatkalle vuoritervehdyksen saattamana. Onneksi maisemat huipun vieress\u00e4kin olivat upeita ja saatoimme ihastella Lyngenin lumisia vuoria keskiy\u00f6n auringon paisteessa. Paluumatka aamuy\u00f6st\u00e4 sujuikin sitten ongelmitta ja jo aamu kuuden aikaan olimme sitten p\u00e4iv\u00e4llisen laitossa teltoilla.<\/p>\n<p>Matkaa kertyi 10 km. vakaa sek\u00e4 noin 1200 korkeusmetri\u00e4, lis\u00e4ksi v\u00e4\u00e4r\u00e4lle huipulle noususta tuli varmaan sellaiset 200 nousumetri\u00e4 extraa. Aikaa kului vajaa 16 tuntia. J\u00e4imme loppujen lopuksi noin 25 nousumetri\u00e4 Trolltindenin huipusta.<\/p>\n<h2>3. huiputusyritys: Store J\u00e6gervasstinden 1543 m.<\/h2>\n<p>S\u00e4\u00e4tiedotus lupasi selke\u00e4\u00e4 perjantaiksi, kun sitten sade puolen y\u00f6n aikaan taukosi olimme valmiita liikkeelle aamu kahden aikoihin. Pilvet viel\u00e4 roikkuivat matalalla ja pyrimme l\u00e4htem\u00e4\u00e4n ajoissa, jotta selvitt\u00e4isimme j\u00e4\u00e4tik\u00f6n yl\u00e4puoliset jyrk\u00e4t lumirinteet ennen kuin iltap\u00e4iv\u00e4ll\u00e4 aurinko alkaisi paistaa niihin t\u00e4ydell\u00e4 voimallaan. Alkumatka sujui samoja reittej\u00e4, kuin ensimm\u00e4isess\u00e4kin nousussa. Vajaan kilometrin korkeudessa pilvet ymp\u00e4r\u00f6iv\u00e4t ja n\u00e4kyvyys h\u00e4visi t\u00e4ydellisesti. Ymp\u00e4rill\u00e4 ei n\u00e4kynyt kuin valkoista. GPS:n avustamana suuntasimme lumir\u00e4nniin, jonka olimme jo ensimm\u00e4isen\u00e4 p\u00e4iv\u00e4n\u00e4 katsoneet parhaaksi.<\/p>\n<div id=\"attachment_3799\" style=\"width: 490px\" class=\"wp-caption aligncenter\"><a href=\"https:\/\/blogi.ennola.fi\/wp-content\/uploads\/2019\/08\/norgeskart_3.jpg\" rel=\"lightbox[3762]\"><img loading=\"lazy\" decoding=\"async\" aria-describedby=\"caption-attachment-3799\" class=\"wp-image-3799 size-full\" title=\"Perjantain reitit, ei huiputuksia.\" src=\"https:\/\/blogi.ennola.fi\/wp-content\/uploads\/2019\/08\/norgeskart_3-1.jpg\" alt=\"\" width=\"480\" height=\"355\" srcset=\"https:\/\/blogi.ennola.fi\/wp-content\/uploads\/2019\/08\/norgeskart_3-1.jpg 480w, https:\/\/blogi.ennola.fi\/wp-content\/uploads\/2019\/08\/norgeskart_3-1-150x111.jpg 150w\" sizes=\"(max-width: 480px) 100vw, 480px\" \/><\/a><p id=\"caption-attachment-3799\" class=\"wp-caption-text\">Perjantain reitit, ei huiputuksia.<\/p><\/div>\n<p>Lumir\u00e4nnin suulla kiinnitin huomiota ymp\u00e4r\u00f6iv\u00e4\u00e4n maaston, ymp\u00e4rill\u00e4 oli n\u00e4kyviss\u00e4 j\u00e4lki\u00e4 keskikokoisesta tuoreesta laattalumivy\u00f6ryst\u00e4. Jo vy\u00f6rynyt alue tuskin vy\u00f6ryisi uudestaan, mutta mit\u00e4 tiesin siit\u00e4 mit\u00e4 satametri\u00e4 meid\u00e4n yl\u00e4puolellamme olevasta alueesta? Onko joku syy, miksi vy\u00f6ryriski olisi merkitt\u00e4v\u00e4sti pienempi nyt kuin silloin kun t\u00e4m\u00e4 alue on vy\u00f6rynyt? Mit\u00e4 tiesin s\u00e4\u00e4oloista viimeisen parin p\u00e4iv\u00e4n aikana? Uutta lunta oli tullut merkitt\u00e4v\u00e4sti lis\u00e4\u00e4. Nyt aurinko ei viel\u00e4 l\u00e4mmitt\u00e4nyt rinnett\u00e4, mutta kuinka nopeasti pilvien revetess\u00e4 rinne l\u00e4mpenisi ja saisi lumen liikkeelle? Liikaa huolestuttavia kysymyksi\u00e4, joihin en osannut vastata. Pys\u00e4ytin k\u00f6ysist\u00f6mme ja sanoin, etten pid\u00e4 siit\u00e4 mit\u00e4 n\u00e4en ymp\u00e4rill\u00e4mme. Henkka oli kiinnitt\u00e4nyt huomiota samoihin asioihin, joten p\u00e4\u00e4t\u00f6s oli kai aika selv\u00e4. Jonkun aikaa asiaa pohdittuamme p\u00e4\u00e4timme palata takaisin leiriin, minne saavuimmekin aamu 9 aikaan nauttimaan p\u00e4iv\u00e4llist\u00e4.<\/p>\n<div id=\"attachment_3776\" style=\"width: 460px\" class=\"wp-caption aligncenter\"><a href=\"https:\/\/blogi.ennola.fi\/wp-content\/uploads\/2019\/08\/IMG_1658.jpg\" rel=\"lightbox[3762]\"><img loading=\"lazy\" decoding=\"async\" aria-describedby=\"caption-attachment-3776\" class=\"wp-image-3776 size-full\" title=\"Nousu leiripaikasta l\u00e4himm\u00e4lle harjanteelle, joka olisi johtanut Stortindenin huipulle.\" src=\"https:\/\/blogi.ennola.fi\/wp-content\/uploads\/2019\/08\/IMG_1658-1.jpg\" alt=\"\" width=\"450\" height=\"338\" srcset=\"https:\/\/blogi.ennola.fi\/wp-content\/uploads\/2019\/08\/IMG_1658-1.jpg 450w, https:\/\/blogi.ennola.fi\/wp-content\/uploads\/2019\/08\/IMG_1658-1-150x113.jpg 150w\" sizes=\"(max-width: 450px) 100vw, 450px\" \/><\/a><p id=\"caption-attachment-3776\" class=\"wp-caption-text\">Nousu leiripaikasta l\u00e4himm\u00e4lle harjanteelle, joka olisi johtanut Stortindenin huipulle.<\/p><\/div>\n<p>Auringon noustua esiin p\u00e4\u00e4timme tehd\u00e4 pienen maisemak\u00e4velyn G\u00e1rjelg\u00e1isille viev\u00e4lle harjanteelle. Aika selv\u00e4lt\u00e4 n\u00e4ytti, ett\u00e4 aamup\u00e4iv\u00e4n kiipeilyn v\u00e4sytt\u00e4m\u00e4n\u00e4 tuskin p\u00e4\u00e4sisimme l\u00e4hellek\u00e4\u00e4n huippua, mutta harjanne vaikutti kiinnostavalta kohteelta. Noustuamme noin 600 metrin korkeuteen, minulta alkoi loppua voimat. Tuntui, etten vaan saanut tarpeeksi happea nousua varten ja jouduin jatkuvasti pys\u00e4htym\u00e4\u00e4n puuskuttamaan. Tied\u00e4 olisiko ennen reissua sairastettu keuhkokuume laskenut suorituskyky\u00e4. Niinp\u00e4 p\u00e4\u00e4tin l\u00e4hte\u00e4 siit\u00e4 hissukseen palamaan leiriin samalla valokuvaten upeaa n\u00e4kym\u00e4\u00e4. Pojat jatkoivat harjannetta ylemm\u00e4s, kunnes saapuivat paikkaan, jossa varsinainen kiipeily olisi alkanut. Siit\u00e4 he k\u00e4\u00e4ntyiv\u00e4t takaisin ja tulivat leiriin ehk\u00e4 tunti minun j\u00e4lkeeni.<\/p>\n<p>Matkaa kertyi 6 km. vaakaa sek\u00e4 noin 850 korkeusmetri\u00e4. Aikaa kului 6,5 tuntia. Iltap\u00e4iv\u00e4ll\u00e4 noustiin viel\u00e4 350 nousumetri\u00e4 ja vaaka matkaa kertyi samalla 2 km. Aikaa t\u00e4h\u00e4n retkeen kului maisemia katsellen 3,5 tuntia.<\/p>\n<div class=\"mceTemp\"><\/div>\n","protected":false},"excerpt":{"rendered":"<p>Periaatteessa se olisi pit\u00e4nyt tiet\u00e4\u00e4. S\u00e4\u00e4ennusteet olivat luvanneet kylm\u00e4\u00e4 keli\u00e4. Kuitenkin se yll\u00e4tti, kun Kilpisj\u00e4rvell\u00e4 kes\u00e4kuun lopulla oli l\u00e4mp\u00f6tila vain muutaman asteen plussalla. Siit\u00e4 kun laskeuduttiin J\u00e4\u00e4meren rantaan,&#8230;<\/p>\n","protected":false},"author":1,"featured_media":3787,"comment_status":"open","ping_status":"open","sticky":false,"template":"","format":"standard","meta":{"footnotes":""},"categories":[6,3],"tags":[],"_links":{"self":[{"href":"https:\/\/blogi.ennola.fi\/index.php?rest_route=\/wp\/v2\/posts\/3762"}],"collection":[{"href":"https:\/\/blogi.ennola.fi\/index.php?rest_route=\/wp\/v2\/posts"}],"about":[{"href":"https:\/\/blogi.ennola.fi\/index.php?rest_route=\/wp\/v2\/types\/post"}],"author":[{"embeddable":true,"href":"https:\/\/blogi.ennola.fi\/index.php?rest_route=\/wp\/v2\/users\/1"}],"replies":[{"embeddable":true,"href":"https:\/\/blogi.ennola.fi\/index.php?rest_route=%2Fwp%2Fv2%2Fcomments&post=3762"}],"version-history":[{"count":15,"href":"https:\/\/blogi.ennola.fi\/index.php?rest_route=\/wp\/v2\/posts\/3762\/revisions"}],"predecessor-version":[{"id":5449,"href":"https:\/\/blogi.ennola.fi\/index.php?rest_route=\/wp\/v2\/posts\/3762\/revisions\/5449"}],"wp:featuredmedia":[{"embeddable":true,"href":"https:\/\/blogi.ennola.fi\/index.php?rest_route=\/wp\/v2\/media\/3787"}],"wp:attachment":[{"href":"https:\/\/blogi.ennola.fi\/index.php?rest_route=%2Fwp%2Fv2%2Fmedia&parent=3762"}],"wp:term":[{"taxonomy":"category","embeddable":true,"href":"https:\/\/blogi.ennola.fi\/index.php?rest_route=%2Fwp%2Fv2%2Fcategories&post=3762"},{"taxonomy":"post_tag","embeddable":true,"href":"https:\/\/blogi.ennola.fi\/index.php?rest_route=%2Fwp%2Fv2%2Ftags&post=3762"}],"curies":[{"name":"wp","href":"https:\/\/api.w.org\/{rel}","templated":true}]}}