{"id":3808,"date":"2015-09-28T19:30:07","date_gmt":"2015-09-28T16:30:07","guid":{"rendered":"https:\/\/blogi.ennola.fi\/?p=3808"},"modified":"2020-06-08T08:26:29","modified_gmt":"2020-06-08T05:26:29","slug":"alppikiipeilykurssi-narvikissa","status":"publish","type":"post","link":"https:\/\/blogi.ennola.fi\/?p=3808","title":{"rendered":"Alppikiipeilykurssi Narvikissa"},"content":{"rendered":"<p>Hein\u00e4kuun lopulla vietin varhaiskev\u00e4isen viikon Pohjois-Norjan vuoristossa alppikiipeilykurssilla. Oppaanamme oli Jussi Muittari, joka oli minulle aiemmin tuttu jo seikkailukasvatuskoulutuksen yhten\u00e4 opettajana. Apuoppaana h\u00e4nell\u00e4 mukanaan Sami Modenius, joka oli juuri valmistunut kansainv\u00e4liseksi vuoristo-oppaaksi. Meit\u00e4 kurssilaisia oli yhteens\u00e4 yksitoista. Kerron t\u00e4ss\u00e4 v\u00e4h\u00e4n kurssin tapahtumista ja opeista.<\/p>\n<h2>1. p\u00e4iv\u00e4: vuorilla liikkuminen<\/h2>\n<p>Aikaisin aamulla kokoonnuimme Narvikin keskustassa, josta ajoimme autoletkassa l\u00e4ht\u00f6paikkaan paikallisen vesivoimalan patorakennelmille. T\u00e4\u00e4ll\u00e4 saimme laina- ja yhteiset kamat kantoon leiripaikalle. Minulle tuli k\u00f6ysi kannettavakseni. Matka ei ollut pitk\u00e4, mutta 300 nousumetri\u00e4 painavan rinkan kanssa vaati kyll\u00e4 veronsa. Leiripaikan l\u00e4hell\u00e4 meinasin liukua jokeen, kun jalkani lipesi hyp\u00e4tess\u00e4ni lumilipalta alas. Onneksi Jussi sai minusta kiinni ja sai kiskottua minut takaisin polulle, niin s\u00e4ilyin t\u00e4ss\u00e4 vaiheessa viel\u00e4 kuivana. Perill\u00e4 laitoimme leirin pystyyn ja valmistauduimme ensimm\u00e4iseen kurssip\u00e4iv\u00e4\u00e4n.<\/p>\n<div id=\"attachment_3865\" style=\"width: 460px\" class=\"wp-caption aligncenter\"><a href=\"https:\/\/blogi.ennola.fi\/wp-content\/uploads\/2019\/08\/IMG_2948.jpg\" rel=\"lightbox[3808]\"><img loading=\"lazy\" decoding=\"async\" aria-describedby=\"caption-attachment-3865\" class=\"wp-image-3865 size-full\" title=\"Leiripaikkamme Storsteinsfjelletin it\u00e4puolella.\" src=\"https:\/\/blogi.ennola.fi\/wp-content\/uploads\/2019\/08\/IMG_2948-1.jpg\" alt=\"\" width=\"450\" height=\"338\" srcset=\"https:\/\/blogi.ennola.fi\/wp-content\/uploads\/2019\/08\/IMG_2948-1.jpg 450w, https:\/\/blogi.ennola.fi\/wp-content\/uploads\/2019\/08\/IMG_2948-1-150x113.jpg 150w\" sizes=\"(max-width: 450px) 100vw, 450px\" \/><\/a><p id=\"caption-attachment-3865\" class=\"wp-caption-text\">Leiripaikkamme Storsteinsfjelletin it\u00e4puolella.<\/p><\/div>\n<p>Iltap\u00e4iv\u00e4ll\u00e4 aloitimme p\u00e4iv\u00e4n harjoitukset, joiden aikana kuljimme j\u00e4\u00e4tik\u00f6n reunaan. Harjoittelimme hyv\u00e4\u00e4 k\u00e4velytekniikka kivikossa: astumalla jalalla useamman kuin yhden kiven p\u00e4\u00e4lle samanaikaisesti voi sillata ne yhdeksi, jolloin tasapaino ei mene niin helposti yhden irtonaisen kiven vuoksi. K\u00e4vimme k\u00e4velytekniikkaa jyrk\u00e4ll\u00e4 kalliolla, miss\u00e4 t\u00e4rkeint\u00e4 on saada koko jalkapohja kalliota vasten. Harjoittelimme my\u00f6s hieman otekiipeily\u00e4.<\/p>\n<div id=\"attachment_3862\" style=\"width: 308px\" class=\"wp-caption aligncenter\"><a href=\"https:\/\/blogi.ennola.fi\/wp-content\/uploads\/2019\/08\/IMG_2952.jpg\" rel=\"lightbox[3808]\"><img loading=\"lazy\" decoding=\"async\" aria-describedby=\"caption-attachment-3862\" class=\"wp-image-3862 size-full\" title=\"Jussi neuvoi jalan siltaamista hankalassa paikassa.\" src=\"https:\/\/blogi.ennola.fi\/wp-content\/uploads\/2019\/08\/IMG_2952-1.jpg\" alt=\"\" width=\"298\" height=\"400\" srcset=\"https:\/\/blogi.ennola.fi\/wp-content\/uploads\/2019\/08\/IMG_2952-1.jpg 298w, https:\/\/blogi.ennola.fi\/wp-content\/uploads\/2019\/08\/IMG_2952-1-112x150.jpg 112w\" sizes=\"(max-width: 298px) 100vw, 298px\" \/><\/a><p id=\"caption-attachment-3862\" class=\"wp-caption-text\">Jussi neuvoi jalan siltaamista hankalassa paikassa.<\/p><\/div>\n<p>J\u00e4\u00e4tik\u00f6n reunalla perustimme k\u00f6ysist\u00f6t ja Jussi opetti oman solmunsa keskimm\u00e4isen kiinnitt\u00e4ytymiseen k\u00f6yteen. Kysyess\u00e4ni solmun nime\u00e4 h\u00e4n nimesi sen p\u00f6lh\u00f6npojansolmuksi. Nimest\u00e4\u00e4n huolimatta solmu osoittautui varsin k\u00e4ytt\u00f6kelpoiseksi. J\u00e4\u00e4tik\u00f6ll\u00e4 pysyttelimme j\u00e4\u00e4tik\u00f6n reunalla olleen melko pienen kuivan (= lumeton) j\u00e4\u00e4tik\u00f6n alueella. Harjoittelimme siin\u00e4 j\u00e4isen rinteen kiipe\u00e4mist\u00e4 yl\u00f6s ja alasp\u00e4in eri tekniikoilla. T\u00e4rkeint\u00e4 t\u00e4ss\u00e4kin on pyrki\u00e4 siihen, ett\u00e4 mahdollisimman monet j\u00e4\u00e4raudan piikit olisivat j\u00e4\u00e4t\u00e4 vasten.<\/p>\n<div id=\"attachment_3852\" style=\"width: 460px\" class=\"wp-caption aligncenter\"><a href=\"https:\/\/blogi.ennola.fi\/wp-content\/uploads\/2019\/08\/IMG_2963.jpg\" rel=\"lightbox[3808]\"><img loading=\"lazy\" decoding=\"async\" aria-describedby=\"caption-attachment-3852\" class=\"wp-image-3852 size-full\" title=\"Pieni tutustumisretki kuivalle j\u00e4\u00e4tik\u00f6lle.\" src=\"https:\/\/blogi.ennola.fi\/wp-content\/uploads\/2019\/08\/IMG_2963-1.jpg\" alt=\"\" width=\"450\" height=\"338\" srcset=\"https:\/\/blogi.ennola.fi\/wp-content\/uploads\/2019\/08\/IMG_2963-1.jpg 450w, https:\/\/blogi.ennola.fi\/wp-content\/uploads\/2019\/08\/IMG_2963-1-150x113.jpg 150w\" sizes=\"(max-width: 450px) 100vw, 450px\" \/><\/a><p id=\"caption-attachment-3852\" class=\"wp-caption-text\">Pieni tutustumisretki kuivalle j\u00e4\u00e4tik\u00f6lle.<\/p><\/div>\n<div id=\"attachment_3825\" style=\"width: 460px\" class=\"wp-caption aligncenter\"><a href=\"https:\/\/blogi.ennola.fi\/wp-content\/uploads\/2019\/08\/IMG_2975.jpg\" rel=\"lightbox[3808]\"><img loading=\"lazy\" decoding=\"async\" aria-describedby=\"caption-attachment-3825\" class=\"wp-image-3825 size-full\" title=\"Paluu j\u00e4\u00e4tik\u00f6lt\u00e4 takaisin.\" src=\"https:\/\/blogi.ennola.fi\/wp-content\/uploads\/2019\/08\/IMG_2975-1.jpg\" alt=\"\" width=\"450\" height=\"338\" srcset=\"https:\/\/blogi.ennola.fi\/wp-content\/uploads\/2019\/08\/IMG_2975-1.jpg 450w, https:\/\/blogi.ennola.fi\/wp-content\/uploads\/2019\/08\/IMG_2975-1-150x113.jpg 150w\" sizes=\"(max-width: 450px) 100vw, 450px\" \/><\/a><p id=\"caption-attachment-3825\" class=\"wp-caption-text\">Paluu j\u00e4\u00e4tik\u00f6lt\u00e4 takaisin.<\/p><\/div>\n<div id=\"attachment_3826\" style=\"width: 460px\" class=\"wp-caption aligncenter\"><a href=\"https:\/\/blogi.ennola.fi\/wp-content\/uploads\/2019\/08\/IMG_2976.jpg\" rel=\"lightbox[3808]\"><img loading=\"lazy\" decoding=\"async\" aria-describedby=\"caption-attachment-3826\" class=\"wp-image-3826 size-full\" title=\"T\u00e4ss\u00e4 harjoiteltiin jyrk\u00e4n j\u00e4\u00e4tik\u00f6n kiipe\u00e4mist\u00e4.\" src=\"https:\/\/blogi.ennola.fi\/wp-content\/uploads\/2019\/08\/IMG_2976-1.jpg\" alt=\"\" width=\"450\" height=\"338\" srcset=\"https:\/\/blogi.ennola.fi\/wp-content\/uploads\/2019\/08\/IMG_2976-1.jpg 450w, https:\/\/blogi.ennola.fi\/wp-content\/uploads\/2019\/08\/IMG_2976-1-150x113.jpg 150w\" sizes=\"(max-width: 450px) 100vw, 450px\" \/><\/a><p id=\"caption-attachment-3826\" class=\"wp-caption-text\">T\u00e4ss\u00e4 harjoiteltiin jyrk\u00e4n j\u00e4\u00e4tik\u00f6n kiipe\u00e4mist\u00e4.<\/p><\/div>\n<p>P\u00e4iv\u00e4n p\u00e4\u00e4tteeksi purimme viel\u00e4 k\u00f6ysist\u00f6t, riisuimme j\u00e4\u00e4raudat pois, ja menimme l\u00e4heiseen lumirinteeseen harjoittelemaan liu\u2019un pys\u00e4ytt\u00e4mist\u00e4. Kaatuilimme lumirinteeseen erilaisista asennoista. Kaatumisen j\u00e4lkeen py\u00f6r\u00e4ytimme itsemme vatsallemme ja pys\u00e4ytimme vauhdin hakulla tai ilman hakkua karhu-asennossa.<\/p>\n<h2>2. p\u00e4iv\u00e4: yl\u00f6sp\u00e4in<\/h2>\n<p>Aamup\u00e4iv\u00e4n harjoittelimme oppaiden johdolla kalliokiipeilytekniikoita: kamujen ja kiilojen k\u00e4ytt\u00f6\u00e4, varmistamista, ankkuripisteen tekoa. Erityisesti harjoittelimme liukuva varmistamista, mik\u00e4 mahdollistaa sujuvan etenemisen, paikoissa, joissa putoamisen riski on pieni. \u00a0Lis\u00e4ksi harjoittelimme lyhytk\u00f6ysitekniikoita: toisten tukemista ja aktiivista auttamista k\u00f6yden kanssa kiipeilytilanteessa.<\/p>\n<div id=\"attachment_3864\" style=\"width: 460px\" class=\"wp-caption aligncenter\"><a href=\"https:\/\/blogi.ennola.fi\/wp-content\/uploads\/2019\/08\/IMG_3031.jpg\" rel=\"lightbox[3808]\"><img loading=\"lazy\" decoding=\"async\" aria-describedby=\"caption-attachment-3864\" class=\"wp-image-3864 size-full\" title=\"Aamup\u00e4iv\u00e4ll\u00e4 harjoiteltiin Jussin johdolla erilaisia kiipeilytekniikoita.\" src=\"https:\/\/blogi.ennola.fi\/wp-content\/uploads\/2019\/08\/IMG_3031-1.jpg\" alt=\"\" width=\"450\" height=\"338\" srcset=\"https:\/\/blogi.ennola.fi\/wp-content\/uploads\/2019\/08\/IMG_3031-1.jpg 450w, https:\/\/blogi.ennola.fi\/wp-content\/uploads\/2019\/08\/IMG_3031-1-150x113.jpg 150w\" sizes=\"(max-width: 450px) 100vw, 450px\" \/><\/a><p id=\"caption-attachment-3864\" class=\"wp-caption-text\">Aamup\u00e4iv\u00e4ll\u00e4 harjoiteltiin Jussin johdolla erilaisia kiipeilytekniikoita.<\/p><\/div>\n<p>T\u00e4m\u00e4n j\u00e4lkeen siirryimme lumelle jatkamaan siit\u00e4, mihin viimeksi j\u00e4imme. Harjoittelimme liu\u2019un pys\u00e4ytt\u00e4mist\u00e4 tilanteessa, jossa jyrkk\u00e4\u00e4 lunta kiivett\u00e4ess\u00e4 yksi k\u00f6ysist\u00f6ss\u00e4 lipe\u00e4\u00e4 ja muiden on saatava liuku pys\u00e4ytetyksi. Harjoittelimme my\u00f6s jyrk\u00e4n lumirinteen kiipe\u00e4mist\u00e4 eri tavoin ja sit\u00e4 miten hakkua voi tehokkaasti hy\u00f6dynt\u00e4\u00e4 tukena kiivetess\u00e4. Harjoittelimme my\u00f6s sen, miten hakulla voi helposti ja nopeasti varmistaa per\u00e4ss\u00e4tulijoita.<\/p>\n<div id=\"attachment_3853\" style=\"width: 460px\" class=\"wp-caption aligncenter\"><a href=\"https:\/\/blogi.ennola.fi\/wp-content\/uploads\/2019\/08\/IMG_3060.jpg\" rel=\"lightbox[3808]\"><img loading=\"lazy\" decoding=\"async\" aria-describedby=\"caption-attachment-3853\" class=\"wp-image-3853 size-full\" title=\"Iltap\u00e4iv\u00e4ll\u00e4 siirryttiin j\u00e4\u00e4tik\u00f6lle.\" src=\"https:\/\/blogi.ennola.fi\/wp-content\/uploads\/2019\/08\/IMG_3060-1.jpg\" alt=\"\" width=\"450\" height=\"338\" srcset=\"https:\/\/blogi.ennola.fi\/wp-content\/uploads\/2019\/08\/IMG_3060-1.jpg 450w, https:\/\/blogi.ennola.fi\/wp-content\/uploads\/2019\/08\/IMG_3060-1-150x113.jpg 150w\" sizes=\"(max-width: 450px) 100vw, 450px\" \/><\/a><p id=\"caption-attachment-3853\" class=\"wp-caption-text\">Iltap\u00e4iv\u00e4ll\u00e4 siirryttiin j\u00e4\u00e4tik\u00f6lle.<\/p><\/div>\n<div id=\"attachment_3827\" style=\"width: 460px\" class=\"wp-caption aligncenter\"><a href=\"https:\/\/blogi.ennola.fi\/wp-content\/uploads\/2019\/08\/IMG_3064.jpg\" rel=\"lightbox[3808]\"><img loading=\"lazy\" decoding=\"async\" aria-describedby=\"caption-attachment-3827\" class=\"wp-image-3827 size-full\" title=\"Lyhytk\u00f6ysitekniikkaa.\" src=\"https:\/\/blogi.ennola.fi\/wp-content\/uploads\/2019\/08\/IMG_3064-1.jpg\" alt=\"\" width=\"450\" height=\"338\" srcset=\"https:\/\/blogi.ennola.fi\/wp-content\/uploads\/2019\/08\/IMG_3064-1.jpg 450w, https:\/\/blogi.ennola.fi\/wp-content\/uploads\/2019\/08\/IMG_3064-1-150x113.jpg 150w\" sizes=\"(max-width: 450px) 100vw, 450px\" \/><\/a><p id=\"caption-attachment-3827\" class=\"wp-caption-text\">Lyhytk\u00f6ysitekniikkaa.<\/p><\/div>\n<p>Harjoitusten j\u00e4lkeen kiipesimme 1622 metri\u00e4 korkealle Storsteinsfjelletin sivuhuipulle, jonne kiivettiin l\u00e4hinn\u00e4 jyrkk\u00e4\u00e4 lunta. Huipulta saimme ihastella upeita, lumisia maisemia ja sit\u00e4, miten lukuisat sadekuuroalueet kulkivat laaksoissa. Meihin ei onneksi sade osunut.<\/p>\n<div id=\"attachment_3860\" style=\"width: 460px\" class=\"wp-caption aligncenter\"><a href=\"https:\/\/blogi.ennola.fi\/wp-content\/uploads\/2019\/08\/IMG_3080.jpg\" rel=\"lightbox[3808]\"><img loading=\"lazy\" decoding=\"async\" aria-describedby=\"caption-attachment-3860\" class=\"wp-image-3860 size-full\" title=\"Sivuhuippu huiputettu.\" src=\"https:\/\/blogi.ennola.fi\/wp-content\/uploads\/2019\/08\/IMG_3080-1.jpg\" alt=\"\" width=\"450\" height=\"338\" srcset=\"https:\/\/blogi.ennola.fi\/wp-content\/uploads\/2019\/08\/IMG_3080-1.jpg 450w, https:\/\/blogi.ennola.fi\/wp-content\/uploads\/2019\/08\/IMG_3080-1-150x113.jpg 150w\" sizes=\"(max-width: 450px) 100vw, 450px\" \/><\/a><p id=\"caption-attachment-3860\" class=\"wp-caption-text\">Sivuhuippu huiputettu.<\/p><\/div>\n<p>Huipulta tultiinkin alas varsin vauhdikkaasti, kun Jussi k\u00f6ysist\u00f6mme ensimm\u00e4isen\u00e4 juoksemaan vauhdilla alas. Me per\u00e4ss\u00e4 tulevat pingoimme per\u00e4ss\u00e4, mink\u00e4 pystyimme, samalla pit\u00e4en k\u00f6ytt\u00e4 kire\u00e4ll\u00e4, jotta Jussi ei p\u00e4\u00e4sisi niin helposti kaatumaan \u2014 k\u00f6ysi mahdollisti toisten tukemisen my\u00f6s alam\u00e4ess\u00e4 ja juoksuvauhdissa.<\/p>\n<h2>3. p\u00e4iv\u00e4: Storsteinsfjellet 1894 m.<\/h2>\n<p>Nyt oli vuorossa kiipe\u00e4minen Storsteinsfjelletin huipulle. Suunnitelmana oli kiivet\u00e4 j\u00e4\u00e4tikk\u00f6\u00e4 pitkin mahdollisimman korkealle p\u00e4\u00e4huipun koillispuolella ja nousta siit\u00e4 it\u00e4harjanteelle, joka johdattaisi meid\u00e4t huipulle.<\/p>\n<div id=\"attachment_3855\" style=\"width: 460px\" class=\"wp-caption aligncenter\"><a href=\"https:\/\/blogi.ennola.fi\/wp-content\/uploads\/2019\/08\/IMG_3136.jpg\" rel=\"lightbox[3808]\"><img loading=\"lazy\" decoding=\"async\" aria-describedby=\"caption-attachment-3855\" class=\"wp-image-3855 size-full\" title=\"J\u00e4\u00e4tik\u00f6n reunalla muodostettiin k\u00f6ysist\u00f6t.\" src=\"https:\/\/blogi.ennola.fi\/wp-content\/uploads\/2019\/08\/IMG_3136-1.jpg\" alt=\"\" width=\"450\" height=\"338\" srcset=\"https:\/\/blogi.ennola.fi\/wp-content\/uploads\/2019\/08\/IMG_3136-1.jpg 450w, https:\/\/blogi.ennola.fi\/wp-content\/uploads\/2019\/08\/IMG_3136-1-150x113.jpg 150w\" sizes=\"(max-width: 450px) 100vw, 450px\" \/><\/a><p id=\"caption-attachment-3855\" class=\"wp-caption-text\">J\u00e4\u00e4tik\u00f6n reunalla\u00a0 muodostettiin k\u00f6ysist\u00f6t.<\/p><\/div>\n<div id=\"attachment_3828\" style=\"width: 310px\" class=\"wp-caption aligncenter\"><a href=\"https:\/\/blogi.ennola.fi\/wp-content\/uploads\/2019\/08\/IMG_3145.jpg\" rel=\"lightbox[3808]\"><img loading=\"lazy\" decoding=\"async\" aria-describedby=\"caption-attachment-3828\" class=\"wp-image-3828 size-full\" title=\"K\u00f6ysist\u00f6 sumuisella j\u00e4\u00e4tik\u00f6ll\u00e4. Lumi peitti kaikki railot alleen.\" src=\"https:\/\/blogi.ennola.fi\/wp-content\/uploads\/2019\/08\/IMG_3145-1.jpg\" alt=\"\" width=\"300\" height=\"400\" srcset=\"https:\/\/blogi.ennola.fi\/wp-content\/uploads\/2019\/08\/IMG_3145-1.jpg 300w, https:\/\/blogi.ennola.fi\/wp-content\/uploads\/2019\/08\/IMG_3145-1-113x150.jpg 113w\" sizes=\"(max-width: 300px) 100vw, 300px\" \/><\/a><p id=\"caption-attachment-3828\" class=\"wp-caption-text\">K\u00f6ysist\u00f6 sumuisella j\u00e4\u00e4tik\u00f6ll\u00e4. Lumi peitti kaikki railot alleen.<\/p><\/div>\n<div id=\"attachment_3856\" style=\"width: 460px\" class=\"wp-caption aligncenter\"><a href=\"https:\/\/blogi.ennola.fi\/wp-content\/uploads\/2019\/08\/IMG_3147.jpg\" rel=\"lightbox[3808]\"><img loading=\"lazy\" decoding=\"async\" aria-describedby=\"caption-attachment-3856\" class=\"wp-image-3856 size-full\" title=\"Lyhyt tauko j\u00e4\u00e4tik\u00f6ll\u00e4, railovaaran takia k\u00f6ydet olivat kirein\u00e4.\" src=\"https:\/\/blogi.ennola.fi\/wp-content\/uploads\/2019\/08\/IMG_3147-1.jpg\" alt=\"\" width=\"450\" height=\"338\" srcset=\"https:\/\/blogi.ennola.fi\/wp-content\/uploads\/2019\/08\/IMG_3147-1.jpg 450w, https:\/\/blogi.ennola.fi\/wp-content\/uploads\/2019\/08\/IMG_3147-1-150x113.jpg 150w\" sizes=\"(max-width: 450px) 100vw, 450px\" \/><\/a><p id=\"caption-attachment-3856\" class=\"wp-caption-text\">Lyhyt tauko j\u00e4\u00e4tik\u00f6ll\u00e4, railovaaran takia k\u00f6ydet olivat kirein\u00e4.<\/p><\/div>\n<p>Alun kuljimme tuttua reitti\u00e4 j\u00e4\u00e4tik\u00f6n reunaan, jossa muodostimme nelj\u00e4 k\u00f6ysist\u00f6\u00e4. Min\u00e4 sijoituin toisen oppaamme Samin kanssa samaan k\u00f6ysist\u00f6\u00f6n. L\u00e4hdimme nousemaan j\u00e4\u00e4tikk\u00f6\u00e4 yl\u00f6sp\u00e4in harjoitellen samalla k\u00f6ysist\u00f6n toimintaa m\u00e4r\u00e4ll\u00e4 eli lumipeitteisell\u00e4 j\u00e4\u00e4tik\u00f6ll\u00e4. M\u00e4r\u00e4ll\u00e4 j\u00e4\u00e4tik\u00f6ll\u00e4 kuljettaessa on t\u00e4rke\u00e4\u00e4 olla koko ajan kiinnittyneen\u00e4 k\u00f6ysist\u00f6\u00f6n, koska lumipeite k\u00e4tkee allensa railot, joihin putoaminen saattaisi olla kohtalokasta. T\u00e4rke\u00e4\u00e4 on my\u00f6s pit\u00e4\u00e4 k\u00f6ysi koko ajan riitt\u00e4v\u00e4n tiukkana, jotta se varmasti pys\u00e4ytt\u00e4\u00e4 putoamisen. N\u00e4m\u00e4 koskevat my\u00f6s kaikkia j\u00e4\u00e4ll\u00e4 tapahtuvia taukoja. Harjoittelimme my\u00f6s j\u00e4\u00e4tik\u00f6n lukemista siin\u00e4, miss\u00e4 kohdin todenn\u00e4k\u00f6isesti on paljon avoimia railoja lumen alla ja miss\u00e4 kohdin railot ovat todenn\u00e4k\u00f6isimmin painuneet umpeen.<\/p>\n<div id=\"attachment_3859\" style=\"width: 460px\" class=\"wp-caption aligncenter\"><a href=\"https:\/\/blogi.ennola.fi\/wp-content\/uploads\/2019\/08\/IMG_3151.jpg\" rel=\"lightbox[3808]\"><img loading=\"lazy\" decoding=\"async\" aria-describedby=\"caption-attachment-3859\" class=\"wp-image-3859 size-full\" title=\"Toinen oppaamme Sami tauolla pienell\u00e4 kalliolla j\u00e4\u00e4tik\u00f6n keskell\u00e4.\" src=\"https:\/\/blogi.ennola.fi\/wp-content\/uploads\/2019\/08\/IMG_3151-1.jpg\" alt=\"\" width=\"450\" height=\"338\" srcset=\"https:\/\/blogi.ennola.fi\/wp-content\/uploads\/2019\/08\/IMG_3151-1.jpg 450w, https:\/\/blogi.ennola.fi\/wp-content\/uploads\/2019\/08\/IMG_3151-1-150x113.jpg 150w\" sizes=\"(max-width: 450px) 100vw, 450px\" \/><\/a><p id=\"caption-attachment-3859\" class=\"wp-caption-text\">Toinen oppaamme Sami tauolla pienell\u00e4 kalliolla j\u00e4\u00e4tik\u00f6n keskell\u00e4.<\/p><\/div>\n<div id=\"attachment_3854\" style=\"width: 310px\" class=\"wp-caption aligncenter\"><a href=\"https:\/\/blogi.ennola.fi\/wp-content\/uploads\/2019\/08\/IMG_3152.jpg\" rel=\"lightbox[3808]\"><img loading=\"lazy\" decoding=\"async\" aria-describedby=\"caption-attachment-3854\" class=\"wp-image-3854 size-full\" title=\"Lounastauko.\" src=\"https:\/\/blogi.ennola.fi\/wp-content\/uploads\/2019\/08\/IMG_3152-1.jpg\" alt=\"\" width=\"300\" height=\"400\" srcset=\"https:\/\/blogi.ennola.fi\/wp-content\/uploads\/2019\/08\/IMG_3152-1.jpg 300w, https:\/\/blogi.ennola.fi\/wp-content\/uploads\/2019\/08\/IMG_3152-1-113x150.jpg 113w\" sizes=\"(max-width: 300px) 100vw, 300px\" \/><\/a><p id=\"caption-attachment-3854\" class=\"wp-caption-text\">Lounastauko.<\/p><\/div>\n<p>Kahden tunnin j\u00e4\u00e4tik\u00f6ll\u00e4 olon j\u00e4lkeen pidimme lounastauon pienell\u00e4 kallioalueella kahden j\u00e4\u00e4tik\u00f6n v\u00e4liss\u00e4. T\u00e4st\u00e4 Jussi l\u00e4hti edelt\u00e4 kahden k\u00f6ysist\u00f6n kanssa kohti huippua ja me kaksi muuta k\u00f6ysist\u00f6\u00e4 l\u00e4hdimme puolituntia my\u00f6hemmin Samin johdolla liikkeelle. Nousimme loppua kohden jyrkkenev\u00e4\u00e4 j\u00e4\u00e4tikk\u00f6\u00e4 kohtaan, josta siirtyminen huippuharjanteelle oli helppoa. J\u00e4\u00e4tik\u00f6n ja kallion v\u00e4liss\u00e4 oli varsin syv\u00e4 reunarailo, jonka p\u00e4\u00e4si hypp\u00e4\u00e4m\u00e4ll\u00e4 yli. Toki varmistajan piti olla valmiina kirist\u00e4m\u00e4\u00e4n k\u00f6ysi, jos hypyss\u00e4 olisi jokin mennyt pieleen.<\/p>\n<div id=\"attachment_3829\" style=\"width: 460px\" class=\"wp-caption aligncenter\"><a href=\"https:\/\/blogi.ennola.fi\/wp-content\/uploads\/2019\/08\/IMG_3177.jpg\" rel=\"lightbox[3808]\"><img loading=\"lazy\" decoding=\"async\" aria-describedby=\"caption-attachment-3829\" class=\"wp-image-3829 size-full\" title=\"K\u00f6ysist\u00f6 eteni j\u00e4\u00e4tikk\u00f6\u00e4 my\u00f6den kohti Storsteinsfjelletin huippua.\" src=\"https:\/\/blogi.ennola.fi\/wp-content\/uploads\/2019\/08\/IMG_3177-1.jpg\" alt=\"\" width=\"450\" height=\"338\" srcset=\"https:\/\/blogi.ennola.fi\/wp-content\/uploads\/2019\/08\/IMG_3177-1.jpg 450w, https:\/\/blogi.ennola.fi\/wp-content\/uploads\/2019\/08\/IMG_3177-1-150x113.jpg 150w\" sizes=\"(max-width: 450px) 100vw, 450px\" \/><\/a><p id=\"caption-attachment-3829\" class=\"wp-caption-text\">K\u00f6ysist\u00f6 eteni j\u00e4\u00e4tikk\u00f6\u00e4 my\u00f6den kohti Storsteinsfjelletin huippua.<\/p><\/div>\n<div id=\"attachment_3831\" style=\"width: 310px\" class=\"wp-caption aligncenter\"><a href=\"https:\/\/blogi.ennola.fi\/wp-content\/uploads\/2019\/08\/IMG_3190.jpg\" rel=\"lightbox[3808]\"><img loading=\"lazy\" decoding=\"async\" aria-describedby=\"caption-attachment-3831\" class=\"wp-image-3831 size-full\" title=\"J\u00e4\u00e4tik\u00f6n yl\u00e4osa oli varsin jyrkk\u00e4.\" src=\"https:\/\/blogi.ennola.fi\/wp-content\/uploads\/2019\/08\/IMG_3190-1.jpg\" alt=\"\" width=\"300\" height=\"400\" srcset=\"https:\/\/blogi.ennola.fi\/wp-content\/uploads\/2019\/08\/IMG_3190-1.jpg 300w, https:\/\/blogi.ennola.fi\/wp-content\/uploads\/2019\/08\/IMG_3190-1-113x150.jpg 113w\" sizes=\"(max-width: 300px) 100vw, 300px\" \/><\/a><p id=\"caption-attachment-3831\" class=\"wp-caption-text\">J\u00e4\u00e4tik\u00f6n yl\u00e4osa oli varsin jyrkk\u00e4.<\/p><\/div>\n<div id=\"attachment_3830\" style=\"width: 310px\" class=\"wp-caption aligncenter\"><a href=\"https:\/\/blogi.ennola.fi\/wp-content\/uploads\/2019\/08\/IMG_3186.jpg\" rel=\"lightbox[3808]\"><img loading=\"lazy\" decoding=\"async\" aria-describedby=\"caption-attachment-3830\" class=\"wp-image-3830 size-full\" title=\"Sami etsi reitti\u00e4 varsin syv\u00e4n reunarailon yli.\" src=\"https:\/\/blogi.ennola.fi\/wp-content\/uploads\/2019\/08\/IMG_3186-1.jpg\" alt=\"\" width=\"300\" height=\"400\" srcset=\"https:\/\/blogi.ennola.fi\/wp-content\/uploads\/2019\/08\/IMG_3186-1.jpg 300w, https:\/\/blogi.ennola.fi\/wp-content\/uploads\/2019\/08\/IMG_3186-1-113x150.jpg 113w\" sizes=\"(max-width: 300px) 100vw, 300px\" \/><\/a><p id=\"caption-attachment-3830\" class=\"wp-caption-text\">Sami etsi reitti\u00e4 varsin syv\u00e4n reunarailon yli.<\/p><\/div>\n<p>Loppumatka huipulle kiivettiin kaltevaa graniittiharjannetta. Mukavaa siin\u00e4 oli se, ett\u00e4 harjanne tarjosi lujan pohjan k\u00e4vell\u00e4, miss\u00e4 ei tarvinnut pel\u00e4t\u00e4 irtokivien l\u00e4htev\u00e4n jalan alta. Toki tarkkaan kannatti silti jalkansa asetella, sill\u00e4 liukastumisella olisi saattanut olla pahat seuraukset. Harjanne olisi tarjonnut hyv\u00e4n mahdollistusten varmistusten laittamiseen, mutta siihen ei oikein j\u00e4\u00e4nyt aikaa. Sami piti yll\u00e4 melkoista vauhtia, oliko syyn\u00e4 halu saada aiemmin l\u00e4htenytt\u00e4 Jussin porukkaa aikataulussa kiinni vai mik\u00e4, se j\u00e4i ep\u00e4selv\u00e4ksi. Min\u00e4 ja pari muutakin kurssilaista olisimme ainakin kaivanneet rauhallisempaa vauhtia.<\/p>\n<div id=\"attachment_3857\" style=\"width: 310px\" class=\"wp-caption aligncenter\"><a href=\"https:\/\/blogi.ennola.fi\/wp-content\/uploads\/2019\/08\/IMG_3195.jpg\" rel=\"lightbox[3808]\"><img loading=\"lazy\" decoding=\"async\" aria-describedby=\"caption-attachment-3857\" class=\"wp-image-3857 size-full\" title=\"Viimeiset pari sataa nousumetri\u00e4 huipulle olivat kaltevaa graniittiharjannetta.\" src=\"https:\/\/blogi.ennola.fi\/wp-content\/uploads\/2019\/08\/IMG_3195-1.jpg\" alt=\"\" width=\"300\" height=\"400\" srcset=\"https:\/\/blogi.ennola.fi\/wp-content\/uploads\/2019\/08\/IMG_3195-1.jpg 300w, https:\/\/blogi.ennola.fi\/wp-content\/uploads\/2019\/08\/IMG_3195-1-113x150.jpg 113w\" sizes=\"(max-width: 300px) 100vw, 300px\" \/><\/a><p id=\"caption-attachment-3857\" class=\"wp-caption-text\">Viimeiset pari sataa nousumetri\u00e4 huipulle olivat kaltevaa graniittiharjannetta.<\/p><\/div>\n<div id=\"attachment_3858\" style=\"width: 460px\" class=\"wp-caption aligncenter\"><a href=\"https:\/\/blogi.ennola.fi\/wp-content\/uploads\/2019\/08\/IMG_3213.jpg\" rel=\"lightbox[3808]\"><img loading=\"lazy\" decoding=\"async\" aria-describedby=\"caption-attachment-3858\" class=\"wp-image-3858 size-full\" title=\"K\u00e4nnyk\u00f6iss\u00e4 oli vihdoinkin kuuluvuutta Storsteinsfjelletin huipulla.\" src=\"https:\/\/blogi.ennola.fi\/wp-content\/uploads\/2019\/08\/IMG_3213-1.jpg\" alt=\"\" width=\"450\" height=\"288\" srcset=\"https:\/\/blogi.ennola.fi\/wp-content\/uploads\/2019\/08\/IMG_3213-1.jpg 450w, https:\/\/blogi.ennola.fi\/wp-content\/uploads\/2019\/08\/IMG_3213-1-150x96.jpg 150w\" sizes=\"(max-width: 450px) 100vw, 450px\" \/><\/a><p id=\"caption-attachment-3858\" class=\"wp-caption-text\">K\u00e4nnyk\u00f6iss\u00e4 oli vihdoinkin kuuluvuutta Storsteinsfjelletin huipulla.<\/p><\/div>\n<p>Huipulle p\u00e4\u00e4simme kuuden tunnin ulkoilun p\u00e4\u00e4tteeksi. Huipulla oli tilaisuus taas hieman pidemp\u00e4\u00e4n taukoon. Valitettavasti pilvet roikkuivat niin matalalla, ett\u00e4 maisemista p\u00e4\u00e4simme n\u00e4kem\u00e4\u00e4n vain vilahduksia.<\/p>\n<div id=\"attachment_3832\" style=\"width: 310px\" class=\"wp-caption aligncenter\"><a href=\"https:\/\/blogi.ennola.fi\/wp-content\/uploads\/2019\/08\/IMG_3214.jpg\" rel=\"lightbox[3808]\"><img loading=\"lazy\" decoding=\"async\" aria-describedby=\"caption-attachment-3832\" class=\"wp-image-3832 size-full\" title=\"Jussi rakensi ankkurin.\" src=\"https:\/\/blogi.ennola.fi\/wp-content\/uploads\/2019\/08\/IMG_3214-1.jpg\" alt=\"\" width=\"300\" height=\"400\" srcset=\"https:\/\/blogi.ennola.fi\/wp-content\/uploads\/2019\/08\/IMG_3214-1.jpg 300w, https:\/\/blogi.ennola.fi\/wp-content\/uploads\/2019\/08\/IMG_3214-1-113x150.jpg 113w\" sizes=\"(max-width: 300px) 100vw, 300px\" \/><\/a><p id=\"caption-attachment-3832\" class=\"wp-caption-text\">Jussi rakensi ankkurin.<\/p><\/div>\n<div id=\"attachment_3833\" style=\"width: 310px\" class=\"wp-caption aligncenter\"><a href=\"https:\/\/blogi.ennola.fi\/wp-content\/uploads\/2019\/08\/IMG_3217.jpg\" rel=\"lightbox[3808]\"><img loading=\"lazy\" decoding=\"async\" aria-describedby=\"caption-attachment-3833\" class=\"wp-image-3833 size-full\" title=\"T\u00e4st\u00e4 saatoimme laskeutua k\u00f6ydell\u00e4 j\u00e4\u00e4tik\u00f6n yl\u00e4reunaan.\" src=\"https:\/\/blogi.ennola.fi\/wp-content\/uploads\/2019\/08\/IMG_3217-1.jpg\" alt=\"\" width=\"300\" height=\"400\" srcset=\"https:\/\/blogi.ennola.fi\/wp-content\/uploads\/2019\/08\/IMG_3217-1.jpg 300w, https:\/\/blogi.ennola.fi\/wp-content\/uploads\/2019\/08\/IMG_3217-1-113x150.jpg 113w\" sizes=\"(max-width: 300px) 100vw, 300px\" \/><\/a><p id=\"caption-attachment-3833\" class=\"wp-caption-text\">T\u00e4st\u00e4 saatoimme laskeutua k\u00f6ydell\u00e4 j\u00e4\u00e4tik\u00f6n yl\u00e4reunaan.<\/p><\/div>\n<p>Jussin k\u00f6ysist\u00f6t l\u00e4htiv\u00e4t edelt\u00e4 jatkamaan harjannetta l\u00e4nteen p\u00e4in ja laskeuduimme huippuharjannetta seuraavaan satulaan saakka. T\u00e4ss\u00e4 Jussi rakensi ankkurin, josta h\u00e4n yksi kerrallaan laski meid\u00e4t takaisin j\u00e4\u00e4tik\u00f6lle. Itse h\u00e4n laskeutui viimeisen\u00e4 ja veti laskeutumisensa j\u00e4lkeen k\u00f6yden mukanaan, niin, ett\u00e4 ankkuriin j\u00e4i vain p\u00e4tk\u00e4 prusik-narua j\u00e4lkeenp\u00e4in tulevien l\u00f6ydett\u00e4v\u00e4ksi. J\u00e4\u00e4tik\u00f6ll\u00e4 perustimme k\u00f6ysist\u00f6t uudestaan ja palasimme takaisin l\u00e4ht\u00f6pisteeseen. Matkalla saattoi havaita lumipeitteess\u00e4 muutaman pienen painanteen railojen merkkin\u00e4. T\u00e4ll\u00e4 kertaa lumisillat kestiv\u00e4t eik\u00e4 kukaan pudonnut railoon.<\/p>\n<div id=\"attachment_3834\" style=\"width: 460px\" class=\"wp-caption aligncenter\"><a href=\"https:\/\/blogi.ennola.fi\/wp-content\/uploads\/2019\/08\/IMG_3223.jpg\" rel=\"lightbox[3808]\"><img loading=\"lazy\" decoding=\"async\" aria-describedby=\"caption-attachment-3834\" class=\"wp-image-3834 size-full\" title=\"J\u00e4\u00e4tik\u00f6lle tultaessa k\u00f6ysist\u00f6t j\u00e4rjest\u00e4ytyiv\u00e4t uudestaa.\" src=\"https:\/\/blogi.ennola.fi\/wp-content\/uploads\/2019\/08\/IMG_3223-1.jpg\" alt=\"\" width=\"450\" height=\"338\" srcset=\"https:\/\/blogi.ennola.fi\/wp-content\/uploads\/2019\/08\/IMG_3223-1.jpg 450w, https:\/\/blogi.ennola.fi\/wp-content\/uploads\/2019\/08\/IMG_3223-1-150x113.jpg 150w\" sizes=\"(max-width: 450px) 100vw, 450px\" \/><\/a><p id=\"caption-attachment-3834\" class=\"wp-caption-text\">J\u00e4\u00e4tik\u00f6lle tultaessa k\u00f6ysist\u00f6t j\u00e4rjest\u00e4ytyiv\u00e4t uudestaa.<\/p><\/div>\n<h2>4. p\u00e4iv\u00e4: railopelastukset<\/h2>\n<p>Nyt oli j\u00e4ljell\u00e4 ne j\u00e4\u00e4tikk\u00f6taidot, jotka aiempina p\u00e4ivin\u00e4 olivat j\u00e4\u00e4neet harjoittelematta eli railopelastustaidot. Aivan leiripaikan vieress\u00e4 oli jyrkk\u00e4 lumilippa, joka tarjosi hyv\u00e4t mahdollisuudet pelastusten harjoitteluun. Niinp\u00e4 aamiaisen j\u00e4lkeen l\u00e4hdimme rinteeseen.<\/p>\n<div id=\"attachment_4124\" style=\"width: 460px\" class=\"wp-caption aligncenter\"><a href=\"https:\/\/blogi.ennola.fi\/wp-content\/uploads\/2015\/09\/IMG_3117-1.jpg\" rel=\"lightbox[3808]\"><img loading=\"lazy\" decoding=\"async\" aria-describedby=\"caption-attachment-4124\" class=\"wp-image-4124 size-full\" title=\"Leiripaikka oli pienten kumpareiden ymp\u00e4r\u00f6im\u00e4 tasanne.\" src=\"https:\/\/blogi.ennola.fi\/wp-content\/uploads\/2015\/09\/IMG_3117.jpg\" alt=\"\" width=\"450\" height=\"338\" srcset=\"https:\/\/blogi.ennola.fi\/wp-content\/uploads\/2015\/09\/IMG_3117.jpg 450w, https:\/\/blogi.ennola.fi\/wp-content\/uploads\/2015\/09\/IMG_3117-150x113.jpg 150w\" sizes=\"(max-width: 450px) 100vw, 450px\" \/><\/a><p id=\"caption-attachment-4124\" class=\"wp-caption-text\">Leiripaikka oli pienten kumpareiden ymp\u00e4r\u00f6im\u00e4 tasanne.<\/p><\/div>\n<p>Ensiksi harjoittelimme lumiankkurin tekoa hakusta. Yksi hakku upotettuna riitt\u00e4v\u00e4n syv\u00e4lle hankeen muodosti riitt\u00e4v\u00e4n ankkurin useammankin ihmisen painolle. Sen j\u00e4lkeen harjoittelimme Z-taljan valmistusta muutamassa eri tilanteessa sek\u00e4 railosta prusikointia yl\u00f6s.<\/p>\n<p>T\u00e4m\u00e4n j\u00e4lkeen vuorossa olivat k\u00e4yt\u00e4nn\u00f6n harjoitukset, joissa kukin vuorollaan k\u00e4veli kolmihenkisen k\u00f6ysist\u00f6n ensimm\u00e4isen\u00e4 lumilipan yli tyhjyyteen. Muiden teht\u00e4v\u00e4n\u00e4 oli sitten pys\u00e4ytt\u00e4\u00e4 putoaminen, rakentaa ankkuri ja talja, sek\u00e4 aloittaa pudonneen vinssaus yl\u00f6s. Railoon pudonneen teht\u00e4v\u00e4n\u00e4 oli taas aloittaa prusikointi kohti railon reunaa.<\/p>\n<p>Railoon tippuminen tuntui pehme\u00e4lt\u00e4 ja se oli kahdelle muulle yll\u00e4tt\u00e4v\u00e4n helppo pys\u00e4ytt\u00e4\u00e4. Itse pysyin helposti pystyss\u00e4 ja odottamaani voimakasta nyk\u00e4yst\u00e4 k\u00f6ydess\u00e4 ei tuntunut. Prusikointi sen sijaan tuntui j\u00e4lleen kerran hankalalta, jos joskus tipun railoon ja joudun sielt\u00e4 nousemaan, niin toivottavasti minulla on jokin t\u00e4t\u00e4 hommaa helpottava laite mukanani. <em>Micro Traxion helpottaa t\u00e4t\u00e4 hommaa huomattavasti.<\/em><\/p>\n<p><em>Aamup\u00e4iv\u00e4n harjoitusten j\u00e4lkeen olikin vuorossa leirin purku, paluu autoille ja siirtyminen seuraavan p\u00e4iv\u00e4n kohteen l\u00e4heisyyteen y\u00f6pym\u00e4\u00e4n.<\/em><\/p>\n<h2>5. p\u00e4iv\u00e4: Hammar\u00f8yskaftet 613 m.<\/h2>\n<p>Y\u00f6n oli tihuttanut ja aamu n\u00e4ytti kostealta, joten pikkaisen huoletti p\u00e4\u00e4st\u00e4\u00e4nk\u00f6 liikkeelle ollenkaan. Aamu vaikutti kuitenkin pilvipoutaiselta, joten l\u00e4hdimme suunnitelmaan mukaisesti liikkeelle. Parkkipaikalta oli vajaan tunnin patikka helppoa, mutta paikoin jyrkk\u00e4\u00e4 polkua vuoren juurelle. Sain teht\u00e4v\u00e4kseni suunnistaa vuoren juurelle. Jyrk\u00e4nteen juurella puimme kiipeilyv\u00e4lineet p\u00e4\u00e4llemme ja muodostimme k\u00f6ysist\u00f6t. Itse p\u00e4\u00e4dyin osaksi Jussin k\u00f6ysist\u00f6\u00e4.<\/p>\n<div id=\"attachment_3835\" style=\"width: 310px\" class=\"wp-caption aligncenter\"><a href=\"https:\/\/blogi.ennola.fi\/wp-content\/uploads\/2019\/08\/IMG_3270.jpg\" rel=\"lightbox[3808]\"><img loading=\"lazy\" decoding=\"async\" aria-describedby=\"caption-attachment-3835\" class=\"wp-image-3835 size-full\" title=\"T\u00e4st\u00e4 alkoi varsinainen kiipeilyosuus.\" src=\"https:\/\/blogi.ennola.fi\/wp-content\/uploads\/2019\/08\/IMG_3270-1.jpg\" alt=\"\" width=\"300\" height=\"400\" srcset=\"https:\/\/blogi.ennola.fi\/wp-content\/uploads\/2019\/08\/IMG_3270-1.jpg 300w, https:\/\/blogi.ennola.fi\/wp-content\/uploads\/2019\/08\/IMG_3270-1-113x150.jpg 113w\" sizes=\"(max-width: 300px) 100vw, 300px\" \/><\/a><p id=\"caption-attachment-3835\" class=\"wp-caption-text\">T\u00e4st\u00e4 alkoi varsinainen kiipeilyosuus.<\/p><\/div>\n<div id=\"attachment_3837\" style=\"width: 310px\" class=\"wp-caption aligncenter\"><a href=\"https:\/\/blogi.ennola.fi\/wp-content\/uploads\/2019\/08\/IMG_3288.jpg\" rel=\"lightbox[3808]\"><img loading=\"lazy\" decoding=\"async\" aria-describedby=\"caption-attachment-3837\" class=\"wp-image-3837 size-full\" title=\"Alkuun k\u00f6ysist\u00f6 eteni liukuvalla varmistuksella.\" src=\"https:\/\/blogi.ennola.fi\/wp-content\/uploads\/2019\/08\/IMG_3288-1.jpg\" alt=\"\" width=\"300\" height=\"400\" srcset=\"https:\/\/blogi.ennola.fi\/wp-content\/uploads\/2019\/08\/IMG_3288-1.jpg 300w, https:\/\/blogi.ennola.fi\/wp-content\/uploads\/2019\/08\/IMG_3288-1-113x150.jpg 113w\" sizes=\"(max-width: 300px) 100vw, 300px\" \/><\/a><p id=\"caption-attachment-3837\" class=\"wp-caption-text\">Alkuun k\u00f6ysist\u00f6 eteni liukuvalla varmistuksella.<\/p><\/div>\n<p>Vuori oli juurelta katsoen kuin parisataametrinen hammas, joka kohosi jyrkk\u00e4reunaisena edess\u00e4mme. Tarkoituksemme oli kiivet\u00e4 huipulle helppoa (5-) Normalveien -reitti\u00e4. Itse reitti kulki erilaisten pienten boulderteht\u00e4vien avulla kalliohyllylt\u00e4 toiselle. Suurimmaksi osaksi boulderit olivat helppoja. Aika ilmavia ne kyll\u00e4 olivat, boulderointi 200 metri\u00e4 tyhj\u00e4\u00e4 alla tuntuu hieman erilaiselta, kuin heti boulderpatjan p\u00e4\u00e4ll\u00e4. Er\u00e4\u00e4ss\u00e4 kohdassa en saanut raskaalla ja kuluneella alppikeng\u00e4ll\u00e4 kunnon otetta jalkani alle, jolloin Jussi laittoi kamun ja siihen slingin minulle jalkaotteeksi.<\/p>\n<div id=\"attachment_3836\" style=\"width: 310px\" class=\"wp-caption aligncenter\"><a href=\"https:\/\/blogi.ennola.fi\/wp-content\/uploads\/2019\/08\/IMG_3278.jpg\" rel=\"lightbox[3808]\"><img loading=\"lazy\" decoding=\"async\" aria-describedby=\"caption-attachment-3836\" class=\"wp-image-3836 size-full\" title=\"Kiven ja sel\u00e4n takaa varmistus.\" src=\"https:\/\/blogi.ennola.fi\/wp-content\/uploads\/2019\/08\/IMG_3278-1.jpg\" alt=\"\" width=\"300\" height=\"400\" srcset=\"https:\/\/blogi.ennola.fi\/wp-content\/uploads\/2019\/08\/IMG_3278-1.jpg 300w, https:\/\/blogi.ennola.fi\/wp-content\/uploads\/2019\/08\/IMG_3278-1-113x150.jpg 113w\" sizes=\"(max-width: 300px) 100vw, 300px\" \/><\/a><p id=\"caption-attachment-3836\" class=\"wp-caption-text\">Kiven ja sel\u00e4n takaa varmistus.<\/p><\/div>\n<div id=\"attachment_3863\" style=\"width: 310px\" class=\"wp-caption aligncenter\"><a href=\"https:\/\/blogi.ennola.fi\/wp-content\/uploads\/2019\/08\/IMG_3299.jpg\" rel=\"lightbox[3808]\"><img loading=\"lazy\" decoding=\"async\" aria-describedby=\"caption-attachment-3863\" class=\"wp-image-3863 size-full\" title=\"Jussi varmisti ankkurista.\" src=\"https:\/\/blogi.ennola.fi\/wp-content\/uploads\/2019\/08\/IMG_3299-1.jpg\" alt=\"\" width=\"300\" height=\"400\" srcset=\"https:\/\/blogi.ennola.fi\/wp-content\/uploads\/2019\/08\/IMG_3299-1.jpg 300w, https:\/\/blogi.ennola.fi\/wp-content\/uploads\/2019\/08\/IMG_3299-1-113x150.jpg 113w\" sizes=\"(max-width: 300px) 100vw, 300px\" \/><\/a><p id=\"caption-attachment-3863\" class=\"wp-caption-text\">Jussi varmisti ankkurista.<\/p><\/div>\n<p>Loppumatkasta tein yll\u00e4tt\u00e4v\u00e4n havainnon, sill\u00e4 huomasin hukanneeni korkeanpaikankammoni jonnekin matkan varrelle. Se tunne, mik\u00e4 aiempina p\u00e4ivin\u00e4 oli h\u00e4irinnyt kiipe\u00e4mist\u00e4ni ja tuonut jatkuvaa stressi\u00e4 ilmavissa paikoissa, olikin poissa ja saatoin k\u00f6ydess\u00e4 ollessani kuikuilla jyrk\u00e4nteen reunalta satoja metrej\u00e4 alleni ilman, ett\u00e4 yht\u00e4\u00e4n teki pahaa.<\/p>\n<p>Vajaan kolmen tunnin kiipe\u00e4misen j\u00e4lkeen saavutimme vuoren lakitasanteen ja saatoimme onnitella itse\u00e4mme hyv\u00e4st\u00e4 saavutuksesta. Ylh\u00e4\u00e4ll\u00e4 arvelin kohta norjalaismummujen tulevan koiranulkoilutuslenkill\u00e4 vuoren huipulle. Ei tullut mummoja, mutta tulikin norjalaisperhe sunnuntaipiknikill\u00e4 samaa reitti\u00e4 mit\u00e4 mekin. Heid\u00e4n ainoat kiipeilyv\u00e4lineens\u00e4 olivat valjaat perheen nuorimmalla (vaikutti ekaluokkalaisen ik\u00e4iselt\u00e4) ja lyhyt p\u00e4tk\u00e4 k\u00f6ytt\u00e4 isois\u00e4ll\u00e4, jolla h\u00e4n oli auttanut nuorimmaista vaikeissa paikoissa. Norjalaiset ovat kyll\u00e4 ihan omaa porukkaansa n\u00e4iss\u00e4 ulkoilujutuissa. Itse en olisi pit\u00e4nyt k\u00f6ytt\u00e4 mitenk\u00e4\u00e4n ylimitoitettuna reitille.<\/p>\n<div id=\"attachment_3824\" style=\"width: 490px\" class=\"wp-caption aligncenter\"><a href=\"https:\/\/blogi.ennola.fi\/wp-content\/uploads\/2019\/08\/Norja_Panorama1.jpg\" rel=\"lightbox[3808]\"><img loading=\"lazy\" decoding=\"async\" aria-describedby=\"caption-attachment-3824\" class=\"wp-image-3824 size-full\" title=\"Jussi Hammar\u00f8yskaftet-tunturin huipulla.\" src=\"https:\/\/blogi.ennola.fi\/wp-content\/uploads\/2019\/08\/Norja_Panorama1-1.jpg\" alt=\"\" width=\"480\" height=\"106\" srcset=\"https:\/\/blogi.ennola.fi\/wp-content\/uploads\/2019\/08\/Norja_Panorama1-1.jpg 480w, https:\/\/blogi.ennola.fi\/wp-content\/uploads\/2019\/08\/Norja_Panorama1-1-150x33.jpg 150w\" sizes=\"(max-width: 480px) 100vw, 480px\" \/><\/a><p id=\"caption-attachment-3824\" class=\"wp-caption-text\">Jussi Hammar\u00f8yskaftet-tunturin huipulla.<\/p><\/div>\n<p>Laskeutuminen vuorelta tapahtui samaa tiet\u00e4 kuin nousukin. Lopussa teimme pitk\u00e4n k\u00f6ysilaskeutumisen, mik\u00e4 tehtiin kahdessa osassa, koska yksi 60 metrin k\u00f6ysi ei ollut tarpeeksi pitk\u00e4. T\u00e4st\u00e4 palasimmekin autoille, miss\u00e4 hyv\u00e4stelimme muut kurssilaiset ja jokainen jatkoi omille teilleen.<\/p>\n","protected":false},"excerpt":{"rendered":"<p>Hein\u00e4kuun lopulla vietin varhaiskev\u00e4isen viikon Pohjois-Norjan vuoristossa alppikiipeilykurssilla. Oppaanamme oli Jussi Muittari, joka oli minulle aiemmin tuttu jo seikkailukasvatuskoulutuksen yhten\u00e4 opettajana. Apuoppaana h\u00e4nell\u00e4 mukanaan Sami Modenius, joka oli&#8230;<\/p>\n","protected":false},"author":1,"featured_media":3870,"comment_status":"open","ping_status":"open","sticky":false,"template":"","format":"standard","meta":{"footnotes":""},"categories":[6,3],"tags":[],"_links":{"self":[{"href":"https:\/\/blogi.ennola.fi\/index.php?rest_route=\/wp\/v2\/posts\/3808"}],"collection":[{"href":"https:\/\/blogi.ennola.fi\/index.php?rest_route=\/wp\/v2\/posts"}],"about":[{"href":"https:\/\/blogi.ennola.fi\/index.php?rest_route=\/wp\/v2\/types\/post"}],"author":[{"embeddable":true,"href":"https:\/\/blogi.ennola.fi\/index.php?rest_route=\/wp\/v2\/users\/1"}],"replies":[{"embeddable":true,"href":"https:\/\/blogi.ennola.fi\/index.php?rest_route=%2Fwp%2Fv2%2Fcomments&post=3808"}],"version-history":[{"count":16,"href":"https:\/\/blogi.ennola.fi\/index.php?rest_route=\/wp\/v2\/posts\/3808\/revisions"}],"predecessor-version":[{"id":5043,"href":"https:\/\/blogi.ennola.fi\/index.php?rest_route=\/wp\/v2\/posts\/3808\/revisions\/5043"}],"wp:featuredmedia":[{"embeddable":true,"href":"https:\/\/blogi.ennola.fi\/index.php?rest_route=\/wp\/v2\/media\/3870"}],"wp:attachment":[{"href":"https:\/\/blogi.ennola.fi\/index.php?rest_route=%2Fwp%2Fv2%2Fmedia&parent=3808"}],"wp:term":[{"taxonomy":"category","embeddable":true,"href":"https:\/\/blogi.ennola.fi\/index.php?rest_route=%2Fwp%2Fv2%2Fcategories&post=3808"},{"taxonomy":"post_tag","embeddable":true,"href":"https:\/\/blogi.ennola.fi\/index.php?rest_route=%2Fwp%2Fv2%2Ftags&post=3808"}],"curies":[{"name":"wp","href":"https:\/\/api.w.org\/{rel}","templated":true}]}}