{"id":3883,"date":"2015-04-28T09:28:37","date_gmt":"2015-04-28T06:28:37","guid":{"rendered":"https:\/\/blogi.ennola.fi\/?p=3883"},"modified":"2020-07-08T12:24:53","modified_gmt":"2020-07-08T09:24:53","slug":"vajosuon-vaellus","status":"publish","type":"post","link":"https:\/\/blogi.ennola.fi\/?p=3883","title":{"rendered":"Vajosuon vaellus"},"content":{"rendered":"<p>Aamu on ilmaissut kiinnostuksensa saman tapaiseen Lapin vaellukseen, mit\u00e4 isosisko teki viime kes\u00e4n\u00e4. Aamu on ehk\u00e4 viel\u00e4 hieman nuori l\u00e4htem\u00e4\u00e4n yli viikon vaellukselle, mutta lupasin vied\u00e4 h\u00e4net v\u00e4h\u00e4n lyhyemm\u00e4lle vaellukselle, jotta h\u00e4n itse n\u00e4kee sen, milt\u00e4 v\u00e4h\u00e4n painavampaa rinkkaa tuntuu kantaa. Niinp\u00e4 nyt p\u00e4\u00e4si\u00e4islomalla teimme Aamun kanssa kahden y\u00f6n vaelluksen Kurjenrahkan kansallispuistossa. Mukaan luonnollisestikin l\u00e4hti my\u00f6s koiramme Pippuri. Vajosuon vaelluksen 30 kilometri\u00e4 tuntuivat sopivilta t\u00e4h\u00e4n reissuun.<\/p>\n<div id=\"attachment_3898\" style=\"width: 490px\" class=\"wp-caption aligncenter\"><a href=\"https:\/\/blogi.ennola.fi\/wp-content\/uploads\/2019\/09\/Vajosuo_Panorama4.jpg\" rel=\"lightbox[3883]\"><img loading=\"lazy\" decoding=\"async\" aria-describedby=\"caption-attachment-3898\" class=\"wp-image-3898 size-full\" title=\"Suota T\u00f6ykk\u00e4l\u00e4n laavun edess\u00e4.\" src=\"https:\/\/blogi.ennola.fi\/wp-content\/uploads\/2019\/09\/Vajosuo_Panorama4-1.jpg\" alt=\"\" width=\"480\" height=\"124\" srcset=\"https:\/\/blogi.ennola.fi\/wp-content\/uploads\/2019\/09\/Vajosuo_Panorama4-1.jpg 480w, https:\/\/blogi.ennola.fi\/wp-content\/uploads\/2019\/09\/Vajosuo_Panorama4-1-150x39.jpg 150w\" sizes=\"(max-width: 480px) 100vw, 480px\" \/><\/a><p id=\"caption-attachment-3898\" class=\"wp-caption-text\">Suota T\u00f6ykk\u00e4l\u00e4n laavun edess\u00e4.<\/p><\/div>\n<div id=\"attachment_3895\" style=\"width: 490px\" class=\"wp-caption aligncenter\"><a href=\"https:\/\/blogi.ennola.fi\/wp-content\/uploads\/2019\/09\/Vajosuo_Panorama1.jpg\" rel=\"lightbox[3883]\"><img loading=\"lazy\" decoding=\"async\" aria-describedby=\"caption-attachment-3895\" class=\"wp-image-3895 size-full\" title=\"Lumiset pitkokset laavun takaa.\" src=\"https:\/\/blogi.ennola.fi\/wp-content\/uploads\/2019\/09\/Vajosuo_Panorama1-1.jpg\" alt=\"\" width=\"480\" height=\"86\" srcset=\"https:\/\/blogi.ennola.fi\/wp-content\/uploads\/2019\/09\/Vajosuo_Panorama1-1.jpg 480w, https:\/\/blogi.ennola.fi\/wp-content\/uploads\/2019\/09\/Vajosuo_Panorama1-1-150x27.jpg 150w\" sizes=\"(max-width: 480px) 100vw, 480px\" \/><\/a><p id=\"caption-attachment-3895\" class=\"wp-caption-text\">Lumiset pitkokset laavun takaa.<\/p><\/div>\n<p>L\u00e4hdimme liikkeelle Kurjenpes\u00e4lt\u00e4 lauantai iltap\u00e4iv\u00e4ll\u00e4 ja ensimm\u00e4isen\u00e4 iltana k\u00e4velimme reilun viiden kilometrin matkan T\u00f6ykk\u00e4l\u00e4n laavulle. Laavulla valmistimme iltapalan ja nautimme nuotion l\u00e4mm\u00f6st\u00e4 ennen nukkumaan menoa. Y\u00f6 oli kylm\u00e4 ja aamulla huomasimme ohuen lumikerroksen tehneen maiseman varsin kauniiksi. Ennen liikkeellel\u00e4ht\u00f6\u00e4 halusin k\u00e4yd\u00e4 katsomassa vanhaa Login kammia, miss\u00e4 lapsena olin lukuisia kertoja y\u00f6pynyt. Turkulainen tunturikerho oli yll\u00e4pit\u00e4nyt jossain l\u00e4hist\u00f6ll\u00e4 turvekammia ja kotaa, jotka silloin toimivat autiotupa periaatteella. Ne olivat minulle ainut y\u00f6pymismahdollisuus, kun en viel\u00e4 omistanut riitt\u00e4v\u00e4n l\u00e4mmint\u00e4 makuupussia teltassa nukkumiseen talvipakkasella.<\/p>\n<div class=\"mceTemp\"><\/div>\n<div id=\"attachment_3903\" style=\"width: 460px\" class=\"wp-caption aligncenter\"><a href=\"https:\/\/blogi.ennola.fi\/wp-content\/uploads\/2019\/09\/IMG_2196.jpg\" rel=\"lightbox[3883]\"><img loading=\"lazy\" decoding=\"async\" aria-describedby=\"caption-attachment-3903\" class=\"wp-image-3903 size-full\" title=\"Login vanha kammi T\u00f6ykk\u00e4l\u00e4n l\u00e4hell\u00e4.\" src=\"https:\/\/blogi.ennola.fi\/wp-content\/uploads\/2019\/09\/IMG_2196-1.jpg\" alt=\"\" width=\"450\" height=\"338\" srcset=\"https:\/\/blogi.ennola.fi\/wp-content\/uploads\/2019\/09\/IMG_2196-1.jpg 450w, https:\/\/blogi.ennola.fi\/wp-content\/uploads\/2019\/09\/IMG_2196-1-150x113.jpg 150w\" sizes=\"(max-width: 450px) 100vw, 450px\" \/><\/a><p id=\"caption-attachment-3903\" class=\"wp-caption-text\">Login vanha kammi T\u00f6ykk\u00e4l\u00e4n l\u00e4hell\u00e4.<\/p><\/div>\n<p>Toisena p\u00e4iv\u00e4n\u00e4 olikin edess\u00e4 ihan kunnon vaellusmatka, vajaat 19 kilometri\u00e4. P\u00e4iv\u00e4 l\u00e4mpeni melko nopeasti ja aamun lumisade haihtui taivaan tuuliin. Kurjenrahkan kansallispuistoa perustettaessa syntyi k\u00e4site aavistushakkuut, mill\u00e4 tarkoitettiin hakkuita puistoon aiotuilla mets\u00e4alueilla ja joiden tarkoituksen oli est\u00e4\u00e4 puiston reunametsien liitt\u00e4minen suojelualueeseen. Vajosuon ja Pukkipalon v\u00e4lisell\u00e4 alueilla n\u00e4kyi runsaasti uusia hakkuita, olivatko n\u00e4m\u00e4kin aavistushakkuita vai normaalia mets\u00e4talouskiertoa.<\/p>\n<div id=\"attachment_3902\" style=\"width: 460px\" class=\"wp-caption aligncenter\"><a href=\"https:\/\/blogi.ennola.fi\/wp-content\/uploads\/2019\/09\/IMG_2204.jpg\" rel=\"lightbox[3883]\"><img loading=\"lazy\" decoding=\"async\" aria-describedby=\"caption-attachment-3902\" class=\"wp-image-3902 size-full\" title=\"V\u00e4lill\u00e4 polku kulki pieni\u00e4 teit\u00e4 peltojen poikki.\" src=\"https:\/\/blogi.ennola.fi\/wp-content\/uploads\/2019\/09\/IMG_2204-1.jpg\" alt=\"\" width=\"450\" height=\"338\" srcset=\"https:\/\/blogi.ennola.fi\/wp-content\/uploads\/2019\/09\/IMG_2204-1.jpg 450w, https:\/\/blogi.ennola.fi\/wp-content\/uploads\/2019\/09\/IMG_2204-1-150x113.jpg 150w\" sizes=\"(max-width: 450px) 100vw, 450px\" \/><\/a><p id=\"caption-attachment-3902\" class=\"wp-caption-text\">V\u00e4lill\u00e4 polku kulki pieni\u00e4 teit\u00e4 peltojen poikki.<\/p><\/div>\n<div id=\"attachment_3904\" style=\"width: 310px\" class=\"wp-caption aligncenter\"><a href=\"https:\/\/blogi.ennola.fi\/wp-content\/uploads\/2019\/09\/IMG_2207.jpg\" rel=\"lightbox[3883]\"><img loading=\"lazy\" decoding=\"async\" aria-describedby=\"caption-attachment-3904\" class=\"wp-image-3904 size-full\" title=\"Vajosuon reunapolkuja.\" src=\"https:\/\/blogi.ennola.fi\/wp-content\/uploads\/2019\/09\/IMG_2207-1.jpg\" alt=\"\" width=\"300\" height=\"400\" srcset=\"https:\/\/blogi.ennola.fi\/wp-content\/uploads\/2019\/09\/IMG_2207-1.jpg 300w, https:\/\/blogi.ennola.fi\/wp-content\/uploads\/2019\/09\/IMG_2207-1-113x150.jpg 113w\" sizes=\"(max-width: 300px) 100vw, 300px\" \/><\/a><p id=\"caption-attachment-3904\" class=\"wp-caption-text\">Vajosuon reunapolkuja.<\/p><\/div>\n<div id=\"attachment_3901\" style=\"width: 310px\" class=\"wp-caption aligncenter\"><a href=\"https:\/\/blogi.ennola.fi\/wp-content\/uploads\/2019\/09\/IMG_2211.jpg\" rel=\"lightbox[3883]\"><img loading=\"lazy\" decoding=\"async\" aria-describedby=\"caption-attachment-3901\" class=\"wp-image-3901 size-full\" title=\"Polku kauniissa hoitomets\u00e4ss\u00e4.\" src=\"https:\/\/blogi.ennola.fi\/wp-content\/uploads\/2019\/09\/IMG_2211-1.jpg\" alt=\"\" width=\"300\" height=\"400\" srcset=\"https:\/\/blogi.ennola.fi\/wp-content\/uploads\/2019\/09\/IMG_2211-1.jpg 300w, https:\/\/blogi.ennola.fi\/wp-content\/uploads\/2019\/09\/IMG_2211-1-113x150.jpg 113w\" sizes=\"(max-width: 300px) 100vw, 300px\" \/><\/a><p id=\"caption-attachment-3901\" class=\"wp-caption-text\">Polku kauniissa hoitomets\u00e4ss\u00e4.<\/p><\/div>\n<div id=\"attachment_3897\" style=\"width: 490px\" class=\"wp-caption aligncenter\"><a href=\"https:\/\/blogi.ennola.fi\/wp-content\/uploads\/2019\/09\/Vajosuo_Panorama3.jpg\" rel=\"lightbox[3883]\"><img loading=\"lazy\" decoding=\"async\" aria-describedby=\"caption-attachment-3897\" class=\"wp-image-3897 size-full\" title=\"Mets\u00e4nhakkuita kansallispuiston reunalla.\" src=\"https:\/\/blogi.ennola.fi\/wp-content\/uploads\/2019\/09\/Vajosuo_Panorama3-1.jpg\" alt=\"\" width=\"480\" height=\"142\" srcset=\"https:\/\/blogi.ennola.fi\/wp-content\/uploads\/2019\/09\/Vajosuo_Panorama3-1.jpg 480w, https:\/\/blogi.ennola.fi\/wp-content\/uploads\/2019\/09\/Vajosuo_Panorama3-1-150x44.jpg 150w\" sizes=\"(max-width: 480px) 100vw, 480px\" \/><\/a><p id=\"caption-attachment-3897\" class=\"wp-caption-text\">Mets\u00e4nhakkuita kansallispuiston reunalla.<\/p><\/div>\n<div id=\"attachment_3905\" style=\"width: 310px\" class=\"wp-caption aligncenter\"><a href=\"https:\/\/blogi.ennola.fi\/wp-content\/uploads\/2019\/09\/IMG_2219.jpg\" rel=\"lightbox[3883]\"><img loading=\"lazy\" decoding=\"async\" aria-describedby=\"caption-attachment-3905\" class=\"wp-image-3905 size-full\" title=\"Rettun laavulla lounaalla.\" src=\"https:\/\/blogi.ennola.fi\/wp-content\/uploads\/2019\/09\/IMG_2219-1.jpg\" alt=\"\" width=\"300\" height=\"400\" srcset=\"https:\/\/blogi.ennola.fi\/wp-content\/uploads\/2019\/09\/IMG_2219-1.jpg 300w, https:\/\/blogi.ennola.fi\/wp-content\/uploads\/2019\/09\/IMG_2219-1-113x150.jpg 113w\" sizes=\"(max-width: 300px) 100vw, 300px\" \/><\/a><p id=\"caption-attachment-3905\" class=\"wp-caption-text\">Rettun laavulla lounaalla.<\/p><\/div>\n<div id=\"attachment_3896\" style=\"width: 490px\" class=\"wp-caption aligncenter\"><a href=\"https:\/\/blogi.ennola.fi\/wp-content\/uploads\/2019\/09\/Vajosuo_Panorama2.jpg\" rel=\"lightbox[3883]\"><img loading=\"lazy\" decoding=\"async\" aria-describedby=\"caption-attachment-3896\" class=\"wp-image-3896 size-full\" title=\"Hakattua mets\u00e4\u00e4 Pukkipalon tien varressa.\" src=\"https:\/\/blogi.ennola.fi\/wp-content\/uploads\/2019\/09\/Vajosuo_Panorama2-1.jpg\" alt=\"\" width=\"480\" height=\"143\" srcset=\"https:\/\/blogi.ennola.fi\/wp-content\/uploads\/2019\/09\/Vajosuo_Panorama2-1.jpg 480w, https:\/\/blogi.ennola.fi\/wp-content\/uploads\/2019\/09\/Vajosuo_Panorama2-1-150x45.jpg 150w\" sizes=\"(max-width: 480px) 100vw, 480px\" \/><\/a><p id=\"caption-attachment-3896\" class=\"wp-caption-text\">Hakattua mets\u00e4\u00e4 Pukkipalon tien varressa.<\/p><\/div>\n<p>Voimia elvytt\u00e4v\u00e4n lounastauon pidimme puolenv\u00e4lin paikkeilla Rettun laavulla. Hieman oudosti Rettun laavua ei ole merkitty kaikkiin alueen esitteisiin ja reittikuvauksiin. Aamu jaksoikin p\u00e4iv\u00e4n todella reippaasti ilman mit\u00e4\u00e4n kitin\u00f6it\u00e4. Illansuussa aurinkokin alkoi paistaa mukavasti ja p\u00e4\u00e4simme p\u00e4\u00e4tt\u00e4m\u00e4\u00e4n vaellusp\u00e4iv\u00e4n Lakj\u00e4rven rannassa auringonlaskua ihastellen. Y\u00f6 Lakj\u00e4rvell\u00e4 ei ollut ihan niin kylm\u00e4 kuin edellinen.<\/p>\n<div id=\"attachment_3899\" style=\"width: 490px\" class=\"wp-caption aligncenter\"><a href=\"https:\/\/blogi.ennola.fi\/wp-content\/uploads\/2019\/09\/Vajosuo_Panorama5.jpg\" rel=\"lightbox[3883]\"><img loading=\"lazy\" decoding=\"async\" aria-describedby=\"caption-attachment-3899\" class=\"wp-image-3899 size-full\" title=\"Auringonlasku Lakj\u00e4rvell\u00e4.\" src=\"https:\/\/blogi.ennola.fi\/wp-content\/uploads\/2019\/09\/Vajosuo_Panorama5-1.jpg\" alt=\"\" width=\"480\" height=\"111\" srcset=\"https:\/\/blogi.ennola.fi\/wp-content\/uploads\/2019\/09\/Vajosuo_Panorama5-1.jpg 480w, https:\/\/blogi.ennola.fi\/wp-content\/uploads\/2019\/09\/Vajosuo_Panorama5-1-150x35.jpg 150w\" sizes=\"(max-width: 480px) 100vw, 480px\" \/><\/a><p id=\"caption-attachment-3899\" class=\"wp-caption-text\">Auringonlasku Lakj\u00e4rvell\u00e4.<\/p><\/div>\n<div id=\"attachment_3900\" style=\"width: 460px\" class=\"wp-caption aligncenter\"><a href=\"https:\/\/blogi.ennola.fi\/wp-content\/uploads\/2019\/09\/IMG_2241.jpg\" rel=\"lightbox[3883]\"><img loading=\"lazy\" decoding=\"async\" aria-describedby=\"caption-attachment-3900\" class=\"wp-image-3900 size-full\" title=\"Lakj\u00e4rven laavu.\" src=\"https:\/\/blogi.ennola.fi\/wp-content\/uploads\/2019\/09\/IMG_2241-1.jpg\" alt=\"\" width=\"450\" height=\"338\" srcset=\"https:\/\/blogi.ennola.fi\/wp-content\/uploads\/2019\/09\/IMG_2241-1.jpg 450w, https:\/\/blogi.ennola.fi\/wp-content\/uploads\/2019\/09\/IMG_2241-1-150x113.jpg 150w\" sizes=\"(max-width: 450px) 100vw, 450px\" \/><\/a><p id=\"caption-attachment-3900\" class=\"wp-caption-text\">Lakj\u00e4rven laavu.<\/p><\/div>\n<p>Matkaa Kurjenpes\u00e4lle oli viel\u00e4 reilut seitsem\u00e4n kilometri\u00e4, mik\u00e4 meni mukavasti aamup\u00e4iv\u00e4n aikana. Matkalla Pippuri p\u00e4\u00e4si nauttiman talven vanhoista lumista, joissa kieriskely oli h\u00e4nest\u00e4 ihanaa. Savoj\u00e4rven rantaa kiert\u00e4v\u00e4t pitkospuut olivat varsin kauniit nyt kev\u00e4isen\u00e4 aamuna.<\/p>\n<div id=\"attachment_4365\" style=\"width: 460px\" class=\"wp-caption aligncenter\"><a href=\"https:\/\/blogi.ennola.fi\/wp-content\/uploads\/2015\/04\/IMG_2253.jpg\" rel=\"lightbox[3883]\"><img loading=\"lazy\" decoding=\"async\" aria-describedby=\"caption-attachment-4365\" class=\"wp-image-4365 size-full\" title=\"Pippuri nauttii lumesta.\" src=\"https:\/\/blogi.ennola.fi\/wp-content\/uploads\/2015\/04\/IMG_2253-1.jpg\" alt=\"\" width=\"450\" height=\"331\" srcset=\"https:\/\/blogi.ennola.fi\/wp-content\/uploads\/2015\/04\/IMG_2253-1.jpg 450w, https:\/\/blogi.ennola.fi\/wp-content\/uploads\/2015\/04\/IMG_2253-1-150x110.jpg 150w\" sizes=\"(max-width: 450px) 100vw, 450px\" \/><\/a><p id=\"caption-attachment-4365\" class=\"wp-caption-text\">Pippuri nauttii lumesta.<\/p><\/div>\n<div id=\"attachment_4364\" style=\"width: 343px\" class=\"wp-caption aligncenter\"><a href=\"https:\/\/blogi.ennola.fi\/wp-content\/uploads\/2015\/04\/IMG_2265.jpg\" rel=\"lightbox[3883]\"><img loading=\"lazy\" decoding=\"async\" aria-describedby=\"caption-attachment-4364\" class=\"wp-image-4364 size-full\" title=\"Pitkospuut Savoj\u00e4rven rannassa.\" src=\"https:\/\/blogi.ennola.fi\/wp-content\/uploads\/2015\/04\/IMG_2265-1.jpg\" alt=\"\" width=\"333\" height=\"400\" srcset=\"https:\/\/blogi.ennola.fi\/wp-content\/uploads\/2015\/04\/IMG_2265-1.jpg 333w, https:\/\/blogi.ennola.fi\/wp-content\/uploads\/2015\/04\/IMG_2265-1-125x150.jpg 125w\" sizes=\"(max-width: 333px) 100vw, 333px\" \/><\/a><p id=\"caption-attachment-4364\" class=\"wp-caption-text\">Pitkospuut Savoj\u00e4rven rannassa.<\/p><\/div>\n<p>Aamun osalta vaellus meni loistavasti. H\u00e4n ainakin omien sanojen mukaisesti nautti matkastaan. H\u00e4n reippaasti jaksoi kantaa rinkassaan kaikki omat varusteet ja pikkasen yhteisi\u00e4kin varusteita, vaikkakin Is\u00e4ll\u00e4 taisi olla kaikki painavat varusteet rinkassaan. Vajosuon reittikin on varsin onnistunut vaellusreitti, vaikka joissakin kohdin reitti\u00e4 voisi yritt\u00e4\u00e4 siirt\u00e4\u00e4 mets\u00e4teilt\u00e4 mets\u00e4\u00e4n ja reunametsist\u00e4 suolle, jos alueen luontoarvot sen vain kest\u00e4v\u00e4t.<\/p>\n","protected":false},"excerpt":{"rendered":"<p>Aamu on ilmaissut kiinnostuksensa saman tapaiseen Lapin vaellukseen, mit\u00e4 isosisko teki viime kes\u00e4n\u00e4. Aamu on ehk\u00e4 viel\u00e4 hieman nuori l\u00e4htem\u00e4\u00e4n yli viikon vaellukselle, mutta lupasin vied\u00e4 h\u00e4net v\u00e4h\u00e4n&#8230;<\/p>\n","protected":false},"author":1,"featured_media":3952,"comment_status":"open","ping_status":"open","sticky":false,"template":"","format":"standard","meta":{"footnotes":""},"categories":[3],"tags":[],"_links":{"self":[{"href":"https:\/\/blogi.ennola.fi\/index.php?rest_route=\/wp\/v2\/posts\/3883"}],"collection":[{"href":"https:\/\/blogi.ennola.fi\/index.php?rest_route=\/wp\/v2\/posts"}],"about":[{"href":"https:\/\/blogi.ennola.fi\/index.php?rest_route=\/wp\/v2\/types\/post"}],"author":[{"embeddable":true,"href":"https:\/\/blogi.ennola.fi\/index.php?rest_route=\/wp\/v2\/users\/1"}],"replies":[{"embeddable":true,"href":"https:\/\/blogi.ennola.fi\/index.php?rest_route=%2Fwp%2Fv2%2Fcomments&post=3883"}],"version-history":[{"count":10,"href":"https:\/\/blogi.ennola.fi\/index.php?rest_route=\/wp\/v2\/posts\/3883\/revisions"}],"predecessor-version":[{"id":5363,"href":"https:\/\/blogi.ennola.fi\/index.php?rest_route=\/wp\/v2\/posts\/3883\/revisions\/5363"}],"wp:featuredmedia":[{"embeddable":true,"href":"https:\/\/blogi.ennola.fi\/index.php?rest_route=\/wp\/v2\/media\/3952"}],"wp:attachment":[{"href":"https:\/\/blogi.ennola.fi\/index.php?rest_route=%2Fwp%2Fv2%2Fmedia&parent=3883"}],"wp:term":[{"taxonomy":"category","embeddable":true,"href":"https:\/\/blogi.ennola.fi\/index.php?rest_route=%2Fwp%2Fv2%2Fcategories&post=3883"},{"taxonomy":"post_tag","embeddable":true,"href":"https:\/\/blogi.ennola.fi\/index.php?rest_route=%2Fwp%2Fv2%2Ftags&post=3883"}],"curies":[{"name":"wp","href":"https:\/\/api.w.org\/{rel}","templated":true}]}}