{"id":3976,"date":"2014-07-18T16:11:44","date_gmt":"2014-07-18T13:11:44","guid":{"rendered":"https:\/\/blogi.ennola.fi\/?p=3976"},"modified":"2020-06-08T09:09:19","modified_gmt":"2020-06-08T06:09:19","slug":"rantaa-ja-lunta-juhannusvaelluksella","status":"publish","type":"post","link":"https:\/\/blogi.ennola.fi\/?p=3976","title":{"rendered":"R\u00e4nt\u00e4\u00e4 ja lunta juhannusvaelluksella"},"content":{"rendered":"<p>Kaksi p\u00e4iv\u00e4\u00e4 Jukolan viestin j\u00e4lkeen Alli k\u00e4vi ilmoittautumassa lukioonsa ja tekem\u00e4ss\u00e4 ensimm\u00e4isen vuoden valintansa. Jo samana iltana l\u00e4hdimme y\u00f6juna-bussiyhdistelm\u00e4ll\u00e4 Hammastunturin er\u00e4maahan h\u00e4nen ensimm\u00e4iselle pidemm\u00e4lle vaellukselle. Mukaan l\u00e4hti my\u00f6s pikkukoiramme Pippuri. Meill\u00e4 oli aikaa ja ruokia varattuna yhteens\u00e4 yhdeks\u00e4n y\u00f6n reissuun. Alun perin suunnitelmissa oli p\u00e4iv\u00e4\u00e4 lyhyempi reissu, mutta junan paikkavarausten takia pidensimme reissua p\u00e4iv\u00e4ll\u00e4.<\/p>\n<p>Reitin l\u00e4ht\u00f6kohta oli seikkailukasvatuskurssin kolmen p\u00e4iv\u00e4n vaelluksella noudatettu reitti. K\u00e4ytt\u00e4isimme samoja y\u00f6paikkoja matkalla er\u00e4maahan ja sielt\u00e4 pois. Sit\u00e4 jatkoimme kuudella p\u00e4iv\u00e4ll\u00e4 siten, ett\u00e4 kahden p\u00e4iv\u00e4n j\u00e4lkeen jatkoimme matkaa Ivalojoen Kultalaan. Siell\u00e4 pidimme lepop\u00e4iv\u00e4n, jonka j\u00e4lkeen suuntasimme kulkumme Hammastunturin kautta takaisin. Paluumatkalla ylitimme Ivalojoen pienell\u00e4 reppulautalla Louhiojan kohdalta. Matkalla kiipesimme kolmen tunturin huipulle: Hammastunturi, Tolosp\u00e4\u00e4 ja Nuovakkap\u00e4\u00e4.<\/p>\n<div id=\"attachment_3998\" style=\"width: 310px\" class=\"wp-caption aligncenter\"><a href=\"https:\/\/blogi.ennola.fi\/wp-content\/uploads\/2019\/09\/IMG_0065.jpg\" rel=\"lightbox[3976]\"><img loading=\"lazy\" decoding=\"async\" aria-describedby=\"caption-attachment-3998\" class=\"wp-image-3998 size-full\" title=\"Aurinkoinen hetki Harrip\u00e4\u00e4ll\u00e4.\" src=\"https:\/\/blogi.ennola.fi\/wp-content\/uploads\/2019\/09\/IMG_0065-1.jpg\" alt=\"\" width=\"300\" height=\"400\" srcset=\"https:\/\/blogi.ennola.fi\/wp-content\/uploads\/2019\/09\/IMG_0065-1.jpg 300w, https:\/\/blogi.ennola.fi\/wp-content\/uploads\/2019\/09\/IMG_0065-1-113x150.jpg 113w\" sizes=\"(max-width: 300px) 100vw, 300px\" \/><\/a><p id=\"caption-attachment-3998\" class=\"wp-caption-text\">Aurinkoinen hetki Harrip\u00e4\u00e4ll\u00e4.<\/p><\/div>\n<div id=\"attachment_4000\" style=\"width: 310px\" class=\"wp-caption aligncenter\"><a href=\"https:\/\/blogi.ennola.fi\/wp-content\/uploads\/2019\/09\/IMG_0123.jpg\" rel=\"lightbox[3976]\"><img loading=\"lazy\" decoding=\"async\" aria-describedby=\"caption-attachment-4000\" class=\"wp-image-4000 size-full\" title=\"Kultalan polulla.\" src=\"https:\/\/blogi.ennola.fi\/wp-content\/uploads\/2019\/09\/IMG_0123-1.jpg\" alt=\"\" width=\"300\" height=\"400\" srcset=\"https:\/\/blogi.ennola.fi\/wp-content\/uploads\/2019\/09\/IMG_0123-1.jpg 300w, https:\/\/blogi.ennola.fi\/wp-content\/uploads\/2019\/09\/IMG_0123-1-113x150.jpg 113w\" sizes=\"(max-width: 300px) 100vw, 300px\" \/><\/a><p id=\"caption-attachment-4000\" class=\"wp-caption-text\">Kultalan polulla.<\/p><\/div>\n<div id=\"attachment_3999\" style=\"width: 310px\" class=\"wp-caption aligncenter\"><a href=\"https:\/\/blogi.ennola.fi\/wp-content\/uploads\/2019\/09\/IMG_0111.jpg\" rel=\"lightbox[3976]\"><img loading=\"lazy\" decoding=\"async\" aria-describedby=\"caption-attachment-3999\" class=\"wp-image-3999 size-full\" title=\"Tauko Kultalaan menev\u00e4n polun varressa.\" src=\"https:\/\/blogi.ennola.fi\/wp-content\/uploads\/2019\/09\/IMG_0111-1.jpg\" alt=\"\" width=\"300\" height=\"400\" srcset=\"https:\/\/blogi.ennola.fi\/wp-content\/uploads\/2019\/09\/IMG_0111-1.jpg 300w, https:\/\/blogi.ennola.fi\/wp-content\/uploads\/2019\/09\/IMG_0111-1-113x150.jpg 113w\" sizes=\"(max-width: 300px) 100vw, 300px\" \/><\/a><p id=\"caption-attachment-3999\" class=\"wp-caption-text\">Tauko Kultalaan menev\u00e4n polun varressa.<\/p><\/div>\n<p>Matkan varrelle osui lukusia pienempi\u00e4 jokia, jotka helposti ylitimme keng\u00e4t jalassa. Kahdesti ylitimme Tolosjoen, miss\u00e4 olikin sitten syvempi vesi ja kovempi virta. Ylityksen ajaksi puin Pippurille pelastusliivin, ja kannoin h\u00e4net joen ylitse. Jokien ylitykset olivat h\u00e4nest\u00e4 pelottavia ja h\u00e4n pyrki yleens\u00e4 pakoon, kun alkoi vaikuttaa silt\u00e4, ett\u00e4 kahlaisimme kohta joen ylitse.<\/p>\n<p>Ivalojoen ylityksen kahlaamalla oli arvioinut Allille viel\u00e4 liian vaativaksi, joten otin sit\u00e4 varten mukaan pienen reppulautan, joka varusteineen painoi alle kaksi kiloa. Aivan kommelluksilta ei ylitys sujunut. Vasta kolmannella yrityksell\u00e4 onnistuin melomaan joen yli. Ongelmaksi muodostui kova virta ja naru, jonka tarvitsimme lautan vet\u00e4miseksi takaisin l\u00e4ht\u00f6rannalle. Virta otti niin lujaa naruun kiinni, ett\u00e4 se esti minua p\u00e4\u00e4sem\u00e4st\u00e4 vastarannalle. Lautalla joen ylityst\u00e4 Pippuri ei niink\u00e4\u00e4n j\u00e4nnitt\u00e4nyt.<\/p>\n<div id=\"attachment_4001\" style=\"width: 460px\" class=\"wp-caption aligncenter\"><a href=\"https:\/\/blogi.ennola.fi\/wp-content\/uploads\/2019\/09\/IMG_0309.jpg\" rel=\"lightbox[3976]\"><img loading=\"lazy\" decoding=\"async\" aria-describedby=\"caption-attachment-4001\" class=\"wp-image-4001 size-full\" title=\"Kultalasta nousimme pient\u00e4 polkua pitkin tunturialueelle.\" src=\"https:\/\/blogi.ennola.fi\/wp-content\/uploads\/2019\/09\/IMG_0309-1.jpg\" alt=\"\" width=\"450\" height=\"338\" srcset=\"https:\/\/blogi.ennola.fi\/wp-content\/uploads\/2019\/09\/IMG_0309-1.jpg 450w, https:\/\/blogi.ennola.fi\/wp-content\/uploads\/2019\/09\/IMG_0309-1-150x113.jpg 150w\" sizes=\"(max-width: 450px) 100vw, 450px\" \/><\/a><p id=\"caption-attachment-4001\" class=\"wp-caption-text\">Kultalasta nousimme pient\u00e4 polkua pitkin tunturialueelle.<\/p><\/div>\n<div id=\"attachment_4002\" style=\"width: 460px\" class=\"wp-caption aligncenter\"><a href=\"https:\/\/blogi.ennola.fi\/wp-content\/uploads\/2019\/09\/IMG_0320.jpg\" rel=\"lightbox[3976]\"><img loading=\"lazy\" decoding=\"async\" aria-describedby=\"caption-attachment-4002\" class=\"wp-image-4002 size-full\" title=\"Korhosenojan latvoilla.\" src=\"https:\/\/blogi.ennola.fi\/wp-content\/uploads\/2019\/09\/IMG_0320-1.jpg\" alt=\"\" width=\"450\" height=\"338\" srcset=\"https:\/\/blogi.ennola.fi\/wp-content\/uploads\/2019\/09\/IMG_0320-1.jpg 450w, https:\/\/blogi.ennola.fi\/wp-content\/uploads\/2019\/09\/IMG_0320-1-150x113.jpg 150w\" sizes=\"(max-width: 450px) 100vw, 450px\" \/><\/a><p id=\"caption-attachment-4002\" class=\"wp-caption-text\">Korhosenojan latvoilla.<\/p><\/div>\n<p>&nbsp;<\/p>\n<div id=\"attachment_4003\" style=\"width: 460px\" class=\"wp-caption aligncenter\"><a href=\"https:\/\/blogi.ennola.fi\/wp-content\/uploads\/2019\/09\/IMG_0377.jpg\" rel=\"lightbox[3976]\"><img loading=\"lazy\" decoding=\"async\" aria-describedby=\"caption-attachment-4003\" class=\"wp-image-4003 size-full\" title=\"Telttamme Hammastunturin kupeessa.\" src=\"https:\/\/blogi.ennola.fi\/wp-content\/uploads\/2019\/09\/IMG_0377-1.jpg\" alt=\"\" width=\"450\" height=\"338\" srcset=\"https:\/\/blogi.ennola.fi\/wp-content\/uploads\/2019\/09\/IMG_0377-1.jpg 450w, https:\/\/blogi.ennola.fi\/wp-content\/uploads\/2019\/09\/IMG_0377-1-150x113.jpg 150w\" sizes=\"(max-width: 450px) 100vw, 450px\" \/><\/a><p id=\"caption-attachment-4003\" class=\"wp-caption-text\">Telttamme Hammastunturin kupeessa.<\/p><\/div>\n<p>Reissua varten valmistin kaikki ev\u00e4\u00e4t itsekuivattujen kasvisten pohjalta. Alli kasvissy\u00f6j\u00e4n\u00e4 oli saanut valita reseptit, joita reissuilla s\u00f6imme. Muutaman monimutkaisimman reseptin j\u00e4tin hy\u00f6dynt\u00e4m\u00e4tt\u00e4 ja loppuja tarvittaessa hieman yksinkertaistin. Pyrin saamaan reseptit yksinkertaisiksi valmistaa j\u00e4tt\u00e4m\u00e4ll\u00e4 erikseen lis\u00e4tt\u00e4vi\u00e4 ainesosia pois. Aamiaiseksi oli puuroa, lounas oli p\u00e4iv\u00e4n p\u00e4\u00e4ateria ja iltapalana s\u00f6imme usein jotain herkkuja leiv\u00e4n ja kaakaon lis\u00e4ksi. Pari kertaa leivoin s\u00e4mpyl\u00f6it\u00e4. Pippurille ei perinteisesti ruoka oikein maittanut, nappuloita kului vain puolet normaalista. Kaikkien niiden virikkeiden keskell\u00e4 h\u00e4n ei oikein malttanut keskitty\u00e4 sy\u00f6miseen, vaan useimmiten peitteli ruokansa.<\/p>\n<div id=\"attachment_3997\" style=\"width: 460px\" class=\"wp-caption aligncenter\"><a href=\"https:\/\/blogi.ennola.fi\/wp-content\/uploads\/2019\/09\/IMG_0406.jpg\" rel=\"lightbox[3976]\"><img loading=\"lazy\" decoding=\"async\" aria-describedby=\"caption-attachment-3997\" class=\"wp-image-3997 size-full\" title=\"Hammastunturin huipulla tuulee.\" src=\"https:\/\/blogi.ennola.fi\/wp-content\/uploads\/2019\/09\/IMG_0406-1.jpg\" alt=\"\" width=\"450\" height=\"338\" srcset=\"https:\/\/blogi.ennola.fi\/wp-content\/uploads\/2019\/09\/IMG_0406-1.jpg 450w, https:\/\/blogi.ennola.fi\/wp-content\/uploads\/2019\/09\/IMG_0406-1-150x113.jpg 150w\" sizes=\"(max-width: 450px) 100vw, 450px\" \/><\/a><p id=\"caption-attachment-3997\" class=\"wp-caption-text\">Hammastunturin huipulla tuulee.<\/p><\/div>\n<div id=\"attachment_4005\" style=\"width: 460px\" class=\"wp-caption aligncenter\"><a href=\"https:\/\/blogi.ennola.fi\/wp-content\/uploads\/2019\/09\/IMG_0436.jpg\" rel=\"lightbox[3976]\"><img loading=\"lazy\" decoding=\"async\" aria-describedby=\"caption-attachment-4005\" class=\"wp-image-4005 size-full\" title=\"Pippuri laukkaa Hammastunturia alas.\" src=\"https:\/\/blogi.ennola.fi\/wp-content\/uploads\/2019\/09\/IMG_0436-1.jpg\" alt=\"\" width=\"450\" height=\"338\" srcset=\"https:\/\/blogi.ennola.fi\/wp-content\/uploads\/2019\/09\/IMG_0436-1.jpg 450w, https:\/\/blogi.ennola.fi\/wp-content\/uploads\/2019\/09\/IMG_0436-1-150x113.jpg 150w\" sizes=\"(max-width: 450px) 100vw, 450px\" \/><\/a><p id=\"caption-attachment-4005\" class=\"wp-caption-text\">Pippuri laukkaa Hammastunturia alas.<\/p><\/div>\n<p><em>\u00a0<\/em><\/p>\n<div id=\"attachment_4006\" style=\"width: 460px\" class=\"wp-caption aligncenter\"><a href=\"https:\/\/blogi.ennola.fi\/wp-content\/uploads\/2019\/09\/IMG_0442.jpg\" rel=\"lightbox[3976]\"><img loading=\"lazy\" decoding=\"async\" aria-describedby=\"caption-attachment-4006\" class=\"wp-image-4006 size-full\" title=\"Alli ja Pippuri taustalla Hammastunturin huippu.\" src=\"https:\/\/blogi.ennola.fi\/wp-content\/uploads\/2019\/09\/IMG_0442-1.jpg\" alt=\"\" width=\"450\" height=\"338\" srcset=\"https:\/\/blogi.ennola.fi\/wp-content\/uploads\/2019\/09\/IMG_0442-1.jpg 450w, https:\/\/blogi.ennola.fi\/wp-content\/uploads\/2019\/09\/IMG_0442-1-150x113.jpg 150w\" sizes=\"(max-width: 450px) 100vw, 450px\" \/><\/a><p id=\"caption-attachment-4006\" class=\"wp-caption-text\">Alli ja Pippuri taustalla Hammastunturin huippu.<\/p><\/div>\n<div id=\"attachment_3992\" style=\"width: 460px\" class=\"wp-caption aligncenter\"><a href=\"https:\/\/blogi.ennola.fi\/wp-content\/uploads\/2019\/09\/IMG_0460.jpg\" rel=\"lightbox[3976]\"><img loading=\"lazy\" decoding=\"async\" aria-describedby=\"caption-attachment-3992\" class=\"wp-image-3992 size-full\" title=\"Alli ja Pippuri ihastelevat maisemia Nuovakkap\u00e4\u00e4n huipulta.\" src=\"https:\/\/blogi.ennola.fi\/wp-content\/uploads\/2019\/09\/IMG_0460-1.jpg\" alt=\"\" width=\"450\" height=\"337\" srcset=\"https:\/\/blogi.ennola.fi\/wp-content\/uploads\/2019\/09\/IMG_0460-1.jpg 450w, https:\/\/blogi.ennola.fi\/wp-content\/uploads\/2019\/09\/IMG_0460-1-150x112.jpg 150w\" sizes=\"(max-width: 450px) 100vw, 450px\" \/><\/a><p id=\"caption-attachment-3992\" class=\"wp-caption-text\">Alli ja Pippuri ihastelevat maisemia Nuovakkap\u00e4\u00e4n huipulta.<\/p><\/div>\n<p>S\u00e4\u00e4t ei varsinaisesti suosineet reissua. Kelit olivat varsin kylm\u00e4t ja joka p\u00e4iv\u00e4 saimme niskaamme jotain vett\u00e4 kiinte\u00e4mp\u00e4\u00e4: lunta, r\u00e4nt\u00e4\u00e4 ja rakeita. Sade oli kuitenkin enimm\u00e4kseen kuuroluonteista ja aurinkoisiakin hetki\u00e4 sateen lomaan mahtui. Juhannusaattona satoi kuitenkin koko p\u00e4iv\u00e4n r\u00e4nt\u00e4\u00e4. Aamulla odottelimme jonkun aikaa s\u00e4\u00e4n selkenemist\u00e4, mutta kun keli ei n\u00e4ytt\u00e4nyt paranevan niin l\u00e4hdimme r\u00e4nt\u00e4sateessa kohti Moberginojan autiotupaa. R\u00e4nt\u00e4sade kasteli meid\u00e4t varsin tehokkaasti ja loppumatkasta ei en\u00e4\u00e4 hirve\u00e4sti huvittanut pys\u00e4hdell\u00e4 edes tauoille.<\/p>\n<p>Autiotuvalla kohtasimme is\u00e4n nuoren poikansa kanssa. Heill\u00e4 oli seuranaan kaksi kaukasianpaimenkoiraa, jotka ottivat Pippurin vastaansa yll\u00e4tt\u00e4v\u00e4n yst\u00e4v\u00e4llisesti. Koirat jopa antoivat Pippurin komennella itse\u00e4ns\u00e4 \u2013 Pippurin luulothan itsest\u00e4\u00e4n ovat aina olleet paljon kokoansa suuremmat. Sama pari tavattiin viel\u00e4 toistamiseen Kultalassa p\u00e4iv\u00e4\u00e4 my\u00f6hemmin.<\/p>\n<div id=\"attachment_4004\" style=\"width: 460px\" class=\"wp-caption aligncenter\"><a href=\"https:\/\/blogi.ennola.fi\/wp-content\/uploads\/2019\/09\/IMG_0472.jpg\" rel=\"lightbox[3976]\"><img loading=\"lazy\" decoding=\"async\" aria-describedby=\"caption-attachment-4004\" class=\"wp-image-4004 size-full\" title=\"Reppulautta ja kelluntaliivit on puhallettu Ivalojoen ylityst\u00e4 varten.\" src=\"https:\/\/blogi.ennola.fi\/wp-content\/uploads\/2019\/09\/IMG_0472-1.jpg\" alt=\"\" width=\"450\" height=\"342\" srcset=\"https:\/\/blogi.ennola.fi\/wp-content\/uploads\/2019\/09\/IMG_0472-1.jpg 450w, https:\/\/blogi.ennola.fi\/wp-content\/uploads\/2019\/09\/IMG_0472-1-150x114.jpg 150w\" sizes=\"(max-width: 450px) 100vw, 450px\" \/><\/a><p id=\"caption-attachment-4004\" class=\"wp-caption-text\">Reppulautta ja kelluntaliivit on puhallettu Ivalojoen ylityst\u00e4 varten.<\/p><\/div>\n<div id=\"attachment_3993\" style=\"width: 460px\" class=\"wp-caption aligncenter\"><a href=\"https:\/\/blogi.ennola.fi\/wp-content\/uploads\/2019\/09\/IMG_0471.jpg\" rel=\"lightbox[3976]\"><img loading=\"lazy\" decoding=\"async\" aria-describedby=\"caption-attachment-3993\" class=\"wp-image-3993 size-full\" title=\"Etsimme paikkaa Ivalojoen ylityst\u00e4 varten.\" src=\"https:\/\/blogi.ennola.fi\/wp-content\/uploads\/2019\/09\/IMG_0471-1.jpg\" alt=\"\" width=\"450\" height=\"338\" srcset=\"https:\/\/blogi.ennola.fi\/wp-content\/uploads\/2019\/09\/IMG_0471-1.jpg 450w, https:\/\/blogi.ennola.fi\/wp-content\/uploads\/2019\/09\/IMG_0471-1-150x113.jpg 150w\" sizes=\"(max-width: 450px) 100vw, 450px\" \/><\/a><p id=\"caption-attachment-3993\" class=\"wp-caption-text\">Etsimme paikkaa Ivalojoen ylityst\u00e4 varten.<\/p><\/div>\n<div id=\"attachment_4681\" style=\"width: 460px\" class=\"wp-caption aligncenter\"><a href=\"https:\/\/blogi.ennola.fi\/wp-content\/uploads\/2014\/07\/IMG_0474.jpg\" rel=\"lightbox[3976]\"><img loading=\"lazy\" decoding=\"async\" aria-describedby=\"caption-attachment-4681\" class=\"wp-image-4681 size-full\" title=\"Louhiojan autiotupa.\" src=\"https:\/\/blogi.ennola.fi\/wp-content\/uploads\/2014\/07\/IMG_0474-1.jpg\" alt=\"\" width=\"450\" height=\"338\" \/><\/a><p id=\"caption-attachment-4681\" class=\"wp-caption-text\">Louhiojan autiotupa.<\/p><\/div>\n<p>Vaellussuunnistuksessa ei hirve\u00e4sti kompassia tarvitse. Nyt olin ottanut mukaan pelk\u00e4n hajonneen kilpakompassin pes\u00e4n. Ennen Moberginojan autiotupaa jouduimme tekem\u00e4\u00e4n n. 10 kilometrin matkan kutakuinkin pelk\u00e4st\u00e4\u00e4n kompassipes\u00e4n varassa. Yll\u00e4tt\u00e4v\u00e4n tarkkaan pystyimme kuitenkin sen kanssa kulkemaan. Tulimme vain satakunta metri\u00e4 sivuun tavoitellusta maalista.<\/p>\n<p>Vaelluskeng\u00e4st\u00e4ni hajosi pohja alkumatkasta. Se irtosi osittain liimauksistaan, mutta onneksi ei irronnut kokonaan. Koitin korjata sit\u00e4 teipill\u00e4, mutta se ei oikein hyvin toiminut. Lopulta sain sen korjattua Kultalasta l\u00f6ytyneell\u00e4 rautalangan p\u00e4tk\u00e4ll\u00e4 niin, ett\u00e4 p\u00e4\u00e4sin ongelmitta pois maastosta. Valitettavasti vain reissun loppupuolella ter\u00e4v\u00e4 rautalanka repi rei\u00e4n uuden teltan pohjaan.<\/p>\n<div id=\"attachment_3994\" style=\"width: 310px\" class=\"wp-caption aligncenter\"><a href=\"https:\/\/blogi.ennola.fi\/wp-content\/uploads\/2019\/09\/IMG_0494.jpg\" rel=\"lightbox[3976]\"><img loading=\"lazy\" decoding=\"async\" aria-describedby=\"caption-attachment-3994\" class=\"wp-image-3994 size-full\" title=\"Lumisade l\u00e4hestyy.\" src=\"https:\/\/blogi.ennola.fi\/wp-content\/uploads\/2019\/09\/IMG_0494-1.jpg\" alt=\"\" width=\"300\" height=\"400\" srcset=\"https:\/\/blogi.ennola.fi\/wp-content\/uploads\/2019\/09\/IMG_0494-1.jpg 300w, https:\/\/blogi.ennola.fi\/wp-content\/uploads\/2019\/09\/IMG_0494-1-113x150.jpg 113w\" sizes=\"(max-width: 300px) 100vw, 300px\" \/><\/a><p id=\"caption-attachment-3994\" class=\"wp-caption-text\">Lumisade l\u00e4hestyy.<\/p><\/div>\n<div id=\"attachment_3995\" style=\"width: 460px\" class=\"wp-caption aligncenter\"><a href=\"https:\/\/blogi.ennola.fi\/wp-content\/uploads\/2019\/09\/IMG_0496.jpg\" rel=\"lightbox[3976]\"><img loading=\"lazy\" decoding=\"async\" aria-describedby=\"caption-attachment-3995\" class=\"wp-image-3995 size-full\" title=\"Lumikuuropilvet peitt\u00e4v\u00e4t Tolosp\u00e4\u00e4n huipun.\" src=\"https:\/\/blogi.ennola.fi\/wp-content\/uploads\/2019\/09\/IMG_0496-1.jpg\" alt=\"\" width=\"450\" height=\"338\" srcset=\"https:\/\/blogi.ennola.fi\/wp-content\/uploads\/2019\/09\/IMG_0496-1.jpg 450w, https:\/\/blogi.ennola.fi\/wp-content\/uploads\/2019\/09\/IMG_0496-1-150x113.jpg 150w\" sizes=\"(max-width: 450px) 100vw, 450px\" \/><\/a><p id=\"caption-attachment-3995\" class=\"wp-caption-text\">Lumikuuropilvet peitt\u00e4v\u00e4t Tolosp\u00e4\u00e4n huipun.<\/p><\/div>\n<p>Hammastunturin er\u00e4maa-alue oli hieno sekoitus Mets\u00e4- ja Tunturi-Lappia. Oli hieno vaeltaa samalla reissulla komeissa m\u00e4nty- ja kuusimetsiss\u00e4, tunturikoivikossa ja v\u00e4lill\u00e4 k\u00e4v\u00e4ist\u00e4 ihan paljakallakin. Ivalojoki kulttuurihistorioineen tuo oman leimansa er\u00e4maa-alueeseen. Vaikka nyt s\u00e4\u00e4t eiv\u00e4t ihan kohdilleen osuneet, oli reissu hieno ja el\u00e4myksellinen.<\/p>\n<div id=\"attachment_3996\" style=\"width: 310px\" class=\"wp-caption aligncenter\"><a href=\"https:\/\/blogi.ennola.fi\/wp-content\/uploads\/2019\/09\/IMG_0520.jpg\" rel=\"lightbox[3976]\"><img loading=\"lazy\" decoding=\"async\" aria-describedby=\"caption-attachment-3996\" class=\"wp-image-3996 size-full\" title=\"Harriojan ylitys.\" src=\"https:\/\/blogi.ennola.fi\/wp-content\/uploads\/2019\/09\/IMG_0520-1.jpg\" alt=\"\" width=\"300\" height=\"400\" srcset=\"https:\/\/blogi.ennola.fi\/wp-content\/uploads\/2019\/09\/IMG_0520-1.jpg 300w, https:\/\/blogi.ennola.fi\/wp-content\/uploads\/2019\/09\/IMG_0520-1-113x150.jpg 113w\" sizes=\"(max-width: 300px) 100vw, 300px\" \/><\/a><p id=\"caption-attachment-3996\" class=\"wp-caption-text\">Harriojan ylitys.<\/p><\/div>\n<p>&nbsp;<\/p>\n","protected":false},"excerpt":{"rendered":"<p>Kaksi p\u00e4iv\u00e4\u00e4 Jukolan viestin j\u00e4lkeen Alli k\u00e4vi ilmoittautumassa lukioonsa ja tekem\u00e4ss\u00e4 ensimm\u00e4isen vuoden valintansa. Jo samana iltana l\u00e4hdimme y\u00f6juna-bussiyhdistelm\u00e4ll\u00e4 Hammastunturin er\u00e4maahan h\u00e4nen ensimm\u00e4iselle pidemm\u00e4lle vaellukselle. Mukaan l\u00e4hti my\u00f6s&#8230;<\/p>\n","protected":false},"author":1,"featured_media":4008,"comment_status":"open","ping_status":"open","sticky":false,"template":"","format":"standard","meta":{"footnotes":""},"categories":[3],"tags":[],"_links":{"self":[{"href":"https:\/\/blogi.ennola.fi\/index.php?rest_route=\/wp\/v2\/posts\/3976"}],"collection":[{"href":"https:\/\/blogi.ennola.fi\/index.php?rest_route=\/wp\/v2\/posts"}],"about":[{"href":"https:\/\/blogi.ennola.fi\/index.php?rest_route=\/wp\/v2\/types\/post"}],"author":[{"embeddable":true,"href":"https:\/\/blogi.ennola.fi\/index.php?rest_route=\/wp\/v2\/users\/1"}],"replies":[{"embeddable":true,"href":"https:\/\/blogi.ennola.fi\/index.php?rest_route=%2Fwp%2Fv2%2Fcomments&post=3976"}],"version-history":[{"count":9,"href":"https:\/\/blogi.ennola.fi\/index.php?rest_route=\/wp\/v2\/posts\/3976\/revisions"}],"predecessor-version":[{"id":5055,"href":"https:\/\/blogi.ennola.fi\/index.php?rest_route=\/wp\/v2\/posts\/3976\/revisions\/5055"}],"wp:featuredmedia":[{"embeddable":true,"href":"https:\/\/blogi.ennola.fi\/index.php?rest_route=\/wp\/v2\/media\/4008"}],"wp:attachment":[{"href":"https:\/\/blogi.ennola.fi\/index.php?rest_route=%2Fwp%2Fv2%2Fmedia&parent=3976"}],"wp:term":[{"taxonomy":"category","embeddable":true,"href":"https:\/\/blogi.ennola.fi\/index.php?rest_route=%2Fwp%2Fv2%2Fcategories&post=3976"},{"taxonomy":"post_tag","embeddable":true,"href":"https:\/\/blogi.ennola.fi\/index.php?rest_route=%2Fwp%2Fv2%2Ftags&post=3976"}],"curies":[{"name":"wp","href":"https:\/\/api.w.org\/{rel}","templated":true}]}}