{"id":4010,"date":"2015-01-28T16:57:41","date_gmt":"2015-01-28T14:57:41","guid":{"rendered":"https:\/\/blogi.ennola.fi\/?p=4010"},"modified":"2020-11-05T20:06:16","modified_gmt":"2020-11-05T18:06:16","slug":"kaamosvaellus-inarijarvella","status":"publish","type":"post","link":"https:\/\/blogi.ennola.fi\/?p=4010","title":{"rendered":"Kaamosvaellus Inarij\u00e4rvell\u00e4"},"content":{"rendered":"<p>Syksyll\u00e4 tuli Kristianin kanssa puhetta talvivaelluksista ja p\u00e4\u00e4timme l\u00e4hte\u00e4 kaamosaikaan yhteiselle vaellukselle. Tavoitteena oli l\u00f6yt\u00e4\u00e4 kohde, miss\u00e4 olisi hyvin autiotupia ja syv\u00e4\u00e4 upottavaa lunta ei olisi liikaa, jotta tunturisuksilla p\u00e4rj\u00e4isi. Aikamme p\u00e4hk\u00e4ilty\u00e4mme Inarij\u00e4rvi valikoitui sopivaksi kohteeksi. Matkaan l\u00e4hdimme tammikuun puolenv\u00e4lin aikoihin, varasimme aikaa reilun viikon olla maastossa ja matkat Lappiin teimme y\u00f6junalla ja Rovaniemelt\u00e4 eteenp\u00e4in bussilla.<\/p>\n<div id=\"attachment_4039\" style=\"width: 460px\" class=\"wp-caption aligncenter\"><a href=\"https:\/\/blogi.ennola.fi\/wp-content\/uploads\/2019\/09\/IMG_1139.jpg\" rel=\"lightbox[4010]\"><img loading=\"lazy\" decoding=\"async\" aria-describedby=\"caption-attachment-4039\" class=\"wp-image-4039 size-full\" title=\"Moottorikelkkasafari ajaa ohitse.\" src=\"https:\/\/blogi.ennola.fi\/wp-content\/uploads\/2019\/09\/IMG_1139-1.jpg\" alt=\"\" width=\"450\" height=\"338\" srcset=\"https:\/\/blogi.ennola.fi\/wp-content\/uploads\/2019\/09\/IMG_1139-1.jpg 450w, https:\/\/blogi.ennola.fi\/wp-content\/uploads\/2019\/09\/IMG_1139-1-150x113.jpg 150w\" sizes=\"(max-width: 450px) 100vw, 450px\" \/><\/a><p id=\"caption-attachment-4039\" class=\"wp-caption-text\">Moottorikelkkasafari ajaa ohitse.<\/p><\/div>\n<div id=\"attachment_4041\" style=\"width: 490px\" class=\"wp-caption aligncenter\"><a href=\"https:\/\/blogi.ennola.fi\/wp-content\/uploads\/2019\/09\/Inari_Panorama8.jpg\" rel=\"lightbox[4010]\"><img loading=\"lazy\" decoding=\"async\" aria-describedby=\"caption-attachment-4041\" class=\"wp-image-4041 size-medium\" title=\"Kivi, Iso J\u00e4\u00e4saari.\" src=\"https:\/\/blogi.ennola.fi\/wp-content\/uploads\/2019\/09\/Inari_Panorama8-1-480x81.jpg\" alt=\"\" width=\"480\" height=\"81\" srcset=\"https:\/\/blogi.ennola.fi\/wp-content\/uploads\/2019\/09\/Inari_Panorama8-1.jpg 480w, https:\/\/blogi.ennola.fi\/wp-content\/uploads\/2019\/09\/Inari_Panorama8-1-150x25.jpg 150w\" sizes=\"(max-width: 480px) 100vw, 480px\" \/><\/a><p id=\"caption-attachment-4041\" class=\"wp-caption-text\">Kivi, Iso J\u00e4\u00e4saari.<\/p><\/div>\n<div id=\"attachment_4042\" style=\"width: 490px\" class=\"wp-caption aligncenter\"><a href=\"https:\/\/blogi.ennola.fi\/wp-content\/uploads\/2019\/09\/Inari_Panorama7.jpg\" rel=\"lightbox[4010]\"><img loading=\"lazy\" decoding=\"async\" aria-describedby=\"caption-attachment-4042\" class=\"wp-image-4042 size-medium\" title=\"Kivi, Iso J\u00e4\u00e4saari.\" src=\"https:\/\/blogi.ennola.fi\/wp-content\/uploads\/2019\/09\/Inari_Panorama7-1-480x94.jpg\" alt=\"\" width=\"480\" height=\"94\" srcset=\"https:\/\/blogi.ennola.fi\/wp-content\/uploads\/2019\/09\/Inari_Panorama7-1.jpg 480w, https:\/\/blogi.ennola.fi\/wp-content\/uploads\/2019\/09\/Inari_Panorama7-1-150x29.jpg 150w\" sizes=\"(max-width: 480px) 100vw, 480px\" \/><\/a><p id=\"caption-attachment-4042\" class=\"wp-caption-text\">Kivi, Iso J\u00e4\u00e4saari.<\/p><\/div>\n<p>J\u00e4imme bussista Ukonj\u00e4rven rannassa pienell\u00e4 levikkeell\u00e4 p\u00e4iv\u00e4n jo pimennytty\u00e4. Teimme viimeisen silauksen tavaroiden pakkaukseen, laitoimme sukset jalkaan ja l\u00e4hdimme matkaan. Juuri ennen reissua lunta oli satanut Inarissa runsaasti, joten l\u00f6ys\u00e4\u00e4 lunta oli maastossa runsaasti. Hiihdimme muutaman kilometrin matkan ja j\u00e4imme telttaan y\u00f6ksi Ukonj\u00e4rven rantaan. Suksilla saimme tampata kunnon tasanteen teltalle.<\/p>\n<div id=\"attachment_4038\" style=\"width: 460px\" class=\"wp-caption aligncenter\"><a href=\"https:\/\/blogi.ennola.fi\/wp-content\/uploads\/2019\/09\/IMG_1166.jpg\" rel=\"lightbox[4010]\"><img loading=\"lazy\" decoding=\"async\" aria-describedby=\"caption-attachment-4038\" class=\"wp-image-4038 size-full\" title=\"J\u00e4\u00e4saartensalmi.\" src=\"https:\/\/blogi.ennola.fi\/wp-content\/uploads\/2019\/09\/IMG_1166-1.jpg\" alt=\"\" width=\"450\" height=\"275\" srcset=\"https:\/\/blogi.ennola.fi\/wp-content\/uploads\/2019\/09\/IMG_1166-1.jpg 450w, https:\/\/blogi.ennola.fi\/wp-content\/uploads\/2019\/09\/IMG_1166-1-150x92.jpg 150w\" sizes=\"(max-width: 450px) 100vw, 450px\" \/><\/a><p id=\"caption-attachment-4038\" class=\"wp-caption-text\">J\u00e4\u00e4saartensalmi.<\/p><\/div>\n<div id=\"attachment_4029\" style=\"width: 490px\" class=\"wp-caption aligncenter\"><a href=\"https:\/\/blogi.ennola.fi\/wp-content\/uploads\/2019\/09\/Inari_Panorama2.jpg\" rel=\"lightbox[4010]\"><img loading=\"lazy\" decoding=\"async\" aria-describedby=\"caption-attachment-4029\" class=\"wp-image-4029 size-medium\" title=\"Vieppisaaret.\" src=\"https:\/\/blogi.ennola.fi\/wp-content\/uploads\/2019\/09\/Inari_Panorama2-1-480x68.jpg\" alt=\"\" width=\"480\" height=\"68\" srcset=\"https:\/\/blogi.ennola.fi\/wp-content\/uploads\/2019\/09\/Inari_Panorama2-1.jpg 480w, https:\/\/blogi.ennola.fi\/wp-content\/uploads\/2019\/09\/Inari_Panorama2-1-150x21.jpg 150w\" sizes=\"(max-width: 480px) 100vw, 480px\" \/><\/a><p id=\"caption-attachment-4029\" class=\"wp-caption-text\">Vieppisaaret.<\/p><\/div>\n<div id=\"attachment_4037\" style=\"width: 460px\" class=\"wp-caption aligncenter\"><a href=\"https:\/\/blogi.ennola.fi\/wp-content\/uploads\/2019\/09\/IMG_1179.jpg\" rel=\"lightbox[4010]\"><img loading=\"lazy\" decoding=\"async\" aria-describedby=\"caption-attachment-4037\" class=\"wp-image-4037 size-full\" title=\"Yksi Vieppisarista.\" src=\"https:\/\/blogi.ennola.fi\/wp-content\/uploads\/2019\/09\/IMG_1179-1.jpg\" alt=\"\" width=\"450\" height=\"263\" srcset=\"https:\/\/blogi.ennola.fi\/wp-content\/uploads\/2019\/09\/IMG_1179-1.jpg 450w, https:\/\/blogi.ennola.fi\/wp-content\/uploads\/2019\/09\/IMG_1179-1-150x88.jpg 150w\" sizes=\"(max-width: 450px) 100vw, 450px\" \/><\/a><p id=\"caption-attachment-4037\" class=\"wp-caption-text\">Yksi Vieppisarista.<\/p><\/div>\n<p>Seuraavat p\u00e4iv\u00e4t y\u00f6vyimmekin autiotuvissa, joita Inarij\u00e4rven etel\u00e4osissa on retkeilij\u00e4n kannalta riitt\u00e4miin: J\u00e4\u00e4saari, K\u00e4rpp\u00e4saari, Kahkusaari ja Pet\u00e4j\u00e4saari luetellussa j\u00e4rjestyksess\u00e4. K\u00e4rpp\u00e4saaressa olimme kaksi y\u00f6t\u00e4, joiden v\u00e4liss\u00e4 l\u00e4hdimme p\u00e4iv\u00e4selt\u00e4\u00e4n kiert\u00e4m\u00e4\u00e4n Varttasaarea ymp\u00e4ri. Pidimme lounastauon pienell\u00e4 tervasnuotiolla ja paluumatkalla oikaisimme Varttasaaren l\u00e4pi metsi\u00e4, soita ja sis\u00e4lampia pitkin.<\/p>\n<div id=\"attachment_4036\" style=\"width: 460px\" class=\"wp-caption aligncenter\"><a href=\"https:\/\/blogi.ennola.fi\/wp-content\/uploads\/2019\/09\/IMG_1193b.jpg\" rel=\"lightbox[4010]\"><img loading=\"lazy\" decoding=\"async\" aria-describedby=\"caption-attachment-4036\" class=\"wp-image-4036 size-full\" title=\"It\u00e4viitta, Sammakkoselk\u00e4.\" src=\"https:\/\/blogi.ennola.fi\/wp-content\/uploads\/2019\/09\/IMG_1193b-1.jpg\" alt=\"\" width=\"450\" height=\"338\" srcset=\"https:\/\/blogi.ennola.fi\/wp-content\/uploads\/2019\/09\/IMG_1193b-1.jpg 450w, https:\/\/blogi.ennola.fi\/wp-content\/uploads\/2019\/09\/IMG_1193b-1-150x113.jpg 150w\" sizes=\"(max-width: 450px) 100vw, 450px\" \/><\/a><p id=\"caption-attachment-4036\" class=\"wp-caption-text\">It\u00e4viitta, Sammakkoselk\u00e4.<\/p><\/div>\n<div id=\"attachment_4044\" style=\"width: 490px\" class=\"wp-caption aligncenter\"><a href=\"https:\/\/blogi.ennola.fi\/wp-content\/uploads\/2019\/09\/Inari_Panorama5.jpg\" rel=\"lightbox[4010]\"><img loading=\"lazy\" decoding=\"async\" aria-describedby=\"caption-attachment-4044\" class=\"wp-image-4044 size-medium\" title=\"Huikkimalaassa, Hanhenkeitt\u00e4m\u00e4niemi ja Varttasaari.\" src=\"https:\/\/blogi.ennola.fi\/wp-content\/uploads\/2019\/09\/Inari_Panorama5-1-480x87.jpg\" alt=\"\" width=\"480\" height=\"87\" srcset=\"https:\/\/blogi.ennola.fi\/wp-content\/uploads\/2019\/09\/Inari_Panorama5-1.jpg 480w, https:\/\/blogi.ennola.fi\/wp-content\/uploads\/2019\/09\/Inari_Panorama5-1-150x27.jpg 150w\" sizes=\"(max-width: 480px) 100vw, 480px\" \/><\/a><p id=\"caption-attachment-4044\" class=\"wp-caption-text\">Huikkimalaassa, Hanhenkeitt\u00e4m\u00e4niemi ja Varttasaari.<\/p><\/div>\n<p>Valoisa aikaa oli viitisen tuntia, mik\u00e4 ei yleens\u00e4 riitt\u00e4nyt seuraavalle k\u00e4mp\u00e4lle saakka. Pime\u00e4ss\u00e4 k\u00e4mppien l\u00f6yt\u00e4minen ei ollut ihan suoraviivaista. Kartasta oikea paikka oli kyll\u00e4 helppoa l\u00f6yt\u00e4\u00e4 muutaman sadan metrin tarkkuudella, mutta k\u00e4mp\u00e4n tarkkaa paikkaa oli v\u00e4lill\u00e4 vaikea kartasta hahmottaa. Niinp\u00e4 otimme GPS:n avuksi k\u00e4mppien l\u00f6ytymisess\u00e4. Olin etuk\u00e4teen tallettanut niiden koordinaatit laitteeseeni, joten oli helppoa katsoa siit\u00e4, mist\u00e4 kannattaa l\u00e4hte\u00e4 k\u00e4mpp\u00e4\u00e4 etsim\u00e4\u00e4n. K\u00e4rpp\u00e4saaren koordinaateissa olin tehnyt pienen virheen ja ehdimme jo hiiht\u00e4\u00e4 siit\u00e4 ohi, ennen kuin tajusin koordinaattien viev\u00e4n meit\u00e4 aivan v\u00e4\u00e4r\u00e4\u00e4n paikkaan.<\/p>\n<div id=\"attachment_4035\" style=\"width: 310px\" class=\"wp-caption aligncenter\"><a href=\"https:\/\/blogi.ennola.fi\/wp-content\/uploads\/2019\/09\/IMG_1206.jpg\" rel=\"lightbox[4010]\"><img loading=\"lazy\" decoding=\"async\" aria-describedby=\"caption-attachment-4035\" class=\"wp-image-4035 size-full\" title=\"Tauko nuotiolla.\" src=\"https:\/\/blogi.ennola.fi\/wp-content\/uploads\/2019\/09\/IMG_1206-1.jpg\" alt=\"\" width=\"300\" height=\"400\" srcset=\"https:\/\/blogi.ennola.fi\/wp-content\/uploads\/2019\/09\/IMG_1206-1.jpg 300w, https:\/\/blogi.ennola.fi\/wp-content\/uploads\/2019\/09\/IMG_1206-1-113x150.jpg 113w\" sizes=\"(max-width: 300px) 100vw, 300px\" \/><\/a><p id=\"caption-attachment-4035\" class=\"wp-caption-text\">Tauko nuotiolla.<\/p><\/div>\n<div id=\"attachment_4040\" style=\"width: 490px\" class=\"wp-caption aligncenter\"><a href=\"https:\/\/blogi.ennola.fi\/wp-content\/uploads\/2019\/09\/Inari_Panorama9.jpg\" rel=\"lightbox[4010]\"><img loading=\"lazy\" decoding=\"async\" aria-describedby=\"caption-attachment-4040\" class=\"wp-image-4040 size-full\" title=\"Hirvassaaret ja Kasariselk\u00e4.\" src=\"https:\/\/blogi.ennola.fi\/wp-content\/uploads\/2019\/09\/Inari_Panorama9-1.jpg\" alt=\"\" width=\"480\" height=\"167\" srcset=\"https:\/\/blogi.ennola.fi\/wp-content\/uploads\/2019\/09\/Inari_Panorama9-1.jpg 480w, https:\/\/blogi.ennola.fi\/wp-content\/uploads\/2019\/09\/Inari_Panorama9-1-150x52.jpg 150w\" sizes=\"(max-width: 480px) 100vw, 480px\" \/><\/a><p id=\"caption-attachment-4040\" class=\"wp-caption-text\">Hirvassaaret ja Kasariselk\u00e4.<\/p><\/div>\n<div id=\"attachment_4034\" style=\"width: 460px\" class=\"wp-caption aligncenter\"><a href=\"https:\/\/blogi.ennola.fi\/wp-content\/uploads\/2019\/09\/IMG_1239.jpg\" rel=\"lightbox[4010]\"><img loading=\"lazy\" decoding=\"async\" aria-describedby=\"caption-attachment-4034\" class=\"wp-image-4034 size-full\" title=\"Kasariselk\u00e4.\" src=\"https:\/\/blogi.ennola.fi\/wp-content\/uploads\/2019\/09\/IMG_1239-1.jpg\" alt=\"\" width=\"450\" height=\"334\" srcset=\"https:\/\/blogi.ennola.fi\/wp-content\/uploads\/2019\/09\/IMG_1239-1.jpg 450w, https:\/\/blogi.ennola.fi\/wp-content\/uploads\/2019\/09\/IMG_1239-1-150x111.jpg 150w\" sizes=\"(max-width: 450px) 100vw, 450px\" \/><\/a><p id=\"caption-attachment-4034\" class=\"wp-caption-text\">Kasariselk\u00e4.<\/p><\/div>\n<p>Inarij\u00e4rven merikorttiin oli merkitty runsaasti heikon j\u00e4\u00e4n alueita, jotka moottorikelkkailijat n\u00e4yttiv\u00e4t s\u00e4\u00e4nn\u00f6llisesti kiert\u00e4v\u00e4n. Meill\u00e4k\u00e4\u00e4n ei ollut halua l\u00e4hte\u00e4 niiss\u00e4 onneamme testaamaan. Paikoin alueet olivat n\u00e4ht\u00e4viss\u00e4 selvin\u00e4 sulapaikkoina, osa oli selviss\u00e4 salmipaikoissa, mutta osa oli melko ennalta-arvaamattomissa paikoissa. Ehk\u00e4 joissain matalikoissa, miss\u00e4 veden alaiset virtaukset sulattavat j\u00e4\u00e4t\u00e4 altap\u00e4in.<\/p>\n<div id=\"attachment_4045\" style=\"width: 490px\" class=\"wp-caption aligncenter\"><a href=\"https:\/\/blogi.ennola.fi\/wp-content\/uploads\/2019\/09\/Inari_Panorama4.jpg\" rel=\"lightbox[4010]\"><img loading=\"lazy\" decoding=\"async\" aria-describedby=\"caption-attachment-4045\" class=\"wp-image-4045 size-full\" title=\"Siltasaaret, Kahkusaarensalmi.\" src=\"https:\/\/blogi.ennola.fi\/wp-content\/uploads\/2019\/09\/Inari_Panorama4-1.jpg\" alt=\"\" width=\"480\" height=\"149\" srcset=\"https:\/\/blogi.ennola.fi\/wp-content\/uploads\/2019\/09\/Inari_Panorama4-1.jpg 480w, https:\/\/blogi.ennola.fi\/wp-content\/uploads\/2019\/09\/Inari_Panorama4-1-150x47.jpg 150w\" sizes=\"(max-width: 480px) 100vw, 480px\" \/><\/a><p id=\"caption-attachment-4045\" class=\"wp-caption-text\">Siltasaaret, Kahkusaarensalmi.<\/p><\/div>\n<div id=\"attachment_4033\" style=\"width: 460px\" class=\"wp-caption aligncenter\"><a href=\"https:\/\/blogi.ennola.fi\/wp-content\/uploads\/2019\/09\/IMG_1259.jpg\" rel=\"lightbox[4010]\"><img loading=\"lazy\" decoding=\"async\" aria-describedby=\"caption-attachment-4033\" class=\"wp-image-4033 size-full\" title=\"Kristian Kahkusaarensalmessa.\" src=\"https:\/\/blogi.ennola.fi\/wp-content\/uploads\/2019\/09\/IMG_1259-1.jpg\" alt=\"\" width=\"450\" height=\"296\" srcset=\"https:\/\/blogi.ennola.fi\/wp-content\/uploads\/2019\/09\/IMG_1259-1.jpg 450w, https:\/\/blogi.ennola.fi\/wp-content\/uploads\/2019\/09\/IMG_1259-1-150x99.jpg 150w\" sizes=\"(max-width: 450px) 100vw, 450px\" \/><\/a><p id=\"caption-attachment-4033\" class=\"wp-caption-text\">Kristian Kahkusaarensalmessa.<\/p><\/div>\n<div id=\"attachment_4030\" style=\"width: 490px\" class=\"wp-caption aligncenter\"><a href=\"https:\/\/blogi.ennola.fi\/wp-content\/uploads\/2019\/09\/Inari_Panorama1.jpg\" rel=\"lightbox[4010]\"><img loading=\"lazy\" decoding=\"async\" aria-describedby=\"caption-attachment-4030\" class=\"wp-image-4030 size-full\" title=\"Siltasaaret.\" src=\"https:\/\/blogi.ennola.fi\/wp-content\/uploads\/2019\/09\/Inari_Panorama1-1.jpg\" alt=\"\" width=\"480\" height=\"95\" srcset=\"https:\/\/blogi.ennola.fi\/wp-content\/uploads\/2019\/09\/Inari_Panorama1-1.jpg 480w, https:\/\/blogi.ennola.fi\/wp-content\/uploads\/2019\/09\/Inari_Panorama1-1-150x30.jpg 150w\" sizes=\"(max-width: 480px) 100vw, 480px\" \/><\/a><p id=\"caption-attachment-4030\" class=\"wp-caption-text\">Siltasaaret.<\/p><\/div>\n<p>Reissun p\u00e4\u00e4timme Inarin keskustaan. Bussimme kohti etel\u00e4\u00e4 l\u00e4hti puolen p\u00e4iv\u00e4n aikaa, joten j\u00e4imme telttaan y\u00f6ksi sopivalle et\u00e4isyydelle Inarin keskustasta. Viitisen kilometri\u00e4 ennen keskustaa hiihdimme moottorikelkkabaanalta sivuun ja menimme y\u00f6t\u00e4 pienelle luodolle. Suhteellisen l\u00e4mpim\u00e4n viikon j\u00e4lkeen viimeinen y\u00f6 olikin kylm\u00e4. L\u00e4mp\u00f6tila tippui jonnekin 25 pakkasasteen tienoille.<\/p>\n<div id=\"attachment_4046\" style=\"width: 490px\" class=\"wp-caption aligncenter\"><a href=\"https:\/\/blogi.ennola.fi\/wp-content\/uploads\/2019\/09\/Inari_Panorama3.jpg\" rel=\"lightbox[4010]\"><img loading=\"lazy\" decoding=\"async\" aria-describedby=\"caption-attachment-4046\" class=\"wp-image-4046 size-full\" title=\"Keskip\u00e4iv\u00e4n aurinko, Kasariselk\u00e4.\" src=\"https:\/\/blogi.ennola.fi\/wp-content\/uploads\/2019\/09\/Inari_Panorama3-1.jpg\" alt=\"\" width=\"480\" height=\"158\" srcset=\"https:\/\/blogi.ennola.fi\/wp-content\/uploads\/2019\/09\/Inari_Panorama3-1.jpg 480w, https:\/\/blogi.ennola.fi\/wp-content\/uploads\/2019\/09\/Inari_Panorama3-1-150x49.jpg 150w\" sizes=\"(max-width: 480px) 100vw, 480px\" \/><\/a><p id=\"caption-attachment-4046\" class=\"wp-caption-text\">Keskip\u00e4iv\u00e4n aurinko, Kasariselk\u00e4.<\/p><\/div>\n<div id=\"attachment_4032\" style=\"width: 460px\" class=\"wp-caption aligncenter\"><a href=\"https:\/\/blogi.ennola.fi\/wp-content\/uploads\/2019\/09\/IMG_1270.jpg\" rel=\"lightbox[4010]\"><img loading=\"lazy\" decoding=\"async\" aria-describedby=\"caption-attachment-4032\" class=\"wp-image-4032 size-full\" title=\"Aurinko, lumituisku ja hiiht\u00e4j\u00e4.\" src=\"https:\/\/blogi.ennola.fi\/wp-content\/uploads\/2019\/09\/IMG_1270-1.jpg\" alt=\"\" width=\"450\" height=\"334\" srcset=\"https:\/\/blogi.ennola.fi\/wp-content\/uploads\/2019\/09\/IMG_1270-1.jpg 450w, https:\/\/blogi.ennola.fi\/wp-content\/uploads\/2019\/09\/IMG_1270-1-150x111.jpg 150w\" sizes=\"(max-width: 450px) 100vw, 450px\" \/><\/a><p id=\"caption-attachment-4032\" class=\"wp-caption-text\">Aurinko, lumituisku ja hiiht\u00e4j\u00e4.<\/p><\/div>\n<div id=\"attachment_4031\" style=\"width: 310px\" class=\"wp-caption aligncenter\"><a href=\"https:\/\/blogi.ennola.fi\/wp-content\/uploads\/2019\/09\/IMG_1281.jpg\" rel=\"lightbox[4010]\"><img loading=\"lazy\" decoding=\"async\" aria-describedby=\"caption-attachment-4031\" class=\"wp-image-4031 size-full\" title=\"Auringonpilari.\" src=\"https:\/\/blogi.ennola.fi\/wp-content\/uploads\/2019\/09\/IMG_1281-1.jpg\" alt=\"\" width=\"300\" height=\"400\" srcset=\"https:\/\/blogi.ennola.fi\/wp-content\/uploads\/2019\/09\/IMG_1281-1.jpg 300w, https:\/\/blogi.ennola.fi\/wp-content\/uploads\/2019\/09\/IMG_1281-1-113x150.jpg 113w\" sizes=\"(max-width: 300px) 100vw, 300px\" \/><\/a><p id=\"caption-attachment-4031\" class=\"wp-caption-text\">Auringonpilari.<\/p><\/div>\n<div id=\"attachment_4043\" style=\"width: 490px\" class=\"wp-caption aligncenter\"><a href=\"https:\/\/blogi.ennola.fi\/wp-content\/uploads\/2019\/09\/Inari_Panorama6.jpg\" rel=\"lightbox[4010]\"><img loading=\"lazy\" decoding=\"async\" aria-describedby=\"caption-attachment-4043\" class=\"wp-image-4043 size-full\" title=\"Poropolku, Pet\u00e4j\u00e4saaret.\" src=\"https:\/\/blogi.ennola.fi\/wp-content\/uploads\/2019\/09\/Inari_Panorama6-1.jpg\" alt=\"\" width=\"480\" height=\"143\" srcset=\"https:\/\/blogi.ennola.fi\/wp-content\/uploads\/2019\/09\/Inari_Panorama6-1.jpg 480w, https:\/\/blogi.ennola.fi\/wp-content\/uploads\/2019\/09\/Inari_Panorama6-1-150x45.jpg 150w\" sizes=\"(max-width: 480px) 100vw, 480px\" \/><\/a><p id=\"caption-attachment-4043\" class=\"wp-caption-text\">Poropolku, Pet\u00e4j\u00e4saaret.<\/p><\/div>\n<p>Olin edelliskev\u00e4\u00e4n\u00e4 uusinut talvimakuupussini uuteen kevyemp\u00e4\u00e4n ja l\u00e4mpim\u00e4mp\u00e4\u00e4n sek\u00e4 hankkinut sen p\u00e4\u00e4lle ohuen kuitupussin. T\u00e4st\u00e4 y\u00f6st\u00e4 tuli sen tulikoe. Keskell\u00e4 y\u00f6t\u00e4 her\u00e4sin pissalle aivan litim\u00e4rk\u00e4n\u00e4. Olin hikoillut makuupussini m\u00e4r\u00e4ksi. K\u00e4vin alusvaatteisillani ulkona pissalla ja j\u00e4in viel\u00e4 v\u00e4h\u00e4ksi aikaa vilvoittelemaan ulos. Sis\u00e4\u00e4n tultuani menin takaisin makuupussiini ja avasin sisemm\u00e4n pussin vetoketjun pitk\u00e4lt\u00e4 matkalta. Loppu y\u00f6n nukuinkin mukavasti noin ja aamulla makuupussikaan ei tuntunut en\u00e4\u00e4 kovin m\u00e4r\u00e4lt\u00e4.<\/p>\n","protected":false},"excerpt":{"rendered":"<p>Syksyll\u00e4 tuli Kristianin kanssa puhetta talvivaelluksista ja p\u00e4\u00e4timme l\u00e4hte\u00e4 kaamosaikaan yhteiselle vaellukselle. Tavoitteena oli l\u00f6yt\u00e4\u00e4 kohde, miss\u00e4 olisi hyvin autiotupia ja syv\u00e4\u00e4 upottavaa lunta ei olisi liikaa, jotta&#8230;<\/p>\n","protected":false},"author":1,"featured_media":4048,"comment_status":"open","ping_status":"open","sticky":false,"template":"","format":"standard","meta":{"footnotes":""},"categories":[23,4,3],"tags":[],"_links":{"self":[{"href":"https:\/\/blogi.ennola.fi\/index.php?rest_route=\/wp\/v2\/posts\/4010"}],"collection":[{"href":"https:\/\/blogi.ennola.fi\/index.php?rest_route=\/wp\/v2\/posts"}],"about":[{"href":"https:\/\/blogi.ennola.fi\/index.php?rest_route=\/wp\/v2\/types\/post"}],"author":[{"embeddable":true,"href":"https:\/\/blogi.ennola.fi\/index.php?rest_route=\/wp\/v2\/users\/1"}],"replies":[{"embeddable":true,"href":"https:\/\/blogi.ennola.fi\/index.php?rest_route=%2Fwp%2Fv2%2Fcomments&post=4010"}],"version-history":[{"count":7,"href":"https:\/\/blogi.ennola.fi\/index.php?rest_route=\/wp\/v2\/posts\/4010\/revisions"}],"predecessor-version":[{"id":5824,"href":"https:\/\/blogi.ennola.fi\/index.php?rest_route=\/wp\/v2\/posts\/4010\/revisions\/5824"}],"wp:featuredmedia":[{"embeddable":true,"href":"https:\/\/blogi.ennola.fi\/index.php?rest_route=\/wp\/v2\/media\/4048"}],"wp:attachment":[{"href":"https:\/\/blogi.ennola.fi\/index.php?rest_route=%2Fwp%2Fv2%2Fmedia&parent=4010"}],"wp:term":[{"taxonomy":"category","embeddable":true,"href":"https:\/\/blogi.ennola.fi\/index.php?rest_route=%2Fwp%2Fv2%2Fcategories&post=4010"},{"taxonomy":"post_tag","embeddable":true,"href":"https:\/\/blogi.ennola.fi\/index.php?rest_route=%2Fwp%2Fv2%2Ftags&post=4010"}],"curies":[{"name":"wp","href":"https:\/\/api.w.org\/{rel}","templated":true}]}}