{"id":4070,"date":"2015-08-08T21:56:29","date_gmt":"2015-08-08T18:56:29","guid":{"rendered":"https:\/\/blogi.ennola.fi\/?p=4070"},"modified":"2020-07-09T13:17:25","modified_gmt":"2020-07-09T10:17:25","slug":"tyttaren-kanssa-muotkatuntureilla","status":"publish","type":"post","link":"https:\/\/blogi.ennola.fi\/?p=4070","title":{"rendered":"Tytt\u00e4ren kanssa Muotkatuntureilla"},"content":{"rendered":"<p>Is\u00e4-lapsivaellukseni suuntautui t\u00e4n\u00e4 kes\u00e4n\u00e4 Muotkatunturien er\u00e4maahan, minne itsekin olin tehnyt el\u00e4m\u00e4ni kaksi ensimm\u00e4ist\u00e4 pitk\u00e4\u00e4 Lapinvaellustani. Karkeana reittisuunnitelmana oli seurata vanhaa postipolkua Inarista Karigasniemelle. Aikaa vaellukselle meill\u00e4 oli yhteens\u00e4 9 y\u00f6t\u00e4, joten avotunturialueella pystyimme kiertelem\u00e4\u00e4n n\u00e4ht\u00e4vyyksi\u00e4 laajemmaltikin kuin, mit\u00e4 pelkk\u00e4 postipolku olisi tarjonnut. Liikkeell\u00e4 olimme juna\u2013bussi-yhdistelm\u00e4ll\u00e4, joten oli helppoa p\u00e4\u00e4tt\u00e4\u00e4 reitti l\u00e4ht\u00f6pisteest\u00e4 poikkeavaan paikkaan. Inarista l\u00e4ht\u00f6pisteeseemme Tirroon ei ollut julkista liikennett\u00e4, joten teimme matkan taksilla.<\/p>\n<div id=\"attachment_4089\" style=\"width: 460px\" class=\"wp-caption aligncenter\"><a href=\"https:\/\/blogi.ennola.fi\/wp-content\/uploads\/2019\/09\/IMG_2756.jpg\" rel=\"lightbox[4070]\"><img loading=\"lazy\" decoding=\"async\" aria-describedby=\"caption-attachment-4089\" class=\"wp-image-4089 size-full\" title=\"Muotkatunturien helppukulkuista yl\u00e4nk\u00f6\u00e4.\" src=\"https:\/\/blogi.ennola.fi\/wp-content\/uploads\/2019\/09\/IMG_2756-1.jpg\" alt=\"\" width=\"450\" height=\"338\" srcset=\"https:\/\/blogi.ennola.fi\/wp-content\/uploads\/2019\/09\/IMG_2756-1.jpg 450w, https:\/\/blogi.ennola.fi\/wp-content\/uploads\/2019\/09\/IMG_2756-1-150x113.jpg 150w\" sizes=\"(max-width: 450px) 100vw, 450px\" \/><\/a><p id=\"caption-attachment-4089\" class=\"wp-caption-text\">Muotkatunturien helppukulkuista yl\u00e4nk\u00f6\u00e4.<\/p><\/div>\n<p>Alkuun seurasimme kaksi ja puoli p\u00e4iv\u00e4\u00e4 postipolkua Ku\u00e1rvikozz\u00e2lle saakka. Polun merkkauksesta oli jo jonkun verran aikaa ja paikka paikoin sen seuraaminen ilman karttaa olisi ollut mahdotonta. V\u00e4lill\u00e4 taas merkinn\u00e4t olivat selvi\u00e4 ja polun seuraaminen helppoa. Alkumatkaan sis\u00e4ltyi melko runsaasti soita ja osa vesien ylityksist\u00e4 oli hieman haasteellisia veden ollessa kev\u00e4\u00e4n j\u00e4ljilt\u00e4 viel\u00e4 korkealla.<\/p>\n<div id=\"attachment_5324\" style=\"width: 460px\" class=\"wp-caption aligncenter\"><a href=\"https:\/\/blogi.ennola.fi\/wp-content\/uploads\/2015\/08\/IMG_2395.jpg\" rel=\"lightbox[4070]\"><img loading=\"lazy\" decoding=\"async\" aria-describedby=\"caption-attachment-5324\" class=\"wp-image-5324 size-full\" title=\"Alli, Pippuri ja Ku\u00e1rvikozz\u00e2.\" src=\"https:\/\/blogi.ennola.fi\/wp-content\/uploads\/2015\/08\/IMG_2395-1.jpg\" alt=\"\" width=\"450\" height=\"338\" srcset=\"https:\/\/blogi.ennola.fi\/wp-content\/uploads\/2015\/08\/IMG_2395-1.jpg 450w, https:\/\/blogi.ennola.fi\/wp-content\/uploads\/2015\/08\/IMG_2395-1-150x113.jpg 150w\" sizes=\"(max-width: 450px) 100vw, 450px\" \/><\/a><p id=\"caption-attachment-5324\" class=\"wp-caption-text\">Alli, Pippuri ja Ku\u00e1rvikozz\u00e2.<\/p><\/div>\n<p>Pippuri oli jo oppinut y\u00f6pym\u00e4\u00e4n teltassa ja saattoi menn\u00e4 sinne ihan oma-aloitteisesti meid\u00e4n muiden j\u00e4\u00e4dess\u00e4 puuhailemaan viel\u00e4 ulkona. Makuupaikaksi vakiintui Allin makuupussin jalkop\u00e4\u00e4, miss\u00e4 h\u00e4nell\u00e4 oli hyvin oma tila ja samalla h\u00e4n l\u00e4mmitti Allin jalkoja.<\/p>\n<div id=\"attachment_4084\" style=\"width: 460px\" class=\"wp-caption aligncenter\"><a href=\"https:\/\/blogi.ennola.fi\/wp-content\/uploads\/2019\/09\/IMG_2373.jpg\" rel=\"lightbox[4070]\"><img loading=\"lazy\" decoding=\"async\" aria-describedby=\"caption-attachment-4084\" class=\"wp-image-4084 size-full\" title=\"Pippuri l\u00f6ysi mukavan y\u00f6paikan Allin jalkop\u00e4\u00e4st\u00e4.\" src=\"https:\/\/blogi.ennola.fi\/wp-content\/uploads\/2019\/09\/IMG_2373-1.jpg\" alt=\"\" width=\"450\" height=\"338\" srcset=\"https:\/\/blogi.ennola.fi\/wp-content\/uploads\/2019\/09\/IMG_2373-1.jpg 450w, https:\/\/blogi.ennola.fi\/wp-content\/uploads\/2019\/09\/IMG_2373-1-150x113.jpg 150w\" sizes=\"(max-width: 450px) 100vw, 450px\" \/><\/a><p id=\"caption-attachment-4084\" class=\"wp-caption-text\">Pippuri l\u00f6ysi mukavan y\u00f6paikan Allin jalkop\u00e4\u00e4st\u00e4.<\/p><\/div>\n<div id=\"attachment_4085\" style=\"width: 460px\" class=\"wp-caption aligncenter\"><a href=\"https:\/\/blogi.ennola.fi\/wp-content\/uploads\/2019\/09\/IMG_2590.jpg\" rel=\"lightbox[4070]\"><img loading=\"lazy\" decoding=\"async\" aria-describedby=\"caption-attachment-4085\" class=\"wp-image-4085 size-full\" title=\"Pippurin pehme\u00e4 taukopaikka.\" src=\"https:\/\/blogi.ennola.fi\/wp-content\/uploads\/2019\/09\/IMG_2590-1.jpg\" alt=\"\" width=\"450\" height=\"338\" srcset=\"https:\/\/blogi.ennola.fi\/wp-content\/uploads\/2019\/09\/IMG_2590-1.jpg 450w, https:\/\/blogi.ennola.fi\/wp-content\/uploads\/2019\/09\/IMG_2590-1-150x113.jpg 150w\" sizes=\"(max-width: 450px) 100vw, 450px\" \/><\/a><p id=\"caption-attachment-4085\" class=\"wp-caption-text\">Pippurin pehme\u00e4 taukopaikka.<\/p><\/div>\n<p>Toisen p\u00e4iv\u00e4n iltana kova ukkoskuuro p\u00e4\u00e4si yll\u00e4tt\u00e4m\u00e4\u00e4n meid\u00e4t heti Vestojoen ylityksen j\u00e4lkeen, joten pystytimme telttamme nopeasti Verkkoj\u00e4rven rantaan. Kun kolmantena p\u00e4iv\u00e4n\u00e4 saavuimme Ku\u00e1rvikozz\u00e2n juurelle pystytimme leirimme siihen. Leirist\u00e4 k\u00e4vimme huiputtamassa Ku\u00e1rvikozz\u00e2n ja ihastelemassa maisemia seudun korkeimman tunturin huipulta. Jatkossa tavalliseksi iltarutiiniksi muodostuikin k\u00e4yd\u00e4 valokuvamassa leiripaikkan l\u00e4himmill\u00e4 huipuilla.<\/p>\n<div id=\"attachment_4092\" style=\"width: 460px\" class=\"wp-caption aligncenter\"><a href=\"https:\/\/blogi.ennola.fi\/wp-content\/uploads\/2019\/09\/IMG_2447.jpg\" rel=\"lightbox[4070]\"><img loading=\"lazy\" decoding=\"async\" aria-describedby=\"caption-attachment-4092\" class=\"wp-image-4092 size-full\" title=\"Ku\u00e1rvikozz\u00e2n huipulla.\" src=\"https:\/\/blogi.ennola.fi\/wp-content\/uploads\/2019\/09\/IMG_2447-1.jpg\" alt=\"\" width=\"450\" height=\"335\" srcset=\"https:\/\/blogi.ennola.fi\/wp-content\/uploads\/2019\/09\/IMG_2447-1.jpg 450w, https:\/\/blogi.ennola.fi\/wp-content\/uploads\/2019\/09\/IMG_2447-1-150x112.jpg 150w\" sizes=\"(max-width: 450px) 100vw, 450px\" \/><\/a><p id=\"caption-attachment-4092\" class=\"wp-caption-text\">Ku\u00e1rvikozz\u00e2n huipulla.<\/p><\/div>\n<div id=\"attachment_5313\" style=\"width: 460px\" class=\"wp-caption aligncenter\"><a href=\"https:\/\/blogi.ennola.fi\/wp-content\/uploads\/2015\/08\/IMG_2481.jpg\" rel=\"lightbox[4070]\"><img loading=\"lazy\" decoding=\"async\" aria-describedby=\"caption-attachment-5313\" class=\"wp-image-5313 size-full\" title=\"Leiri Ku\u00e1rvikozz\u00e2n juurella.\" src=\"https:\/\/blogi.ennola.fi\/wp-content\/uploads\/2015\/08\/IMG_2481-1.jpg\" alt=\"\" width=\"450\" height=\"338\" srcset=\"https:\/\/blogi.ennola.fi\/wp-content\/uploads\/2015\/08\/IMG_2481-1.jpg 450w, https:\/\/blogi.ennola.fi\/wp-content\/uploads\/2015\/08\/IMG_2481-1-150x113.jpg 150w\" sizes=\"(max-width: 450px) 100vw, 450px\" \/><\/a><p id=\"caption-attachment-5313\" class=\"wp-caption-text\">Leiri Ku\u00e1rvikozz\u00e2n juurella.<\/p><\/div>\n<p>P\u00e4iv\u00e4mme rytmittyi ruokailujen mukaan. Aamiaiseksi teimme puuroa, mik\u00e4 oli maustettu kuivilla marjoilla ja vahvistettu maitojauheella. Kesken p\u00e4iv\u00e4vaelluksen pys\u00e4hdyimme usein luonnonkauniille paikalle pit\u00e4m\u00e4\u00e4n lounastaukoa. Sateen sattuessa, pystytimme meille pienen sadekatoksen, jonka alla oli kiva puuhastella. Lounas oli p\u00e4iv\u00e4n p\u00e4\u00e4ateria, pit\u00e4en tukevan annoksen ruokaa kuivatuista aineksista. Viime vuoden tapaan Alli oli laatinut ruokalistan. Illalla s\u00f6imme iltapalaksi usein jonkun j\u00e4lkiruokamaisen v\u00e4h\u00e4n makean v\u00e4lipalan, jonka lis\u00e4ksi otimme n\u00e4kkileip\u00e4\u00e4 ym. tarpeen mukaan. N\u00e4iden lis\u00e4ksi meill\u00e4 oli suklaata, kuivattuja hedelmi\u00e4 ja p\u00e4hkin\u00f6it\u00e4 sy\u00f6t\u00e4v\u00e4ksi vaelluksen aikana. Ruuan pyrimme valmistamaan ja nauttimaan ulkona aina kun s\u00e4\u00e4 vaan sen salli.<\/p>\n<div id=\"attachment_4094\" style=\"width: 460px\" class=\"wp-caption aligncenter\"><a href=\"https:\/\/blogi.ennola.fi\/wp-content\/uploads\/2019\/09\/IMG_2506.jpg\" rel=\"lightbox[4070]\"><img loading=\"lazy\" decoding=\"async\" aria-describedby=\"caption-attachment-4094\" class=\"wp-image-4094 size-full\" title=\"Varusteiden pakkausta.\" src=\"https:\/\/blogi.ennola.fi\/wp-content\/uploads\/2019\/09\/IMG_2506-1.jpg\" alt=\"\" width=\"450\" height=\"338\" srcset=\"https:\/\/blogi.ennola.fi\/wp-content\/uploads\/2019\/09\/IMG_2506-1.jpg 450w, https:\/\/blogi.ennola.fi\/wp-content\/uploads\/2019\/09\/IMG_2506-1-150x113.jpg 150w\" sizes=\"(max-width: 450px) 100vw, 450px\" \/><\/a><p id=\"caption-attachment-4094\" class=\"wp-caption-text\">Varusteiden pakkausta.<\/p><\/div>\n<div id=\"attachment_4091\" style=\"width: 460px\" class=\"wp-caption aligncenter\"><a href=\"https:\/\/blogi.ennola.fi\/wp-content\/uploads\/2019\/09\/IMG_2587.jpg\" rel=\"lightbox[4070]\"><img loading=\"lazy\" decoding=\"async\" aria-describedby=\"caption-attachment-4091\" class=\"wp-image-4091 size-full\" title=\"R\u00e1tnosk\u00e1idin yl\u00e4nk\u00f6\u00e4.\" src=\"https:\/\/blogi.ennola.fi\/wp-content\/uploads\/2019\/09\/IMG_2587-1.jpg\" alt=\"\" width=\"450\" height=\"338\" srcset=\"https:\/\/blogi.ennola.fi\/wp-content\/uploads\/2019\/09\/IMG_2587-1.jpg 450w, https:\/\/blogi.ennola.fi\/wp-content\/uploads\/2019\/09\/IMG_2587-1-150x113.jpg 150w\" sizes=\"(max-width: 450px) 100vw, 450px\" \/><\/a><p id=\"caption-attachment-4091\" class=\"wp-caption-text\">R\u00e1tnosk\u00e1idin yl\u00e4nk\u00f6\u00e4.<\/p><\/div>\n<p>Ku\u00e1rvikozz\u00e2lta jatkoimme matkaa avotunturien ylitse Stuorra\u00e4ytsi autiotuvalle mihin kului aikaa pari p\u00e4iv\u00e4\u00e4. Piakana\u00e4ytsille seurasimme viel\u00e4 postipolkua. Pidimme siin\u00e4 lounastauon, jonka j\u00e4lkeen l\u00e4hdimme omille poluillemme. Autiotuvalla pidimme lepop\u00e4iv\u00e4n mink\u00e4 aikana retkeilimme tuvan l\u00e4hiymp\u00e4rist\u00f6ss\u00e4, peseydyimme ja teimme v\u00e4h\u00e4n parempaa ty\u00f6l\u00e4\u00e4mp\u00e4\u00e4 ruokaa.<\/p>\n<div id=\"attachment_4090\" style=\"width: 460px\" class=\"wp-caption aligncenter\"><a href=\"https:\/\/blogi.ennola.fi\/wp-content\/uploads\/2019\/09\/IMG_2613.jpg\" rel=\"lightbox[4070]\"><img loading=\"lazy\" decoding=\"async\" aria-describedby=\"caption-attachment-4090\" class=\"wp-image-4090 size-full\" title=\"Stuorr\u00e1v\u017ein laidalla.\" src=\"https:\/\/blogi.ennola.fi\/wp-content\/uploads\/2019\/09\/IMG_2613-1.jpg\" alt=\"\" width=\"450\" height=\"333\" srcset=\"https:\/\/blogi.ennola.fi\/wp-content\/uploads\/2019\/09\/IMG_2613-1.jpg 450w, https:\/\/blogi.ennola.fi\/wp-content\/uploads\/2019\/09\/IMG_2613-1-150x111.jpg 150w\" sizes=\"(max-width: 450px) 100vw, 450px\" \/><\/a><p id=\"caption-attachment-4090\" class=\"wp-caption-text\">Stuorr\u00e1v\u017ein laidalla.<\/p><\/div>\n<p>Pippuri loukkasi puolessa matkaa varpaansa ja aristi sit\u00e4 v\u00e4h\u00e4n. Teippasin varpaan, mutta teippaus ei kest\u00e4nyt kovin kauaa. H\u00e4n pystyi kuitenkin kulkemaan meid\u00e4n mukanamme, mutta illalla h\u00e4n j\u00e4i telttaan lep\u00e4\u00e4m\u00e4\u00e4n meid\u00e4n kierrelless\u00e4mme l\u00e4hialueen tuntureilla kuvaamassa. Parin p\u00e4iv\u00e4n p\u00e4\u00e4st\u00e4 k\u00e4vely Pippurilta sujui taas paremmin.<\/p>\n<div id=\"attachment_5310\" style=\"width: 325px\" class=\"wp-caption aligncenter\"><a href=\"https:\/\/blogi.ennola.fi\/wp-content\/uploads\/2015\/08\/IMG_2656.jpg\" rel=\"lightbox[4070]\"><img loading=\"lazy\" decoding=\"async\" aria-describedby=\"caption-attachment-5310\" class=\"wp-image-5310 size-full\" title=\"Pippuri on saanut laastarin varpaaseensa.\" src=\"https:\/\/blogi.ennola.fi\/wp-content\/uploads\/2015\/08\/IMG_2656-1.jpg\" alt=\"\" width=\"315\" height=\"420\" srcset=\"https:\/\/blogi.ennola.fi\/wp-content\/uploads\/2015\/08\/IMG_2656-1.jpg 315w, https:\/\/blogi.ennola.fi\/wp-content\/uploads\/2015\/08\/IMG_2656-1-300x400.jpg 300w, https:\/\/blogi.ennola.fi\/wp-content\/uploads\/2015\/08\/IMG_2656-1-113x150.jpg 113w\" sizes=\"(max-width: 315px) 100vw, 315px\" \/><\/a><p id=\"caption-attachment-5310\" class=\"wp-caption-text\">Pippuri on saanut laastarin varpaaseensa.<\/p><\/div>\n<div id=\"attachment_4083\" style=\"width: 460px\" class=\"wp-caption aligncenter\"><a href=\"https:\/\/blogi.ennola.fi\/wp-content\/uploads\/2019\/09\/IMG_2687.jpg\" rel=\"lightbox[4070]\"><img loading=\"lazy\" decoding=\"async\" aria-describedby=\"caption-attachment-4083\" class=\"wp-image-4083 size-full\" title=\"Pippuri vilvoittelee.\" src=\"https:\/\/blogi.ennola.fi\/wp-content\/uploads\/2019\/09\/IMG_2687-1.jpg\" alt=\"\" width=\"450\" height=\"301\" srcset=\"https:\/\/blogi.ennola.fi\/wp-content\/uploads\/2019\/09\/IMG_2687-1.jpg 450w, https:\/\/blogi.ennola.fi\/wp-content\/uploads\/2019\/09\/IMG_2687-1-150x100.jpg 150w\" sizes=\"(max-width: 450px) 100vw, 450px\" \/><\/a><p id=\"caption-attachment-4083\" class=\"wp-caption-text\">Pippuri vilvoittelee.<\/p><\/div>\n<p>Tuvalta vaelsimme Stuorra\u00e4ytsin l\u00e4pi ja k\u00e4\u00e4nnyimme sen toisesta p\u00e4\u00e4st\u00e4 takaisin tunturiyl\u00e4ng\u00f6lle, jossa yhytimme postipolun parin p\u00e4iv\u00e4n p\u00e4\u00e4st\u00e4 Stuorragae\u0111ggoaivin seitakivell\u00e4. Siit\u00e4 sitten jatkoimme matkaamme postipolkua Karigasniemelle. Karigasniemelle meill\u00e4 j\u00e4i kohtuullisesti aikaa odotella Bussia, joten poikkesimme viel\u00e4 lyhyesti Norjan puolella.<\/p>\n<div id=\"attachment_4093\" style=\"width: 460px\" class=\"wp-caption aligncenter\"><a href=\"https:\/\/blogi.ennola.fi\/wp-content\/uploads\/2019\/09\/IMG_2862.jpg\" rel=\"lightbox[4070]\"><img loading=\"lazy\" decoding=\"async\" aria-describedby=\"caption-attachment-4093\" class=\"wp-image-4093 size-full\" title=\"Leiri Stuorragae\u0111ggoaivin seitakivell\u00e4.\" src=\"https:\/\/blogi.ennola.fi\/wp-content\/uploads\/2019\/09\/IMG_2862-1.jpg\" alt=\"\" width=\"450\" height=\"335\" srcset=\"https:\/\/blogi.ennola.fi\/wp-content\/uploads\/2019\/09\/IMG_2862-1.jpg 450w, https:\/\/blogi.ennola.fi\/wp-content\/uploads\/2019\/09\/IMG_2862-1-150x112.jpg 150w\" sizes=\"(max-width: 450px) 100vw, 450px\" \/><\/a><p id=\"caption-attachment-4093\" class=\"wp-caption-text\">Leiri Stuorragae\u0111ggoaivin seitakivell\u00e4.<\/p><\/div>\n<div id=\"attachment_4087\" style=\"width: 310px\" class=\"wp-caption aligncenter\"><a href=\"https:\/\/blogi.ennola.fi\/wp-content\/uploads\/2019\/09\/IMG_2876.jpg\" rel=\"lightbox[4070]\"><img loading=\"lazy\" decoding=\"async\" aria-describedby=\"caption-attachment-4087\" class=\"wp-image-4087 size-full\" title=\"Vuorgo\u010dear\u00e1v\u017ein ylitys.\" src=\"https:\/\/blogi.ennola.fi\/wp-content\/uploads\/2019\/09\/IMG_2876-1.jpg\" alt=\"\" width=\"300\" height=\"400\" srcset=\"https:\/\/blogi.ennola.fi\/wp-content\/uploads\/2019\/09\/IMG_2876-1.jpg 300w, https:\/\/blogi.ennola.fi\/wp-content\/uploads\/2019\/09\/IMG_2876-1-113x150.jpg 113w\" sizes=\"(max-width: 300px) 100vw, 300px\" \/><\/a><p id=\"caption-attachment-4087\" class=\"wp-caption-text\">Vuorgo\u010dear\u00e1v\u017ein ylitys.<\/p><\/div>\n<p>Lintuhavainnoista tunturissa n\u00e4imme ja kuulimme paljon kahlaajia: pikkukuoveja, kapustarintoja, mutta suureksi yll\u00e4tyksekseni punakuirit vaikuttivat yleisimm\u00e4lt\u00e4 ja n\u00e4kyvimm\u00e4lt\u00e4 linnulta koko tunturialueella. Heti ensimm\u00e4isen\u00e4 iltana p\u00e4\u00e4simme n\u00e4kem\u00e4\u00e4n hiirip\u00f6ll\u00f6n puunlatvassa t\u00e4hystelem\u00e4ss\u00e4 ohi kulkijoita. Piekanan n\u00e4imme my\u00f6s kaartelemassa taivaalla Stuorra\u00e4ytsin p\u00e4\u00e4ll\u00e4.<\/p>\n<div id=\"attachment_4086\" style=\"width: 308px\" class=\"wp-caption aligncenter\"><a href=\"https:\/\/blogi.ennola.fi\/wp-content\/uploads\/2019\/09\/IMG_2881.jpg\" rel=\"lightbox[4070]\"><img loading=\"lazy\" decoding=\"async\" aria-describedby=\"caption-attachment-4086\" class=\"wp-image-4086 size-full\" title=\"Norjan rajalla.\" src=\"https:\/\/blogi.ennola.fi\/wp-content\/uploads\/2019\/09\/IMG_2881-1.jpg\" alt=\"\" width=\"298\" height=\"400\" srcset=\"https:\/\/blogi.ennola.fi\/wp-content\/uploads\/2019\/09\/IMG_2881-1.jpg 298w, https:\/\/blogi.ennola.fi\/wp-content\/uploads\/2019\/09\/IMG_2881-1-112x150.jpg 112w\" sizes=\"(max-width: 298px) 100vw, 298px\" \/><\/a><p id=\"caption-attachment-4086\" class=\"wp-caption-text\">Norjan rajalla.<\/p><\/div>\n<p>Reissun s\u00e4\u00e4 oli p\u00e4\u00e4s\u00e4\u00e4nt\u00f6isesti mukavan vaihtelevaa kes\u00e4s\u00e4\u00e4t\u00e4, miss\u00e4 auringonpaiste ja satunnaiset sadekuurot vaihtelivat. Stuorra\u00e4ytsin vaelsimme helteisess\u00e4 s\u00e4\u00e4ss\u00e4, Utsjoki olikin sin\u00e4 p\u00e4iv\u00e4n\u00e4 Suomen l\u00e4mpimin paikka. Helle sai itikat liikkeelle, joita olikin soisessa jokilaaksossa ihan riitt\u00e4miin. Y\u00f6ksi nousimme yl\u00f6s jokilaaksosta avotunturiin, miss\u00e4 tuuli hieman helpotti itikkatilannetta. P\u00e4\u00e4liteltan kattoon kertyikin melkoinen m\u00e4\u00e4r\u00e4 itikoita, onneksi kuitenkin hyttysverkon toiselle puolelle.<\/p>\n<div id=\"attachment_5311\" style=\"width: 460px\" class=\"wp-caption aligncenter\"><a href=\"https:\/\/blogi.ennola.fi\/wp-content\/uploads\/2015\/08\/IMG_2751.jpg\" rel=\"lightbox[4070]\"><img loading=\"lazy\" decoding=\"async\" aria-describedby=\"caption-attachment-5311\" class=\"wp-image-5311 size-full\" title=\"Hyttysi\u00e4 teltan katossa l\u00e4mpim\u00e4n p\u00e4iv\u00e4n j\u00e4ljilt\u00e4.\" src=\"https:\/\/blogi.ennola.fi\/wp-content\/uploads\/2015\/08\/IMG_2751-1.jpg\" alt=\"\" width=\"450\" height=\"328\" srcset=\"https:\/\/blogi.ennola.fi\/wp-content\/uploads\/2015\/08\/IMG_2751-1.jpg 450w, https:\/\/blogi.ennola.fi\/wp-content\/uploads\/2015\/08\/IMG_2751-1-150x109.jpg 150w\" sizes=\"(max-width: 450px) 100vw, 450px\" \/><\/a><p id=\"caption-attachment-5311\" class=\"wp-caption-text\">Hyttysi\u00e4 teltan katossa l\u00e4mpim\u00e4n p\u00e4iv\u00e4n j\u00e4ljilt\u00e4.<\/p><\/div>\n<p>Viimeisen\u00e4 p\u00e4iv\u00e4n\u00e4 taas oli melko kylm\u00e4 ja koko p\u00e4iv\u00e4n sateinen s\u00e4\u00e4. Sateenvarjo osoittautui siin\u00e4 s\u00e4\u00e4ss\u00e4 varsin mukavaksi, pit\u00e4ess\u00e4\u00e4n kuorivaatteet suhteellisen kuivina. Leiriydyimme illalla m\u00e4ntymets\u00e4rajan alapuolelle, joten saatoin sytytt\u00e4\u00e4 nuotion, jonka l\u00e4mm\u00f6ss\u00e4 saatoimme kuivatella reissun aikana kastuneita vaatteitamme.<\/p>\n<div id=\"attachment_5312\" style=\"width: 325px\" class=\"wp-caption aligncenter\"><a href=\"https:\/\/blogi.ennola.fi\/wp-content\/uploads\/2015\/08\/IMG_2719.jpg\" rel=\"lightbox[4070]\"><img loading=\"lazy\" decoding=\"async\" aria-describedby=\"caption-attachment-5312\" class=\"wp-image-5312 size-full\" title=\"Pippuri lep\u00e4ilee Allin syliss\u00e4 raskaan p\u00e4iv\u00e4n j\u00e4lkeen.\" src=\"https:\/\/blogi.ennola.fi\/wp-content\/uploads\/2015\/08\/IMG_2719-1.jpg\" alt=\"\" width=\"315\" height=\"420\" srcset=\"https:\/\/blogi.ennola.fi\/wp-content\/uploads\/2015\/08\/IMG_2719-1.jpg 315w, https:\/\/blogi.ennola.fi\/wp-content\/uploads\/2015\/08\/IMG_2719-1-300x400.jpg 300w, https:\/\/blogi.ennola.fi\/wp-content\/uploads\/2015\/08\/IMG_2719-1-113x150.jpg 113w\" sizes=\"(max-width: 315px) 100vw, 315px\" \/><\/a><p id=\"caption-attachment-5312\" class=\"wp-caption-text\">Pippuri lep\u00e4ilee Allin syliss\u00e4 raskaan p\u00e4iv\u00e4n j\u00e4lkeen.<\/p><\/div>\n<p>Reissu oli kaikin puolin onnistunut ja ainakin itsest\u00e4ni tuntui hienolta vied\u00e4 lapsensa samoihin maisemiin, miss\u00e4 itse on aikanaan aloittanut vaellusuransa 14-vuotiaana.<\/p>\n<div id=\"attachment_4088\" style=\"width: 460px\" class=\"wp-caption aligncenter\"><a href=\"https:\/\/blogi.ennola.fi\/wp-content\/uploads\/2019\/09\/IMG_2699.jpg\" rel=\"lightbox[4070]\"><img loading=\"lazy\" decoding=\"async\" aria-describedby=\"caption-attachment-4088\" class=\"wp-image-4088 size-full\" title=\"Alli Unna Geatkebas\u00e1\u0161illa.\" src=\"https:\/\/blogi.ennola.fi\/wp-content\/uploads\/2019\/09\/IMG_2699-1.jpg\" alt=\"\" width=\"450\" height=\"335\" srcset=\"https:\/\/blogi.ennola.fi\/wp-content\/uploads\/2019\/09\/IMG_2699-1.jpg 450w, https:\/\/blogi.ennola.fi\/wp-content\/uploads\/2019\/09\/IMG_2699-1-150x112.jpg 150w\" sizes=\"(max-width: 450px) 100vw, 450px\" \/><\/a><p id=\"caption-attachment-4088\" class=\"wp-caption-text\">Alli Unna Geatkebas\u00e1\u0161illa.<\/p><\/div>\n<div class=\"mceTemp\"><\/div>\n<div class=\"mceTemp\"><\/div>\n<div class=\"mceTemp\"><\/div>\n<div class=\"mceTemp\"><\/div>\n<div class=\"mceTemp\"><\/div>\n<div class=\"mceTemp\"><\/div>\n","protected":false},"excerpt":{"rendered":"<p>Is\u00e4-lapsivaellukseni suuntautui t\u00e4n\u00e4 kes\u00e4n\u00e4 Muotkatunturien er\u00e4maahan, minne itsekin olin tehnyt el\u00e4m\u00e4ni kaksi ensimm\u00e4ist\u00e4 pitk\u00e4\u00e4 Lapinvaellustani. Karkeana reittisuunnitelmana oli seurata vanhaa postipolkua Inarista Karigasniemelle. Aikaa vaellukselle meill\u00e4 oli yhteens\u00e4&#8230;<\/p>\n","protected":false},"author":1,"featured_media":4096,"comment_status":"open","ping_status":"open","sticky":false,"template":"","format":"standard","meta":{"footnotes":""},"categories":[3],"tags":[],"_links":{"self":[{"href":"https:\/\/blogi.ennola.fi\/index.php?rest_route=\/wp\/v2\/posts\/4070"}],"collection":[{"href":"https:\/\/blogi.ennola.fi\/index.php?rest_route=\/wp\/v2\/posts"}],"about":[{"href":"https:\/\/blogi.ennola.fi\/index.php?rest_route=\/wp\/v2\/types\/post"}],"author":[{"embeddable":true,"href":"https:\/\/blogi.ennola.fi\/index.php?rest_route=\/wp\/v2\/users\/1"}],"replies":[{"embeddable":true,"href":"https:\/\/blogi.ennola.fi\/index.php?rest_route=%2Fwp%2Fv2%2Fcomments&post=4070"}],"version-history":[{"count":7,"href":"https:\/\/blogi.ennola.fi\/index.php?rest_route=\/wp\/v2\/posts\/4070\/revisions"}],"predecessor-version":[{"id":5390,"href":"https:\/\/blogi.ennola.fi\/index.php?rest_route=\/wp\/v2\/posts\/4070\/revisions\/5390"}],"wp:featuredmedia":[{"embeddable":true,"href":"https:\/\/blogi.ennola.fi\/index.php?rest_route=\/wp\/v2\/media\/4096"}],"wp:attachment":[{"href":"https:\/\/blogi.ennola.fi\/index.php?rest_route=%2Fwp%2Fv2%2Fmedia&parent=4070"}],"wp:term":[{"taxonomy":"category","embeddable":true,"href":"https:\/\/blogi.ennola.fi\/index.php?rest_route=%2Fwp%2Fv2%2Fcategories&post=4070"},{"taxonomy":"post_tag","embeddable":true,"href":"https:\/\/blogi.ennola.fi\/index.php?rest_route=%2Fwp%2Fv2%2Ftags&post=4070"}],"curies":[{"name":"wp","href":"https:\/\/api.w.org\/{rel}","templated":true}]}}