{"id":4215,"date":"2019-11-03T16:58:45","date_gmt":"2019-11-03T14:58:45","guid":{"rendered":"https:\/\/blogi.ennola.fi\/?p=4215"},"modified":"2022-06-06T23:29:45","modified_gmt":"2022-06-06T20:29:45","slug":"tradikiipeilykesa","status":"publish","type":"post","link":"https:\/\/blogi.ennola.fi\/?p=4215","title":{"rendered":"Tr\u00e4dikiipeilykes\u00e4"},"content":{"rendered":"<p>Kiipeilykes\u00e4 on auttamatta takanap\u00e4in ja nyt voi katsoa taaksep\u00e4in kulunutta kes\u00e4\u00e4. Puolitoista vuotta olin harrastanut alak\u00f6ysikiipeily\u00e4 sis\u00e4ll\u00e4 ja nyt tuntui aika kyps\u00e4lt\u00e4 aloittaa liidaus my\u00f6s ulkona. Kaikki l\u00e4hiseudun helpoimmat reitit olivat pulttaamattomia tr\u00e4direittej\u00e4, joten liidauskin piti aloittaa tr\u00e4direiteist\u00e4. Selvennykseksi niille, joille kiipeilyterminologia on vierasta: Liidaaminen tarkoittaa sit\u00e4, ett\u00e4 vie k\u00f6ytt\u00e4 mukanaan yl\u00f6s sit\u00e4 mukaa, kun kiipe\u00e4\u00e4. Tr\u00e4di tarkoittaa sit\u00e4, ett\u00e4 kalliossa ei ole kiinnitettyn\u00e4 mit\u00e4\u00e4n valmiita pultteja, joihin k\u00f6yden voisi kiinnitt\u00e4\u00e4 vaan kiipeilij\u00e4 itse kuljettaa mukanaan erilaisia varmistusv\u00e4lineit\u00e4, jotka asennetaan kallion halkeamiin ja k\u00f6ysi kiinnitet\u00e4\u00e4n niihin.<\/p>\n<div id=\"attachment_4248\" style=\"width: 344px\" class=\"wp-caption aligncenter\"><a href=\"https:\/\/blogi.ennola.fi\/wp-content\/uploads\/2019\/10\/IMG_2012.jpg\" rel=\"lightbox[4215]\"><img loading=\"lazy\" decoding=\"async\" aria-describedby=\"caption-attachment-4248\" class=\"wp-image-4248 size-full\" title=\"Johanna kiipe\u00e4\u00e4 ensinousemaani &lt;em&gt;Yst\u00e4v\u00e4 toisi turvaa&lt;\/em&gt; 4+ -reitti\u00e4.\" src=\"https:\/\/blogi.ennola.fi\/wp-content\/uploads\/2019\/10\/IMG_2012-1.jpg\" alt=\"\" width=\"334\" height=\"420\" srcset=\"https:\/\/blogi.ennola.fi\/wp-content\/uploads\/2019\/10\/IMG_2012-1.jpg 334w, https:\/\/blogi.ennola.fi\/wp-content\/uploads\/2019\/10\/IMG_2012-1-119x150.jpg 119w, https:\/\/blogi.ennola.fi\/wp-content\/uploads\/2019\/10\/IMG_2012-1-318x400.jpg 318w\" sizes=\"(max-width: 334px) 100vw, 334px\" \/><\/a><p id=\"caption-attachment-4248\" class=\"wp-caption-text\">Johanna kiipe\u00e4\u00e4 ensinousemaani <em>Yst\u00e4v\u00e4 toisi turvaa<\/em> 4+ -reitti\u00e4.<\/p><\/div>\n<p>J\u00e4\u00e4kiipeilykauden ja kalliokiipeilykauden v\u00e4liin j\u00e4i vajaa nelj\u00e4 viikkoa ja kausi alkoi huhtikuun alussa Kustavin Riskel\u00e4isvuorella. Sen lounaaseen avautuvat reitit l\u00e4mpenee nopeasti p\u00e4iv\u00e4ll\u00e4 auringon paistaessa ja se on mukava paikka tehd\u00e4 kev\u00e4\u00e4n ensimm\u00e4isi\u00e4 kiipeilyj\u00e4. Vesilinnut pitiv\u00e4t el\u00e4m\u00e4\u00e4 kallion edustalla, vanha merikotka lensi ylitsemme ja mets\u00e4kauriita n\u00e4imme matkalla lukemattomia m\u00e4\u00e4ri\u00e4.<\/p>\n<div id=\"attachment_4251\" style=\"width: 304px\" class=\"wp-caption aligncenter\"><a href=\"https:\/\/blogi.ennola.fi\/wp-content\/uploads\/2019\/10\/IMG_0580.jpg\" rel=\"lightbox[4215]\"><img loading=\"lazy\" decoding=\"async\" aria-describedby=\"caption-attachment-4251\" class=\"wp-image-4251 size-full\" title=\"Ville kiipe\u00e4\u00e4 &lt;em&gt;Piiri pieni py\u00f6rii&lt;\/em&gt; 4-reitti\u00e4.\" src=\"https:\/\/blogi.ennola.fi\/wp-content\/uploads\/2019\/10\/IMG_0580-1.jpg\" alt=\"\" width=\"294\" height=\"420\" srcset=\"https:\/\/blogi.ennola.fi\/wp-content\/uploads\/2019\/10\/IMG_0580-1.jpg 294w, https:\/\/blogi.ennola.fi\/wp-content\/uploads\/2019\/10\/IMG_0580-1-105x150.jpg 105w, https:\/\/blogi.ennola.fi\/wp-content\/uploads\/2019\/10\/IMG_0580-1-280x400.jpg 280w\" sizes=\"(max-width: 294px) 100vw, 294px\" \/><\/a><p id=\"caption-attachment-4251\" class=\"wp-caption-text\">Ville kiipe\u00e4\u00e4 <em>Piiri pieni py\u00f6rii<\/em> 4 -reitti\u00e4.<\/p><\/div>\n<div id=\"attachment_4252\" style=\"width: 325px\" class=\"wp-caption aligncenter\"><a href=\"https:\/\/blogi.ennola.fi\/wp-content\/uploads\/2019\/10\/IMG_0589.jpg\" rel=\"lightbox[4215]\"><img loading=\"lazy\" decoding=\"async\" aria-describedby=\"caption-attachment-4252\" class=\"wp-image-4252 size-full\" title=\"Ville kiipe\u00e4\u00e4 &lt;em&gt;Bambino &lt;\/em&gt;4+-variaatiota &lt;em&gt;Bambina&lt;\/em&gt;-reitist\u00e4.\" src=\"https:\/\/blogi.ennola.fi\/wp-content\/uploads\/2019\/10\/IMG_0589-1.jpg\" alt=\"\" width=\"315\" height=\"420\" srcset=\"https:\/\/blogi.ennola.fi\/wp-content\/uploads\/2019\/10\/IMG_0589-1.jpg 315w, https:\/\/blogi.ennola.fi\/wp-content\/uploads\/2019\/10\/IMG_0589-1-113x150.jpg 113w, https:\/\/blogi.ennola.fi\/wp-content\/uploads\/2019\/10\/IMG_0589-1-300x400.jpg 300w\" sizes=\"(max-width: 315px) 100vw, 315px\" \/><\/a><p id=\"caption-attachment-4252\" class=\"wp-caption-text\">Ville kiipe\u00e4\u00e4 <em>Bambino <\/em>4+ -variaatiota <em>Bambini<\/em>-reitist\u00e4.<\/p><\/div>\n<p>Viikkoa my\u00f6hemmin Hopiavuorella aurinko ei oikein l\u00e4mmitt\u00e4nytk\u00e4\u00e4n ja kiipeily oli tosi kylm\u00e4\u00e4. Reitin varrella piti yritt\u00e4\u00e4 l\u00e4mmitell\u00e4 k\u00e4si\u00e4, ja topissa k\u00e4det alkoivat olemaan jo tunnottomia kylmyydest\u00e4. Kitkan kalliolla pit\u00e4isi kai olla kylm\u00e4ss\u00e4 parhaimmillaan, mutta tunnottomilla sormilla oli vaikeaa saada kunnon otetta. Pikkasen l\u00e4mpim\u00e4mpi olisi saanut olla, niin kiipe\u00e4minen olisi ollut helpompaa tai ainakin mukavampaa.<\/p>\n<div id=\"attachment_4257\" style=\"width: 325px\" class=\"wp-caption aligncenter\"><a href=\"https:\/\/blogi.ennola.fi\/wp-content\/uploads\/2019\/10\/IMG_0627.jpg\" rel=\"lightbox[4215]\"><img loading=\"lazy\" decoding=\"async\" aria-describedby=\"caption-attachment-4257\" class=\"wp-image-4257 size-full\" title=\"Ville kiipe\u00e4\u00e4 ja Henkka varmistaa, &lt;em&gt;Lastenhuoneen avaimet&lt;\/em&gt; 5.\" src=\"https:\/\/blogi.ennola.fi\/wp-content\/uploads\/2019\/10\/IMG_0627-1.jpg\" alt=\"\" width=\"315\" height=\"420\" srcset=\"https:\/\/blogi.ennola.fi\/wp-content\/uploads\/2019\/10\/IMG_0627-1.jpg 315w, https:\/\/blogi.ennola.fi\/wp-content\/uploads\/2019\/10\/IMG_0627-1-113x150.jpg 113w, https:\/\/blogi.ennola.fi\/wp-content\/uploads\/2019\/10\/IMG_0627-1-300x400.jpg 300w\" sizes=\"(max-width: 315px) 100vw, 315px\" \/><\/a><p id=\"caption-attachment-4257\" class=\"wp-caption-text\">Ville kiipe\u00e4\u00e4 ja Henkka varmistaa, <em>Lastenhuoneen avaimet<\/em> 5.<\/p><\/div>\n<div id=\"attachment_4256\" style=\"width: 325px\" class=\"wp-caption aligncenter\"><a href=\"https:\/\/blogi.ennola.fi\/wp-content\/uploads\/2019\/10\/IMG_0617.jpg\" rel=\"lightbox[4215]\"><img loading=\"lazy\" decoding=\"async\" aria-describedby=\"caption-attachment-4256\" class=\"wp-image-4256 size-full\" title=\"Henkka halailee kalliota &lt;em&gt;Vankkureilla &lt;\/em&gt;5+.\" src=\"https:\/\/blogi.ennola.fi\/wp-content\/uploads\/2019\/10\/IMG_0617-1.jpg\" alt=\"\" width=\"315\" height=\"420\" srcset=\"https:\/\/blogi.ennola.fi\/wp-content\/uploads\/2019\/10\/IMG_0617-1.jpg 315w, https:\/\/blogi.ennola.fi\/wp-content\/uploads\/2019\/10\/IMG_0617-1-113x150.jpg 113w, https:\/\/blogi.ennola.fi\/wp-content\/uploads\/2019\/10\/IMG_0617-1-300x400.jpg 300w\" sizes=\"(max-width: 315px) 100vw, 315px\" \/><\/a><p id=\"caption-attachment-4256\" class=\"wp-caption-text\">Henkka halailee kalliota <em>Vankkureilla <\/em>5+.<\/p><\/div>\n<div id=\"attachment_4255\" style=\"width: 325px\" class=\"wp-caption aligncenter\"><a href=\"https:\/\/blogi.ennola.fi\/wp-content\/uploads\/2019\/10\/IMG_0612.jpg\" rel=\"lightbox[4215]\"><img loading=\"lazy\" decoding=\"async\" aria-describedby=\"caption-attachment-4255\" class=\"wp-image-4255 size-full\" title=\"Henkka kiipe\u00e4\u00e4 &lt;em&gt;Kalliomyyr\u00e4\u00e4&lt;\/em&gt; 4+.\" src=\"https:\/\/blogi.ennola.fi\/wp-content\/uploads\/2019\/10\/IMG_0612-1.jpg\" alt=\"\" width=\"315\" height=\"420\" srcset=\"https:\/\/blogi.ennola.fi\/wp-content\/uploads\/2019\/10\/IMG_0612-1.jpg 315w, https:\/\/blogi.ennola.fi\/wp-content\/uploads\/2019\/10\/IMG_0612-1-113x150.jpg 113w, https:\/\/blogi.ennola.fi\/wp-content\/uploads\/2019\/10\/IMG_0612-1-300x400.jpg 300w\" sizes=\"(max-width: 315px) 100vw, 315px\" \/><\/a><p id=\"caption-attachment-4255\" class=\"wp-caption-text\">Henkka kiipe\u00e4\u00e4 <em>Kalliomyyr\u00e4\u00e4<\/em> 4+.<\/p><\/div>\n<p>Kev\u00e4\u00e4n nelj\u00e4nnell\u00e4 ulkokiipeilyll\u00e4 Riskel\u00e4isvuorella tuli sitten tehty\u00e4 my\u00f6s el\u00e4m\u00e4n ensimm\u00e4inen tr\u00e4di- ja samalla ulkoliidi: <em>Kes\u00e4retki<\/em> 3+. Kuten greidi kertoo, ei todellakaan mik\u00e4\u00e4n vaikea reitti, helppo liidattunakin. Jossain kohdassa olisin kaivannut v\u00e4h\u00e4n isompaa kamua, mutta kun ei ollut, niin meni se ilmankin, vaikka Ville v\u00e4h\u00e4n palautetta antoikin alhaalta. Seuraava liidi olikin reilun viikon p\u00e4\u00e4st\u00e4 Biolaaksossa helppo <em>Biolouhikko<\/em> 3.<\/p>\n<div id=\"attachment_4253\" style=\"width: 325px\" class=\"wp-caption aligncenter\"><a href=\"https:\/\/blogi.ennola.fi\/wp-content\/uploads\/2019\/10\/IMG_1006.jpg\" rel=\"lightbox[4215]\"><img loading=\"lazy\" decoding=\"async\" aria-describedby=\"caption-attachment-4253\" class=\"wp-image-4253 size-full\" title=\"Ville k\u00f6ny\u00e4\u00e4 &lt;em&gt;Kiveksi\u00e4&lt;\/em&gt; 5 yl\u00f6s. \" src=\"https:\/\/blogi.ennola.fi\/wp-content\/uploads\/2019\/10\/IMG_1006-1.jpg\" alt=\"\" width=\"315\" height=\"420\" srcset=\"https:\/\/blogi.ennola.fi\/wp-content\/uploads\/2019\/10\/IMG_1006-1.jpg 315w, https:\/\/blogi.ennola.fi\/wp-content\/uploads\/2019\/10\/IMG_1006-1-113x150.jpg 113w, https:\/\/blogi.ennola.fi\/wp-content\/uploads\/2019\/10\/IMG_1006-1-300x400.jpg 300w\" sizes=\"(max-width: 315px) 100vw, 315px\" \/><\/a><p id=\"caption-attachment-4253\" class=\"wp-caption-text\">Ville k\u00f6ny\u00e4\u00e4 <em>Kiveksi\u00e4<\/em> 5 yl\u00f6s.<\/p><\/div>\n<div id=\"attachment_4254\" style=\"width: 325px\" class=\"wp-caption aligncenter\"><a href=\"https:\/\/blogi.ennola.fi\/wp-content\/uploads\/2019\/10\/IMG_1009.jpg\" rel=\"lightbox[4215]\"><img loading=\"lazy\" decoding=\"async\" aria-describedby=\"caption-attachment-4254\" class=\"wp-image-4254 size-full\" title=\"Ville katselee reitin nimikkokivi\u00e4 ja etsii reitti\u00e4 yl\u00f6sp\u00e4in.\" src=\"https:\/\/blogi.ennola.fi\/wp-content\/uploads\/2019\/10\/IMG_1009-1.jpg\" alt=\"\" width=\"315\" height=\"420\" srcset=\"https:\/\/blogi.ennola.fi\/wp-content\/uploads\/2019\/10\/IMG_1009-1.jpg 315w, https:\/\/blogi.ennola.fi\/wp-content\/uploads\/2019\/10\/IMG_1009-1-113x150.jpg 113w, https:\/\/blogi.ennola.fi\/wp-content\/uploads\/2019\/10\/IMG_1009-1-300x400.jpg 300w\" sizes=\"(max-width: 315px) 100vw, 315px\" \/><\/a><p id=\"caption-attachment-4254\" class=\"wp-caption-text\">Ville katselee reitin nimikkokivi\u00e4 ja etsii reitti\u00e4 yl\u00f6sp\u00e4in.<\/p><\/div>\n<p>Puistom\u00e4ess\u00e4 toukokuussa tr\u00e4diliidit saivat jatkoa. Nyt kiivettiin <em>Corner<\/em> 4, joka oli hieman vaikeammin varmistettavissa. Kolme kunnollista kiilanpaikkaa kuitenkin l\u00f6ysin. Ensimm\u00e4iseen niist\u00e4 tipahdin, joten tuli se tr\u00e4diliidipudotuskin kokeiltua. Kun jatkoin matkaa, uiskenteli kiila irti kalliosta ja tippui varmistajan syliin, joten paremmin olisi pit\u00e4nyt saada se paikoilleen. Keskimm\u00e4inen kiila menikin paikoilleen erinomaisesti, mutta ylin kiila oli taas v\u00e4h\u00e4n niin ja n\u00e4in. Jos olisin viimeisess\u00e4 muuvissa pudonnut ja se kiila olisi pett\u00e4nyt, olisi matka alas ollut kyll\u00e4 aika pitk\u00e4. Onneksi en tippunut. Vaikka reitti oli suhteellisen helppo, niin otteet, joilta varmistukset laitoin, eiv\u00e4t olleet ihan helppoja. T\u00e4m\u00e4 olikin sellainen ensimm\u00e4inen ihan oikea tr\u00e4diliidi.<\/p>\n<div id=\"attachment_4261\" style=\"width: 460px\" class=\"wp-caption aligncenter\"><a href=\"https:\/\/blogi.ennola.fi\/wp-content\/uploads\/2019\/10\/IMG_1089.jpg\" rel=\"lightbox[4215]\"><img loading=\"lazy\" decoding=\"async\" aria-describedby=\"caption-attachment-4261\" class=\"wp-image-4261 size-full\" title=\"Puistom\u00e4ess\u00e4 kiipeilem\u00e4ss\u00e4, &lt;em&gt;Holy Mission&lt;\/em&gt; 5.\" src=\"https:\/\/blogi.ennola.fi\/wp-content\/uploads\/2019\/10\/IMG_1089-1.jpg\" alt=\"\" width=\"450\" height=\"338\" srcset=\"https:\/\/blogi.ennola.fi\/wp-content\/uploads\/2019\/10\/IMG_1089-1.jpg 450w, https:\/\/blogi.ennola.fi\/wp-content\/uploads\/2019\/10\/IMG_1089-1-150x113.jpg 150w\" sizes=\"(max-width: 450px) 100vw, 450px\" \/><\/a><p id=\"caption-attachment-4261\" class=\"wp-caption-text\">Puistom\u00e4ess\u00e4 kiipeilem\u00e4ss\u00e4, <em>Holy Mission<\/em> 5.<\/p><\/div>\n<div id=\"attachment_4258\" style=\"width: 460px\" class=\"wp-caption aligncenter\"><a href=\"https:\/\/blogi.ennola.fi\/wp-content\/uploads\/2019\/10\/IMG_1049.jpg\" rel=\"lightbox[4215]\"><img loading=\"lazy\" decoding=\"async\" aria-describedby=\"caption-attachment-4258\" class=\"wp-image-4258 size-full\" title=\"Iltakiipeily\u00e4 Kuparivuorella Naantalissa. \" src=\"https:\/\/blogi.ennola.fi\/wp-content\/uploads\/2019\/10\/IMG_1049-1.jpg\" alt=\"\" width=\"450\" height=\"338\" srcset=\"https:\/\/blogi.ennola.fi\/wp-content\/uploads\/2019\/10\/IMG_1049-1.jpg 450w, https:\/\/blogi.ennola.fi\/wp-content\/uploads\/2019\/10\/IMG_1049-1-150x113.jpg 150w\" sizes=\"(max-width: 450px) 100vw, 450px\" \/><\/a><p id=\"caption-attachment-4258\" class=\"wp-caption-text\">Iltakiipeily\u00e4 Kuparivuorella Naantalissa.<\/p><\/div>\n<div id=\"attachment_4259\" style=\"width: 460px\" class=\"wp-caption aligncenter\"><a href=\"https:\/\/blogi.ennola.fi\/wp-content\/uploads\/2019\/10\/IMG_1131.jpg\" rel=\"lightbox[4215]\"><img loading=\"lazy\" decoding=\"async\" aria-describedby=\"caption-attachment-4259\" class=\"wp-image-4259 size-full\" title=\"Henkka kiipe\u00e4\u00e4 &lt;em&gt;Pressa Rockin&lt;\/em&gt; 5 alaosaa.\" src=\"https:\/\/blogi.ennola.fi\/wp-content\/uploads\/2019\/10\/IMG_1131-1.jpg\" alt=\"\" width=\"450\" height=\"357\" srcset=\"https:\/\/blogi.ennola.fi\/wp-content\/uploads\/2019\/10\/IMG_1131-1.jpg 450w, https:\/\/blogi.ennola.fi\/wp-content\/uploads\/2019\/10\/IMG_1131-1-150x119.jpg 150w\" sizes=\"(max-width: 450px) 100vw, 450px\" \/><\/a><p id=\"caption-attachment-4259\" class=\"wp-caption-text\">Henkka kiipe\u00e4\u00e4 <em>Pressa Rockin<\/em> 5 alaosaa.<\/p><\/div>\n<p>Toukokuussa ostin itselleni my\u00f6s boulderpatjan, mink\u00e4 kanssa saatoin l\u00e4hte\u00e4 harjoittelemaan l\u00e4hiseudun kivill\u00e4. Vaikka Kruxin yhteiset boulderillat ovatkin olleet opettavaisia, niin oman patjan kanssa kulkeminen on ollut my\u00f6s mukavaa. Boulderoinnissa olen juuri nauttinut oman rauhan tuomasta mahdollisuudesta paneutua muuvien tekemiseen. Toki kovin korkeille ja hankalille reiteille ei yksin uskalla l\u00e4hte\u00e4. Pyrin kes\u00e4n aikana ahkerasti kartoittamaan Turun l\u00e4hialueen bouldermahdollisuuksia uuden topokirjan pohjalta.<\/p>\n<p>Ville yllytti minua osallistumaan kanssaan kiipeilykisaan, <em>Kustavi derbyyn<\/em>, t\u00e4n\u00e4 vuonna. Itse en ollut viel\u00e4 innokas valtaisalla kolmen reitin liidikokemuksella, kun ottaa huomioon, ett\u00e4 Villen kokemus oli siin\u00e4 vaiheessa viel\u00e4 py\u00f6re\u00e4t nolla. Mutta p\u00e4\u00e4tettiin t\u00e4hd\u00e4t\u00e4 ensi kes\u00e4\u00e4n ja sill\u00e4 mielell\u00e4 k\u00e4vin loppukes\u00e4st\u00e4 Kustavin kallioita kiipe\u00e4m\u00e4ss\u00e4 ja kartoittamassa potentiaalisia liidattavia reittej\u00e4. Etuk\u00e4teisrajaksi laitoin, ett\u00e4 meid\u00e4n t\u00e4ytyisi pysty\u00e4 liidaamaan reittej\u00e4 120 pisteen edest\u00e4 ennen kuin on j\u00e4rke\u00e4 l\u00e4hte\u00e4 kisaan. Kes\u00e4n loppuun menness\u00e4 olimmekin saaneet kartoitetuksi potentiaalisesti meid\u00e4n liidattavissa olevia reittej\u00e4 n. 175 pisteen edest\u00e4, joten toivottavasti kisa j\u00e4rjestet\u00e4\u00e4n my\u00f6s ensi kes\u00e4n\u00e4. Toki t\u00e4st\u00e4kin projektista t\u00e4ytyy sanoa samaa kuin aikanaan maratonprojektistakin, ett\u00e4 parasta ei ole maali vaan matka sinne.<\/p>\n<div id=\"attachment_4245\" style=\"width: 325px\" class=\"wp-caption aligncenter\"><a href=\"https:\/\/blogi.ennola.fi\/wp-content\/uploads\/2019\/10\/IMG_1842.jpg\" rel=\"lightbox[4215]\"><img loading=\"lazy\" decoding=\"async\" aria-describedby=\"caption-attachment-4245\" class=\"wp-image-4245 size-full\" title=\"Henkka &lt;em&gt;Killin ja Nallin koston&lt;\/em&gt; 5- topissa.\" src=\"https:\/\/blogi.ennola.fi\/wp-content\/uploads\/2019\/10\/IMG_1842-1.jpg\" alt=\"\" width=\"315\" height=\"420\" srcset=\"https:\/\/blogi.ennola.fi\/wp-content\/uploads\/2019\/10\/IMG_1842-1.jpg 315w, https:\/\/blogi.ennola.fi\/wp-content\/uploads\/2019\/10\/IMG_1842-1-113x150.jpg 113w, https:\/\/blogi.ennola.fi\/wp-content\/uploads\/2019\/10\/IMG_1842-1-300x400.jpg 300w\" sizes=\"(max-width: 315px) 100vw, 315px\" \/><\/a><p id=\"caption-attachment-4245\" class=\"wp-caption-text\">Henkka <em>Killin ja Nallin koston<\/em> 5- topissa.<\/p><\/div>\n<div id=\"attachment_4244\" style=\"width: 325px\" class=\"wp-caption aligncenter\"><a href=\"https:\/\/blogi.ennola.fi\/wp-content\/uploads\/2019\/10\/IMG_1849b.jpg\" rel=\"lightbox[4215]\"><img loading=\"lazy\" decoding=\"async\" aria-describedby=\"caption-attachment-4244\" class=\"wp-image-4244 size-full\" title=\"Henkka tapailee &lt;em&gt;Pihasiivojaan &lt;\/em&gt;5- varsin hankalaa alkua.\" src=\"https:\/\/blogi.ennola.fi\/wp-content\/uploads\/2019\/10\/IMG_1849b-1.jpg\" alt=\"\" width=\"315\" height=\"420\" srcset=\"https:\/\/blogi.ennola.fi\/wp-content\/uploads\/2019\/10\/IMG_1849b-1.jpg 315w, https:\/\/blogi.ennola.fi\/wp-content\/uploads\/2019\/10\/IMG_1849b-1-113x150.jpg 113w, https:\/\/blogi.ennola.fi\/wp-content\/uploads\/2019\/10\/IMG_1849b-1-300x400.jpg 300w\" sizes=\"(max-width: 315px) 100vw, 315px\" \/><\/a><p id=\"caption-attachment-4244\" class=\"wp-caption-text\">Henkka tapailee <em>Pihasiivojaan\u00a0<\/em>5- varsin hankalaa alkua.<\/p><\/div>\n<p>Hein\u00e4kuun lopun helteill\u00e4 sain Markon belay-orjaksi ja opettajaksi yhdeksi p\u00e4iv\u00e4ksi varjoisalle Kaasavuorelle. Markon opetuksessa opin paljon liidauksesta ja sain hyvi\u00e4 niksej\u00e4 jammaamiseen, mink\u00e4 ansiosta jammitekniikkani parani huomattavasti. Harjoittelin liidausta ensin yl\u00e4k\u00f6ydess\u00e4 ja sen j\u00e4lkeen liidasin reitit: <em>Big Easy<\/em> 4- ja <em>Itikka<\/em> 4. <em>Itikan<\/em> topissa otin pannut kahdesti. Nyt oli sitten sekin testattu, ett\u00e4 kamu pysyi halkeamassa, kun k\u00f6yteen putosi. En vain l\u00f6yt\u00e4nyt kriittist\u00e4 jalkaotetta liidiss\u00e4, vaikka olin yl\u00e4k\u00f6ysitellyt sen jo pari kertaa. N\u00e4iss\u00e4 liideiss\u00e4 oli hieno huomata, ett\u00e4 homma tuntui olevan ihan hanskassa alusta loppuun pannuista huolimatta.<\/p>\n<p>Elokuun alussa osallistuin Juhan Jammikoululla Hopiavuorella. <em>S\u00e4kkipillin<\/em> 6- jammaaminen ei vaikuttanut kovin hankalalta, joten kiipesin helposti korkeuteen, josta ei ollut syyt\u00e4 jatkaa korkeammalle pelk\u00e4n boulderpatjan varassa. Juha koetti yllytt\u00e4\u00e4 liidaamaan sit\u00e4, mutta siihen en viel\u00e4 ollut valmis. Olisin ensin halunnut testata reitti\u00e4 yl\u00e4k\u00f6ydess\u00e4. Sen sijaan liidasin ensimm\u00e4isen viitosen reittini: <em>Lastenhuoneen Avaimet<\/em> 5. Tosin tipuin matkalla kerran k\u00f6yteen, joten aivan puhdasta suoritusta siit\u00e4 ei tullut.<\/p>\n<div id=\"attachment_4265\" style=\"width: 460px\" class=\"wp-caption aligncenter\"><a href=\"https:\/\/blogi.ennola.fi\/wp-content\/uploads\/2019\/10\/IMG_1863.jpg\" rel=\"lightbox[4215]\"><img loading=\"lazy\" decoding=\"async\" aria-describedby=\"caption-attachment-4265\" class=\"wp-image-4265 size-full\" title=\"Jammikoulu k\u00e4ynniss\u00e4.\" src=\"https:\/\/blogi.ennola.fi\/wp-content\/uploads\/2019\/10\/IMG_1863-1.jpg\" alt=\"\" width=\"450\" height=\"338\" srcset=\"https:\/\/blogi.ennola.fi\/wp-content\/uploads\/2019\/10\/IMG_1863-1.jpg 450w, https:\/\/blogi.ennola.fi\/wp-content\/uploads\/2019\/10\/IMG_1863-1-150x113.jpg 150w\" sizes=\"(max-width: 450px) 100vw, 450px\" \/><\/a><p id=\"caption-attachment-4265\" class=\"wp-caption-text\">Jammikoulu k\u00e4ynniss\u00e4.<\/p><\/div>\n<div id=\"attachment_4266\" style=\"width: 325px\" class=\"wp-caption aligncenter\"><a href=\"https:\/\/blogi.ennola.fi\/wp-content\/uploads\/2019\/10\/IMG_1860.jpg\" rel=\"lightbox[4215]\"><img loading=\"lazy\" decoding=\"async\" aria-describedby=\"caption-attachment-4266\" class=\"wp-image-4266 size-full\" title=\"Juhan mallisuoritus jammaamisesta. \" src=\"https:\/\/blogi.ennola.fi\/wp-content\/uploads\/2019\/10\/IMG_1860-1.jpg\" alt=\"\" width=\"315\" height=\"420\" srcset=\"https:\/\/blogi.ennola.fi\/wp-content\/uploads\/2019\/10\/IMG_1860-1.jpg 315w, https:\/\/blogi.ennola.fi\/wp-content\/uploads\/2019\/10\/IMG_1860-1-113x150.jpg 113w, https:\/\/blogi.ennola.fi\/wp-content\/uploads\/2019\/10\/IMG_1860-1-300x400.jpg 300w\" sizes=\"(max-width: 315px) 100vw, 315px\" \/><\/a><p id=\"caption-attachment-4266\" class=\"wp-caption-text\">Juhan mallisuoritus jammaamisesta.<\/p><\/div>\n<p>Kes\u00e4n aikana k\u00e4vin useamman kertaa Isoniitussa sek\u00e4 Pohjavuorella, joissa molemmissa oli paljon hyvi\u00e4 ja kohtuullisen helppoja reittej\u00e4 niin liidattavaksi kuin yl\u00e4k\u00f6ysitelt\u00e4v\u00e4ksi. Isoniitun onnistumisiksi voidaan lukea <em>Oikea suora<\/em> 4+ ja etenkin <em>Hirvik\u00e4rp\u00e4nen<\/em> 4+, jossa alku oli varsin hankala. <em>Suolistosukellusta<\/em> 4 koetin liidata ja otin ihan kunnon liidipudotuksen kiilaan, mutta kiila piti. Viel\u00e4 j\u00e4i ainakin puolisen metri\u00e4 varaa tonttiinkin. Seuraavalla kerralla t\u00e4ytyy koettaa saada ainakin yksi varmistus huonoilta k\u00e4siotteilta lis\u00e4\u00e4, jottei tule ihan noin pitk\u00e4\u00e4 pudotusta.<\/p>\n<div id=\"attachment_4268\" style=\"width: 325px\" class=\"wp-caption aligncenter\"><a href=\"https:\/\/blogi.ennola.fi\/wp-content\/uploads\/2019\/10\/IMG_1925.jpg\" rel=\"lightbox[4215]\"><img loading=\"lazy\" decoding=\"async\" aria-describedby=\"caption-attachment-4268\" class=\"wp-image-4268 size-full\" title=\"Ville &lt;em&gt;Suolistosukelluksen&lt;\/em&gt; 4 lopussa.\" src=\"https:\/\/blogi.ennola.fi\/wp-content\/uploads\/2019\/10\/IMG_1925-1.jpg\" alt=\"\" width=\"315\" height=\"420\" srcset=\"https:\/\/blogi.ennola.fi\/wp-content\/uploads\/2019\/10\/IMG_1925-1.jpg 315w, https:\/\/blogi.ennola.fi\/wp-content\/uploads\/2019\/10\/IMG_1925-1-113x150.jpg 113w, https:\/\/blogi.ennola.fi\/wp-content\/uploads\/2019\/10\/IMG_1925-1-300x400.jpg 300w\" sizes=\"(max-width: 315px) 100vw, 315px\" \/><\/a><p id=\"caption-attachment-4268\" class=\"wp-caption-text\">Ville <em>Suolistosukelluksen<\/em> 4 lopussa.<\/p><\/div>\n<div id=\"attachment_4269\" style=\"width: 460px\" class=\"wp-caption aligncenter\"><a href=\"https:\/\/blogi.ennola.fi\/wp-content\/uploads\/2019\/10\/IMG_1915.jpg\" rel=\"lightbox[4215]\"><img loading=\"lazy\" decoding=\"async\" aria-describedby=\"caption-attachment-4269\" class=\"wp-image-4269 size-full\" title=\"Min\u00e4 &lt;em&gt;Suolistosukelluksen&lt;\/em&gt; 4 kimpussa. Vasen jalka jammissa, oikea sein\u00e4ll\u00e4. Kohta putosinkin alas.\" src=\"https:\/\/blogi.ennola.fi\/wp-content\/uploads\/2019\/10\/IMG_1915-1.jpg\" alt=\"\" width=\"450\" height=\"338\" srcset=\"https:\/\/blogi.ennola.fi\/wp-content\/uploads\/2019\/10\/IMG_1915-1.jpg 450w, https:\/\/blogi.ennola.fi\/wp-content\/uploads\/2019\/10\/IMG_1915-1-150x113.jpg 150w\" sizes=\"(max-width: 450px) 100vw, 450px\" \/><\/a><p id=\"caption-attachment-4269\" class=\"wp-caption-text\">Min\u00e4 <em>Suolistosukelluksen<\/em> 4 kimpussa. Vasen jalka jammissa, oikea sein\u00e4ll\u00e4. Kohta putosinkin alas.<\/p><\/div>\n<div id=\"attachment_4267\" style=\"width: 325px\" class=\"wp-caption aligncenter\"><a href=\"https:\/\/blogi.ennola.fi\/wp-content\/uploads\/2019\/10\/IMG_1833.jpg\" rel=\"lightbox[4215]\"><img loading=\"lazy\" decoding=\"async\" aria-describedby=\"caption-attachment-4267\" class=\"wp-image-4267 size-full\" title=\"Kuvassa Henkka kiipe\u00e4\u00e4 &lt;em&gt;Vasenta koukkua&lt;\/em&gt; 5-.\" src=\"https:\/\/blogi.ennola.fi\/wp-content\/uploads\/2019\/10\/IMG_1833-1.jpg\" alt=\"\" width=\"315\" height=\"420\" srcset=\"https:\/\/blogi.ennola.fi\/wp-content\/uploads\/2019\/10\/IMG_1833-1.jpg 315w, https:\/\/blogi.ennola.fi\/wp-content\/uploads\/2019\/10\/IMG_1833-1-113x150.jpg 113w, https:\/\/blogi.ennola.fi\/wp-content\/uploads\/2019\/10\/IMG_1833-1-300x400.jpg 300w\" sizes=\"(max-width: 315px) 100vw, 315px\" \/><\/a><p id=\"caption-attachment-4267\" class=\"wp-caption-text\">Kuvassa Henkka kiipe\u00e4\u00e4 <em>Vasenta koukkua<\/em> 5-.<\/p><\/div>\n<div id=\"attachment_4243\" style=\"width: 460px\" class=\"wp-caption aligncenter\"><a href=\"https:\/\/blogi.ennola.fi\/wp-content\/uploads\/2019\/10\/IMG_1889.jpg\" rel=\"lightbox[4215]\"><img loading=\"lazy\" decoding=\"async\" aria-describedby=\"caption-attachment-4243\" class=\"wp-image-4243 size-full\" title=\"Aamu ottaa enimm\u00e4isi\u00e4 &lt;em&gt;Baby Stepsej\u00e4&lt;\/em&gt; 3+.\" src=\"https:\/\/blogi.ennola.fi\/wp-content\/uploads\/2019\/10\/IMG_1889-1.jpg\" alt=\"\" width=\"450\" height=\"338\" srcset=\"https:\/\/blogi.ennola.fi\/wp-content\/uploads\/2019\/10\/IMG_1889-1.jpg 450w, https:\/\/blogi.ennola.fi\/wp-content\/uploads\/2019\/10\/IMG_1889-1-150x113.jpg 150w\" sizes=\"(max-width: 450px) 100vw, 450px\" \/><\/a><p id=\"caption-attachment-4243\" class=\"wp-caption-text\">Aamu ottaa enimm\u00e4isi\u00e4 <em>Baby Stepsej\u00e4<\/em> 3+.<\/p><\/div>\n<div id=\"attachment_4264\" style=\"width: 325px\" class=\"wp-caption aligncenter\"><a href=\"https:\/\/blogi.ennola.fi\/wp-content\/uploads\/2019\/10\/IMG_1866.jpg\" rel=\"lightbox[4215]\"><img loading=\"lazy\" decoding=\"async\" aria-describedby=\"caption-attachment-4264\" class=\"wp-image-4264 size-full\" title=\"Hanna liidaa &lt;em&gt;Sakkoa&lt;\/em&gt; 3+, Hanna varmistaa.\" src=\"https:\/\/blogi.ennola.fi\/wp-content\/uploads\/2019\/10\/IMG_1866-1.jpg\" alt=\"\" width=\"315\" height=\"420\" srcset=\"https:\/\/blogi.ennola.fi\/wp-content\/uploads\/2019\/10\/IMG_1866-1.jpg 315w, https:\/\/blogi.ennola.fi\/wp-content\/uploads\/2019\/10\/IMG_1866-1-113x150.jpg 113w, https:\/\/blogi.ennola.fi\/wp-content\/uploads\/2019\/10\/IMG_1866-1-300x400.jpg 300w\" sizes=\"(max-width: 315px) 100vw, 315px\" \/><\/a><p id=\"caption-attachment-4264\" class=\"wp-caption-text\">Hanna liidaa <em>Sakkoa<\/em> 3+, Hanna varmistaa.<\/p><\/div>\n<p>Elokuun puolessa v\u00e4liss\u00e4 sain vihdoin kiivetyksi yl\u00e4k\u00f6ydell\u00e4 viimeiset kaksi kiipe\u00e4m\u00e4t\u00f6nt\u00e4 nelosen k\u00f6ysireitti\u00e4 Turun l\u00e4hialueella: Rauninrotkon <em>Ei alle 170cm<\/em> 4 ja <em>Maatuska<\/em> 4+. Samalla sain 100. ulkoreitin kasaan siit\u00e4, kun aloin niit\u00e4 merkitsem\u00e4n 27cragsiin. T\u00e4m\u00e4n j\u00e4lkeen sain l\u00e4hikohteista kiivetyksi viel\u00e4 <em>Illusian <\/em>5+ Luolavuoren silosein\u00e4ll\u00e4 ja <em>I Am I:n<\/em> 5 Pernossa. Molemmat hankalia reittej\u00e4, jotka aiemmilla kerroilla olivat j\u00e4\u00e4neet kiipe\u00e4m\u00e4tt\u00e4. Etenkin Illusiassa saatoin huomata sl\u00e4bitekniikkani kehittyneen. Ensi kes\u00e4n tavoitteena onkin sitten liidata mahdollisimman moni noista nelosista ja yl\u00e4k\u00f6ysitell\u00e4 viitosia ja helppoja kuutosia. Sen verran hankalia viitosia Turun l\u00e4hikallioilta l\u00f6ytyy, ett\u00e4 tuskin niit\u00e4 kaikkia saan viel\u00e4 kiivetyksi.<\/p>\n<div id=\"attachment_4260\" style=\"width: 325px\" class=\"wp-caption aligncenter\"><a href=\"https:\/\/blogi.ennola.fi\/wp-content\/uploads\/2019\/10\/IMG_0631.jpg\" rel=\"lightbox[4215]\"><img loading=\"lazy\" decoding=\"async\" aria-describedby=\"caption-attachment-4260\" class=\"wp-image-4260 size-full\" title=\"P\u00e4ivi kiipe\u00e4\u00e4 &lt;em&gt;Texas Toastia&lt;\/em&gt; 6c+.\" src=\"https:\/\/blogi.ennola.fi\/wp-content\/uploads\/2019\/10\/IMG_0631-1.jpg\" alt=\"\" width=\"315\" height=\"420\" srcset=\"https:\/\/blogi.ennola.fi\/wp-content\/uploads\/2019\/10\/IMG_0631-1.jpg 315w, https:\/\/blogi.ennola.fi\/wp-content\/uploads\/2019\/10\/IMG_0631-1-113x150.jpg 113w, https:\/\/blogi.ennola.fi\/wp-content\/uploads\/2019\/10\/IMG_0631-1-300x400.jpg 300w\" sizes=\"(max-width: 315px) 100vw, 315px\" \/><\/a><p id=\"caption-attachment-4260\" class=\"wp-caption-text\">P\u00e4ivi kiipe\u00e4\u00e4 <em>Texas Toastia<\/em> 6c+.<\/p><\/div>\n<div id=\"attachment_4263\" style=\"width: 300px\" class=\"wp-caption aligncenter\"><a href=\"https:\/\/blogi.ennola.fi\/wp-content\/uploads\/2019\/10\/IMG_1994.jpg\" rel=\"lightbox[4215]\"><img loading=\"lazy\" decoding=\"async\" aria-describedby=\"caption-attachment-4263\" class=\"wp-image-4263 size-full\" title=\"Henkka ja &lt;em&gt;Anthrax&lt;\/em&gt; 5.\" src=\"https:\/\/blogi.ennola.fi\/wp-content\/uploads\/2019\/10\/IMG_1994-1.jpg\" alt=\"\" width=\"290\" height=\"420\" srcset=\"https:\/\/blogi.ennola.fi\/wp-content\/uploads\/2019\/10\/IMG_1994-1.jpg 290w, https:\/\/blogi.ennola.fi\/wp-content\/uploads\/2019\/10\/IMG_1994-1-104x150.jpg 104w, https:\/\/blogi.ennola.fi\/wp-content\/uploads\/2019\/10\/IMG_1994-1-276x400.jpg 276w\" sizes=\"(max-width: 290px) 100vw, 290px\" \/><\/a><p id=\"caption-attachment-4263\" class=\"wp-caption-text\">Henkka ja <em>Anthrax<\/em> 5.<\/p><\/div>\n<p>Kes\u00e4n lopulla Juha innosti minut mukaansa uuden kiipeilykallion harjaamiseen ja avaamiseen. Putsasin sammalista ja tein ensinousut kahteen reittiin: <em>Pikku Pippuri <\/em>4 ja <em>Yst\u00e4v\u00e4 toisi turvaa <\/em>4+. Seuraavilla kerroilla ehdin viel\u00e4 tehty\u00e4 toistonousut kahteen reittiin: <em>Ansa<\/em> 4+ ja <em>Kanansiipi<\/em> 5. Paria poikkariakin harjailin puhtaaksi, mutta tuskin pystyn niit\u00e4 kiipe\u00e4m\u00e4\u00e4n, sen verta hankalilta vaikuttivat. Nyt syksyll\u00e4 poikkarit olivat ainakin liian m\u00e4rki\u00e4 edes kokeiltavaksi. Ravastaalista tulikin helppo harjoittelukallio, miss\u00e4 on monenlaista halkeamaa kiivett\u00e4v\u00e4n\u00e4 aloittelevalle halkeamakiipeilij\u00e4lle. Viimeisell\u00e4 kerralla Juha sai kun saikin avatuksi kalliolla my\u00f6s yhden vaikeamman reitin.<\/p>\n<div id=\"attachment_4246\" style=\"width: 300px\" class=\"wp-caption aligncenter\"><a href=\"https:\/\/blogi.ennola.fi\/wp-content\/uploads\/2019\/10\/IMG_1948.jpg\" rel=\"lightbox[4215]\"><img loading=\"lazy\" decoding=\"async\" aria-describedby=\"caption-attachment-4246\" class=\"wp-image-4246 size-full\" title=\"Minun ensinousuni reitill\u00e4 &lt;em&gt;Yst\u00e4v\u00e4 toisi turvaa&lt;\/em&gt; 4+.\" src=\"https:\/\/blogi.ennola.fi\/wp-content\/uploads\/2019\/10\/IMG_1948-1.jpg\" alt=\"\" width=\"290\" height=\"420\" srcset=\"https:\/\/blogi.ennola.fi\/wp-content\/uploads\/2019\/10\/IMG_1948-1.jpg 290w, https:\/\/blogi.ennola.fi\/wp-content\/uploads\/2019\/10\/IMG_1948-1-104x150.jpg 104w, https:\/\/blogi.ennola.fi\/wp-content\/uploads\/2019\/10\/IMG_1948-1-276x400.jpg 276w\" sizes=\"(max-width: 290px) 100vw, 290px\" \/><\/a><p id=\"caption-attachment-4246\" class=\"wp-caption-text\">Minun ensinousuni reitill\u00e4 <em>Yst\u00e4v\u00e4 toisi turvaa<\/em> 4+.<\/p><\/div>\n<div id=\"attachment_4250\" style=\"width: 460px\" class=\"wp-caption aligncenter\"><a href=\"https:\/\/blogi.ennola.fi\/wp-content\/uploads\/2019\/10\/IMG_1974.jpg\" rel=\"lightbox[4215]\"><img loading=\"lazy\" decoding=\"async\" aria-describedby=\"caption-attachment-4250\" class=\"wp-image-4250 size-full\" title=\"Liisa &lt;em&gt;Hoppeligen&lt;\/em&gt; 5+ -reitin kruxissa. \" src=\"https:\/\/blogi.ennola.fi\/wp-content\/uploads\/2019\/10\/IMG_1974-1.jpg\" alt=\"\" width=\"450\" height=\"338\" srcset=\"https:\/\/blogi.ennola.fi\/wp-content\/uploads\/2019\/10\/IMG_1974-1.jpg 450w, https:\/\/blogi.ennola.fi\/wp-content\/uploads\/2019\/10\/IMG_1974-1-150x113.jpg 150w\" sizes=\"(max-width: 450px) 100vw, 450px\" \/><\/a><p id=\"caption-attachment-4250\" class=\"wp-caption-text\">Liisa <em>Hoppeligen<\/em> 5+ -reitin kruxissa.<\/p><\/div>\n<div class=\"mceTemp\"><\/div>\n<div id=\"attachment_4249\" style=\"width: 275px\" class=\"wp-caption aligncenter\"><a href=\"https:\/\/blogi.ennola.fi\/wp-content\/uploads\/2019\/10\/IMG_2003.jpg\" rel=\"lightbox[4215]\"><img loading=\"lazy\" decoding=\"async\" aria-describedby=\"caption-attachment-4249\" class=\"wp-image-4249 size-full\" title=\"Johanna liidaa &lt;em&gt;Yst\u00e4v\u00e4 toisi turvaa&lt;\/em&gt; 4+ ja P\u00e4ivi varmistaa.\" src=\"https:\/\/blogi.ennola.fi\/wp-content\/uploads\/2019\/10\/IMG_2003-1.jpg\" alt=\"\" width=\"265\" height=\"420\" srcset=\"https:\/\/blogi.ennola.fi\/wp-content\/uploads\/2019\/10\/IMG_2003-1.jpg 265w, https:\/\/blogi.ennola.fi\/wp-content\/uploads\/2019\/10\/IMG_2003-1-95x150.jpg 95w, https:\/\/blogi.ennola.fi\/wp-content\/uploads\/2019\/10\/IMG_2003-1-252x400.jpg 252w\" sizes=\"(max-width: 265px) 100vw, 265px\" \/><\/a><p id=\"caption-attachment-4249\" class=\"wp-caption-text\">Johanna liidaa <em>Yst\u00e4v\u00e4 toisi turvaa<\/em> 4+ ja P\u00e4ivi varmistaa.<\/p><\/div>\n<div id=\"attachment_4247\" style=\"width: 460px\" class=\"wp-caption aligncenter\"><a href=\"https:\/\/blogi.ennola.fi\/wp-content\/uploads\/2019\/10\/IMG_2030.jpg\" rel=\"lightbox[4215]\"><img loading=\"lazy\" decoding=\"async\" aria-describedby=\"caption-attachment-4247\" class=\"wp-image-4247 size-full\" title=\"Juha harjoittelee omaa &lt;em&gt;Marginaaliaan&lt;\/em&gt; 6+. \" src=\"https:\/\/blogi.ennola.fi\/wp-content\/uploads\/2019\/10\/IMG_2030-1.jpg\" alt=\"\" width=\"450\" height=\"354\" srcset=\"https:\/\/blogi.ennola.fi\/wp-content\/uploads\/2019\/10\/IMG_2030-1.jpg 450w, https:\/\/blogi.ennola.fi\/wp-content\/uploads\/2019\/10\/IMG_2030-1-150x118.jpg 150w\" sizes=\"(max-width: 450px) 100vw, 450px\" \/><\/a><p id=\"caption-attachment-4247\" class=\"wp-caption-text\">Juha harjoittelee omaa <em>Marginaaliaan<\/em> 6+.<\/p><\/div>\n<p>Kiipeilyllisesti koen kehittyneeni selv\u00e4sti niin jammaamisessa kuin sl\u00e4bill\u00e4kin. Sopivassa halkeamassa niin jalka- kuin k\u00e4sijammitkin tuntuivat varmoilta ja parhaimmillaan hyv\u00e4 k\u00e4sijammi tuntui yht\u00e4 luotettavalta kuin kahva. Sl\u00e4bill\u00e4 opettavainen reitti oli <em>Noah<\/em> 5+ Majakkarannassa. Sit\u00e4 yritin lukuisia kertoja, mutta jalat lipesiv\u00e4t aina alta. Lopulta sain reitin menem\u00e4\u00e4n, kun opin sopivan varovasti siirt\u00e4m\u00e4\u00e4n painoa jalalta toiselle.<\/p>\n<div id=\"attachment_4262\" style=\"width: 460px\" class=\"wp-caption aligncenter\"><a href=\"https:\/\/blogi.ennola.fi\/wp-content\/uploads\/2019\/10\/IMG_1143.jpg\" rel=\"lightbox[4215]\"><img loading=\"lazy\" decoding=\"async\" aria-describedby=\"caption-attachment-4262\" class=\"wp-image-4262 size-full\" title=\"Pansiossa sl\u00e4bi\u00e4 kiipe\u00e4m\u00e4ss\u00e4. Reitit tuntuivat nyt helpommilta kuin vuosi sitten.\" src=\"https:\/\/blogi.ennola.fi\/wp-content\/uploads\/2019\/10\/IMG_1143-1.jpg\" alt=\"\" width=\"450\" height=\"338\" srcset=\"https:\/\/blogi.ennola.fi\/wp-content\/uploads\/2019\/10\/IMG_1143-1.jpg 450w, https:\/\/blogi.ennola.fi\/wp-content\/uploads\/2019\/10\/IMG_1143-1-150x113.jpg 150w\" sizes=\"(max-width: 450px) 100vw, 450px\" \/><\/a><p id=\"caption-attachment-4262\" class=\"wp-caption-text\">Pansiossa sl\u00e4bi\u00e4 kiipe\u00e4m\u00e4ss\u00e4. Reitit tuntuivat nyt helpommilta kuin vuosi sitten.<\/p><\/div>\n<p>Kes\u00e4n aikana p\u00e4\u00e4sin mielest\u00e4ni kivasti tr\u00e4diliidaamiseen makuun. Liidipudotuksia tuli useita ja en oikeastaan pel\u00e4nnyt tippumista sen enemp\u00e4\u00e4 kuin yl\u00e4k\u00f6ydess\u00e4k\u00e4\u00e4n. Tr\u00e4diss\u00e4 helppoa on se, ett\u00e4 aina voi laittaa lis\u00e4\u00e4 varmistuksia, kun alkaa j\u00e4nnitt\u00e4\u00e4. En my\u00f6sk\u00e4\u00e4n j\u00e4\u00e4nyt arpomaan varmistusten kanssa. Jos varmistuksen sai kutakuinkin asiallisesti paikalleen, en j\u00e4\u00e4nyt sit\u00e4 miettim\u00e4\u00e4n. Ep\u00e4varmalta tuntuneen varmistuksen j\u00e4lkeen yritin nopeasti saada seuraavan enk\u00e4 l\u00e4htenyt korjaamaan vanhaa. Yht\u00e4\u00e4n sporttiliidi\u00e4 en viel\u00e4 t\u00e4n\u00e4 kes\u00e4n\u00e4 tehnyt, mutta pari reitti\u00e4 on sill\u00e4 tavalla katsottuna, ett\u00e4 sopivalla hetkell\u00e4 ne liidataan. T\u00e4st\u00e4 on hyv\u00e4 jatkaa ensi kes\u00e4n\u00e4.<\/p>\n<div class=\"mceTemp\"><\/div>\n<div class=\"mceTemp\"><\/div>\n<div class=\"mceTemp\"><\/div>\n<div class=\"mceTemp\"><\/div>\n<div class=\"mceTemp\"><\/div>\n<div class=\"mceTemp\"><\/div>\n<div class=\"mceTemp\"><\/div>\n","protected":false},"excerpt":{"rendered":"<p>Kiipeilykes\u00e4 on auttamatta takanap\u00e4in ja nyt voi katsoa taaksep\u00e4in kulunutta kes\u00e4\u00e4. Puolitoista vuotta olin harrastanut alak\u00f6ysikiipeily\u00e4 sis\u00e4ll\u00e4 ja nyt tuntui aika kyps\u00e4lt\u00e4 aloittaa liidaus my\u00f6s ulkona. Kaikki l\u00e4hiseudun&#8230;<\/p>\n","protected":false},"author":1,"featured_media":4270,"comment_status":"open","ping_status":"open","sticky":false,"template":"","format":"standard","meta":{"footnotes":""},"categories":[6,11],"tags":[],"_links":{"self":[{"href":"https:\/\/blogi.ennola.fi\/index.php?rest_route=\/wp\/v2\/posts\/4215"}],"collection":[{"href":"https:\/\/blogi.ennola.fi\/index.php?rest_route=\/wp\/v2\/posts"}],"about":[{"href":"https:\/\/blogi.ennola.fi\/index.php?rest_route=\/wp\/v2\/types\/post"}],"author":[{"embeddable":true,"href":"https:\/\/blogi.ennola.fi\/index.php?rest_route=\/wp\/v2\/users\/1"}],"replies":[{"embeddable":true,"href":"https:\/\/blogi.ennola.fi\/index.php?rest_route=%2Fwp%2Fv2%2Fcomments&post=4215"}],"version-history":[{"count":7,"href":"https:\/\/blogi.ennola.fi\/index.php?rest_route=\/wp\/v2\/posts\/4215\/revisions"}],"predecessor-version":[{"id":7500,"href":"https:\/\/blogi.ennola.fi\/index.php?rest_route=\/wp\/v2\/posts\/4215\/revisions\/7500"}],"wp:featuredmedia":[{"embeddable":true,"href":"https:\/\/blogi.ennola.fi\/index.php?rest_route=\/wp\/v2\/media\/4270"}],"wp:attachment":[{"href":"https:\/\/blogi.ennola.fi\/index.php?rest_route=%2Fwp%2Fv2%2Fmedia&parent=4215"}],"wp:term":[{"taxonomy":"category","embeddable":true,"href":"https:\/\/blogi.ennola.fi\/index.php?rest_route=%2Fwp%2Fv2%2Fcategories&post=4215"},{"taxonomy":"post_tag","embeddable":true,"href":"https:\/\/blogi.ennola.fi\/index.php?rest_route=%2Fwp%2Fv2%2Ftags&post=4215"}],"curies":[{"name":"wp","href":"https:\/\/api.w.org\/{rel}","templated":true}]}}