{"id":4335,"date":"2019-11-17T00:03:21","date_gmt":"2019-11-16T22:03:21","guid":{"rendered":"https:\/\/blogi.ennola.fi\/?p=4335"},"modified":"2022-06-02T18:33:30","modified_gmt":"2022-06-02T15:33:30","slug":"seikkailullinen-vaellus-kurjenrahkalla","status":"publish","type":"post","link":"https:\/\/blogi.ennola.fi\/?p=4335","title":{"rendered":"Seikkailullinen vaellus Kurjenrahkalla"},"content":{"rendered":"<p>Lokakuun lopussa vedin kolmen p\u00e4iv\u00e4n vaelluksen osana luonto-ohjaajien koulutusta. Oppilaiden toiveissa etuk\u00e4teen oli, ett\u00e4 vaelluksella perinteisen vaeltamisen lis\u00e4ksi olisi ohjelmassa my\u00f6s er\u00e4taitoja. Tarkoituksemme oli kulkea osin my\u00f6s merkittyjen polkujen ulkopuolella. Erityisesti keskimm\u00e4inen p\u00e4iv\u00e4 olisi varattu er\u00e4taitoihin. Vaelluksella emme halunneet l\u00e4hte\u00e4 merta edemm\u00e4s kalaan, joten paikaksi valikoitui Kurjenrahkan kansallispuisto ymp\u00e4rist\u00f6ineen. Paikan valintaa helpotti lis\u00e4ksi se, ett\u00e4 puiston l\u00e4heisyydess\u00e4 koulumme omistaa maata puolentoista neli\u00f6kilometrin verran, miss\u00e4 on mahdollista maanomistajan luvalla ottaa puista havuja, ker\u00e4t\u00e4 luonnosta polttopuuta ja sytytell\u00e4 nuotioita.<\/p>\n<p>Ensimm\u00e4isen p\u00e4iv\u00e4n ohjelmassa oli siirtyminen Kurjenpes\u00e4n parkkipaikalta Vajosuon laavulle. T\u00e4t\u00e4 matkaa emme halunneet tehd\u00e4 helpoimman kautta polkua ja pitkospuita pitkin, vaan p\u00e4\u00e4timme \u2019oikaista\u2019 suon poikki. T\u00e4ss\u00e4 hy\u00f6dynsimme Kurjenrahkan poikki pohjois-etel\u00e4suunnassa kulkevaa mets\u00e4isemm\u00e4n suon vy\u00f6hykett\u00e4, jonka keskelle osuu mets\u00e4inen kuivanmaansaareke Iso-V\u00e4lisaari. Suo oli jo pikkuisen j\u00e4\u00e4ss\u00e4 ja rikkoutuva j\u00e4\u00e4kuori teki suolla kulkemisesta kes\u00e4ist\u00e4kin raskaampaa. V\u00e4li oli fyysisesti raskas, mutta kuitenkin kohtuullisen helposti kuljettava. Pahoja suohon uppoamisia ei matkalla sattunut. Lounastauon pidimme suon etel\u00e4laidalla T\u00f6ykk\u00e4l\u00e4n laavulla.<\/p>\n<div id=\"attachment_4341\" style=\"width: 460px\" class=\"wp-caption aligncenter\"><a href=\"https:\/\/blogi.ennola.fi\/wp-content\/uploads\/2019\/11\/IMG_2037-1.jpg\" rel=\"lightbox[4335]\"><img loading=\"lazy\" decoding=\"async\" aria-describedby=\"caption-attachment-4341\" class=\"wp-image-4341 size-full\" title=\"Kaatunut puu tarjosi sillan J\u00e4rvijoen ylitse.\" src=\"https:\/\/blogi.ennola.fi\/wp-content\/uploads\/2019\/11\/IMG_2037.jpg\" alt=\"\" width=\"450\" height=\"338\" srcset=\"https:\/\/blogi.ennola.fi\/wp-content\/uploads\/2019\/11\/IMG_2037.jpg 450w, https:\/\/blogi.ennola.fi\/wp-content\/uploads\/2019\/11\/IMG_2037-150x113.jpg 150w\" sizes=\"(max-width: 450px) 100vw, 450px\" \/><\/a><p id=\"caption-attachment-4341\" class=\"wp-caption-text\">Kaatunut puu tarjosi sillan J\u00e4rvijoen ylitse.<\/p><\/div>\n<div id=\"attachment_4342\" style=\"width: 460px\" class=\"wp-caption aligncenter\"><a href=\"https:\/\/blogi.ennola.fi\/wp-content\/uploads\/2019\/11\/IMG_2046.jpg\" rel=\"lightbox[4335]\"><img loading=\"lazy\" decoding=\"async\" aria-describedby=\"caption-attachment-4342\" class=\"wp-image-4342 size-full\" title=\"Istuen oli parempi tasapaino liukkaalla rungolla.\" src=\"https:\/\/blogi.ennola.fi\/wp-content\/uploads\/2019\/11\/IMG_2046-1.jpg\" alt=\"\" width=\"450\" height=\"338\" srcset=\"https:\/\/blogi.ennola.fi\/wp-content\/uploads\/2019\/11\/IMG_2046-1.jpg 450w, https:\/\/blogi.ennola.fi\/wp-content\/uploads\/2019\/11\/IMG_2046-1-150x113.jpg 150w\" sizes=\"(max-width: 450px) 100vw, 450px\" \/><\/a><p id=\"caption-attachment-4342\" class=\"wp-caption-text\">Istuen oli parempi tasapaino liukkaalla rungolla.<\/p><\/div>\n<p>T\u00f6ykk\u00e4l\u00e4n laavulta l\u00e4hdimme mets\u00e4n poikki Raakanokan tielle ja siit\u00e4 vanhaa tieuraa ja metsi\u00e4 pitkin tulimme J\u00e4rvijoen laitaan, miss\u00e4 tarkoituksemme oli ylitt\u00e4\u00e4 joki hy\u00f6dynt\u00e4en paikalla olevia mahdollisuuksia. J\u00e4rvijoki oli noin viitisen metri\u00e4 leve\u00e4 joki, joka saa vetens\u00e4 Savoj\u00e4rvest\u00e4. Syksyn sateet olivat ilmeisestikin nostaneet Savoj\u00e4rven vett\u00e4, koska joki oli nyt aika syv\u00e4, noin vy\u00f6t\u00e4r\u00f6\u00f6n saakka. Joki oli liian leve\u00e4 hypp\u00e4\u00e4miseen, puiden kaatoon ei meill\u00e4 ollut lupaa ja noin syv\u00e4ss\u00e4 kahlaaminen ei tuntunut houkuttavalta, joten l\u00e4hdimme etsim\u00e4\u00e4n sopivaa ylityspaikkaa. Noin puolisen kilometri\u00e4 alajuoksulle oli iso puu kaatunut joen yli, jonka runkoa hy\u00f6dynsimme ylitykseen. Runko oli luminen ja mahdollisesti liukas, joten ylitimme sen varmuuden vuoksi istuma-asennossa ja rinkan lantiovy\u00f6 avattuna mahdollisen putoamisen varalta. Ylityksen j\u00e4lkeen alkoi ilta jo vahvasti h\u00e4m\u00e4rt\u00e4\u00e4, joten loppumatkan Vajosuon laavulle teimme merkitty\u00e4 polkua pitkin, vaikka se olikin pidempi matka kuin, mit\u00e4 suoraan suon poikki olisi tullut. Taivaalta oli alkanut sadella hieman lunta.<\/p>\n<p>Ensimm\u00e4inen y\u00f6 oli aika viile\u00e4 ja aamulla pakkasta oli kymmenkunta astetta, mik\u00e4 n\u00e4in ensimm\u00e4isen\u00e4 kes\u00e4n j\u00e4lkeisen\u00e4 pakkasena tuntui kylm\u00e4lt\u00e4. Aamun ensimm\u00e4inen etappi oli Laaskallion hiidenkivelle, jossa pidimme lyhyen venyttely- ja joogatuokion. Hiidenkivelt\u00e4 oikaisimme mets\u00e4n poikki Punaiselletorille, josta nappasin mukaan sinne j\u00e4tt\u00e4m\u00e4ni pressun. Lounaan valmistimme pienen mets\u00e4ojan varressa l\u00e4hell\u00e4 Kailassuota.<\/p>\n<div id=\"attachment_4343\" style=\"width: 460px\" class=\"wp-caption aligncenter\"><a href=\"https:\/\/blogi.ennola.fi\/wp-content\/uploads\/2019\/11\/IMG_2048.jpg\" rel=\"lightbox[4335]\"><img loading=\"lazy\" decoding=\"async\" aria-describedby=\"caption-attachment-4343\" class=\"wp-image-4343 size-full\" title=\"Kylm\u00e4hk\u00f6 aamu Vajosuon laavulla.\" src=\"https:\/\/blogi.ennola.fi\/wp-content\/uploads\/2019\/11\/IMG_2048-1.jpg\" alt=\"\" width=\"450\" height=\"338\" srcset=\"https:\/\/blogi.ennola.fi\/wp-content\/uploads\/2019\/11\/IMG_2048-1.jpg 450w, https:\/\/blogi.ennola.fi\/wp-content\/uploads\/2019\/11\/IMG_2048-1-150x113.jpg 150w\" sizes=\"(max-width: 450px) 100vw, 450px\" \/><\/a><p id=\"caption-attachment-4343\" class=\"wp-caption-text\">Kylm\u00e4hk\u00f6 aamu Vajosuon laavulla.<\/p><\/div>\n<div id=\"attachment_4346\" style=\"width: 490px\" class=\"wp-caption aligncenter\"><a href=\"https:\/\/blogi.ennola.fi\/wp-content\/uploads\/2019\/11\/Kurjenrahka_Panorama1.jpg\" rel=\"lightbox[4335]\"><img loading=\"lazy\" decoding=\"async\" aria-describedby=\"caption-attachment-4346\" class=\"wp-image-4346 size-full\" title=\"Nouseva aurinko valaisee huurteisen suon.\" src=\"https:\/\/blogi.ennola.fi\/wp-content\/uploads\/2019\/11\/Kurjenrahka_Panorama1-1.jpg\" alt=\"\" width=\"480\" height=\"98\" srcset=\"https:\/\/blogi.ennola.fi\/wp-content\/uploads\/2019\/11\/Kurjenrahka_Panorama1-1.jpg 480w, https:\/\/blogi.ennola.fi\/wp-content\/uploads\/2019\/11\/Kurjenrahka_Panorama1-1-150x31.jpg 150w\" sizes=\"(max-width: 480px) 100vw, 480px\" \/><\/a><p id=\"caption-attachment-4346\" class=\"wp-caption-text\">Nouseva aurinko valaisee huurteisen suon.<\/p><\/div>\n<p>Lounaan j\u00e4lkeen jatkoimme matkaa viel\u00e4 hetken ja pys\u00e4hdyimme pienelle kumpareelle koulun alueen reunassa, miss\u00e4 jo kev\u00e4\u00e4ll\u00e4 olin valmistanut donitsin vaatiman risukranssin toisen ryhm\u00e4n kanssa. K\u00e4ytimme samoja tikkuja kranssin kehikkona, mutta ker\u00e4simme uudet tuoreet risut. Kun olimme saaneet riitt\u00e4v\u00e4n m\u00e4\u00e4r\u00e4n risuja kasaan, sidoimme kranssin tiukasti kasaan. Kuljetimme kranssin pienen suon yli, l\u00e4heisen lammen rantaa, vajaan puolen kilometrin p\u00e4\u00e4h\u00e4n. Lammen rannalla k\u00e4\u00e4rimme kranssin pressuun ja siirryimme uittamaan risudonitsia lammen aalloilla. Uittamista varten olin varannut puhallettavat kelluntaliivit ja melan. Kun kaikki halukkaat olivat uittaneet lauttaa, purimme sen ja palasimme kranssin rakennuspaikalle.<\/p>\n<div id=\"attachment_4344\" style=\"width: 460px\" class=\"wp-caption aligncenter\"><a href=\"https:\/\/blogi.ennola.fi\/wp-content\/uploads\/2019\/11\/IMG_2055.jpg\" rel=\"lightbox[4335]\"><img loading=\"lazy\" decoding=\"async\" aria-describedby=\"caption-attachment-4344\" class=\"wp-image-4344 size-full\" title=\"Suuren havukranssin sitominen ponttooniksi.\" src=\"https:\/\/blogi.ennola.fi\/wp-content\/uploads\/2019\/11\/IMG_2055-1.jpg\" alt=\"\" width=\"450\" height=\"338\" srcset=\"https:\/\/blogi.ennola.fi\/wp-content\/uploads\/2019\/11\/IMG_2055-1.jpg 450w, https:\/\/blogi.ennola.fi\/wp-content\/uploads\/2019\/11\/IMG_2055-1-150x113.jpg 150w\" sizes=\"(max-width: 450px) 100vw, 450px\" \/><\/a><p id=\"caption-attachment-4344\" class=\"wp-caption-text\">Suuren havukranssin sitominen ponttooniksi.<\/p><\/div>\n<div id=\"attachment_4345\" style=\"width: 460px\" class=\"wp-caption aligncenter\"><a href=\"https:\/\/blogi.ennola.fi\/wp-content\/uploads\/2019\/11\/IMG_2071.jpg\" rel=\"lightbox[4335]\"><img loading=\"lazy\" decoding=\"async\" aria-describedby=\"caption-attachment-4345\" class=\"wp-image-4345 size-full\" title=\"Risulautta vesill\u00e4.\" src=\"https:\/\/blogi.ennola.fi\/wp-content\/uploads\/2019\/11\/IMG_2071-1.jpg\" alt=\"\" width=\"450\" height=\"338\" srcset=\"https:\/\/blogi.ennola.fi\/wp-content\/uploads\/2019\/11\/IMG_2071-1.jpg 450w, https:\/\/blogi.ennola.fi\/wp-content\/uploads\/2019\/11\/IMG_2071-1-150x113.jpg 150w\" sizes=\"(max-width: 450px) 100vw, 450px\" \/><\/a><p id=\"caption-attachment-4345\" class=\"wp-caption-text\">Risulautta vesill\u00e4.<\/p><\/div>\n<p>T\u00e4st\u00e4 oli viel\u00e4 lyhyt vaellus pimenev\u00e4ss\u00e4 illassa Sikavuorelle. Saapuessamme Sikavuorelle ilta oli jo pimentynyt t\u00e4ysin ja kevyt lumikerros teki maiseman v\u00e4h\u00e4n oudoksi, mist\u00e4 syyst\u00e4 suunnistin pikkasen sivuun ja olin menossa y\u00f6paikasta reilusti vasemmalta ohi. Onneksi navigaattorista saatoin tarkistaa oikean sijaintimme ja p\u00e4\u00e4simme leiripaikalle isommitta mutkitta.<\/p>\n<p>Sikavuorella harjoittelimme nuotion sytytyst\u00e4 tuluksilla luonnon materiaaleista, mik\u00e4 ei ollutkaan ihan helppo homma, kun kaikki luonnonmateriaalit olivat aika m\u00e4rki\u00e4. Kirves oli hajonnut kranssia tehdess\u00e4, joten tervaspuitakaan ei oikein helpolla saanut halkaistua. Kuusen kuivia alaoksia l\u00f6ytyi kuitenkin sen verta, ett\u00e4 nuotion alku lopulta syttyi. Toisen y\u00f6n nukuimme mukana tuomassamme kangaslaavussamme.<\/p>\n<p>Kolmantena p\u00e4iv\u00e4n\u00e4 olikin edess\u00e4mme paluu takaisin autolle. P\u00e4iv\u00e4n matka oli edellisi\u00e4 pidempi, joten p\u00e4\u00e4timme palata takaisin luontopolkua pitkin. Kohtuullisen reipasta vauhtia palasimmekin takaisin autolle pit\u00e4en matkalla muutaman lyhyemm\u00e4n ja yhden pidemm\u00e4n lounastauon.<\/p>\n","protected":false},"excerpt":{"rendered":"<p>Lokakuun lopussa vedin kolmen p\u00e4iv\u00e4n vaelluksen osana luonto-ohjaajien koulutusta. Oppilaiden toiveissa etuk\u00e4teen oli, ett\u00e4 vaelluksella perinteisen vaeltamisen lis\u00e4ksi olisi ohjelmassa my\u00f6s er\u00e4taitoja. Tarkoituksemme oli kulkea osin my\u00f6s merkittyjen&#8230;<\/p>\n","protected":false},"author":1,"featured_media":4347,"comment_status":"open","ping_status":"open","sticky":false,"template":"","format":"standard","meta":{"footnotes":""},"categories":[3,5,27],"tags":[],"_links":{"self":[{"href":"https:\/\/blogi.ennola.fi\/index.php?rest_route=\/wp\/v2\/posts\/4335"}],"collection":[{"href":"https:\/\/blogi.ennola.fi\/index.php?rest_route=\/wp\/v2\/posts"}],"about":[{"href":"https:\/\/blogi.ennola.fi\/index.php?rest_route=\/wp\/v2\/types\/post"}],"author":[{"embeddable":true,"href":"https:\/\/blogi.ennola.fi\/index.php?rest_route=\/wp\/v2\/users\/1"}],"replies":[{"embeddable":true,"href":"https:\/\/blogi.ennola.fi\/index.php?rest_route=%2Fwp%2Fv2%2Fcomments&post=4335"}],"version-history":[{"count":3,"href":"https:\/\/blogi.ennola.fi\/index.php?rest_route=\/wp\/v2\/posts\/4335\/revisions"}],"predecessor-version":[{"id":4370,"href":"https:\/\/blogi.ennola.fi\/index.php?rest_route=\/wp\/v2\/posts\/4335\/revisions\/4370"}],"wp:featuredmedia":[{"embeddable":true,"href":"https:\/\/blogi.ennola.fi\/index.php?rest_route=\/wp\/v2\/media\/4347"}],"wp:attachment":[{"href":"https:\/\/blogi.ennola.fi\/index.php?rest_route=%2Fwp%2Fv2%2Fmedia&parent=4335"}],"wp:term":[{"taxonomy":"category","embeddable":true,"href":"https:\/\/blogi.ennola.fi\/index.php?rest_route=%2Fwp%2Fv2%2Fcategories&post=4335"},{"taxonomy":"post_tag","embeddable":true,"href":"https:\/\/blogi.ennola.fi\/index.php?rest_route=%2Fwp%2Fv2%2Ftags&post=4335"}],"curies":[{"name":"wp","href":"https:\/\/api.w.org\/{rel}","templated":true}]}}