{"id":4372,"date":"2019-12-28T11:59:11","date_gmt":"2019-12-28T09:59:11","guid":{"rendered":"https:\/\/blogi.ennola.fi\/?p=4372"},"modified":"2020-05-10T12:11:26","modified_gmt":"2020-05-10T09:11:26","slug":"rospuuttovaellus-karhunkierroksella","status":"publish","type":"post","link":"https:\/\/blogi.ennola.fi\/?p=4372","title":{"rendered":"Rospuuttovaellus karhunkierroksella"},"content":{"rendered":"<p>Marraskuussa minulla oli mahdollisuus pit\u00e4\u00e4 viikko vapaata ja l\u00e4hte\u00e4 vaellukselle. Olen jo pidemp\u00e4\u00e4n miettinyt Karhunkierroksen kiert\u00e4mist\u00e4 lumikengill\u00e4. Ajatuksena siis kiert\u00e4\u00e4 se ihan sama reitti, mik\u00e4 lumettomaankin aikaan kierret\u00e4\u00e4n. Kev\u00e4ttalvellahan sinne ajetaan latu osaan matkaan, mutta se mennee omia reittej\u00e4\u00e4n. K\u00e4velypolku olisi ainakin minulle liian vaativa suksilla.<\/p>\n<p>Ahkiota en ajatellut kiskoa Karhunkierroksen m\u00e4iss\u00e4, joten varustuksen rakensin normaalin kes\u00e4vaelluksen pohjalta lis\u00e4ten v\u00e4h\u00e4n l\u00e4mpim\u00e4mm\u00e4t vaatteet ja makuupussin. Majoittua ajattelin ensisijaisesti autiotuvissa, mutta maastomajoitusta varten otin mukaan bivyn ja tarpin. Ruoat suunnittelin normaalin kes\u00e4vaelluksen pohjalta pikkasen lis\u00e4ten annoskokoja. Y\u00f6paikat suunnittelin luonnonkauniisiin paikkoihin, jotta voisin aamuisin ja iltaisin keskitty\u00e4 valokuvaukseen. Aikaa reissuun varasin reilusti, t\u00e4yden viikon.<\/p>\n<p>K\u00e4yt\u00e4nt\u00f6 olikin sitten jotain ihan muuta\u2026<\/p>\n<div id=\"attachment_4393\" style=\"width: 460px\" class=\"wp-caption aligncenter\"><a href=\"https:\/\/blogi.ennola.fi\/wp-content\/uploads\/2019\/12\/IMG_2088.jpg\" rel=\"lightbox[4372]\"><img loading=\"lazy\" decoding=\"async\" aria-describedby=\"caption-attachment-4393\" class=\"wp-image-4393 size-full\" title=\"12 \/ 70\" src=\"https:\/\/blogi.ennola.fi\/wp-content\/uploads\/2019\/12\/IMG_2088-1.jpg\" alt=\"\" width=\"450\" height=\"338\" srcset=\"https:\/\/blogi.ennola.fi\/wp-content\/uploads\/2019\/12\/IMG_2088-1.jpg 450w, https:\/\/blogi.ennola.fi\/wp-content\/uploads\/2019\/12\/IMG_2088-1-150x113.jpg 150w\" sizes=\"(max-width: 450px) 100vw, 450px\" \/><\/a><p id=\"caption-attachment-4393\" class=\"wp-caption-text\">12 \/ 70<\/p><\/div>\n<div id=\"attachment_4394\" style=\"width: 460px\" class=\"wp-caption aligncenter\"><a href=\"https:\/\/blogi.ennola.fi\/wp-content\/uploads\/2019\/12\/IMG_2132.jpg\" rel=\"lightbox[4372]\"><img loading=\"lazy\" decoding=\"async\" aria-describedby=\"caption-attachment-4394\" class=\"wp-image-4394 size-full\" title=\"22 \/ 60\" src=\"https:\/\/blogi.ennola.fi\/wp-content\/uploads\/2019\/12\/IMG_2132-1.jpg\" alt=\"\" width=\"450\" height=\"338\" srcset=\"https:\/\/blogi.ennola.fi\/wp-content\/uploads\/2019\/12\/IMG_2132-1.jpg 450w, https:\/\/blogi.ennola.fi\/wp-content\/uploads\/2019\/12\/IMG_2132-1-150x113.jpg 150w\" sizes=\"(max-width: 450px) 100vw, 450px\" \/><\/a><p id=\"caption-attachment-4394\" class=\"wp-caption-text\">22 \/ 60<\/p><\/div>\n<div id=\"attachment_4395\" style=\"width: 460px\" class=\"wp-caption aligncenter\"><a href=\"https:\/\/blogi.ennola.fi\/wp-content\/uploads\/2019\/12\/IMG_2149.jpg\" rel=\"lightbox[4372]\"><img loading=\"lazy\" decoding=\"async\" aria-describedby=\"caption-attachment-4395\" class=\"wp-image-4395 size-full\" title=\"29 \/ 53\" src=\"https:\/\/blogi.ennola.fi\/wp-content\/uploads\/2019\/12\/IMG_2149b.jpg\" alt=\"\" width=\"450\" height=\"338\" srcset=\"https:\/\/blogi.ennola.fi\/wp-content\/uploads\/2019\/12\/IMG_2149b.jpg 450w, https:\/\/blogi.ennola.fi\/wp-content\/uploads\/2019\/12\/IMG_2149b-150x113.jpg 150w\" sizes=\"(max-width: 450px) 100vw, 450px\" \/><\/a><p id=\"caption-attachment-4395\" class=\"wp-caption-text\">29 \/ 53<\/p><\/div>\n<p>Matkaa kertyi periaatteessa 82 kilometri\u00e4, mutta pikkasen tuli lis\u00e4\u00e4 poikkeamista leiripaikoille sek\u00e4 parista pidemm\u00e4st\u00e4 kuvaussessiosta kauempana reitilt\u00e4. Liikkeell\u00e4oloaika oli yhteens\u00e4 56 tuntia ev\u00e4s- ja kuvaustaukoineen, mist\u00e4 voi jo pikkaisen tehd\u00e4 p\u00e4\u00e4telmi\u00e4 reitin olosuhteista.<\/p>\n<p>S\u00e4iden puolesta olin varautunut koviinkin pakkasiin, mutta luonto tarjoilikin minulle suojakeli\u00e4 ja vesisadetta. Auringon pilkett\u00e4 ja kirkasta y\u00f6t\u00e4 odotin kovasti, mutta heikko iltaruskon valo Porontimajoella paljastuikin lopulta Rukan laskettelurinteiden valoiksi.<\/p>\n<p>Valoisa aika p\u00e4iv\u00e4ss\u00e4 oli lyhyt eik\u00e4 riitt\u00e4nyt mitenk\u00e4\u00e4n kaikkeen matkan tekoon. Niinp\u00e4 iso osa matkasta tapahtui pilkkopime\u00e4ss\u00e4 otsalampun valossa, jolloin maisemien ihastelu keskittyi niihin viiteen l\u00e4himp\u00e4\u00e4n puuhun. Alhaalta kuuluva kosken kuohu kertoi kyll\u00e4, ett\u00e4 potentiaalia komeampiinkin n\u00e4kymiin kyll\u00e4 olisi.<\/p>\n<div id=\"attachment_4396\" style=\"width: 460px\" class=\"wp-caption aligncenter\"><a href=\"https:\/\/blogi.ennola.fi\/wp-content\/uploads\/2019\/12\/IMG_2243.jpg\" rel=\"lightbox[4372]\"><img loading=\"lazy\" decoding=\"async\" aria-describedby=\"caption-attachment-4396\" class=\"wp-image-4396 size-full\" title=\"37 \/ 45\" src=\"https:\/\/blogi.ennola.fi\/wp-content\/uploads\/2019\/12\/IMG_2243-1.jpg\" alt=\"\" width=\"450\" height=\"338\" srcset=\"https:\/\/blogi.ennola.fi\/wp-content\/uploads\/2019\/12\/IMG_2243-1.jpg 450w, https:\/\/blogi.ennola.fi\/wp-content\/uploads\/2019\/12\/IMG_2243-1-150x113.jpg 150w\" sizes=\"(max-width: 450px) 100vw, 450px\" \/><\/a><p id=\"caption-attachment-4396\" class=\"wp-caption-text\">37 \/ 45<\/p><\/div>\n<div id=\"attachment_4397\" style=\"width: 460px\" class=\"wp-caption aligncenter\"><a href=\"https:\/\/blogi.ennola.fi\/wp-content\/uploads\/2019\/12\/IMG_2273.jpg\" rel=\"lightbox[4372]\"><img loading=\"lazy\" decoding=\"async\" aria-describedby=\"caption-attachment-4397\" class=\"wp-image-4397 size-full\" title=\"41 \/ 41\" src=\"https:\/\/blogi.ennola.fi\/wp-content\/uploads\/2019\/12\/IMG_2273-1.jpg\" alt=\"\" width=\"450\" height=\"338\" srcset=\"https:\/\/blogi.ennola.fi\/wp-content\/uploads\/2019\/12\/IMG_2273-1.jpg 450w, https:\/\/blogi.ennola.fi\/wp-content\/uploads\/2019\/12\/IMG_2273-1-150x113.jpg 150w\" sizes=\"(max-width: 450px) 100vw, 450px\" \/><\/a><p id=\"caption-attachment-4397\" class=\"wp-caption-text\">41 \/ 41<\/p><\/div>\n<div id=\"attachment_4398\" style=\"width: 460px\" class=\"wp-caption aligncenter\"><a href=\"https:\/\/blogi.ennola.fi\/wp-content\/uploads\/2019\/12\/IMG_2284.jpg\" rel=\"lightbox[4372]\"><img loading=\"lazy\" decoding=\"async\" aria-describedby=\"caption-attachment-4398\" class=\"wp-image-4398 size-full\" title=\"43 \/ 39\" src=\"https:\/\/blogi.ennola.fi\/wp-content\/uploads\/2019\/12\/IMG_2284-1.jpg\" alt=\"\" width=\"450\" height=\"338\" srcset=\"https:\/\/blogi.ennola.fi\/wp-content\/uploads\/2019\/12\/IMG_2284-1.jpg 450w, https:\/\/blogi.ennola.fi\/wp-content\/uploads\/2019\/12\/IMG_2284-1-150x113.jpg 150w\" sizes=\"(max-width: 450px) 100vw, 450px\" \/><\/a><p id=\"caption-attachment-4398\" class=\"wp-caption-text\">43 \/ 39<\/p><\/div>\n<p>Pime\u00e4ss\u00e4 kilometrikyltit olivat ainoita kiintopisteit\u00e4, joista saattoi n\u00e4hd\u00e4 matkan etenev\u00e4n. Alkuun kuvasin muutaman hauskan n\u00e4k\u00f6isen kyltin p\u00e4iv\u00e4ss\u00e4. P\u00e4ivien edetess\u00e4 kylteist\u00e4 tuli yh\u00e4 t\u00e4rke\u00e4mpi\u00e4. Niit\u00e4 alkoi odottaa. Jokaisen kohtaaminen oli kuin olisi kohdannut yst\u00e4v\u00e4ns\u00e4. Viimeisin\u00e4 p\u00e4ivin\u00e4 kuvasin jo k\u00e4yt\u00e4nn\u00f6ss\u00e4 kaikki kyltit, joiden kuvaamiseen vain valo riitti.<\/p>\n<p>Alkumatkasta lumi takertui lumikenkiin ja teki etenemisest\u00e4 hyvin raskasta. Loppumatkasta kuten Karhunkierroksen kiert\u00e4neet tiet\u00e4v\u00e4t on aika jyrkki\u00e4 yl\u00e4m\u00e4ki\u00e4, jotka tekev\u00e4t etenemisest\u00e4 raskasta. Siin\u00e4 v\u00e4liss\u00e4 oli fyysisesti helpompaa, mutta vesisade ja puista tippuva sulanut lumi pitiv\u00e4t retken tunnelmaa yll\u00e4.<\/p>\n<p>Pari ensimm\u00e4ist\u00e4 p\u00e4iv\u00e4\u00e4 mentiinkin l\u00e4hes koko ajan maksimisykkeill\u00e4, mihin noin pitk\u00e4ll\u00e4 reissulla pystyy. V\u00e4h\u00e4n v\u00e4li\u00e4 o<span class=\"textexposedshow\">li vain pakko pys\u00e4hty\u00e4 puuskuttamaan. Energian kulutus oli aivan tapissaan ja olin varautunut ruuassa selv\u00e4sti kevyemp\u00e4\u00e4n reissuun. Loppumatkasta elimist\u00f6 huusikin jo ruokaa kello 11 aikaan ja meno oli hoipertelevaa alhaisen veren sokerin takia, mit\u00e4 ep\u00e4toivoisesti koetin paikata kuivahedelmill\u00e4 ja metukalla. Illalla ruoka-annokset eiv\u00e4t mitenk\u00e4\u00e4n riitt\u00e4neet korvaamaan p\u00e4iv\u00e4n energiatarvetta. Olin selv\u00e4stikin varannut liian v\u00e4h\u00e4n ruokaa mukaani.<\/span><\/p>\n<div id=\"attachment_4399\" style=\"width: 460px\" class=\"wp-caption aligncenter\"><a href=\"https:\/\/blogi.ennola.fi\/wp-content\/uploads\/2019\/12\/IMG_2316.jpg\" rel=\"lightbox[4372]\"><img loading=\"lazy\" decoding=\"async\" aria-describedby=\"caption-attachment-4399\" class=\"wp-image-4399 size-full\" title=\"49 \/ 33\" src=\"https:\/\/blogi.ennola.fi\/wp-content\/uploads\/2019\/12\/IMG_2316-1.jpg\" alt=\"\" width=\"450\" height=\"337\" srcset=\"https:\/\/blogi.ennola.fi\/wp-content\/uploads\/2019\/12\/IMG_2316-1.jpg 450w, https:\/\/blogi.ennola.fi\/wp-content\/uploads\/2019\/12\/IMG_2316-1-150x112.jpg 150w\" sizes=\"(max-width: 450px) 100vw, 450px\" \/><\/a><p id=\"caption-attachment-4399\" class=\"wp-caption-text\">49 \/ 33<\/p><\/div>\n<div id=\"attachment_4400\" style=\"width: 460px\" class=\"wp-caption aligncenter\"><a href=\"https:\/\/blogi.ennola.fi\/wp-content\/uploads\/2019\/12\/IMG_2368.jpg\" rel=\"lightbox[4372]\"><img loading=\"lazy\" decoding=\"async\" aria-describedby=\"caption-attachment-4400\" class=\"wp-image-4400 size-full\" title=\"51 \/ 31\" src=\"https:\/\/blogi.ennola.fi\/wp-content\/uploads\/2019\/12\/IMG_2368-1.jpg\" alt=\"\" width=\"450\" height=\"338\" srcset=\"https:\/\/blogi.ennola.fi\/wp-content\/uploads\/2019\/12\/IMG_2368-1.jpg 450w, https:\/\/blogi.ennola.fi\/wp-content\/uploads\/2019\/12\/IMG_2368-1-150x113.jpg 150w\" sizes=\"(max-width: 450px) 100vw, 450px\" \/><\/a><p id=\"caption-attachment-4400\" class=\"wp-caption-text\">51 \/ 31<\/p><\/div>\n<div id=\"attachment_4401\" style=\"width: 460px\" class=\"wp-caption aligncenter\"><a href=\"https:\/\/blogi.ennola.fi\/wp-content\/uploads\/2019\/12\/IMG_2456.jpg\" rel=\"lightbox[4372]\"><img loading=\"lazy\" decoding=\"async\" aria-describedby=\"caption-attachment-4401\" class=\"wp-image-4401 size-full\" title=\"62 \/ 20\" src=\"https:\/\/blogi.ennola.fi\/wp-content\/uploads\/2019\/12\/IMG_2456-1.jpg\" alt=\"\" width=\"450\" height=\"338\" srcset=\"https:\/\/blogi.ennola.fi\/wp-content\/uploads\/2019\/12\/IMG_2456-1.jpg 450w, https:\/\/blogi.ennola.fi\/wp-content\/uploads\/2019\/12\/IMG_2456-1-150x113.jpg 150w\" sizes=\"(max-width: 450px) 100vw, 450px\" \/><\/a><p id=\"caption-attachment-4401\" class=\"wp-caption-text\">62 \/ 20<\/p><\/div>\n<p>P\u00e4ivien aikataulutus etuk\u00e4teen meni ihan pieleen. P\u00e4iv\u00e4ss\u00e4 oli vain 7 valoisaa tuntia, jolloin maastossa n\u00e4ki liikkua ilman otsalamppua ja se aika kannatti hy\u00f6dynt\u00e4\u00e4 ulkona liikkumiseen. Noista 7 tunnista 5 oli sellaisia, ett\u00e4 pystyi kuvamaan jalustalla ja 3 sellaisia, ett\u00e4 k\u00e4sivaralta kuvaaminen oli mahdollista. Ei aamulla ollut mit\u00e4\u00e4n j\u00e4rke\u00e4 j\u00e4\u00e4d\u00e4 odottamaan p\u00e4iv\u00e4n valkenemista kuvaamiseen ja illalla leiripaikalle saapuessa oli jo pime\u00e4\u00e4. Niinp\u00e4 pian oivalsin, ett\u00e4 kunkin p\u00e4iv\u00e4n matkalta oli mietitt\u00e4v\u00e4 t\u00e4rkein kuvauskohde ja mitoittaa aamun l\u00e4ht\u00f6 siten, ett\u00e4 juuri tuo kohde osuu noihin kolmeen parhaaseen kuvaustuntiin.<\/p>\n<p><span class=\"3l3x\">Loppumatkasta tiputin oman tyvek-karttani jonnekin Mossorinvaaran tienoille, josta toivottavasti joku sen kev\u00e4\u00e4ll\u00e4 l\u00f6yt\u00e4\u00e4 ja korjaa roskan pois. Sen j\u00e4lkeen pyrin painamaan isojen opaskarttojen n\u00e4kym\u00e4n oleellisilta osiltaan mieleen ja suunnistamaan ulkomuistista. Toki edell\u00e4 kulkeneiden kulkijoiden j\u00e4ljet helpottivat suunnistusta.<\/span><\/p>\n<div id=\"attachment_4402\" style=\"width: 460px\" class=\"wp-caption aligncenter\"><a href=\"https:\/\/blogi.ennola.fi\/wp-content\/uploads\/2019\/12\/IMG_2463.jpg\" rel=\"lightbox[4372]\"><img loading=\"lazy\" decoding=\"async\" aria-describedby=\"caption-attachment-4402\" class=\"wp-image-4402 size-full\" title=\"64 \/ 18\" src=\"https:\/\/blogi.ennola.fi\/wp-content\/uploads\/2019\/12\/IMG_2463-1.jpg\" alt=\"\" width=\"450\" height=\"338\" srcset=\"https:\/\/blogi.ennola.fi\/wp-content\/uploads\/2019\/12\/IMG_2463-1.jpg 450w, https:\/\/blogi.ennola.fi\/wp-content\/uploads\/2019\/12\/IMG_2463-1-150x113.jpg 150w\" sizes=\"(max-width: 450px) 100vw, 450px\" \/><\/a><p id=\"caption-attachment-4402\" class=\"wp-caption-text\">64 \/ 18<\/p><\/div>\n<div id=\"attachment_4388\" style=\"width: 460px\" class=\"wp-caption aligncenter\"><a href=\"https:\/\/blogi.ennola.fi\/wp-content\/uploads\/2019\/12\/IMG_2474.jpg\" rel=\"lightbox[4372]\"><img loading=\"lazy\" decoding=\"async\" aria-describedby=\"caption-attachment-4388\" class=\"wp-image-4388 size-full\" title=\"70 \/ 12\" src=\"https:\/\/blogi.ennola.fi\/wp-content\/uploads\/2019\/12\/IMG_2474-1.jpg\" alt=\"\" width=\"450\" height=\"338\" srcset=\"https:\/\/blogi.ennola.fi\/wp-content\/uploads\/2019\/12\/IMG_2474-1.jpg 450w, https:\/\/blogi.ennola.fi\/wp-content\/uploads\/2019\/12\/IMG_2474-1-150x113.jpg 150w\" sizes=\"(max-width: 450px) 100vw, 450px\" \/><\/a><p id=\"caption-attachment-4388\" class=\"wp-caption-text\">70 \/ 12<\/p><\/div>\n<div id=\"attachment_4389\" style=\"width: 460px\" class=\"wp-caption aligncenter\"><a href=\"https:\/\/blogi.ennola.fi\/wp-content\/uploads\/2019\/12\/IMG_2493.jpg\" rel=\"lightbox[4372]\"><img loading=\"lazy\" decoding=\"async\" aria-describedby=\"caption-attachment-4389\" class=\"wp-image-4389 size-full\" title=\"72 \/ 10\" src=\"https:\/\/blogi.ennola.fi\/wp-content\/uploads\/2019\/12\/IMG_2493-1.jpg\" alt=\"\" width=\"450\" height=\"338\" srcset=\"https:\/\/blogi.ennola.fi\/wp-content\/uploads\/2019\/12\/IMG_2493-1.jpg 450w, https:\/\/blogi.ennola.fi\/wp-content\/uploads\/2019\/12\/IMG_2493-1-150x113.jpg 150w\" sizes=\"(max-width: 450px) 100vw, 450px\" \/><\/a><p id=\"caption-attachment-4389\" class=\"wp-caption-text\">72 \/ 10<\/p><\/div>\n<p><span class=\"3l3x\">Aika v\u00e4h\u00e4n muita liikkujia n\u00e4in matkallani. Mets\u00e4hallituksen ty\u00f6ntekij\u00e4t olivat kunnostamassa Runsulammen rakenteita. Luontokeskuksen ty\u00f6ntekij\u00e4ll\u00e4 oli ilmeisen tyls\u00e4\u00e4, kun jaksoi niin innokkaasti vaihdella kuulumisia vesisateen kasteleman v\u00e4h\u00e4n pettyneen vaeltajan kuulumisia, joka kuitenkin muuten oli ihan hyv\u00e4ntuulinen. Olin niin jo haaveillut tuoreesta munkista, mutta kahviota ei kuulemma kannata pit\u00e4\u00e4 auki, jos vaeltajia on noin yksi viikossa. Siilastuvalla kohtasinkin kaksi muuta lumikenk\u00e4ilij\u00e4\u00e4, joiden per\u00e4ss\u00e4 kuljin loppumatkan ja tapasinkin viel\u00e4 seuraavillakin k\u00e4mpill\u00e4.<\/span><\/p>\n<div id=\"attachment_4390\" style=\"width: 460px\" class=\"wp-caption aligncenter\"><a href=\"https:\/\/blogi.ennola.fi\/wp-content\/uploads\/2019\/12\/IMG_2504.jpg\" rel=\"lightbox[4372]\"><img loading=\"lazy\" decoding=\"async\" aria-describedby=\"caption-attachment-4390\" class=\"wp-image-4390 size-full\" title=\"75 \/ 7\" src=\"https:\/\/blogi.ennola.fi\/wp-content\/uploads\/2019\/12\/IMG_2504-1.jpg\" alt=\"\" width=\"450\" height=\"338\" srcset=\"https:\/\/blogi.ennola.fi\/wp-content\/uploads\/2019\/12\/IMG_2504-1.jpg 450w, https:\/\/blogi.ennola.fi\/wp-content\/uploads\/2019\/12\/IMG_2504-1-150x113.jpg 150w\" sizes=\"(max-width: 450px) 100vw, 450px\" \/><\/a><p id=\"caption-attachment-4390\" class=\"wp-caption-text\">75 \/ 7<\/p><\/div>\n<div id=\"attachment_4391\" style=\"width: 460px\" class=\"wp-caption aligncenter\"><a href=\"https:\/\/blogi.ennola.fi\/wp-content\/uploads\/2019\/12\/IMG_2549.jpg\" rel=\"lightbox[4372]\"><img loading=\"lazy\" decoding=\"async\" aria-describedby=\"caption-attachment-4391\" class=\"wp-image-4391 size-full\" title=\"79 \/ 3\" src=\"https:\/\/blogi.ennola.fi\/wp-content\/uploads\/2019\/12\/IMG_2549-1.jpg\" alt=\"\" width=\"450\" height=\"338\" srcset=\"https:\/\/blogi.ennola.fi\/wp-content\/uploads\/2019\/12\/IMG_2549-1.jpg 450w, https:\/\/blogi.ennola.fi\/wp-content\/uploads\/2019\/12\/IMG_2549-1-150x113.jpg 150w\" sizes=\"(max-width: 450px) 100vw, 450px\" \/><\/a><p id=\"caption-attachment-4391\" class=\"wp-caption-text\">79 \/ 3<\/p><\/div>\n<div id=\"attachment_4392\" style=\"width: 460px\" class=\"wp-caption aligncenter\"><a href=\"https:\/\/blogi.ennola.fi\/wp-content\/uploads\/2019\/12\/IMG_2576.jpg\" rel=\"lightbox[4372]\"><img loading=\"lazy\" decoding=\"async\" aria-describedby=\"caption-attachment-4392\" class=\"wp-image-4392 size-full\" title=\"81 \/ 1\" src=\"https:\/\/blogi.ennola.fi\/wp-content\/uploads\/2019\/12\/IMG_2576-1.jpg\" alt=\"\" width=\"450\" height=\"338\" srcset=\"https:\/\/blogi.ennola.fi\/wp-content\/uploads\/2019\/12\/IMG_2576-1.jpg 450w, https:\/\/blogi.ennola.fi\/wp-content\/uploads\/2019\/12\/IMG_2576-1-150x113.jpg 150w\" sizes=\"(max-width: 450px) 100vw, 450px\" \/><\/a><p id=\"caption-attachment-4392\" class=\"wp-caption-text\">81 \/ 1<\/p><\/div>\n<p style=\"text-align: left;\">Mutta hauskaa omalla kierolla tavallaan oli ja el\u00e4m\u00e4ni ensimm\u00e4inen pidempi vaellus marraskuussa tuli tehdyksi. Olisi se huonomminkin voinut menn\u00e4.<\/p>\n<p style=\"text-align: left;\">Niin ja voi Karhunkierroksen lumikengill\u00e4kin tehd\u00e4. Suosittelen silloin kuitenkin varaamaan reilusti aikaa, ruokaa ja seikkailumielt\u00e4. Niit\u00e4 tarvitaan.<\/p>\n","protected":false},"excerpt":{"rendered":"<p>Marraskuussa minulla oli mahdollisuus pit\u00e4\u00e4 viikko vapaata ja l\u00e4hte\u00e4 vaellukselle. Olen jo pidemp\u00e4\u00e4n miettinyt Karhunkierroksen kiert\u00e4mist\u00e4 lumikengill\u00e4. Ajatuksena siis kiert\u00e4\u00e4 se ihan sama reitti, mik\u00e4 lumettomaankin aikaan kierret\u00e4\u00e4n&#8230;.<\/p>\n","protected":false},"author":1,"featured_media":4403,"comment_status":"open","ping_status":"open","sticky":false,"template":"","format":"standard","meta":{"footnotes":""},"categories":[10,3],"tags":[],"_links":{"self":[{"href":"https:\/\/blogi.ennola.fi\/index.php?rest_route=\/wp\/v2\/posts\/4372"}],"collection":[{"href":"https:\/\/blogi.ennola.fi\/index.php?rest_route=\/wp\/v2\/posts"}],"about":[{"href":"https:\/\/blogi.ennola.fi\/index.php?rest_route=\/wp\/v2\/types\/post"}],"author":[{"embeddable":true,"href":"https:\/\/blogi.ennola.fi\/index.php?rest_route=\/wp\/v2\/users\/1"}],"replies":[{"embeddable":true,"href":"https:\/\/blogi.ennola.fi\/index.php?rest_route=%2Fwp%2Fv2%2Fcomments&post=4372"}],"version-history":[{"count":6,"href":"https:\/\/blogi.ennola.fi\/index.php?rest_route=\/wp\/v2\/posts\/4372\/revisions"}],"predecessor-version":[{"id":4628,"href":"https:\/\/blogi.ennola.fi\/index.php?rest_route=\/wp\/v2\/posts\/4372\/revisions\/4628"}],"wp:featuredmedia":[{"embeddable":true,"href":"https:\/\/blogi.ennola.fi\/index.php?rest_route=\/wp\/v2\/media\/4403"}],"wp:attachment":[{"href":"https:\/\/blogi.ennola.fi\/index.php?rest_route=%2Fwp%2Fv2%2Fmedia&parent=4372"}],"wp:term":[{"taxonomy":"category","embeddable":true,"href":"https:\/\/blogi.ennola.fi\/index.php?rest_route=%2Fwp%2Fv2%2Fcategories&post=4372"},{"taxonomy":"post_tag","embeddable":true,"href":"https:\/\/blogi.ennola.fi\/index.php?rest_route=%2Fwp%2Fv2%2Ftags&post=4372"}],"curies":[{"name":"wp","href":"https:\/\/api.w.org\/{rel}","templated":true}]}}