{"id":446,"date":"2016-04-19T08:29:03","date_gmt":"2016-04-19T05:29:03","guid":{"rendered":"https:\/\/blogi.ennola.fi\/?p=446"},"modified":"2020-06-07T22:47:15","modified_gmt":"2020-06-07T19:47:15","slug":"panoraamoja-sarekin-tunturialueelta","status":"publish","type":"post","link":"https:\/\/blogi.ennola.fi\/?p=446","title":{"rendered":"Panoraamoja Sarekin tunturialueelta"},"content":{"rendered":"<p>Maaliskuun puolessa v\u00e4liss\u00e4 tein kahden viikon vaelluksen Sarekin alueelle. Matkakumppaninani oli Otso, viimetalvisen kurssin osallistujia. Matkasuunnitelma oli yksinkertainen: l\u00e4ht\u00f6 ja paluu Ritsemiss\u00e4 ja siin\u00e4 v\u00e4liss\u00e4 kaksi viikkoa kiertely\u00e4 laaksojen pohjia Sarekin tunturialueiden v\u00e4liss\u00e4. Olosuhteiden salliessa suunnitelmissa oli tehd\u00e4 p\u00e4iv\u00e4retki\u00e4 alueen huipuille. Pieni ryhm\u00e4koko salli vapaamman liikkumisen ja aikaa valokuvaamiseen oli edellist\u00e4 reissua paremmin.<\/p>\n<div id=\"attachment_493\" style=\"width: 490px\" class=\"wp-caption aligncenter\"><a href=\"https:\/\/blogi.ennola.fi\/wp-content\/uploads\/2016\/04\/Sarek_Panorama20b.jpg\" rel=\"lightbox[446]\"><img loading=\"lazy\" decoding=\"async\" aria-describedby=\"caption-attachment-493\" class=\"wp-image-493 size-full\" title=\"Akkajauren j\u00e4\u00e4t\u00e4 ja saman niminen tunturi.\" src=\"https:\/\/blogi.ennola.fi\/wp-content\/uploads\/2016\/04\/Sarek_Panorama20b-1.jpg\" alt=\"\" width=\"480\" height=\"137\" srcset=\"https:\/\/blogi.ennola.fi\/wp-content\/uploads\/2016\/04\/Sarek_Panorama20b-1.jpg 480w, https:\/\/blogi.ennola.fi\/wp-content\/uploads\/2016\/04\/Sarek_Panorama20b-1-150x43.jpg 150w\" sizes=\"(max-width: 480px) 100vw, 480px\" \/><\/a><p id=\"caption-attachment-493\" class=\"wp-caption-text\">Akkajauren j\u00e4\u00e4t\u00e4 ja saman niminen tunturi.<\/p><\/div>\n<div id=\"attachment_476\" style=\"width: 490px\" class=\"wp-caption aligncenter\"><a href=\"https:\/\/blogi.ennola.fi\/wp-content\/uploads\/2016\/04\/Sarek_Panorama18b.jpg\" rel=\"lightbox[446]\"><img loading=\"lazy\" decoding=\"async\" aria-describedby=\"caption-attachment-476\" class=\"wp-image-476 size-full\" title=\"Ensimm\u00e4inen leiripaikkamme \u00c1hkk\u00e1-tunturin juurella.\" src=\"https:\/\/blogi.ennola.fi\/wp-content\/uploads\/2016\/04\/Sarek_Panorama18b-1.jpg\" alt=\"\" width=\"480\" height=\"86\" srcset=\"https:\/\/blogi.ennola.fi\/wp-content\/uploads\/2016\/04\/Sarek_Panorama18b-1.jpg 480w, https:\/\/blogi.ennola.fi\/wp-content\/uploads\/2016\/04\/Sarek_Panorama18b-1-150x27.jpg 150w\" sizes=\"(max-width: 480px) 100vw, 480px\" \/><\/a><p id=\"caption-attachment-476\" class=\"wp-caption-text\">Ensimm\u00e4inen leiripaikkamme \u00c1hkk\u00e1-tunturin juurella.<\/p><\/div>\n<div id=\"attachment_485\" style=\"width: 490px\" class=\"wp-caption aligncenter\"><a href=\"https:\/\/blogi.ennola.fi\/wp-content\/uploads\/2016\/04\/Sarek_Panorama9b.jpg\" rel=\"lightbox[446]\"><img loading=\"lazy\" decoding=\"async\" aria-describedby=\"caption-attachment-485\" class=\"wp-image-485 size-full\" title=\"Aurinko laskee Sarek- ja \u00c1hkk\u00e1-massiivien v\u00e4liin.\" src=\"https:\/\/blogi.ennola.fi\/wp-content\/uploads\/2016\/04\/Sarek_Panorama9b-1.jpg\" alt=\"\" width=\"480\" height=\"100\" srcset=\"https:\/\/blogi.ennola.fi\/wp-content\/uploads\/2016\/04\/Sarek_Panorama9b-1.jpg 480w, https:\/\/blogi.ennola.fi\/wp-content\/uploads\/2016\/04\/Sarek_Panorama9b-1-150x31.jpg 150w\" sizes=\"(max-width: 480px) 100vw, 480px\" \/><\/a><p id=\"caption-attachment-485\" class=\"wp-caption-text\">Aurinko laskee Sarek- ja \u00c1hkk\u00e1-massiivien v\u00e4liin.<\/p><\/div>\n<div id=\"attachment_490\" style=\"width: 490px\" class=\"wp-caption aligncenter\"><a href=\"https:\/\/blogi.ennola.fi\/wp-content\/uploads\/2016\/04\/Sarek_Panorama23b.jpg\" rel=\"lightbox[446]\"><img loading=\"lazy\" decoding=\"async\" aria-describedby=\"caption-attachment-490\" class=\"wp-image-490 size-full\" title=\"G\u00e1ssal\u00e1hko kohti Sarekin tunturialuetta.\" src=\"https:\/\/blogi.ennola.fi\/wp-content\/uploads\/2016\/04\/Sarek_Panorama23b-1.jpg\" alt=\"\" width=\"480\" height=\"151\" srcset=\"https:\/\/blogi.ennola.fi\/wp-content\/uploads\/2016\/04\/Sarek_Panorama23b-1.jpg 480w, https:\/\/blogi.ennola.fi\/wp-content\/uploads\/2016\/04\/Sarek_Panorama23b-1-150x47.jpg 150w\" sizes=\"(max-width: 480px) 100vw, 480px\" \/><\/a><p id=\"caption-attachment-490\" class=\"wp-caption-text\">G\u00e1ssal\u00e1hko kohti Sarekin tunturialuetta.<\/p><\/div>\n<div id=\"attachment_473\" style=\"width: 490px\" class=\"wp-caption aligncenter\"><a href=\"https:\/\/blogi.ennola.fi\/wp-content\/uploads\/2016\/04\/Sarek_Panorama15b.jpg\" rel=\"lightbox[446]\"><img loading=\"lazy\" decoding=\"async\" aria-describedby=\"caption-attachment-473\" class=\"wp-image-473 size-full\" title=\"G\u00e1ssal\u00e1hko, Sarek-massiivi ja \u00c1hkk\u00e1-tunturi.\" src=\"https:\/\/blogi.ennola.fi\/wp-content\/uploads\/2016\/04\/Sarek_Panorama15b-1.jpg\" alt=\"\" width=\"480\" height=\"98\" srcset=\"https:\/\/blogi.ennola.fi\/wp-content\/uploads\/2016\/04\/Sarek_Panorama15b-1.jpg 480w, https:\/\/blogi.ennola.fi\/wp-content\/uploads\/2016\/04\/Sarek_Panorama15b-1-150x31.jpg 150w\" sizes=\"(max-width: 480px) 100vw, 480px\" \/><\/a><p id=\"caption-attachment-473\" class=\"wp-caption-text\">G\u00e1ssal\u00e1hko, Sarek-massiivi ja \u00c1hkk\u00e1-tunturi.<\/p><\/div>\n<div id=\"attachment_488\" style=\"width: 490px\" class=\"wp-caption aligncenter\"><a href=\"https:\/\/blogi.ennola.fi\/wp-content\/uploads\/2016\/04\/Sarek_Panorama25b.jpg\" rel=\"lightbox[446]\"><img loading=\"lazy\" decoding=\"async\" aria-describedby=\"caption-attachment-488\" class=\"wp-image-488 size-full\" title=\"Maisema Guhkesv\u00e1ggen suulta.\" src=\"https:\/\/blogi.ennola.fi\/wp-content\/uploads\/2016\/04\/Sarek_Panorama25b-1.jpg\" alt=\"\" width=\"480\" height=\"93\" srcset=\"https:\/\/blogi.ennola.fi\/wp-content\/uploads\/2016\/04\/Sarek_Panorama25b-1.jpg 480w, https:\/\/blogi.ennola.fi\/wp-content\/uploads\/2016\/04\/Sarek_Panorama25b-1-150x29.jpg 150w\" sizes=\"(max-width: 480px) 100vw, 480px\" \/><\/a><p id=\"caption-attachment-488\" class=\"wp-caption-text\">Maisema Guhkesv\u00e1ggen suulta.<\/p><\/div>\n<div id=\"attachment_475\" style=\"width: 490px\" class=\"wp-caption aligncenter\"><a href=\"https:\/\/blogi.ennola.fi\/wp-content\/uploads\/2016\/04\/Sarek_Panorama17b.jpg\" rel=\"lightbox[446]\"><img loading=\"lazy\" decoding=\"async\" aria-describedby=\"caption-attachment-475\" class=\"wp-image-475 size-full\" title=\"Maisema V\u00e1rdasdievv\u00e1lta pohjoiseen. Vasemmalla Sarek Nordtoppen ja oikealla Skan\u00e1tj\u00e5hkk\u00e5.\" src=\"https:\/\/blogi.ennola.fi\/wp-content\/uploads\/2016\/04\/Sarek_Panorama17b-1.jpg\" alt=\"\" width=\"480\" height=\"57\" srcset=\"https:\/\/blogi.ennola.fi\/wp-content\/uploads\/2016\/04\/Sarek_Panorama17b-1.jpg 480w, https:\/\/blogi.ennola.fi\/wp-content\/uploads\/2016\/04\/Sarek_Panorama17b-1-150x18.jpg 150w\" sizes=\"(max-width: 480px) 100vw, 480px\" \/><\/a><p id=\"caption-attachment-475\" class=\"wp-caption-text\">Maisema V\u00e1rdasdievv\u00e1lta pohjoiseen. Vasemmalla Sarek Nordtoppen ja oikealla Skan\u00e1tj\u00e5hkk\u00e5.<\/p><\/div>\n<div id=\"attachment_491\" style=\"width: 490px\" class=\"wp-caption aligncenter\"><a href=\"https:\/\/blogi.ennola.fi\/wp-content\/uploads\/2016\/04\/Sarek_Panorama22b.jpg\" rel=\"lightbox[446]\"><img loading=\"lazy\" decoding=\"async\" aria-describedby=\"caption-attachment-491\" class=\"wp-image-491 size-full\" title=\"Maisema Sarek Nordtoppenin rinteelt\u00e4 kohti it\u00e4\u00e4.\" src=\"https:\/\/blogi.ennola.fi\/wp-content\/uploads\/2016\/04\/Sarek_Panorama22b-1.jpg\" alt=\"\" width=\"480\" height=\"142\" srcset=\"https:\/\/blogi.ennola.fi\/wp-content\/uploads\/2016\/04\/Sarek_Panorama22b-1.jpg 480w, https:\/\/blogi.ennola.fi\/wp-content\/uploads\/2016\/04\/Sarek_Panorama22b-1-150x44.jpg 150w\" sizes=\"(max-width: 480px) 100vw, 480px\" \/><\/a><p id=\"caption-attachment-491\" class=\"wp-caption-text\">Maisema Sarek Nordtoppenin rinteelt\u00e4 kohti it\u00e4\u00e4.<\/p><\/div>\n<div id=\"attachment_477\" style=\"width: 490px\" class=\"wp-caption aligncenter\"><a href=\"https:\/\/blogi.ennola.fi\/wp-content\/uploads\/2016\/04\/Sarek_Panorama19b.jpg\" rel=\"lightbox[446]\"><img loading=\"lazy\" decoding=\"async\" aria-describedby=\"caption-attachment-477\" class=\"wp-image-477 size-full\" title=\"Sarek Nordtoppen ja sen pohjoispuoleinen nimet\u00f6n huippu.\" src=\"https:\/\/blogi.ennola.fi\/wp-content\/uploads\/2016\/04\/Sarek_Panorama19b-1.jpg\" alt=\"\" width=\"480\" height=\"97\" srcset=\"https:\/\/blogi.ennola.fi\/wp-content\/uploads\/2016\/04\/Sarek_Panorama19b-1.jpg 480w, https:\/\/blogi.ennola.fi\/wp-content\/uploads\/2016\/04\/Sarek_Panorama19b-1-150x30.jpg 150w\" sizes=\"(max-width: 480px) 100vw, 480px\" \/><\/a><p id=\"caption-attachment-477\" class=\"wp-caption-text\">Sarek Nordtoppen ja sen pohjoispuoleinen nimet\u00f6n huippu.<\/p><\/div>\n<div id=\"attachment_487\" style=\"width: 490px\" class=\"wp-caption aligncenter\"><a href=\"https:\/\/blogi.ennola.fi\/wp-content\/uploads\/2016\/04\/Sarek_Panorama26b.jpg\" rel=\"lightbox[446]\"><img loading=\"lazy\" decoding=\"async\" aria-describedby=\"caption-attachment-487\" class=\"wp-image-487 size-full\" title=\"Guhkesv\u00e1gge ja Skan\u00e1tj\u00e5hkk\u00e5.\" src=\"https:\/\/blogi.ennola.fi\/wp-content\/uploads\/2016\/04\/Sarek_Panorama26b-1.jpg\" alt=\"\" width=\"480\" height=\"60\" srcset=\"https:\/\/blogi.ennola.fi\/wp-content\/uploads\/2016\/04\/Sarek_Panorama26b-1.jpg 480w, https:\/\/blogi.ennola.fi\/wp-content\/uploads\/2016\/04\/Sarek_Panorama26b-1-150x19.jpg 150w\" sizes=\"(max-width: 480px) 100vw, 480px\" \/><\/a><p id=\"caption-attachment-487\" class=\"wp-caption-text\">Guhkesv\u00e1gge ja Skan\u00e1tj\u00e5hkk\u00e5.<\/p><\/div>\n<div id=\"attachment_489\" style=\"width: 490px\" class=\"wp-caption aligncenter\"><a href=\"https:\/\/blogi.ennola.fi\/wp-content\/uploads\/2016\/04\/Sarek_Panorama24b.jpg\" rel=\"lightbox[446]\"><img loading=\"lazy\" decoding=\"async\" aria-describedby=\"caption-attachment-489\" class=\"wp-image-489 size-full\" title=\"Guhkesv\u00e1gge, Sarek-massiivi ja \u00c1hkk\u00e1-tunturi illalla. \" src=\"https:\/\/blogi.ennola.fi\/wp-content\/uploads\/2016\/04\/Sarek_Panorama24b-1.jpg\" alt=\"\" width=\"480\" height=\"116\" srcset=\"https:\/\/blogi.ennola.fi\/wp-content\/uploads\/2016\/04\/Sarek_Panorama24b-1.jpg 480w, https:\/\/blogi.ennola.fi\/wp-content\/uploads\/2016\/04\/Sarek_Panorama24b-1-150x36.jpg 150w\" sizes=\"(max-width: 480px) 100vw, 480px\" \/><\/a><p id=\"caption-attachment-489\" class=\"wp-caption-text\">Guhkesv\u00e1gge, Sarek-massiivi ja \u00c1hkk\u00e1-tunturi illalla.<\/p><\/div>\n<p>Valokuvauksen kannalta reissun s\u00e4\u00e4t olivat kovin kaksijakoiset. Ensimm\u00e4isen viikon s\u00e4\u00e4t olivat hyvin vaihtelevat: t\u00e4ydellisest\u00e4 kaikenpeitt\u00e4v\u00e4st\u00e4 sumusta hyvinkin kirkkaisiin hetkiin. S\u00e4\u00e4n muutokset olivat hyvin nopeita, vain harvoin illalla oli samankaltainen s\u00e4\u00e4 kuin aamulla. Vain muutamassa tunnissa s\u00e4\u00e4 saattoi vaihtua pilvett\u00f6m\u00e4n kirkkaasta pilviseen ja kaikenpeitt\u00e4v\u00e4\u00e4n sumuun. Nopeasti muuntelevat s\u00e4\u00e4t tarjosivat loistavat mahdollisuudet maisemakuvaukseen.<\/p>\n<p>Seuraavalla viikolla s\u00e4\u00e4t muuttuivatkin t\u00e4ysin p\u00e4invastaisiksi. Ensin satoi vett\u00e4 nelj\u00e4 p\u00e4iv\u00e4\u00e4, mik\u00e4 sen j\u00e4lkeen k\u00e4\u00e4ntyi lumimyrskyksi, joka pakotti meid\u00e4t kolmeksi p\u00e4iv\u00e4ksi telttaan. Nuo p\u00e4iv\u00e4t vietimme todella komeissa maisemista, mist\u00e4 vain n\u00e4imme aavistuksenomaisia v\u00e4l\u00e4hdyksi\u00e4 sateen ja lumipyryn keskelt\u00e4. Kameranikin sai siipeens\u00e4 kosteudesta ja lakkasi toimimasta. Kikkailemalla sain sill\u00e4 jokusen kuvan kuvatuksi, kunnes sain sit\u00e4 teltassa sen verta kuivatuksi, jotta se taas alkoi toimia normaalisti.<\/p>\n<div id=\"attachment_479\" style=\"width: 490px\" class=\"wp-caption aligncenter\"><a href=\"https:\/\/blogi.ennola.fi\/wp-content\/uploads\/2016\/04\/Sarek_Panorama3b.jpg\" rel=\"lightbox[446]\"><img loading=\"lazy\" decoding=\"async\" aria-describedby=\"caption-attachment-479\" class=\"wp-image-479 size-full\" title=\"Leiripaikka Guhkessv\u00e1ggessa aikaisin aamulla, Skan\u00e1b\u00e1kte vasemmalla, Sarek Nordtoppen oikealla.\" src=\"https:\/\/blogi.ennola.fi\/wp-content\/uploads\/2016\/04\/Sarek_Panorama3b-1.jpg\" alt=\"\" width=\"480\" height=\"98\" srcset=\"https:\/\/blogi.ennola.fi\/wp-content\/uploads\/2016\/04\/Sarek_Panorama3b-1.jpg 480w, https:\/\/blogi.ennola.fi\/wp-content\/uploads\/2016\/04\/Sarek_Panorama3b-1-150x31.jpg 150w\" sizes=\"(max-width: 480px) 100vw, 480px\" \/><\/a><p id=\"caption-attachment-479\" class=\"wp-caption-text\">Leiripaikka Guhkessv\u00e1ggessa aikaisin aamulla, Skan\u00e1b\u00e1kte vasemmalla, Sarek Nordtoppen oikealla.<\/p><\/div>\n<div id=\"attachment_497\" style=\"width: 490px\" class=\"wp-caption aligncenter\"><a href=\"https:\/\/blogi.ennola.fi\/wp-content\/uploads\/2016\/04\/Sarek_Panorama14b.jpg\" rel=\"lightbox[446]\"><img loading=\"lazy\" decoding=\"async\" aria-describedby=\"caption-attachment-497\" class=\"wp-image-497 size-full\" title=\"Usva h\u00e4lvenee Guhkessv\u00e1ggessa.\" src=\"https:\/\/blogi.ennola.fi\/wp-content\/uploads\/2016\/04\/Sarek_Panorama14b-1.jpg\" alt=\"\" width=\"480\" height=\"89\" srcset=\"https:\/\/blogi.ennola.fi\/wp-content\/uploads\/2016\/04\/Sarek_Panorama14b-1.jpg 480w, https:\/\/blogi.ennola.fi\/wp-content\/uploads\/2016\/04\/Sarek_Panorama14b-1-150x28.jpg 150w\" sizes=\"(max-width: 480px) 100vw, 480px\" \/><\/a><p id=\"caption-attachment-497\" class=\"wp-caption-text\">Usva h\u00e4lvenee Guhkessv\u00e1ggessa.<\/p><\/div>\n<div id=\"attachment_474\" style=\"width: 490px\" class=\"wp-caption aligncenter\"><a href=\"https:\/\/blogi.ennola.fi\/wp-content\/uploads\/2016\/04\/Sarek_Panorama16b.jpg\" rel=\"lightbox[446]\"><img loading=\"lazy\" decoding=\"async\" aria-describedby=\"caption-attachment-474\" class=\"wp-image-474 size-full\" title=\"Niendotj\u00e5hkk\u00e5.\" src=\"https:\/\/blogi.ennola.fi\/wp-content\/uploads\/2016\/04\/Sarek_Panorama16b-1.jpg\" alt=\"\" width=\"480\" height=\"115\" srcset=\"https:\/\/blogi.ennola.fi\/wp-content\/uploads\/2016\/04\/Sarek_Panorama16b-1.jpg 480w, https:\/\/blogi.ennola.fi\/wp-content\/uploads\/2016\/04\/Sarek_Panorama16b-1-150x36.jpg 150w\" sizes=\"(max-width: 480px) 100vw, 480px\" \/><\/a><p id=\"caption-attachment-474\" class=\"wp-caption-text\">Niendotj\u00e5hkk\u00e5.<\/p><\/div>\n<div id=\"attachment_480\" style=\"width: 490px\" class=\"wp-caption aligncenter\"><a href=\"https:\/\/blogi.ennola.fi\/wp-content\/uploads\/2016\/04\/Sarek_Panorama4b.jpg\" rel=\"lightbox[446]\"><img loading=\"lazy\" decoding=\"async\" aria-describedby=\"caption-attachment-480\" class=\"wp-image-480 size-full\" title=\"\u00c4hp\u00e1r-massiivi Liehtjitj\u00e1vrren yli.\" src=\"https:\/\/blogi.ennola.fi\/wp-content\/uploads\/2016\/04\/Sarek_Panorama4b-1.jpg\" alt=\"\" width=\"480\" height=\"135\" srcset=\"https:\/\/blogi.ennola.fi\/wp-content\/uploads\/2016\/04\/Sarek_Panorama4b-1.jpg 480w, https:\/\/blogi.ennola.fi\/wp-content\/uploads\/2016\/04\/Sarek_Panorama4b-1-150x42.jpg 150w\" sizes=\"(max-width: 480px) 100vw, 480px\" \/><\/a><p id=\"caption-attachment-480\" class=\"wp-caption-text\">\u00c4hp\u00e1r-massiivi Liehtjitj\u00e1vrren yli.<\/p><\/div>\n<div id=\"attachment_481\" style=\"width: 490px\" class=\"wp-caption aligncenter\"><a href=\"https:\/\/blogi.ennola.fi\/wp-content\/uploads\/2016\/04\/Sarek_Panorama5b.jpg\" rel=\"lightbox[446]\"><img loading=\"lazy\" decoding=\"async\" aria-describedby=\"caption-attachment-481\" class=\"wp-image-481 size-full\" title=\"Niendotj\u00e5hkk\u00e5 ja Sjuodji.\" src=\"https:\/\/blogi.ennola.fi\/wp-content\/uploads\/2016\/04\/Sarek_Panorama5b-1.jpg\" alt=\"\" width=\"480\" height=\"119\" srcset=\"https:\/\/blogi.ennola.fi\/wp-content\/uploads\/2016\/04\/Sarek_Panorama5b-1.jpg 480w, https:\/\/blogi.ennola.fi\/wp-content\/uploads\/2016\/04\/Sarek_Panorama5b-1-150x37.jpg 150w\" sizes=\"(max-width: 480px) 100vw, 480px\" \/><\/a><p id=\"caption-attachment-481\" class=\"wp-caption-text\">Niendotj\u00e5hkk\u00e5 ja Sjuodji.<\/p><\/div>\n<div id=\"attachment_484\" style=\"width: 490px\" class=\"wp-caption aligncenter\"><a href=\"https:\/\/blogi.ennola.fi\/wp-content\/uploads\/2016\/04\/Sarek_Panorama8b.jpg\" rel=\"lightbox[446]\"><img loading=\"lazy\" decoding=\"async\" aria-describedby=\"caption-attachment-484\" class=\"wp-image-484 size-full\" title=\"Ruopsokpuollda ja D\u00e1gartj\u00e5hkk\u00e5 juuri ennen auringonnousua. \" src=\"https:\/\/blogi.ennola.fi\/wp-content\/uploads\/2016\/04\/Sarek_Panorama8b-1.jpg\" alt=\"\" width=\"480\" height=\"108\" srcset=\"https:\/\/blogi.ennola.fi\/wp-content\/uploads\/2016\/04\/Sarek_Panorama8b-1.jpg 480w, https:\/\/blogi.ennola.fi\/wp-content\/uploads\/2016\/04\/Sarek_Panorama8b-1-150x34.jpg 150w\" sizes=\"(max-width: 480px) 100vw, 480px\" \/><\/a><p id=\"caption-attachment-484\" class=\"wp-caption-text\">Ruopsokpuollda ja D\u00e1gartj\u00e5hkk\u00e5 juuri ennen auringonnousua.<\/p><\/div>\n<div id=\"attachment_478\" style=\"width: 490px\" class=\"wp-caption aligncenter\"><a href=\"https:\/\/blogi.ennola.fi\/wp-content\/uploads\/2016\/04\/Sarek_Panorama1b.jpg\" rel=\"lightbox[446]\"><img loading=\"lazy\" decoding=\"async\" aria-describedby=\"caption-attachment-478\" class=\"wp-image-478 size-full\" title=\"Sitojauren laakso, \u00c1hk\u00e1b\u00e1kte, D\u00e1gartj\u00e5hkk\u00e5 ja Ruopsoktj\u00e5hkk\u00e5\" src=\"https:\/\/blogi.ennola.fi\/wp-content\/uploads\/2016\/04\/Sarek_Panorama1b-1.jpg\" alt=\"\" width=\"480\" height=\"78\" srcset=\"https:\/\/blogi.ennola.fi\/wp-content\/uploads\/2016\/04\/Sarek_Panorama1b-1.jpg 480w, https:\/\/blogi.ennola.fi\/wp-content\/uploads\/2016\/04\/Sarek_Panorama1b-1-150x24.jpg 150w\" sizes=\"(max-width: 480px) 100vw, 480px\" \/><\/a><p id=\"caption-attachment-478\" class=\"wp-caption-text\">Sitojauren laakso, \u00c1hk\u00e1b\u00e1kte, D\u00e1gartj\u00e5hkk\u00e5 ja Ruopsoktj\u00e5hkk\u00e5<\/p><\/div>\n<div id=\"attachment_494\" style=\"width: 490px\" class=\"wp-caption aligncenter\"><a href=\"https:\/\/blogi.ennola.fi\/wp-content\/uploads\/2016\/04\/Sarek_Panorama11b.jpg\" rel=\"lightbox[446]\"><img loading=\"lazy\" decoding=\"async\" aria-describedby=\"caption-attachment-494\" class=\"wp-image-494 size-full\" title=\"D\u00e1gartj\u00e5hkk\u00e5, Basstav\u00e1gge ja Ruopsoktj\u00e5hkk\u00e5.\" src=\"https:\/\/blogi.ennola.fi\/wp-content\/uploads\/2016\/04\/Sarek_Panorama11b-1.jpg\" alt=\"\" width=\"480\" height=\"92\" srcset=\"https:\/\/blogi.ennola.fi\/wp-content\/uploads\/2016\/04\/Sarek_Panorama11b-1.jpg 480w, https:\/\/blogi.ennola.fi\/wp-content\/uploads\/2016\/04\/Sarek_Panorama11b-1-150x29.jpg 150w\" sizes=\"(max-width: 480px) 100vw, 480px\" \/><\/a><p id=\"caption-attachment-494\" class=\"wp-caption-text\">D\u00e1gartj\u00e5hkk\u00e5, Basstav\u00e1gge ja Ruopsoktj\u00e5hkk\u00e5.<\/p><\/div>\n<div id=\"attachment_492\" style=\"width: 490px\" class=\"wp-caption aligncenter\"><a href=\"https:\/\/blogi.ennola.fi\/wp-content\/uploads\/2016\/04\/Sarek_Panorama21b.jpg\" rel=\"lightbox[446]\"><img loading=\"lazy\" decoding=\"async\" aria-describedby=\"caption-attachment-492\" class=\"wp-image-492 size-full\" title=\"Basstav\u00e1gge ja Lulep Basstask\u00e1jd\u00e1sj.\" src=\"https:\/\/blogi.ennola.fi\/wp-content\/uploads\/2016\/04\/Untitled_Panorama21b.jpg\" alt=\"\" width=\"480\" height=\"83\" srcset=\"https:\/\/blogi.ennola.fi\/wp-content\/uploads\/2016\/04\/Untitled_Panorama21b.jpg 480w, https:\/\/blogi.ennola.fi\/wp-content\/uploads\/2016\/04\/Untitled_Panorama21b-150x26.jpg 150w\" sizes=\"(max-width: 480px) 100vw, 480px\" \/><\/a><p id=\"caption-attachment-492\" class=\"wp-caption-text\">Basstav\u00e1gge ja Lulep Basstask\u00e1jd\u00e1sj.<\/p><\/div>\n<div id=\"attachment_482\" style=\"width: 490px\" class=\"wp-caption aligncenter\"><a href=\"https:\/\/blogi.ennola.fi\/wp-content\/uploads\/2016\/04\/Sarek_Panorama6b.jpg\" rel=\"lightbox[446]\"><img loading=\"lazy\" decoding=\"async\" aria-describedby=\"caption-attachment-482\" class=\"wp-image-482 size-full\" title=\"Sarvatj\u00e5hkk\u00e5, \u00c4hp\u00e1r ja Bielatj\u00e5hkk\u00e5 aamuvalossa.\" src=\"https:\/\/blogi.ennola.fi\/wp-content\/uploads\/2016\/04\/Sarek_Panorama6b-1.jpg\" alt=\"\" width=\"480\" height=\"72\" srcset=\"https:\/\/blogi.ennola.fi\/wp-content\/uploads\/2016\/04\/Sarek_Panorama6b-1.jpg 480w, https:\/\/blogi.ennola.fi\/wp-content\/uploads\/2016\/04\/Sarek_Panorama6b-1-150x23.jpg 150w\" sizes=\"(max-width: 480px) 100vw, 480px\" \/><\/a><p id=\"caption-attachment-482\" class=\"wp-caption-text\">Sarvatj\u00e5hkk\u00e5, \u00c4hp\u00e1r ja Bielatj\u00e5hkk\u00e5 aamuvalossa.<\/p><\/div>\n<div id=\"attachment_495\" style=\"width: 490px\" class=\"wp-caption aligncenter\"><a href=\"https:\/\/blogi.ennola.fi\/wp-content\/uploads\/2016\/04\/Sarek_Panorama12b.jpg\" rel=\"lightbox[446]\"><img loading=\"lazy\" decoding=\"async\" aria-describedby=\"caption-attachment-495\" class=\"wp-image-495 size-full\" title=\"Bielatj\u00e5hkk\u00e5, Sp\u00f6kstenen ja L\u00e5ddeb\u00e1kte.\" src=\"https:\/\/blogi.ennola.fi\/wp-content\/uploads\/2016\/04\/Sarek_Panorama12b-1.jpg\" alt=\"\" width=\"480\" height=\"124\" srcset=\"https:\/\/blogi.ennola.fi\/wp-content\/uploads\/2016\/04\/Sarek_Panorama12b-1.jpg 480w, https:\/\/blogi.ennola.fi\/wp-content\/uploads\/2016\/04\/Sarek_Panorama12b-1-150x39.jpg 150w\" sizes=\"(max-width: 480px) 100vw, 480px\" \/><\/a><p id=\"caption-attachment-495\" class=\"wp-caption-text\">Bielatj\u00e5hkk\u00e5, Sp\u00f6kstenen ja L\u00e5ddeb\u00e1kte.<\/p><\/div>\n<div id=\"attachment_496\" style=\"width: 490px\" class=\"wp-caption aligncenter\"><a href=\"https:\/\/blogi.ennola.fi\/wp-content\/uploads\/2016\/04\/Sarek_Panorama13b.jpg\" rel=\"lightbox[446]\"><img loading=\"lazy\" decoding=\"async\" aria-describedby=\"caption-attachment-496\" class=\"wp-image-496 size-full\" title=\"L\u00e5ddeb\u00e1kte ja Bielloriehppe.\" src=\"https:\/\/blogi.ennola.fi\/wp-content\/uploads\/2016\/04\/Sarek_Panorama13b-1.jpg\" alt=\"\" width=\"480\" height=\"121\" srcset=\"https:\/\/blogi.ennola.fi\/wp-content\/uploads\/2016\/04\/Sarek_Panorama13b-1.jpg 480w, https:\/\/blogi.ennola.fi\/wp-content\/uploads\/2016\/04\/Sarek_Panorama13b-1-150x38.jpg 150w\" sizes=\"(max-width: 480px) 100vw, 480px\" \/><\/a><p id=\"caption-attachment-496\" class=\"wp-caption-text\">L\u00e5ddeb\u00e1kte ja Bielloriehppe.<\/p><\/div>\n<div id=\"attachment_483\" style=\"width: 490px\" class=\"wp-caption aligncenter\"><a href=\"https:\/\/blogi.ennola.fi\/wp-content\/uploads\/2016\/04\/Sarek_Panorama7b.jpg\" rel=\"lightbox[446]\"><img loading=\"lazy\" decoding=\"async\" aria-describedby=\"caption-attachment-483\" class=\"wp-image-483 size-full\" title=\"\u00c1lggav\u00e1gge tihkusateessa.\" src=\"https:\/\/blogi.ennola.fi\/wp-content\/uploads\/2016\/04\/Sarek_Panorama7b-1.jpg\" alt=\"\" width=\"480\" height=\"111\" srcset=\"https:\/\/blogi.ennola.fi\/wp-content\/uploads\/2016\/04\/Sarek_Panorama7b-1.jpg 480w, https:\/\/blogi.ennola.fi\/wp-content\/uploads\/2016\/04\/Sarek_Panorama7b-1-150x35.jpg 150w\" sizes=\"(max-width: 480px) 100vw, 480px\" \/><\/a><p id=\"caption-attachment-483\" class=\"wp-caption-text\">\u00c1lggav\u00e1gge tihkusateessa.<\/p><\/div>\n<div id=\"attachment_486\" style=\"width: 490px\" class=\"wp-caption aligncenter\"><a href=\"https:\/\/blogi.ennola.fi\/wp-content\/uploads\/2016\/04\/Sarek_Panorama10b.jpg\" rel=\"lightbox[446]\"><img loading=\"lazy\" decoding=\"async\" aria-describedby=\"caption-attachment-486\" class=\"wp-image-486 size-full\" title=\"Gisuris ymp\u00e4rist\u00f6ineen.\" src=\"https:\/\/blogi.ennola.fi\/wp-content\/uploads\/2016\/04\/Sarek_Panorama10b-1.jpg\" alt=\"\" width=\"480\" height=\"85\" srcset=\"https:\/\/blogi.ennola.fi\/wp-content\/uploads\/2016\/04\/Sarek_Panorama10b-1.jpg 480w, https:\/\/blogi.ennola.fi\/wp-content\/uploads\/2016\/04\/Sarek_Panorama10b-1-150x27.jpg 150w\" sizes=\"(max-width: 480px) 100vw, 480px\" \/><\/a><p id=\"caption-attachment-486\" class=\"wp-caption-text\">Gisuris ymp\u00e4rist\u00f6ineen.<\/p><\/div>\n<p>Hiukan paremmin olisi pit\u00e4nyt olla hereill\u00e4 kuvatessa. K\u00e4yt\u00e4nn\u00f6ss\u00e4 tulin kuvanneeksi l\u00e4hes kaikki panoraamat vaakakuvina. Sarekin tunturit ovat kuitenkin monin paikoin niin korkeita ja jyrkki\u00e4, ett\u00e4 ne olisivat edellytt\u00e4neet pystykuvausta, jotta olisi saanut kuvaan my\u00f6s riitt\u00e4v\u00e4sti taivasta vuorien p\u00e4\u00e4lle ja toisaalta my\u00f6s riitt\u00e4v\u00e4sti maata jalkojen juuresta. Pari parhaista panoraamoista onkin koostettu kahdesta vaakakuvista koostuneesta kokonaisuudesta, joista toinen on kuvattu ala- ja toinen yl\u00e4viistoon.<\/p>\n<p>Reissun kuvalliseen antiin tulee kuitenkin olla tyytyv\u00e4inen. Guhkesv\u00e1ggen ja \u00c4hp\u00e1r-massiivin seudut tarjosivat useita todella upeita n\u00e4kymi\u00e4 upeassa valossa. Paljon j\u00e4i viel\u00e4 n\u00e4kem\u00e4tt\u00e4kin. \u00c1lggav\u00e1gge ja Ruohtesv\u00e1gge taas kerran tarjosivat vain aavistuksen siit\u00e4, mit\u00e4 kirkkaassa s\u00e4\u00e4ss\u00e4 voisi n\u00e4hd\u00e4.<\/p>\n","protected":false},"excerpt":{"rendered":"<p>Maaliskuun puolessa v\u00e4liss\u00e4 tein kahden viikon vaelluksen Sarekin alueelle. Matkakumppaninani oli Otso, viimetalvisen kurssin osallistujia. Matkasuunnitelma oli yksinkertainen: l\u00e4ht\u00f6 ja paluu Ritsemiss\u00e4 ja siin\u00e4 v\u00e4liss\u00e4 kaksi viikkoa kiertely\u00e4&#8230;<\/p>\n","protected":false},"author":1,"featured_media":455,"comment_status":"open","ping_status":"open","sticky":false,"template":"","format":"standard","meta":{"footnotes":""},"categories":[23,4],"tags":[],"_links":{"self":[{"href":"https:\/\/blogi.ennola.fi\/index.php?rest_route=\/wp\/v2\/posts\/446"}],"collection":[{"href":"https:\/\/blogi.ennola.fi\/index.php?rest_route=\/wp\/v2\/posts"}],"about":[{"href":"https:\/\/blogi.ennola.fi\/index.php?rest_route=\/wp\/v2\/types\/post"}],"author":[{"embeddable":true,"href":"https:\/\/blogi.ennola.fi\/index.php?rest_route=\/wp\/v2\/users\/1"}],"replies":[{"embeddable":true,"href":"https:\/\/blogi.ennola.fi\/index.php?rest_route=%2Fwp%2Fv2%2Fcomments&post=446"}],"version-history":[{"count":6,"href":"https:\/\/blogi.ennola.fi\/index.php?rest_route=\/wp\/v2\/posts\/446\/revisions"}],"predecessor-version":[{"id":5029,"href":"https:\/\/blogi.ennola.fi\/index.php?rest_route=\/wp\/v2\/posts\/446\/revisions\/5029"}],"wp:featuredmedia":[{"embeddable":true,"href":"https:\/\/blogi.ennola.fi\/index.php?rest_route=\/wp\/v2\/media\/455"}],"wp:attachment":[{"href":"https:\/\/blogi.ennola.fi\/index.php?rest_route=%2Fwp%2Fv2%2Fmedia&parent=446"}],"wp:term":[{"taxonomy":"category","embeddable":true,"href":"https:\/\/blogi.ennola.fi\/index.php?rest_route=%2Fwp%2Fv2%2Fcategories&post=446"},{"taxonomy":"post_tag","embeddable":true,"href":"https:\/\/blogi.ennola.fi\/index.php?rest_route=%2Fwp%2Fv2%2Ftags&post=446"}],"curies":[{"name":"wp","href":"https:\/\/api.w.org\/{rel}","templated":true}]}}