{"id":4521,"date":"2020-04-07T22:39:41","date_gmt":"2020-04-07T19:39:41","guid":{"rendered":"https:\/\/blogi.ennola.fi\/?p=4521"},"modified":"2020-10-29T23:28:17","modified_gmt":"2020-10-29T21:28:17","slug":"uusi-eskimomela","status":"publish","type":"post","link":"https:\/\/blogi.ennola.fi\/?p=4521","title":{"rendered":"Uusi eskimomela"},"content":{"rendered":"<p>Kolme vuotta sitten tein itselleni ensimm\u00e4isen eskimomelani. Sit\u00e4 varten yritin l\u00f6yt\u00e4\u00e4 pakallisesta puutavaraliikkeest\u00e4 kelvollista kuusilankkua, sill\u00e4 kuusi on ainut puulaji, mik\u00e4 on sek\u00e4 riitt\u00e4v\u00e4n kevytt\u00e4 ja mit\u00e4 oli saatavilla kakkosnelosena tavallisessa rautakaupassa. Kaikissa kaupan kakkosnelosissa oli ydin mukana, ja samalle ne olivat haljenneet pahasti, joten ne eiv\u00e4t tulleet kyseeseen. Siisp\u00e4 ostin lankun kakkoskasia, jonka halkaisemalla ainakin toinen lankuista olisi kelvollinen.<\/p>\n<p>Kaverini, Henry oli kuitenkin hankkinut kunnon lankun amerikkalaista punaseetri\u00e4, mik\u00e4 taitaa olla suosituin perinteisen eskimomelan raaka-aine. Niinp\u00e4 ensimm\u00e4inen itse tekem\u00e4ni eskimomela tuli tehdyksi punaseetrist\u00e4.<\/p>\n<p>Ajatus kotimaisesta puusta tehdyst\u00e4 melasta j\u00e4i kytem\u00e4\u00e4n, sill\u00e4 onhan se nyt ihan hullua rahdata toiselta puolen maapalloa raaka-ainetta yhteen melaan, ihan kuin ei Suomessa kasvaisi puuta. Kuusen lis\u00e4ksi my\u00f6s perinteiset laudemateriaalit, haapa ja tervalepp\u00e4 olisivat sopivan kevyit\u00e4 melan raaka-aineeksi. Valitettavasti tavalliset puutavaratoimittajat vaan eiv\u00e4t myy noita riitt\u00e4v\u00e4n paksuina lankkuina.<\/p>\n<div id=\"attachment_4542\" style=\"width: 310px\" class=\"wp-caption aligncenter\"><a href=\"https:\/\/blogi.ennola.fi\/wp-content\/uploads\/2020\/03\/IMG_2177.jpg\" rel=\"lightbox[4521]\"><img loading=\"lazy\" decoding=\"async\" aria-describedby=\"caption-attachment-4542\" class=\"wp-image-4542 size-full\" title=\"T\u00e4st\u00e4k\u00f6 se uusi eskimomela syntyy?\" src=\"https:\/\/blogi.ennola.fi\/wp-content\/uploads\/2020\/03\/IMG_2177-1.jpg\" alt=\"\" width=\"300\" height=\"400\" srcset=\"https:\/\/blogi.ennola.fi\/wp-content\/uploads\/2020\/03\/IMG_2177-1.jpg 300w, https:\/\/blogi.ennola.fi\/wp-content\/uploads\/2020\/03\/IMG_2177-1-113x150.jpg 113w\" sizes=\"(max-width: 300px) 100vw, 300px\" \/><\/a><p id=\"caption-attachment-4542\" class=\"wp-caption-text\">T\u00e4st\u00e4k\u00f6 se uusi eskimomela syntyy?<\/p><\/div>\n<p>Koulun rannassa kasvaa kohtuullisen pitk\u00e4\u00e4 ja suoraa tervalepp\u00e4\u00e4 ja pomoni, Taina ehdotti, ett\u00e4 voisimme k\u00e4yd\u00e4 sielt\u00e4 harventamassa pari runkoa. Samalla voisin opetella moottorisahan k\u00e4ytt\u00f6\u00e4, mik\u00e4 kuulu jo opiskelijoidemmekin perusosaamiseen ja min\u00e4 en ollut koskaan polttomoottorisahaa k\u00e4ytt\u00e4nyt.<\/p>\n<p>Seuraavana kev\u00e4ttalvena l\u00f6ytyi p\u00e4iv\u00e4, jolloin kummallakaan meist\u00e4 ei ollut opetusta ja saatoimme menn\u00e4 puunkaatoon koulun rantaan. Taina neuvoi hienosti kaatokolon k\u00e4yt\u00f6n ja miten puu saadaan kaatumaan haluttuun suuntaan ja sainkin sen h\u00e4mm\u00e4stytt\u00e4v\u00e4n tarkkaan kaadettua juuri siihen v\u00e4liin, mihin sen olin ajatellutkin kaataa.<\/p>\n<p>Kaadoin lopulta kaksi lupaavan n\u00e4k\u00f6ist\u00e4 rankaa, jotka p\u00e4tkin karkeasti kolmen metrin mittaisiin p\u00e4tkiin, jotta olisi valita p\u00f6llist\u00e4 paras kohta melaksi. Vaikka puut pystyss\u00e4 olivatkin n\u00e4ytt\u00e4neet virheett\u00f6milt\u00e4, oli molempien keskusta tummunut mahdollisen lahovaurion merkiksi. Uskoin kuitenkin l\u00f6yt\u00e4v\u00e4ni niist\u00e4 riitt\u00e4v\u00e4sti hyv\u00e4\u00e4 puuta melaa varten ja tuskinpa pystyss\u00e4k\u00e4\u00e4n olevista puista olisi sen parempia l\u00f6ytynyt. Kolme parhaan n\u00e4k\u00f6ist\u00e4 p\u00f6lli\u00e4 nostettiin koulun ulkovarastoon kuivumaan ja loput vietiin koulun puuvarastolle hakevoimalaitoksen raaka-aineeksi.<\/p>\n<div id=\"attachment_4543\" style=\"width: 315px\" class=\"wp-caption aligncenter\"><a href=\"https:\/\/blogi.ennola.fi\/wp-content\/uploads\/2020\/03\/IMG_2180.jpg\" rel=\"lightbox[4521]\"><img loading=\"lazy\" decoding=\"async\" aria-describedby=\"caption-attachment-4543\" class=\"wp-image-4543 size-full\" title=\"Ensimm\u00e4ist\u00e4 kertaa puuta kaatamassa moottorisahalla.\" src=\"https:\/\/blogi.ennola.fi\/wp-content\/uploads\/2020\/03\/IMG_2180-1.jpg\" alt=\"\" width=\"305\" height=\"400\" srcset=\"https:\/\/blogi.ennola.fi\/wp-content\/uploads\/2020\/03\/IMG_2180-1.jpg 305w, https:\/\/blogi.ennola.fi\/wp-content\/uploads\/2020\/03\/IMG_2180-1-114x150.jpg 114w\" sizes=\"(max-width: 305px) 100vw, 305px\" \/><\/a><p id=\"caption-attachment-4543\" class=\"wp-caption-text\">Ensimm\u00e4ist\u00e4 kertaa puuta kaatamassa moottorisahalla.<\/p><\/div>\n<div id=\"attachment_4545\" style=\"width: 460px\" class=\"wp-caption aligncenter\"><a href=\"https:\/\/blogi.ennola.fi\/wp-content\/uploads\/2020\/03\/IMG_2182.jpg\" rel=\"lightbox[4521]\"><img loading=\"lazy\" decoding=\"async\" aria-describedby=\"caption-attachment-4545\" class=\"wp-image-4545 size-full\" title=\"Pakollinen poseerauskuva.\" src=\"https:\/\/blogi.ennola.fi\/wp-content\/uploads\/2020\/03\/IMG_2182-1.jpg\" alt=\"\" width=\"450\" height=\"344\" srcset=\"https:\/\/blogi.ennola.fi\/wp-content\/uploads\/2020\/03\/IMG_2182-1.jpg 450w, https:\/\/blogi.ennola.fi\/wp-content\/uploads\/2020\/03\/IMG_2182-1-150x115.jpg 150w\" sizes=\"(max-width: 450px) 100vw, 450px\" \/><\/a><p id=\"caption-attachment-4545\" class=\"wp-caption-text\">Pakollinen poseerauskuva.<\/p><\/div>\n<div id=\"attachment_4544\" style=\"width: 460px\" class=\"wp-caption aligncenter\"><a href=\"https:\/\/blogi.ennola.fi\/wp-content\/uploads\/2020\/03\/IMG_2185.jpg\" rel=\"lightbox[4521]\"><img loading=\"lazy\" decoding=\"async\" aria-describedby=\"caption-attachment-4544\" class=\"wp-image-4544 size-full\" title=\"T\u00e4ss\u00e4 melan raaka-ainetta matkalla kuivaukseen.\" src=\"https:\/\/blogi.ennola.fi\/wp-content\/uploads\/2020\/03\/IMG_2185-1.jpg\" alt=\"\" width=\"450\" height=\"338\" srcset=\"https:\/\/blogi.ennola.fi\/wp-content\/uploads\/2020\/03\/IMG_2185-1.jpg 450w, https:\/\/blogi.ennola.fi\/wp-content\/uploads\/2020\/03\/IMG_2185-1-150x113.jpg 150w\" sizes=\"(max-width: 450px) 100vw, 450px\" \/><\/a><p id=\"caption-attachment-4544\" class=\"wp-caption-text\">T\u00e4ss\u00e4 melan raaka-ainetta matkalla kuivaukseen.<\/p><\/div>\n<p>Kahden vuoden kuivumisen j\u00e4lkeen oli aika ruveta ty\u00f6st\u00e4m\u00e4\u00e4n p\u00f6llej\u00e4 lankuiksi. Siisp\u00e4 er\u00e4\u00e4n ty\u00f6p\u00e4iv\u00e4n p\u00e4\u00e4tteeksi pakkasin p\u00f6llit per\u00e4k\u00e4rryyn suuntasin Henryn verstaalle. Se matka oli el\u00e4m\u00e4ni kallein Salon matka, mutta sit\u00e4 ei kannata avata t\u00e4ss\u00e4 sen enemp\u00e4\u00e4.<\/p>\n<p>Ennen p\u00f6llien halkaisua keskilinjalta h\u00f6yl\u00e4simme oikoh\u00f6yl\u00e4ll\u00e4 p\u00f6llin yhden sivun suhteellisen suoraksi, jotta sen k\u00e4sittely olisi helpompaa. Kiristimme langan p\u00f6llin keskilinjalle osoittamaan mahdollisimman suoraa linjaa. Langan linjaa seuraten halkaisimme p\u00f6llit vannesahalla kahtia. Sahauksessa toinen ty\u00f6nsi tukkia sen p\u00e4\u00e4st\u00e4 kohti sahaa ja toinen tarkkaili ter\u00e4n linjaa ja antoi ohjeita sahurille.<\/p>\n<p>T\u00e4m\u00e4n j\u00e4lkeen olikin helppo sahata loputkin reunat lankuista. Lopuksi tasoh\u00f6yl\u00e4ll\u00e4 lankku h\u00f6yl\u00e4ttiin siten, ett\u00e4 ytimet tummat alueet ja mahdollisimman iso osa oksista saataisiin h\u00f6yl\u00e4tty\u00e4 pois. Kappaleet j\u00e4iv\u00e4t pikkasen vajaakanttisiksi, mutta se ei ole ongelma, koska kantit kuitenkin tulee sahattua tai h\u00f6yl\u00e4tty\u00e4 melanvalmistuksessa pois.<\/p>\n<p>Yksi kolmesta tukista oli pikkasen laho ja oli muita pahemmin halkeillutkin, joten se meni polttopuuksi, joten kahdesta kelvollisesta tukista tuli yhteens\u00e4 nelj\u00e4 38\u00d785 mm melanaihiota. Tukit olivat valitettavasti oksaisempia, kuin mit\u00e4 olin toivonut ja monissa oksissa puuaineskin oli varsin huonon n\u00e4k\u00f6ist\u00e4. Iso osa oksista j\u00e4\u00e4nee itse melan ulkopuolelle, mutteivat mill\u00e4\u00e4n kaikki. Toivottavasti se ei kuitenkaan tule ratkaisevasti vaikuttamaan melan kest\u00e4vyyteen. N\u00e4m\u00e4 aihiot laitoin viel\u00e4 muutamaksi kuukaudeksi sis\u00e4tiloihin kuivumaan. Kuivuessa aihiot p\u00e4\u00e4siv\u00e4t viel\u00e4 harmillisesti kiertym\u00e4\u00e4n, mik\u00e4 pikkasen haittaa melan veist\u00e4mist\u00e4, mutta kyll\u00e4 niist\u00e4 silti hyvi\u00e4 meloja saa aikaiseksi.<\/p>\n<div id=\"attachment_4536\" style=\"width: 460px\" class=\"wp-caption aligncenter\"><a href=\"https:\/\/blogi.ennola.fi\/wp-content\/uploads\/2020\/03\/IMG_0334.jpg\" rel=\"lightbox[4521]\"><img loading=\"lazy\" decoding=\"async\" aria-describedby=\"caption-attachment-4536\" class=\"wp-image-4536 size-full\" title=\"Oikoh\u00f6yl\u00e4ll\u00e4 tasoitetaan tukin yksi laita.\" src=\"https:\/\/blogi.ennola.fi\/wp-content\/uploads\/2020\/03\/IMG_0334-1.jpg\" alt=\"\" width=\"450\" height=\"300\" srcset=\"https:\/\/blogi.ennola.fi\/wp-content\/uploads\/2020\/03\/IMG_0334-1.jpg 450w, https:\/\/blogi.ennola.fi\/wp-content\/uploads\/2020\/03\/IMG_0334-1-150x100.jpg 150w\" sizes=\"(max-width: 450px) 100vw, 450px\" \/><\/a><p id=\"caption-attachment-4536\" class=\"wp-caption-text\">Oikoh\u00f6yl\u00e4ll\u00e4 tasoitetaan tukin yksi laita.<\/p><\/div>\n<div id=\"attachment_4551\" style=\"width: 460px\" class=\"wp-caption aligncenter\"><a href=\"https:\/\/blogi.ennola.fi\/wp-content\/uploads\/2020\/03\/IMG_0337b.jpg\" rel=\"lightbox[4521]\"><img loading=\"lazy\" decoding=\"async\" aria-describedby=\"caption-attachment-4551\" class=\"wp-image-4551 size-full\" title=\"Henry t\u00e4ht\u00e4\u00e4 tukkia vannesahaan ohjauslangan mukaan.\" src=\"https:\/\/blogi.ennola.fi\/wp-content\/uploads\/2020\/03\/IMG_0337b-1.jpg\" alt=\"\" width=\"450\" height=\"300\" srcset=\"https:\/\/blogi.ennola.fi\/wp-content\/uploads\/2020\/03\/IMG_0337b-1.jpg 450w, https:\/\/blogi.ennola.fi\/wp-content\/uploads\/2020\/03\/IMG_0337b-1-150x100.jpg 150w\" sizes=\"(max-width: 450px) 100vw, 450px\" \/><\/a><p id=\"caption-attachment-4551\" class=\"wp-caption-text\">Henry t\u00e4ht\u00e4\u00e4 tukkia vannesahaan ohjauslangan mukaan.<\/p><\/div>\n<div id=\"attachment_4550\" style=\"width: 460px\" class=\"wp-caption aligncenter\"><a href=\"https:\/\/blogi.ennola.fi\/wp-content\/uploads\/2020\/03\/IMG_0342-1.jpg\" rel=\"lightbox[4521]\"><img loading=\"lazy\" decoding=\"async\" aria-describedby=\"caption-attachment-4550\" class=\"wp-image-4550 size-full\" title=\"Kakkosnelosia muotoillaan.\" src=\"https:\/\/blogi.ennola.fi\/wp-content\/uploads\/2020\/03\/IMG_0342.jpg\" alt=\"\" width=\"450\" height=\"300\" srcset=\"https:\/\/blogi.ennola.fi\/wp-content\/uploads\/2020\/03\/IMG_0342.jpg 450w, https:\/\/blogi.ennola.fi\/wp-content\/uploads\/2020\/03\/IMG_0342-150x100.jpg 150w\" sizes=\"(max-width: 450px) 100vw, 450px\" \/><\/a><p id=\"caption-attachment-4550\" class=\"wp-caption-text\">Kakkosnelosia muotoillaan.<\/p><\/div>\n<div id=\"attachment_4537\" style=\"width: 277px\" class=\"wp-caption aligncenter\"><a href=\"https:\/\/blogi.ennola.fi\/wp-content\/uploads\/2020\/03\/IMG_0341-1.jpg\" rel=\"lightbox[4521]\"><img loading=\"lazy\" decoding=\"async\" aria-describedby=\"caption-attachment-4537\" class=\"wp-image-4537 size-full\" title=\"Lahovika halkaistuna.\" src=\"https:\/\/blogi.ennola.fi\/wp-content\/uploads\/2020\/03\/IMG_0341.jpg\" alt=\"\" width=\"267\" height=\"400\" srcset=\"https:\/\/blogi.ennola.fi\/wp-content\/uploads\/2020\/03\/IMG_0341.jpg 267w, https:\/\/blogi.ennola.fi\/wp-content\/uploads\/2020\/03\/IMG_0341-100x150.jpg 100w\" sizes=\"(max-width: 267px) 100vw, 267px\" \/><\/a><p id=\"caption-attachment-4537\" class=\"wp-caption-text\">Lahovika halkaistuna.<\/p><\/div>\n<p>Varsinaisen melan tekemisen ohjeena toimi Chuck Holstin laatima pdf: <a href=\"https:\/\/blogi.ennola.fi\/wp-content\/uploads\/2020\/04\/makegreen2.pdf\" target=\"_blank\" rel=\"noopener noreferrer\">Making a West Greenland Paddle<\/a>, miss\u00e4 melan valmistus ja sen vaiheet on kuvattu varsin yksityiskohtaisesti. Eskimomela tehd\u00e4\u00e4n aina melojan mittojen mukaan. Eskimomelan mittojen on oltava sellaiset, ett\u00e4 sill\u00e4 pystyy melomaan eskimotyyliin. Jollei pysty, niin kyseess\u00e4 ei ole oikea eskimomela.<\/p>\n<p>Eskimomela on jonkin verran pidempi kuin euromela, minulla eskimomela on kymmenisen sentti\u00e4 pidempi kuin euromela. Varren pituuden arvioimiseen on olemassa kaksi tapaa: Ensiksi melan ollessa maassa pystyss\u00e4 melojan sormien pit\u00e4isi ylt\u00e4\u00e4 lavan ymp\u00e4ri. Toiseksi mitataan melojan syli ja lis\u00e4t\u00e4\u00e4n siihen viel\u00e4 matka sormenp\u00e4ist\u00e4 olkap\u00e4\u00e4h\u00e4n. Ensimm\u00e4inen tapa tuottaa minulle melan pituudeksi 215 cm ja toinen tapa 175+45=220 cm. Niinp\u00e4 olen nyt mitoittanut melani 218 cm pitkiksi.<\/p>\n<p>Eskimopy\u00f6r\u00e4hdyksiss\u00e4 ja k\u00e4\u00e4nn\u00f6ksiss\u00e4 on tavallista, ett\u00e4 liu\u2019utetaan ote melan keskelt\u00e4 sen toiseen p\u00e4\u00e4h\u00e4n. Lavan leveys tulisi siis olla sellainen, ett\u00e4 siit\u00e4 saa viel\u00e4 hyv\u00e4n otteen. Peukalo ja sormenp\u00e4\u00e4t pit\u00e4\u00e4 siis saada kierretty\u00e4 lavan ymp\u00e4ri. Minulla se tarkoittaa 8,5 cm leve\u00e4\u00e4 lapaa.<\/p>\n<p>Eskimomelalla melotaan kyyn\u00e4rp\u00e4\u00e4t alhaalla siten, ett\u00e4 mela on melojan syliss\u00e4. Ote on siis huomattavasti euromelaa kapeampi. Varsinaisen varren pituus pit\u00e4isi siis olla kutakuinkin olkap\u00e4iden v\u00e4li. Vaihtoehtoisesti sen voi mitata nostamalla k\u00e4det eteen melonta-asentoon kyyn\u00e4rp\u00e4\u00e4t kylkiluita vasten ja mittaamalla t\u00e4ss\u00e4 asennossa k\u00e4mmenten v\u00e4lisen et\u00e4isyyden toisistaan. Minulla 47 cm on ollut sopiva varren pituus.<\/p>\n<p>Melan varren poikkileikkaus on soikio, miss\u00e4 lavan suhteen poikkisuuntainen halkaisija on 38 mm ja lavan suuntainen halkaisija 32 mm. K\u00e4yt\u00e4nn\u00f6ss\u00e4 t\u00e4m\u00e4 on viel\u00e4 hieman liian paksu varsi minulle ja koemelontojen j\u00e4lkeen olen sit\u00e4 hieman tuosta ohentanut.<\/p>\n<div id=\"attachment_4585\" style=\"width: 490px\" class=\"wp-caption aligncenter\"><a href=\"https:\/\/blogi.ennola.fi\/wp-content\/uploads\/2020\/03\/Mela.pdf\" target=\"_blank\" rel=\"noopener noreferrer\"><img loading=\"lazy\" decoding=\"async\" aria-describedby=\"caption-attachment-4585\" class=\"wp-image-4585 size-full\" src=\"https:\/\/blogi.ennola.fi\/wp-content\/uploads\/2020\/04\/Mela.gif\" alt=\"\" width=\"480\" height=\"415\" \/><\/a><p id=\"caption-attachment-4585\" class=\"wp-caption-text\">Melan piirustukset omilla mitoillani.<\/p><\/div>\n<p>Melan ty\u00f6st\u00e4minen alkaa siit\u00e4, ett\u00e4 molemmat lavat ohennetaan p\u00e4it\u00e4 kohden 12 milli\u00e4 paksuiksi. Ohennus alkaa melan olan kohdalta piirustusten ensimm\u00e4isen vaiheen mukaisesti. Itse k\u00e4ytin ensisijaisesti vannesahaa ja lopun muotoilin suurella nauhahiomakoneella, joka hioi kerralla koko lavan alueelta.<\/p>\n<p>Seuraavaksi melaan oli mahdollista piirt\u00e4\u00e4 melan muoto. Ja taas vannesahaa ja nauhahiomakonetta apuna k\u00e4ytt\u00e4en leikkasin melan muodon esiin. Melan varren alueelle en oikein isolla nauhakoneella p\u00e4\u00e4ssyt k\u00e4siksi, joten siell\u00e4 jouduin k\u00e4ytt\u00e4m\u00e4\u00e4n k\u00e4sity\u00f6kaluja.<\/p>\n<div id=\"attachment_4549\" style=\"width: 460px\" class=\"wp-caption aligncenter\"><a href=\"https:\/\/blogi.ennola.fi\/wp-content\/uploads\/2020\/03\/IMG_0382b.jpg\" rel=\"lightbox[4521]\"><img loading=\"lazy\" decoding=\"async\" aria-describedby=\"caption-attachment-4549\" class=\"wp-image-4549 size-full\" title=\"Sielt\u00e4 se eskimomela alkaa pikkuhiljaa kuoriutua tervalepp\u00e4tukista.\" src=\"https:\/\/blogi.ennola.fi\/wp-content\/uploads\/2020\/03\/IMG_0382b-1.jpg\" alt=\"\" width=\"450\" height=\"300\" srcset=\"https:\/\/blogi.ennola.fi\/wp-content\/uploads\/2020\/03\/IMG_0382b-1.jpg 450w, https:\/\/blogi.ennola.fi\/wp-content\/uploads\/2020\/03\/IMG_0382b-1-150x100.jpg 150w\" sizes=\"(max-width: 450px) 100vw, 450px\" \/><\/a><p id=\"caption-attachment-4549\" class=\"wp-caption-text\">Sielt\u00e4 se eskimomela alkaa pikkuhiljaa kuoriutua tervalepp\u00e4tukista.<\/p><\/div>\n<div id=\"attachment_4538\" style=\"width: 277px\" class=\"wp-caption aligncenter\"><a href=\"https:\/\/blogi.ennola.fi\/wp-content\/uploads\/2020\/03\/IMG_0383.jpg\" rel=\"lightbox[4521]\"><img loading=\"lazy\" decoding=\"async\" aria-describedby=\"caption-attachment-4538\" class=\"wp-image-4538 size-full\" title=\"Melan p\u00e4\u00e4n py\u00f6ristys.\" src=\"https:\/\/blogi.ennola.fi\/wp-content\/uploads\/2020\/03\/IMG_0383-1.jpg\" alt=\"\" width=\"267\" height=\"400\" srcset=\"https:\/\/blogi.ennola.fi\/wp-content\/uploads\/2020\/03\/IMG_0383-1.jpg 267w, https:\/\/blogi.ennola.fi\/wp-content\/uploads\/2020\/03\/IMG_0383-1-100x150.jpg 100w\" sizes=\"(max-width: 267px) 100vw, 267px\" \/><\/a><p id=\"caption-attachment-4538\" class=\"wp-caption-text\">Melan p\u00e4\u00e4n py\u00f6ristys.<\/p><\/div>\n<div id=\"attachment_4548\" style=\"width: 460px\" class=\"wp-caption aligncenter\"><a href=\"https:\/\/blogi.ennola.fi\/wp-content\/uploads\/2020\/03\/IMG_0384.jpg\" rel=\"lightbox[4521]\"><img loading=\"lazy\" decoding=\"async\" aria-describedby=\"caption-attachment-4548\" class=\"wp-image-4548 size-full\" title=\"Melan on muotoiltu sivuiltaan valmiiksi.\" src=\"https:\/\/blogi.ennola.fi\/wp-content\/uploads\/2020\/03\/IMG_0384-1.jpg\" alt=\"\" width=\"450\" height=\"300\" srcset=\"https:\/\/blogi.ennola.fi\/wp-content\/uploads\/2020\/03\/IMG_0384-1.jpg 450w, https:\/\/blogi.ennola.fi\/wp-content\/uploads\/2020\/03\/IMG_0384-1-150x100.jpg 150w\" sizes=\"(max-width: 450px) 100vw, 450px\" \/><\/a><p id=\"caption-attachment-4548\" class=\"wp-caption-text\">Melan on muotoiltu sivuiltaan valmiiksi.<\/p><\/div>\n<p>Seuraavassa vaiheessa leikataan melasta viel\u00e4 kulmat pois. Melaan piirret\u00e4\u00e4n piirustusten mukaiset apuviivat, miss\u00e4 kyll\u00e4 vier\u00e4hti ihan kunnon tovi. Seuraavaksi pyrit\u00e4\u00e4n leikkaamaan viel\u00e4 kulmat pois niin, ett\u00e4 suora pinta yhdist\u00e4\u00e4 noita apuviivoja. T\u00e4m\u00e4n j\u00e4lkeen melan poikkileikkaus pit\u00e4isi olla kahdeksankulmio. Itse tein tuon poiston k\u00e4sihiomakoneilla.<\/p>\n<div id=\"attachment_4539\" style=\"width: 277px\" class=\"wp-caption aligncenter\"><a href=\"https:\/\/blogi.ennola.fi\/wp-content\/uploads\/2020\/03\/IMG_0388.jpg\" rel=\"lightbox[4521]\"><img loading=\"lazy\" decoding=\"async\" aria-describedby=\"caption-attachment-4539\" class=\"wp-image-4539 size-full\" title=\"Melan p\u00e4\u00e4asialliset muodot on jo kaivettu lankusta esiin.\" src=\"https:\/\/blogi.ennola.fi\/wp-content\/uploads\/2020\/03\/IMG_0388-1.jpg\" alt=\"\" width=\"267\" height=\"400\" srcset=\"https:\/\/blogi.ennola.fi\/wp-content\/uploads\/2020\/03\/IMG_0388-1.jpg 267w, https:\/\/blogi.ennola.fi\/wp-content\/uploads\/2020\/03\/IMG_0388-1-100x150.jpg 100w\" sizes=\"(max-width: 267px) 100vw, 267px\" \/><\/a><p id=\"caption-attachment-4539\" class=\"wp-caption-text\">Melan p\u00e4\u00e4asialliset muodot on jo kaivettu lankusta esiin.<\/p><\/div>\n<div id=\"attachment_4547\" style=\"width: 460px\" class=\"wp-caption aligncenter\"><a href=\"https:\/\/blogi.ennola.fi\/wp-content\/uploads\/2020\/03\/IMG_0393.jpg\" rel=\"lightbox[4521]\"><img loading=\"lazy\" decoding=\"async\" aria-describedby=\"caption-attachment-4547\" class=\"wp-image-4547 size-full\" title=\"Melan poikkileikkaus on nyt kahdeksankulmio. Seuraavaksi py\u00f6ristet\u00e4\u00e4n kulmat.\" src=\"https:\/\/blogi.ennola.fi\/wp-content\/uploads\/2020\/03\/IMG_0393-1.jpg\" alt=\"\" width=\"450\" height=\"300\" srcset=\"https:\/\/blogi.ennola.fi\/wp-content\/uploads\/2020\/03\/IMG_0393-1.jpg 450w, https:\/\/blogi.ennola.fi\/wp-content\/uploads\/2020\/03\/IMG_0393-1-150x100.jpg 150w\" sizes=\"(max-width: 450px) 100vw, 450px\" \/><\/a><p id=\"caption-attachment-4547\" class=\"wp-caption-text\">Melan poikkileikkaus on nyt kahdeksankulmio. Seuraavaksi py\u00f6ristet\u00e4\u00e4n kulmat.<\/p><\/div>\n<p>T\u00e4m\u00e4n j\u00e4lkeen j\u00e4ljell\u00e4 on en\u00e4\u00e4 melan muotojen py\u00f6ristely, sek\u00e4 melan lopullisten muotojen kaivaminen esiin. T\u00e4m\u00e4n tein k\u00e4sihiomakoneella ja osin ihan k\u00e4sin melomalla. T\u00e4ll\u00e4k\u00e4\u00e4n kerralla k\u00e4rsiv\u00e4llisyyteni ei ihan riitt\u00e4nyt kunnolla t\u00e4h\u00e4n, vaan pikkasen turhan aikaisin siirryin jo seuraavan vaiheeseen. Halu p\u00e4\u00e4st\u00e4 kokeilemaan ja tunnustelemaan melan toimintaa oli liian suurta. Melan paino ennen \u00f6ljy\u00e4 oli tasan 900 grammaa.<\/p>\n<div id=\"attachment_4540\" style=\"width: 277px\" class=\"wp-caption aligncenter\"><a href=\"https:\/\/blogi.ennola.fi\/wp-content\/uploads\/2020\/03\/IMG_0404b.jpg\" rel=\"lightbox[4521]\"><img loading=\"lazy\" decoding=\"async\" aria-describedby=\"caption-attachment-4540\" class=\"wp-image-4540 size-full\" title=\"Nyt mela alkaa olla valmis \u00f6ljytt\u00e4v\u00e4ksi ja koek\u00e4ytt\u00f6\u00f6n.\" src=\"https:\/\/blogi.ennola.fi\/wp-content\/uploads\/2020\/03\/IMG_0404b-1.jpg\" alt=\"\" width=\"267\" height=\"400\" srcset=\"https:\/\/blogi.ennola.fi\/wp-content\/uploads\/2020\/03\/IMG_0404b-1.jpg 267w, https:\/\/blogi.ennola.fi\/wp-content\/uploads\/2020\/03\/IMG_0404b-1-100x150.jpg 100w\" sizes=\"(max-width: 267px) 100vw, 267px\" \/><\/a><p id=\"caption-attachment-4540\" class=\"wp-caption-text\">Nyt mela alkaa olla valmis \u00f6ljytt\u00e4v\u00e4ksi ja koek\u00e4ytt\u00f6\u00f6n.<\/p><\/div>\n<div id=\"attachment_4546\" style=\"width: 460px\" class=\"wp-caption aligncenter\"><a href=\"https:\/\/blogi.ennola.fi\/wp-content\/uploads\/2020\/03\/IMG_0401.jpg\" rel=\"lightbox[4521]\"><img loading=\"lazy\" decoding=\"async\" aria-describedby=\"caption-attachment-4546\" class=\"wp-image-4546 size-full\" title=\"Nyth\u00e4n se alkaa jo n\u00e4ytt\u00e4\u00e4 oikealta melalta.\" src=\"https:\/\/blogi.ennola.fi\/wp-content\/uploads\/2020\/03\/IMG_0401-1.jpg\" alt=\"\" width=\"450\" height=\"300\" srcset=\"https:\/\/blogi.ennola.fi\/wp-content\/uploads\/2020\/03\/IMG_0401-1.jpg 450w, https:\/\/blogi.ennola.fi\/wp-content\/uploads\/2020\/03\/IMG_0401-1-150x100.jpg 150w\" sizes=\"(max-width: 450px) 100vw, 450px\" \/><\/a><p id=\"caption-attachment-4546\" class=\"wp-caption-text\">Nyth\u00e4n se alkaa jo n\u00e4ytt\u00e4\u00e4 oikealta melalta.<\/p><\/div>\n<p>Niinp\u00e4 \u00f6ljysin melan nelj\u00e4sti kiinanpuu\u00f6ljyll\u00e4. Kaksi ensimm\u00e4ist\u00e4 kerrosta olivat ohennettuja t\u00e4rp\u00e4till\u00e4, mutta viimeiset kaksi olivat ihan sellaisenaan. Kiinanpuu\u00f6ljy kuuluu itsesyttyviin aineisiin, joten r\u00e4ttien kanssa on syyt\u00e4 olla varovainen.<\/p>\n<div id=\"attachment_4541\" style=\"width: 241px\" class=\"wp-caption aligncenter\"><a href=\"https:\/\/blogi.ennola.fi\/wp-content\/uploads\/2020\/03\/IMG_0411.jpg\" rel=\"lightbox[4521]\"><img loading=\"lazy\" decoding=\"async\" aria-describedby=\"caption-attachment-4541\" class=\"wp-image-4541 size-full\" title=\"Nyt on se on \u00f6ljytty nelj\u00e4\u00e4n kertaan.\" src=\"https:\/\/blogi.ennola.fi\/wp-content\/uploads\/2020\/03\/IMG_0411-1.jpg\" alt=\"\" width=\"231\" height=\"400\" srcset=\"https:\/\/blogi.ennola.fi\/wp-content\/uploads\/2020\/03\/IMG_0411-1.jpg 231w, https:\/\/blogi.ennola.fi\/wp-content\/uploads\/2020\/03\/IMG_0411-1-87x150.jpg 87w\" sizes=\"(max-width: 231px) 100vw, 231px\" \/><\/a><p id=\"caption-attachment-4541\" class=\"wp-caption-text\">Nyt on se on \u00f6ljytty nelj\u00e4\u00e4n kertaan.<\/p><\/div>\n<p>Ensimm\u00e4isen koemelonnan (11 km) tein Ruissalosta k\u00e4sin kiert\u00e4m\u00e4ll\u00e4 Lapilan saaren ymp\u00e4ri. Mela toimi kyll\u00e4 ihan kohtuullisesti. Pikkasen ehk\u00e4 turhan painava, lavat ehdottomasti turhan paksuja ja varttakin voi pikkasen ohentaa ja py\u00f6rist\u00e4\u00e4 lis\u00e4\u00e4, koska siin\u00e4 viel\u00e4 oli liev\u00e4 nelikulmion tuntu. Siin\u00e4 on viel\u00e4 aihetta parantaa ja t\u00e4m\u00e4 vaihe onkin yksi niit\u00e4 itsetehdyn melan mielenkiintoisimpia. Melan voi hioa juuri itselleen sopivaksi lukuisten koemelontojen ja pienten parannusten kautta.<\/p>\n<div id=\"attachment_4561\" style=\"width: 460px\" class=\"wp-caption aligncenter\"><a href=\"https:\/\/blogi.ennola.fi\/wp-content\/uploads\/2020\/04\/IMG_3107.jpg\" rel=\"lightbox[4521]\"><img loading=\"lazy\" decoding=\"async\" aria-describedby=\"caption-attachment-4561\" class=\"wp-image-4561 size-full\" title=\"Valmiina koemelontaan.\" src=\"https:\/\/blogi.ennola.fi\/wp-content\/uploads\/2020\/04\/IMG_3107-1.jpg\" alt=\"\" width=\"450\" height=\"338\" srcset=\"https:\/\/blogi.ennola.fi\/wp-content\/uploads\/2020\/04\/IMG_3107-1.jpg 450w, https:\/\/blogi.ennola.fi\/wp-content\/uploads\/2020\/04\/IMG_3107-1-150x113.jpg 150w\" sizes=\"(max-width: 450px) 100vw, 450px\" \/><\/a><p id=\"caption-attachment-4561\" class=\"wp-caption-text\">Valmiina koemelontaan.<\/p><\/div>\n<p>&nbsp;<\/p>\n","protected":false},"excerpt":{"rendered":"<p>Kolme vuotta sitten tein itselleni ensimm\u00e4isen eskimomelani. Sit\u00e4 varten yritin l\u00f6yt\u00e4\u00e4 pakallisesta puutavaraliikkeest\u00e4 kelvollista kuusilankkua, sill\u00e4 kuusi on ainut puulaji, mik\u00e4 on sek\u00e4 riitt\u00e4v\u00e4n kevytt\u00e4 ja mit\u00e4 oli&#8230;<\/p>\n","protected":false},"author":1,"featured_media":4562,"comment_status":"open","ping_status":"open","sticky":false,"template":"","format":"standard","meta":{"footnotes":""},"categories":[8,9],"tags":[],"_links":{"self":[{"href":"https:\/\/blogi.ennola.fi\/index.php?rest_route=\/wp\/v2\/posts\/4521"}],"collection":[{"href":"https:\/\/blogi.ennola.fi\/index.php?rest_route=\/wp\/v2\/posts"}],"about":[{"href":"https:\/\/blogi.ennola.fi\/index.php?rest_route=\/wp\/v2\/types\/post"}],"author":[{"embeddable":true,"href":"https:\/\/blogi.ennola.fi\/index.php?rest_route=\/wp\/v2\/users\/1"}],"replies":[{"embeddable":true,"href":"https:\/\/blogi.ennola.fi\/index.php?rest_route=%2Fwp%2Fv2%2Fcomments&post=4521"}],"version-history":[{"count":13,"href":"https:\/\/blogi.ennola.fi\/index.php?rest_route=\/wp\/v2\/posts\/4521\/revisions"}],"predecessor-version":[{"id":5814,"href":"https:\/\/blogi.ennola.fi\/index.php?rest_route=\/wp\/v2\/posts\/4521\/revisions\/5814"}],"wp:featuredmedia":[{"embeddable":true,"href":"https:\/\/blogi.ennola.fi\/index.php?rest_route=\/wp\/v2\/media\/4562"}],"wp:attachment":[{"href":"https:\/\/blogi.ennola.fi\/index.php?rest_route=%2Fwp%2Fv2%2Fmedia&parent=4521"}],"wp:term":[{"taxonomy":"category","embeddable":true,"href":"https:\/\/blogi.ennola.fi\/index.php?rest_route=%2Fwp%2Fv2%2Fcategories&post=4521"},{"taxonomy":"post_tag","embeddable":true,"href":"https:\/\/blogi.ennola.fi\/index.php?rest_route=%2Fwp%2Fv2%2Ftags&post=4521"}],"curies":[{"name":"wp","href":"https:\/\/api.w.org\/{rel}","templated":true}]}}