{"id":4565,"date":"2020-04-05T23:39:07","date_gmt":"2020-04-05T20:39:07","guid":{"rendered":"https:\/\/blogi.ennola.fi\/?p=4565"},"modified":"2020-04-05T23:39:07","modified_gmt":"2020-04-05T20:39:07","slug":"pieni-melontaretkinen-rymattylassa","status":"publish","type":"post","link":"https:\/\/blogi.ennola.fi\/?p=4565","title":{"rendered":"Pieni melontaretkinen Rym\u00e4ttyl\u00e4ss\u00e4"},"content":{"rendered":"<p>Koronaviruksen pelko on l\u00e4p\u00e4issyt Suomen niemen ja fanaattisimmat ovat jo julistaneet l\u00e4hes kaiken ulkoilun pannaan, koska siell\u00e4 voi tavata ihmisi\u00e4. Valkoinen talo sen sijaan on painottanut, ett\u00e4 melonta on mit\u00e4 parhain tapa v\u00e4ltell\u00e4 ihmisi\u00e4 ja suojautua koronavirukselta. Min\u00e4 p\u00e4\u00e4tin uskoa Valkoista taloa ja l\u00e4hdin yhden y\u00f6n melontaretkelle saaristoon. Sanottakoon se heti t\u00e4h\u00e4n aluksi. Koronaeristys oli toimiva: muutaman kalastajan n\u00e4in alle sadan metrin p\u00e4\u00e4st\u00e4, mutta l\u00e4hituntumassa en tavannut ket\u00e4\u00e4n.<\/p>\n<p>Lauantaiaamu valkeni yll\u00e4tt\u00e4en lumisena, y\u00f6ll\u00e4 oli ollut pakkasta ja maahan oli satanut useamman sentin lumikerros. Pohjoistuuli oli napakka. Sis\u00e4saariston suojaisimmat paikat olivat saaneet j\u00e4\u00e4peitteen, mutta siell\u00e4 mihin olin menossa, meri toki oli j\u00e4\u00e4t\u00f6n. P\u00e4iv\u00e4n aikana aurinko l\u00e4mmitti jo mukavasti ja suojaisilla etel\u00e4rannoilla oli suorastaan l\u00e4mmin. Y\u00f6ksi tuuli tyyntyi ja sen seurauksena l\u00e4mp\u00f6tila laski reilusti pakkasen puolelle ja aamulla niin teltta kuin kajakkikin oli paksun kuuran peitossa. Aamu oli kuitenkin tyyni, joten aurinko alkoi l\u00e4mmitt\u00e4\u00e4 pian noustuaan.<\/p>\n<div id=\"attachment_4580\" style=\"width: 325px\" class=\"wp-caption aligncenter\"><a href=\"https:\/\/blogi.ennola.fi\/wp-content\/uploads\/2020\/04\/20200321_121326.jpg\" rel=\"lightbox[4565]\"><img loading=\"lazy\" decoding=\"async\" aria-describedby=\"caption-attachment-4580\" class=\"wp-image-4580 size-full\" title=\"Kajakki valmiina l\u00e4ht\u00f6\u00f6n.\" src=\"https:\/\/blogi.ennola.fi\/wp-content\/uploads\/2020\/04\/20200321_121326-1.jpg\" alt=\"\" width=\"315\" height=\"420\" srcset=\"https:\/\/blogi.ennola.fi\/wp-content\/uploads\/2020\/04\/20200321_121326-1.jpg 315w, https:\/\/blogi.ennola.fi\/wp-content\/uploads\/2020\/04\/20200321_121326-1-113x150.jpg 113w, https:\/\/blogi.ennola.fi\/wp-content\/uploads\/2020\/04\/20200321_121326-1-300x400.jpg 300w\" sizes=\"(max-width: 315px) 100vw, 315px\" \/><\/a><p id=\"caption-attachment-4580\" class=\"wp-caption-text\">Kajakki valmiina l\u00e4ht\u00f6\u00f6n.<\/p><\/div>\n<p>L\u00e4hdin melomaan Haapalan yhteysaluslaiturista kohti Ahvensaarta osin tuttuja vesi\u00e4. Valitettavasti aamu oli p\u00e4\u00e4ssyt v\u00e4h\u00e4n ven\u00e4ht\u00e4m\u00e4\u00e4n ja kun pidin kunnon tauon Pyytin upealla kalliosaarella, alkoi ilta pimet\u00e4 ennen aikojaan. Halusin nauttia illan auringon laskusta maissa, joten rantauduin y\u00f6ksi Iso-Ristiluodon etel\u00e4rannalle.<\/p>\n<p>Edellisest\u00e4 kunnon meriretkest\u00e4 olikin jo ihan liikaa aikaa, joten alkumatkasta melontatuntuma oli jotenkin hukassa. Tasapaino sivumy\u00f6t\u00e4isess\u00e4 aallokossa, jonka kohtalainen pohjoistuuli oli tehnyt ei tuntunut kovin hyv\u00e4lt\u00e4 alkuun. My\u00f6s ihan perusmelontatekniikka tuntui olevan hieman hukassa. Toisena p\u00e4iv\u00e4n\u00e4 melontarytmi ja tasapaino alkoivatkin sent\u00e4\u00e4n l\u00f6yty\u00e4. Paluumatka menikin ihan hyv\u00e4ll\u00e4 vauhdilla my\u00f6t\u00e4iseen tuulen. Melontakilometrej\u00e4 viikonloppuna kertyi yhteens\u00e4 31.<\/p>\n<p>Saariston luonto oli jo hyv\u00e4\u00e4 vauhtia her\u00e4\u00e4m\u00e4ss\u00e4 kev\u00e4\u00e4seen. N\u00e4in kyhmyjoutsenia, merihanhia, isokoskeloita, haahkoja, telkki\u00e4, tukkasotkia, sinisorsia, merimetsoja, merilokkeja, harmaalokkeja, merikotkia, korppeja ja variksia. Hienointa saariston kev\u00e4\u00e4ss\u00e4 on kuitenkin kalkkaiden soidin\u00e4\u00e4ntely tyvenen meren yll\u00e4, vaikka olihan se viel\u00e4 v\u00e4h\u00e4n vaisua.<\/p>\n<div id=\"attachment_4574\" style=\"width: 490px\" class=\"wp-caption aligncenter\"><a href=\"https:\/\/blogi.ennola.fi\/wp-content\/uploads\/2020\/04\/Rymattyla_Panorama1b.jpg\" rel=\"lightbox[4565]\"><img loading=\"lazy\" decoding=\"async\" aria-describedby=\"caption-attachment-4574\" class=\"wp-image-4574 size-full\" title=\"Pyytti.\" src=\"https:\/\/blogi.ennola.fi\/wp-content\/uploads\/2020\/04\/Rymattyla_Panorama1b-1.jpg\" alt=\"\" width=\"480\" height=\"143\" srcset=\"https:\/\/blogi.ennola.fi\/wp-content\/uploads\/2020\/04\/Rymattyla_Panorama1b-1.jpg 480w, https:\/\/blogi.ennola.fi\/wp-content\/uploads\/2020\/04\/Rymattyla_Panorama1b-1-150x45.jpg 150w\" sizes=\"(max-width: 480px) 100vw, 480px\" \/><\/a><p id=\"caption-attachment-4574\" class=\"wp-caption-text\">Pyytti.<\/p><\/div>\n<div id=\"attachment_4575\" style=\"width: 490px\" class=\"wp-caption aligncenter\"><a href=\"https:\/\/blogi.ennola.fi\/wp-content\/uploads\/2020\/04\/Rymattyla_Panorama2b.jpg\" rel=\"lightbox[4565]\"><img loading=\"lazy\" decoding=\"async\" aria-describedby=\"caption-attachment-4575\" class=\"wp-image-4575 size-full\" title=\"Iso-Ristiluoto ja Lokvesi.\" src=\"https:\/\/blogi.ennola.fi\/wp-content\/uploads\/2020\/04\/Rymattyla_Panorama2b-1.jpg\" alt=\"\" width=\"480\" height=\"233\" srcset=\"https:\/\/blogi.ennola.fi\/wp-content\/uploads\/2020\/04\/Rymattyla_Panorama2b-1.jpg 480w, https:\/\/blogi.ennola.fi\/wp-content\/uploads\/2020\/04\/Rymattyla_Panorama2b-1-150x73.jpg 150w\" sizes=\"(max-width: 480px) 100vw, 480px\" \/><\/a><p id=\"caption-attachment-4575\" class=\"wp-caption-text\">Iso-Ristiluoto ja Lokvesi.<\/p><\/div>\n<div id=\"attachment_4571\" style=\"width: 490px\" class=\"wp-caption aligncenter\"><a href=\"https:\/\/blogi.ennola.fi\/wp-content\/uploads\/2020\/04\/Rymattyla_Panorama5.jpg\" rel=\"lightbox[4565]\"><img loading=\"lazy\" decoding=\"async\" aria-describedby=\"caption-attachment-4571\" class=\"wp-image-4571 size-full\" title=\"Iso-Ristiluoto ja Lokvesi.\" src=\"https:\/\/blogi.ennola.fi\/wp-content\/uploads\/2020\/04\/Rymattyla_Panorama5-1.jpg\" alt=\"\" width=\"480\" height=\"147\" srcset=\"https:\/\/blogi.ennola.fi\/wp-content\/uploads\/2020\/04\/Rymattyla_Panorama5-1.jpg 480w, https:\/\/blogi.ennola.fi\/wp-content\/uploads\/2020\/04\/Rymattyla_Panorama5-1-150x46.jpg 150w\" sizes=\"(max-width: 480px) 100vw, 480px\" \/><\/a><p id=\"caption-attachment-4571\" class=\"wp-caption-text\">Iso-Ristiluoto ja Lokvesi.<\/p><\/div>\n<div id=\"attachment_4572\" style=\"width: 490px\" class=\"wp-caption aligncenter\"><a href=\"https:\/\/blogi.ennola.fi\/wp-content\/uploads\/2020\/04\/Rymattyla_Panorama4.jpg\" rel=\"lightbox[4565]\"><img loading=\"lazy\" decoding=\"async\" aria-describedby=\"caption-attachment-4572\" class=\"wp-image-4572 size-full\" title=\"Iso-Ristiluoto ja Hevonkack.\" src=\"https:\/\/blogi.ennola.fi\/wp-content\/uploads\/2020\/04\/Rymattyla_Panorama4-1.jpg\" alt=\"\" width=\"480\" height=\"176\" srcset=\"https:\/\/blogi.ennola.fi\/wp-content\/uploads\/2020\/04\/Rymattyla_Panorama4-1.jpg 480w, https:\/\/blogi.ennola.fi\/wp-content\/uploads\/2020\/04\/Rymattyla_Panorama4-1-150x55.jpg 150w\" sizes=\"(max-width: 480px) 100vw, 480px\" \/><\/a><p id=\"caption-attachment-4572\" class=\"wp-caption-text\">Iso-Ristiluoto ja Hevonkack.<\/p><\/div>\n<div id=\"attachment_4573\" style=\"width: 490px\" class=\"wp-caption aligncenter\"><a href=\"https:\/\/blogi.ennola.fi\/wp-content\/uploads\/2020\/04\/Rymattyla_Panorama3.jpg\" rel=\"lightbox[4565]\"><img loading=\"lazy\" decoding=\"async\" aria-describedby=\"caption-attachment-4573\" class=\"wp-image-4573 size-full\" title=\"Iso-Ristiluoto ja Flintta.\" src=\"https:\/\/blogi.ennola.fi\/wp-content\/uploads\/2020\/04\/Rymattyla_Panorama3-1.jpg\" alt=\"\" width=\"480\" height=\"103\" srcset=\"https:\/\/blogi.ennola.fi\/wp-content\/uploads\/2020\/04\/Rymattyla_Panorama3-1.jpg 480w, https:\/\/blogi.ennola.fi\/wp-content\/uploads\/2020\/04\/Rymattyla_Panorama3-1-150x32.jpg 150w\" sizes=\"(max-width: 480px) 100vw, 480px\" \/><\/a><p id=\"caption-attachment-4573\" class=\"wp-caption-text\">Iso-Ristiluoto ja Flintta.<\/p><\/div>\n","protected":false},"excerpt":{"rendered":"<p>Koronaviruksen pelko on l\u00e4p\u00e4issyt Suomen niemen ja fanaattisimmat ovat jo julistaneet l\u00e4hes kaiken ulkoilun pannaan, koska siell\u00e4 voi tavata ihmisi\u00e4. Valkoinen talo sen sijaan on painottanut, ett\u00e4 melonta&#8230;<\/p>\n","protected":false},"author":1,"featured_media":4576,"comment_status":"open","ping_status":"open","sticky":false,"template":"","format":"standard","meta":{"footnotes":""},"categories":[4,8],"tags":[],"_links":{"self":[{"href":"https:\/\/blogi.ennola.fi\/index.php?rest_route=\/wp\/v2\/posts\/4565"}],"collection":[{"href":"https:\/\/blogi.ennola.fi\/index.php?rest_route=\/wp\/v2\/posts"}],"about":[{"href":"https:\/\/blogi.ennola.fi\/index.php?rest_route=\/wp\/v2\/types\/post"}],"author":[{"embeddable":true,"href":"https:\/\/blogi.ennola.fi\/index.php?rest_route=\/wp\/v2\/users\/1"}],"replies":[{"embeddable":true,"href":"https:\/\/blogi.ennola.fi\/index.php?rest_route=%2Fwp%2Fv2%2Fcomments&post=4565"}],"version-history":[{"count":6,"href":"https:\/\/blogi.ennola.fi\/index.php?rest_route=\/wp\/v2\/posts\/4565\/revisions"}],"predecessor-version":[{"id":4584,"href":"https:\/\/blogi.ennola.fi\/index.php?rest_route=\/wp\/v2\/posts\/4565\/revisions\/4584"}],"wp:featuredmedia":[{"embeddable":true,"href":"https:\/\/blogi.ennola.fi\/index.php?rest_route=\/wp\/v2\/media\/4576"}],"wp:attachment":[{"href":"https:\/\/blogi.ennola.fi\/index.php?rest_route=%2Fwp%2Fv2%2Fmedia&parent=4565"}],"wp:term":[{"taxonomy":"category","embeddable":true,"href":"https:\/\/blogi.ennola.fi\/index.php?rest_route=%2Fwp%2Fv2%2Fcategories&post=4565"},{"taxonomy":"post_tag","embeddable":true,"href":"https:\/\/blogi.ennola.fi\/index.php?rest_route=%2Fwp%2Fv2%2Ftags&post=4565"}],"curies":[{"name":"wp","href":"https:\/\/api.w.org\/{rel}","templated":true}]}}