{"id":4783,"date":"2008-02-13T10:31:27","date_gmt":"2008-02-13T08:31:27","guid":{"rendered":"https:\/\/blogi.ennola.fi\/?p=4783"},"modified":"2021-12-13T21:49:02","modified_gmt":"2021-12-13T19:49:02","slug":"alkutalven-kuvausretkia","status":"publish","type":"post","link":"https:\/\/blogi.ennola.fi\/?p=4783","title":{"rendered":"Alkutalven kuvausretki\u00e4"},"content":{"rendered":"<p>T\u00e4n\u00e4 talvena teimme oppilaiden kanssa kaksi kuvausretke\u00e4. Ensimm\u00e4inen suuntautui tammikuun alussa Pukkipalon aarnialueelle, josta paluumatkalla poikkesimme lyhyesti Nautelankoskella. Tammikuun lopussa k\u00e4vimme Teijon retkeilyalueella. Aamup\u00e4iv\u00e4n retkeilimme Matildaj\u00e4rven pohjoispuolella ja iltap\u00e4iv\u00e4n Punasuolla. Retkell\u00e4 tein erilaisia teknisi\u00e4 kokeiluita liittyen eri valotusten ja panoraamakuvien yhdistelyyn. \u00a0T\u00e4ss\u00e4 julkaisen retken parasta kuvasatoa selityksineen.<\/p>\n<div id=\"attachment_4806\" style=\"width: 490px\" class=\"wp-caption aligncenter\"><a href=\"https:\/\/blogi.ennola.fi\/wp-content\/uploads\/2008\/02\/Pukkipalo_Panorama7.jpg\" rel=\"lightbox[4783]\"><img loading=\"lazy\" decoding=\"async\" aria-describedby=\"caption-attachment-4806\" class=\"wp-image-4806 size-full\" title=\"Meid\u00e4n porukka\" src=\"https:\/\/blogi.ennola.fi\/wp-content\/uploads\/2008\/02\/Pukkipalo_Panorama7-1.jpg\" alt=\"\" width=\"480\" height=\"115\" srcset=\"https:\/\/blogi.ennola.fi\/wp-content\/uploads\/2008\/02\/Pukkipalo_Panorama7-1.jpg 480w, https:\/\/blogi.ennola.fi\/wp-content\/uploads\/2008\/02\/Pukkipalo_Panorama7-1-150x36.jpg 150w\" sizes=\"(max-width: 480px) 100vw, 480px\" \/><\/a><p id=\"caption-attachment-4806\" class=\"wp-caption-text\">Meid\u00e4n porukka<\/p><\/div>\n<p>Siin\u00e4 kuvassa puolet porukasta pukkipalossa. Kuvassa vieh\u00e4tt\u00e4\u00e4 minua se, ett\u00e4 siin\u00e4 on tavallaan monta kuvaa yhdess\u00e4. Huonoa kuvassa on se, ett\u00e4 Martinan silm\u00e4t on kiinni. Olisi kannattanut kuvata jokaista panoraaman osasta muutama kuva, jolloin olisi voinut yhdistell\u00e4 lopullisen kuvan parhaista palasista. Idis t\u00e4ss\u00e4 oli v\u00e4h\u00e4n samantapainen kuin Jouninkin kuvassa.<\/p>\n<div id=\"attachment_4797\" style=\"width: 299px\" class=\"wp-caption aligncenter\"><a href=\"https:\/\/blogi.ennola.fi\/wp-content\/uploads\/2008\/02\/Pukkipalo_Panorama4.jpg\" rel=\"lightbox[4783]\"><img loading=\"lazy\" decoding=\"async\" aria-describedby=\"caption-attachment-4797\" class=\"wp-image-4797 size-full\" title=\"Pukkipalon mets\u00e4\u00e4\" src=\"https:\/\/blogi.ennola.fi\/wp-content\/uploads\/2008\/02\/Pukkipalo_Panorama4-1.jpg\" alt=\"\" width=\"289\" height=\"420\" srcset=\"https:\/\/blogi.ennola.fi\/wp-content\/uploads\/2008\/02\/Pukkipalo_Panorama4-1.jpg 289w, https:\/\/blogi.ennola.fi\/wp-content\/uploads\/2008\/02\/Pukkipalo_Panorama4-1-275x400.jpg 275w, https:\/\/blogi.ennola.fi\/wp-content\/uploads\/2008\/02\/Pukkipalo_Panorama4-1-103x150.jpg 103w\" sizes=\"(max-width: 289px) 100vw, 289px\" \/><\/a><p id=\"caption-attachment-4797\" class=\"wp-caption-text\">Pukkipalon mets\u00e4\u00e4<\/p><\/div>\n<p>Pukkipalossa kokeilin my\u00f6s muutamia pystysuuntaisia panoraamoja. T\u00e4ss\u00e4 niist\u00e4 ehk\u00e4 paras. Useimmissa pystypanoraamoissa ongelmaksi muodostui reunalla olevien puiden kaartuminen h\u00e4iritsev\u00e4sti. T\u00e4ss\u00e4 kuvassa kaartuminen on mielest\u00e4ni pysynyt melko hyvin hallussa ja kuvan reunassa oleva puu on luonnostaan sen verta v\u00e4nkyr\u00e4, ett\u00e4 se ei ole h\u00e4iritsev\u00e4sti v\u00e4\u00e4ntynyt. Etualan kallio n\u00e4ytt\u00e4\u00e4 ehk\u00e4 suuremmalta kuin se olikaan. Kuvaa parantaisi, jos taivaassa olisi enemm\u00e4n s\u00e4vyj\u00e4.<\/p>\n<div id=\"attachment_4807\" style=\"width: 118px\" class=\"wp-caption aligncenter\"><a href=\"https:\/\/blogi.ennola.fi\/wp-content\/uploads\/2008\/02\/Pukkipalo_Panorama5.jpg\" rel=\"lightbox[4783]\"><img loading=\"lazy\" decoding=\"async\" aria-describedby=\"caption-attachment-4807\" class=\"wp-image-4807 size-full\" title=\"Oja Pukkipalossa\" src=\"https:\/\/blogi.ennola.fi\/wp-content\/uploads\/2008\/02\/Pukkipalo_Panorama5-1.jpg\" alt=\"\" width=\"108\" height=\"420\" srcset=\"https:\/\/blogi.ennola.fi\/wp-content\/uploads\/2008\/02\/Pukkipalo_Panorama5-1.jpg 108w, https:\/\/blogi.ennola.fi\/wp-content\/uploads\/2008\/02\/Pukkipalo_Panorama5-1-103x400.jpg 103w\" sizes=\"(max-width: 108px) 100vw, 108px\" \/><\/a><p id=\"caption-attachment-4807\" class=\"wp-caption-text\">Oja Pukkipalossa<\/p><\/div>\n<p>Kuvassa on oja tien varresta ennen Pukkipaloa. Kuva on pysty panoraama, joka on yhdistetty seitsem\u00e4st\u00e4 vaakakuvasta. alkuper\u00e4inen kuva sallisi tulostuksen varsin ter\u00e4v\u00e4n\u00e4 noin puolentoistametrin korkuisena kuvana.<\/p>\n<p>Ajatuksena oli kuva voisi toimia kuvasarjassa, joka kritisoisi nykyist\u00e4 mets\u00e4n hoitoa. Siihen se kyll\u00e4 oikeasti on liian romantisoiva ja kaunis. Kuvassa ihmisen kaivama oja ei n\u00e4ytt\u00e4isi maisemaa rumentavan, melkein p\u00e4in vastoin. Sen sijaan kokonaisuuteen, jota varmaan alan piakkoin kuvata, jossa on tarkoitukseni kuvata nykymaisemaa sellaisena kuin se on liikaa romantisoimatta liikaa sormella osoittamatta se saattaisi toimia. Sarjassa t\u00e4rkeint\u00e4 olisi se, ett\u00e4 siin\u00e4 pyrkisin kuvamaan etel\u00e4suomalaista maisemaa sellaisena kuin se on hakematta niit\u00e4 viimeisi\u00e4 er\u00e4maita ja hakematta niit\u00e4 karmeimpia raiskioita sormella osoittaen vaan kaikkea silt\u00e4 v\u00e4lilt\u00e4. Eli kuvittaisin nykyist\u00e4 maisemaa.<\/p>\n<div id=\"attachment_4798\" style=\"width: 490px\" class=\"wp-caption aligncenter\"><a href=\"https:\/\/blogi.ennola.fi\/wp-content\/uploads\/2008\/02\/Nautela_Panorama2.jpg\" rel=\"lightbox[4783]\"><img loading=\"lazy\" decoding=\"async\" aria-describedby=\"caption-attachment-4798\" class=\"wp-image-4798 size-full\" title=\"Kalastaja Nautelankoskella\" src=\"https:\/\/blogi.ennola.fi\/wp-content\/uploads\/2008\/02\/Nautela_Panorama2-1.jpg\" alt=\"\" width=\"480\" height=\"152\" srcset=\"https:\/\/blogi.ennola.fi\/wp-content\/uploads\/2008\/02\/Nautela_Panorama2-1.jpg 480w, https:\/\/blogi.ennola.fi\/wp-content\/uploads\/2008\/02\/Nautela_Panorama2-1-150x48.jpg 150w\" sizes=\"(max-width: 480px) 100vw, 480px\" \/><\/a><p id=\"caption-attachment-4798\" class=\"wp-caption-text\">Kalastaja Nautelankoskella<\/p><\/div>\n<p>Panoraama muodostuu kuudesta itsen\u00e4isest\u00e4 kuvasta, jotka kuvasin samalta jalustansijalta. Kuvat yhdistin Photoshopin photomerge-toiminnolla.<\/p>\n<p>Halusin kuvata laajan maiseman\u00e4kym\u00e4n, jota kalastaja el\u00e4v\u00f6itt\u00e4\u00e4. Panoraamakuvan muoto saa aikaan sen mit\u00e4 tavoittelin, ett\u00e4 kalastajan rooli kuvassa ei ole liian hallitseva vaan vain osa kuvaa. Panoraamakuvasta voi rajata mieless\u00e4\u00e4n monta itsen\u00e4ist\u00e4 kuvaa vain katsomalla eri kohtiin kuvaa. Esimerkiksi kuvan voisi keskelt\u00e4 jakaa kahdeksi itsen\u00e4iseksi kuvaksi.<\/p>\n<p>Kuvaa voisi k\u00e4ytt\u00e4\u00e4 hyvin Nautelan kosken perhokalastuksen puolesta olevassa jutussa. Sen sijaan jutussa, jonka p\u00e4\u00e4m\u00e4\u00e4r\u00e4 olisi kalastuksen rajoittaminen koskella kuva tuskin toimisi. Siihen se on liian romantisoiva.<\/p>\n<div id=\"attachment_4803\" style=\"width: 490px\" class=\"wp-caption aligncenter\"><a href=\"https:\/\/blogi.ennola.fi\/wp-content\/uploads\/2008\/02\/Teijo_Panorama5.jpg\" rel=\"lightbox[4783]\"><img loading=\"lazy\" decoding=\"async\" aria-describedby=\"caption-attachment-4803\" class=\"wp-image-4803 size-full\" title=\"Puupino\" src=\"https:\/\/blogi.ennola.fi\/wp-content\/uploads\/2008\/02\/Teijo_Panorama5-1.jpg\" alt=\"\" width=\"480\" height=\"113\" srcset=\"https:\/\/blogi.ennola.fi\/wp-content\/uploads\/2008\/02\/Teijo_Panorama5-1.jpg 480w, https:\/\/blogi.ennola.fi\/wp-content\/uploads\/2008\/02\/Teijo_Panorama5-1-150x35.jpg 150w\" sizes=\"(max-width: 480px) 100vw, 480px\" \/><\/a><p id=\"caption-attachment-4803\" class=\"wp-caption-text\">Puupino<\/p><\/div>\n<p>Jatkoa nykymaisemasarjaani. Tavoitteeni oli saada puupino n\u00e4ytt\u00e4m\u00e4\u00e4n suurelta. Kuvatessa pelk\u00e4sin etten saisi koko puupinoa ylh\u00e4\u00e4lt\u00e4 ja alhaalta mahtumaan kuvaan, mutta kyll\u00e4 se siihen kuitenkin mahtui. Kuvatessa kuvasin toisen sarjan kuvia pidemm\u00e4ll\u00e4 valotuksella, mutta en tarvinnut niit\u00e4 kuitenkaan varmistamaan s\u00e4vyj\u00e4 puupinon varjopuolelle.<\/p>\n<p>Kuva on tunnelmaltaan mielest\u00e4ni melko neutraali, toteava. Tuskin mit\u00e4\u00e4n suurta taidetta, mutta mielest\u00e4ni ihan k\u00e4ytt\u00f6kelpoinen kuva tilanteesta.<\/p>\n<div id=\"attachment_4799\" style=\"width: 212px\" class=\"wp-caption aligncenter\"><a href=\"https:\/\/blogi.ennola.fi\/wp-content\/uploads\/2008\/02\/Teijo_Panorama14.jpg\" rel=\"lightbox[4783]\"><img loading=\"lazy\" decoding=\"async\" aria-describedby=\"caption-attachment-4799\" class=\"wp-image-4799 size-full\" title=\"Rannan puu\" src=\"https:\/\/blogi.ennola.fi\/wp-content\/uploads\/2008\/02\/Teijo_Panorama14-1.jpg\" alt=\"\" width=\"202\" height=\"420\" srcset=\"https:\/\/blogi.ennola.fi\/wp-content\/uploads\/2008\/02\/Teijo_Panorama14-1.jpg 202w, https:\/\/blogi.ennola.fi\/wp-content\/uploads\/2008\/02\/Teijo_Panorama14-1-192x400.jpg 192w, https:\/\/blogi.ennola.fi\/wp-content\/uploads\/2008\/02\/Teijo_Panorama14-1-72x150.jpg 72w\" sizes=\"(max-width: 202px) 100vw, 202px\" \/><\/a><p id=\"caption-attachment-4799\" class=\"wp-caption-text\">Rannan puu<\/p><\/div>\n<p>Kuvasin t\u00e4t\u00e4 kuvaa varten viisi vaakakuvaa, jotka yhdistin yhdeksi panoraamaksi. N\u00e4iden lis\u00e4ksi kuvasin jokaisen osan kahdella valotuksella toinen taivaan mukaan toinen maan mukaan. Taivaanrannan alapuolisessa kuvassa ole k\u00e4ytt\u00e4nyt maan mukaan kuvattuja palasia ja taivaassa taas taivaan mukaan valotettuja palasia. Rajalla olevat palaset olen koonnut kummastakin. Osa palasista j\u00e4i siis k\u00e4ytt\u00e4m\u00e4tt\u00e4.<\/p>\n<p>Kuvasin t\u00e4m\u00e4n kuvan l\u00e4hinn\u00e4 kokeillakseni t\u00e4t\u00e4 panoraamojen tekoa pystykuvissa. Kuva on mielest\u00e4ni suhteellisen ok, mutta jotenkin tuntuu, ett\u00e4 n\u00e4kemyst\u00e4 n\u00e4iss\u00e4 tulee viel\u00e4 kehitt\u00e4\u00e4. Vasemman reunan puut ovat turhan voimakkaasti k\u00e4yristyneet ja p\u00e4\u00e4kohteenakin olleen puun olisi t\u00e4ytynyt olla kuvan keskell\u00e4 ollakseen v\u00e4\u00e4ristym\u00e4t\u00f6n. Muissa kohteissa ei h\u00e4iritsevi\u00e4 v\u00e4\u00e4ristymi\u00e4 ole havaittavissa. Kuvasta ei mielest\u00e4ni oikein v\u00e4lity sek\u00e4\u00e4n, ett\u00e4 kuva alkaa l\u00e4hes jalkojeni alla olleesta maasta ja p\u00e4\u00e4ttyy yl\u00e4reunassaan l\u00e4hes yl\u00f6sp\u00e4in olevalla kohteella. Ehk\u00e4 sitten, jos kuvasta tekisi puolitoista metri\u00e4 korkean, niin ett\u00e4 sit\u00e4 olisi pakko katsoa tosi l\u00e4helt\u00e4.<\/p>\n<p>Kuvan s\u00e4vyt ovat kauniit ja digipokkarin s\u00e4vyala riitti kuvan s\u00e4vyjen toistamiseen erinomaisesti, kun sen teki kahdessa palassa.\u00a0 Kuvassa on tavoittelemani pilvisen talvip\u00e4iv\u00e4n s\u00e4vyt ja vain hieman lumen peitt\u00e4m\u00e4 j\u00e4\u00e4 luo kuvaan n\u00e4ttej\u00e4 kuvioita.<\/p>\n<div id=\"attachment_4801\" style=\"width: 490px\" class=\"wp-caption aligncenter\"><a href=\"https:\/\/blogi.ennola.fi\/wp-content\/uploads\/2008\/02\/Teijo_Panorama1.jpg\" rel=\"lightbox[4783]\"><img loading=\"lazy\" decoding=\"async\" aria-describedby=\"caption-attachment-4801\" class=\"wp-image-4801 size-full\" title=\"Matildaj\u00e4rvi j\u00e4\u00e4tyy\" src=\"https:\/\/blogi.ennola.fi\/wp-content\/uploads\/2008\/02\/Teijo_Panorama1-1.jpg\" alt=\"\" width=\"480\" height=\"116\" srcset=\"https:\/\/blogi.ennola.fi\/wp-content\/uploads\/2008\/02\/Teijo_Panorama1-1.jpg 480w, https:\/\/blogi.ennola.fi\/wp-content\/uploads\/2008\/02\/Teijo_Panorama1-1-150x36.jpg 150w\" sizes=\"(max-width: 480px) 100vw, 480px\" \/><\/a><p id=\"caption-attachment-4801\" class=\"wp-caption-text\">Matildaj\u00e4rvi j\u00e4\u00e4tyy<\/p><\/div>\n<p>Lumen kertyminen j\u00e4\u00e4tyv\u00e4n j\u00e4rven pintaan sai aikaan sen, ett\u00e4 j\u00e4\u00e4n muodot ovat helposti n\u00e4ht\u00e4viss\u00e4.\u00a0 Kuudesta kuvasta koottu panoraama. Taivas oli pilvinen ja melko s\u00e4vyt\u00f6n, joten halunnut sit\u00e4 kuvaan enemp\u00e4\u00e4. Annoin kuvan molemmilla puolilla olevien kallioiden kehyst\u00e4\u00e4 kuvaa. Kuvan yleisilme on melko tummanpuhuva, josta lumi ja oikeanpuoleisen kallion s\u00e4vyt nousevat esiin.<\/p>\n<div id=\"attachment_4802\" style=\"width: 490px\" class=\"wp-caption aligncenter\"><a href=\"https:\/\/blogi.ennola.fi\/wp-content\/uploads\/2008\/02\/Teijo_Panorama2.jpg\" rel=\"lightbox[4783]\"><img loading=\"lazy\" decoding=\"async\" aria-describedby=\"caption-attachment-4802\" class=\"wp-image-4802 size-full\" title=\"Tintti kuvaa\" src=\"https:\/\/blogi.ennola.fi\/wp-content\/uploads\/2008\/02\/Teijo_Panorama2-1.jpg\" alt=\"\" width=\"480\" height=\"136\" srcset=\"https:\/\/blogi.ennola.fi\/wp-content\/uploads\/2008\/02\/Teijo_Panorama2-1.jpg 480w, https:\/\/blogi.ennola.fi\/wp-content\/uploads\/2008\/02\/Teijo_Panorama2-1-150x43.jpg 150w\" sizes=\"(max-width: 480px) 100vw, 480px\" \/><\/a><p id=\"caption-attachment-4802\" class=\"wp-caption-text\">Tintti kuvaa<\/p><\/div>\n<p>Tintti kuvaa ja toimii maiseman sijaiskatselijana (tai kuvaajana). Ajatus oli ottaa kuva, jossa n\u00e4kyy kuvaaja ja maisema, jota h\u00e4n kuvaa. Hauskaksi kuvan mielest\u00e4ni tekee se, ett\u00e4 panoraama on jo niin laaja, ett\u00e4 kuvan eri reunoissa valon v\u00e4ri on erilainen. Panoraama on koottu nelj\u00e4st\u00e4 eri kuvasta. Pyrin vedostamaan kuvan melko vaaleaksi, jotta siin\u00e4 olisi ollut pakkasp\u00e4iv\u00e4n kuulautta.<\/p>\n<p>Sommittelussa olisi kuvan kannalta ollut parempi, ett\u00e4 olisin ottanut kuvan v\u00e4h\u00e4n matalammalta jalustan sijalta, jolloin Tintin p\u00e4\u00e4 ei olisi osunut juuri taivaanrannan kohdalle vaan taivasta vasten. Samoin taivaassa kuvan vasemmassa reunassa oleva valol\u00e4ikk\u00e4 oli niin vaalea, ettei siihen saanut s\u00e4vyj\u00e4, mutta kuva olisi ollut parempi, jos kuva olisi ollut siit\u00e4 kohdasta hieman tummempi.<\/p>\n<div id=\"attachment_4804\" style=\"width: 490px\" class=\"wp-caption aligncenter\"><a href=\"https:\/\/blogi.ennola.fi\/wp-content\/uploads\/2008\/02\/Teijo_Panorama6.jpg\" rel=\"lightbox[4783]\"><img loading=\"lazy\" decoding=\"async\" aria-describedby=\"caption-attachment-4804\" class=\"wp-image-4804 size-full\" title=\"J\u00e4\u00e4n kuvioita\" src=\"https:\/\/blogi.ennola.fi\/wp-content\/uploads\/2008\/02\/Teijo_Panorama6-1.jpg\" alt=\"\" width=\"480\" height=\"110\" srcset=\"https:\/\/blogi.ennola.fi\/wp-content\/uploads\/2008\/02\/Teijo_Panorama6-1.jpg 480w, https:\/\/blogi.ennola.fi\/wp-content\/uploads\/2008\/02\/Teijo_Panorama6-1-150x34.jpg 150w\" sizes=\"(max-width: 480px) 100vw, 480px\" \/><\/a><p id=\"caption-attachment-4804\" class=\"wp-caption-text\">J\u00e4\u00e4n kuvioita<\/p><\/div>\n<p>Toinen panoraama j\u00e4\u00e4tyv\u00e4n j\u00e4rven kuvioista. T\u00e4ss\u00e4 kuvassa minua miellytti se, ett\u00e4 johtuen melko laajasta kuvakulmasta ja siit\u00e4, ett\u00e4 aurinko tuli hieman esiin, kuvan laidat ovat hieman eri s\u00e4vyisi\u00e4. Kuvan oikea reuna on sinisen taivaan s\u00e4vytt\u00e4m\u00e4 ja vasen reuna on matalalta paistavan auringon s\u00e4vytt\u00e4m\u00e4. Kuva kaipaisi mielest\u00e4ni kuitenkin oikeaan reunaan lis\u00e4\u00e4 jotain mielenkiintoista. Nyt vasen reuna on mielest\u00e4ni kaunis, mutta oikea reuna v\u00e4h\u00e4n mit\u00e4t\u00f6n kulissi sille.<\/p>\n<p>Kuva on koottu yhteens\u00e4 kymmenest\u00e4 kuvasta. Sivusuunnassa palasia on viisi, joita kutakin on valotettu kaksi kappaletta. Toinen etualan ja toinen taustan mukaan. Valotuksien ero oli 2 aukkoa. Palasten yhdistely on hieman huolimattomasti tehty, mutta hieman suuremmalla ty\u00f6ll\u00e4 kuvat olisivat melko t\u00e4ydellisesti yhdistett\u00e4viss\u00e4.<\/p>\n<div id=\"attachment_4805\" style=\"width: 490px\" class=\"wp-caption aligncenter\"><a href=\"https:\/\/blogi.ennola.fi\/wp-content\/uploads\/2008\/02\/Teijo_Panorama3.jpg\" rel=\"lightbox[4783]\"><img loading=\"lazy\" decoding=\"async\" aria-describedby=\"caption-attachment-4805\" class=\"wp-image-4805 size-full\" title=\"Kuvaajia Punasuolla\" src=\"https:\/\/blogi.ennola.fi\/wp-content\/uploads\/2008\/02\/Teijo_Panorama3-1.jpg\" alt=\"\" width=\"480\" height=\"117\" srcset=\"https:\/\/blogi.ennola.fi\/wp-content\/uploads\/2008\/02\/Teijo_Panorama3-1.jpg 480w, https:\/\/blogi.ennola.fi\/wp-content\/uploads\/2008\/02\/Teijo_Panorama3-1-150x37.jpg 150w\" sizes=\"(max-width: 480px) 100vw, 480px\" \/><\/a><p id=\"caption-attachment-4805\" class=\"wp-caption-text\">Kuvaajia Punasuolla<\/p><\/div>\n<p>T\u00e4m\u00e4 Punasuolta otettu panoraama koostuu nelj\u00e4st\u00e4 kuvasta. Panoraama on otettu my\u00f6t\u00e4valoon, joten minun oma varjoni hallitsee kuvan keskustaa. Muut kuvaajat ovat hajallaan pitkin kuvaa. Kuva oli keskelt\u00e4 vaaleampi kuin reunoistaan, mink\u00e4 korjasin t\u00e4h\u00e4n lopulliseen kuvaan.\u00a0 Suora auringonpaiste sai kuvan v\u00e4rit hohtamaan.<\/p>\n<div id=\"attachment_4800\" style=\"width: 121px\" class=\"wp-caption aligncenter\"><a href=\"https:\/\/blogi.ennola.fi\/wp-content\/uploads\/2008\/02\/Teijo_Panorama4.jpg\" rel=\"lightbox[4783]\"><img loading=\"lazy\" decoding=\"async\" aria-describedby=\"caption-attachment-4800\" class=\"wp-image-4800 size-full\" title=\"Puu suolla\" src=\"https:\/\/blogi.ennola.fi\/wp-content\/uploads\/2008\/02\/Teijo_Panorama4-1.jpg\" alt=\"\" width=\"111\" height=\"420\" srcset=\"https:\/\/blogi.ennola.fi\/wp-content\/uploads\/2008\/02\/Teijo_Panorama4-1.jpg 111w, https:\/\/blogi.ennola.fi\/wp-content\/uploads\/2008\/02\/Teijo_Panorama4-1-106x400.jpg 106w, https:\/\/blogi.ennola.fi\/wp-content\/uploads\/2008\/02\/Teijo_Panorama4-1-40x150.jpg 40w\" sizes=\"(max-width: 111px) 100vw, 111px\" \/><\/a><p id=\"caption-attachment-4800\" class=\"wp-caption-text\">Puu suolla<\/p><\/div>\n<p>Halusin kokeilla toisenkin kuvan verran kuvien liitt\u00e4mist\u00e4 pystysuuntaan yhteen. Jotenkin tuntuu, ett\u00e4 siin\u00e4 saattaisi olla mielenkiintoisia mahdollisuuksia, mutta en viel\u00e4 ole niit\u00e4 keksinyt. En tied\u00e4 mink\u00e4laisia elementtej\u00e4 kuvassa pit\u00e4isi olla, jotta se olisi kiinnostava, mutta minusta tuntuu, ett\u00e4 jatkan viel\u00e4 t\u00e4m\u00e4nkin etsimist\u00e4.<\/p>\n<p>T\u00e4m\u00e4n panoraaman koostamisen olen aloittanut kuvaamalla suon pinnan suoraan allani. T\u00e4st\u00e4 olen kuvannut kuvia puun latvukseen saakka. Maanpintaa kuvaavat kuvat olen kuvannut eri valotuksella kuin taivasta vasten olevat kuvat. Taivaanrannan sis\u00e4lt\u00e4v\u00e4n kuvan olen kuvannut kahdesti: yhden kummallakin valotuksella. N\u00e4m\u00e4 olen ensiksi yhdist\u00e4nyt yhdeksi kuvaksi, jonka j\u00e4lkeen olen yhdist\u00e4nyt kaikki kuvat yhdeksi panoraamaksi.<\/p>\n<p>&nbsp;<\/p>\n","protected":false},"excerpt":{"rendered":"<p>T\u00e4n\u00e4 talvena teimme oppilaiden kanssa kaksi kuvausretke\u00e4. Ensimm\u00e4inen suuntautui tammikuun alussa Pukkipalon aarnialueelle, josta paluumatkalla poikkesimme lyhyesti Nautelankoskella. Tammikuun lopussa k\u00e4vimme Teijon retkeilyalueella. Aamup\u00e4iv\u00e4n retkeilimme Matildaj\u00e4rven pohjoispuolella ja&#8230;<\/p>\n","protected":false},"author":1,"featured_media":4785,"comment_status":"closed","ping_status":"closed","sticky":false,"template":"","format":"standard","meta":{"footnotes":""},"categories":[4,27,28],"tags":[],"_links":{"self":[{"href":"https:\/\/blogi.ennola.fi\/index.php?rest_route=\/wp\/v2\/posts\/4783"}],"collection":[{"href":"https:\/\/blogi.ennola.fi\/index.php?rest_route=\/wp\/v2\/posts"}],"about":[{"href":"https:\/\/blogi.ennola.fi\/index.php?rest_route=\/wp\/v2\/types\/post"}],"author":[{"embeddable":true,"href":"https:\/\/blogi.ennola.fi\/index.php?rest_route=\/wp\/v2\/users\/1"}],"replies":[{"embeddable":true,"href":"https:\/\/blogi.ennola.fi\/index.php?rest_route=%2Fwp%2Fv2%2Fcomments&post=4783"}],"version-history":[{"count":2,"href":"https:\/\/blogi.ennola.fi\/index.php?rest_route=\/wp\/v2\/posts\/4783\/revisions"}],"predecessor-version":[{"id":4808,"href":"https:\/\/blogi.ennola.fi\/index.php?rest_route=\/wp\/v2\/posts\/4783\/revisions\/4808"}],"wp:featuredmedia":[{"embeddable":true,"href":"https:\/\/blogi.ennola.fi\/index.php?rest_route=\/wp\/v2\/media\/4785"}],"wp:attachment":[{"href":"https:\/\/blogi.ennola.fi\/index.php?rest_route=%2Fwp%2Fv2%2Fmedia&parent=4783"}],"wp:term":[{"taxonomy":"category","embeddable":true,"href":"https:\/\/blogi.ennola.fi\/index.php?rest_route=%2Fwp%2Fv2%2Fcategories&post=4783"},{"taxonomy":"post_tag","embeddable":true,"href":"https:\/\/blogi.ennola.fi\/index.php?rest_route=%2Fwp%2Fv2%2Ftags&post=4783"}],"curies":[{"name":"wp","href":"https:\/\/api.w.org\/{rel}","templated":true}]}}