{"id":498,"date":"2015-10-23T08:47:15","date_gmt":"2015-10-23T05:47:15","guid":{"rendered":"https:\/\/blogi.ennola.fi\/?p=498"},"modified":"2020-06-08T08:24:09","modified_gmt":"2020-06-08T05:24:09","slug":"neitsytmatkalla-saaristomerella","status":"publish","type":"post","link":"https:\/\/blogi.ennola.fi\/?p=498","title":{"rendered":"Neitsytmatkalla Saaristomerell\u00e4"},"content":{"rendered":"<p>Tarkoitukseni oli syyslomalla lokakuun puolessav\u00e4liss\u00e4 l\u00e4hte\u00e4 inkkarimelontaan Karvianjoelle, mutta retkiseurani joutui perumaan reissun. S\u00e4\u00e4tiedotus lupaili poikkeuksellisen hienoa melontas\u00e4\u00e4t\u00e4 Saaristomerelle, joten p\u00e4\u00e4tin l\u00e4hte\u00e4 kiert\u00e4m\u00e4\u00e4n Nauvon p\u00e4\u00e4saaret ymp\u00e4ri. Reissu olisi samalla neitsytmatka uudelle kajakilleni.<\/p>\n<div id=\"attachment_523\" style=\"width: 460px\" class=\"wp-caption aligncenter\"><a href=\"https:\/\/blogi.ennola.fi\/wp-content\/uploads\/2015\/10\/IMG_3528.jpg\" rel=\"lightbox[498]\"><img loading=\"lazy\" decoding=\"async\" aria-describedby=\"caption-attachment-523\" class=\"wp-image-523 size-full\" title=\"Kajakkini Pensarin rannassa. \" src=\"https:\/\/blogi.ennola.fi\/wp-content\/uploads\/2015\/10\/IMG_3528-1.jpg\" alt=\"\" width=\"450\" height=\"338\" srcset=\"https:\/\/blogi.ennola.fi\/wp-content\/uploads\/2015\/10\/IMG_3528-1.jpg 450w, https:\/\/blogi.ennola.fi\/wp-content\/uploads\/2015\/10\/IMG_3528-1-150x113.jpg 150w\" sizes=\"(max-width: 450px) 100vw, 450px\" \/><\/a><p id=\"caption-attachment-523\" class=\"wp-caption-text\">Kajakkini Pensarin rannassa.<\/p><\/div>\n<p>Aikaa tuohon vajaan sadan kilometrin lenkkiin p\u00e4\u00e4tin varata kolme vuorokautta, niin ett\u00e4 l\u00e4hdin liikkeelle my\u00f6h\u00e4\u00e4n sunnuntai-iltana. Y\u00f6paikoiksi olin valikoinut itselleni entuudestaan tuttuja ja merkityksellisi\u00e4 paikkoja: Pensar, Berghamn ja Ominaisholmen. My\u00f6s taukopaikkoina hy\u00f6dynsin tuttuja paikkoja, kuten Kumlena ja Seili. Tavallinen p\u00e4iv\u00e4matka jakaantui viiteen 5-8 kilometrin rupeamaan ja puolessa v\u00e4liss\u00e4 pidin hieman pidemm\u00e4n lounastauon. Suurimman osan valoisasta ajasta k\u00e4ytin melomiseen.<\/p>\n<p>S\u00e4\u00e4t tosiaan suosivat minua. Tuuli oli suurimman osan ajasta varsin heikkoa p\u00e4\u00e4s\u00e4\u00e4nt\u00f6isesti alle viisi metri\u00e4 sekunnissa. Tuulen suunta oli sellainen, ettei se p\u00e4\u00e4ssyt puhaltamaan isojen aukeiden yli ja nostamaan kovaa aallokkoa. My\u00f6h\u00e4isest\u00e4 ajankohdasta huolimatta s\u00e4\u00e4 oli my\u00f6s h\u00e4mm\u00e4stytt\u00e4v\u00e4n kuivaa ja l\u00e4mmint\u00e4. \u00d6isink\u00e4\u00e4n l\u00e4mp\u00f6 tuskin laski alle kymmenen asteen ja y\u00f6n aikana merelt\u00e4 tullut heikko tuuli aina kuivasi edellisen\u00e4 p\u00e4iv\u00e4n\u00e4 kostuneet melontavaatteet. Parempaa melonta- ja retkis\u00e4\u00e4t\u00e4 tuskin olisi voinut toivoa.<\/p>\n<p><a href=\"https:\/\/blogi.ennola.fi\/wp-content\/uploads\/2015\/10\/Saaristo_Panorama11.jpg\" rel=\"lightbox[498]\"><img loading=\"lazy\" decoding=\"async\" class=\"aligncenter wp-image-521 size-full\" title=\"Rantan\u00e4kym\u00e4 Pensarista.\" src=\"https:\/\/blogi.ennola.fi\/wp-content\/uploads\/2015\/10\/Saaristo_Panorama11-1.jpg\" alt=\"\" width=\"480\" height=\"92\" srcset=\"https:\/\/blogi.ennola.fi\/wp-content\/uploads\/2015\/10\/Saaristo_Panorama11-1.jpg 480w, https:\/\/blogi.ennola.fi\/wp-content\/uploads\/2015\/10\/Saaristo_Panorama11-1-150x29.jpg 150w\" sizes=\"(max-width: 480px) 100vw, 480px\" \/><\/a><\/p>\n<div id=\"attachment_529\" style=\"width: 490px\" class=\"wp-caption aligncenter\"><a href=\"https:\/\/blogi.ennola.fi\/wp-content\/uploads\/2015\/10\/Saaristo_Panorama16.jpg\" rel=\"lightbox[498]\"><img loading=\"lazy\" decoding=\"async\" aria-describedby=\"caption-attachment-529\" class=\"wp-image-529 size-full\" title=\"Rantan\u00e4kym\u00e4 Pensarista.\" src=\"https:\/\/blogi.ennola.fi\/wp-content\/uploads\/2015\/10\/Saaristo_Panorama16-1.jpg\" alt=\"\" width=\"480\" height=\"101\" srcset=\"https:\/\/blogi.ennola.fi\/wp-content\/uploads\/2015\/10\/Saaristo_Panorama16-1.jpg 480w, https:\/\/blogi.ennola.fi\/wp-content\/uploads\/2015\/10\/Saaristo_Panorama16-1-150x32.jpg 150w\" sizes=\"(max-width: 480px) 100vw, 480px\" \/><\/a><p id=\"caption-attachment-529\" class=\"wp-caption-text\">Kaksi rantan\u00e4kym\u00e4\u00e4 Pensarista.<\/p><\/div>\n<div id=\"attachment_520\" style=\"width: 490px\" class=\"wp-caption aligncenter\"><a href=\"https:\/\/blogi.ennola.fi\/wp-content\/uploads\/2015\/10\/Saaristo_Panorama10.jpg\" rel=\"lightbox[498]\"><img loading=\"lazy\" decoding=\"async\" aria-describedby=\"caption-attachment-520\" class=\"wp-image-520 size-full\" title=\"Maisema Kirjaisten etel\u00e4rannalta, miss\u00e4 pys\u00e4hdyin korjaamaan melaani.\" src=\"https:\/\/blogi.ennola.fi\/wp-content\/uploads\/2015\/10\/Saaristo_Panorama10-1.jpg\" alt=\"\" width=\"480\" height=\"218\" srcset=\"https:\/\/blogi.ennola.fi\/wp-content\/uploads\/2015\/10\/Saaristo_Panorama10-1.jpg 480w, https:\/\/blogi.ennola.fi\/wp-content\/uploads\/2015\/10\/Saaristo_Panorama10-1-150x68.jpg 150w\" sizes=\"(max-width: 480px) 100vw, 480px\" \/><\/a><p id=\"caption-attachment-520\" class=\"wp-caption-text\">Maisema Kirjaisten etel\u00e4rannalta, miss\u00e4 pys\u00e4hdyin korjaamaan melaani.<\/p><\/div>\n<div id=\"attachment_518\" style=\"width: 490px\" class=\"wp-caption aligncenter\"><a href=\"https:\/\/blogi.ennola.fi\/wp-content\/uploads\/2015\/10\/Saaristo_Panorama20.jpg\" rel=\"lightbox[498]\"><img loading=\"lazy\" decoding=\"async\" aria-describedby=\"caption-attachment-518\" class=\"wp-image-518 size-full\" title=\"Kumlenan pohjoisrantaa.\" src=\"https:\/\/blogi.ennola.fi\/wp-content\/uploads\/2015\/10\/Saaristo_Panorama20-1.jpg\" alt=\"\" width=\"480\" height=\"125\" srcset=\"https:\/\/blogi.ennola.fi\/wp-content\/uploads\/2015\/10\/Saaristo_Panorama20-1.jpg 480w, https:\/\/blogi.ennola.fi\/wp-content\/uploads\/2015\/10\/Saaristo_Panorama20-1-150x39.jpg 150w\" sizes=\"(max-width: 480px) 100vw, 480px\" \/><\/a><p id=\"caption-attachment-518\" class=\"wp-caption-text\">Kumlenan pohjoisrantaa.<\/p><\/div>\n<p><a href=\"https:\/\/blogi.ennola.fi\/wp-content\/uploads\/2015\/10\/Saaristo_Panorama12.jpg\" rel=\"lightbox[498]\"><img loading=\"lazy\" decoding=\"async\" class=\"aligncenter wp-image-522 size-full\" title=\"Kumlenan voimakkaan v\u00e4rist\u00e4 etel\u00e4rantaa.\" src=\"https:\/\/blogi.ennola.fi\/wp-content\/uploads\/2015\/10\/Saaristo_Panorama12-1.jpg\" alt=\"\" width=\"480\" height=\"236\" srcset=\"https:\/\/blogi.ennola.fi\/wp-content\/uploads\/2015\/10\/Saaristo_Panorama12-1.jpg 480w, https:\/\/blogi.ennola.fi\/wp-content\/uploads\/2015\/10\/Saaristo_Panorama12-1-150x74.jpg 150w\" sizes=\"(max-width: 480px) 100vw, 480px\" \/><\/a><\/p>\n<div id=\"attachment_528\" style=\"width: 490px\" class=\"wp-caption aligncenter\"><a href=\"https:\/\/blogi.ennola.fi\/wp-content\/uploads\/2015\/10\/Saaristo_Panorama15.jpg\" rel=\"lightbox[498]\"><img loading=\"lazy\" decoding=\"async\" aria-describedby=\"caption-attachment-528\" class=\"wp-image-528 size-full\" title=\"Kumlenan voimakkaan v\u00e4rist\u00e4 etel\u00e4rantaa.\" src=\"https:\/\/blogi.ennola.fi\/wp-content\/uploads\/2015\/10\/Saaristo_Panorama17-1.jpg\" alt=\"\" width=\"480\" height=\"146\" srcset=\"https:\/\/blogi.ennola.fi\/wp-content\/uploads\/2015\/10\/Saaristo_Panorama17-1.jpg 480w, https:\/\/blogi.ennola.fi\/wp-content\/uploads\/2015\/10\/Saaristo_Panorama17-1-150x46.jpg 150w\" sizes=\"(max-width: 480px) 100vw, 480px\" \/><\/a><p id=\"caption-attachment-528\" class=\"wp-caption-text\">Kaksi kuvaa Kumlenan voimakkaan v\u00e4riselt\u00e4 etel\u00e4rannalta.<\/p><\/div>\n<div id=\"attachment_525\" style=\"width: 490px\" class=\"wp-caption aligncenter\"><a href=\"https:\/\/blogi.ennola.fi\/wp-content\/uploads\/2015\/10\/Saaristo_Panorama13.jpg\" rel=\"lightbox[498]\"><img loading=\"lazy\" decoding=\"async\" aria-describedby=\"caption-attachment-525\" class=\"wp-image-525 size-full\" title=\"Revontulia Berghamnin laiturilta kuvattuna.\" src=\"https:\/\/blogi.ennola.fi\/wp-content\/uploads\/2015\/10\/Saaristo_Panorama19-1.jpg\" alt=\"\" width=\"480\" height=\"157\" srcset=\"https:\/\/blogi.ennola.fi\/wp-content\/uploads\/2015\/10\/Saaristo_Panorama19-1.jpg 480w, https:\/\/blogi.ennola.fi\/wp-content\/uploads\/2015\/10\/Saaristo_Panorama19-1-150x49.jpg 150w\" sizes=\"(max-width: 480px) 100vw, 480px\" \/><\/a><p id=\"caption-attachment-525\" class=\"wp-caption-text\">Revontulia Berghamnin laiturilta kuvattuna.<\/p><\/div>\n<p><a href=\"https:\/\/blogi.ennola.fi\/wp-content\/uploads\/2015\/10\/Saaristo_Panorama9.jpg\" rel=\"lightbox[498]\"><img loading=\"lazy\" decoding=\"async\" class=\"aligncenter wp-image-519 size-full\" title=\"Aamu Kummelbergenin huipulla Berghamnissa.\" src=\"https:\/\/blogi.ennola.fi\/wp-content\/uploads\/2015\/10\/Saaristo_Panorama9-1.jpg\" alt=\"\" width=\"480\" height=\"131\" srcset=\"https:\/\/blogi.ennola.fi\/wp-content\/uploads\/2015\/10\/Saaristo_Panorama9-1.jpg 480w, https:\/\/blogi.ennola.fi\/wp-content\/uploads\/2015\/10\/Saaristo_Panorama9-1-150x41.jpg 150w\" sizes=\"(max-width: 480px) 100vw, 480px\" \/><\/a><\/p>\n<div id=\"attachment_531\" style=\"width: 490px\" class=\"wp-caption aligncenter\"><a href=\"https:\/\/blogi.ennola.fi\/wp-content\/uploads\/2015\/10\/Saaristo_Panorama18.jpg\" rel=\"lightbox[498]\"><img loading=\"lazy\" decoding=\"async\" aria-describedby=\"caption-attachment-531\" class=\"wp-image-531 size-full\" title=\"Aamu Kummelbergenin huipulla Berghamnissa.\" src=\"https:\/\/blogi.ennola.fi\/wp-content\/uploads\/2015\/10\/Saaristo_Panorama14-1.jpg\" alt=\"\" width=\"480\" height=\"117\" srcset=\"https:\/\/blogi.ennola.fi\/wp-content\/uploads\/2015\/10\/Saaristo_Panorama14-1.jpg 480w, https:\/\/blogi.ennola.fi\/wp-content\/uploads\/2015\/10\/Saaristo_Panorama14-1-150x37.jpg 150w\" sizes=\"(max-width: 480px) 100vw, 480px\" \/><\/a><p id=\"caption-attachment-531\" class=\"wp-caption-text\">Kaksi aamuista kuvaa Kummelbergenin huipulta Berghamnissa.<\/p><\/div>\n<div id=\"attachment_527\" style=\"width: 490px\" class=\"wp-caption aligncenter\"><a href=\"https:\/\/blogi.ennola.fi\/wp-content\/uploads\/2015\/10\/Saaristo_Panorama14.jpg\" rel=\"lightbox[498]\"><img loading=\"lazy\" decoding=\"async\" aria-describedby=\"caption-attachment-527\" class=\"wp-image-527 size-full\" title=\"Tauko Torsk\u00e4reniss\u00e4 Berghamnin pohjoispuolella.\" src=\"https:\/\/blogi.ennola.fi\/wp-content\/uploads\/2015\/10\/Saaristo_Panorama18-1.jpg\" alt=\"\" width=\"480\" height=\"80\" srcset=\"https:\/\/blogi.ennola.fi\/wp-content\/uploads\/2015\/10\/Saaristo_Panorama18-1.jpg 480w, https:\/\/blogi.ennola.fi\/wp-content\/uploads\/2015\/10\/Saaristo_Panorama18-1-150x25.jpg 150w\" sizes=\"(max-width: 480px) 100vw, 480px\" \/><\/a><p id=\"caption-attachment-527\" class=\"wp-caption-text\">Tauko Torsk\u00e4reniss\u00e4 Berghamnin pohjoispuolella.<\/p><\/div>\n<div id=\"attachment_530\" style=\"width: 490px\" class=\"wp-caption aligncenter\"><a href=\"https:\/\/blogi.ennola.fi\/wp-content\/uploads\/2015\/10\/Saaristo_Panorama17.jpg\" rel=\"lightbox[498]\"><img loading=\"lazy\" decoding=\"async\" aria-describedby=\"caption-attachment-530\" class=\"wp-image-530 size-full\" title=\"Gladagrundet Hummelholmin vieress\u00e4 Nauvon pohjoispuolella.\" src=\"https:\/\/blogi.ennola.fi\/wp-content\/uploads\/2015\/10\/Saaristo_Panorama15-1.jpg\" alt=\"\" width=\"480\" height=\"153\" srcset=\"https:\/\/blogi.ennola.fi\/wp-content\/uploads\/2015\/10\/Saaristo_Panorama15-1.jpg 480w, https:\/\/blogi.ennola.fi\/wp-content\/uploads\/2015\/10\/Saaristo_Panorama15-1-150x48.jpg 150w\" sizes=\"(max-width: 480px) 100vw, 480px\" \/><\/a><p id=\"caption-attachment-530\" class=\"wp-caption-text\">Gladagrundet Hummelholmin vieress\u00e4 Nauvon pohjoispuolella.<\/p><\/div>\n<div id=\"attachment_517\" style=\"width: 490px\" class=\"wp-caption aligncenter\"><a href=\"https:\/\/blogi.ennola.fi\/wp-content\/uploads\/2015\/10\/Saaristo_Panorama19.jpg\" rel=\"lightbox[498]\"><img loading=\"lazy\" decoding=\"async\" aria-describedby=\"caption-attachment-517\" class=\"wp-image-517 size-full\" title=\"Viimeinen ilta Ominaisholmenin rannalla.\" src=\"https:\/\/blogi.ennola.fi\/wp-content\/uploads\/2015\/10\/Saaristo_Panorama13-1.jpg\" alt=\"\" width=\"480\" height=\"101\" srcset=\"https:\/\/blogi.ennola.fi\/wp-content\/uploads\/2015\/10\/Saaristo_Panorama13-1.jpg 480w, https:\/\/blogi.ennola.fi\/wp-content\/uploads\/2015\/10\/Saaristo_Panorama13-1-150x32.jpg 150w\" sizes=\"(max-width: 480px) 100vw, 480px\" \/><\/a><p id=\"caption-attachment-517\" class=\"wp-caption-text\">Viimeinen ilta Ominaisholmenin rannalla.<\/p><\/div>\n<div id=\"attachment_524\" style=\"width: 490px\" class=\"wp-caption aligncenter\"><a href=\"https:\/\/blogi.ennola.fi\/wp-content\/uploads\/2015\/10\/Saaristo_Panorama21.jpg\" rel=\"lightbox[498]\"><img loading=\"lazy\" decoding=\"async\" aria-describedby=\"caption-attachment-524\" class=\"wp-image-524 size-full\" title=\"Ominaisten ranta aamuauringossa\" src=\"https:\/\/blogi.ennola.fi\/wp-content\/uploads\/2015\/10\/Saaristo_Panorama21-1.jpg\" alt=\"\" width=\"480\" height=\"146\" srcset=\"https:\/\/blogi.ennola.fi\/wp-content\/uploads\/2015\/10\/Saaristo_Panorama21-1.jpg 480w, https:\/\/blogi.ennola.fi\/wp-content\/uploads\/2015\/10\/Saaristo_Panorama21-1-150x46.jpg 150w\" sizes=\"(max-width: 480px) 100vw, 480px\" \/><\/a><p id=\"caption-attachment-524\" class=\"wp-caption-text\">Ominaisten ranta aamuauringossa<\/p><\/div>\n<p>Syksyinen saaristo oli rauhallinen. Huviveneilij\u00f6it\u00e4 ei paljoa ollut en\u00e4\u00e4 liikkeell\u00e4, joten k\u00e4yt\u00e4nn\u00f6ss\u00e4 ainoastaan ammattiliikennett\u00e4 tarvitsi varoa. Toki Turun sataman liikenne matkustajalauttoineen aiheutti omat ongelmansa Ominaisten l\u00e4hell\u00e4, mutta kun oli selv\u00e4, ett\u00e4 lautat kiert\u00e4v\u00e4t saaren toiselta puolelta, saatoin turvallisin mielin meloa saareen. Lauttojen aiheuttamat aallot olivat varsin pieni\u00e4 1990-luvun alkupuolen aaltoihin, milloin viimeksi olen saaressa k\u00e4ynyt.<\/p>\n<p><a href=\"https:\/\/blogi.ennola.fi\/wp-content\/uploads\/2015\/10\/IMG_3699.jpg\" rel=\"lightbox[498]\"><img loading=\"lazy\" decoding=\"async\" class=\"aligncenter wp-image-526 size-full\" src=\"https:\/\/blogi.ennola.fi\/wp-content\/uploads\/2015\/10\/IMG_3699-1.jpg\" alt=\"\" width=\"450\" height=\"338\" srcset=\"https:\/\/blogi.ennola.fi\/wp-content\/uploads\/2015\/10\/IMG_3699-1.jpg 450w, https:\/\/blogi.ennola.fi\/wp-content\/uploads\/2015\/10\/IMG_3699-1-150x113.jpg 150w\" sizes=\"(max-width: 450px) 100vw, 450px\" \/><\/a><\/p>\n<p>Luontohavainnoista hienoimpia olivat hylkeet, joita n\u00e4in kahdesti matkani varrella. Ne eiv\u00e4t olleet hirve\u00e4n arkoja vaan sallivat rauhassa tarkkailla itse\u00e4\u00e4n. My\u00f6s merikotkia n\u00e4in useasti ja yhdest\u00e4 saaresta l\u00f6ysin niiden pes\u00e4nkin. Vesilintuja n\u00e4kyi kertyv\u00e4n jo syysmuutolle. Luontohavaintojen kruununa olivat upeat revontulet, joita ihastelin Berghamnin laiturilla.<\/p>\n","protected":false},"excerpt":{"rendered":"<p>Tarkoitukseni oli syyslomalla lokakuun puolessav\u00e4liss\u00e4 l\u00e4hte\u00e4 inkkarimelontaan Karvianjoelle, mutta retkiseurani joutui perumaan reissun. S\u00e4\u00e4tiedotus lupaili poikkeuksellisen hienoa melontas\u00e4\u00e4t\u00e4 Saaristomerelle, joten p\u00e4\u00e4tin l\u00e4hte\u00e4 kiert\u00e4m\u00e4\u00e4n Nauvon p\u00e4\u00e4saaret ymp\u00e4ri. Reissu olisi&#8230;<\/p>\n","protected":false},"author":1,"featured_media":508,"comment_status":"open","ping_status":"open","sticky":false,"template":"","format":"standard","meta":{"footnotes":""},"categories":[4,8,3],"tags":[],"_links":{"self":[{"href":"https:\/\/blogi.ennola.fi\/index.php?rest_route=\/wp\/v2\/posts\/498"}],"collection":[{"href":"https:\/\/blogi.ennola.fi\/index.php?rest_route=\/wp\/v2\/posts"}],"about":[{"href":"https:\/\/blogi.ennola.fi\/index.php?rest_route=\/wp\/v2\/types\/post"}],"author":[{"embeddable":true,"href":"https:\/\/blogi.ennola.fi\/index.php?rest_route=\/wp\/v2\/users\/1"}],"replies":[{"embeddable":true,"href":"https:\/\/blogi.ennola.fi\/index.php?rest_route=%2Fwp%2Fv2%2Fcomments&post=498"}],"version-history":[{"count":10,"href":"https:\/\/blogi.ennola.fi\/index.php?rest_route=\/wp\/v2\/posts\/498\/revisions"}],"predecessor-version":[{"id":5042,"href":"https:\/\/blogi.ennola.fi\/index.php?rest_route=\/wp\/v2\/posts\/498\/revisions\/5042"}],"wp:featuredmedia":[{"embeddable":true,"href":"https:\/\/blogi.ennola.fi\/index.php?rest_route=\/wp\/v2\/media\/508"}],"wp:attachment":[{"href":"https:\/\/blogi.ennola.fi\/index.php?rest_route=%2Fwp%2Fv2%2Fmedia&parent=498"}],"wp:term":[{"taxonomy":"category","embeddable":true,"href":"https:\/\/blogi.ennola.fi\/index.php?rest_route=%2Fwp%2Fv2%2Fcategories&post=498"},{"taxonomy":"post_tag","embeddable":true,"href":"https:\/\/blogi.ennola.fi\/index.php?rest_route=%2Fwp%2Fv2%2Ftags&post=498"}],"curies":[{"name":"wp","href":"https:\/\/api.w.org\/{rel}","templated":true}]}}