{"id":5240,"date":"2020-06-30T17:39:00","date_gmt":"2020-06-30T14:39:00","guid":{"rendered":"https:\/\/blogi.ennola.fi\/?p=5240"},"modified":"2020-06-30T17:39:00","modified_gmt":"2020-06-30T14:39:00","slug":"muistojeni-vaelluskota","status":"publish","type":"post","link":"https:\/\/blogi.ennola.fi\/?p=5240","title":{"rendered":"Muistojeni vaelluskota"},"content":{"rendered":"<p>Ennen siirtymist\u00e4ni talvella avotunturiolosuhteisiin k\u00e4ytin runsaan parinkymmenen vuoden ajan kotaa p\u00e4\u00e4asiallisena y\u00f6pymisv\u00e4lineen\u00e4 itikattomaan aikaan syksyst\u00e4 kev\u00e4\u00e4seen. Viime vuosina sen k\u00e4ytt\u00f6 on j\u00e4\u00e4nyt paljon v\u00e4h\u00e4isemm\u00e4ksi. Kodan edut muihin avotulimajoitteisiin ovat siksi selv\u00e4t, joten ei ole ihme, ett\u00e4 monet alkuper\u00e4iskansat ovat omaksuneet sen k\u00e4yt\u00f6n hieman eri muodoissa.<\/p>\n<p>Kodan etuja avolaavuun n\u00e4hden on lukuisia. Oikein pystytettyn\u00e4 ja s\u00e4\u00e4dettyn\u00e4 kodassa ei merkitt\u00e4v\u00e4sti ved\u00e4. Kodassa on mahdollista olla l\u00e4hemp\u00e4n\u00e4 tulta, joten pienempikin nuotio riitt\u00e4\u00e4 pit\u00e4m\u00e4\u00e4n miellytt\u00e4v\u00e4n l\u00e4mm\u00f6n. Kodassa l\u00e4mp\u00f6 on paljon laavua tasaisempi, joten ty\u00f6skentely kodassa on paljon laavua mukavampaa. My\u00f6s hieman yll\u00e4tt\u00e4en, kun kodan saa toimimaan hyvin, siell\u00e4 ei juurikaan ole ongelmia savun kanssa.<\/p>\n<div id=\"attachment_5248\" style=\"width: 361px\" class=\"wp-caption aligncenter\"><a href=\"https:\/\/blogi.ennola.fi\/wp-content\/uploads\/2020\/06\/kota2.jpg\" rel=\"lightbox[5240]\"><img loading=\"lazy\" decoding=\"async\" aria-describedby=\"caption-attachment-5248\" class=\"wp-image-5248 size-full\" title=\"Kotaretkell\u00e4.\" src=\"https:\/\/blogi.ennola.fi\/wp-content\/uploads\/2020\/06\/kota2-1.jpg\" alt=\"\" width=\"351\" height=\"420\" srcset=\"https:\/\/blogi.ennola.fi\/wp-content\/uploads\/2020\/06\/kota2-1.jpg 351w, https:\/\/blogi.ennola.fi\/wp-content\/uploads\/2020\/06\/kota2-1-334x400.jpg 334w, https:\/\/blogi.ennola.fi\/wp-content\/uploads\/2020\/06\/kota2-1-125x150.jpg 125w\" sizes=\"(max-width: 351px) 100vw, 351px\" \/><\/a><p id=\"caption-attachment-5248\" class=\"wp-caption-text\">Kotaretkell\u00e4.<\/p><\/div>\n<p>Oman kotani innoittajana toimi <em>Yrj\u00f6 Kokon<\/em> kirja <em>Sudenhampainen kaulanauha<\/em>, miss\u00e4 kirjailija kertoi is\u00e4n ja pojan retkist\u00e4 Lapissa. Y\u00f6pymisv\u00e4lineen\u00e4\u00e4n heill\u00e4 oli Amerikan intiaaneilta kopioitu tiipii. Kirjassa oli my\u00f6s kaavat tiipiin ompelemiseksi. Tiipiin erona perinteiseen lappalaiskotaan on savul\u00e4p\u00e4t, joilla voidaan ohjailla ilmavirtaa savun poistumiseksi tehokkaasti asumuksesta. Kirjallisten l\u00e4hteiden mukaan niiden hyv\u00e4 toiminta edellytt\u00e4isi suhteellisen tasaisesti samasta suunnasta tulevaa tuulta, kuten laajoilla preerian tasangoilla. Suomen tuuliolosuhteet ovat py\u00f6rteisempi\u00e4, joten p\u00e4\u00e4tin luottaa saamelaisten osaamiseen ja tein sen mukaisen leikatun savuaukon. Kodan mitat ja muun mallin tein Kokon kaavojen mukaan: kotani <a href=\"https:\/\/blogi.ennola.fi\/wp-content\/uploads\/2020\/06\/Kota.pdf\" target=\"_blank\" rel=\"noopener noreferrer\">piirustukset<\/a>.<\/p>\n<p>Niinp\u00e4 k\u00e4vimme hakemassa \u00e4itini kanssa 15 metri\u00e4 sopivaa alumiinipinnoitettua kangasta. T\u00e4st\u00e4 ompelimme yhdess\u00e4 tai tarkemmin sanoen \u00e4iti ompeli ja min\u00e4 autoin kankaiden k\u00e4\u00e4ntelyss\u00e4 sek\u00e4 mallin piirt\u00e4misess\u00e4 ja suunnittelussa. Ompelimme kolme kangasta rinnakkain, jotta saimme riitt\u00e4v\u00e4n leve\u00e4n kankaan. Siit\u00e4 leikkasimme irti puoliympyr\u00e4n muotoisen vaatteen, jonka pitk\u00e4n sivun keskelle leikkasimme 50 sentti\u00e4 halkaisijalta olevan savuaukon. Sen j\u00e4lkeen siistimme kankaan reunat, kiinnitimme nauhoja pystypuiden kiinnitt\u00e4mist\u00e4 varten sek\u00e4 lenkkej\u00e4 maakiiloja varten. Lis\u00e4ksi ompelimme samasta kankaasta vahvikkeet niihin kohtiin, mihin pystypuut tulisivat. Lopuksi ompelimme tarranauhat molemmin puolin oviaukkoa.<\/p>\n<p>Ensimm\u00e4isiss\u00e4 y\u00f6pymiskokeiluissa minulla oli ongelmia savun kanssa, joten suurensimme savuaukkoa kymmenell\u00e4 sentill\u00e4. Tied\u00e4 oliko loppujen lopuksi tarpeellista, mutta ei siit\u00e4 merkitt\u00e4v\u00e4\u00e4 haittaakaan ole ollut. My\u00f6sk\u00e4\u00e4n tarranauhat eiv\u00e4t osoittautuneet kovin hyv\u00e4ksi ratkaisuksi, joten korvasimme ne my\u00f6hemmin vetoketjulla. K\u00e4ytt\u00e4m\u00e4mme vetoketju ei ollut ihan riitt\u00e4v\u00e4n pitk\u00e4 koko oviaukkoon, joten tarrat j\u00e4iv\u00e4t alkuun viel\u00e4 oviaukon yl\u00e4osaan, mutta vetoketjun menty\u00e4 kertaalleen rikki yl\u00e4osastaan tarrojen avauduttua, ompelimme lopulta kankaat pysyv\u00e4sti yl\u00e4osastaan kiinni. T\u00e4m\u00e4n j\u00e4lkeen kodan pystytys hieman hankaloitui siten, ett\u00e4 sit\u00e4 ei ollut en\u00e4\u00e4 mahdollista kiinnitt\u00e4\u00e4 valmiiksi kootun kehikon p\u00e4\u00e4lle, vaan se oli kehikkoineen koottava maassa ja nostettava vasta sitten pystyyn.<\/p>\n<p>Kodan pystytykseen tarvitaan minimiss\u00e4\u00e4n kolme n. 3,5-4 metri\u00e4 pitk\u00e4\u00e4 pystypuuta. Nuo kolme olen kiinnitt\u00e4nyt toisiinsa narulla k\u00f6ytt\u00e4m\u00e4ll\u00e4 tai sitten v\u00e4lill\u00e4 olen k\u00e4ytt\u00e4nyt kiinnitykseen yksinkertaisesti vain rinkan irtohihnaa. Toki silloin kannattaa huomata, ett\u00e4 irtohihna nokeentuu kyll\u00e4 aika pahasti. Lis\u00e4ksi, jos on tarkoitus k\u00e4ytt\u00e4\u00e4 nuotiota ruuanvalmistukseen, kannattaa solmusta j\u00e4tt\u00e4\u00e4 roikkumaan narunp\u00e4tk\u00e4, johon voi ripustaa koukun kattilaa tai pakkia varten. T\u00e4m\u00e4n j\u00e4lkeen olen kiinnitt\u00e4nyt kotakankaan solmuilla pystypuihin ja nostanut sen pystyyn. Useimmiten olen ottanut viel\u00e4 toiset kolme pystypuuta lis\u00e4ksi, jotka olen asettanut noiden kolmen pystypuun v\u00e4liin, saadakseni kodan ryhdikk\u00e4\u00e4mm\u00e4ksi. Yleens\u00e4 maastossa on ollut riitt\u00e4v\u00e4sti maapuuta kuutta pystypuuta varten.<\/p>\n<div id=\"attachment_5245\" style=\"width: 460px\" class=\"wp-caption aligncenter\"><a href=\"https:\/\/blogi.ennola.fi\/wp-content\/uploads\/2020\/06\/IMG_3219.jpg\" rel=\"lightbox[5240]\"><img loading=\"lazy\" decoding=\"async\" aria-describedby=\"caption-attachment-5245\" class=\"wp-image-5245 size-full\" title=\"Kodassa ollaan l\u00e4hell\u00e4 tulta.\" src=\"https:\/\/blogi.ennola.fi\/wp-content\/uploads\/2020\/06\/IMG_3219-1.jpg\" alt=\"\" width=\"450\" height=\"338\" srcset=\"https:\/\/blogi.ennola.fi\/wp-content\/uploads\/2020\/06\/IMG_3219-1.jpg 450w, https:\/\/blogi.ennola.fi\/wp-content\/uploads\/2020\/06\/IMG_3219-1-150x113.jpg 150w\" sizes=\"(max-width: 450px) 100vw, 450px\" \/><\/a><p id=\"caption-attachment-5245\" class=\"wp-caption-text\">Kodassa ollaan l\u00e4hell\u00e4 tulta.<\/p><\/div>\n<p>Savun hallinta kodassa vaatii hieman taitoa ja kokemusta. Nuotion tulee saada korvausilmansa kodan liepeen alta tasaisesti joka puolelta. Ep\u00e4tasainen korvausilman tulo johtaa ilmapy\u00f6rteeseen kodan sis\u00e4ll\u00e4, jolloin keskipakoisvoima py\u00f6ritt\u00e4\u00e4 savut silmille. Kodan sis\u00e4ll\u00e4 on helppo tarkkailla savun k\u00e4ytt\u00e4ytymist\u00e4 ja korjata tilanne, jos korvausilmaa tulee joltain suunnalta liikaa tai liian v\u00e4h\u00e4n.<\/p>\n<p>Ei ole sama my\u00f6sk\u00e4\u00e4n millaista nuotiota kodassa pit\u00e4\u00e4. Hyv\u00e4ss\u00e4 nuotiossa tulee olla ter\u00e4v\u00e4 k\u00e4rki, joka saa aikaan voimakkaan ilmavirtauksen yl\u00f6sp\u00e4in. Oikein tehty kekonuotio on hyv\u00e4 nuotiotyyppi kodassa. Monissa oppaissa kekonuotio rakennetaan niin, ett\u00e4 puut eiv\u00e4t p\u00e4\u00e4se palaessaan painumaan kasaan vaan lopulta nuotio romahtaa kasaan. Oikeaoppisesti puut pit\u00e4\u00e4 kasata kekoon niin, ett\u00e4 niill\u00e4 on tilaa painua tasaisesti kasaan, jolloin tuollaista rojahdusta ei p\u00e4\u00e4se syntym\u00e4\u00e4n. Esimerkiksi ristikkonuotiossa puiden p\u00e4\u00e4t pakkaavat tuottamaan savua y\u00f6pyjien silmiin. Kodassa on syyt\u00e4 polttaa my\u00f6s vain kuivaa ja pieneksi pilkottua puuta. Isot tervaskannot eiv\u00e4t ole hyv\u00e4 idea.<\/p>\n<p>Kodassani on tilaa 3-5 hengelle. Viiden hengen y\u00f6pyess\u00e4 on ollut jo hieman ahdasta varusteiden ja polttopuiden kanssa. Kota sen verta pieni, ett\u00e4 y\u00f6pyj\u00e4t nukkuvat kodan seinustoilla kylki nuotiota kohden. Koska sis\u00e4ll\u00e4 on tyynt\u00e4, on mahdollista oleskella varsin l\u00e4hell\u00e4 tulta, jolloin nuotion ei tarvitse olla kovin suuri. Talvella kotaa ei nuotion takia voi pystytt\u00e4\u00e4 lumen p\u00e4\u00e4lle, vaan se on muiden avotulimajoitteiden tapaan kaivettava maanpinnan tasoon.<\/p>\n<p>Kodassa on helppo kuivattaa varusteita. Mit\u00e4 ylemm\u00e4s kuivausnarun ripustaa, sit\u00e4 tehokkaammin varusteet kuivuvat l\u00e4mpim\u00e4ss\u00e4 ilmanvirrassa. Tosin samalla tulee varautua varusteiden huomattavaan nokeentumiseen.<\/p>\n<p>Kotaa olen k\u00e4ytt\u00e4nyt varsin monenlaisissa olosuhteissa 40 asteen pakkasista varsin kovaankin tuuleen. Kovalla pakkasella tuli yhdistettyn\u00e4 heijastavaan alumiinipintaan on tuonut hyvin mukavan ja tasaisen l\u00e4mm\u00f6n touhuta sis\u00e4ll\u00e4 ilta- ja aamutoimissa. Illalla olen tehnyt aamun sytykkeet jo valmiiksi, joten aamulla ei ole ollut tarve ty\u00f6nt\u00e4\u00e4 kuin k\u00e4si ulos, kasata nuotio ja sytytt\u00e4\u00e4 se ennen tulemistaan makuupussista ulos.<\/p>\n<p>Kodan toiminta kovassa tuulessa on ollut h\u00e4mm\u00e4stytt\u00e4v\u00e4n hyv\u00e4. Noin korkean rakennelman luulisi tuulessa helposti kaatuvan, mutta k\u00e4yt\u00e4nn\u00f6ss\u00e4 kodan muoto saa sen tuulessa painumaan yh\u00e4 tiukemmin maata vasten. Kunhan ovi on pysynyt kiinni, on my\u00f6s kota pysynyt pystyss\u00e4.<\/p>\n<div id=\"attachment_5246\" style=\"width: 460px\" class=\"wp-caption aligncenter\"><a href=\"https:\/\/blogi.ennola.fi\/wp-content\/uploads\/2020\/06\/kota.jpg\" rel=\"lightbox[5240]\"><img loading=\"lazy\" decoding=\"async\" aria-describedby=\"caption-attachment-5246\" class=\"wp-image-5246 size-full\" title=\"Kota syksyisell\u00e4 kuutamolla.\" src=\"https:\/\/blogi.ennola.fi\/wp-content\/uploads\/2020\/06\/kota-1.jpg\" alt=\"\" width=\"450\" height=\"347\" srcset=\"https:\/\/blogi.ennola.fi\/wp-content\/uploads\/2020\/06\/kota-1.jpg 450w, https:\/\/blogi.ennola.fi\/wp-content\/uploads\/2020\/06\/kota-1-150x116.jpg 150w\" sizes=\"(max-width: 450px) 100vw, 450px\" \/><\/a><p id=\"caption-attachment-5246\" class=\"wp-caption-text\">Kota syksyisell\u00e4 kuutamolla.<\/p><\/div>\n<p>Nyt yli 30 vuoden j\u00e4lkeen alkaa kotani kankaat olemaan niin kuluneet ja tervan kyll\u00e4st\u00e4m\u00e4t, ett\u00e4 on aika yritt\u00e4\u00e4 uuden ompelemista. Harmi vain, ettei \u00e4iti ole siin\u00e4 en\u00e4\u00e4 auttamassa, mutta ehk\u00e4 se onkin hyv\u00e4 ompeluhaaste, mihin tarttua ensit\u00f6ikseen.<\/p>\n","protected":false},"excerpt":{"rendered":"<p>Ennen siirtymist\u00e4ni talvella avotunturiolosuhteisiin k\u00e4ytin runsaan parinkymmenen vuoden ajan kotaa p\u00e4\u00e4asiallisena y\u00f6pymisv\u00e4lineen\u00e4 itikattomaan aikaan syksyst\u00e4 kev\u00e4\u00e4seen. Viime vuosina sen k\u00e4ytt\u00f6 on j\u00e4\u00e4nyt paljon v\u00e4h\u00e4isemm\u00e4ksi. Kodan edut muihin avotulimajoitteisiin&#8230;<\/p>\n","protected":false},"author":1,"featured_media":5247,"comment_status":"open","ping_status":"open","sticky":false,"template":"","format":"standard","meta":{"footnotes":""},"categories":[13,9],"tags":[],"_links":{"self":[{"href":"https:\/\/blogi.ennola.fi\/index.php?rest_route=\/wp\/v2\/posts\/5240"}],"collection":[{"href":"https:\/\/blogi.ennola.fi\/index.php?rest_route=\/wp\/v2\/posts"}],"about":[{"href":"https:\/\/blogi.ennola.fi\/index.php?rest_route=\/wp\/v2\/types\/post"}],"author":[{"embeddable":true,"href":"https:\/\/blogi.ennola.fi\/index.php?rest_route=\/wp\/v2\/users\/1"}],"replies":[{"embeddable":true,"href":"https:\/\/blogi.ennola.fi\/index.php?rest_route=%2Fwp%2Fv2%2Fcomments&post=5240"}],"version-history":[{"count":5,"href":"https:\/\/blogi.ennola.fi\/index.php?rest_route=\/wp\/v2\/posts\/5240\/revisions"}],"predecessor-version":[{"id":5254,"href":"https:\/\/blogi.ennola.fi\/index.php?rest_route=\/wp\/v2\/posts\/5240\/revisions\/5254"}],"wp:featuredmedia":[{"embeddable":true,"href":"https:\/\/blogi.ennola.fi\/index.php?rest_route=\/wp\/v2\/media\/5247"}],"wp:attachment":[{"href":"https:\/\/blogi.ennola.fi\/index.php?rest_route=%2Fwp%2Fv2%2Fmedia&parent=5240"}],"wp:term":[{"taxonomy":"category","embeddable":true,"href":"https:\/\/blogi.ennola.fi\/index.php?rest_route=%2Fwp%2Fv2%2Fcategories&post=5240"},{"taxonomy":"post_tag","embeddable":true,"href":"https:\/\/blogi.ennola.fi\/index.php?rest_route=%2Fwp%2Fv2%2Ftags&post=5240"}],"curies":[{"name":"wp","href":"https:\/\/api.w.org\/{rel}","templated":true}]}}