{"id":532,"date":"2015-11-19T09:03:39","date_gmt":"2015-11-19T07:03:39","guid":{"rendered":"https:\/\/blogi.ennola.fi\/?p=532"},"modified":"2020-06-08T08:21:25","modified_gmt":"2020-06-08T05:21:25","slug":"rymattylan-suunnalla-melomassa","status":"publish","type":"post","link":"https:\/\/blogi.ennola.fi\/?p=532","title":{"rendered":"Rym\u00e4ttyl\u00e4n suunnalla melomassa"},"content":{"rendered":"<p>Loka- ja marraskuun vaihteessa k\u00e4v\u00e4isin melomassa Rym\u00e4ttyl\u00e4n suunnalla tavoitteenani Ahvensaari. Melomaan l\u00e4hdin R\u00f6\u00f6l\u00e4n rannasta. Tuulta ja aallokkoa oli hieman enemm\u00e4n kuin olin otaksunut ja valoisaa p\u00e4iv\u00e4\u00e4 ei kauaa piisannut. Lis\u00e4ksi oikea ranteeni kipeytyi liev\u00e4sti vastatuuleen puskiessa. Niinp\u00e4 en ihan selvinnyt Ahvensaareen, mutta kaunista saaristoa riitti muuallakin. Y\u00f6ni vietin Skabb-nimisess\u00e4 saaressa noin viisi kilometri\u00e4 Ahvensaaresta kaakkoon. Luonto vaikutti hieman jo hiljentyneelt\u00e4, joitain vesilintujen muuttoparvia n\u00e4kyi ja merikotkia n\u00e4in useaan otteeseen kaartelevan taivaalla.<\/p>\n<div id=\"attachment_537\" style=\"width: 490px\" class=\"wp-caption aligncenter\"><a href=\"https:\/\/blogi.ennola.fi\/wp-content\/uploads\/2015\/11\/Rymattyla_Panorama1.jpg\" rel=\"lightbox[532]\"><img loading=\"lazy\" decoding=\"async\" aria-describedby=\"caption-attachment-537\" class=\"wp-image-537 size-full\" title=\"Aamuinen maisema Skabbin rannsta.\" src=\"https:\/\/blogi.ennola.fi\/wp-content\/uploads\/2015\/11\/Rymattyla_Panorama1-1.jpg\" alt=\"\" width=\"480\" height=\"82\" srcset=\"https:\/\/blogi.ennola.fi\/wp-content\/uploads\/2015\/11\/Rymattyla_Panorama1-1.jpg 480w, https:\/\/blogi.ennola.fi\/wp-content\/uploads\/2015\/11\/Rymattyla_Panorama1-1-150x26.jpg 150w\" sizes=\"(max-width: 480px) 100vw, 480px\" \/><\/a><p id=\"caption-attachment-537\" class=\"wp-caption-text\">Aamuinen maisema Skabbin rannsta.<\/p><\/div>\n<div id=\"attachment_536\" style=\"width: 490px\" class=\"wp-caption aligncenter\"><a href=\"https:\/\/blogi.ennola.fi\/wp-content\/uploads\/2015\/11\/Rymattyla_Panorama2.jpg\" rel=\"lightbox[532]\"><img loading=\"lazy\" decoding=\"async\" aria-describedby=\"caption-attachment-536\" class=\"wp-image-536 size-full\" title=\"Suojainen poukama Paukut-nimisess\u00e4 saaressa.\" src=\"https:\/\/blogi.ennola.fi\/wp-content\/uploads\/2015\/11\/Rymattyla_Panorama2-1.jpg\" alt=\"\" width=\"480\" height=\"119\" srcset=\"https:\/\/blogi.ennola.fi\/wp-content\/uploads\/2015\/11\/Rymattyla_Panorama2-1.jpg 480w, https:\/\/blogi.ennola.fi\/wp-content\/uploads\/2015\/11\/Rymattyla_Panorama2-1-150x37.jpg 150w\" sizes=\"(max-width: 480px) 100vw, 480px\" \/><\/a><p id=\"caption-attachment-536\" class=\"wp-caption-text\">Suojainen poukama Paukut-nimisess\u00e4 saaressa.<\/p><\/div>\n","protected":false},"excerpt":{"rendered":"<p>Loka- ja marraskuun vaihteessa k\u00e4v\u00e4isin melomassa Rym\u00e4ttyl\u00e4n suunnalla tavoitteenani Ahvensaari. Melomaan l\u00e4hdin R\u00f6\u00f6l\u00e4n rannasta. Tuulta ja aallokkoa oli hieman enemm\u00e4n kuin olin otaksunut ja valoisaa p\u00e4iv\u00e4\u00e4 ei kauaa&#8230;<\/p>\n","protected":false},"author":1,"featured_media":535,"comment_status":"open","ping_status":"open","sticky":false,"template":"","format":"standard","meta":{"footnotes":""},"categories":[4,8,3],"tags":[],"_links":{"self":[{"href":"https:\/\/blogi.ennola.fi\/index.php?rest_route=\/wp\/v2\/posts\/532"}],"collection":[{"href":"https:\/\/blogi.ennola.fi\/index.php?rest_route=\/wp\/v2\/posts"}],"about":[{"href":"https:\/\/blogi.ennola.fi\/index.php?rest_route=\/wp\/v2\/types\/post"}],"author":[{"embeddable":true,"href":"https:\/\/blogi.ennola.fi\/index.php?rest_route=\/wp\/v2\/users\/1"}],"replies":[{"embeddable":true,"href":"https:\/\/blogi.ennola.fi\/index.php?rest_route=%2Fwp%2Fv2%2Fcomments&post=532"}],"version-history":[{"count":3,"href":"https:\/\/blogi.ennola.fi\/index.php?rest_route=\/wp\/v2\/posts\/532\/revisions"}],"predecessor-version":[{"id":5041,"href":"https:\/\/blogi.ennola.fi\/index.php?rest_route=\/wp\/v2\/posts\/532\/revisions\/5041"}],"wp:featuredmedia":[{"embeddable":true,"href":"https:\/\/blogi.ennola.fi\/index.php?rest_route=\/wp\/v2\/media\/535"}],"wp:attachment":[{"href":"https:\/\/blogi.ennola.fi\/index.php?rest_route=%2Fwp%2Fv2%2Fmedia&parent=532"}],"wp:term":[{"taxonomy":"category","embeddable":true,"href":"https:\/\/blogi.ennola.fi\/index.php?rest_route=%2Fwp%2Fv2%2Fcategories&post=532"},{"taxonomy":"post_tag","embeddable":true,"href":"https:\/\/blogi.ennola.fi\/index.php?rest_route=%2Fwp%2Fv2%2Ftags&post=532"}],"curies":[{"name":"wp","href":"https:\/\/api.w.org\/{rel}","templated":true}]}}