{"id":5326,"date":"2017-10-04T23:09:33","date_gmt":"2017-10-04T20:09:33","guid":{"rendered":"https:\/\/blogi.ennola.fi\/?p=5326"},"modified":"2020-07-04T23:19:00","modified_gmt":"2020-07-04T20:19:00","slug":"syksyinen-melontaretki-oroseen","status":"publish","type":"post","link":"https:\/\/blogi.ennola.fi\/?p=5326","title":{"rendered":"Syksyinen melontaretki \u00d6r\u00f6seen"},"content":{"rendered":"<p>Syys-lokakuun vaihteessa Esko j\u00e4rjesti seuralle melontaretken \u00d6r\u00f6n saareen. Min\u00e4 l\u00e4hdin reissuun apuohjaajaksi. Esko olisi toivonut, ett\u00e4 olisimme p\u00e4\u00e4sseet niin aikaisin perjantai-iltana liikkeelle, ett\u00e4 olisimme ehtineet saareen jo valoisalla. Valitettavasti se ei ollut mahdollista, joten lupasin ottaa vastuun joukon johdattamisesta pime\u00e4ss\u00e4 perille, jottei l\u00e4ht\u00f6 olisi siirtynyt lauantai aamuun.<\/p>\n<p>Esko oli tehnyt t\u00f6it\u00e4 saaren avaamiseksi matkailulle ja toimi parhaana mahdollisena esittelij\u00e4n\u00e4 saaren kulttuurihistoriasta ja luonnosta. Lauantaina kiertelimmekin laajalti ymp\u00e4ri saarta tutustumassa sen luontoon, mutta sen lis\u00e4ksi teimme pienen p\u00e4iv\u00e4melonnan \u00d6r\u00f6n etel\u00e4puoleiseen saaristoon.<\/p>\n<p>Sunnuntaina palasimme Kasn\u00e4sin kiert\u00e4en \u00d6r\u00f6n sel\u00e4n puolelta takaisin. Matkalla k\u00e4vimme kiert\u00e4m\u00e4ss\u00e4 N\u00f6lst\u00f6 fladanin, joka oli mielenkiintoinen sis\u00e4lahti Sn\u00e5ld\u00f6n saaren sis\u00e4ll\u00e4. \u00d6r\u00f6n l\u00e4nsirannalla k\u00e4vi hylje meit\u00e4 katselemassa.<\/p>\n<p>S\u00e4\u00e4 oli syksyisen pilvinen, mutta l\u00e4mmin ja suhteellisen v\u00e4h\u00e4tuulinen. Ihan hirve\u00e4sti en innostunut valokuvaamaan, mutta muutaman panoraamaan kuvasin Kuggsk\u00e4rin rannasta.<\/p>\n<p><a href=\"https:\/\/blogi.ennola.fi\/wp-content\/uploads\/2017\/10\/Oro_Panorama2.jpg\" rel=\"lightbox[5326]\"><img loading=\"lazy\" decoding=\"async\" class=\"aligncenter wp-image-5333 size-full\" src=\"https:\/\/blogi.ennola.fi\/wp-content\/uploads\/2017\/10\/Oro_Panorama2-1.jpg\" alt=\"\" width=\"480\" height=\"155\" srcset=\"https:\/\/blogi.ennola.fi\/wp-content\/uploads\/2017\/10\/Oro_Panorama2-1.jpg 480w, https:\/\/blogi.ennola.fi\/wp-content\/uploads\/2017\/10\/Oro_Panorama2-1-150x48.jpg 150w\" sizes=\"(max-width: 480px) 100vw, 480px\" \/><\/a><\/p>\n<p><a href=\"https:\/\/blogi.ennola.fi\/wp-content\/uploads\/2017\/10\/Oro_Panorama3.jpg\" rel=\"lightbox[5326]\"><img loading=\"lazy\" decoding=\"async\" class=\"aligncenter wp-image-5332 size-full\" src=\"https:\/\/blogi.ennola.fi\/wp-content\/uploads\/2017\/10\/Oro_Panorama3-1.jpg\" alt=\"\" width=\"480\" height=\"99\" srcset=\"https:\/\/blogi.ennola.fi\/wp-content\/uploads\/2017\/10\/Oro_Panorama3-1.jpg 480w, https:\/\/blogi.ennola.fi\/wp-content\/uploads\/2017\/10\/Oro_Panorama3-1-150x31.jpg 150w\" sizes=\"(max-width: 480px) 100vw, 480px\" \/><\/a><\/p>\n<p><a href=\"https:\/\/blogi.ennola.fi\/wp-content\/uploads\/2017\/10\/Oro_Panorama1.jpg\" rel=\"lightbox[5326]\"><img loading=\"lazy\" decoding=\"async\" class=\"aligncenter wp-image-5331 size-full\" src=\"https:\/\/blogi.ennola.fi\/wp-content\/uploads\/2017\/10\/Oro_Panorama1-1.jpg\" alt=\"\" width=\"480\" height=\"126\" srcset=\"https:\/\/blogi.ennola.fi\/wp-content\/uploads\/2017\/10\/Oro_Panorama1-1.jpg 480w, https:\/\/blogi.ennola.fi\/wp-content\/uploads\/2017\/10\/Oro_Panorama1-1-150x39.jpg 150w\" sizes=\"(max-width: 480px) 100vw, 480px\" \/><\/a><\/p>\n","protected":false},"excerpt":{"rendered":"<p>Syys-lokakuun vaihteessa Esko j\u00e4rjesti seuralle melontaretken \u00d6r\u00f6n saareen. Min\u00e4 l\u00e4hdin reissuun apuohjaajaksi. Esko olisi toivonut, ett\u00e4 olisimme p\u00e4\u00e4sseet niin aikaisin perjantai-iltana liikkeelle, ett\u00e4 olisimme ehtineet saareen jo valoisalla&#8230;.<\/p>\n","protected":false},"author":1,"featured_media":5334,"comment_status":"open","ping_status":"open","sticky":false,"template":"","format":"standard","meta":{"footnotes":""},"categories":[4,8],"tags":[],"_links":{"self":[{"href":"https:\/\/blogi.ennola.fi\/index.php?rest_route=\/wp\/v2\/posts\/5326"}],"collection":[{"href":"https:\/\/blogi.ennola.fi\/index.php?rest_route=\/wp\/v2\/posts"}],"about":[{"href":"https:\/\/blogi.ennola.fi\/index.php?rest_route=\/wp\/v2\/types\/post"}],"author":[{"embeddable":true,"href":"https:\/\/blogi.ennola.fi\/index.php?rest_route=\/wp\/v2\/users\/1"}],"replies":[{"embeddable":true,"href":"https:\/\/blogi.ennola.fi\/index.php?rest_route=%2Fwp%2Fv2%2Fcomments&post=5326"}],"version-history":[{"count":2,"href":"https:\/\/blogi.ennola.fi\/index.php?rest_route=\/wp\/v2\/posts\/5326\/revisions"}],"predecessor-version":[{"id":5335,"href":"https:\/\/blogi.ennola.fi\/index.php?rest_route=\/wp\/v2\/posts\/5326\/revisions\/5335"}],"wp:featuredmedia":[{"embeddable":true,"href":"https:\/\/blogi.ennola.fi\/index.php?rest_route=\/wp\/v2\/media\/5334"}],"wp:attachment":[{"href":"https:\/\/blogi.ennola.fi\/index.php?rest_route=%2Fwp%2Fv2%2Fmedia&parent=5326"}],"wp:term":[{"taxonomy":"category","embeddable":true,"href":"https:\/\/blogi.ennola.fi\/index.php?rest_route=%2Fwp%2Fv2%2Fcategories&post=5326"},{"taxonomy":"post_tag","embeddable":true,"href":"https:\/\/blogi.ennola.fi\/index.php?rest_route=%2Fwp%2Fv2%2Ftags&post=5326"}],"curies":[{"name":"wp","href":"https:\/\/api.w.org\/{rel}","templated":true}]}}