{"id":5336,"date":"2015-02-28T15:13:22","date_gmt":"2015-02-28T13:13:22","guid":{"rendered":"https:\/\/blogi.ennola.fi\/?p=5336"},"modified":"2020-07-08T11:49:31","modified_gmt":"2020-07-08T08:49:31","slug":"seikkailullinen-talvivaellus","status":"publish","type":"post","link":"https:\/\/blogi.ennola.fi\/?p=5336","title":{"rendered":"Seikkailullinen talvivaellus"},"content":{"rendered":"<p>T\u00e4n\u00e4 vuonna p\u00e4\u00e4sin vihdoin toteuttamaan talvisen lumikenk\u00e4vaelluksen Repovedelle uudistetusti. Seikkailukasvatuskoulutuksen my\u00f6t\u00e4 olin saanut uusia ajatuksia, joita halusin p\u00e4\u00e4st\u00e4 soveltamaan k\u00e4yt\u00e4nn\u00f6ss\u00e4. Jo edellistalvena olin valmistautunut aiempaa seikkailullisempaan vaellukseen, mutta silloin ei ollut tarpeeksi oppilaita sen toteuttamiseen.<\/p>\n<p>Vaelluksen seikkailukasvatuksellinen teema oli itsens\u00e4 haastaminen ja tarkoituksena oli k\u00e4yd\u00e4 mukavuusalueen ulkopuolella tai ainakin sen rajalla. Vaellustaitojen puolesta teemana oli y\u00f6pyminen talvella. Aikaa vaelluksella oli kolmeen y\u00f6pymiseen, joista ensimm\u00e4inen nukuttiin teltoissa, toinen lumikammeissa ja viimeiseksi y\u00f6ksi meill\u00e4 oli varattuna autiotuvan tasoinen m\u00f6kki. Toiveissa minulla oli kunnon pakkaskeli, mutta pikkupakkasilla mentiin.<\/p>\n<div id=\"attachment_5352\" style=\"width: 460px\" class=\"wp-caption aligncenter\"><a href=\"https:\/\/blogi.ennola.fi\/wp-content\/uploads\/2020\/07\/IMG_1309.jpg\" rel=\"lightbox[5336]\"><img loading=\"lazy\" decoding=\"async\" aria-describedby=\"caption-attachment-5352\" class=\"wp-image-5352 size-full\" title=\"Tavaroiden pakkausta telttay\u00f6n j\u00e4lkeen.\" src=\"https:\/\/blogi.ennola.fi\/wp-content\/uploads\/2020\/07\/IMG_1309-1.jpg\" alt=\"\" width=\"450\" height=\"353\" srcset=\"https:\/\/blogi.ennola.fi\/wp-content\/uploads\/2020\/07\/IMG_1309-1.jpg 450w, https:\/\/blogi.ennola.fi\/wp-content\/uploads\/2020\/07\/IMG_1309-1-150x118.jpg 150w\" sizes=\"(max-width: 450px) 100vw, 450px\" \/><\/a><p id=\"caption-attachment-5352\" class=\"wp-caption-text\">Tavaroiden pakkausta telttay\u00f6n j\u00e4lkeen.<\/p><\/div>\n<p>Ensimm\u00e4isest\u00e4 p\u00e4iv\u00e4st\u00e4 ajomatka lohkaisi melko suuren osan, joten y\u00f6t\u00e4 j\u00e4imme l\u00e4himm\u00e4lle Karhulahden nuotiopaikalle. Y\u00f6 vaellusteltoissa sujui mukavasti. Pakkasta ei ollut paljoakaan. Minulla oli varalta mukanani ohut p\u00e4\u00e4limakuupussi, mutta sille ei tullut k\u00e4ytt\u00f6\u00e4.<\/p>\n<div class=\"mceTemp\"><\/div>\n<div id=\"attachment_5359\" style=\"width: 460px\" class=\"wp-caption aligncenter\"><a href=\"https:\/\/blogi.ennola.fi\/wp-content\/uploads\/2020\/07\/IMG_1316.jpg\" rel=\"lightbox[5336]\"><img loading=\"lazy\" decoding=\"async\" aria-describedby=\"caption-attachment-5359\" class=\"wp-image-5359 size-full\" title=\"Isojen lumikasojen kasaamista.\" src=\"https:\/\/blogi.ennola.fi\/wp-content\/uploads\/2020\/07\/IMG_1316-1.jpg\" alt=\"\" width=\"450\" height=\"338\" srcset=\"https:\/\/blogi.ennola.fi\/wp-content\/uploads\/2020\/07\/IMG_1316-1.jpg 450w, https:\/\/blogi.ennola.fi\/wp-content\/uploads\/2020\/07\/IMG_1316-1-150x113.jpg 150w\" sizes=\"(max-width: 450px) 100vw, 450px\" \/><\/a><p id=\"caption-attachment-5359\" class=\"wp-caption-text\">Isojen lumikasojen kasaamista.<\/p><\/div>\n<div id=\"attachment_5353\" style=\"width: 460px\" class=\"wp-caption aligncenter\"><a href=\"https:\/\/blogi.ennola.fi\/wp-content\/uploads\/2020\/07\/IMG_1321.jpg\" rel=\"lightbox[5336]\"><img loading=\"lazy\" decoding=\"async\" aria-describedby=\"caption-attachment-5353\" class=\"wp-image-5353 size-full\" title=\"Kammien ulkoseinist\u00e4 pyrimme kasaamaan keskustaa tiiviimpi\u00e4.\" src=\"https:\/\/blogi.ennola.fi\/wp-content\/uploads\/2020\/07\/IMG_1321-1.jpg\" alt=\"\" width=\"450\" height=\"338\" srcset=\"https:\/\/blogi.ennola.fi\/wp-content\/uploads\/2020\/07\/IMG_1321-1.jpg 450w, https:\/\/blogi.ennola.fi\/wp-content\/uploads\/2020\/07\/IMG_1321-1-150x113.jpg 150w\" sizes=\"(max-width: 450px) 100vw, 450px\" \/><\/a><p id=\"caption-attachment-5353\" class=\"wp-caption-text\">Kammien ulkoseinist\u00e4 pyrimme kasaamaan keskustaa tiiviimpi\u00e4.<\/p><\/div>\n<p>Seuraavana p\u00e4iv\u00e4n aamuna vaelsimme suhteellisen nopeasti Kuutinlahden ja Katajaj\u00e4rven poikki M\u00e4\u00e4kij\u00e4n nuotiopaikalle. Nuotiopaikalla aloimme koota kahta isoa lumikasaa lumikammien rakentamista varten. Lunta ei ollut paljoa, joten jouduimme ker\u00e4\u00e4m\u00e4\u00e4n sit\u00e4 isoilla lumilapioilla l\u00e4heisen j\u00e4rven j\u00e4\u00e4lt\u00e4. Muutaman tunnin ahertamisen j\u00e4lkeen lunta oli saatu kasoihin riitt\u00e4v\u00e4sti. Lopuksi painoimme noin kolmekymment\u00e4senttisi\u00e4 tikkuja kammin pintaan merkiksi my\u00f6hemp\u00e4\u00e4 kaivamista varten. J\u00e4timme kammit kovettumaan ja l\u00e4hdimme tekem\u00e4\u00e4n pient\u00e4 maisemakierrosta Lapinsalmella ja Katajavuorelle.<\/p>\n<div class=\"mceTemp\"><\/div>\n<div id=\"attachment_5351\" style=\"width: 490px\" class=\"wp-caption aligncenter\"><a href=\"https:\/\/blogi.ennola.fi\/wp-content\/uploads\/2020\/07\/Repovesi_Panorama2c.jpg\" rel=\"lightbox[5336]\"><img loading=\"lazy\" decoding=\"async\" aria-describedby=\"caption-attachment-5351\" class=\"wp-image-5351 size-full\" title=\"Katajavuorelta.\" src=\"https:\/\/blogi.ennola.fi\/wp-content\/uploads\/2020\/07\/Repovesi_Panorama2c-1.jpg\" alt=\"\" width=\"480\" height=\"178\" srcset=\"https:\/\/blogi.ennola.fi\/wp-content\/uploads\/2020\/07\/Repovesi_Panorama2c-1.jpg 480w, https:\/\/blogi.ennola.fi\/wp-content\/uploads\/2020\/07\/Repovesi_Panorama2c-1-150x56.jpg 150w\" sizes=\"(max-width: 480px) 100vw, 480px\" \/><\/a><p id=\"caption-attachment-5351\" class=\"wp-caption-text\">Katajavuorelta.<\/p><\/div>\n<p>Kierrokselta palattuamme teimme viel\u00e4 p\u00e4iv\u00e4llisen varauskodassa, jonka olin varannut meille silt\u00e4 varalta, ett\u00e4 kammit ep\u00e4onnistuvat. Sen j\u00e4lkeen oli edess\u00e4 kammien kovertaminen tyhj\u00e4ksi otsalamppujen valossa. T\u00e4ss\u00e4 vaiheessa tikut helpottivat merkitt\u00e4v\u00e4sti sit\u00e4, ett\u00e4 sein\u00e4\u00e4 ei koverra liian ohueksi. \u00a0Sis\u00e4tilaa sai kaivaa varsin vapautuneesti, kun tiesi tikun tulevan vastaan, jos oli kaivamassa liikaa. Lopuksi teimme kammeihin viel\u00e4 paikan kynttil\u00e4lle ja sen yl\u00e4puolella tuuletusrei\u00e4n ilmanvaihtoa varten. Kammin kaivaminen oli m\u00e4rk\u00e4\u00e4 hommaa, joten oli hyv\u00e4, ett\u00e4 sen j\u00e4lkeen sai vaatteet kuivumaan kotaan. Kammissa nukkuminen ei ollut pakollista, mutta suositeltavaa. Useimmat nukkuivat y\u00f6ns\u00e4 kammissa, mutta eiv\u00e4t ihan kaikki.<\/p>\n<div class=\"mceTemp\"><\/div>\n<div id=\"attachment_5354\" style=\"width: 460px\" class=\"wp-caption aligncenter\"><a href=\"https:\/\/blogi.ennola.fi\/wp-content\/uploads\/2020\/07\/IMG_1347.jpg\" rel=\"lightbox[5336]\"><img loading=\"lazy\" decoding=\"async\" aria-describedby=\"caption-attachment-5354\" class=\"wp-image-5354 size-full\" title=\"Y\u00f6n pimeydess\u00e4 koversimme kammit tyhjiksi.\" src=\"https:\/\/blogi.ennola.fi\/wp-content\/uploads\/2020\/07\/IMG_1347-1.jpg\" alt=\"\" width=\"450\" height=\"338\" srcset=\"https:\/\/blogi.ennola.fi\/wp-content\/uploads\/2020\/07\/IMG_1347-1.jpg 450w, https:\/\/blogi.ennola.fi\/wp-content\/uploads\/2020\/07\/IMG_1347-1-150x113.jpg 150w\" sizes=\"(max-width: 450px) 100vw, 450px\" \/><\/a><p id=\"caption-attachment-5354\" class=\"wp-caption-text\">Y\u00f6n pimeydess\u00e4 koversimme kammit tyhjiksi.<\/p><\/div>\n<div id=\"attachment_5356\" style=\"width: 460px\" class=\"wp-caption aligncenter\"><a href=\"https:\/\/blogi.ennola.fi\/wp-content\/uploads\/2020\/07\/IMG_1360.jpg\" rel=\"lightbox[5336]\"><img loading=\"lazy\" decoding=\"async\" aria-describedby=\"caption-attachment-5356\" class=\"wp-image-5356 size-full\" title=\"Kammin suulle tarvittiin toinen lapioija ty\u00f6nt\u00e4m\u00e4\u00e4n lunta kauemmaksi.\" src=\"https:\/\/blogi.ennola.fi\/wp-content\/uploads\/2020\/07\/IMG_1360-1.jpg\" alt=\"\" width=\"450\" height=\"338\" srcset=\"https:\/\/blogi.ennola.fi\/wp-content\/uploads\/2020\/07\/IMG_1360-1.jpg 450w, https:\/\/blogi.ennola.fi\/wp-content\/uploads\/2020\/07\/IMG_1360-1-150x113.jpg 150w\" sizes=\"(max-width: 450px) 100vw, 450px\" \/><\/a><p id=\"caption-attachment-5356\" class=\"wp-caption-text\">Kammin suulle tarvittiin toinen lapioija ty\u00f6nt\u00e4m\u00e4\u00e4n lunta kauemmaksi.<\/p><\/div>\n<div id=\"attachment_5355\" style=\"width: 460px\" class=\"wp-caption aligncenter\"><a href=\"https:\/\/blogi.ennola.fi\/wp-content\/uploads\/2020\/07\/IMG_1352.jpg\" rel=\"lightbox[5336]\"><img loading=\"lazy\" decoding=\"async\" aria-describedby=\"caption-attachment-5355\" class=\"wp-image-5355 size-full\" title=\"Kammin sis\u00e4lle mahtui jo yksi ihminen lapioimaan.\" src=\"https:\/\/blogi.ennola.fi\/wp-content\/uploads\/2020\/07\/IMG_1352-1.jpg\" alt=\"\" width=\"450\" height=\"326\" srcset=\"https:\/\/blogi.ennola.fi\/wp-content\/uploads\/2020\/07\/IMG_1352-1.jpg 450w, https:\/\/blogi.ennola.fi\/wp-content\/uploads\/2020\/07\/IMG_1352-1-150x109.jpg 150w\" sizes=\"(max-width: 450px) 100vw, 450px\" \/><\/a><p id=\"caption-attachment-5355\" class=\"wp-caption-text\">Kammin sis\u00e4lle mahtui jo yksi ihminen lapioimaan.<\/p><\/div>\n<div id=\"attachment_5357\" style=\"width: 460px\" class=\"wp-caption aligncenter\"><a href=\"https:\/\/blogi.ennola.fi\/wp-content\/uploads\/2020\/07\/IMG_1366.jpg\" rel=\"lightbox[5336]\"><img loading=\"lazy\" decoding=\"async\" aria-describedby=\"caption-attachment-5357\" class=\"wp-image-5357 size-full\" title=\"Lumesta muodostui korkeat vallita suuaukon molemmille puolille.\" src=\"https:\/\/blogi.ennola.fi\/wp-content\/uploads\/2020\/07\/IMG_1366-1.jpg\" alt=\"\" width=\"450\" height=\"324\" srcset=\"https:\/\/blogi.ennola.fi\/wp-content\/uploads\/2020\/07\/IMG_1366-1.jpg 450w, https:\/\/blogi.ennola.fi\/wp-content\/uploads\/2020\/07\/IMG_1366-1-150x108.jpg 150w\" sizes=\"(max-width: 450px) 100vw, 450px\" \/><\/a><p id=\"caption-attachment-5357\" class=\"wp-caption-text\">Lumesta muodostui korkeat vallita suuaukon molemmille puolille.<\/p><\/div>\n<p>Seuraavana p\u00e4iv\u00e4n\u00e4 meill\u00e4 oli vuorossa v\u00e4h\u00e4n pidempi vaellusp\u00e4iv\u00e4, sill\u00e4 tarkoituksemme oli kiert\u00e4\u00e4 Tervaj\u00e4rven, Hauklammen ja Kirnuhuokon kautta Kuutink\u00e4mp\u00e4lle. Matka sin\u00e4ns\u00e4 ei ollut pitk\u00e4, mutta keli oli raskas ja maasto paikoin hankala etenkin niille kahdelle ahkiolle, jotka meill\u00e4 oli mukanamme. Tervaj\u00e4rven j\u00e4\u00e4ll\u00e4 oli hieman vett\u00e4, joka kasteli toisen ahkion sen seurauksena, ett\u00e4 sen pohjaan j\u00e4\u00e4tyi paksu kerros j\u00e4\u00e4t\u00e4. Sen vet\u00e4j\u00e4lt\u00e4 tuli lukuisia kirosanoja, ennen kuin tajusin ongelman ja rapsutimme j\u00e4\u00e4t pois sen pohjasta. Kuutink\u00e4mp\u00e4lt\u00e4 teimme viel\u00e4 iltalenkin Mustalamminvuoren n\u00e4k\u00f6tornille.<\/p>\n<div class=\"mceTemp\"><\/div>\n<div id=\"attachment_5350\" style=\"width: 490px\" class=\"wp-caption aligncenter\"><a href=\"https:\/\/blogi.ennola.fi\/wp-content\/uploads\/2020\/07\/Repovesi_Panorama1c.jpg\" rel=\"lightbox[5336]\"><img loading=\"lazy\" decoding=\"async\" aria-describedby=\"caption-attachment-5350\" class=\"wp-image-5350 size-full\" title=\"Kuutinlahti, Ruskiasalmi ja Olhavanvuori.\" src=\"https:\/\/blogi.ennola.fi\/wp-content\/uploads\/2020\/07\/Repovesi_Panorama1c-1.jpg\" alt=\"\" width=\"480\" height=\"116\" srcset=\"https:\/\/blogi.ennola.fi\/wp-content\/uploads\/2020\/07\/Repovesi_Panorama1c-1.jpg 480w, https:\/\/blogi.ennola.fi\/wp-content\/uploads\/2020\/07\/Repovesi_Panorama1c-1-150x36.jpg 150w\" sizes=\"(max-width: 480px) 100vw, 480px\" \/><\/a><p id=\"caption-attachment-5350\" class=\"wp-caption-text\">Kuutinlahti, Ruskiasalmi ja Olhavanvuori.<\/p><\/div>\n<p>Kuutin k\u00e4mp\u00e4ll\u00e4 s\u00f6imme hyvin, saunoimme ja pidimme loppureflektion, jossa pohdimme reissun antia. Reflektion aluksi jaoin oppilaat kolmeen ryhm\u00e4\u00e4n, joiden teht\u00e4v\u00e4n\u00e4 oli rakentaa lumesta reissun kohokohta. Lumikammi oli p\u00e4\u00e4ssyt kahdella ryhm\u00e4ll\u00e4 veistoksen p\u00e4\u00e4aiheeksi, mutta min\u00e4kin olin p\u00e4\u00e4ssyt yhden ryhm\u00e4n aiheeksi, mik\u00e4 tietysti l\u00e4mmitti mielt\u00e4 kovin.<\/p>\n<div class=\"mceTemp\"><\/div>\n<div class=\"mceTemp\"><\/div>\n<div class=\"mceTemp\"><\/div>\n<div class=\"mceTemp\"><\/div>\n<div id=\"attachment_5348\" style=\"width: 460px\" class=\"wp-caption aligncenter\"><a href=\"https:\/\/blogi.ennola.fi\/wp-content\/uploads\/2020\/07\/IMG_1391.jpg\" rel=\"lightbox[5336]\"><img loading=\"lazy\" decoding=\"async\" aria-describedby=\"caption-attachment-5348\" class=\"wp-image-5348 size-full\" title=\"T\u00e4m\u00e4 ryhm\u00e4 piti lumikammia retken kohokohtana.\" src=\"https:\/\/blogi.ennola.fi\/wp-content\/uploads\/2020\/07\/IMG_1391-1.jpg\" alt=\"\" width=\"450\" height=\"318\" srcset=\"https:\/\/blogi.ennola.fi\/wp-content\/uploads\/2020\/07\/IMG_1391-1.jpg 450w, https:\/\/blogi.ennola.fi\/wp-content\/uploads\/2020\/07\/IMG_1391-1-150x106.jpg 150w\" sizes=\"(max-width: 450px) 100vw, 450px\" \/><\/a><p id=\"caption-attachment-5348\" class=\"wp-caption-text\">T\u00e4m\u00e4 ryhm\u00e4 piti lumikammia retken kohokohtana.<\/p><\/div>\n<div id=\"attachment_5349\" style=\"width: 335px\" class=\"wp-caption aligncenter\"><a href=\"https:\/\/blogi.ennola.fi\/wp-content\/uploads\/2020\/07\/IMG_1395.jpg\" rel=\"lightbox[5336]\"><img loading=\"lazy\" decoding=\"async\" aria-describedby=\"caption-attachment-5349\" class=\"wp-image-5349 size-full\" title=\"T\u00e4ss\u00e4 olin p\u00e4\u00e4ssyt itse patsaan aiheeksi.\" src=\"https:\/\/blogi.ennola.fi\/wp-content\/uploads\/2020\/07\/IMG_1395-1.jpg\" alt=\"\" width=\"325\" height=\"420\" srcset=\"https:\/\/blogi.ennola.fi\/wp-content\/uploads\/2020\/07\/IMG_1395-1.jpg 325w, https:\/\/blogi.ennola.fi\/wp-content\/uploads\/2020\/07\/IMG_1395-1-310x400.jpg 310w, https:\/\/blogi.ennola.fi\/wp-content\/uploads\/2020\/07\/IMG_1395-1-116x150.jpg 116w\" sizes=\"(max-width: 325px) 100vw, 325px\" \/><\/a><p id=\"caption-attachment-5349\" class=\"wp-caption-text\">T\u00e4ss\u00e4 olin p\u00e4\u00e4ssyt itse patsaan aiheeksi.<\/p><\/div>\n","protected":false},"excerpt":{"rendered":"<p>T\u00e4n\u00e4 vuonna p\u00e4\u00e4sin vihdoin toteuttamaan talvisen lumikenk\u00e4vaelluksen Repovedelle uudistetusti. Seikkailukasvatuskoulutuksen my\u00f6t\u00e4 olin saanut uusia ajatuksia, joita halusin p\u00e4\u00e4st\u00e4 soveltamaan k\u00e4yt\u00e4nn\u00f6ss\u00e4. Jo edellistalvena olin valmistautunut aiempaa seikkailullisempaan vaellukseen, mutta&#8230;<\/p>\n","protected":false},"author":1,"featured_media":5358,"comment_status":"open","ping_status":"open","sticky":false,"template":"","format":"standard","meta":{"footnotes":""},"categories":[13,3,5,27],"tags":[],"_links":{"self":[{"href":"https:\/\/blogi.ennola.fi\/index.php?rest_route=\/wp\/v2\/posts\/5336"}],"collection":[{"href":"https:\/\/blogi.ennola.fi\/index.php?rest_route=\/wp\/v2\/posts"}],"about":[{"href":"https:\/\/blogi.ennola.fi\/index.php?rest_route=\/wp\/v2\/types\/post"}],"author":[{"embeddable":true,"href":"https:\/\/blogi.ennola.fi\/index.php?rest_route=\/wp\/v2\/users\/1"}],"replies":[{"embeddable":true,"href":"https:\/\/blogi.ennola.fi\/index.php?rest_route=%2Fwp%2Fv2%2Fcomments&post=5336"}],"version-history":[{"count":3,"href":"https:\/\/blogi.ennola.fi\/index.php?rest_route=\/wp\/v2\/posts\/5336\/revisions"}],"predecessor-version":[{"id":5362,"href":"https:\/\/blogi.ennola.fi\/index.php?rest_route=\/wp\/v2\/posts\/5336\/revisions\/5362"}],"wp:featuredmedia":[{"embeddable":true,"href":"https:\/\/blogi.ennola.fi\/index.php?rest_route=\/wp\/v2\/media\/5358"}],"wp:attachment":[{"href":"https:\/\/blogi.ennola.fi\/index.php?rest_route=%2Fwp%2Fv2%2Fmedia&parent=5336"}],"wp:term":[{"taxonomy":"category","embeddable":true,"href":"https:\/\/blogi.ennola.fi\/index.php?rest_route=%2Fwp%2Fv2%2Fcategories&post=5336"},{"taxonomy":"post_tag","embeddable":true,"href":"https:\/\/blogi.ennola.fi\/index.php?rest_route=%2Fwp%2Fv2%2Ftags&post=5336"}],"curies":[{"name":"wp","href":"https:\/\/api.w.org\/{rel}","templated":true}]}}