{"id":553,"date":"2015-08-18T20:39:53","date_gmt":"2015-08-18T17:39:53","guid":{"rendered":"https:\/\/blogi.ennola.fi\/?p=553"},"modified":"2020-06-08T08:30:18","modified_gmt":"2020-06-08T05:30:18","slug":"talvisia-kuvia-norjan-heinakuulta","status":"publish","type":"post","link":"https:\/\/blogi.ennola.fi\/?p=553","title":{"rendered":"Talvisia kuvia Norjan hein\u00e4kuulta"},"content":{"rendered":"<p>Hein\u00e4kuun lopulla osallistuin <a href=\"http:\/\/www.mountainguide.fi\/\">Jussi Muittarin<\/a> j\u00e4rjest\u00e4m\u00e4lle alppikiipeilykurssille Pohjois-Norjassa. Kurssin nelj\u00e4 ensimm\u00e4ist\u00e4 p\u00e4iv\u00e4\u00e4 vietimme Storsteinsfjelletin ja sit\u00e4 ymp\u00e4r\u00f6iv\u00e4n j\u00e4\u00e4tik\u00f6n l\u00e4heisyydess\u00e4 Ruotsin rajan tuntumassa.\u00a0 Viimeisen\u00e4 p\u00e4iv\u00e4n\u00e4 siirryimme aivan erilaiseen ymp\u00e4rist\u00f6\u00f6n meren rantaan kiipe\u00e4m\u00e4\u00e4n hammasmaisen Hammar\u00f8yskaftet-tunturin huipulle.<\/p>\n<p>Kes\u00e4 oli kylm\u00e4 Etel\u00e4-Suomessakin ja se n\u00e4kyi my\u00f6s Pohjois-Norjassa. J\u00e4\u00e4tikk\u00f6 oli viel\u00e4 paksun lumipeitteen peitossa ja kaikki railot piilossa. Lunta oli paljon my\u00f6s varsinaisen j\u00e4\u00e4tik\u00f6n ulkopuolella ja paikoin oli vaikea hahmottaa mik\u00e4 oli j\u00e4\u00e4tikk\u00f6\u00e4 ja mik\u00e4 muuten vaan lumen viipym\u00e4 paikkoja. Monin paikoin vaivaiskoivu oli viel\u00e4 hiirenkorvalla.<\/p>\n<p>Etuk\u00e4teen s\u00e4\u00e4t lupasivat runsaasti sateita l\u00e4hes p\u00e4ivitt\u00e4in, mutta niiden suhteen meill\u00e4 k\u00e4vi tuuria. Monena p\u00e4iv\u00e4n\u00e4 sateet kiersiv\u00e4t tai ohittivat meid\u00e4t l\u00e4hiet\u00e4isyydelt\u00e4, mutta meihin ne eiv\u00e4t osuneet. Mutta pilvet roikkuivat matalalla ja muutamat upeat n\u00e4k\u00f6alat j\u00e4iv\u00e4t n\u00e4kem\u00e4tt\u00e4 ja kuvaamatta, koska pilvet peittiv\u00e4t ne.<\/p>\n<p><a href=\"https:\/\/blogi.ennola.fi\/wp-content\/uploads\/2015\/08\/Norja_Panorama10.jpg\" rel=\"lightbox[553]\"><img loading=\"lazy\" decoding=\"async\" class=\"aligncenter wp-image-587 size-full\" title=\"Maisema leiripaikkamme l\u00e4heisyydest\u00e4.\" src=\"https:\/\/blogi.ennola.fi\/wp-content\/uploads\/2015\/08\/Norja_Panorama10-1.jpg\" alt=\"\" width=\"480\" height=\"99\" srcset=\"https:\/\/blogi.ennola.fi\/wp-content\/uploads\/2015\/08\/Norja_Panorama10-1.jpg 480w, https:\/\/blogi.ennola.fi\/wp-content\/uploads\/2015\/08\/Norja_Panorama10-1-150x31.jpg 150w\" sizes=\"(max-width: 480px) 100vw, 480px\" \/><\/a><\/p>\n<p><a href=\"https:\/\/blogi.ennola.fi\/wp-content\/uploads\/2015\/08\/Norja_Panorama4.jpg\" rel=\"lightbox[553]\"><img loading=\"lazy\" decoding=\"async\" class=\"aligncenter wp-image-588 size-full\" title=\"Maisema leiripaikkamme l\u00e4heisyydest\u00e4.\" src=\"https:\/\/blogi.ennola.fi\/wp-content\/uploads\/2015\/08\/Norja_Panorama4-1.jpg\" alt=\"\" width=\"480\" height=\"59\" srcset=\"https:\/\/blogi.ennola.fi\/wp-content\/uploads\/2015\/08\/Norja_Panorama4-1.jpg 480w, https:\/\/blogi.ennola.fi\/wp-content\/uploads\/2015\/08\/Norja_Panorama4-1-150x18.jpg 150w\" sizes=\"(max-width: 480px) 100vw, 480px\" \/><\/a><\/p>\n<div id=\"attachment_592\" style=\"width: 490px\" class=\"wp-caption aligncenter\"><a href=\"https:\/\/blogi.ennola.fi\/wp-content\/uploads\/2015\/08\/Norja_Panorama8.jpg\" rel=\"lightbox[553]\"><img loading=\"lazy\" decoding=\"async\" aria-describedby=\"caption-attachment-592\" class=\"wp-image-592 size-full\" src=\"https:\/\/blogi.ennola.fi\/wp-content\/uploads\/2015\/08\/Norja_Panorama8-1.jpg\" alt=\"\" width=\"480\" height=\"60\" srcset=\"https:\/\/blogi.ennola.fi\/wp-content\/uploads\/2015\/08\/Norja_Panorama8-1.jpg 480w, https:\/\/blogi.ennola.fi\/wp-content\/uploads\/2015\/08\/Norja_Panorama8-1-150x19.jpg 150w\" sizes=\"(max-width: 480px) 100vw, 480px\" \/><\/a><p id=\"caption-attachment-592\" class=\"wp-caption-text\">Kolme maisemakuvaa leiripaikkamme l\u00e4heisyydest\u00e4.<\/p><\/div>\n<div id=\"attachment_586\" style=\"width: 490px\" class=\"wp-caption aligncenter\"><a href=\"https:\/\/blogi.ennola.fi\/wp-content\/uploads\/2015\/08\/Norja_Panorama11.jpg\" rel=\"lightbox[553]\"><img loading=\"lazy\" decoding=\"async\" aria-describedby=\"caption-attachment-586\" class=\"wp-image-586 size-full\" title=\"Viel\u00e4 j\u00e4\u00e4ss\u00e4 ollut j\u00e4rvi leiripaikkamme l\u00e4hell\u00e4.\" src=\"https:\/\/blogi.ennola.fi\/wp-content\/uploads\/2015\/08\/Norja_Panorama11-1.jpg\" alt=\"\" width=\"480\" height=\"129\" srcset=\"https:\/\/blogi.ennola.fi\/wp-content\/uploads\/2015\/08\/Norja_Panorama11-1.jpg 480w, https:\/\/blogi.ennola.fi\/wp-content\/uploads\/2015\/08\/Norja_Panorama11-1-150x40.jpg 150w\" sizes=\"(max-width: 480px) 100vw, 480px\" \/><\/a><p id=\"caption-attachment-586\" class=\"wp-caption-text\">Viel\u00e4 j\u00e4\u00e4ss\u00e4 ollut j\u00e4rvi leiripaikkamme l\u00e4hell\u00e4.<\/p><\/div>\n<p><a href=\"https:\/\/blogi.ennola.fi\/wp-content\/uploads\/2015\/08\/Norja_Panorama12.jpg\" rel=\"lightbox[553]\"><img loading=\"lazy\" decoding=\"async\" class=\"aligncenter wp-image-585 size-full\" title=\"Storsteinsfjelletin etel\u00e4iselt\u00e4 huipulta.\" src=\"https:\/\/blogi.ennola.fi\/wp-content\/uploads\/2015\/08\/Norja_Panorama12-1.jpg\" alt=\"\" width=\"480\" height=\"88\" srcset=\"https:\/\/blogi.ennola.fi\/wp-content\/uploads\/2015\/08\/Norja_Panorama12-1.jpg 480w, https:\/\/blogi.ennola.fi\/wp-content\/uploads\/2015\/08\/Norja_Panorama12-1-150x28.jpg 150w\" sizes=\"(max-width: 480px) 100vw, 480px\" \/><\/a><\/p>\n<div id=\"attachment_581\" style=\"width: 490px\" class=\"wp-caption aligncenter\"><a href=\"https:\/\/blogi.ennola.fi\/wp-content\/uploads\/2015\/08\/Norja_Panorama7.jpg\" rel=\"lightbox[553]\"><img loading=\"lazy\" decoding=\"async\" aria-describedby=\"caption-attachment-581\" class=\"wp-image-581 size-full\" src=\"https:\/\/blogi.ennola.fi\/wp-content\/uploads\/2015\/08\/Norja_Panorama7-1.jpg\" alt=\"\" width=\"480\" height=\"93\" srcset=\"https:\/\/blogi.ennola.fi\/wp-content\/uploads\/2015\/08\/Norja_Panorama7-1.jpg 480w, https:\/\/blogi.ennola.fi\/wp-content\/uploads\/2015\/08\/Norja_Panorama7-1-150x29.jpg 150w\" sizes=\"(max-width: 480px) 100vw, 480px\" \/><\/a><p id=\"caption-attachment-581\" class=\"wp-caption-text\">Pari kuvaa Storsteinsfjelletin etel\u00e4iselt\u00e4 huipulta.<\/p><\/div>\n<div id=\"attachment_596\" style=\"width: 490px\" class=\"wp-caption aligncenter\"><a href=\"https:\/\/blogi.ennola.fi\/wp-content\/uploads\/2015\/08\/Norja_Panorama14.jpg\" rel=\"lightbox[553]\"><img loading=\"lazy\" decoding=\"async\" aria-describedby=\"caption-attachment-596\" class=\"wp-image-596 size-full\" title=\"Seuraavan p\u00e4iv\u00e4n kohde: Storsteinfjelletin huippu j\u00e4\u00e4tik\u00f6n yli.\" src=\"https:\/\/blogi.ennola.fi\/wp-content\/uploads\/2015\/08\/Norja_Panorama14-1.jpg\" alt=\"\" width=\"480\" height=\"116\" srcset=\"https:\/\/blogi.ennola.fi\/wp-content\/uploads\/2015\/08\/Norja_Panorama14-1.jpg 480w, https:\/\/blogi.ennola.fi\/wp-content\/uploads\/2015\/08\/Norja_Panorama14-1-150x36.jpg 150w\" sizes=\"(max-width: 480px) 100vw, 480px\" \/><\/a><p id=\"caption-attachment-596\" class=\"wp-caption-text\">Seuraavan p\u00e4iv\u00e4n kohde: Storsteinfjelletin huippu j\u00e4\u00e4tik\u00f6n yli.<\/p><\/div>\n<p><a href=\"https:\/\/blogi.ennola.fi\/wp-content\/uploads\/2015\/08\/Norja_Panorama6.jpg\" rel=\"lightbox[553]\"><img loading=\"lazy\" decoding=\"async\" class=\"aligncenter wp-image-580 size-full\" title=\"Kuva taukopaikalta j\u00e4\u00e4tik\u00f6n keskell\u00e4, matkalla p\u00e4\u00e4huipulle.\" src=\"https:\/\/blogi.ennola.fi\/wp-content\/uploads\/2015\/08\/Norja_Panorama6-1.jpg\" alt=\"\" width=\"480\" height=\"89\" srcset=\"https:\/\/blogi.ennola.fi\/wp-content\/uploads\/2015\/08\/Norja_Panorama6-1.jpg 480w, https:\/\/blogi.ennola.fi\/wp-content\/uploads\/2015\/08\/Norja_Panorama6-1-150x28.jpg 150w\" sizes=\"(max-width: 480px) 100vw, 480px\" \/><\/a><\/p>\n<div id=\"attachment_589\" style=\"width: 490px\" class=\"wp-caption aligncenter\"><a href=\"https:\/\/blogi.ennola.fi\/wp-content\/uploads\/2015\/08\/Norja_Panorama3.jpg\" rel=\"lightbox[553]\"><img loading=\"lazy\" decoding=\"async\" aria-describedby=\"caption-attachment-589\" class=\"wp-image-589 size-full\" src=\"https:\/\/blogi.ennola.fi\/wp-content\/uploads\/2015\/08\/Norja_Panorama3-1.jpg\" alt=\"\" width=\"480\" height=\"111\" srcset=\"https:\/\/blogi.ennola.fi\/wp-content\/uploads\/2015\/08\/Norja_Panorama3-1.jpg 480w, https:\/\/blogi.ennola.fi\/wp-content\/uploads\/2015\/08\/Norja_Panorama3-1-150x35.jpg 150w\" sizes=\"(max-width: 480px) 100vw, 480px\" \/><\/a><p id=\"caption-attachment-589\" class=\"wp-caption-text\">Pari kuvaa taukopaikalta j\u00e4\u00e4tik\u00f6n keskell\u00e4, matkalla p\u00e4\u00e4huipulle.<\/p><\/div>\n<p><a href=\"https:\/\/blogi.ennola.fi\/wp-content\/uploads\/2015\/08\/Norja_Panorama2.jpg\" rel=\"lightbox[553]\"><img loading=\"lazy\" decoding=\"async\" class=\"aligncenter wp-image-590 size-full\" title=\"Sumuiselta Storsteinsfjelletin p\u00e4\u00e4huipulta.\" src=\"https:\/\/blogi.ennola.fi\/wp-content\/uploads\/2015\/08\/Norja_Panorama2-1.jpg\" alt=\"\" width=\"480\" height=\"173\" srcset=\"https:\/\/blogi.ennola.fi\/wp-content\/uploads\/2015\/08\/Norja_Panorama2-1.jpg 480w, https:\/\/blogi.ennola.fi\/wp-content\/uploads\/2015\/08\/Norja_Panorama2-1-150x54.jpg 150w\" sizes=\"(max-width: 480px) 100vw, 480px\" \/><\/a><\/p>\n<div id=\"attachment_591\" style=\"width: 490px\" class=\"wp-caption aligncenter\"><a href=\"https:\/\/blogi.ennola.fi\/wp-content\/uploads\/2015\/08\/Norja_Panorama9.jpg\" rel=\"lightbox[553]\"><img loading=\"lazy\" decoding=\"async\" aria-describedby=\"caption-attachment-591\" class=\"wp-image-591 size-full\" src=\"https:\/\/blogi.ennola.fi\/wp-content\/uploads\/2015\/08\/Norja_Panorama9-1.jpg\" alt=\"\" width=\"480\" height=\"108\" srcset=\"https:\/\/blogi.ennola.fi\/wp-content\/uploads\/2015\/08\/Norja_Panorama9-1.jpg 480w, https:\/\/blogi.ennola.fi\/wp-content\/uploads\/2015\/08\/Norja_Panorama9-1-150x34.jpg 150w\" sizes=\"(max-width: 480px) 100vw, 480px\" \/><\/a><p id=\"caption-attachment-591\" class=\"wp-caption-text\">Pari kuvaa sumuiselta Storsteinsfjelletin p\u00e4\u00e4huipulta.<\/p><\/div>\n<div id=\"attachment_584\" style=\"width: 490px\" class=\"wp-caption aligncenter\"><a href=\"https:\/\/blogi.ennola.fi\/wp-content\/uploads\/2015\/08\/Norja_Panorama13.jpg\" rel=\"lightbox[553]\"><img loading=\"lazy\" decoding=\"async\" aria-describedby=\"caption-attachment-584\" class=\"wp-image-584 size-full\" title=\"Y\u00f6paikkamme Lanst\u00f8vatnetin rannasta.\" src=\"https:\/\/blogi.ennola.fi\/wp-content\/uploads\/2015\/08\/Norja_Panorama13-1.jpg\" alt=\"\" width=\"480\" height=\"120\" srcset=\"https:\/\/blogi.ennola.fi\/wp-content\/uploads\/2015\/08\/Norja_Panorama13-1.jpg 480w, https:\/\/blogi.ennola.fi\/wp-content\/uploads\/2015\/08\/Norja_Panorama13-1-150x38.jpg 150w\" sizes=\"(max-width: 480px) 100vw, 480px\" \/><\/a><p id=\"caption-attachment-584\" class=\"wp-caption-text\">Y\u00f6paikkamme Lanst\u00f8vatnetin rannasta.<\/p><\/div>\n<div id=\"attachment_583\" style=\"width: 490px\" class=\"wp-caption aligncenter\"><a href=\"https:\/\/blogi.ennola.fi\/wp-content\/uploads\/2015\/08\/Norja_Panorama5.jpg\" rel=\"lightbox[553]\"><img loading=\"lazy\" decoding=\"async\" aria-describedby=\"caption-attachment-583\" class=\"wp-image-583 size-full\" title=\"Maisema Hammar\u00f8yskaftet-tunturin huipulta.\" src=\"https:\/\/blogi.ennola.fi\/wp-content\/uploads\/2015\/08\/Norja_Panorama5-1.jpg\" alt=\"\" width=\"480\" height=\"96\" srcset=\"https:\/\/blogi.ennola.fi\/wp-content\/uploads\/2015\/08\/Norja_Panorama5-1.jpg 480w, https:\/\/blogi.ennola.fi\/wp-content\/uploads\/2015\/08\/Norja_Panorama5-1-150x30.jpg 150w\" sizes=\"(max-width: 480px) 100vw, 480px\" \/><\/a><p id=\"caption-attachment-583\" class=\"wp-caption-text\">Maisema Hammar\u00f8yskaftet-tunturin huipulta.<\/p><\/div>\n","protected":false},"excerpt":{"rendered":"<p>Hein\u00e4kuun lopulla osallistuin Jussi Muittarin j\u00e4rjest\u00e4m\u00e4lle alppikiipeilykurssille Pohjois-Norjassa. Kurssin nelj\u00e4 ensimm\u00e4ist\u00e4 p\u00e4iv\u00e4\u00e4 vietimme Storsteinsfjelletin ja sit\u00e4 ymp\u00e4r\u00f6iv\u00e4n j\u00e4\u00e4tik\u00f6n l\u00e4heisyydess\u00e4 Ruotsin rajan tuntumassa.\u00a0 Viimeisen\u00e4 p\u00e4iv\u00e4n\u00e4 siirryimme aivan erilaiseen ymp\u00e4rist\u00f6\u00f6n&#8230;<\/p>\n","protected":false},"author":1,"featured_media":567,"comment_status":"open","ping_status":"open","sticky":false,"template":"","format":"standard","meta":{"footnotes":""},"categories":[4],"tags":[],"_links":{"self":[{"href":"https:\/\/blogi.ennola.fi\/index.php?rest_route=\/wp\/v2\/posts\/553"}],"collection":[{"href":"https:\/\/blogi.ennola.fi\/index.php?rest_route=\/wp\/v2\/posts"}],"about":[{"href":"https:\/\/blogi.ennola.fi\/index.php?rest_route=\/wp\/v2\/types\/post"}],"author":[{"embeddable":true,"href":"https:\/\/blogi.ennola.fi\/index.php?rest_route=\/wp\/v2\/users\/1"}],"replies":[{"embeddable":true,"href":"https:\/\/blogi.ennola.fi\/index.php?rest_route=%2Fwp%2Fv2%2Fcomments&post=553"}],"version-history":[{"count":10,"href":"https:\/\/blogi.ennola.fi\/index.php?rest_route=\/wp\/v2\/posts\/553\/revisions"}],"predecessor-version":[{"id":5046,"href":"https:\/\/blogi.ennola.fi\/index.php?rest_route=\/wp\/v2\/posts\/553\/revisions\/5046"}],"wp:featuredmedia":[{"embeddable":true,"href":"https:\/\/blogi.ennola.fi\/index.php?rest_route=\/wp\/v2\/media\/567"}],"wp:attachment":[{"href":"https:\/\/blogi.ennola.fi\/index.php?rest_route=%2Fwp%2Fv2%2Fmedia&parent=553"}],"wp:term":[{"taxonomy":"category","embeddable":true,"href":"https:\/\/blogi.ennola.fi\/index.php?rest_route=%2Fwp%2Fv2%2Fcategories&post=553"},{"taxonomy":"post_tag","embeddable":true,"href":"https:\/\/blogi.ennola.fi\/index.php?rest_route=%2Fwp%2Fv2%2Ftags&post=553"}],"curies":[{"name":"wp","href":"https:\/\/api.w.org\/{rel}","templated":true}]}}