{"id":557,"date":"2015-04-04T20:43:08","date_gmt":"2015-04-04T17:43:08","guid":{"rendered":"https:\/\/blogi.ennola.fi\/?p=557"},"modified":"2020-06-08T08:37:31","modified_gmt":"2020-06-08T05:37:31","slug":"letkahiihtoa-sarekissa","status":"publish","type":"post","link":"https:\/\/blogi.ennola.fi\/?p=557","title":{"rendered":"Letkahiihtoa Sarekissa"},"content":{"rendered":"<p>Vaativat arktiset vaellukset ovat minua aina kiinnostaneet. Samoin olen ollut kiinnostunut kehitt\u00e4m\u00e4\u00e4n omia talviretkeilytaitoja. Suomalaisen er\u00e4perinteen mukaista talviretkeilyn olen oppinut partiossa ja harjoittanut sit\u00e4 jo lapsuudestani l\u00e4htien. Seikkailukasvatuksen opinnoissa p\u00e4\u00e4sin tutustumaan NOLS-perinteen mukaiseen talviretkeilyyn, joka pohjautuu l\u00e4hinn\u00e4 kiipeilij\u00f6iden k\u00e4yt\u00e4nteisiin. N\u00e4ill\u00e4 miettein viime syksyn\u00e4 p\u00e4\u00e4tin l\u00e4hte\u00e4 tutustumaan suomalaisen naparetkeilyperinteen mukaiseen talviretkeilyyn Korpijaakon kurssille, jotka sittemmin tulivat osaksi Ankarat Avotunturit -koulutusohjelmaa.<\/p>\n<div id=\"attachment_748\" style=\"width: 460px\" class=\"wp-caption aligncenter\"><a href=\"https:\/\/blogi.ennola.fi\/wp-content\/uploads\/2015\/04\/IMG_1662.jpg\" rel=\"lightbox[557]\"><img loading=\"lazy\" decoding=\"async\" aria-describedby=\"caption-attachment-748\" class=\"wp-image-748 size-full\" title=\"Letkamme etenee \u00c1hkk\u00e1-j\u00e4rven j\u00e4\u00e4ll\u00e4 kovassa tuulessa.\" src=\"https:\/\/blogi.ennola.fi\/wp-content\/uploads\/2015\/04\/IMG_1662-1.jpg\" alt=\"\" width=\"450\" height=\"334\" srcset=\"https:\/\/blogi.ennola.fi\/wp-content\/uploads\/2015\/04\/IMG_1662-1.jpg 450w, https:\/\/blogi.ennola.fi\/wp-content\/uploads\/2015\/04\/IMG_1662-1-150x111.jpg 150w\" sizes=\"(max-width: 450px) 100vw, 450px\" \/><\/a><p id=\"caption-attachment-748\" class=\"wp-caption-text\">Letkamme etenee \u00c1hkk\u00e1-j\u00e4rven j\u00e4\u00e4ll\u00e4 kovassa tuulessa.<\/p><\/div>\n<p>Etuk\u00e4teen suhtauduin kuitenkin hieman varauksella n\u00e4ihin kursseihin monestakin syyst\u00e4: Omasta n\u00e4k\u00f6kulmastani katsoen Jaakko on viel\u00e4 hieman poikanen, onko h\u00e4nell\u00e4 riitt\u00e4v\u00e4sti kokemusta vet\u00e4\u00e4 t\u00e4llaisia kursseja, pystynk\u00f6 oppimaan h\u00e4nelt\u00e4, jotain mit\u00e4 en entuudesta jo osaisi? Naparetkiporukoilla on usein ollut ainakin tarinoissaan miehist\u00e4 uhoa ja ns. \u00e4ij\u00e4meininki\u00e4, mille olen hieman yliherkk\u00e4. Lis\u00e4ksi LJK:n Kebnekaisen onnettomuus j\u00e4tti varjon j\u00e4lkeens\u00e4, joka on hillinnyt kiinnostusta osallistua kursseihin, joita mahdollisesti j\u00e4rjestet\u00e4\u00e4n samoin periaattein. N\u00e4m\u00e4 asiat mieless\u00e4 pyrin etuk\u00e4teen selvitt\u00e4m\u00e4\u00e4n Jaakon taustaa, kyselin hieman h\u00e4nen kursseillaan olleilta kokemuksia ja kyselin Jaakola itselt\u00e4\u00e4n s\u00e4hk\u00f6postissa minua askarruttavista asioista. Vakuutuin h\u00e4nen taidoistaan siin\u00e4 m\u00e4\u00e4rin, ett\u00e4 p\u00e4\u00e4tin ilmoittautua kurssille.<\/p>\n<p><a href=\"https:\/\/blogi.ennola.fi\/wp-content\/uploads\/2015\/04\/IMG_1683.jpg\" rel=\"lightbox[557]\"><img loading=\"lazy\" decoding=\"async\" class=\"aligncenter wp-image-731 size-full\" title=\"Lumi tuiskuaa.\" src=\"https:\/\/blogi.ennola.fi\/wp-content\/uploads\/2015\/04\/IMG_1683-1.jpg\" alt=\"\" width=\"450\" height=\"332\" srcset=\"https:\/\/blogi.ennola.fi\/wp-content\/uploads\/2015\/04\/IMG_1683-1.jpg 450w, https:\/\/blogi.ennola.fi\/wp-content\/uploads\/2015\/04\/IMG_1683-1-150x111.jpg 150w\" sizes=\"(max-width: 450px) 100vw, 450px\" \/><\/a><\/p>\n<p><a href=\"https:\/\/blogi.ennola.fi\/wp-content\/uploads\/2015\/04\/IMG_1673.jpg\" rel=\"lightbox[557]\"><img loading=\"lazy\" decoding=\"async\" class=\"aligncenter wp-image-749 size-full\" title=\"Lumi tuiskuaa.\" src=\"https:\/\/blogi.ennola.fi\/wp-content\/uploads\/2015\/04\/IMG_1673-1.jpg\" alt=\"\" width=\"450\" height=\"337\" srcset=\"https:\/\/blogi.ennola.fi\/wp-content\/uploads\/2015\/04\/IMG_1673-1.jpg 450w, https:\/\/blogi.ennola.fi\/wp-content\/uploads\/2015\/04\/IMG_1673-1-150x112.jpg 150w\" sizes=\"(max-width: 450px) 100vw, 450px\" \/><\/a><\/p>\n<div id=\"attachment_750\" style=\"width: 460px\" class=\"wp-caption aligncenter\"><a href=\"https:\/\/blogi.ennola.fi\/wp-content\/uploads\/2015\/04\/IMG_1674.jpg\" rel=\"lightbox[557]\"><img loading=\"lazy\" decoding=\"async\" aria-describedby=\"caption-attachment-750\" class=\"wp-image-750 size-full\" title=\"Lumi tuiskuaa.\" src=\"https:\/\/blogi.ennola.fi\/wp-content\/uploads\/2015\/04\/IMG_1674-1.jpg\" alt=\"\" width=\"450\" height=\"334\" srcset=\"https:\/\/blogi.ennola.fi\/wp-content\/uploads\/2015\/04\/IMG_1674-1.jpg 450w, https:\/\/blogi.ennola.fi\/wp-content\/uploads\/2015\/04\/IMG_1674-1-150x111.jpg 150w\" sizes=\"(max-width: 450px) 100vw, 450px\" \/><\/a><p id=\"caption-attachment-750\" class=\"wp-caption-text\">Lumi tuiskuaa.<\/p><\/div>\n<p>Viime aikoina retkille olen asettanut my\u00f6s aina omia oppimistavoitteita. T\u00e4lle retkelle omaksi kehitystavoitteiksi asetin retkiruokailun kehitt\u00e4misen ja ajattelin kokeilla muutamia ruokalajeja, joita en ennen ole talvella maastossa tehnyt. Toisena tavoitteenani oli pyrki\u00e4 siihen, ett\u00e4 olosuhteista huolimatta koko ajan olisi kivaa ilman, ett\u00e4 tarvitsisi odottaa seuraavaa taukoa, iltaa tai seuraavaa aamua.<\/p>\n<div id=\"attachment_733\" style=\"width: 460px\" class=\"wp-caption aligncenter\"><a href=\"https:\/\/blogi.ennola.fi\/wp-content\/uploads\/2015\/04\/IMG_1668.jpg\" rel=\"lightbox[557]\"><img loading=\"lazy\" decoding=\"async\" aria-describedby=\"caption-attachment-733\" class=\"wp-image-733 size-full\" title=\"Oppaamme Korpijaakko tauolla.\" src=\"https:\/\/blogi.ennola.fi\/wp-content\/uploads\/2015\/04\/IMG_1668-1.jpg\" alt=\"\" width=\"450\" height=\"337\" srcset=\"https:\/\/blogi.ennola.fi\/wp-content\/uploads\/2015\/04\/IMG_1668-1.jpg 450w, https:\/\/blogi.ennola.fi\/wp-content\/uploads\/2015\/04\/IMG_1668-1-150x112.jpg 150w\" sizes=\"(max-width: 450px) 100vw, 450px\" \/><\/a><p id=\"caption-attachment-733\" class=\"wp-caption-text\">Oppaamme Korpijaakko tauolla.<\/p><\/div>\n<p>Vaelluksen p\u00e4iv\u00e4rytmi oli yksinkertainen. Kukin telttakunta sai her\u00e4t\u00e4 aamuisin haluamaansa aikaan, kuitenkin viimeist\u00e4\u00e4n klo seitsem\u00e4n aikaan. Yhdeks\u00e4lt\u00e4 l\u00e4hdimme liikkeelle, tai ainakin pyrimme l\u00e4htem\u00e4\u00e4n. Kuudesta kahdeksaan viidenkymmenen minuutin mittaista legi\u00e4 hiihtoa ja kunkin legin j\u00e4lkeen kymmenen minuutin tauko. \u00a0Nelj\u00e4n legin j\u00e4lkeen oli reilun puolen tunnin mittainen lounastauko. Hiihdon j\u00e4lkeen tuli leirin pystytys, ruokailut ja valmistautuminen seuraavaan p\u00e4iv\u00e4\u00e4n.<\/p>\n<div id=\"attachment_742\" style=\"width: 460px\" class=\"wp-caption aligncenter\"><a href=\"https:\/\/blogi.ennola.fi\/wp-content\/uploads\/2015\/04\/IMG_1687.jpg\" rel=\"lightbox[557]\"><img loading=\"lazy\" decoding=\"async\" aria-describedby=\"caption-attachment-742\" class=\"wp-image-742 size-full\" title=\"Telttakaverini Tero.\" src=\"https:\/\/blogi.ennola.fi\/wp-content\/uploads\/2015\/04\/IMG_1687-1.jpg\" alt=\"\" width=\"450\" height=\"338\" srcset=\"https:\/\/blogi.ennola.fi\/wp-content\/uploads\/2015\/04\/IMG_1687-1.jpg 450w, https:\/\/blogi.ennola.fi\/wp-content\/uploads\/2015\/04\/IMG_1687-1-150x113.jpg 150w\" sizes=\"(max-width: 450px) 100vw, 450px\" \/><\/a><p id=\"caption-attachment-742\" class=\"wp-caption-text\">Telttakaverini Tero.<\/p><\/div>\n<p>Ryhm\u00e4n kokemattomuus ahkionvedossa n\u00e4kyi ehk\u00e4 etenkin yl\u00e4- ja alam\u00e4iss\u00e4. Molemmat pys\u00e4yttiv\u00e4t etenemisen pitk\u00e4ksi aikaa ja usein tiukka yl\u00e4- tai alam\u00e4ki p\u00e4\u00e4ttyi taukoon. Monella ahkio saattoi olla my\u00f6s kuormattu turhan yl\u00e4painoiseksi, jolloin sivurinteiden kulkeminen k\u00e4y l\u00e4hes mahdottomaksi, koska ahkio on aina kumollaan. Siksi monet yl\u00e4m\u00e4et oli pakko pyrki\u00e4 menem\u00e4\u00e4n suoraan yl\u00f6s, mik\u00e4 pidon loppuessa haarak\u00e4ynnill\u00e4 on taas tolkuttoman raskasta. Alam\u00e4iss\u00e4 taas ahkiot pakkasivat kaatuilemaan, varsinkin silloin, kun rinne oli liian jyrkk\u00e4\u00e4 ment\u00e4v\u00e4ksi suoraa tiet\u00e4 alas. Onneksi tiukkoja yl\u00e4- ja alam\u00e4ki\u00e4 ei reissulla valtavan paljoa ollut.<\/p>\n<div id=\"attachment_751\" style=\"width: 310px\" class=\"wp-caption aligncenter\"><a href=\"https:\/\/blogi.ennola.fi\/wp-content\/uploads\/2015\/04\/IMG_1715.jpg\" rel=\"lightbox[557]\"><img loading=\"lazy\" decoding=\"async\" aria-describedby=\"caption-attachment-751\" class=\"wp-image-751 size-full\" title=\"\u00c1hkk\u00e1-tunturi ja Jaakon teltta.\" src=\"https:\/\/blogi.ennola.fi\/wp-content\/uploads\/2015\/04\/IMG_1715-1.jpg\" alt=\"\" width=\"300\" height=\"400\" srcset=\"https:\/\/blogi.ennola.fi\/wp-content\/uploads\/2015\/04\/IMG_1715-1.jpg 300w, https:\/\/blogi.ennola.fi\/wp-content\/uploads\/2015\/04\/IMG_1715-1-113x150.jpg 113w\" sizes=\"(max-width: 300px) 100vw, 300px\" \/><\/a><p id=\"caption-attachment-751\" class=\"wp-caption-text\">\u00c1hkk\u00e1-tunturi ja Jaakon teltta.<\/p><\/div>\n<p>Leiriin saavuttaessa pystytimme teltat ensimm\u00e4isen\u00e4. Telttapaikan tamppasimme suksilla tasaiseksi, vaikka monella leiripaikalla hankikin oli jo riitt\u00e4v\u00e4n kovaa luonnostaan. Min\u00e4\u00e4n iltana tuuli ei ollut niin kovaa, ett\u00e4 olisi tarvinnut rakentaa mit\u00e4\u00e4n tuulimuureja tai vastaavia antamaan tuulensuojaa. Teltan pystytyksen j\u00e4lkeen menimme telttaan ja aloimme ruuan valmistuksen ja lumen sulatuksen. Keitinlaatikossa oli k\u00e4yt\u00f6ss\u00e4 kaksi bensakeitint\u00e4, jotka samalla l\u00e4mmittiv\u00e4t telttaa. Varsinaisen ruuanvalmistuksen j\u00e4lkeen j\u00e4timme toisen keittimen pienell\u00e4 liekill\u00e4 l\u00e4mmitt\u00e4m\u00e4\u00e4n telttaa, mik\u00e4 takasikin telttaan miellytt\u00e4v\u00e4n l\u00e4mm\u00f6n.<\/p>\n<p><a href=\"https:\/\/blogi.ennola.fi\/wp-content\/uploads\/2015\/04\/IMG_1748.jpg\" rel=\"lightbox[557]\"><img loading=\"lazy\" decoding=\"async\" class=\"aligncenter wp-image-741 size-full\" title=\"Toisena p\u00e4iv\u00e4n\u00e4 oli tiukin nousu \u00c1hkk\u00e1-tunturin kupeessa.\" src=\"https:\/\/blogi.ennola.fi\/wp-content\/uploads\/2015\/04\/IMG_1748-1.jpg\" alt=\"\" width=\"450\" height=\"338\" srcset=\"https:\/\/blogi.ennola.fi\/wp-content\/uploads\/2015\/04\/IMG_1748-1.jpg 450w, https:\/\/blogi.ennola.fi\/wp-content\/uploads\/2015\/04\/IMG_1748-1-150x113.jpg 150w\" sizes=\"(max-width: 450px) 100vw, 450px\" \/><\/a><\/p>\n<p><a href=\"https:\/\/blogi.ennola.fi\/wp-content\/uploads\/2015\/04\/IMG_1753.jpg\" rel=\"lightbox[557]\"><img loading=\"lazy\" decoding=\"async\" class=\"aligncenter wp-image-740 size-full\" title=\"Toisena p\u00e4iv\u00e4n\u00e4 oli tiukin nousu \u00c1hkk\u00e1-tunturin kupeessa.\" src=\"https:\/\/blogi.ennola.fi\/wp-content\/uploads\/2015\/04\/IMG_1753-1.jpg\" alt=\"\" width=\"450\" height=\"338\" srcset=\"https:\/\/blogi.ennola.fi\/wp-content\/uploads\/2015\/04\/IMG_1753-1.jpg 450w, https:\/\/blogi.ennola.fi\/wp-content\/uploads\/2015\/04\/IMG_1753-1-150x113.jpg 150w\" sizes=\"(max-width: 450px) 100vw, 450px\" \/><\/a><\/p>\n<div id=\"attachment_739\" style=\"width: 460px\" class=\"wp-caption aligncenter\"><a href=\"https:\/\/blogi.ennola.fi\/wp-content\/uploads\/2015\/04\/IMG_1760.jpg\" rel=\"lightbox[557]\"><img loading=\"lazy\" decoding=\"async\" aria-describedby=\"caption-attachment-739\" class=\"wp-image-739 size-full\" title=\"Toisena p\u00e4iv\u00e4n\u00e4 oli tiukin nousu \u00c1hkk\u00e1-tunturin kupeessa.\" src=\"https:\/\/blogi.ennola.fi\/wp-content\/uploads\/2015\/04\/IMG_1760-1.jpg\" alt=\"\" width=\"450\" height=\"338\" srcset=\"https:\/\/blogi.ennola.fi\/wp-content\/uploads\/2015\/04\/IMG_1760-1.jpg 450w, https:\/\/blogi.ennola.fi\/wp-content\/uploads\/2015\/04\/IMG_1760-1-150x113.jpg 150w\" sizes=\"(max-width: 450px) 100vw, 450px\" \/><\/a><p id=\"caption-attachment-739\" class=\"wp-caption-text\">Toisena p\u00e4iv\u00e4n\u00e4 oli tiukin nousu \u00c1hkk\u00e1-tunturin kupeessa.<\/p><\/div>\n<p>Rutiineihin kuuluivat my\u00f6s aamu- ja iltakuuntelut, jolloin Jaakko sovittuun aikaan radiopuhelimen v\u00e4lityksell\u00e4 kertoi t\u00e4rkeimm\u00e4t faktat kuluneesta p\u00e4iv\u00e4st\u00e4, tulevasta p\u00e4iv\u00e4st\u00e4 sek\u00e4 s\u00e4\u00e4tiedoista. Samalla saatoimme vaihtaa my\u00f6s muita kuulumisia p\u00e4iv\u00e4n tapahtumista, sek\u00e4 sain kutsutta Jaakkon maistamaan kokkausharjoituksiani.<\/p>\n<div id=\"attachment_738\" style=\"width: 310px\" class=\"wp-caption aligncenter\"><a href=\"https:\/\/blogi.ennola.fi\/wp-content\/uploads\/2015\/04\/IMG_1788.jpg\" rel=\"lightbox[557]\"><img loading=\"lazy\" decoding=\"async\" aria-describedby=\"caption-attachment-738\" class=\"wp-image-738 size-full\" title=\"Tero lapioi lunta teltanliepeiden p\u00e4\u00e4lle.\" src=\"https:\/\/blogi.ennola.fi\/wp-content\/uploads\/2015\/04\/IMG_1788-1.jpg\" alt=\"\" width=\"300\" height=\"400\" srcset=\"https:\/\/blogi.ennola.fi\/wp-content\/uploads\/2015\/04\/IMG_1788-1.jpg 300w, https:\/\/blogi.ennola.fi\/wp-content\/uploads\/2015\/04\/IMG_1788-1-113x150.jpg 113w\" sizes=\"(max-width: 300px) 100vw, 300px\" \/><\/a><p id=\"caption-attachment-738\" class=\"wp-caption-text\">Tero lapioi lunta teltanliepeiden p\u00e4\u00e4lle.<\/p><\/div>\n<p>Vaelluksen ruoka rakentui t\u00e4ll\u00e4 kertaa suurelta osin l\u00e4mpimien ruokien varaan. Aamuksi olin tehnyt itse kuivatuista marjoista, hedelmist\u00e4 ja puurohiutaleista valmiita puuropusseja, jotka saatoin lis\u00e4t\u00e4 kiehuvaan veteen ja antaa kypsy\u00e4 hetken verran. Olin varannut puuroa kahdelle, mutta kun Tero tyytyi pikkulinnun annoksiin, niin itselleni j\u00e4i varsin tuhti annos puuroa. Tero ainakin vakuutti, ett\u00e4 vika ei ollut mun puurojen maussa, omasta mielest\u00e4ni ne ainakin olivat varsin onnistuneita. P\u00e4iv\u00e4ksi keitin itselleni termarillisen teet\u00e4 ja laitoin Primuksen pieneen ruokatermariin itse kuivattamaani ruokaa ja kiehuvaa vett\u00e4 lounaaksi kypsym\u00e4\u00e4n.<\/p>\n<div id=\"attachment_747\" style=\"width: 460px\" class=\"wp-caption aligncenter\"><a href=\"https:\/\/blogi.ennola.fi\/wp-content\/uploads\/2015\/04\/IMG_1825.jpg\" rel=\"lightbox[557]\"><img loading=\"lazy\" decoding=\"async\" aria-describedby=\"caption-attachment-747\" class=\"wp-image-747 size-full\" src=\"https:\/\/blogi.ennola.fi\/wp-content\/uploads\/2015\/04\/IMG_1825-1.jpg\" alt=\"\" width=\"450\" height=\"338\" srcset=\"https:\/\/blogi.ennola.fi\/wp-content\/uploads\/2015\/04\/IMG_1825-1.jpg 450w, https:\/\/blogi.ennola.fi\/wp-content\/uploads\/2015\/04\/IMG_1825-1-150x113.jpg 150w\" sizes=\"(max-width: 450px) 100vw, 450px\" \/><\/a><p id=\"caption-attachment-747\" class=\"wp-caption-text\">Teltta, kuutamo ja Nij\u00e1k eli &#8217;m\u00f6rk\u00f6&#8217;.<\/p><\/div>\n<p>Illalla vuorop\u00e4ivin teimme Teron kanssa p\u00e4iv\u00e4llist\u00e4 ja muutamana iltana teimme sen lis\u00e4ksi j\u00e4lkiruokaakin. Yhten\u00e4 iltana tein porkkanas\u00e4mpyl\u00e4taikinan ja annoin sen kohota y\u00f6n makuupussini jalkop\u00e4\u00e4ss\u00e4 ja aamulla leivoin siit\u00e4 meille tuoreet s\u00e4mpyl\u00e4t. Vaelluksen ruokahuolto toimi n\u00e4in hyvin. Leip\u00e4\u00e4 ja varsinaisia legiev\u00e4it\u00e4 ei hirve\u00e4n paljoa kulunut ja litra l\u00e4mmint\u00e4 nestett\u00e4 riitti p\u00e4iv\u00e4ksi erinomaisesti. Monena iltana join termarin tyhj\u00e4ksi vasta leiriss\u00e4, kun keittelin jo uusia vesi\u00e4. Kuitenkaan nestehukkaa en tuntenut reissussa, enk\u00e4 sen j\u00e4lkeen.<\/p>\n<div id=\"attachment_743\" style=\"width: 310px\" class=\"wp-caption aligncenter\"><a href=\"https:\/\/blogi.ennola.fi\/wp-content\/uploads\/2015\/04\/IMG_2118.jpg\" rel=\"lightbox[557]\"><img loading=\"lazy\" decoding=\"async\" aria-describedby=\"caption-attachment-743\" class=\"wp-image-743 size-full\" title=\"Mikko ponnistelee yl\u00e4m\u00e4keen ahkion kanssa.\" src=\"https:\/\/blogi.ennola.fi\/wp-content\/uploads\/2015\/04\/IMG_2118-1.jpg\" alt=\"\" width=\"300\" height=\"400\" srcset=\"https:\/\/blogi.ennola.fi\/wp-content\/uploads\/2015\/04\/IMG_2118-1.jpg 300w, https:\/\/blogi.ennola.fi\/wp-content\/uploads\/2015\/04\/IMG_2118-1-113x150.jpg 113w\" sizes=\"(max-width: 300px) 100vw, 300px\" \/><\/a><p id=\"caption-attachment-743\" class=\"wp-caption-text\">Mikko ponnistelee yl\u00e4m\u00e4keen ahkion kanssa.<\/p><\/div>\n<div id=\"attachment_737\" style=\"width: 460px\" class=\"wp-caption aligncenter\"><a href=\"https:\/\/blogi.ennola.fi\/wp-content\/uploads\/2015\/04\/IMG_1852.jpg\" rel=\"lightbox[557]\"><img loading=\"lazy\" decoding=\"async\" aria-describedby=\"caption-attachment-737\" class=\"wp-image-737 size-full\" title=\"Letka etenee parijonossa.\" src=\"https:\/\/blogi.ennola.fi\/wp-content\/uploads\/2015\/04\/IMG_1852-1.jpg\" alt=\"\" width=\"450\" height=\"338\" srcset=\"https:\/\/blogi.ennola.fi\/wp-content\/uploads\/2015\/04\/IMG_1852-1.jpg 450w, https:\/\/blogi.ennola.fi\/wp-content\/uploads\/2015\/04\/IMG_1852-1-150x113.jpg 150w\" sizes=\"(max-width: 450px) 100vw, 450px\" \/><\/a><p id=\"caption-attachment-737\" class=\"wp-caption-text\">Letka etenee parijonossa.<\/p><\/div>\n<p>Viimeist\u00e4 edellisen\u00e4 p\u00e4iv\u00e4n\u00e4 rakensimme lumimajoitteet. Jaakko rakensi itselleen pienen \u2019koirankopin\u2019, yksi ryhm\u00e4 muurasi pienen iglun ja loput rakensi kaksi kaksikamarista lumiluolaa. Lumiluolien arkkitehtuuri ja kaivuutapa oli hieman erilainen, kun kaksi vuotta sitten Kilpisj\u00e4rvell\u00e4 rakentamassani. Nyt koko kaivaminen tapahtui kulkuaukon kautta, joka aluksi kaivettiin turhan suureksi helpottamaan lumen poiskuljetusta ja sitten lopuksi muurattiin parilla tiilell\u00e4 sopivan kokoiseksi.<\/p>\n<p><a href=\"https:\/\/blogi.ennola.fi\/wp-content\/uploads\/2015\/04\/IMG_1850.jpg\" rel=\"lightbox[557]\"><img loading=\"lazy\" decoding=\"async\" class=\"aligncenter wp-image-756 size-full\" title=\"Legitauolla.\" src=\"https:\/\/blogi.ennola.fi\/wp-content\/uploads\/2015\/04\/IMG_1850-1.jpg\" alt=\"\" width=\"300\" height=\"400\" srcset=\"https:\/\/blogi.ennola.fi\/wp-content\/uploads\/2015\/04\/IMG_1850-1.jpg 300w, https:\/\/blogi.ennola.fi\/wp-content\/uploads\/2015\/04\/IMG_1850-1-113x150.jpg 113w\" sizes=\"(max-width: 300px) 100vw, 300px\" \/><\/a><\/p>\n<div id=\"attachment_732\" style=\"width: 460px\" class=\"wp-caption aligncenter\"><a href=\"https:\/\/blogi.ennola.fi\/wp-content\/uploads\/2015\/04\/IMG_1849.jpg\" rel=\"lightbox[557]\"><img loading=\"lazy\" decoding=\"async\" aria-describedby=\"caption-attachment-732\" class=\"wp-image-732 size-full\" title=\"Legitauolla.\" src=\"https:\/\/blogi.ennola.fi\/wp-content\/uploads\/2015\/04\/IMG_1849-1.jpg\" alt=\"\" width=\"450\" height=\"338\" srcset=\"https:\/\/blogi.ennola.fi\/wp-content\/uploads\/2015\/04\/IMG_1849-1.jpg 450w, https:\/\/blogi.ennola.fi\/wp-content\/uploads\/2015\/04\/IMG_1849-1-150x113.jpg 150w\" sizes=\"(max-width: 450px) 100vw, 450px\" \/><\/a><p id=\"caption-attachment-732\" class=\"wp-caption-text\">Legitauolla.<\/p><\/div>\n<p>Lumipenkka, johon luolaa kaivoimme oli aivan tavattoman kovaa, kovinta n\u00e4kem\u00e4\u00e4ni lunta. Lapiolla iskem\u00e4ll\u00e4 lumesta ei irronnut juuri mink\u00e4\u00e4nlaisia palasia, sahat olivat k\u00e4yt\u00f6ss\u00e4 igluty\u00f6maalla, joten piti k\u00e4ytt\u00e4\u00e4 luovuutta l\u00f6yt\u00e4\u00e4kseen toimivan ty\u00f6tavan. Painamalla lapiota koko painollaan saattoi lumesta veist\u00e4\u00e4 ohuita lastuja. Tilojen ollessa ahtaita painoin lapiota rintakeh\u00e4ll\u00e4ni, saaden sen kipe\u00e4ksi tavalla, joka oireili kylkiluumurtuman tapaan. (Vasta noin kolme viikkoa my\u00f6hemmin yskiminen ei en\u00e4\u00e4 sattunut.) Nelj\u00e4n tunnin armottoman uurastuksen j\u00e4lkeen olimme saaneet aikaiseksi luolan, miss\u00e4 oli kohtuulliset nukkumatilat nelj\u00e4lle. Naapuriluola oli selv\u00e4stikin j\u00e4\u00e4nyt parisuhdemalliksi, jossa asukkaat saivat nukkua varsin tiiviiss\u00e4 kokovartalotuntumassa.<\/p>\n<div id=\"attachment_752\" style=\"width: 460px\" class=\"wp-caption aligncenter\"><a href=\"https:\/\/blogi.ennola.fi\/wp-content\/uploads\/2015\/04\/IMG_1893.jpg\" rel=\"lightbox[557]\"><img loading=\"lazy\" decoding=\"async\" aria-describedby=\"caption-attachment-752\" class=\"wp-image-752 size-full\" title=\"Kolmas leiripaikkamme Ruojhtesv\u00e1ggen suulla.\" src=\"https:\/\/blogi.ennola.fi\/wp-content\/uploads\/2015\/04\/IMG_1893-1.jpg\" alt=\"\" width=\"450\" height=\"338\" srcset=\"https:\/\/blogi.ennola.fi\/wp-content\/uploads\/2015\/04\/IMG_1893-1.jpg 450w, https:\/\/blogi.ennola.fi\/wp-content\/uploads\/2015\/04\/IMG_1893-1-150x113.jpg 150w\" sizes=\"(max-width: 450px) 100vw, 450px\" \/><\/a><p id=\"caption-attachment-752\" class=\"wp-caption-text\">Kolmas leiripaikkamme Ruojhtesv\u00e1ggen suulla.<\/p><\/div>\n<div id=\"attachment_753\" style=\"width: 460px\" class=\"wp-caption aligncenter\"><a href=\"https:\/\/blogi.ennola.fi\/wp-content\/uploads\/2015\/04\/IMG_1900.jpg\" rel=\"lightbox[557]\"><img loading=\"lazy\" decoding=\"async\" aria-describedby=\"caption-attachment-753\" class=\"wp-image-753 size-full\" title=\"Sama paikka toiseen suuntaan.\" src=\"https:\/\/blogi.ennola.fi\/wp-content\/uploads\/2015\/04\/IMG_1900-1.jpg\" alt=\"\" width=\"450\" height=\"338\" srcset=\"https:\/\/blogi.ennola.fi\/wp-content\/uploads\/2015\/04\/IMG_1900-1.jpg 450w, https:\/\/blogi.ennola.fi\/wp-content\/uploads\/2015\/04\/IMG_1900-1-150x113.jpg 150w\" sizes=\"(max-width: 450px) 100vw, 450px\" \/><\/a><p id=\"caption-attachment-753\" class=\"wp-caption-text\">Sama paikka toiseen suuntaan.<\/p><\/div>\n<p>Talvinen avotunturi on el\u00e4imist\u00f6lt\u00e4\u00e4n varsin hiljainen. Hienoja luontohavaintoja tuli silti useita. Alkumatkan tunturikoivikot olivat t\u00e4ynn\u00e4 valtavia riekkoparvia, ylemp\u00e4n\u00e4 tunturissa n\u00e4kyi ja kuului taas yksitt\u00e4isi\u00e4 riekkoja. Alkumatkasta n\u00e4imme muutaman hirven, jotka n\u00e4in avotunturissa n\u00e4yttiv\u00e4t olevan aivan v\u00e4\u00e4r\u00e4ss\u00e4 ymp\u00e4rist\u00f6ss\u00e4. Myyr\u00e4tilanne oli ilmeisestikin kohtalainen, koska l\u00f6ysimme kuolleen sopulin ja punamyyr\u00e4n. Yksin\u00e4inen susi oli liikkeell\u00e4 samoilla alueilla kuin mekin ja yhten\u00e4 p\u00e4iv\u00e4n\u00e4 n\u00e4imme horisontissa pienen liikkuvan pisteen, jonka j\u00e4ljet my\u00f6hemmin paljastivat olleen susi. Itselleni ehk\u00e4 hienoin havainto oli kuitenkin tunturihaukka, joka retken loppupuolella lensi ylitsemme.<\/p>\n<div id=\"attachment_754\" style=\"width: 460px\" class=\"wp-caption aligncenter\"><a href=\"https:\/\/blogi.ennola.fi\/wp-content\/uploads\/2015\/04\/IMG_1956.jpg\" rel=\"lightbox[557]\"><img loading=\"lazy\" decoding=\"async\" aria-describedby=\"caption-attachment-754\" class=\"wp-image-754 size-full\" title=\"Guohperv\u00e1gge laaksoa yl\u00f6sp\u00e4in.\" src=\"https:\/\/blogi.ennola.fi\/wp-content\/uploads\/2015\/04\/IMG_1956-1.jpg\" alt=\"\" width=\"450\" height=\"338\" srcset=\"https:\/\/blogi.ennola.fi\/wp-content\/uploads\/2015\/04\/IMG_1956-1.jpg 450w, https:\/\/blogi.ennola.fi\/wp-content\/uploads\/2015\/04\/IMG_1956-1-150x113.jpg 150w\" sizes=\"(max-width: 450px) 100vw, 450px\" \/><\/a><p id=\"caption-attachment-754\" class=\"wp-caption-text\">Guohperv\u00e1gge laaksoa yl\u00f6sp\u00e4in.<\/p><\/div>\n<div id=\"attachment_755\" style=\"width: 460px\" class=\"wp-caption aligncenter\"><a href=\"https:\/\/blogi.ennola.fi\/wp-content\/uploads\/2015\/04\/IMG_1987.jpg\" rel=\"lightbox[557]\"><img loading=\"lazy\" decoding=\"async\" aria-describedby=\"caption-attachment-755\" class=\"wp-image-755 size-full\" title=\"Hiiht\u00e4j\u00e4t Guohperin juurella.\" src=\"https:\/\/blogi.ennola.fi\/wp-content\/uploads\/2015\/04\/IMG_1987-1.jpg\" alt=\"\" width=\"450\" height=\"338\" srcset=\"https:\/\/blogi.ennola.fi\/wp-content\/uploads\/2015\/04\/IMG_1987-1.jpg 450w, https:\/\/blogi.ennola.fi\/wp-content\/uploads\/2015\/04\/IMG_1987-1-150x113.jpg 150w\" sizes=\"(max-width: 450px) 100vw, 450px\" \/><\/a><p id=\"caption-attachment-755\" class=\"wp-caption-text\">Hiiht\u00e4j\u00e4t Guohperin juurella.<\/p><\/div>\n<p>Etenemistahti vaelluksella oli rauhallinen, mik\u00e4 mahdollisti sen, ett\u00e4 legin keskenkin saattoi pys\u00e4hty\u00e4 kuvaamaan tai tutkimaan el\u00e4inten j\u00e4lki\u00e4 ja tiesi pystyv\u00e4ns\u00e4 hiiht\u00e4m\u00e4\u00e4n muun ryhm\u00e4n helposti kiinni. Usein hiihdimme parijonossa, mik\u00e4 mahdollisti keskustelun vieress\u00e4 hiiht\u00e4v\u00e4n kanssa. Rauhallisesta tahdista huolimatta, matka kuitenkin eteni ja saavutimme matkallisen tavoitteemme. Tosin iltaisin ei valoisaa aikaa liiemm\u00e4lti j\u00e4\u00e4nyt valokuvaukseen tai muuhun puuhasteluun ja lumiluolaleiriin olisi ollut kiva p\u00e4\u00e4st\u00e4 aiemmin, kun luolan kaivaminen nyt meni aika my\u00f6h\u00e4iseen iltaan. Tauoilla oli my\u00f6s hieman taipumus p\u00e4\u00e4st\u00e4 venym\u00e4\u00e4n. Itselleni kymmenen minuutin legitauko oli hieman lyhyt, jos halusi sek\u00e4 kuvata ja sy\u00f6d\u00e4, mutta my\u00f6s l\u00e4hes joka aamu l\u00e4ht\u00f6mme p\u00e4\u00e4si venym\u00e4\u00e4n kymmenest\u00e4 minuutista varttiin, mik\u00e4 on enemm\u00e4n tahdon asia.<\/p>\n<p><a href=\"https:\/\/blogi.ennola.fi\/wp-content\/uploads\/2015\/04\/IMG_2017.jpg\" rel=\"lightbox[557]\"><img loading=\"lazy\" decoding=\"async\" class=\"aligncenter wp-image-746 size-full\" src=\"https:\/\/blogi.ennola.fi\/wp-content\/uploads\/2015\/04\/IMG_2017-1.jpg\" alt=\"\" width=\"450\" height=\"338\" srcset=\"https:\/\/blogi.ennola.fi\/wp-content\/uploads\/2015\/04\/IMG_2017-1.jpg 450w, https:\/\/blogi.ennola.fi\/wp-content\/uploads\/2015\/04\/IMG_2017-1-150x113.jpg 150w\" sizes=\"(max-width: 450px) 100vw, 450px\" \/><\/a><\/p>\n<p><a href=\"https:\/\/blogi.ennola.fi\/wp-content\/uploads\/2015\/04\/IMG_2051.jpg\" rel=\"lightbox[557]\"><img loading=\"lazy\" decoding=\"async\" class=\"aligncenter wp-image-745 size-full\" src=\"https:\/\/blogi.ennola.fi\/wp-content\/uploads\/2015\/04\/IMG_2051-1.jpg\" alt=\"\" width=\"450\" height=\"338\" srcset=\"https:\/\/blogi.ennola.fi\/wp-content\/uploads\/2015\/04\/IMG_2051-1.jpg 450w, https:\/\/blogi.ennola.fi\/wp-content\/uploads\/2015\/04\/IMG_2051-1-150x113.jpg 150w\" sizes=\"(max-width: 450px) 100vw, 450px\" \/><\/a><\/p>\n<div id=\"attachment_744\" style=\"width: 460px\" class=\"wp-caption aligncenter\"><a href=\"https:\/\/blogi.ennola.fi\/wp-content\/uploads\/2015\/04\/IMG_2077.jpg\" rel=\"lightbox[557]\"><img loading=\"lazy\" decoding=\"async\" aria-describedby=\"caption-attachment-744\" class=\"wp-image-744 size-full\" title=\"Nij\u00e1k-tunturialue hiiht\u00e4jien taustalla.\" src=\"https:\/\/blogi.ennola.fi\/wp-content\/uploads\/2015\/04\/IMG_2077-1.jpg\" alt=\"\" width=\"450\" height=\"250\" srcset=\"https:\/\/blogi.ennola.fi\/wp-content\/uploads\/2015\/04\/IMG_2077-1.jpg 450w, https:\/\/blogi.ennola.fi\/wp-content\/uploads\/2015\/04\/IMG_2077-1-150x83.jpg 150w\" sizes=\"(max-width: 450px) 100vw, 450px\" \/><\/a><p id=\"caption-attachment-744\" class=\"wp-caption-text\">Nij\u00e1k-tunturialue hiiht\u00e4jien taustalla.<\/p><\/div>\n<p>Retken tunnelma oli hyv\u00e4 ja rento. Etuk\u00e4teen j\u00e4nnitt\u00e4m\u00e4\u00e4ni \u00e4ij\u00e4ily\u00e4 ei ollut ja henki ryhm\u00e4ss\u00e4mme oli mielest\u00e4ni hyv\u00e4. Jaakon ammattitaito teki my\u00f6s vaikutuksen. H\u00e4n on ehtinyt ker\u00e4\u00e4m\u00e4\u00e4n melkoisen kokemuksen talviretkeilyst\u00e4, mik\u00e4 n\u00e4kyi h\u00e4nen opastuksessaan. Ja monesta asiasta mit\u00e4 h\u00e4n ei itse ollut kokeillut oli h\u00e4nell\u00e4 v\u00e4hint\u00e4\u00e4nkin toisenk\u00e4den tietoa. H\u00e4nell\u00e4 riitti my\u00f6s intoa keskustella legien aikana vieress\u00e4 hiiht\u00e4v\u00e4n kanssa monesta retkeilyyn ja luonnontuntemukseen liittyv\u00e4st\u00e4 asiasta. Itselleni my\u00f6s j\u00e4i mielikuva siit\u00e4, ett\u00e4 Jaakko hyvin tunnisti oman osaamisensa rajat, mik\u00e4 osaltaan lis\u00e4si luottamusta h\u00e4neen. Toki suurin osa opituista asioista olisi ollut opeteltavissa kirjojen avulla itse harjoittelemalla, mutta n\u00e4in kurssin muodossa ne oppii helpommin. Kurssilla tulee my\u00f6s helposti kokeiltua ja n\u00e4hdyksi sellaista, mit\u00e4 itse ei ehk\u00e4 tulisi kokeiltua.<\/p>\n<div id=\"attachment_735\" style=\"width: 460px\" class=\"wp-caption aligncenter\"><a href=\"https:\/\/blogi.ennola.fi\/wp-content\/uploads\/2015\/04\/IMG_2103.jpg\" rel=\"lightbox[557]\"><img loading=\"lazy\" decoding=\"async\" aria-describedby=\"caption-attachment-735\" class=\"wp-image-735 size-full\" title=\"Jaakko sondaa lumiluolan paikkaa.\" src=\"https:\/\/blogi.ennola.fi\/wp-content\/uploads\/2015\/04\/IMG_2103-1.jpg\" alt=\"\" width=\"450\" height=\"338\" srcset=\"https:\/\/blogi.ennola.fi\/wp-content\/uploads\/2015\/04\/IMG_2103-1.jpg 450w, https:\/\/blogi.ennola.fi\/wp-content\/uploads\/2015\/04\/IMG_2103-1-150x113.jpg 150w\" sizes=\"(max-width: 450px) 100vw, 450px\" \/><\/a><p id=\"caption-attachment-735\" class=\"wp-caption-text\">Jaakko sondaa lumiluolan paikkaa.<\/p><\/div>\n<div id=\"attachment_734\" style=\"width: 310px\" class=\"wp-caption aligncenter\"><a href=\"https:\/\/blogi.ennola.fi\/wp-content\/uploads\/2015\/04\/IMG_2104.jpg\" rel=\"lightbox[557]\"><img loading=\"lazy\" decoding=\"async\" aria-describedby=\"caption-attachment-734\" class=\"wp-image-734 size-full\" title=\"Lumiluolan kaivuu alkaa.\" src=\"https:\/\/blogi.ennola.fi\/wp-content\/uploads\/2015\/04\/IMG_2104-1.jpg\" alt=\"\" width=\"300\" height=\"400\" srcset=\"https:\/\/blogi.ennola.fi\/wp-content\/uploads\/2015\/04\/IMG_2104-1.jpg 300w, https:\/\/blogi.ennola.fi\/wp-content\/uploads\/2015\/04\/IMG_2104-1-113x150.jpg 113w\" sizes=\"(max-width: 300px) 100vw, 300px\" \/><\/a><p id=\"caption-attachment-734\" class=\"wp-caption-text\">Lumiluolan kaivuu alkaa.<\/p><\/div>\n<p>Kaiken kaikkiaan vaellus oli hyv\u00e4 ja opettavainen kokemus. Saattaa olla, ett\u00e4 sille tulee viel\u00e4 jatkoa tulevaisuudessa tavalla tai toisella.<\/p>\n<div id=\"attachment_736\" style=\"width: 460px\" class=\"wp-caption aligncenter\"><a href=\"https:\/\/blogi.ennola.fi\/wp-content\/uploads\/2015\/04\/IMG_2085.jpg\" rel=\"lightbox[557]\"><img loading=\"lazy\" decoding=\"async\" aria-describedby=\"caption-attachment-736\" class=\"wp-image-736 size-full\" title=\"Parijono etenee kohti lumiluolaleiri\u00e4.\" src=\"https:\/\/blogi.ennola.fi\/wp-content\/uploads\/2015\/04\/IMG_2085-1.jpg\" alt=\"\" width=\"450\" height=\"338\" srcset=\"https:\/\/blogi.ennola.fi\/wp-content\/uploads\/2015\/04\/IMG_2085-1.jpg 450w, https:\/\/blogi.ennola.fi\/wp-content\/uploads\/2015\/04\/IMG_2085-1-150x113.jpg 150w\" sizes=\"(max-width: 450px) 100vw, 450px\" \/><\/a><p id=\"caption-attachment-736\" class=\"wp-caption-text\">Parijono etenee kohti lumiluolaleiri\u00e4.<\/p><\/div>\n","protected":false},"excerpt":{"rendered":"<p>Vaativat arktiset vaellukset ovat minua aina kiinnostaneet. Samoin olen ollut kiinnostunut kehitt\u00e4m\u00e4\u00e4n omia talviretkeilytaitoja. Suomalaisen er\u00e4perinteen mukaista talviretkeilyn olen oppinut partiossa ja harjoittanut sit\u00e4 jo lapsuudestani l\u00e4htien. Seikkailukasvatuksen&#8230;<\/p>\n","protected":false},"author":1,"featured_media":758,"comment_status":"open","ping_status":"open","sticky":false,"template":"","format":"standard","meta":{"footnotes":""},"categories":[23,3],"tags":[],"_links":{"self":[{"href":"https:\/\/blogi.ennola.fi\/index.php?rest_route=\/wp\/v2\/posts\/557"}],"collection":[{"href":"https:\/\/blogi.ennola.fi\/index.php?rest_route=\/wp\/v2\/posts"}],"about":[{"href":"https:\/\/blogi.ennola.fi\/index.php?rest_route=\/wp\/v2\/types\/post"}],"author":[{"embeddable":true,"href":"https:\/\/blogi.ennola.fi\/index.php?rest_route=\/wp\/v2\/users\/1"}],"replies":[{"embeddable":true,"href":"https:\/\/blogi.ennola.fi\/index.php?rest_route=%2Fwp%2Fv2%2Fcomments&post=557"}],"version-history":[{"count":6,"href":"https:\/\/blogi.ennola.fi\/index.php?rest_route=\/wp\/v2\/posts\/557\/revisions"}],"predecessor-version":[{"id":5050,"href":"https:\/\/blogi.ennola.fi\/index.php?rest_route=\/wp\/v2\/posts\/557\/revisions\/5050"}],"wp:featuredmedia":[{"embeddable":true,"href":"https:\/\/blogi.ennola.fi\/index.php?rest_route=\/wp\/v2\/media\/758"}],"wp:attachment":[{"href":"https:\/\/blogi.ennola.fi\/index.php?rest_route=%2Fwp%2Fv2%2Fmedia&parent=557"}],"wp:term":[{"taxonomy":"category","embeddable":true,"href":"https:\/\/blogi.ennola.fi\/index.php?rest_route=%2Fwp%2Fv2%2Fcategories&post=557"},{"taxonomy":"post_tag","embeddable":true,"href":"https:\/\/blogi.ennola.fi\/index.php?rest_route=%2Fwp%2Fv2%2Ftags&post=557"}],"curies":[{"name":"wp","href":"https:\/\/api.w.org\/{rel}","templated":true}]}}