{"id":559,"date":"2015-03-16T20:44:49","date_gmt":"2015-03-16T18:44:49","guid":{"rendered":"https:\/\/blogi.ennola.fi\/?p=559"},"modified":"2020-06-08T08:41:36","modified_gmt":"2020-06-08T05:41:36","slug":"maisemakuvia-sarekista","status":"publish","type":"post","link":"https:\/\/blogi.ennola.fi\/?p=559","title":{"rendered":"Maisemakuvia Sarekista"},"content":{"rendered":"<p>Maaliskuun alusa osallistuin <a href=\"http:\/\/www.avotunturit.fi\/\">Ankarat avotunturit<\/a>-koulutusohjelman puitteissa <a href=\"http:\/\/korpijaakko.com\/\">Korpijaakon<\/a> opastamalle Sarekin vaellukselle. Vaelluksella p\u00e4\u00e4paino oli ahkion kanssa hiiht\u00e4misess\u00e4 ja talvivaellustaidoissa, joten kuvaaminen tapahtui sen ehdoilla. Kerran tunnissa oli n. 10 minuutin tauko, joka oli riitt\u00e4v\u00e4 kuvaamiseen tai juomiseen ja ev\u00e4iden sy\u00f6nttin. Harvemmin oli mahdollista tehd\u00e4 kaikkia kolmea asiaa yhden tauon aikana. Maisemat olivat kuitenkin usein niin upeita, ett\u00e4 tingitty\u00e4 tuli yleens\u00e4 ev\u00e4ist\u00e4 ja juomisesta.<\/p>\n<p>S\u00e4\u00e4t alueella oli vaihtelevat ja yleens\u00e4 aamulla ei pystynyt ulos katsomalla arvaamaan, miss\u00e4 s\u00e4\u00e4ss\u00e4 p\u00e4iv\u00e4 p\u00e4\u00e4ttyisi. Kuvaamiselle n\u00e4in vaihtelevat s\u00e4\u00e4t olivat plussaa ja onneksi kirkastakin s\u00e4\u00e4t\u00e4 riitti reiluksi vuorokaudeksi, jotta paikan vuoristoisia maisemia p\u00e4\u00e4si n\u00e4kem\u00e4\u00e4n. Melkoinen pettymys olisi ollut vaeltaa viikko usvassa p\u00e4\u00e4sem\u00e4tt\u00e4 kertaakaan n\u00e4kem\u00e4\u00e4n kunnolla maisemia. Pakkanen reissussa vaihteli nollan ja kahdenkymmenenviiden v\u00e4lill\u00e4, joten oman ongelmansa toi pokkarin akun toiminta. T\u00e4lle reissulle olin kuitenkin varannut mukaan ulkoisen akun kameralleni, jota pidin puseron alla, mik\u00e4 takasi melko hyv\u00e4\u00e4n kameran toiminnan koko reissun ajaksi. Toki pokkarin pieni\u00e4 s\u00e4\u00e4timi\u00e4 oli tuskallisen hankalaa k\u00e4ytt\u00e4\u00e4 kovassa pakkasessa ohuet sormikkaat k\u00e4dess\u00e4.<\/p>\n<div id=\"attachment_701\" style=\"width: 460px\" class=\"wp-caption aligncenter\"><a href=\"https:\/\/blogi.ennola.fi\/wp-content\/uploads\/2015\/03\/IMG_1718.jpg\" rel=\"lightbox[559]\"><img loading=\"lazy\" decoding=\"async\" aria-describedby=\"caption-attachment-701\" class=\"wp-image-701 size-full\" title=\"\u00c1hkk\u00e1-tunturi kuutamossa.\" src=\"https:\/\/blogi.ennola.fi\/wp-content\/uploads\/2015\/03\/IMG_1718-1.jpg\" alt=\"\" width=\"450\" height=\"338\" srcset=\"https:\/\/blogi.ennola.fi\/wp-content\/uploads\/2015\/03\/IMG_1718-1.jpg 450w, https:\/\/blogi.ennola.fi\/wp-content\/uploads\/2015\/03\/IMG_1718-1-150x113.jpg 150w\" sizes=\"(max-width: 450px) 100vw, 450px\" \/><\/a><p id=\"caption-attachment-701\" class=\"wp-caption-text\">\u00c1hkk\u00e1-tunturi kuutamossa.<\/p><\/div>\n<div id=\"attachment_680\" style=\"width: 490px\" class=\"wp-caption aligncenter\"><a href=\"https:\/\/blogi.ennola.fi\/wp-content\/uploads\/2015\/03\/Sarek_Panorama5.jpg\" rel=\"lightbox[559]\"><img loading=\"lazy\" decoding=\"async\" aria-describedby=\"caption-attachment-680\" class=\"wp-image-680 size-full\" title=\"\u00c1hkk\u00e1-tunturi aamulla auringon paistaessa sen takaa.\" src=\"https:\/\/blogi.ennola.fi\/wp-content\/uploads\/2015\/03\/Sarek_Panorama5-1.jpg\" alt=\"\" width=\"480\" height=\"113\" srcset=\"https:\/\/blogi.ennola.fi\/wp-content\/uploads\/2015\/03\/Sarek_Panorama5-1.jpg 480w, https:\/\/blogi.ennola.fi\/wp-content\/uploads\/2015\/03\/Sarek_Panorama5-1-150x35.jpg 150w\" sizes=\"(max-width: 480px) 100vw, 480px\" \/><\/a><p id=\"caption-attachment-680\" class=\"wp-caption-text\">\u00c1hkk\u00e1-tunturi aamulla auringon paistaessa sen takaa.<\/p><\/div>\n<div id=\"attachment_688\" style=\"width: 490px\" class=\"wp-caption aligncenter\"><a href=\"https:\/\/blogi.ennola.fi\/wp-content\/uploads\/2015\/03\/Sarek_Panorama12.jpg\" rel=\"lightbox[559]\"><img loading=\"lazy\" decoding=\"async\" aria-describedby=\"caption-attachment-688\" class=\"wp-image-688 size-full\" title=\"Pienen kurun sein\u00e4m\u00e4\u00e4 jonka takaa \u00c1hkk\u00e1-tunturipilkottaa. \" src=\"https:\/\/blogi.ennola.fi\/wp-content\/uploads\/2015\/03\/Sarek_Panorama12-1.jpg\" alt=\"\" width=\"480\" height=\"117\" srcset=\"https:\/\/blogi.ennola.fi\/wp-content\/uploads\/2015\/03\/Sarek_Panorama12-1.jpg 480w, https:\/\/blogi.ennola.fi\/wp-content\/uploads\/2015\/03\/Sarek_Panorama12-1-150x37.jpg 150w\" sizes=\"(max-width: 480px) 100vw, 480px\" \/><\/a><p id=\"caption-attachment-688\" class=\"wp-caption-text\">Pienen kurun sein\u00e4m\u00e4\u00e4 jonka takaa \u00c1hkk\u00e1-tunturipilkottaa.<\/p><\/div>\n<div id=\"attachment_689\" style=\"width: 490px\" class=\"wp-caption aligncenter\"><a href=\"https:\/\/blogi.ennola.fi\/wp-content\/uploads\/2015\/03\/Sarek_Panorama13.jpg\" rel=\"lightbox[559]\"><img loading=\"lazy\" decoding=\"async\" aria-describedby=\"caption-attachment-689\" class=\"wp-image-689 size-full\" title=\"Kisurisk\u00e5tan-tasanko.\" src=\"https:\/\/blogi.ennola.fi\/wp-content\/uploads\/2015\/03\/Sarek_Panorama13-1.jpg\" alt=\"\" width=\"480\" height=\"58\" srcset=\"https:\/\/blogi.ennola.fi\/wp-content\/uploads\/2015\/03\/Sarek_Panorama13-1.jpg 480w, https:\/\/blogi.ennola.fi\/wp-content\/uploads\/2015\/03\/Sarek_Panorama13-1-150x18.jpg 150w\" sizes=\"(max-width: 480px) 100vw, 480px\" \/><\/a><p id=\"caption-attachment-689\" class=\"wp-caption-text\">Kisurisk\u00e5tan-tasanko.<\/p><\/div>\n<div id=\"attachment_702\" style=\"width: 460px\" class=\"wp-caption aligncenter\"><a href=\"https:\/\/blogi.ennola.fi\/wp-content\/uploads\/2015\/03\/IMG_1822.jpg\" rel=\"lightbox[559]\"><img loading=\"lazy\" decoding=\"async\" aria-describedby=\"caption-attachment-702\" class=\"wp-image-702 size-full\" title=\"Nij\u00e1k eli 'm\u00f6rk\u00f6' kuunvalossa.\" src=\"https:\/\/blogi.ennola.fi\/wp-content\/uploads\/2015\/03\/IMG_1822-1.jpg\" alt=\"\" width=\"450\" height=\"338\" srcset=\"https:\/\/blogi.ennola.fi\/wp-content\/uploads\/2015\/03\/IMG_1822-1.jpg 450w, https:\/\/blogi.ennola.fi\/wp-content\/uploads\/2015\/03\/IMG_1822-1-150x113.jpg 150w\" sizes=\"(max-width: 450px) 100vw, 450px\" \/><\/a><p id=\"caption-attachment-702\" class=\"wp-caption-text\">Nij\u00e1k eli &#8217;m\u00f6rk\u00f6&#8217; kuunvalossa.<\/p><\/div>\n<div id=\"attachment_693\" style=\"width: 490px\" class=\"wp-caption aligncenter\"><a href=\"https:\/\/blogi.ennola.fi\/wp-content\/uploads\/2015\/03\/Sarek_Panorama17.jpg\" rel=\"lightbox[559]\"><img loading=\"lazy\" decoding=\"async\" aria-describedby=\"caption-attachment-693\" class=\"wp-image-693 size-full\" title=\"Ruohtesv\u00e1ggen maisemia l\u00e4hes kaikenpeitt\u00e4v\u00e4ss\u00e4 usvassa.\" src=\"https:\/\/blogi.ennola.fi\/wp-content\/uploads\/2015\/03\/Sarek_Panorama17-1.jpg\" alt=\"\" width=\"480\" height=\"96\" srcset=\"https:\/\/blogi.ennola.fi\/wp-content\/uploads\/2015\/03\/Sarek_Panorama17-1.jpg 480w, https:\/\/blogi.ennola.fi\/wp-content\/uploads\/2015\/03\/Sarek_Panorama17-1-150x30.jpg 150w\" sizes=\"(max-width: 480px) 100vw, 480px\" \/><\/a><p id=\"caption-attachment-693\" class=\"wp-caption-text\">Ruohtesv\u00e1ggen maisemia l\u00e4hes kaikenpeitt\u00e4v\u00e4ss\u00e4 usvassa.<\/p><\/div>\n<div id=\"attachment_685\" style=\"width: 490px\" class=\"wp-caption aligncenter\"><a href=\"https:\/\/blogi.ennola.fi\/wp-content\/uploads\/2015\/03\/Sarek_Panorama9.jpg\" rel=\"lightbox[559]\"><img loading=\"lazy\" decoding=\"async\" aria-describedby=\"caption-attachment-685\" class=\"wp-image-685 size-full\" title=\"Ilta-aurinko laskee Sk\u00e5rvatj\u00e5hkk\u00e5n taakse.\" src=\"https:\/\/blogi.ennola.fi\/wp-content\/uploads\/2015\/03\/Sarek_Panorama9-1.jpg\" alt=\"\" width=\"480\" height=\"80\" srcset=\"https:\/\/blogi.ennola.fi\/wp-content\/uploads\/2015\/03\/Sarek_Panorama9-1.jpg 480w, https:\/\/blogi.ennola.fi\/wp-content\/uploads\/2015\/03\/Sarek_Panorama9-1-150x25.jpg 150w\" sizes=\"(max-width: 480px) 100vw, 480px\" \/><\/a><p id=\"caption-attachment-685\" class=\"wp-caption-text\">Ilta-aurinko laskee Sk\u00e5rvatj\u00e5hkk\u00e5n taakse.<\/p><\/div>\n<div id=\"attachment_676\" style=\"width: 490px\" class=\"wp-caption aligncenter\"><a href=\"https:\/\/blogi.ennola.fi\/wp-content\/uploads\/2015\/03\/Sarek_Panorama1.jpg\" rel=\"lightbox[559]\"><img loading=\"lazy\" decoding=\"async\" aria-describedby=\"caption-attachment-676\" class=\"wp-image-676 size-full\" title=\"Ruohtesv\u00e1gge kuunvalossa.\" src=\"https:\/\/blogi.ennola.fi\/wp-content\/uploads\/2015\/03\/Sarek_Panorama1-1.jpg\" alt=\"\" width=\"480\" height=\"128\" srcset=\"https:\/\/blogi.ennola.fi\/wp-content\/uploads\/2015\/03\/Sarek_Panorama1-1.jpg 480w, https:\/\/blogi.ennola.fi\/wp-content\/uploads\/2015\/03\/Sarek_Panorama1-1-150x40.jpg 150w\" sizes=\"(max-width: 480px) 100vw, 480px\" \/><\/a><p id=\"caption-attachment-676\" class=\"wp-caption-text\">Ruohtesv\u00e1gge kuunvalossa.<\/p><\/div>\n<div id=\"attachment_683\" style=\"width: 490px\" class=\"wp-caption aligncenter\"><a href=\"https:\/\/blogi.ennola.fi\/wp-content\/uploads\/2015\/03\/Sarek_Panorama7.jpg\" rel=\"lightbox[559]\"><img loading=\"lazy\" decoding=\"async\" aria-describedby=\"caption-attachment-683\" class=\"wp-image-683 size-full\" title=\"\u00c5lkatjin tunturialue kuunvalossa, edess\u00e4 oikealla Sk\u00e1rj\u00e1tj\u00e5hkk\u00e5-tunturi.\" src=\"https:\/\/blogi.ennola.fi\/wp-content\/uploads\/2015\/03\/Sarek_Panorama7-1.jpg\" alt=\"\" width=\"480\" height=\"115\" srcset=\"https:\/\/blogi.ennola.fi\/wp-content\/uploads\/2015\/03\/Sarek_Panorama7-1.jpg 480w, https:\/\/blogi.ennola.fi\/wp-content\/uploads\/2015\/03\/Sarek_Panorama7-1-150x36.jpg 150w\" sizes=\"(max-width: 480px) 100vw, 480px\" \/><\/a><p id=\"caption-attachment-683\" class=\"wp-caption-text\">\u00c5lkatjin tunturialue kuunvalossa, edess\u00e4 oikealla Sk\u00e1rj\u00e1tj\u00e5hkk\u00e5-tunturi.<\/p><\/div>\n<div id=\"attachment_700\" style=\"width: 310px\" class=\"wp-caption aligncenter\"><a href=\"https:\/\/blogi.ennola.fi\/wp-content\/uploads\/2015\/03\/IMG_1933.jpg\" rel=\"lightbox[559]\"><img loading=\"lazy\" decoding=\"async\" aria-describedby=\"caption-attachment-700\" class=\"wp-image-700 size-full\" title=\" Yksin\u00e4isen suden j\u00e4lkijono tunturissa.\" src=\"https:\/\/blogi.ennola.fi\/wp-content\/uploads\/2015\/03\/IMG_1933-1.jpg\" alt=\"\" width=\"300\" height=\"400\" srcset=\"https:\/\/blogi.ennola.fi\/wp-content\/uploads\/2015\/03\/IMG_1933-1.jpg 300w, https:\/\/blogi.ennola.fi\/wp-content\/uploads\/2015\/03\/IMG_1933-1-113x150.jpg 113w\" sizes=\"(max-width: 300px) 100vw, 300px\" \/><\/a><p id=\"caption-attachment-700\" class=\"wp-caption-text\">Yksin\u00e4isen suden j\u00e4lkijono tunturissa.<\/p><\/div>\n<div id=\"attachment_682\" style=\"width: 490px\" class=\"wp-caption aligncenter\"><a href=\"https:\/\/blogi.ennola.fi\/wp-content\/uploads\/2015\/03\/Sarek_Panorama6.jpg\" rel=\"lightbox[559]\"><img loading=\"lazy\" decoding=\"async\" aria-describedby=\"caption-attachment-682\" class=\"wp-image-682 size-full\" title=\"Ruohtes-tunturit.\" src=\"https:\/\/blogi.ennola.fi\/wp-content\/uploads\/2015\/03\/Sarek_Panorama6-1.jpg\" alt=\"\" width=\"480\" height=\"145\" srcset=\"https:\/\/blogi.ennola.fi\/wp-content\/uploads\/2015\/03\/Sarek_Panorama6-1.jpg 480w, https:\/\/blogi.ennola.fi\/wp-content\/uploads\/2015\/03\/Sarek_Panorama6-1-150x45.jpg 150w\" sizes=\"(max-width: 480px) 100vw, 480px\" \/><\/a><p id=\"caption-attachment-682\" class=\"wp-caption-text\">Ruohtes-tunturit.<\/p><\/div>\n<div id=\"attachment_690\" style=\"width: 490px\" class=\"wp-caption aligncenter\"><a href=\"https:\/\/blogi.ennola.fi\/wp-content\/uploads\/2015\/03\/Sarek_Panorama14.jpg\" rel=\"lightbox[559]\"><img loading=\"lazy\" decoding=\"async\" aria-describedby=\"caption-attachment-690\" class=\"wp-image-690 size-full\" title=\"Guohpervagge-laakso, vasemmalla Guohpersk\u00e1jdde- ja oikealla Ruohtes-tunturit.\" src=\"https:\/\/blogi.ennola.fi\/wp-content\/uploads\/2015\/03\/Sarek_Panorama14-1.jpg\" alt=\"\" width=\"480\" height=\"87\" srcset=\"https:\/\/blogi.ennola.fi\/wp-content\/uploads\/2015\/03\/Sarek_Panorama14-1.jpg 480w, https:\/\/blogi.ennola.fi\/wp-content\/uploads\/2015\/03\/Sarek_Panorama14-1-150x27.jpg 150w\" sizes=\"(max-width: 480px) 100vw, 480px\" \/><\/a><p id=\"caption-attachment-690\" class=\"wp-caption-text\">Guohpervagge-laakso, vasemmalla Guohpersk\u00e1jdde- ja oikealla Ruohtes-tunturit.<\/p><\/div>\n<div id=\"attachment_681\" style=\"width: 490px\" class=\"wp-caption aligncenter\"><a href=\"https:\/\/blogi.ennola.fi\/wp-content\/uploads\/2015\/03\/Sarek_Panorama19.jpg\" rel=\"lightbox[559]\"><img loading=\"lazy\" decoding=\"async\" aria-describedby=\"caption-attachment-681\" class=\"wp-image-681 size-full\" title=\"Guohpervagge-laakso ja Sjielm\u00e1tj\u00e5hk\u00e5-tunturi.\" src=\"https:\/\/blogi.ennola.fi\/wp-content\/uploads\/2015\/03\/Sarek_Panorama19-1.jpg\" alt=\"\" width=\"480\" height=\"91\" srcset=\"https:\/\/blogi.ennola.fi\/wp-content\/uploads\/2015\/03\/Sarek_Panorama19-1.jpg 480w, https:\/\/blogi.ennola.fi\/wp-content\/uploads\/2015\/03\/Sarek_Panorama19-1-150x28.jpg 150w\" sizes=\"(max-width: 480px) 100vw, 480px\" \/><\/a><p id=\"caption-attachment-681\" class=\"wp-caption-text\">Guohpervagge-laakso ja Sjielm\u00e1tj\u00e5hk\u00e5-tunturi.<\/p><\/div>\n<div id=\"attachment_686\" style=\"width: 490px\" class=\"wp-caption aligncenter\"><a href=\"https:\/\/blogi.ennola.fi\/wp-content\/uploads\/2015\/03\/Sarek_Panorama10.jpg\" rel=\"lightbox[559]\"><img loading=\"lazy\" decoding=\"async\" aria-describedby=\"caption-attachment-686\" class=\"wp-image-686 size-full\" title=\"H\u00e4rr\u00e1b\u00e1kte- ja Ruohtes-tunturit, taustalla L\u00e1njektj\u00e5hkk\u00e5- ja Guohper-tunturit.\" src=\"https:\/\/blogi.ennola.fi\/wp-content\/uploads\/2015\/03\/Sarek_Panorama10-1.jpg\" alt=\"\" width=\"480\" height=\"76\" srcset=\"https:\/\/blogi.ennola.fi\/wp-content\/uploads\/2015\/03\/Sarek_Panorama10-1.jpg 480w, https:\/\/blogi.ennola.fi\/wp-content\/uploads\/2015\/03\/Sarek_Panorama10-1-150x24.jpg 150w\" sizes=\"(max-width: 480px) 100vw, 480px\" \/><\/a><p id=\"caption-attachment-686\" class=\"wp-caption-text\">H\u00e4rr\u00e1b\u00e1kte- ja Ruohtes-tunturit, taustalla L\u00e1njektj\u00e5hkk\u00e5- ja Guohper-tunturit.<\/p><\/div>\n<div id=\"attachment_677\" style=\"width: 490px\" class=\"wp-caption aligncenter\"><a href=\"https:\/\/blogi.ennola.fi\/wp-content\/uploads\/2015\/03\/Sarek_Panorama2.jpg\" rel=\"lightbox[559]\"><img loading=\"lazy\" decoding=\"async\" aria-describedby=\"caption-attachment-677\" class=\"wp-image-677 size-full\" title=\"Sama maisema lounastauon lopulla selke\u00e4mm\u00e4ss\u00e4 s\u00e4\u00e4ss\u00e4.\" src=\"https:\/\/blogi.ennola.fi\/wp-content\/uploads\/2015\/03\/Sarek_Panorama2-1.jpg\" alt=\"\" width=\"480\" height=\"92\" srcset=\"https:\/\/blogi.ennola.fi\/wp-content\/uploads\/2015\/03\/Sarek_Panorama2-1.jpg 480w, https:\/\/blogi.ennola.fi\/wp-content\/uploads\/2015\/03\/Sarek_Panorama2-1-150x29.jpg 150w\" sizes=\"(max-width: 480px) 100vw, 480px\" \/><\/a><p id=\"caption-attachment-677\" class=\"wp-caption-text\">Sama maisema lounastauon lopulla selke\u00e4mm\u00e4ss\u00e4 s\u00e4\u00e4ss\u00e4.<\/p><\/div>\n<div id=\"attachment_692\" style=\"width: 490px\" class=\"wp-caption aligncenter\"><a href=\"https:\/\/blogi.ennola.fi\/wp-content\/uploads\/2015\/03\/Sarek_Panorama16.jpg\" rel=\"lightbox[559]\"><img loading=\"lazy\" decoding=\"async\" aria-describedby=\"caption-attachment-692\" class=\"wp-image-692 size-full\" title=\"L\u00e1njektj\u00e5hkk\u00e5- ja Guohper-tunturit.\" src=\"https:\/\/blogi.ennola.fi\/wp-content\/uploads\/2015\/03\/Sarek_Panorama16-1.jpg\" alt=\"\" width=\"480\" height=\"76\" srcset=\"https:\/\/blogi.ennola.fi\/wp-content\/uploads\/2015\/03\/Sarek_Panorama16-1.jpg 480w, https:\/\/blogi.ennola.fi\/wp-content\/uploads\/2015\/03\/Sarek_Panorama16-1-150x24.jpg 150w\" sizes=\"(max-width: 480px) 100vw, 480px\" \/><\/a><p id=\"caption-attachment-692\" class=\"wp-caption-text\">L\u00e1njektj\u00e5hkk\u00e5- ja Guohper-tunturit.<\/p><\/div>\n<div id=\"attachment_684\" style=\"width: 490px\" class=\"wp-caption aligncenter\"><a href=\"https:\/\/blogi.ennola.fi\/wp-content\/uploads\/2015\/03\/Sarek_Panorama8.jpg\" rel=\"lightbox[559]\"><img loading=\"lazy\" decoding=\"async\" aria-describedby=\"caption-attachment-684\" class=\"wp-image-684 size-full\" title=\"L\u00e1njektj\u00e5hkk\u00e5-tunturi, takaa pilkottaa Njahke.\" src=\"https:\/\/blogi.ennola.fi\/wp-content\/uploads\/2015\/03\/Sarek_Panorama8-1.jpg\" alt=\"\" width=\"480\" height=\"89\" srcset=\"https:\/\/blogi.ennola.fi\/wp-content\/uploads\/2015\/03\/Sarek_Panorama8-1.jpg 480w, https:\/\/blogi.ennola.fi\/wp-content\/uploads\/2015\/03\/Sarek_Panorama8-1-150x28.jpg 150w\" sizes=\"(max-width: 480px) 100vw, 480px\" \/><\/a><p id=\"caption-attachment-684\" class=\"wp-caption-text\">L\u00e1njektj\u00e5hkk\u00e5-tunturi, takaa pilkottaa Njahke.<\/p><\/div>\n<div id=\"attachment_691\" style=\"width: 490px\" class=\"wp-caption aligncenter\"><a href=\"https:\/\/blogi.ennola.fi\/wp-content\/uploads\/2015\/03\/Sarek_Panorama15.jpg\" rel=\"lightbox[559]\"><img loading=\"lazy\" decoding=\"async\" aria-describedby=\"caption-attachment-691\" class=\"wp-image-691 size-full\" title=\"Guohper-tunturi.\" src=\"https:\/\/blogi.ennola.fi\/wp-content\/uploads\/2015\/03\/Sarek_Panorama15-1.jpg\" alt=\"\" width=\"480\" height=\"218\" srcset=\"https:\/\/blogi.ennola.fi\/wp-content\/uploads\/2015\/03\/Sarek_Panorama15-1.jpg 480w, https:\/\/blogi.ennola.fi\/wp-content\/uploads\/2015\/03\/Sarek_Panorama15-1-150x68.jpg 150w\" sizes=\"(max-width: 480px) 100vw, 480px\" \/><\/a><p id=\"caption-attachment-691\" class=\"wp-caption-text\">Guohper-tunturi.<\/p><\/div>\n<div id=\"attachment_678\" style=\"width: 490px\" class=\"wp-caption aligncenter\"><a href=\"https:\/\/blogi.ennola.fi\/wp-content\/uploads\/2015\/03\/Sarek_Panorama3.jpg\" rel=\"lightbox[559]\"><img loading=\"lazy\" decoding=\"async\" aria-describedby=\"caption-attachment-678\" class=\"wp-image-678 size-full\" title=\"Kuun nousu Guohperv\u00e1ggen suulla.\" src=\"https:\/\/blogi.ennola.fi\/wp-content\/uploads\/2015\/03\/Sarek_Panorama3-1.jpg\" alt=\"\" width=\"480\" height=\"180\" srcset=\"https:\/\/blogi.ennola.fi\/wp-content\/uploads\/2015\/03\/Sarek_Panorama3-1.jpg 480w, https:\/\/blogi.ennola.fi\/wp-content\/uploads\/2015\/03\/Sarek_Panorama3-1-150x56.jpg 150w\" sizes=\"(max-width: 480px) 100vw, 480px\" \/><\/a><p id=\"caption-attachment-678\" class=\"wp-caption-text\">Kuun nousu Guohperv\u00e1ggen suulla.<\/p><\/div>\n<div id=\"attachment_687\" style=\"width: 490px\" class=\"wp-caption aligncenter\"><a href=\"https:\/\/blogi.ennola.fi\/wp-content\/uploads\/2015\/03\/Sarek_Panorama11.jpg\" rel=\"lightbox[559]\"><img loading=\"lazy\" decoding=\"async\" aria-describedby=\"caption-attachment-687\" class=\"wp-image-687 size-full\" title=\"Padjelanten loivapiirteisempi\u00e4 maisemia Guohperv\u00e1ggen suulta.\" src=\"https:\/\/blogi.ennola.fi\/wp-content\/uploads\/2015\/03\/Sarek_Panorama11-1.jpg\" alt=\"\" width=\"480\" height=\"84\" srcset=\"https:\/\/blogi.ennola.fi\/wp-content\/uploads\/2015\/03\/Sarek_Panorama11-1.jpg 480w, https:\/\/blogi.ennola.fi\/wp-content\/uploads\/2015\/03\/Sarek_Panorama11-1-150x26.jpg 150w\" sizes=\"(max-width: 480px) 100vw, 480px\" \/><\/a><p id=\"caption-attachment-687\" class=\"wp-caption-text\">Padjelanten loivapiirteisempi\u00e4 maisemia Guohperv\u00e1ggen suulta.<\/p><\/div>\n<div id=\"attachment_694\" style=\"width: 490px\" class=\"wp-caption aligncenter\"><a href=\"https:\/\/blogi.ennola.fi\/wp-content\/uploads\/2015\/03\/Sarek_Panorama18.jpg\" rel=\"lightbox[559]\"><img loading=\"lazy\" decoding=\"async\" aria-describedby=\"caption-attachment-694\" class=\"wp-image-694 size-full\" title=\"Luminen \u00c1hkk\u00e1-tunturi pilkottaa Gisuriksen takaa.\" src=\"https:\/\/blogi.ennola.fi\/wp-content\/uploads\/2015\/03\/Sarek_Panorama18-1.jpg\" alt=\"\" width=\"480\" height=\"142\" srcset=\"https:\/\/blogi.ennola.fi\/wp-content\/uploads\/2015\/03\/Sarek_Panorama18-1.jpg 480w, https:\/\/blogi.ennola.fi\/wp-content\/uploads\/2015\/03\/Sarek_Panorama18-1-150x44.jpg 150w\" sizes=\"(max-width: 480px) 100vw, 480px\" \/><\/a><p id=\"caption-attachment-694\" class=\"wp-caption-text\">Luminen \u00c1hkk\u00e1-tunturi pilkottaa Gisuriksen takaa.<\/p><\/div>\n<div id=\"attachment_679\" style=\"width: 490px\" class=\"wp-caption aligncenter\"><a href=\"https:\/\/blogi.ennola.fi\/wp-content\/uploads\/2015\/03\/Sarek_Panorama4.jpg\" rel=\"lightbox[559]\"><img loading=\"lazy\" decoding=\"async\" aria-describedby=\"caption-attachment-679\" class=\"wp-image-679 size-full\" title=\"Sjnjuvtjudis-tunturi, jonka takana \u00c1hkk\u00e1 pilvien peitt\u00e4m\u00e4n\u00e4.\" src=\"https:\/\/blogi.ennola.fi\/wp-content\/uploads\/2015\/03\/Sarek_Panorama4-1.jpg\" alt=\"\" width=\"480\" height=\"130\" srcset=\"https:\/\/blogi.ennola.fi\/wp-content\/uploads\/2015\/03\/Sarek_Panorama4-1.jpg 480w, https:\/\/blogi.ennola.fi\/wp-content\/uploads\/2015\/03\/Sarek_Panorama4-1-150x41.jpg 150w\" sizes=\"(max-width: 480px) 100vw, 480px\" \/><\/a><p id=\"caption-attachment-679\" class=\"wp-caption-text\">Sjnjuvtjudis-tunturi, jonka takana \u00c1hkk\u00e1 pilvien peitt\u00e4m\u00e4n\u00e4.<\/p><\/div>\n<p>Reissun onnistuneinta kuva-antia oli mielest\u00e4ni monet y\u00f6kuvat. Edellisell\u00e4 kamerallani oli ollut niin paljon ongelmia y\u00f6kuvien ottamisessa, joten nytk\u00e4\u00e4n en ihan niin paljon satsannut y\u00f6kuvien ottamiseen, kuin olisi kannattanut. T\u00e4ll\u00e4 kameralla ei ollut samanlaisia ongelmia pitkien aikojen kanssa kun edellisell\u00e4 ja melko kovassakin tuulessa pitk\u00e4t, jopa minuutin valotusajalla kuvatut kuvat onnistuivat erinomaisesti.<\/p>\n","protected":false},"excerpt":{"rendered":"<p>Maaliskuun alusa osallistuin Ankarat avotunturit-koulutusohjelman puitteissa Korpijaakon opastamalle Sarekin vaellukselle. Vaelluksella p\u00e4\u00e4paino oli ahkion kanssa hiiht\u00e4misess\u00e4 ja talvivaellustaidoissa, joten kuvaaminen tapahtui sen ehdoilla. Kerran tunnissa oli n. 10&#8230;<\/p>\n","protected":false},"author":1,"featured_media":670,"comment_status":"open","ping_status":"open","sticky":false,"template":"","format":"standard","meta":{"footnotes":""},"categories":[23,4],"tags":[],"_links":{"self":[{"href":"https:\/\/blogi.ennola.fi\/index.php?rest_route=\/wp\/v2\/posts\/559"}],"collection":[{"href":"https:\/\/blogi.ennola.fi\/index.php?rest_route=\/wp\/v2\/posts"}],"about":[{"href":"https:\/\/blogi.ennola.fi\/index.php?rest_route=\/wp\/v2\/types\/post"}],"author":[{"embeddable":true,"href":"https:\/\/blogi.ennola.fi\/index.php?rest_route=\/wp\/v2\/users\/1"}],"replies":[{"embeddable":true,"href":"https:\/\/blogi.ennola.fi\/index.php?rest_route=%2Fwp%2Fv2%2Fcomments&post=559"}],"version-history":[{"count":7,"href":"https:\/\/blogi.ennola.fi\/index.php?rest_route=\/wp\/v2\/posts\/559\/revisions"}],"predecessor-version":[{"id":5052,"href":"https:\/\/blogi.ennola.fi\/index.php?rest_route=\/wp\/v2\/posts\/559\/revisions\/5052"}],"wp:featuredmedia":[{"embeddable":true,"href":"https:\/\/blogi.ennola.fi\/index.php?rest_route=\/wp\/v2\/media\/670"}],"wp:attachment":[{"href":"https:\/\/blogi.ennola.fi\/index.php?rest_route=%2Fwp%2Fv2%2Fmedia&parent=559"}],"wp:term":[{"taxonomy":"category","embeddable":true,"href":"https:\/\/blogi.ennola.fi\/index.php?rest_route=%2Fwp%2Fv2%2Fcategories&post=559"},{"taxonomy":"post_tag","embeddable":true,"href":"https:\/\/blogi.ennola.fi\/index.php?rest_route=%2Fwp%2Fv2%2Ftags&post=559"}],"curies":[{"name":"wp","href":"https:\/\/api.w.org\/{rel}","templated":true}]}}