{"id":5593,"date":"2020-08-07T11:19:44","date_gmt":"2020-08-07T08:19:44","guid":{"rendered":"https:\/\/blogi.ennola.fi\/?p=5593"},"modified":"2020-09-12T11:21:05","modified_gmt":"2020-09-12T08:21:05","slug":"matkamelontaa-reposaarelta-uittamolle","status":"publish","type":"post","link":"https:\/\/blogi.ennola.fi\/?p=5593","title":{"rendered":"Matkamelontaa Reposaarelta Uittamolle"},"content":{"rendered":"<p>Anopin luona Reposaaressa vieraillessa on aina v\u00e4lill\u00e4 miettinyt mahdollisuutta meloa sielt\u00e4 kotiin. Muutaman kerran olen jo reissua harkinnut, mutta kova l\u00e4nsituuli on hillinnyt intoa l\u00e4hte\u00e4 matkaan. Selk\u00e4meren osuus kun pit\u00e4\u00e4 sis\u00e4ll\u00e4\u00e4n melko avoimia selki\u00e4. Erityisesti Rihtniemen kierto ja Porin etel\u00e4puolen isot merenlahdet ovat paikkoja, jotka yksin kovassa keliss\u00e4 eiv\u00e4t ole vaikuttaneet kovin kiehtovilta.<\/p>\n<p>Hein\u00e4kuun lopulla viimeisen lomaviikkoni ajaksi tytt\u00e4reni oli l\u00e4hd\u00f6ss\u00e4 protuleirin ohjaajaksi Meriporiin, ja olin h\u00e4nelle luvannut autoni lainaan leirin k\u00e4ytt\u00f6\u00f6n. Nyt olisi siis hyv\u00e4 tilaisuus toteuttaa toi jo muutaman vuoden muhinut suunnitelma. Kun edellisell\u00e4 reissulla olin jo todennut kev\u00e4\u00e4ll\u00e4 murtuneen sel\u00e4n kest\u00e4v\u00e4n kohtuullisesti 25 km p\u00e4iv\u00e4melontoja, oli suunnitelma loman viimeiseksi retkeksi valmis. Ennen l\u00e4ht\u00f6\u00e4 s\u00e4\u00e4ikkunakin n\u00e4ytti suotuisalta melontaa varten: ainakin parina ensimm\u00e4isen\u00e4 p\u00e4iv\u00e4n\u00e4 tuuliolosuhteet olisivat kohtuullisia ja aikaa olisi ainakin yhteen varap\u00e4iv\u00e4\u00e4n.<\/p>\n<p>L\u00e4hdimme tytt\u00e4reni kanssa lauantaina puolilta p\u00e4ivin Raisiosta liikkeelle, mutta pahaksi onnekseni unohdin molemmat melani auton viereen pihaan ja vasta puolesta matkasta tajusin niiden puuttuvan. En oikein keksinyt muuta mahdollisuutta kuin palata hakemaan ne Raisiosta. Niinp\u00e4 kello olikin jo aika paljon, ennen kuin illalla Reposaaresta p\u00e4\u00e4sin liikkeelle. Meloin ensimm\u00e4isen\u00e4 iltana runsaat 12 km Kuuminaistenniemen edustan saarille.<\/p>\n<div id=\"attachment_5619\" style=\"width: 490px\" class=\"wp-caption aligncenter\"><a href=\"https:\/\/blogi.ennola.fi\/wp-content\/uploads\/2020\/08\/Selkam_Panorama8.jpg\" rel=\"lightbox[5593]\"><img loading=\"lazy\" decoding=\"async\" aria-describedby=\"caption-attachment-5619\" class=\"wp-image-5619 size-full\" title=\"Puskuuri, Kuuminainen.\" src=\"https:\/\/blogi.ennola.fi\/wp-content\/uploads\/2020\/08\/Selkam_Panorama8-1.jpg\" alt=\"\" width=\"480\" height=\"90\" srcset=\"https:\/\/blogi.ennola.fi\/wp-content\/uploads\/2020\/08\/Selkam_Panorama8-1.jpg 480w, https:\/\/blogi.ennola.fi\/wp-content\/uploads\/2020\/08\/Selkam_Panorama8-1-150x28.jpg 150w\" sizes=\"(max-width: 480px) 100vw, 480px\" \/><\/a><p id=\"caption-attachment-5619\" class=\"wp-caption-text\">Puskuuri, Kuuminainen.<\/p><\/div>\n<p>Aamulla keli oli hyv\u00e4, joten p\u00e4\u00e4tin jatkaa matkaa ulkomerelle S\u00e4pin majakkasaareen. S\u00e4pist\u00e4 jatkoin etel\u00e4\u00e4n Luvian saariston kautta. Tuuli oli noussut jo kohtalaiseksi, mutta aallokko pysyi kuitenkin varsin nautinnollisena. Illaksi olin haaveillut p\u00e4\u00e4sev\u00e4ni yst\u00e4v\u00e4ni m\u00f6kille Olkiluodon ydinvoimalan kupeeseen. Ihan siihen kunto ei riitt\u00e4nyt vaan jouduin j\u00e4\u00e4m\u00e4\u00e4n Olkiluodon toiselle puolelle y\u00f6t\u00e4 V\u00e4h\u00e4 Frouvankarille. Kilometrej\u00e4 kertyi kuitenkin reilusti yli tavoitteen yhteens\u00e4 37, mik\u00e4 oli kuitenkin paljon enemm\u00e4n kuin olin uskonut t\u00e4ll\u00e4 sel\u00e4ll\u00e4 olevan viel\u00e4 mahdollista.<\/p>\n<div id=\"attachment_5620\" style=\"width: 490px\" class=\"wp-caption aligncenter\"><a href=\"https:\/\/blogi.ennola.fi\/wp-content\/uploads\/2020\/08\/Selkam_Panorama16.jpg\" rel=\"lightbox[5593]\"><img loading=\"lazy\" decoding=\"async\" aria-describedby=\"caption-attachment-5620\" class=\"wp-image-5620 size-full\" title=\"S\u00e4pin majakka.\" src=\"https:\/\/blogi.ennola.fi\/wp-content\/uploads\/2020\/08\/Selkam_Panorama16-1.jpg\" alt=\"\" width=\"480\" height=\"145\" srcset=\"https:\/\/blogi.ennola.fi\/wp-content\/uploads\/2020\/08\/Selkam_Panorama16-1.jpg 480w, https:\/\/blogi.ennola.fi\/wp-content\/uploads\/2020\/08\/Selkam_Panorama16-1-150x45.jpg 150w\" sizes=\"(max-width: 480px) 100vw, 480px\" \/><\/a><p id=\"caption-attachment-5620\" class=\"wp-caption-text\">S\u00e4pin majakka.<\/p><\/div>\n<div id=\"attachment_5621\" style=\"width: 490px\" class=\"wp-caption aligncenter\"><a href=\"https:\/\/blogi.ennola.fi\/wp-content\/uploads\/2020\/08\/Selkam_Panorama7.jpg\" rel=\"lightbox[5593]\"><img loading=\"lazy\" decoding=\"async\" aria-describedby=\"caption-attachment-5621\" class=\"wp-image-5621 size-full\" title=\"V\u00e4h\u00e4 Frouvankari, Eurajoki.\" src=\"https:\/\/blogi.ennola.fi\/wp-content\/uploads\/2020\/08\/Selkam_Panorama7-1.jpg\" alt=\"\" width=\"480\" height=\"138\" srcset=\"https:\/\/blogi.ennola.fi\/wp-content\/uploads\/2020\/08\/Selkam_Panorama7-1.jpg 480w, https:\/\/blogi.ennola.fi\/wp-content\/uploads\/2020\/08\/Selkam_Panorama7-1-150x43.jpg 150w\" sizes=\"(max-width: 480px) 100vw, 480px\" \/><\/a><p id=\"caption-attachment-5621\" class=\"wp-caption-text\">V\u00e4h\u00e4 Frouvankari, Eurajoki.<\/p><\/div>\n<p>Toinen aamu valkeni kovassa it\u00e4tuulessa, joka nosti ihan kohtuullisen aallokon Olkiluodon pohjoispuoliseen salmeen. Aamun aurinko vaihtui nopeasti pilviseen. Olkiluodon voimalaitoksen lahdessa sain yll\u00e4tt\u00e4en maistella trooppisia olosuhteita: 30-asteista vett\u00e4 ja veden l\u00e4mmitt\u00e4m\u00e4\u00e4 tuulta. Saavuttuani yst\u00e4v\u00e4ni m\u00f6kille alkoikin sataa ja vietin siell\u00e4 useamman tunnin sadetta pit\u00e4m\u00e4ss\u00e4. Sateen tauottua l\u00e4hdin jatkamaan suojaisia vesi\u00e4 kohti Raumaa. Ennen Kuuskajaskarin saarta jouduin voimakkaaseen sadekuuroon, joka kasteli minut t\u00e4ydellisesti ja toi mukanaan voimakkaan tuulen ja aallokon.<\/p>\n<p>Kuuskajaskarissa k\u00e4vin muistelemassa armeija-ajan yht\u00e4 kuukautta, jonka vietin saarella. Hirve\u00e4n paljon muistoja ei tuosta ajasta ollut j\u00e4\u00e4nyt ja merivalvontatornikin, jossa p\u00e4ivitt\u00e4in olin p\u00e4ivyst\u00e4nyt n\u00e4ytti kovin vieraalta. Sade ja tuuli hellittiv\u00e4t ja l\u00e4hdin jatkamaan kohti etel\u00e4\u00e4. Hetken melottuani l\u00e4nnest\u00e4 alkoi pilven reuna l\u00e4hesty\u00e4 ja hetken p\u00e4\u00e4st\u00e4 aurinko jo paistoikin upeasti. Rantauduin nopeasti Hylkikartalle kuvaamaan upean hetken valaistusta. Auringon tultua esiin loppukin tuuli sammui ja p\u00e4\u00e4sin hyviss\u00e4 olosuhteissa melomaan Rihtniemen ymp\u00e4ri ja lopulta Uskelista l\u00f6ytyi paikka rantautua ja kaksi sopivaa puuta riippumatolle. Pitk\u00e4st\u00e4 tauosta huolimatta 32 kilometri\u00e4 melontaa.<\/p>\n<div id=\"attachment_5622\" style=\"width: 490px\" class=\"wp-caption aligncenter\"><a href=\"https:\/\/blogi.ennola.fi\/wp-content\/uploads\/2020\/08\/Selkam_Panorama6.jpg\" rel=\"lightbox[5593]\"><img loading=\"lazy\" decoding=\"async\" aria-describedby=\"caption-attachment-5622\" class=\"wp-image-5622 size-full\" title=\"Hylkikarta, Rauma.\" src=\"https:\/\/blogi.ennola.fi\/wp-content\/uploads\/2020\/08\/Selkam_Panorama6-1.jpg\" alt=\"\" width=\"480\" height=\"161\" srcset=\"https:\/\/blogi.ennola.fi\/wp-content\/uploads\/2020\/08\/Selkam_Panorama6-1.jpg 480w, https:\/\/blogi.ennola.fi\/wp-content\/uploads\/2020\/08\/Selkam_Panorama6-1-150x50.jpg 150w\" sizes=\"(max-width: 480px) 100vw, 480px\" \/><\/a><p id=\"caption-attachment-5622\" class=\"wp-caption-text\">Hylkikarta, Rauma.<\/p><\/div>\n<div id=\"attachment_5623\" style=\"width: 490px\" class=\"wp-caption aligncenter\"><a href=\"https:\/\/blogi.ennola.fi\/wp-content\/uploads\/2020\/08\/Selkam_Panorama3.jpg\" rel=\"lightbox[5593]\"><img loading=\"lazy\" decoding=\"async\" aria-describedby=\"caption-attachment-5623\" class=\"wp-image-5623 size-full\" title=\"Raumanmeri, Hylkikarta.\" src=\"https:\/\/blogi.ennola.fi\/wp-content\/uploads\/2020\/08\/Selkam_Panorama3-1.jpg\" alt=\"\" width=\"480\" height=\"107\" srcset=\"https:\/\/blogi.ennola.fi\/wp-content\/uploads\/2020\/08\/Selkam_Panorama3-1.jpg 480w, https:\/\/blogi.ennola.fi\/wp-content\/uploads\/2020\/08\/Selkam_Panorama3-1-150x33.jpg 150w\" sizes=\"(max-width: 480px) 100vw, 480px\" \/><\/a><p id=\"caption-attachment-5623\" class=\"wp-caption-text\">Raumanmeri, Hylkikarta.<\/p><\/div>\n<div id=\"attachment_5624\" style=\"width: 490px\" class=\"wp-caption aligncenter\"><a href=\"https:\/\/blogi.ennola.fi\/wp-content\/uploads\/2020\/08\/Selkam_Panorama15.jpg\" rel=\"lightbox[5593]\"><img loading=\"lazy\" decoding=\"async\" aria-describedby=\"caption-attachment-5624\" class=\"wp-image-5624 size-full\" title=\"Hylkikarta, Rauma.\" src=\"https:\/\/blogi.ennola.fi\/wp-content\/uploads\/2020\/08\/Selkam_Panorama15-1.jpg\" alt=\"\" width=\"480\" height=\"104\" srcset=\"https:\/\/blogi.ennola.fi\/wp-content\/uploads\/2020\/08\/Selkam_Panorama15-1.jpg 480w, https:\/\/blogi.ennola.fi\/wp-content\/uploads\/2020\/08\/Selkam_Panorama15-1-150x33.jpg 150w\" sizes=\"(max-width: 480px) 100vw, 480px\" \/><\/a><p id=\"caption-attachment-5624\" class=\"wp-caption-text\">Hylkikarta, Rauma.<\/p><\/div>\n<div id=\"attachment_5625\" style=\"width: 490px\" class=\"wp-caption aligncenter\"><a href=\"https:\/\/blogi.ennola.fi\/wp-content\/uploads\/2020\/08\/Selkam_Panorama13.jpg\" rel=\"lightbox[5593]\"><img loading=\"lazy\" decoding=\"async\" aria-describedby=\"caption-attachment-5625\" class=\"wp-image-5625 size-full\" title=\"Hylkikarta, Rauma.\" src=\"https:\/\/blogi.ennola.fi\/wp-content\/uploads\/2020\/08\/Selkam_Panorama13-1.jpg\" alt=\"\" width=\"480\" height=\"153\" srcset=\"https:\/\/blogi.ennola.fi\/wp-content\/uploads\/2020\/08\/Selkam_Panorama13-1.jpg 480w, https:\/\/blogi.ennola.fi\/wp-content\/uploads\/2020\/08\/Selkam_Panorama13-1-150x48.jpg 150w\" sizes=\"(max-width: 480px) 100vw, 480px\" \/><\/a><p id=\"caption-attachment-5625\" class=\"wp-caption-text\">Hylkikarta, Rauma.<\/p><\/div>\n<div id=\"attachment_5610\" style=\"width: 490px\" class=\"wp-caption aligncenter\"><a href=\"https:\/\/blogi.ennola.fi\/wp-content\/uploads\/2020\/08\/Selkam_Panorama5.jpg\" rel=\"lightbox[5593]\"><img loading=\"lazy\" decoding=\"async\" aria-describedby=\"caption-attachment-5610\" class=\"wp-image-5610 size-full\" title=\"Uskeli, Rihtniemi.\" src=\"https:\/\/blogi.ennola.fi\/wp-content\/uploads\/2020\/08\/Selkam_Panorama5-1.jpg\" alt=\"\" width=\"480\" height=\"181\" srcset=\"https:\/\/blogi.ennola.fi\/wp-content\/uploads\/2020\/08\/Selkam_Panorama5-1.jpg 480w, https:\/\/blogi.ennola.fi\/wp-content\/uploads\/2020\/08\/Selkam_Panorama5-1-150x57.jpg 150w\" sizes=\"(max-width: 480px) 100vw, 480px\" \/><\/a><p id=\"caption-attachment-5610\" class=\"wp-caption-text\">Uskeli, Rihtniemi.<\/p><\/div>\n<p>Kolmas aamu alkoi kaiken kastelevassa sumussa, jota kesti kutakuinkin puoleen p\u00e4iv\u00e4\u00e4n saakka. Halusin hieman saada kamoja kuivaksi ennen l\u00e4ht\u00f6\u00e4, joten aamu p\u00e4\u00e4si v\u00e4h\u00e4n venahtamaan. P\u00e4iv\u00e4 oli melko heikko tuulinen, joten meloin avoimien selkien reunassa kohti Uuttakaupunkia. Jossain ulkomerell\u00e4 entiset oppilaani Sanna-Mari ja Panu meloivat minua vastaan. Y\u00f6t\u00e4 j\u00e4in Laatiskerin saareen Uudenkaupungin edustalle. Merikortin mukaan saarella olisi pit\u00e4nyt olla pienvenesatama, mutta sellaisesta en n\u00e4hnyt merkkej\u00e4. My\u00f6h\u00e4isest\u00e4 aamusta huolimatta melontakilometrej\u00e4 kertyi 33.<\/p>\n<div id=\"attachment_5618\" style=\"width: 490px\" class=\"wp-caption aligncenter\"><a href=\"https:\/\/blogi.ennola.fi\/wp-content\/uploads\/2020\/08\/Selkam_Panorama14.jpg\" rel=\"lightbox[5593]\"><img loading=\"lazy\" decoding=\"async\" aria-describedby=\"caption-attachment-5618\" class=\"wp-image-5618 size-full\" title=\"Iso Laitakari, Pyh\u00e4maa.\" src=\"https:\/\/blogi.ennola.fi\/wp-content\/uploads\/2020\/08\/Selkam_Panorama14-1.jpg\" alt=\"\" width=\"480\" height=\"134\" srcset=\"https:\/\/blogi.ennola.fi\/wp-content\/uploads\/2020\/08\/Selkam_Panorama14-1.jpg 480w, https:\/\/blogi.ennola.fi\/wp-content\/uploads\/2020\/08\/Selkam_Panorama14-1-150x42.jpg 150w\" sizes=\"(max-width: 480px) 100vw, 480px\" \/><\/a><p id=\"caption-attachment-5618\" class=\"wp-caption-text\">Iso Laitakari, Pyh\u00e4maa.<\/p><\/div>\n<div id=\"attachment_5617\" style=\"width: 490px\" class=\"wp-caption aligncenter\"><a href=\"https:\/\/blogi.ennola.fi\/wp-content\/uploads\/2020\/08\/Selkam_Panorama4.jpg\" rel=\"lightbox[5593]\"><img loading=\"lazy\" decoding=\"async\" aria-describedby=\"caption-attachment-5617\" class=\"wp-image-5617 size-full\" title=\"Pookinaukko, S\u00e4\u00e4renp\u00e4\u00e4.\" src=\"https:\/\/blogi.ennola.fi\/wp-content\/uploads\/2020\/08\/Selkam_Panorama4-1.jpg\" alt=\"\" width=\"480\" height=\"94\" srcset=\"https:\/\/blogi.ennola.fi\/wp-content\/uploads\/2020\/08\/Selkam_Panorama4-1.jpg 480w, https:\/\/blogi.ennola.fi\/wp-content\/uploads\/2020\/08\/Selkam_Panorama4-1-150x29.jpg 150w\" sizes=\"(max-width: 480px) 100vw, 480px\" \/><\/a><p id=\"caption-attachment-5617\" class=\"wp-caption-text\">Pookinaukko, S\u00e4\u00e4renp\u00e4\u00e4.<\/p><\/div>\n<div id=\"attachment_5616\" style=\"width: 490px\" class=\"wp-caption aligncenter\"><a href=\"https:\/\/blogi.ennola.fi\/wp-content\/uploads\/2020\/08\/Selkam_Panorama9.jpg\" rel=\"lightbox[5593]\"><img loading=\"lazy\" decoding=\"async\" aria-describedby=\"caption-attachment-5616\" class=\"wp-image-5616 size-full\" title=\"Laattiskeri, Uusikaupunki.\" src=\"https:\/\/blogi.ennola.fi\/wp-content\/uploads\/2020\/08\/Selkam_Panorama9-1.jpg\" alt=\"\" width=\"480\" height=\"120\" srcset=\"https:\/\/blogi.ennola.fi\/wp-content\/uploads\/2020\/08\/Selkam_Panorama9-1.jpg 480w, https:\/\/blogi.ennola.fi\/wp-content\/uploads\/2020\/08\/Selkam_Panorama9-1-150x38.jpg 150w\" sizes=\"(max-width: 480px) 100vw, 480px\" \/><\/a><p id=\"caption-attachment-5616\" class=\"wp-caption-text\">Laattiskeri, Uusikaupunki.<\/p><\/div>\n<p>Nelj\u00e4nten\u00e4 y\u00f6n\u00e4 sade kasteli varusteet ja nosti navakan lounaistuulen. Kova tuuli ei houkuttanut melomaan suoraan Kustaviin avoimen sel\u00e4n ylitse. Niinp\u00e4 laskettelin my\u00f6t\u00e4tuuleen Uudenkaupungin saariston suojiin. Tuolla my\u00f6t\u00e4tuuliosuudella aallot kasvoivat, mit\u00e4 kauemmaksi p\u00e4\u00e4sin y\u00f6pymissaareni suojasta ja mit\u00e4 l\u00e4hemm\u00e4ksi p\u00e4\u00e4sin saariston suojaa. Loppumatkasta aallot olivatkin jo ihan kohtuullisen kokoisia. Saariston suojissa tein pikkasen aiempia p\u00e4ivi\u00e4 lyhyemm\u00e4n p\u00e4iv\u00e4matkan ja kun Kustavista l\u00f6ytyi sopiva m\u00f6kit\u00f6n niemenk\u00e4rki, j\u00e4in siihen y\u00f6t\u00e4. P\u00e4iv\u00e4n saldo vajaa 29 kilometri\u00e4.<\/p>\n<div id=\"attachment_5615\" style=\"width: 490px\" class=\"wp-caption aligncenter\"><a href=\"https:\/\/blogi.ennola.fi\/wp-content\/uploads\/2020\/08\/Selkam_Panorama10.jpg\" rel=\"lightbox[5593]\"><img loading=\"lazy\" decoding=\"async\" aria-describedby=\"caption-attachment-5615\" class=\"wp-image-5615 size-full\" title=\"Kivikari, Taivassalo.\" src=\"https:\/\/blogi.ennola.fi\/wp-content\/uploads\/2020\/08\/Selkam_Panorama10-1.jpg\" alt=\"\" width=\"480\" height=\"195\" srcset=\"https:\/\/blogi.ennola.fi\/wp-content\/uploads\/2020\/08\/Selkam_Panorama10-1.jpg 480w, https:\/\/blogi.ennola.fi\/wp-content\/uploads\/2020\/08\/Selkam_Panorama10-1-150x61.jpg 150w\" sizes=\"(max-width: 480px) 100vw, 480px\" \/><\/a><p id=\"caption-attachment-5615\" class=\"wp-caption-text\">Kivikari, Taivassalo.<\/p><\/div>\n<div id=\"attachment_5614\" style=\"width: 490px\" class=\"wp-caption aligncenter\"><a href=\"https:\/\/blogi.ennola.fi\/wp-content\/uploads\/2020\/08\/Selkam_Panorama1.jpg\" rel=\"lightbox[5593]\"><img loading=\"lazy\" decoding=\"async\" aria-describedby=\"caption-attachment-5614\" class=\"wp-image-5614 size-full\" title=\"Risteenp\u00e4\u00e4nniemi, Kustavi.\" src=\"https:\/\/blogi.ennola.fi\/wp-content\/uploads\/2020\/08\/Selkam_Panorama1-1.jpg\" alt=\"\" width=\"480\" height=\"206\" srcset=\"https:\/\/blogi.ennola.fi\/wp-content\/uploads\/2020\/08\/Selkam_Panorama1-1.jpg 480w, https:\/\/blogi.ennola.fi\/wp-content\/uploads\/2020\/08\/Selkam_Panorama1-1-150x64.jpg 150w\" sizes=\"(max-width: 480px) 100vw, 480px\" \/><\/a><p id=\"caption-attachment-5614\" class=\"wp-caption-text\">Risteenp\u00e4\u00e4nniemi, Kustavi.<\/p><\/div>\n<div id=\"attachment_5613\" style=\"width: 490px\" class=\"wp-caption aligncenter\"><a href=\"https:\/\/blogi.ennola.fi\/wp-content\/uploads\/2020\/08\/Selkam_Panorama11.jpg\" rel=\"lightbox[5593]\"><img loading=\"lazy\" decoding=\"async\" aria-describedby=\"caption-attachment-5613\" class=\"wp-image-5613 size-full\" title=\"Risteenp\u00e4\u00e4nniemi, Kustavi.\" src=\"https:\/\/blogi.ennola.fi\/wp-content\/uploads\/2020\/08\/Selkam_Panorama11-1.jpg\" alt=\"\" width=\"480\" height=\"152\" srcset=\"https:\/\/blogi.ennola.fi\/wp-content\/uploads\/2020\/08\/Selkam_Panorama11-1.jpg 480w, https:\/\/blogi.ennola.fi\/wp-content\/uploads\/2020\/08\/Selkam_Panorama11-1-150x48.jpg 150w\" sizes=\"(max-width: 480px) 100vw, 480px\" \/><\/a><p id=\"caption-attachment-5613\" class=\"wp-caption-text\">Risteenp\u00e4\u00e4nniemi, Kustavi.<\/p><\/div>\n<p>Kustavista jatkoin kohti kaakkoa. Tipsuntin salmi tarjosi pikkasen j\u00e4nnityst\u00e4, mutta riskinotto kannatti ja mahduin pienest\u00e4 aukosta l\u00e4pi ja p\u00e4\u00e4sin eteenp\u00e4in. T\u00e4ss\u00e4 vaiheessa olisikin paluu takaisin ja Aaslaluodon tai Kahiluodon kiert\u00e4minen tuntunutkin varsin tyls\u00e4lt\u00e4. L\u00e4nsiaukko tarjosi j\u00e4nnityst\u00e4 aallokon muodossa, mutta hyvin selvisin Velkuan saariston suojaan. Jatkoin matkaa tuttuihin maisemiin kohti Rym\u00e4ttyl\u00e4\u00e4, miss\u00e4 menin viimeiseksi y\u00f6ksi Ruotsalaisen etel\u00e4puolella olevaan Riukuluotoon, jonka muistin Naantalin kaupungin virkistyssaareksi. Meripelastusseuralla on saarella tukikohtansa ja juttelin pitk\u00e4\u00e4n seuralaisten kanssa illalla. Normip\u00e4iv\u00e4, 35 km.<\/p>\n<div id=\"attachment_5612\" style=\"width: 490px\" class=\"wp-caption aligncenter\"><a href=\"https:\/\/blogi.ennola.fi\/wp-content\/uploads\/2020\/08\/Selkam_Panorama12.jpg\" rel=\"lightbox[5593]\"><img loading=\"lazy\" decoding=\"async\" aria-describedby=\"caption-attachment-5612\" class=\"wp-image-5612 size-full\" title=\"Riukuluoto, Rym\u00e4ttyl\u00e4.\" src=\"https:\/\/blogi.ennola.fi\/wp-content\/uploads\/2020\/08\/Selkam_Panorama12-1.jpg\" alt=\"\" width=\"480\" height=\"122\" srcset=\"https:\/\/blogi.ennola.fi\/wp-content\/uploads\/2020\/08\/Selkam_Panorama12-1.jpg 480w, https:\/\/blogi.ennola.fi\/wp-content\/uploads\/2020\/08\/Selkam_Panorama12-1-150x38.jpg 150w\" sizes=\"(max-width: 480px) 100vw, 480px\" \/><\/a><p id=\"caption-attachment-5612\" class=\"wp-caption-text\">Riukuluoto, Rym\u00e4ttyl\u00e4.<\/p><\/div>\n<div id=\"attachment_5611\" style=\"width: 490px\" class=\"wp-caption aligncenter\"><a href=\"https:\/\/blogi.ennola.fi\/wp-content\/uploads\/2020\/08\/Selkam_Panorama2.jpg\" rel=\"lightbox[5593]\"><img loading=\"lazy\" decoding=\"async\" aria-describedby=\"caption-attachment-5611\" class=\"wp-image-5611 size-full\" title=\"Riukuluoto, Rym\u00e4ttyl\u00e4.\" src=\"https:\/\/blogi.ennola.fi\/wp-content\/uploads\/2020\/08\/Selkam_Panorama2-1.jpg\" alt=\"\" width=\"480\" height=\"160\" srcset=\"https:\/\/blogi.ennola.fi\/wp-content\/uploads\/2020\/08\/Selkam_Panorama2-1.jpg 480w, https:\/\/blogi.ennola.fi\/wp-content\/uploads\/2020\/08\/Selkam_Panorama2-1-150x50.jpg 150w\" sizes=\"(max-width: 480px) 100vw, 480px\" \/><\/a><p id=\"caption-attachment-5611\" class=\"wp-caption-text\">Riukuluoto, Rym\u00e4ttyl\u00e4.<\/p><\/div>\n<p>Viimeisen\u00e4 aamuna oli toinenkin kaasupulloni p\u00e4\u00e4ssyt tyhjentym\u00e4\u00e4n keittimess\u00e4ni. Ensimm\u00e4isell\u00e4 kerralla luulin unohtaneeni sulkea hanan, mutta nyt hana oli kyll\u00e4 ollut ihan kunnolla kiinni. Enp\u00e4 taida ostaa tuota kaasulaatua en\u00e4\u00e4 enemp\u00e4\u00e4. J\u00e4in siis harmittavasti ilman l\u00e4mmint\u00e4 aamiaista. Kylmi\u00e4kin ev\u00e4it\u00e4 oli toki riitt\u00e4v\u00e4sti tarjolla, mutta kyll\u00e4 tuollainen kaasun tyhjeneminen on harmillista. P\u00e4iv\u00e4n ensimm\u00e4isen tauon pidinkin R\u00f6\u00f6l\u00e4n rantaravintolassa hampurilaisaterian merkeiss\u00e4 ja Satavassa poikkesin viel\u00e4 j\u00e4tskill\u00e4. Airiston ylitys navakassa pohjoistuulessa j\u00e4nnitti hieman etuk\u00e4teen, mutta olosuhteet olivat h\u00e4mm\u00e4stytt\u00e4v\u00e4n helpot. P\u00e4iv\u00e4n tiukin kohta olikin viimeiset kolme kilometri\u00e4 Uittamon vajalla, miss\u00e4 sain puskea ihan t\u00e4ysill\u00e4 vastatuuleen saadakseni kajakin liikkumaan. Normip\u00e4iv\u00e4, 35 km.<\/p>\n<p>Saavuin Uittamolle p\u00e4iv\u00e4n etuajassa siit\u00e4, mit\u00e4 alun perin ajatellut. Retken kokonaismatkaksi tuli 213 km, joten keskim\u00e4\u00e4rin meloin 33,5 km p\u00e4iv\u00e4ss\u00e4. Matka jakaantui yhteens\u00e4 24 legiin, joten keskim\u00e4\u00e4r\u00e4inen legin pituus oli 1,5 tuntia ja vajaa 9 kilometri\u00e4. Se on sek\u00e4 pisin yht\u00e4jaksoinen melontaretki, sek\u00e4 nopein siin\u00e4 mieless\u00e4, ett\u00e4 p\u00e4iv\u00e4matkat olivat pidempi\u00e4, kuin mit\u00e4 mulla aiemmin on ollut. Olen toki yli 40 km p\u00e4iv\u00e4melontoja tehnyt ja joku alam\u00e4keen tehty retkikin on saattanut olla pidemmill\u00e4 p\u00e4iv\u00e4matkoilla. Ajallisesti olisin monena p\u00e4iv\u00e4n\u00e4 voinut tehd\u00e4 viel\u00e4 yhden legin, mutta siihen selk\u00e4 ei viel\u00e4 olisi antanut my\u00f6den. Se kuitenkin tuntui hyv\u00e4lt\u00e4, ett\u00e4 t\u00e4m\u00e4n j\u00e4lkeen saatoin aika luottavaisin mielin todeta sel\u00e4n kest\u00e4v\u00e4n melontaa entiseen tapaan.<\/p>\n","protected":false},"excerpt":{"rendered":"<p>Anopin luona Reposaaressa vieraillessa on aina v\u00e4lill\u00e4 miettinyt mahdollisuutta meloa sielt\u00e4 kotiin. Muutaman kerran olen jo reissua harkinnut, mutta kova l\u00e4nsituuli on hillinnyt intoa l\u00e4hte\u00e4 matkaan. Selk\u00e4meren osuus&#8230;<\/p>\n","protected":false},"author":1,"featured_media":5626,"comment_status":"open","ping_status":"open","sticky":false,"template":"","format":"standard","meta":{"footnotes":""},"categories":[4,8],"tags":[],"_links":{"self":[{"href":"https:\/\/blogi.ennola.fi\/index.php?rest_route=\/wp\/v2\/posts\/5593"}],"collection":[{"href":"https:\/\/blogi.ennola.fi\/index.php?rest_route=\/wp\/v2\/posts"}],"about":[{"href":"https:\/\/blogi.ennola.fi\/index.php?rest_route=\/wp\/v2\/types\/post"}],"author":[{"embeddable":true,"href":"https:\/\/blogi.ennola.fi\/index.php?rest_route=\/wp\/v2\/users\/1"}],"replies":[{"embeddable":true,"href":"https:\/\/blogi.ennola.fi\/index.php?rest_route=%2Fwp%2Fv2%2Fcomments&post=5593"}],"version-history":[{"count":4,"href":"https:\/\/blogi.ennola.fi\/index.php?rest_route=\/wp\/v2\/posts\/5593\/revisions"}],"predecessor-version":[{"id":5674,"href":"https:\/\/blogi.ennola.fi\/index.php?rest_route=\/wp\/v2\/posts\/5593\/revisions\/5674"}],"wp:featuredmedia":[{"embeddable":true,"href":"https:\/\/blogi.ennola.fi\/index.php?rest_route=\/wp\/v2\/media\/5626"}],"wp:attachment":[{"href":"https:\/\/blogi.ennola.fi\/index.php?rest_route=%2Fwp%2Fv2%2Fmedia&parent=5593"}],"wp:term":[{"taxonomy":"category","embeddable":true,"href":"https:\/\/blogi.ennola.fi\/index.php?rest_route=%2Fwp%2Fv2%2Fcategories&post=5593"},{"taxonomy":"post_tag","embeddable":true,"href":"https:\/\/blogi.ennola.fi\/index.php?rest_route=%2Fwp%2Fv2%2Ftags&post=5593"}],"curies":[{"name":"wp","href":"https:\/\/api.w.org\/{rel}","templated":true}]}}