{"id":561,"date":"2015-03-22T20:46:12","date_gmt":"2015-03-22T18:46:12","guid":{"rendered":"https:\/\/blogi.ennola.fi\/?p=561"},"modified":"2023-01-04T23:16:49","modified_gmt":"2023-01-04T21:16:49","slug":"lisavirtalahde-pokkariin","status":"publish","type":"post","link":"https:\/\/blogi.ennola.fi\/?p=561","title":{"rendered":"Lis\u00e4virtal\u00e4hde pokkariin"},"content":{"rendered":"<p>Tammikuun vaelluksella Inarij\u00e4rvell\u00e4 k\u00e4vi ilmi, ett\u00e4 muuten niin mainiossa pokkarissani Canon G16 on sellainen ongelma, ett\u00e4 akun teho ei oikein tahdo riitt\u00e4\u00e4 kuvaamiseen yli 15 asteen pakkasessa. Vaikka akku olisikin t\u00e4ynn\u00e4, ei sill\u00e4 saa kuvattua kuin muutaman kuvan, kun kamera jo alkaa valittaa akun loppumisesta. Yksi ratkaisu olisi pit\u00e4\u00e4 kameraa paidan alla l\u00e4mpim\u00e4ss\u00e4 ja ottaa se sielt\u00e4 kuvaamista varten esiin. Ahkiota vet\u00e4ess\u00e4 talvella pakkaa puseron alla olla my\u00f6s kosteaa ja kosteus sek\u00e4 pakkanen ovat tunnetusti tuhoisa yhdistelm\u00e4 hienomekaniikalle. Kameran s\u00e4il\u00f6minen vesitiiviiseen pussiin taas alkaa olla melkoista s\u00e4\u00e4t\u00e4mist\u00e4, joten p\u00e4\u00e4tin etsi\u00e4 toisenlaista ratkaisua asiaan.<\/p>\n<p>Niinp\u00e4 koetin etsi\u00e4 sovitetta, jolla kameran akun voisi siirt\u00e4\u00e4 l\u00e4mpim\u00e4\u00e4n puseron alle. Googlettamalla ja luontokuvaajien keskustelupalstalta kyselem\u00e4ll\u00e4 asiaan ei n\u00e4ytt\u00e4nyt l\u00f6ytyv\u00e4n kaupallisia ratkaisuja, joten ainoaksi vaihtoehdoksi j\u00e4i rakentaa sellainen itse. Mietin miten rakentaisin viallisesta paristosta sovitteen ja yhdist\u00e4isin sen paristokoteloon, johon olisin kiinnitt\u00e4nyt sopivan m\u00e4\u00e4r\u00e4n litiumparistoja. Lopulta hoksasin, ett\u00e4 omistanhan kilpasuunnistukseen tarkoitetun otsalampun, jossa on juuri oikealla j\u00e4nnitteell\u00e4 varustettu akkukotelo ja siihen laturi. Suunnistuslamppuni on muutaman vuoden vanha Magicshine, mutta se on t\u00e4ysin vastaava kuin Suunnistajan kaupan myym\u00e4 <a href=\"https:\/\/www.suunnistajankauppa.fi\/\" target=\"_blank\" rel=\"noopener noreferrer\">Bikeray<\/a> ja kaikki tarvikkeet sopii lamppujen v\u00e4lill\u00e4 ristiin.<\/p>\n<div id=\"attachment_781\" style=\"width: 460px\" class=\"wp-caption aligncenter\"><img loading=\"lazy\" decoding=\"async\" aria-describedby=\"caption-attachment-781\" class=\"wp-image-781 size-full\" src=\"https:\/\/blogi.ennola.fi\/wp-content\/uploads\/2015\/03\/IMG_1412.jpg\" alt=\"\" width=\"450\" height=\"310\" srcset=\"https:\/\/blogi.ennola.fi\/wp-content\/uploads\/2015\/03\/IMG_1412.jpg 450w, https:\/\/blogi.ennola.fi\/wp-content\/uploads\/2015\/03\/IMG_1412-150x103.jpg 150w\" sizes=\"(max-width: 450px) 100vw, 450px\" \/><p id=\"caption-attachment-781\" class=\"wp-caption-text\">Magicshine MJ-856 otsalamppu.<\/p><\/div>\n<p>Akkukotelo on tarkoitettu pidett\u00e4v\u00e4ksi suunnistuskisoissa trikoiden alla, joten se on tehty kest\u00e4m\u00e4\u00e4n l\u00e4mpim\u00e4n kosteita olosuhteita, mitk\u00e4 ahkiotakin vet\u00e4ess\u00e4 ovat puseron alla. Tehoa perusakussa pit\u00e4isi olla noin kuusinkertaisesti kameran vakioakkuun ja sen lis\u00e4ksi minulla oli viel\u00e4 samalla kiinnityksell\u00e4 tehoakkukin, jossa voimaa olisi noin kymmenkertaisesti kameran omaan akkuun verrattuna. Kamerak\u00e4ytt\u00f6\u00e4 varten olisin ostanut viel\u00e4 pienemm\u00e4n akun, mutta Suunnistajan kauppa ei minulle sit\u00e4 saanut toimitettua.<\/p>\n<div id=\"attachment_779\" style=\"width: 460px\" class=\"wp-caption aligncenter\"><img loading=\"lazy\" decoding=\"async\" aria-describedby=\"caption-attachment-779\" class=\"wp-image-779 size-full\" src=\"https:\/\/blogi.ennola.fi\/wp-content\/uploads\/2015\/03\/IMG_1405.jpg\" alt=\"\" width=\"450\" height=\"313\" srcset=\"https:\/\/blogi.ennola.fi\/wp-content\/uploads\/2015\/03\/IMG_1405.jpg 450w, https:\/\/blogi.ennola.fi\/wp-content\/uploads\/2015\/03\/IMG_1405-150x104.jpg 150w\" sizes=\"(max-width: 450px) 100vw, 450px\" \/><p id=\"caption-attachment-779\" class=\"wp-caption-text\">Edullinen verkkovirtasovite kameraani.<\/p><\/div>\n<div id=\"attachment_784\" style=\"width: 460px\" class=\"wp-caption aligncenter\"><img loading=\"lazy\" decoding=\"async\" aria-describedby=\"caption-attachment-784\" class=\"wp-image-784 size-full\" src=\"https:\/\/blogi.ennola.fi\/wp-content\/uploads\/2015\/03\/IMG_1408.jpg\" alt=\"\" width=\"450\" height=\"357\" srcset=\"https:\/\/blogi.ennola.fi\/wp-content\/uploads\/2015\/03\/IMG_1408.jpg 450w, https:\/\/blogi.ennola.fi\/wp-content\/uploads\/2015\/03\/IMG_1408-150x119.jpg 150w\" sizes=\"(max-width: 450px) 100vw, 450px\" \/><p id=\"caption-attachment-784\" class=\"wp-caption-text\">Akkukoteloon menev\u00e4 adapteri.<\/p><\/div>\n<p>Kameraani on saatavissa verkkolaite, jolla kameraa voi k\u00e4ytt\u00e4\u00e4 verkkovirrasta lataamalla. Canonin tuotemerkill\u00e4 laite on poskettoman kallis, mutta <a href=\"http:\/\/www.amazon.de\/dp\/B0092MQZ88\/ref=pe_386171_38075861_TE_item\" target=\"_blank\" rel=\"noopener noreferrer\">Saksan Amazonin<\/a> kautta tilaamalla l\u00f6ysin tarvikeverkkolaitteen reilusti alle 20 \u20ac:lla kuljetuksineen. Niinp\u00e4 tilasin sen, voinhan tarvittaessa k\u00e4ytt\u00e4\u00e4 sitten kameraani verkkolaitteeseenkin kytkettyn\u00e4, jos viel\u00e4 tarvitsen sit\u00e4 reprokuvauksissa. T\u00e4m\u00e4n lis\u00e4ksi k\u00e4vin ostamassa paikallisesta elektroniikkaliikkeest\u00e4 otsalampun kanssa yhteensopivat liittimet noin kolmen euron hintaan.<\/p>\n<div id=\"attachment_780\" style=\"width: 460px\" class=\"wp-caption aligncenter\"><img loading=\"lazy\" decoding=\"async\" aria-describedby=\"caption-attachment-780\" class=\"wp-image-780 size-full\" src=\"https:\/\/blogi.ennola.fi\/wp-content\/uploads\/2015\/03\/IMG_1417b.jpg\" alt=\"\" width=\"450\" height=\"379\" srcset=\"https:\/\/blogi.ennola.fi\/wp-content\/uploads\/2015\/03\/IMG_1417b.jpg 450w, https:\/\/blogi.ennola.fi\/wp-content\/uploads\/2015\/03\/IMG_1417b-150x126.jpg 150w\" sizes=\"(max-width: 450px) 100vw, 450px\" \/><p id=\"caption-attachment-780\" class=\"wp-caption-text\">Otsalamppun johtoihin yhteensopivat liittimet.<\/p><\/div>\n<p>Varsinaisen sovittimen tekeminen oli helppoa. Katkaisin vain virtal\u00e4hteen johdon ja liitin siihen elektroniikka kaupasta ostamani liittimet. Liitokset piti tehd\u00e4 juottamalla. Tarkkana piti kuitenkin olla, ett\u00e4 kaikki kytkenn\u00e4t meniv\u00e4t oikein p\u00e4in. En tied\u00e4 olisiko kamerani kest\u00e4nyt, jos olisin kytkenyt akun navat vahingossa v\u00e4\u00e4rin p\u00e4in. Kameran suunnittelussa ei t\u00e4llaiseen k\u00e4ytt\u00e4j\u00e4virheeseen ainakaan ole tarvinnut varautua. Tiivistin liittimen viel\u00e4 silikonimassalla, jotta se paremmin kest\u00e4isi kosteutta ja mekaanista rasitusta.<\/p>\n<div id=\"attachment_785\" style=\"width: 460px\" class=\"wp-caption aligncenter\"><img loading=\"lazy\" decoding=\"async\" aria-describedby=\"caption-attachment-785\" class=\"wp-image-785 size-full\" src=\"https:\/\/blogi.ennola.fi\/wp-content\/uploads\/2015\/03\/IMG_1421.jpg\" alt=\"\" width=\"450\" height=\"338\" srcset=\"https:\/\/blogi.ennola.fi\/wp-content\/uploads\/2015\/03\/IMG_1421.jpg 450w, https:\/\/blogi.ennola.fi\/wp-content\/uploads\/2015\/03\/IMG_1421-150x113.jpg 150w\" sizes=\"(max-width: 450px) 100vw, 450px\" \/><p id=\"caption-attachment-785\" class=\"wp-caption-text\">Johdot juotettuna liittimeen.<\/p><\/div>\n<div id=\"attachment_782\" style=\"width: 460px\" class=\"wp-caption aligncenter\"><img loading=\"lazy\" decoding=\"async\" aria-describedby=\"caption-attachment-782\" class=\"wp-image-782 size-full\" src=\"https:\/\/blogi.ennola.fi\/wp-content\/uploads\/2015\/03\/IMG_2137.jpg\" alt=\"\" width=\"450\" height=\"369\" srcset=\"https:\/\/blogi.ennola.fi\/wp-content\/uploads\/2015\/03\/IMG_2137.jpg 450w, https:\/\/blogi.ennola.fi\/wp-content\/uploads\/2015\/03\/IMG_2137-150x123.jpg 150w\" sizes=\"(max-width: 450px) 100vw, 450px\" \/><p id=\"caption-attachment-782\" class=\"wp-caption-text\">Valmis sovite kameran ja otsalampun v\u00e4liin.<\/p><\/div>\n<p>Varsinaisen k\u00e4ytt\u00f6testin sovitteelle tein Sarekissa maaliskuun alussa. Kovimmillaan pakkasta oli n. 25 astetta, mutta useimpina p\u00e4ivin\u00e4 pakkasta oli sen verta v\u00e4h\u00e4n, ett\u00e4 tavallisellakin akulla olisi p\u00e4rj\u00e4nnyt. Pari ensimm\u00e4ist\u00e4 p\u00e4iv\u00e4\u00e4 kuvasin tavallisella paristolla, mutta sen hyytyess\u00e4 siirryin k\u00e4ytt\u00e4m\u00e4\u00e4n lis\u00e4akkua. Akkua sovittaessa huomasin, ett\u00e4 liittimet, jotka l\u00e4mpim\u00e4ss\u00e4 olivat tiukasti sopineet yhteen, eiv\u00e4t en\u00e4\u00e4 pakkasessa sopineet, joten jouduin vuolemaan liittimen ulkopinnasta hieman pois. Akun laitoin vaatteiden alle fleecen taskuun, miss\u00e4 se oli sopivasti vatsapuolella vetovy\u00f6n yl\u00e4puolella. Johto tuli kaula-aukon kautta ulos kameraan, jota pidin vetovy\u00f6h\u00f6n liitt\u00e4m\u00e4ss\u00e4ni vy\u00f6laukussa.<\/p>\n<div id=\"attachment_783\" style=\"width: 310px\" class=\"wp-caption aligncenter\"><img loading=\"lazy\" decoding=\"async\" aria-describedby=\"caption-attachment-783\" class=\"wp-image-783 size-full\" src=\"https:\/\/blogi.ennola.fi\/wp-content\/uploads\/2015\/03\/IMG_2146.jpg\" alt=\"\" width=\"300\" height=\"400\" srcset=\"https:\/\/blogi.ennola.fi\/wp-content\/uploads\/2015\/03\/IMG_2146.jpg 300w, https:\/\/blogi.ennola.fi\/wp-content\/uploads\/2015\/03\/IMG_2146-113x150.jpg 113w\" sizes=\"(max-width: 300px) 100vw, 300px\" \/><p id=\"caption-attachment-783\" class=\"wp-caption-text\">Johdon liitin puukkok\u00e4sittelyn j\u00e4lkeen.<\/p><\/div>\n<p>Ylim\u00e4\u00e4r\u00e4inen johto tietysti hankaloitti hieman toimintaa. Suurin haitta oli tauoilla, kun irrottautui ahkiosta, piti aina kamera ottaa kaulalle. Varsinaista kuvaamista johto ei juuri haitannut. Riitt\u00e4v\u00e4n pitk\u00e4n\u00e4 se riitti hyvin kuvaamiseen jalustaltakin ja jalustan ymp\u00e4rill\u00e4 saattoi liikkua varsin vapaasti. Helpottavaa aiempiin tavikuvauskokemuksiin taas oli se, ett\u00e4 virran loppumista tai riitt\u00e4vyytt\u00e4 ei tarvinnut ajatella. Tosin kameran kostuminen ja j\u00e4\u00e4tyminen tuotaessa kameraa telttaan ja takaisin ulos aiheutti jossain vaiheessa ongelmia. Kuvasin akulla kaiken kaikkiaan arviolta 300-400 kuvaa, mik\u00e4 normaalisti olisi kuluttanut 1-2 akkua. Nyt kotona ladatessani akkua, jo viiden minuutin latauksen j\u00e4lkeen laturi ilmoitti akun olevan t\u00e4ysi, joten virtaa tuollainen kuvaaminen oli kuluttanut vain nimeksi. Kaiken kaikkiaan voin todeta n\u00e4iden kokemuksien perusteella akkuviritykseni olevan varsin toimiva ratkaisu pit\u00e4m\u00e4\u00e4n pokkari toimintakykyisen\u00e4 talviolosuhteissa.<\/p>\n","protected":false},"excerpt":{"rendered":"<p>Tammikuun vaelluksella Inarij\u00e4rvell\u00e4 k\u00e4vi ilmi, ett\u00e4 muuten niin mainiossa pokkarissani Canon G16 on sellainen ongelma, ett\u00e4 akun teho ei oikein tahdo riitt\u00e4\u00e4 kuvaamiseen yli 15 asteen pakkasessa. Vaikka&#8230;<\/p>\n","protected":false},"author":1,"featured_media":0,"comment_status":"open","ping_status":"open","sticky":false,"template":"","format":"standard","meta":{"footnotes":""},"categories":[9,28],"tags":[],"_links":{"self":[{"href":"https:\/\/blogi.ennola.fi\/index.php?rest_route=\/wp\/v2\/posts\/561"}],"collection":[{"href":"https:\/\/blogi.ennola.fi\/index.php?rest_route=\/wp\/v2\/posts"}],"about":[{"href":"https:\/\/blogi.ennola.fi\/index.php?rest_route=\/wp\/v2\/types\/post"}],"author":[{"embeddable":true,"href":"https:\/\/blogi.ennola.fi\/index.php?rest_route=\/wp\/v2\/users\/1"}],"replies":[{"embeddable":true,"href":"https:\/\/blogi.ennola.fi\/index.php?rest_route=%2Fwp%2Fv2%2Fcomments&post=561"}],"version-history":[{"count":5,"href":"https:\/\/blogi.ennola.fi\/index.php?rest_route=\/wp\/v2\/posts\/561\/revisions"}],"predecessor-version":[{"id":5051,"href":"https:\/\/blogi.ennola.fi\/index.php?rest_route=\/wp\/v2\/posts\/561\/revisions\/5051"}],"wp:attachment":[{"href":"https:\/\/blogi.ennola.fi\/index.php?rest_route=%2Fwp%2Fv2%2Fmedia&parent=561"}],"wp:term":[{"taxonomy":"category","embeddable":true,"href":"https:\/\/blogi.ennola.fi\/index.php?rest_route=%2Fwp%2Fv2%2Fcategories&post=561"},{"taxonomy":"post_tag","embeddable":true,"href":"https:\/\/blogi.ennola.fi\/index.php?rest_route=%2Fwp%2Fv2%2Ftags&post=561"}],"curies":[{"name":"wp","href":"https:\/\/api.w.org\/{rel}","templated":true}]}}