{"id":5675,"date":"2020-09-13T21:24:27","date_gmt":"2020-09-13T18:24:27","guid":{"rendered":"https:\/\/blogi.ennola.fi\/?p=5675"},"modified":"2020-09-13T21:24:27","modified_gmt":"2020-09-13T18:24:27","slug":"ahvensaari","status":"publish","type":"post","link":"https:\/\/blogi.ennola.fi\/?p=5675","title":{"rendered":"Ahvensaari"},"content":{"rendered":"<p>Noin 40 vuotta sitten tein kahden partiotoverini kanssa parin viikon purjehduksen Saaristomerell\u00e4 isosta soutuveneest\u00e4 tehdyll\u00e4 purjeveneell\u00e4. Yksi pys\u00e4hdyspaikkamme oli silloin Ahvensaari vanhoine kaivoksineen. Paikka j\u00e4i mieleen varsin kiinnostavana ja kauniina saarena.<\/p>\n<p>Sen j\u00e4lkeen kahdesti olen yhden y\u00f6n retkell\u00e4 pyrkinyt melomaan Ahvensaareen p\u00e4\u00e4sem\u00e4tt\u00e4 perille. Periaatteessa matka Rym\u00e4ttyl\u00e4n R\u00f6\u00f6l\u00e4st\u00e4 tai Haapalasta ei pit\u00e4isi olla liian pitk\u00e4. Silti molemmilla kerroilla l\u00e4ht\u00f6 on viiv\u00e4stynyt ja aika on vaan p\u00e4\u00e4ssyt loppumaan. Nyt varasin retkeen pidemm\u00e4n ajan, per\u00e4ti kolme y\u00f6t\u00e4, mutta samalla l\u00e4hdin my\u00f6s aiempaa kauempaa eli Airistohotellilta Paraisilta.<\/p>\n<p>L\u00e4ht\u00f6 tapahtui kauniissa aurinkoisessa s\u00e4\u00e4ss\u00e4 kovan it\u00e4tuulen s\u00e4est\u00e4m\u00e4n\u00e4. L\u00e4hdin illansuussa my\u00f6t\u00e4tuulessa ja pikkaisen saarten suojassa melomaan kohti Seilin saarta, jossa on aina kiva k\u00e4yd\u00e4 muistelemassa siell\u00e4 viett\u00e4mi\u00e4ni kesi\u00e4. Seilist\u00e4 jatkoin matkaa kohti Ominaista, mutta tuuli oli viel\u00e4 sen verta kova, ett\u00e4 j\u00e4in y\u00f6t\u00e4 Ominaisten aukon reunaan. Ruotsinlauttojen v\u00e4yl\u00e4 kulki aivan leiripaikkani l\u00e4helt\u00e4, joten nostin kajakin reilusti yl\u00f6s rantakalliolle, mutta varotoimenpide oli hieman turha. Silloin 40 vuotta sitten lauttojen aallot olivat huikeita, nyt niit\u00e4 oli vaikea erottaa tuulen luomista aalloista.<\/p>\n<p>Illan mittaan kaakosta oli l\u00e4hestynyt pilven reuna, joka hitaasti hivuttautui ensin p\u00e4\u00e4lleni ja lopulta peitti laskevan auringon. Samalla s\u00e4\u00e4 muuttui kertaheitolla kes\u00e4isen aurinkoisesta ja l\u00e4mpim\u00e4st\u00e4 syksyisen sateiseen, tuuliseen ja kylm\u00e4\u00e4n. Ennen illan lopullista pimenemist\u00e4 pilvi ja aurinko loivat yhdess\u00e4 yhden upeimmista koskaan n\u00e4kemist\u00e4ni valon ja v\u00e4rin leikeist\u00e4.<\/p>\n<div id=\"attachment_5688\" style=\"width: 490px\" class=\"wp-caption aligncenter\"><a href=\"https:\/\/blogi.ennola.fi\/wp-content\/uploads\/2020\/09\/Ahvensaari_Panorama7.jpg\" rel=\"lightbox[5675]\"><img loading=\"lazy\" decoding=\"async\" aria-describedby=\"caption-attachment-5688\" class=\"wp-image-5688 size-full\" title=\"Ilta-aurinko, Ominaisten aukko, Stora Tr\u00e4skholm.\" src=\"https:\/\/blogi.ennola.fi\/wp-content\/uploads\/2020\/09\/Ahvensaari_Panorama7-1.jpg\" alt=\"\" width=\"480\" height=\"95\" srcset=\"https:\/\/blogi.ennola.fi\/wp-content\/uploads\/2020\/09\/Ahvensaari_Panorama7-1.jpg 480w, https:\/\/blogi.ennola.fi\/wp-content\/uploads\/2020\/09\/Ahvensaari_Panorama7-1-150x30.jpg 150w\" sizes=\"(max-width: 480px) 100vw, 480px\" \/><\/a><p id=\"caption-attachment-5688\" class=\"wp-caption-text\">Ilta-aurinko, Ominaisten aukko, Stora Tr\u00e4skholm.<\/p><\/div>\n<div id=\"attachment_5689\" style=\"width: 490px\" class=\"wp-caption aligncenter\"><a href=\"https:\/\/blogi.ennola.fi\/wp-content\/uploads\/2020\/09\/Ahvensaari_Panorama3.jpg\" rel=\"lightbox[5675]\"><img loading=\"lazy\" decoding=\"async\" aria-describedby=\"caption-attachment-5689\" class=\"wp-image-5689 size-full\" title=\"Auringonlasku, Ominaisten aukko, Stora Tr\u00e4skholm.\" src=\"https:\/\/blogi.ennola.fi\/wp-content\/uploads\/2020\/09\/Ahvensaari_Panorama3-1.jpg\" alt=\"\" width=\"480\" height=\"121\" srcset=\"https:\/\/blogi.ennola.fi\/wp-content\/uploads\/2020\/09\/Ahvensaari_Panorama3-1.jpg 480w, https:\/\/blogi.ennola.fi\/wp-content\/uploads\/2020\/09\/Ahvensaari_Panorama3-1-150x38.jpg 150w\" sizes=\"(max-width: 480px) 100vw, 480px\" \/><\/a><p id=\"caption-attachment-5689\" class=\"wp-caption-text\">Auringonlasku, Ominaisten aukko, Stora Tr\u00e4skholm.<\/p><\/div>\n<p>Seuraava aamu valkeni pilvisen\u00e4, mutta poutaisena. Tuuli ei juurikaan ollut laantunut. Kovassa tuulessa Ominaisten aukon ylitys suoriltaan ei nytk\u00e4\u00e4n houkuttanut. Jatkoin matkaa siis lounaaseen my\u00f6t\u00e4tuulen ja aallokon siivitt\u00e4m\u00e4n\u00e4. Pian matka keskeytyi ukkoseen ja rantauduin er\u00e4\u00e4seen saareen odottamaan sen ohi menemist\u00e4. Ukkonen pysyi pitk\u00e4\u00e4n kymmenkunta kilometri\u00e4 takanani ja kun s\u00e4\u00e4ennusteen mukaan ei ollut odotettavissa muutosta p\u00e4\u00e4tin jatkaa matkaani kohti Ahvensaarta.<\/p>\n<p>Airiston ohitin lopulta Ominaisten aukon j\u00e4lkeen Innamon kohdalta, miss\u00e4 oli yll\u00e4tt\u00e4v\u00e4n miellytt\u00e4v\u00e4t olosuhteet kovasta it\u00e4tuulesta huolimatta. Isoa laivav\u00e4yl\u00e4\u00e4 ylitt\u00e4ess\u00e4 kohtasin Meripelastusseuran paatin, jonka aallot olivat moninkertaiset isojen autolauttojen aaltoihin. Innamosta jatkoin hyv\u00e4ss\u00e4 my\u00f6t\u00e4tuulessa suoraan Ahvensaareen. H\u00e4rkilotissa pidin lyhyen ev\u00e4stauon.<\/p>\n<div id=\"attachment_5690\" style=\"width: 490px\" class=\"wp-caption aligncenter\"><a href=\"https:\/\/blogi.ennola.fi\/wp-content\/uploads\/2020\/09\/Ahvensaari_Panorama6.jpg\" rel=\"lightbox[5675]\"><img loading=\"lazy\" decoding=\"async\" aria-describedby=\"caption-attachment-5690\" class=\"wp-image-5690 size-full\" title=\"Sadekuuro, Ominaisten aukko, Stora S\u00e5dik.\" src=\"https:\/\/blogi.ennola.fi\/wp-content\/uploads\/2020\/09\/Ahvensaari_Panorama6-1.jpg\" alt=\"\" width=\"480\" height=\"110\" srcset=\"https:\/\/blogi.ennola.fi\/wp-content\/uploads\/2020\/09\/Ahvensaari_Panorama6-1.jpg 480w, https:\/\/blogi.ennola.fi\/wp-content\/uploads\/2020\/09\/Ahvensaari_Panorama6-1-150x34.jpg 150w\" sizes=\"(max-width: 480px) 100vw, 480px\" \/><\/a><p id=\"caption-attachment-5690\" class=\"wp-caption-text\">Sadekuuro, Ominaisten aukko, Stora S\u00e5dik.<\/p><\/div>\n<div id=\"attachment_5691\" style=\"width: 490px\" class=\"wp-caption aligncenter\"><a href=\"https:\/\/blogi.ennola.fi\/wp-content\/uploads\/2020\/09\/Ahvensaari_Panorama4.jpg\" rel=\"lightbox[5675]\"><img loading=\"lazy\" decoding=\"async\" aria-describedby=\"caption-attachment-5691\" class=\"wp-image-5691 size-full\" title=\"Ominaisten aukko, Stora S\u00e5dik.\" src=\"https:\/\/blogi.ennola.fi\/wp-content\/uploads\/2020\/09\/Ahvensaari_Panorama4-1.jpg\" alt=\"\" width=\"480\" height=\"146\" srcset=\"https:\/\/blogi.ennola.fi\/wp-content\/uploads\/2020\/09\/Ahvensaari_Panorama4-1.jpg 480w, https:\/\/blogi.ennola.fi\/wp-content\/uploads\/2020\/09\/Ahvensaari_Panorama4-1-150x46.jpg 150w\" sizes=\"(max-width: 480px) 100vw, 480px\" \/><\/a><p id=\"caption-attachment-5691\" class=\"wp-caption-text\">Ominaisten aukko, Stora S\u00e5dik.<\/p><\/div>\n<p>Illansuussa saavuin Ahvensaareen, josta oli hieman vaikeaa l\u00f6yt\u00e4\u00e4 hyv\u00e4\u00e4 rantautumispaikkaa. Rannat olivat melko jyrkk\u00e4reunaisia ja tehtyj\u00e4 kaivoksen j\u00e4tekivest\u00e4. L\u00f6ysin yhden veden sy\u00f6vytt\u00e4m\u00e4n rantakallion ja sain siit\u00e4 kajakin vedetty\u00e4 kuiville. Ilta oli sateinen, joten vet\u00e4ydyin sateensuojaan vanhaan tehdasrakennukseen tekem\u00e4\u00e4n ruokaa. Sit\u00e4 ennen tein pienen kierroksen ymp\u00e4rill\u00e4ni kuvaten vanhaa louhosmilj\u00f6\u00f6t\u00e4. Illalla ukkonen iski t\u00e4ysill\u00e4 Ahvensaareen ja useita salamia l\u00f6i alle kilometrin p\u00e4\u00e4h\u00e4n leirist\u00e4ni.<\/p>\n<p>L\u00e4ntisell\u00e4 louhosalueella oli yksi kirkasvetinen louhosj\u00e4rvi, sataman j\u00e4\u00e4nteet, tehdas, masuuni ja jonkun rakennuksen vanha kivijalka. Masuunin katto kasvoi koivuja ja siihen oli turvallisuussyist\u00e4 asennettu ristikot est\u00e4m\u00e4\u00e4n uteliaiden p\u00e4\u00e4sy sis\u00e4\u00e4n. Tehdasrakennuksessakin oli v\u00e4likatto paikoin sortunut ja pilareista oli ruostuneet betoniraudoitukset tulleet esiin, mutta rohkenin sen hyv\u00e4kuntoisimmassa osassa pit\u00e4\u00e4 sadetta. Kasvillisuuskin oli alkanut vallata sit\u00e4 yhdelt\u00e4 sivulta. Vanha kivijalka olikin jo alkanut v\u00e4hitellen sulautua kasvillisuuden sekaan \u2014 luonto voittaa lopulta.<\/p>\n<div id=\"attachment_5692\" style=\"width: 490px\" class=\"wp-caption aligncenter\"><a href=\"https:\/\/blogi.ennola.fi\/wp-content\/uploads\/2020\/09\/Ahvensaari_Panorama2.jpg\" rel=\"lightbox[5675]\"><img loading=\"lazy\" decoding=\"async\" aria-describedby=\"caption-attachment-5692\" class=\"wp-image-5692 size-full\" title=\"Vanha tehdasrakennus, Ahvensaari.\" src=\"https:\/\/blogi.ennola.fi\/wp-content\/uploads\/2020\/09\/Ahvensaari_Panorama2-1.jpg\" alt=\"\" width=\"480\" height=\"103\" srcset=\"https:\/\/blogi.ennola.fi\/wp-content\/uploads\/2020\/09\/Ahvensaari_Panorama2-1.jpg 480w, https:\/\/blogi.ennola.fi\/wp-content\/uploads\/2020\/09\/Ahvensaari_Panorama2-1-150x32.jpg 150w\" sizes=\"(max-width: 480px) 100vw, 480px\" \/><\/a><p id=\"caption-attachment-5692\" class=\"wp-caption-text\">Vanha tehdasrakennus, Ahvensaari.<\/p><\/div>\n<div id=\"attachment_5694\" style=\"width: 490px\" class=\"wp-caption aligncenter\"><a href=\"https:\/\/blogi.ennola.fi\/wp-content\/uploads\/2020\/09\/Ahvensaari_Panorama11.jpg\" rel=\"lightbox[5675]\"><img loading=\"lazy\" decoding=\"async\" aria-describedby=\"caption-attachment-5694\" class=\"wp-image-5694 size-full\" title=\"Vanha tehdasrakennus, Ahvensaari.\" src=\"https:\/\/blogi.ennola.fi\/wp-content\/uploads\/2020\/09\/Ahvensaari_Panorama11-1.jpg\" alt=\"\" width=\"480\" height=\"117\" srcset=\"https:\/\/blogi.ennola.fi\/wp-content\/uploads\/2020\/09\/Ahvensaari_Panorama11-1.jpg 480w, https:\/\/blogi.ennola.fi\/wp-content\/uploads\/2020\/09\/Ahvensaari_Panorama11-1-150x37.jpg 150w\" sizes=\"(max-width: 480px) 100vw, 480px\" \/><\/a><p id=\"caption-attachment-5694\" class=\"wp-caption-text\">Vanha tehdasrakennus, Ahvensaari.<\/p><\/div>\n<div id=\"attachment_5693\" style=\"width: 490px\" class=\"wp-caption aligncenter\"><a href=\"https:\/\/blogi.ennola.fi\/wp-content\/uploads\/2020\/09\/Ahvensaari_Panorama5.jpg\" rel=\"lightbox[5675]\"><img loading=\"lazy\" decoding=\"async\" aria-describedby=\"caption-attachment-5693\" class=\"wp-image-5693 size-full\" title=\"Masuuni ja louhosj\u00e4rvi, Ahvensaari.\" src=\"https:\/\/blogi.ennola.fi\/wp-content\/uploads\/2020\/09\/Ahvensaari_Panorama5-1.jpg\" alt=\"\" width=\"480\" height=\"154\" srcset=\"https:\/\/blogi.ennola.fi\/wp-content\/uploads\/2020\/09\/Ahvensaari_Panorama5-1.jpg 480w, https:\/\/blogi.ennola.fi\/wp-content\/uploads\/2020\/09\/Ahvensaari_Panorama5-1-150x48.jpg 150w\" sizes=\"(max-width: 480px) 100vw, 480px\" \/><\/a><p id=\"caption-attachment-5693\" class=\"wp-caption-text\">Masuuni ja louhosj\u00e4rvi, Ahvensaari.<\/p><\/div>\n<div id=\"attachment_5697\" style=\"width: 490px\" class=\"wp-caption aligncenter\"><a href=\"https:\/\/blogi.ennola.fi\/wp-content\/uploads\/2020\/09\/Ahvensaari_Panorama9.jpg\" rel=\"lightbox[5675]\"><img loading=\"lazy\" decoding=\"async\" aria-describedby=\"caption-attachment-5697\" class=\"wp-image-5697 size-full\" title=\"Rakennuksen kivijalka, Ahvensaari.\" src=\"https:\/\/blogi.ennola.fi\/wp-content\/uploads\/2020\/09\/Ahvensaari_Panorama9-1.jpg\" alt=\"\" width=\"480\" height=\"71\" srcset=\"https:\/\/blogi.ennola.fi\/wp-content\/uploads\/2020\/09\/Ahvensaari_Panorama9-1.jpg 480w, https:\/\/blogi.ennola.fi\/wp-content\/uploads\/2020\/09\/Ahvensaari_Panorama9-1-150x22.jpg 150w\" sizes=\"(max-width: 480px) 100vw, 480px\" \/><\/a><p id=\"caption-attachment-5697\" class=\"wp-caption-text\">Rakennuksen kivijalka, Ahvensaari.<\/p><\/div>\n<p>Aamulla sade taukosi ja aamiaisen j\u00e4lkeen meloin it\u00e4iselle louhokselle lahden toiselle rannalle, jossa oli osittain veden t\u00e4ytt\u00e4m\u00e4 luola sek\u00e4 punatiilinen masuuni, josta tiilet ja niiden ter\u00e4ksiset tukirakenteet olivat alkaneet jo rapista alas. Luolassa ei olisi saanut vierailla, mutta arvioin riskit sen verta pieneksi, ett\u00e4 p\u00e4\u00e4tin k\u00e4yd\u00e4 kurkkaamassa sit\u00e4.<\/p>\n<p>Louhosalueiden v\u00e4liss\u00e4 oli viel\u00e4 pieni luoto, miss\u00e4 oli pieni vaja, varmaankin r\u00e4j\u00e4hdysaineiden varasto. Meloin siit\u00e4 ohi, mutta en rantautunut luodolle. Sen sijaan k\u00e4vin vierailulla l\u00e4heisell\u00e4 K\u00e4lklotin saarella, miss\u00e4 vaimoni muisteli k\u00e4yneens\u00e4 kasvillisuuskartoitusten merkeiss\u00e4. Saarelta l\u00f6ytyi pieni saarnimetsikk\u00f6 ja suurin osa saaresta oli haavikkoa, miss\u00e4 oli \u00e4\u00e4rimm\u00e4isen tihe\u00e4 ja hankalakulkuinen pensaskerros. Avokallioalueet olivat varmastikin vahvasti kalkkivaikutteisia, joten oletettavasti kasvillisuus saattoi olla varsin poikkeuksellista.<\/p>\n<div id=\"attachment_5687\" style=\"width: 490px\" class=\"wp-caption aligncenter\"><a href=\"https:\/\/blogi.ennola.fi\/wp-content\/uploads\/2020\/09\/Ahvensaari_Panorama10.jpg\" rel=\"lightbox[5675]\"><img loading=\"lazy\" decoding=\"async\" aria-describedby=\"caption-attachment-5687\" class=\"wp-image-5687 size-full\" title=\"Masuuni, Ahvensaari.\" src=\"https:\/\/blogi.ennola.fi\/wp-content\/uploads\/2020\/09\/Ahvensaari_Panorama10-1.jpg\" alt=\"\" width=\"480\" height=\"232\" srcset=\"https:\/\/blogi.ennola.fi\/wp-content\/uploads\/2020\/09\/Ahvensaari_Panorama10-1.jpg 480w, https:\/\/blogi.ennola.fi\/wp-content\/uploads\/2020\/09\/Ahvensaari_Panorama10-1-150x73.jpg 150w\" sizes=\"(max-width: 480px) 100vw, 480px\" \/><\/a><p id=\"caption-attachment-5687\" class=\"wp-caption-text\">Masuuni, Ahvensaari.<\/p><\/div>\n<div id=\"attachment_5696\" style=\"width: 490px\" class=\"wp-caption aligncenter\"><a href=\"https:\/\/blogi.ennola.fi\/wp-content\/uploads\/2020\/09\/Ahvensaari_Panorama1.jpg\" rel=\"lightbox[5675]\"><img loading=\"lazy\" decoding=\"async\" aria-describedby=\"caption-attachment-5696\" class=\"wp-image-5696 size-full\" title=\"Kalkkikaivoksen luola, Ahvensaari.\" src=\"https:\/\/blogi.ennola.fi\/wp-content\/uploads\/2020\/09\/Ahvensaari_Panorama1-1.jpg\" alt=\"\" width=\"480\" height=\"160\" srcset=\"https:\/\/blogi.ennola.fi\/wp-content\/uploads\/2020\/09\/Ahvensaari_Panorama1-1.jpg 480w, https:\/\/blogi.ennola.fi\/wp-content\/uploads\/2020\/09\/Ahvensaari_Panorama1-1-150x50.jpg 150w\" sizes=\"(max-width: 480px) 100vw, 480px\" \/><\/a><p id=\"caption-attachment-5696\" class=\"wp-caption-text\">Kalkkikaivoksen luola, Ahvensaari.<\/p><\/div>\n<div id=\"attachment_5695\" style=\"width: 490px\" class=\"wp-caption aligncenter\"><a href=\"https:\/\/blogi.ennola.fi\/wp-content\/uploads\/2020\/09\/Ahvensaari_Panorama8.jpg\" rel=\"lightbox[5675]\"><img loading=\"lazy\" decoding=\"async\" aria-describedby=\"caption-attachment-5695\" class=\"wp-image-5695 size-full\" title=\"Stor\u00f6 fj\u00e4rden, Ahvensaaren ranta.\" src=\"https:\/\/blogi.ennola.fi\/wp-content\/uploads\/2020\/09\/Ahvensaari_Panorama8-1.jpg\" alt=\"\" width=\"480\" height=\"105\" srcset=\"https:\/\/blogi.ennola.fi\/wp-content\/uploads\/2020\/09\/Ahvensaari_Panorama8-1.jpg 480w, https:\/\/blogi.ennola.fi\/wp-content\/uploads\/2020\/09\/Ahvensaari_Panorama8-1-150x33.jpg 150w\" sizes=\"(max-width: 480px) 100vw, 480px\" \/><\/a><p id=\"caption-attachment-5695\" class=\"wp-caption-text\">Stor\u00f6 fj\u00e4rden, Ahvensaaren ranta.<\/p><\/div>\n<p>En halunnut l\u00e4hte\u00e4 Ahvensaaresta suoraan melomaan kohti Airistohotellia, olihan minulla kaksi t\u00e4ytt\u00e4 p\u00e4iv\u00e4\u00e4 viel\u00e4 aikaa. Tein siksi pienen lis\u00e4lenkin Ahvensaaresta pohjoiseen. Tuuli oli yh\u00e4 navakkaa, mutta tuli nyt enempi etel\u00e4st\u00e4. Lokveden kohdalla oli oudon tyyni hetki, ylitin sen helposti ja p\u00e4\u00e4sin Iso Ristiluodon taakse, miss\u00e4 olin y\u00f6pynyt kev\u00e4tretkell\u00e4ni. T\u00e4m\u00e4n j\u00e4lkeen tuuli yltyi taas kovaksi ja alkoi sataa kaatamalla. Saarten suojissa p\u00e4\u00e4tin meloa kohti l\u00e4ntt\u00e4. Olin toivonut p\u00e4\u00e4sev\u00e4ni pidemm\u00e4lle, mutta P\u00e4hkin\u00e4isten kohdalla p\u00e4\u00e4tin rantautua Turun kaupungin leirialueen saareen nauttiakseni siell\u00e4 grillikatoksen kuivuudesta ja l\u00e4mm\u00f6st\u00e4. Olinhan kastunut sateessa ja tuulessa k\u00e4yt\u00e4nn\u00f6ss\u00e4 l\u00e4pim\u00e4r\u00e4ksi.<\/p>\n<p>Viimeinen p\u00e4iv\u00e4 valkeni selke\u00e4n\u00e4 mutta kovatuulisena. L\u00e4hdin P\u00e4hkin\u00e4isist\u00e4 liikkeelle hakien saarten v\u00e4leist\u00e4 suojaa. Kaltsaaren ja Maskinnamon kohdalla meloin suoria vastatuuliosuuksia, mit\u00e4 olivat todella raskaita ja tuntui, ett\u00e4 etenin etanan vauhti ponnisteluista huolimatta. Kolmen tunnin melonnan j\u00e4lkeen pidin Innamon etel\u00e4puolella lyhyen tauon, jonka j\u00e4lkeen k\u00e4\u00e4nnyin my\u00f6t\u00e4tuuleen. Loppumatkan sainkin lasketella my\u00f6t\u00e4tuuleen lukuun ottamatta muutamaa lyhytt\u00e4 vastatuulip\u00e4tk\u00e4\u00e4. P\u00e4hkin\u00e4isest\u00e4 Airistohotellille meloin lopulta per\u00e4ti 37 kilometri\u00e4 kuudessa tunnissa jaettuna 2,5 legiin.<\/p>\n","protected":false},"excerpt":{"rendered":"<p>Noin 40 vuotta sitten tein kahden partiotoverini kanssa parin viikon purjehduksen Saaristomerell\u00e4 isosta soutuveneest\u00e4 tehdyll\u00e4 purjeveneell\u00e4. Yksi pys\u00e4hdyspaikkamme oli silloin Ahvensaari vanhoine kaivoksineen. Paikka j\u00e4i mieleen varsin kiinnostavana&#8230;<\/p>\n","protected":false},"author":1,"featured_media":5698,"comment_status":"open","ping_status":"open","sticky":false,"template":"","format":"standard","meta":{"footnotes":""},"categories":[4,8],"tags":[],"_links":{"self":[{"href":"https:\/\/blogi.ennola.fi\/index.php?rest_route=\/wp\/v2\/posts\/5675"}],"collection":[{"href":"https:\/\/blogi.ennola.fi\/index.php?rest_route=\/wp\/v2\/posts"}],"about":[{"href":"https:\/\/blogi.ennola.fi\/index.php?rest_route=\/wp\/v2\/types\/post"}],"author":[{"embeddable":true,"href":"https:\/\/blogi.ennola.fi\/index.php?rest_route=\/wp\/v2\/users\/1"}],"replies":[{"embeddable":true,"href":"https:\/\/blogi.ennola.fi\/index.php?rest_route=%2Fwp%2Fv2%2Fcomments&post=5675"}],"version-history":[{"count":3,"href":"https:\/\/blogi.ennola.fi\/index.php?rest_route=\/wp\/v2\/posts\/5675\/revisions"}],"predecessor-version":[{"id":5701,"href":"https:\/\/blogi.ennola.fi\/index.php?rest_route=\/wp\/v2\/posts\/5675\/revisions\/5701"}],"wp:featuredmedia":[{"embeddable":true,"href":"https:\/\/blogi.ennola.fi\/index.php?rest_route=\/wp\/v2\/media\/5698"}],"wp:attachment":[{"href":"https:\/\/blogi.ennola.fi\/index.php?rest_route=%2Fwp%2Fv2%2Fmedia&parent=5675"}],"wp:term":[{"taxonomy":"category","embeddable":true,"href":"https:\/\/blogi.ennola.fi\/index.php?rest_route=%2Fwp%2Fv2%2Fcategories&post=5675"},{"taxonomy":"post_tag","embeddable":true,"href":"https:\/\/blogi.ennola.fi\/index.php?rest_route=%2Fwp%2Fv2%2Ftags&post=5675"}],"curies":[{"name":"wp","href":"https:\/\/api.w.org\/{rel}","templated":true}]}}