{"id":5828,"date":"2020-11-16T22:10:26","date_gmt":"2020-11-16T20:10:26","guid":{"rendered":"https:\/\/blogi.ennola.fi\/?p=5828"},"modified":"2020-11-16T22:15:25","modified_gmt":"2020-11-16T20:15:25","slug":"marraskuu-aurinko-ja-boskar","status":"publish","type":"post","link":"https:\/\/blogi.ennola.fi\/?p=5828","title":{"rendered":"Marraskuu, aurinko ja Bosk\u00e4r"},"content":{"rendered":"<p>Olen tehnyt melontaretki\u00e4 itselleni merkityksellisiin paikoihin. Kes\u00e4ll\u00e4 1988 olin tutkimusapulaisena saaristossa, tarkoituksenamme tuottaa perustietoa Kansallispuiston k\u00e4ytt\u00f6\u00f6n. Bosk\u00e4riss\u00e4 oltiin silloin aloittamassa laidunnusta ja k\u00e4vimme rakentamassa sinne aitauksia, joihin voisi verrata, miten laidunnus muuttaa alueen kasvillisuutta. Saaren lehdesniityt kes\u00e4isess\u00e4 asussaan olivat tavattoman upeita ja j\u00e4iv\u00e4t silloin mieleeni. Sen j\u00e4lkeen en ole saarella k\u00e4ynyt, vaikka ohi olenkin mennyt.<\/p>\n<p>Lokakuun alussa olin ollut avoleikkauksessa, mist\u00e4 kuntoutuminen oli ottanut normaalia pidemm\u00e4n ajan. Nyt olin kuitenkin valmis varovasti kokeilemaan, josko pystyisin jo v\u00e4h\u00e4n melomaan. S\u00e4\u00e4tiedotuskin lupaili useaksi p\u00e4iv\u00e4ksi hienoja s\u00e4it\u00e4, mik\u00e4 on varsin poikkeuksellista marraskuulle. Niinp\u00e4 pakkasin kajakin nelj\u00e4n p\u00e4iv\u00e4n retke\u00e4 varten ja l\u00e4hdin G\u00f6lpin satamasta liikkeelle. Toiveena oli p\u00e4\u00e4st\u00e4 v\u00e4h\u00e4n kokeilemaan y\u00f6llisen t\u00e4htitaivaan kuvaamista.<\/p>\n<div id=\"attachment_5853\" style=\"width: 490px\" class=\"wp-caption aligncenter\"><a href=\"https:\/\/blogi.ennola.fi\/wp-content\/uploads\/2020\/11\/Berghamn_Panorama1.jpg\" rel=\"lightbox[5828]\"><img loading=\"lazy\" decoding=\"async\" aria-describedby=\"caption-attachment-5853\" class=\"wp-image-5853 size-full\" title=\"Kuutamo, Kasan.\" src=\"https:\/\/blogi.ennola.fi\/wp-content\/uploads\/2020\/11\/Berghamn_Panorama1-1.jpg\" alt=\"\" width=\"480\" height=\"153\" srcset=\"https:\/\/blogi.ennola.fi\/wp-content\/uploads\/2020\/11\/Berghamn_Panorama1-1.jpg 480w, https:\/\/blogi.ennola.fi\/wp-content\/uploads\/2020\/11\/Berghamn_Panorama1-1-150x48.jpg 150w\" sizes=\"(max-width: 480px) 100vw, 480px\" \/><\/a><p id=\"caption-attachment-5853\" class=\"wp-caption-text\">Kuutamo, Kasan.<\/p><\/div>\n<p>Melontatuntuma oli kuukauden liikkumattomuudessa pitk\u00e4lti kadonnut ja selk\u00e4 oli j\u00e4ykk\u00e4 kuin rautakanki. Hyv\u00e4st\u00e4 melontatekniikasta oli turha haaveilla. T\u00e4ll\u00e4 reissulla luonnossa oleilu olikin melontaa t\u00e4rke\u00e4mp\u00e4\u00e4 ja melontap\u00e4iv\u00e4t olivat lyhyit\u00e4. Olin ottanut mukaan kirjan, jota lueskelin teltassa pitkin\u00e4 pimein\u00e4 iltoina.<\/p>\n<p>Ensimm\u00e4inen yll\u00e4tys olikin vastassa jo heti l\u00e4ht\u00f6satamassa. Vesi oli aivan tavattoman kirkasta. Meren pohja n\u00e4kyi useamman metrin syvyydest\u00e4. Kes\u00e4isin sinilev\u00e4t samentavat veden, mutta n\u00e4in my\u00f6h\u00e4\u00e4n syksyll\u00e4 ravinteiden, l\u00e4mm\u00f6n ja valon puute olivat tappaneet lev\u00e4t. Mutta nyt oli mahdollista kokea sellainen veden kirkkaus, mit\u00e4 se joskus on ollut vuoden ymp\u00e4ri.<\/p>\n<div id=\"attachment_5854\" style=\"width: 490px\" class=\"wp-caption aligncenter\"><a href=\"https:\/\/blogi.ennola.fi\/wp-content\/uploads\/2020\/11\/Berghamn_Panorama6.jpg\" rel=\"lightbox[5828]\"><img loading=\"lazy\" decoding=\"async\" aria-describedby=\"caption-attachment-5854\" class=\"wp-image-5854 size-full\" title=\"Rantakallioita, Glosan.\" src=\"https:\/\/blogi.ennola.fi\/wp-content\/uploads\/2020\/11\/Berghamn_Panorama6-1.jpg\" alt=\"\" width=\"480\" height=\"235\" \/><\/a><p id=\"caption-attachment-5854\" class=\"wp-caption-text\">Rantakallioita, Glosan.<\/p><\/div>\n<div id=\"attachment_5842\" style=\"width: 490px\" class=\"wp-caption aligncenter\"><a href=\"https:\/\/blogi.ennola.fi\/wp-content\/uploads\/2020\/11\/Berghamn_Panorama10.jpg\" rel=\"lightbox[5828]\"><img loading=\"lazy\" decoding=\"async\" aria-describedby=\"caption-attachment-5842\" class=\"wp-image-5842 size-full\" title=\"Rantakallioita, Glosan.\" src=\"https:\/\/blogi.ennola.fi\/wp-content\/uploads\/2020\/11\/Berghamn_Panorama10-1.jpg\" alt=\"\" width=\"480\" height=\"207\" \/><\/a><p id=\"caption-attachment-5842\" class=\"wp-caption-text\">Rantakallioita, Glosan.<\/p><\/div>\n<div id=\"attachment_5843\" style=\"width: 490px\" class=\"wp-caption aligncenter\"><a href=\"https:\/\/blogi.ennola.fi\/wp-content\/uploads\/2020\/11\/Berghamn_Panorama9.jpg\" rel=\"lightbox[5828]\"><img loading=\"lazy\" decoding=\"async\" aria-describedby=\"caption-attachment-5843\" class=\"wp-image-5843 size-full\" title=\"Rantakallioita, Glosan.\" src=\"https:\/\/blogi.ennola.fi\/wp-content\/uploads\/2020\/11\/Berghamn_Panorama9-1.jpg\" alt=\"\" width=\"480\" height=\"119\" \/><\/a><p id=\"caption-attachment-5843\" class=\"wp-caption-text\">Rantakallioita, Glosan.<\/p><\/div>\n<p>Ensimm\u00e4isen\u00e4 y\u00f6n\u00e4 her\u00e4sin puolen y\u00f6n aikoihin kokkailemaan ja valokuvaamaan kuutamoa. Kesken kuvausten maisema valostui ehk\u00e4 noin sekunnin ajaksi, mit\u00e4 j\u00e4in ihmettelem\u00e4\u00e4n. Kirkastuminen oli selv\u00e4sti elosalamaa hitaampi ja kirkkaudelleen jonkin verran t\u00e4ysikuuta kirkkaampi. Sosiaalisesta mediasta l\u00f6ytyikin nopeasti vastaus ihmettelyyni: Ruotsiin oli pudonnut eritt\u00e4in kirkas meteoriitti.<\/p>\n<p>Toisen y\u00f6n t\u00e4htikuvauksen pilasi noin puolen kilometrin p\u00e4\u00e4ss\u00e4 ollut kes\u00e4m\u00f6kkeilij\u00e4, joka poltti aivan hillitt\u00f6m\u00e4n kirkkaita ulkovaloja y\u00f6t\u00e4 p\u00e4iv\u00e4\u00e4 eik\u00e4 edes tainnut olla m\u00f6kill\u00e4\u00e4n. H\u00e4nen ulkovalonsa valaisivat koko maiseman, joten sellaisia y\u00f6kuvia en p\u00e4\u00e4ssyt kokeilemaan mit\u00e4 olisin halunnut. P\u00e4\u00e4tin kuitenkin tehd\u00e4 joitain teknisi\u00e4 kokeiluja. Otin 9 kuvaa 800 asan asetuksella ja yhdistin ne kotona tietokoneella toisiinsa Sequator-ohjelmalla. Kohina laski ihan kelvolliseen mittaluokkaan ja lis\u00e4\u00e4 t\u00e4hti\u00e4 sai esiin. Ihan onnistunut kokeilu siis.<\/p>\n<p>Viimeisen\u00e4 y\u00f6n\u00e4 taas Turun ja Paraisten p\u00e4\u00e4ll\u00e4 oli ohuita melko korkealla olevia pilvi\u00e4, joista heijastuva valo valaisi maisemaa h\u00e4iritsev\u00e4sti, joten nytk\u00e4\u00e4n en p\u00e4\u00e4ssyt haluamiani kuvia kokeilemaan. Saaristokaan ei loppujen lopuksi ole kovin pime\u00e4 paikka.<\/p>\n<div id=\"attachment_5844\" style=\"width: 490px\" class=\"wp-caption aligncenter\"><a href=\"https:\/\/blogi.ennola.fi\/wp-content\/uploads\/2020\/11\/Berghamn_Panorama4.jpg\" rel=\"lightbox[5828]\"><img loading=\"lazy\" decoding=\"async\" aria-describedby=\"caption-attachment-5844\" class=\"wp-image-5844 size-full\" title=\"Auringonlasku, Glosan.\" src=\"https:\/\/blogi.ennola.fi\/wp-content\/uploads\/2020\/11\/Berghamn_Panorama4-1.jpg\" alt=\"\" width=\"480\" height=\"165\" \/><\/a><p id=\"caption-attachment-5844\" class=\"wp-caption-text\">Auringonlasku, Glosan.<\/p><\/div>\n<div id=\"attachment_5845\" style=\"width: 460px\" class=\"wp-caption aligncenter\"><a href=\"https:\/\/blogi.ennola.fi\/wp-content\/uploads\/2020\/11\/koottu3.jpg\" rel=\"lightbox[5828]\"><img loading=\"lazy\" decoding=\"async\" aria-describedby=\"caption-attachment-5845\" class=\"wp-image-5845 size-full\" title=\"Vesimies N\u00f6t\u00f6n yl\u00e4puolella.\" src=\"https:\/\/blogi.ennola.fi\/wp-content\/uploads\/2020\/11\/koottu3-1.jpg\" alt=\"\" width=\"450\" height=\"338\" srcset=\"https:\/\/blogi.ennola.fi\/wp-content\/uploads\/2020\/11\/koottu3-1.jpg 450w, https:\/\/blogi.ennola.fi\/wp-content\/uploads\/2020\/11\/koottu3-1-150x113.jpg 150w\" sizes=\"(max-width: 450px) 100vw, 450px\" \/><\/a><p id=\"caption-attachment-5845\" class=\"wp-caption-text\">Vesimies N\u00f6t\u00f6n yl\u00e4puolella.<\/p><\/div>\n<p>S\u00e4\u00e4 oli kyll\u00e4 komea. Auringon paistaessa tuulensuojaisessa paikassa saattoi hyvin huomata, kuinka se l\u00e4mmitti ihanasti. Ensimm\u00e4isen\u00e4 p\u00e4iv\u00e4n\u00e4 tuuli kuitenkin melko voimakkaasti ja j\u00e4in viel\u00e4 ensimm\u00e4iseksi y\u00f6ksi suojaisille vesille. Huonolla melontatuntumalla ei huvittanut l\u00e4hte\u00e4 yksikseen ter\u00e4v\u00e4\u00e4n aallokkoon. Viimeisen\u00e4 y\u00f6n\u00e4 satoi v\u00e4h\u00e4n, mutta aamulla sateen j\u00e4lkeen pilviverho vet\u00e4ytyi pois etel\u00e4\u00e4n ja aurinko p\u00e4\u00e4si sen j\u00e4lkeen paistamaan l\u00e4hes pilvett\u00f6m\u00e4lt\u00e4 taivaalta. Harvoin p\u00e4\u00e4see n\u00e4kem\u00e4\u00e4n niin jyrkk\u00e4\u00e4 pilvisyyden rajaa.<\/p>\n<div id=\"attachment_5846\" style=\"width: 490px\" class=\"wp-caption aligncenter\"><a href=\"https:\/\/blogi.ennola.fi\/wp-content\/uploads\/2020\/11\/Berghamn_Panorama2.jpg\" rel=\"lightbox[5828]\"><img loading=\"lazy\" decoding=\"async\" aria-describedby=\"caption-attachment-5846\" class=\"wp-image-5846 size-full\" title=\"\u00c5d\u00f6 fj\u00e4rden, Glosan.\" src=\"https:\/\/blogi.ennola.fi\/wp-content\/uploads\/2020\/11\/Berghamn_Panorama2-1.jpg\" alt=\"\" width=\"480\" height=\"234\" \/><\/a><p id=\"caption-attachment-5846\" class=\"wp-caption-text\">\u00c5d\u00f6 fj\u00e4rden, Glosan.<\/p><\/div>\n<div id=\"attachment_5847\" style=\"width: 460px\" class=\"wp-caption aligncenter\"><a href=\"https:\/\/blogi.ennola.fi\/wp-content\/uploads\/2020\/11\/IMG_1678.jpg\" rel=\"lightbox[5828]\"><img loading=\"lazy\" decoding=\"async\" aria-describedby=\"caption-attachment-5847\" class=\"wp-image-5847 size-full\" title=\"Kaksi kyhmyjoutsenta.\" src=\"https:\/\/blogi.ennola.fi\/wp-content\/uploads\/2020\/11\/IMG_1678-1.jpg\" alt=\"\" width=\"450\" height=\"336\" \/><\/a><p id=\"caption-attachment-5847\" class=\"wp-caption-text\">Kaksi kyhmyjoutsenta.<\/p><\/div>\n<div id=\"attachment_5848\" style=\"width: 490px\" class=\"wp-caption aligncenter\"><a href=\"https:\/\/blogi.ennola.fi\/wp-content\/uploads\/2020\/11\/Berghamn_Panorama11.jpg\" rel=\"lightbox[5828]\"><img loading=\"lazy\" decoding=\"async\" aria-describedby=\"caption-attachment-5848\" class=\"wp-image-5848 size-full\" title=\"\u00c5d\u00f6 fj\u00e4rden, Glosan.\" src=\"https:\/\/blogi.ennola.fi\/wp-content\/uploads\/2020\/11\/Berghamn_Panorama11-1.jpg\" alt=\"\" width=\"480\" height=\"127\" \/><\/a><p id=\"caption-attachment-5848\" class=\"wp-caption-text\">\u00c5d\u00f6 fj\u00e4rden, Glosan.<\/p><\/div>\n<div id=\"attachment_5849\" style=\"width: 490px\" class=\"wp-caption aligncenter\"><a href=\"https:\/\/blogi.ennola.fi\/wp-content\/uploads\/2020\/11\/Berghamn_Panorama3.jpg\" rel=\"lightbox[5828]\"><img loading=\"lazy\" decoding=\"async\" aria-describedby=\"caption-attachment-5849\" class=\"wp-image-5849 size-full\" title=\"Rantakallioita, Glosan.\" src=\"https:\/\/blogi.ennola.fi\/wp-content\/uploads\/2020\/11\/Berghamn_Panorama3-1.jpg\" alt=\"\" width=\"480\" height=\"211\" \/><\/a><p id=\"caption-attachment-5849\" class=\"wp-caption-text\">Rantakallioita, Glosan.<\/p><\/div>\n<p>Marraskuun luonto on hiljaista, kun el\u00e4imet valmistautuvat talveen. P\u00e4\u00e4sin niit\u00e4 n\u00e4kem\u00e4\u00e4n kuitenkin yll\u00e4tt\u00e4v\u00e4nkin paljon. Berghamnin pohjoispuolella halli uiskenteli pitk\u00e4n aikaa p\u00e4\u00e4 veden pinnalla eik\u00e4 tuntunut v\u00e4litt\u00e4v\u00e4n minusta. Paluumatkalla valkoh\u00e4nt\u00e4kauriit olivat tulleet ruokailemaan kes\u00e4m\u00f6kkien pihoihin. Laulujoutsenet n\u00e4yttiv\u00e4t jo kokoontuneen muuttoparviin, mutta kyhmyjoutsenet liikkuivat viel\u00e4 perhekunnittain. Koskeloita ja sinisorsia oli pieniss\u00e4 parvissa.<\/p>\n<p>Yksitt\u00e4inen merimetso lensi jossain kaukana. Merikotkan ja korpin n\u00e4in kaartelemassa taivaalla ja palok\u00e4rki lensi jossain saaresta toiseen. Bosk\u00e4riss\u00e4 liikuskeli jo tinttien sekaparvi, josta pystyin tunnistamaan talitiaisen, t\u00f6yht\u00f6tiaisen, puukiipij\u00e4n ja hippi\u00e4isen. K\u00e4pytikka naputteli ahkerasti k\u00e4pyj\u00e4\u00e4n. Suurimman riemun tuotti kuitenkin p\u00e4hkin\u00e4hakki, joka kohta sen j\u00e4lkeen, kun olin h\u00e4nest\u00e4 luontopolkutaulusta lukenut tuli uteliaana tarkastelemaan minua leiripaikan p\u00f6yd\u00e4n \u00e4\u00e4rest\u00e4.<\/p>\n<div id=\"attachment_5850\" style=\"width: 490px\" class=\"wp-caption aligncenter\"><a href=\"https:\/\/blogi.ennola.fi\/wp-content\/uploads\/2020\/11\/Berghamn_Panorama8.jpg\" rel=\"lightbox[5828]\"><img loading=\"lazy\" decoding=\"async\" aria-describedby=\"caption-attachment-5850\" class=\"wp-image-5850 size-full\" title=\"Vanhaa mets\u00e4\u00e4, Bosk\u00e4r.\" src=\"https:\/\/blogi.ennola.fi\/wp-content\/uploads\/2020\/11\/Berghamn_Panorama8-1.jpg\" alt=\"\" width=\"480\" height=\"193\" \/><\/a><p id=\"caption-attachment-5850\" class=\"wp-caption-text\">Vanhaa mets\u00e4\u00e4, Bosk\u00e4r.<\/p><\/div>\n<div id=\"attachment_5851\" style=\"width: 490px\" class=\"wp-caption aligncenter\"><a href=\"https:\/\/blogi.ennola.fi\/wp-content\/uploads\/2020\/11\/Berghamn_Panorama7.jpg\" rel=\"lightbox[5828]\"><img loading=\"lazy\" decoding=\"async\" aria-describedby=\"caption-attachment-5851\" class=\"wp-image-5851 size-full\" title=\"Lehdesniitty, Bosk\u00e4r.\" src=\"https:\/\/blogi.ennola.fi\/wp-content\/uploads\/2020\/11\/Berghamn_Panorama7-1.jpg\" alt=\"\" width=\"480\" height=\"127\" \/><\/a><p id=\"caption-attachment-5851\" class=\"wp-caption-text\">Lehdesniitty, Bosk\u00e4r.<\/p><\/div>\n<div id=\"attachment_5852\" style=\"width: 490px\" class=\"wp-caption aligncenter\"><a href=\"https:\/\/blogi.ennola.fi\/wp-content\/uploads\/2020\/11\/Berghamn_Panorama5.jpg\" rel=\"lightbox[5828]\"><img loading=\"lazy\" decoding=\"async\" aria-describedby=\"caption-attachment-5852\" class=\"wp-image-5852 size-full\" title=\"Ranta, Bosk\u00e4r.\" src=\"https:\/\/blogi.ennola.fi\/wp-content\/uploads\/2020\/11\/Berghamn_Panorama5-1.jpg\" alt=\"\" width=\"480\" height=\"106\" srcset=\"https:\/\/blogi.ennola.fi\/wp-content\/uploads\/2020\/11\/Berghamn_Panorama5-1.jpg 480w, https:\/\/blogi.ennola.fi\/wp-content\/uploads\/2020\/11\/Berghamn_Panorama5-1-150x33.jpg 150w\" sizes=\"(max-width: 480px) 100vw, 480px\" \/><\/a><p id=\"caption-attachment-5852\" class=\"wp-caption-text\">Ranta, Bosk\u00e4r.<\/p><\/div>\n","protected":false},"excerpt":{"rendered":"<p>Olen tehnyt melontaretki\u00e4 itselleni merkityksellisiin paikoihin. Kes\u00e4ll\u00e4 1988 olin tutkimusapulaisena saaristossa, tarkoituksenamme tuottaa perustietoa Kansallispuiston k\u00e4ytt\u00f6\u00f6n. Bosk\u00e4riss\u00e4 oltiin silloin aloittamassa laidunnusta ja k\u00e4vimme rakentamassa sinne aitauksia, joihin voisi&#8230;<\/p>\n","protected":false},"author":1,"featured_media":5870,"comment_status":"open","ping_status":"open","sticky":false,"template":"","format":"standard","meta":{"footnotes":""},"categories":[4,8],"tags":[],"_links":{"self":[{"href":"https:\/\/blogi.ennola.fi\/index.php?rest_route=\/wp\/v2\/posts\/5828"}],"collection":[{"href":"https:\/\/blogi.ennola.fi\/index.php?rest_route=\/wp\/v2\/posts"}],"about":[{"href":"https:\/\/blogi.ennola.fi\/index.php?rest_route=\/wp\/v2\/types\/post"}],"author":[{"embeddable":true,"href":"https:\/\/blogi.ennola.fi\/index.php?rest_route=\/wp\/v2\/users\/1"}],"replies":[{"embeddable":true,"href":"https:\/\/blogi.ennola.fi\/index.php?rest_route=%2Fwp%2Fv2%2Fcomments&post=5828"}],"version-history":[{"count":5,"href":"https:\/\/blogi.ennola.fi\/index.php?rest_route=\/wp\/v2\/posts\/5828\/revisions"}],"predecessor-version":[{"id":5859,"href":"https:\/\/blogi.ennola.fi\/index.php?rest_route=\/wp\/v2\/posts\/5828\/revisions\/5859"}],"wp:featuredmedia":[{"embeddable":true,"href":"https:\/\/blogi.ennola.fi\/index.php?rest_route=\/wp\/v2\/media\/5870"}],"wp:attachment":[{"href":"https:\/\/blogi.ennola.fi\/index.php?rest_route=%2Fwp%2Fv2%2Fmedia&parent=5828"}],"wp:term":[{"taxonomy":"category","embeddable":true,"href":"https:\/\/blogi.ennola.fi\/index.php?rest_route=%2Fwp%2Fv2%2Fcategories&post=5828"},{"taxonomy":"post_tag","embeddable":true,"href":"https:\/\/blogi.ennola.fi\/index.php?rest_route=%2Fwp%2Fv2%2Ftags&post=5828"}],"curies":[{"name":"wp","href":"https:\/\/api.w.org\/{rel}","templated":true}]}}