{"id":5913,"date":"2020-12-07T11:37:38","date_gmt":"2020-12-07T09:37:38","guid":{"rendered":"https:\/\/blogi.ennola.fi\/?p=5913"},"modified":"2020-12-07T11:46:42","modified_gmt":"2020-12-07T09:46:42","slug":"syksyn-loppu-vesilla","status":"publish","type":"post","link":"https:\/\/blogi.ennola.fi\/?p=5913","title":{"rendered":"Syksyn loppu vesill\u00e4"},"content":{"rendered":"<p>S\u00e4\u00e4tiedotukset lupasivat vaihteeksi taas muutamia sateettomia ja aurinkoisia p\u00e4ivi\u00e4, joten halusin l\u00e4hte\u00e4 merelle melomaan. Pitk\u00e4t matkat eiv\u00e4t olleet nyt tavoitteena vaan enempi merell\u00e4 oleminen ja valokuvaaminen.<\/p>\n<p>Tavoitteenani oli my\u00f6s l\u00f6yt\u00e4\u00e4 pime\u00e4 saari t\u00e4htitaivaan valokuvaamista varten nyt tai tulevaisuudessa. Olen ep\u00e4toivoisesti yritt\u00e4nyt l\u00f6yt\u00e4\u00e4 saarta, miss\u00e4 pime\u00e4\u00e4 y\u00f6taivasta eiv\u00e4t h\u00e4iritsisi asutuskeskusten valot eik\u00e4 kes\u00e4m\u00f6kkien pihavalot. Koska paikasta olen toivonut pystyv\u00e4ni toteuttamaan kuvan panoraamana, t\u00e4ytyisi n\u00e4kym\u00e4n olla valoton varsin laajalla sektorilla.<\/p>\n<p><a href=\"https:\/\/blogi.ennola.fi\/wp-content\/uploads\/2020\/12\/Syksy_Panorama11.jpg\" rel=\"lightbox[5913]\"><img loading=\"lazy\" decoding=\"async\" class=\"aligncenter wp-image-5928 size-full\" src=\"https:\/\/blogi.ennola.fi\/wp-content\/uploads\/2020\/12\/Syksy_Panorama11-1.jpg\" alt=\"\" width=\"480\" height=\"77\" srcset=\"https:\/\/blogi.ennola.fi\/wp-content\/uploads\/2020\/12\/Syksy_Panorama11-1.jpg 480w, https:\/\/blogi.ennola.fi\/wp-content\/uploads\/2020\/12\/Syksy_Panorama11-1-150x24.jpg 150w\" sizes=\"(max-width: 480px) 100vw, 480px\" \/><\/a><\/p>\n<p><a href=\"https:\/\/blogi.ennola.fi\/wp-content\/uploads\/2020\/12\/Syksy_Panorama2.jpg\" rel=\"lightbox[5913]\"><img loading=\"lazy\" decoding=\"async\" class=\"aligncenter wp-image-5941 size-full\" src=\"https:\/\/blogi.ennola.fi\/wp-content\/uploads\/2020\/12\/Syksy_Panorama2-1.jpg\" alt=\"\" width=\"480\" height=\"102\" srcset=\"https:\/\/blogi.ennola.fi\/wp-content\/uploads\/2020\/12\/Syksy_Panorama2-1.jpg 480w, https:\/\/blogi.ennola.fi\/wp-content\/uploads\/2020\/12\/Syksy_Panorama2-1-150x32.jpg 150w\" sizes=\"(max-width: 480px) 100vw, 480px\" \/><\/a><\/p>\n<p>Eka y\u00f6paikkani oli ankea ja hieman vaikeasti toteutettava. Toisessa y\u00f6paikassani oli vastarannalla kaukaisuudessa m\u00f6kki, jolla oli aivan k\u00e4sitt\u00e4m\u00e4tt\u00f6m\u00e4n kirkkaat valot ja kuten edellisell\u00e4kin reissulla, n\u00e4yttiv\u00e4t palavan koko y\u00f6n l\u00e4pens\u00e4, ehk\u00e4 my\u00f6s p\u00e4ivisin. Kolmas y\u00f6paikka oli lopulta pime\u00e4. Sinne ei osunut kuin yksi majakan valo ja muutama heikko merimerkin valo. Ja n\u00e4kym\u00e4 lounaaseen ja l\u00e4nteen oli vapaa kes\u00e4m\u00f6keist\u00e4. Muutama t\u00e4htikirkas hetki t\u00e4m\u00e4nkin retken \u00f6in\u00e4 oli, mutta valitettavasti l\u00e4hes t\u00e4ysi kuu esti t\u00e4htitaivaan kuvaamisen t\u00e4ll\u00e4 kertaa.\u00a0 Mutta nyt on tiedossa ainakin hyv\u00e4 paikka!<\/p>\n<p>Pitki\u00e4 ja pimeit\u00e4 iltoja varten otin pari kirjaa mukaan. Perehdyin saksalaisven\u00e4l\u00e4isen Stellerin matkoihin Beringinmerell\u00e4 muutama vuosisata sitten ja suomalaisten vaelluksiin Alaskassa viime vuosikymmenin\u00e4.<\/p>\n<p><a href=\"https:\/\/blogi.ennola.fi\/wp-content\/uploads\/2020\/12\/Syksy_Panorama3.jpg\" rel=\"lightbox[5913]\"><img loading=\"lazy\" decoding=\"async\" class=\"aligncenter wp-image-5940 size-full\" src=\"https:\/\/blogi.ennola.fi\/wp-content\/uploads\/2020\/12\/Syksy_Panorama3-1.jpg\" alt=\"\" width=\"480\" height=\"90\" srcset=\"https:\/\/blogi.ennola.fi\/wp-content\/uploads\/2020\/12\/Syksy_Panorama3-1.jpg 480w, https:\/\/blogi.ennola.fi\/wp-content\/uploads\/2020\/12\/Syksy_Panorama3-1-150x28.jpg 150w\" sizes=\"(max-width: 480px) 100vw, 480px\" \/><\/a><\/p>\n<p><a href=\"https:\/\/blogi.ennola.fi\/wp-content\/uploads\/2020\/12\/Syksy_Panorama8.jpg\" rel=\"lightbox[5913]\"><img loading=\"lazy\" decoding=\"async\" class=\"aligncenter wp-image-5939 size-full\" src=\"https:\/\/blogi.ennola.fi\/wp-content\/uploads\/2020\/12\/Syksy_Panorama8-1.jpg\" alt=\"\" width=\"480\" height=\"126\" srcset=\"https:\/\/blogi.ennola.fi\/wp-content\/uploads\/2020\/12\/Syksy_Panorama8-1.jpg 480w, https:\/\/blogi.ennola.fi\/wp-content\/uploads\/2020\/12\/Syksy_Panorama8-1-150x39.jpg 150w\" sizes=\"(max-width: 480px) 100vw, 480px\" \/><\/a><\/p>\n<p>L\u00e4ht\u00f6 retkelle p\u00e4\u00e4si v\u00e4h\u00e4n ven\u00e4ht\u00e4m\u00e4\u00e4n ja meloin ensimm\u00e4isen etapin t\u00e4ysin pime\u00e4ss\u00e4. En ollut laatinut kovin tarkkaa suunnitelmaa suunnistamiseen ja luotin pelk\u00e4st\u00e4\u00e4n hyv\u00e4\u00e4n suunnistustaitooni. Sokkeloinen saaristo oli kuitenkin odotettua hankalampi navigoitava ja tipuin melko lailla kartalta. Rantauduin lopulta pieneen ja suojaiseen merenlahteen. Avasin GPS:n katsoakseni mihin olin p\u00e4\u00e4tynyt. Olin lopulta noin sadan metrin p\u00e4\u00e4ss\u00e4 tavoitteekseni asettamasta lahdelmasta ja yll\u00e4tyksekseni olin juuri ennen rantautumistani melonut karttaan merkityn niemen yli.<\/p>\n<p><a href=\"https:\/\/blogi.ennola.fi\/wp-content\/uploads\/2020\/12\/Syksy_Panorama10.jpg\" rel=\"lightbox[5913]\"><img loading=\"lazy\" decoding=\"async\" class=\"aligncenter wp-image-5936 size-full\" src=\"https:\/\/blogi.ennola.fi\/wp-content\/uploads\/2020\/12\/Syksy_Panorama10-1.jpg\" alt=\"\" width=\"480\" height=\"106\" srcset=\"https:\/\/blogi.ennola.fi\/wp-content\/uploads\/2020\/12\/Syksy_Panorama10-1.jpg 480w, https:\/\/blogi.ennola.fi\/wp-content\/uploads\/2020\/12\/Syksy_Panorama10-1-150x33.jpg 150w\" sizes=\"(max-width: 480px) 100vw, 480px\" \/><\/a><\/p>\n<p><a href=\"https:\/\/blogi.ennola.fi\/wp-content\/uploads\/2020\/12\/Syksy_Panorama14.jpg\" rel=\"lightbox[5913]\"><img loading=\"lazy\" decoding=\"async\" class=\"aligncenter wp-image-5937 size-full\" src=\"https:\/\/blogi.ennola.fi\/wp-content\/uploads\/2020\/12\/Syksy_Panorama14-1.jpg\" alt=\"\" width=\"480\" height=\"93\" srcset=\"https:\/\/blogi.ennola.fi\/wp-content\/uploads\/2020\/12\/Syksy_Panorama14-1.jpg 480w, https:\/\/blogi.ennola.fi\/wp-content\/uploads\/2020\/12\/Syksy_Panorama14-1-150x29.jpg 150w\" sizes=\"(max-width: 480px) 100vw, 480px\" \/><\/a><\/p>\n<p>S\u00e4\u00e4 oli kylm\u00e4, pilvinen ja tuulinen, kuten my\u00f6h\u00e4issyksylt\u00e4 saattaa odottaa. S\u00e4\u00e4tiedotuksista poiketen aurinko n\u00e4ytt\u00e4ytyi vain muutaman kerran, vaikka etel\u00e4mp\u00e4n\u00e4 Saaristomerell\u00e4 oli ollut ihan aurinkoisiakin p\u00e4ivi\u00e4. Toisena y\u00f6n\u00e4 oli hetken kirkasta ja l\u00e4mp\u00f6tila painui reilusti pakkaselle. Maa olikin aamulla kuurassa ja lammikotkin j\u00e4\u00e4ss\u00e4, mitk\u00e4 eiv\u00e4t edes p\u00e4iv\u00e4n mittaan kunnolla sulaneet. Pienikin viima leiripaikalla tuntui todella kylm\u00e4lt\u00e4.<\/p>\n<p>Kylmyyden ja pimeyden takia oli vaikeaa p\u00e4\u00e4st\u00e4 teltasta yl\u00f6s ennen valostumista, joten aamut p\u00e4\u00e4siv\u00e4t pahasti venym\u00e4\u00e4n. Otinkin makuupussin lis\u00e4l\u00e4mm\u00f6ksi ruokailuihin. Harvoin p\u00e4\u00e4sin liikkeelle ennen puoltap\u00e4iv\u00e4\u00e4. Valoisan melonta-ajan j\u00e4\u00e4dess\u00e4 lyhyeksi keskityinkin melomaan suhteellisen pienell\u00e4 saaristoalueella leiripaikan l\u00e4heisyydess\u00e4 ja leiri\u00e4 siirsin vain lyhyit\u00e4 matkoja l\u00e4hinn\u00e4 vain paremman leiripaikan toivossa.<\/p>\n<p><a href=\"https:\/\/blogi.ennola.fi\/wp-content\/uploads\/2020\/12\/Syksy_Panorama1.jpg\" rel=\"lightbox[5913]\"><img loading=\"lazy\" decoding=\"async\" class=\"aligncenter wp-image-5938 size-full\" src=\"https:\/\/blogi.ennola.fi\/wp-content\/uploads\/2020\/12\/Syksy_Panorama1-1.jpg\" alt=\"\" width=\"480\" height=\"156\" srcset=\"https:\/\/blogi.ennola.fi\/wp-content\/uploads\/2020\/12\/Syksy_Panorama1-1.jpg 480w, https:\/\/blogi.ennola.fi\/wp-content\/uploads\/2020\/12\/Syksy_Panorama1-1-150x49.jpg 150w\" sizes=\"(max-width: 480px) 100vw, 480px\" \/><\/a><\/p>\n<p><a href=\"https:\/\/blogi.ennola.fi\/wp-content\/uploads\/2020\/12\/Syksy_Panorama13.jpg\" rel=\"lightbox[5913]\"><img loading=\"lazy\" decoding=\"async\" class=\"aligncenter wp-image-5935 size-full\" src=\"https:\/\/blogi.ennola.fi\/wp-content\/uploads\/2020\/12\/Syksy_Panorama13-1.jpg\" alt=\"\" width=\"480\" height=\"124\" srcset=\"https:\/\/blogi.ennola.fi\/wp-content\/uploads\/2020\/12\/Syksy_Panorama13-1.jpg 480w, https:\/\/blogi.ennola.fi\/wp-content\/uploads\/2020\/12\/Syksy_Panorama13-1-150x39.jpg 150w\" sizes=\"(max-width: 480px) 100vw, 480px\" \/><\/a><\/p>\n<p>Syksyll\u00e4 luonto alkaa vet\u00e4yty\u00e4 kuoreensa, muuttolinnut ovat muuttaneet ja j\u00e4ljelle j\u00e4\u00e4neet keskittyv\u00e4t ravinnon hankintaan. Siit\u00e4 huolimatta yksin, hiljakseen liikkumalla n\u00e4in yll\u00e4tt\u00e4v\u00e4nkin paljon el\u00e4m\u00e4\u00e4.<\/p>\n<p>Koko merialue oli t\u00e4ynn\u00e4 kyhmyjoutsenia pariskuntina ja pienin\u00e4 perhekuntina, minne vaan katsoi. Laulujoutsenet taas olivat jo kertyneet pieniin parviin, joiden trumpetti\u00e4\u00e4ni\u00e4 kuulin suojaisista lahdelmista ja muutaman parvenkin p\u00e4\u00e4sin n\u00e4kem\u00e4\u00e4nkin. Isokoskeloparvia oli my\u00f6s monin paikoin. Sinisorsia oli ruovikkoisissa lahdelmissa.<\/p>\n<p><a href=\"https:\/\/blogi.ennola.fi\/wp-content\/uploads\/2020\/12\/Syksy_Panorama6.jpg\" rel=\"lightbox[5913]\"><img loading=\"lazy\" decoding=\"async\" class=\"aligncenter wp-image-5934 size-full\" src=\"https:\/\/blogi.ennola.fi\/wp-content\/uploads\/2020\/12\/Syksy_Panorama6-1.jpg\" alt=\"\" width=\"480\" height=\"106\" srcset=\"https:\/\/blogi.ennola.fi\/wp-content\/uploads\/2020\/12\/Syksy_Panorama6-1.jpg 480w, https:\/\/blogi.ennola.fi\/wp-content\/uploads\/2020\/12\/Syksy_Panorama6-1-150x33.jpg 150w\" sizes=\"(max-width: 480px) 100vw, 480px\" \/><\/a><\/p>\n<p><a href=\"https:\/\/blogi.ennola.fi\/wp-content\/uploads\/2020\/12\/Syksy_Panorama5.jpg\" rel=\"lightbox[5913]\"><img loading=\"lazy\" decoding=\"async\" class=\"aligncenter wp-image-5933 size-full\" src=\"https:\/\/blogi.ennola.fi\/wp-content\/uploads\/2020\/12\/Syksy_Panorama5-1.jpg\" alt=\"\" width=\"480\" height=\"89\" srcset=\"https:\/\/blogi.ennola.fi\/wp-content\/uploads\/2020\/12\/Syksy_Panorama5-1.jpg 480w, https:\/\/blogi.ennola.fi\/wp-content\/uploads\/2020\/12\/Syksy_Panorama5-1-150x28.jpg 150w\" sizes=\"(max-width: 480px) 100vw, 480px\" \/><\/a><\/p>\n<p>Ensimm\u00e4isen\u00e4 aamuna n\u00e4in kolmen merikotkan ryhm\u00e4n liitelem\u00e4ss\u00e4 yll\u00e4ni: kaksi aikuista ja poikanen, oletettavasti perhekunta. Sen j\u00e4lkeenkin n\u00e4in p\u00e4ivitt\u00e4in lukuisia merikotkia, mutta on mahdotonta sanoa, kuinka monesta eri yksil\u00f6st\u00e4 oli lopulta kyse. H\u00e4mm\u00e4stytt\u00e4v\u00e4\u00e4 kuitenkin se on, kuinka tavallinen n\u00e4ky merikotkasta on tullut sen j\u00e4lkeen, kun se kolmekymment\u00e4 vuotta sitten oli kuolemassa l\u00e4hes \u00a0sukupuuttoon. Nyt kanta on hyvin elinvoimainen, joidenkin mielest\u00e4 jopa liian elinvoimainen. Merikotkien lis\u00e4ksi kaksi yleist\u00e4 lintulajia lentelem\u00e4ss\u00e4 oli korppi ja varis.<\/p>\n<p><a href=\"https:\/\/blogi.ennola.fi\/wp-content\/uploads\/2020\/12\/Syksy_Panorama9.jpg\" rel=\"lightbox[5913]\"><img loading=\"lazy\" decoding=\"async\" class=\"aligncenter wp-image-5932 size-full\" src=\"https:\/\/blogi.ennola.fi\/wp-content\/uploads\/2020\/12\/Syksy_Panorama9-1.jpg\" alt=\"\" width=\"480\" height=\"86\" srcset=\"https:\/\/blogi.ennola.fi\/wp-content\/uploads\/2020\/12\/Syksy_Panorama9-1.jpg 480w, https:\/\/blogi.ennola.fi\/wp-content\/uploads\/2020\/12\/Syksy_Panorama9-1-150x27.jpg 150w\" sizes=\"(max-width: 480px) 100vw, 480px\" \/><\/a><\/p>\n<p><a href=\"https:\/\/blogi.ennola.fi\/wp-content\/uploads\/2020\/12\/Syksy_Panorama12.jpg\" rel=\"lightbox[5913]\"><img loading=\"lazy\" decoding=\"async\" class=\"aligncenter wp-image-5931 size-full\" src=\"https:\/\/blogi.ennola.fi\/wp-content\/uploads\/2020\/12\/Syksy_Panorama12-1.jpg\" alt=\"\" width=\"480\" height=\"73\" srcset=\"https:\/\/blogi.ennola.fi\/wp-content\/uploads\/2020\/12\/Syksy_Panorama12-1.jpg 480w, https:\/\/blogi.ennola.fi\/wp-content\/uploads\/2020\/12\/Syksy_Panorama12-1-150x23.jpg 150w\" sizes=\"(max-width: 480px) 100vw, 480px\" \/><\/a><\/p>\n<p>Iso halli yritti rantautua aivan viereeni. Huomasin sen isosta paikallinen aallosta vain 20 m p\u00e4\u00e4ss\u00e4 kajakistani. Ensiksi luulin sit\u00e4 laivan kaukaiseksi mainingiksi, mutta pian tajusin, ett\u00e4 maininki n\u00e4kyisi muuallakin. Hetken p\u00e4\u00e4st\u00e4 syyllinen ilmoittautuikin tuhahdellen muutaman kymmenen metrin p\u00e4\u00e4st\u00e4 rannasta. Aikansa minua ihmetelty\u00e4\u00e4n se nosti p\u00e4\u00e4ns\u00e4 aivan pystyyn ja vajosi hiljalleen aaltojen sekaan.<\/p>\n<p>Er\u00e4\u00e4ll\u00e4 pienell\u00e4 saarella n\u00e4in pari valkoh\u00e4nt\u00e4kaurista ruokailemassa rannan kivenkolojen hein\u00e4tuppailla. Meloin niiden ohitse rannan tuntumassa, jolloin ne v\u00e4istiv\u00e4t mets\u00e4\u00e4n.<\/p>\n<p><a href=\"https:\/\/blogi.ennola.fi\/wp-content\/uploads\/2020\/12\/Syksy_Panorama7.jpg\" rel=\"lightbox[5913]\"><img loading=\"lazy\" decoding=\"async\" class=\"aligncenter wp-image-5930 size-full\" src=\"https:\/\/blogi.ennola.fi\/wp-content\/uploads\/2020\/12\/Syksy_Panorama7-1.jpg\" alt=\"\" width=\"480\" height=\"107\" srcset=\"https:\/\/blogi.ennola.fi\/wp-content\/uploads\/2020\/12\/Syksy_Panorama7-1.jpg 480w, https:\/\/blogi.ennola.fi\/wp-content\/uploads\/2020\/12\/Syksy_Panorama7-1-150x33.jpg 150w\" sizes=\"(max-width: 480px) 100vw, 480px\" \/><\/a><\/p>\n<p><a href=\"https:\/\/blogi.ennola.fi\/wp-content\/uploads\/2020\/12\/Syksy_Panorama4.jpg\" rel=\"lightbox[5913]\"><img loading=\"lazy\" decoding=\"async\" class=\"aligncenter wp-image-5929 size-full\" src=\"https:\/\/blogi.ennola.fi\/wp-content\/uploads\/2020\/12\/Syksy_Panorama4-1.jpg\" alt=\"\" width=\"480\" height=\"141\" srcset=\"https:\/\/blogi.ennola.fi\/wp-content\/uploads\/2020\/12\/Syksy_Panorama4-1.jpg 480w, https:\/\/blogi.ennola.fi\/wp-content\/uploads\/2020\/12\/Syksy_Panorama4-1-150x44.jpg 150w\" sizes=\"(max-width: 480px) 100vw, 480px\" \/><\/a><\/p>\n<p>Saariston suhteellisten pienten saarien mets\u00e4t ovat varsin hyvin s\u00e4\u00e4styneet tuhomets\u00e4taloudelta. N\u00e4inkin palok\u00e4rjen ja k\u00e4pytikan etsiv\u00e4n ruokaa saarten metsist\u00e4. Kaikkein suurimman ilon tuotti kuitenkin aivan perinteinen tiaisparvi, joka kulki ohitseni ruokaa etsiess\u00e4\u00e4n samalla, kun itse seisoskelin hiljaa valokuvaamassa maisemia. Ensimm\u00e4isen\u00e4 tulivat pari hippi\u00e4ist\u00e4 korkeine \u00e4\u00e4nineen, jotka n\u00e4in l\u00e4helt\u00e4 viel\u00e4 pystyn kuulemaan. Sen j\u00e4lkeen tuli talitiainen, jota seurasivat t\u00f6yht\u00f6- ja h\u00f6m\u00f6tiaiset. H\u00e4nn\u00e4nhuippuna tuli viel\u00e4 puukiipij\u00e4 seuraillen puiden runkoja.<\/p>\n<p>En muista aikoihin kuulleni en\u00e4\u00e4 h\u00f6m\u00f6tiaista, mik\u00e4 kuitenkin nuoruuteni syksyisill\u00e4 mets\u00e4retkill\u00e4 oli t\u00f6yht\u00f6tiaisen ohella varmastikin yleisin lintu. Nykyaikaisen mets\u00e4talouden on sanottu koituneen h\u00f6m\u00f6tiaisen kohtaloksi, mutta saariston ikimetsiss\u00e4 niit\u00e4 viel\u00e4 n\u00e4ytt\u00e4\u00e4 elelev\u00e4n.<\/p>\n","protected":false},"excerpt":{"rendered":"<p>S\u00e4\u00e4tiedotukset lupasivat vaihteeksi taas muutamia sateettomia ja aurinkoisia p\u00e4ivi\u00e4, joten halusin l\u00e4hte\u00e4 merelle melomaan. Pitk\u00e4t matkat eiv\u00e4t olleet nyt tavoitteena vaan enempi merell\u00e4 oleminen ja valokuvaaminen. Tavoitteenani oli&#8230;<\/p>\n","protected":false},"author":1,"featured_media":5942,"comment_status":"open","ping_status":"open","sticky":false,"template":"","format":"standard","meta":{"footnotes":""},"categories":[4,8],"tags":[],"_links":{"self":[{"href":"https:\/\/blogi.ennola.fi\/index.php?rest_route=\/wp\/v2\/posts\/5913"}],"collection":[{"href":"https:\/\/blogi.ennola.fi\/index.php?rest_route=\/wp\/v2\/posts"}],"about":[{"href":"https:\/\/blogi.ennola.fi\/index.php?rest_route=\/wp\/v2\/types\/post"}],"author":[{"embeddable":true,"href":"https:\/\/blogi.ennola.fi\/index.php?rest_route=\/wp\/v2\/users\/1"}],"replies":[{"embeddable":true,"href":"https:\/\/blogi.ennola.fi\/index.php?rest_route=%2Fwp%2Fv2%2Fcomments&post=5913"}],"version-history":[{"count":3,"href":"https:\/\/blogi.ennola.fi\/index.php?rest_route=\/wp\/v2\/posts\/5913\/revisions"}],"predecessor-version":[{"id":5946,"href":"https:\/\/blogi.ennola.fi\/index.php?rest_route=\/wp\/v2\/posts\/5913\/revisions\/5946"}],"wp:featuredmedia":[{"embeddable":true,"href":"https:\/\/blogi.ennola.fi\/index.php?rest_route=\/wp\/v2\/media\/5942"}],"wp:attachment":[{"href":"https:\/\/blogi.ennola.fi\/index.php?rest_route=%2Fwp%2Fv2%2Fmedia&parent=5913"}],"wp:term":[{"taxonomy":"category","embeddable":true,"href":"https:\/\/blogi.ennola.fi\/index.php?rest_route=%2Fwp%2Fv2%2Fcategories&post=5913"},{"taxonomy":"post_tag","embeddable":true,"href":"https:\/\/blogi.ennola.fi\/index.php?rest_route=%2Fwp%2Fv2%2Ftags&post=5913"}],"curies":[{"name":"wp","href":"https:\/\/api.w.org\/{rel}","templated":true}]}}