{"id":5989,"date":"2020-12-29T00:06:27","date_gmt":"2020-12-28T22:06:27","guid":{"rendered":"https:\/\/blogi.ennola.fi\/?p=5989"},"modified":"2023-12-22T00:18:59","modified_gmt":"2023-12-21T22:18:59","slug":"lintukuvausta-vanhalla-objektiivilla","status":"publish","type":"post","link":"https:\/\/blogi.ennola.fi\/?p=5989","title":{"rendered":"Lintukuvausta vanhalla objektiivilla"},"content":{"rendered":"<p>Kaksikymment\u00e4viisi vuotta sitten kuvasin paljon lintuja, mutta sittemmin se osa valokuvausharrastusta hiipui ja kuvaamisen p\u00e4\u00e4paino siirtyi maisemakuviin: ensin palkkikameraan, I. K. Inha kuvapareihin ja sittemmin monen otoksen panoraamoihin. Digikuvausta olen harrastanut toistakymment\u00e4 vuotta laadukkaalla pokkarilla, mutta kaivattuani parempaa kuvanlaatua ja y\u00f6kuvausmahdollisuutta siirryin pienikokoiseen peilitt\u00f6m\u00e4\u00e4n j\u00e4rjestelm\u00e4kameraan.<\/p>\n<div id=\"attachment_6000\" style=\"width: 460px\" class=\"wp-caption aligncenter\"><a href=\"https:\/\/blogi.ennola.fi\/wp-content\/uploads\/2020\/12\/IMG_0269.jpg\" rel=\"lightbox[5989]\"><img loading=\"lazy\" decoding=\"async\" aria-describedby=\"caption-attachment-6000\" class=\"wp-image-6000 size-full\" title=\"Kuusi- ja talitiainen.\" src=\"https:\/\/blogi.ennola.fi\/wp-content\/uploads\/2020\/12\/IMG_0269-1.jpg\" alt=\"\" width=\"450\" height=\"301\" srcset=\"https:\/\/blogi.ennola.fi\/wp-content\/uploads\/2020\/12\/IMG_0269-1.jpg 450w, https:\/\/blogi.ennola.fi\/wp-content\/uploads\/2020\/12\/IMG_0269-1-150x100.jpg 150w\" sizes=\"(max-width: 450px) 100vw, 450px\" \/><\/a><p id=\"caption-attachment-6000\" class=\"wp-caption-text\">Kuusi- ja talitiainen.<\/p><\/div>\n<p>Peilit\u00f6n j\u00e4rjestelm\u00e4kamera toi mukanaan mielenkiintoisen mahdollisuuden. Peilitt\u00f6m\u00e4n kameran bajonetti on paljon l\u00e4hemp\u00e4n\u00e4 kennoa kuin peilillisiss\u00e4 kameroissa, joten on mahdollista rakentaa yksinkertainen mekaaninen sovite l\u00e4hes mink\u00e4 tahansa objektiivin liitt\u00e4miseksi uuteen runkoon. Tietenkin s\u00e4hk\u00f6iset linssit vaativat muutakin toimiakseen, mutta vanhat mekaaniset objektiivini ovat k\u00e4ytt\u00f6kelpoisia my\u00f6s t\u00e4m\u00e4n uuden rungon kanssa.<\/p>\n<h2>Sovite ja sen k\u00e4ytt\u00f6<\/h2>\n<p>Sovitteita valmistavat lukuisat eri piraattivalmistajat. Kun en kenelt\u00e4k\u00e4\u00e4n kotimaiselta toimittajalta l\u00f6yt\u00e4nyt sopivaa sovitetta varastosta p\u00e4\u00e4tin tilata ulkomailta. Mahdollisia vaihtoehtoja selvitetty\u00e4ni p\u00e4\u00e4tin tilata K&amp;F Concept:n valmistaman sovitteen Kiinasta ebayn kautta. \u00a0Hinta oli alle 20 euroa ja toimitus ilmainen, joten se olisi tullivapaa ja toimitusajaksi luvattiin jotain muutaman viikon ja parin kuukauden v\u00e4lilt\u00e4. Onneksi todellinen aika oli l\u00e4hemp\u00e4n\u00e4 muutamaa viikkoa kuin paria kuukautta joulunajasta huolimatta. Jotain omituista maailmassa kyll\u00e4 on, kun t\u00e4llaisia l\u00e4hetet\u00e4\u00e4n ilmaiseksi maapallon puolelta toiselle muutamassa viikossa.<\/p>\n<div id=\"attachment_6034\" style=\"width: 460px\" class=\"wp-caption aligncenter\"><a href=\"https:\/\/blogi.ennola.fi\/wp-content\/uploads\/2020\/12\/IMG_1787.jpg\" rel=\"lightbox[5989]\"><img loading=\"lazy\" decoding=\"async\" aria-describedby=\"caption-attachment-6034\" class=\"wp-image-6034 size-full\" title=\"Sovite.\" src=\"https:\/\/blogi.ennola.fi\/wp-content\/uploads\/2020\/12\/IMG_1787-1.jpg\" alt=\"\" width=\"450\" height=\"334\" srcset=\"https:\/\/blogi.ennola.fi\/wp-content\/uploads\/2020\/12\/IMG_1787-1.jpg 450w, https:\/\/blogi.ennola.fi\/wp-content\/uploads\/2020\/12\/IMG_1787-1-150x111.jpg 150w\" sizes=\"(max-width: 450px) 100vw, 450px\" \/><\/a><p id=\"caption-attachment-6034\" class=\"wp-caption-text\">Sovite.<\/p><\/div>\n<p>Kiinnitin vanhan lintukuvausobjektiivini (FD 300 F 4,0 L) kameraan ja aloin testailla kameran toimintaa. Ensinn\u00e4kin rungon polttov\u00e4likerroin on 1,6, joten kamerassani objektiivi vastasi t\u00e4yden koon kameran 480 millist\u00e4, eli varsin pitk\u00e4\u00e4 objektiivia.<\/p>\n<div id=\"attachment_6031\" style=\"width: 460px\" class=\"wp-caption aligncenter\"><a href=\"https:\/\/blogi.ennola.fi\/wp-content\/uploads\/2020\/12\/IMG_1764.jpg\" rel=\"lightbox[5989]\"><img loading=\"lazy\" decoding=\"async\" aria-describedby=\"caption-attachment-6031\" class=\"wp-image-6031 size-full\" title=\"Vanha objektiivi uudessa kamerassa. \" src=\"https:\/\/blogi.ennola.fi\/wp-content\/uploads\/2020\/12\/IMG_1764-1.jpg\" alt=\"\" width=\"450\" height=\"319\" srcset=\"https:\/\/blogi.ennola.fi\/wp-content\/uploads\/2020\/12\/IMG_1764-1.jpg 450w, https:\/\/blogi.ennola.fi\/wp-content\/uploads\/2020\/12\/IMG_1764-1-150x106.jpg 150w\" sizes=\"(max-width: 450px) 100vw, 450px\" \/><\/a><p id=\"caption-attachment-6031\" class=\"wp-caption-text\">Vanha objektiivi uudessa kamerassa.<\/p><\/div>\n<p>Himmennint\u00e4 joutuu k\u00e4ytt\u00e4m\u00e4\u00e4n k\u00e4sin, joten sen k\u00e4ytt\u00f6 nopeassa lintukuvauksessa olisi k\u00e4yt\u00e4nn\u00f6ss\u00e4 l\u00e4hes mahdotonta. Tarkennus t\u00e4ytyisi kuitenkin tehd\u00e4 t\u00e4ydell\u00e4 aukolla, jotta sen saa kohdistettua oikein ja sen j\u00e4lkeen kuva pit\u00e4isi himment\u00e4\u00e4 ja laukaista. Toiminee vain hyvin paikallaan olevien kohteiden kanssa. Suurin osa kuvaamisesta toki tapahtunee t\u00e4ydell\u00e4 aukolla, joten haitta ei ole kovin suuri.<\/p>\n<div class=\"mceTemp\"><\/div>\n<div id=\"attachment_6009\" style=\"width: 460px\" class=\"wp-caption aligncenter\"><a href=\"https:\/\/blogi.ennola.fi\/wp-content\/uploads\/2020\/12\/IMG_0187b.jpg\" rel=\"lightbox[5989]\"><img loading=\"lazy\" decoding=\"async\" aria-describedby=\"caption-attachment-6009\" class=\"wp-image-6009 size-full\" title=\"Talitiainen.\" src=\"https:\/\/blogi.ennola.fi\/wp-content\/uploads\/2020\/12\/IMG_0187b-1.jpg\" alt=\"\" width=\"450\" height=\"295\" srcset=\"https:\/\/blogi.ennola.fi\/wp-content\/uploads\/2020\/12\/IMG_0187b-1.jpg 450w, https:\/\/blogi.ennola.fi\/wp-content\/uploads\/2020\/12\/IMG_0187b-1-150x98.jpg 150w\" sizes=\"(max-width: 450px) 100vw, 450px\" \/><\/a><p id=\"caption-attachment-6009\" class=\"wp-caption-text\">Talitiainen.<\/p><\/div>\n<p>Objektiivin tarkennus tapahtuu k\u00e4sin, kuten 25 vuottakin sitten. Elektroniselta etsimelt\u00e4 on vaan paljon vaikeampi n\u00e4hd\u00e4 kuvan ter\u00e4vyytt\u00e4 kuin vanhalta optiselta etsimelt\u00e4. Sit\u00e4 varten kamerassa on toiminto, mik\u00e4 v\u00e4rj\u00e4\u00e4 kuvan ter\u00e4v\u00e4t \u00e4\u00e4riviivat kuvassa punaisella. Kuvatessa on siis koetettava saada tuo punaisena toistuva vy\u00f6hyke kohdistumaan mahdollisimman tarkkaan t\u00e4rkeimp\u00e4\u00e4n kohteeseen eli yleens\u00e4 linnun silm\u00e4\u00e4n.<\/p>\n<div class=\"mceTemp\"><\/div>\n<div id=\"attachment_6005\" style=\"width: 460px\" class=\"wp-caption aligncenter\"><a href=\"https:\/\/blogi.ennola.fi\/wp-content\/uploads\/2020\/12\/IMG_0603b.jpg\" rel=\"lightbox[5989]\"><img loading=\"lazy\" decoding=\"async\" aria-describedby=\"caption-attachment-6005\" class=\"wp-image-6005 size-full\" title=\"Mustarastas.\" src=\"https:\/\/blogi.ennola.fi\/wp-content\/uploads\/2020\/12\/IMG_0603b-1.jpg\" alt=\"\" width=\"450\" height=\"317\" srcset=\"https:\/\/blogi.ennola.fi\/wp-content\/uploads\/2020\/12\/IMG_0603b-1.jpg 450w, https:\/\/blogi.ennola.fi\/wp-content\/uploads\/2020\/12\/IMG_0603b-1-150x106.jpg 150w\" sizes=\"(max-width: 450px) 100vw, 450px\" \/><\/a><p id=\"caption-attachment-6005\" class=\"wp-caption-text\">Mustarastas.<\/p><\/div>\n<h2>Koekuvauksia<\/h2>\n<p>Koekuvauksia l\u00e4hdin joulun alla ja j\u00e4lkeenkin suorittamaan useita. Lintukuvausta on tietysti helpoin harjoitella lintujen kanssa, jotka ovat tottuneet ihmiseen. Niinp\u00e4 aloitin kuvaamiseen pihani lintulaudalla, miss\u00e4 linnut hyvin sietiv\u00e4t vain viiden metrin p\u00e4\u00e4ss\u00e4 hiljakseen seisovaa kuvaajaa. Haunisten altaalla k\u00e4vin taas katselemassa vesilintuja, miss\u00e4 l\u00f6ysin muutaman nuoren kyhmyjoutsenen ruokailemassa.<\/p>\n<div id=\"attachment_6001\" style=\"width: 460px\" class=\"wp-caption aligncenter\"><a href=\"https:\/\/blogi.ennola.fi\/wp-content\/uploads\/2020\/12\/IMG_0290.jpg\" rel=\"lightbox[5989]\"><img loading=\"lazy\" decoding=\"async\" aria-describedby=\"caption-attachment-6001\" class=\"wp-image-6001 size-full\" title=\"Varpuspariskunta.\" src=\"https:\/\/blogi.ennola.fi\/wp-content\/uploads\/2020\/12\/IMG_0290-1.jpg\" alt=\"\" width=\"450\" height=\"296\" srcset=\"https:\/\/blogi.ennola.fi\/wp-content\/uploads\/2020\/12\/IMG_0290-1.jpg 450w, https:\/\/blogi.ennola.fi\/wp-content\/uploads\/2020\/12\/IMG_0290-1-150x99.jpg 150w\" sizes=\"(max-width: 450px) 100vw, 450px\" \/><\/a><p id=\"caption-attachment-6001\" class=\"wp-caption-text\">Varpuspariskunta.<\/p><\/div>\n<p>Turun ja Raision keskustat olivat yll\u00e4tt\u00e4v\u00e4n hiljaisia n\u00e4in keskitalvella. Jonkun varpusen ja varislinnun sain kuvatuksi melko kaukaa. Kupittaan puistossa joku piti ruokintaa, joten siell\u00e4 p\u00e4\u00e4sin kuvaamaan paremmin. Sateinen s\u00e4\u00e4 vaan ei ollut kovin kiva.<\/p>\n<div id=\"attachment_6004\" style=\"width: 460px\" class=\"wp-caption aligncenter\"><a href=\"https:\/\/blogi.ennola.fi\/wp-content\/uploads\/2020\/12\/IMG_0340.jpg\" rel=\"lightbox[5989]\"><img loading=\"lazy\" decoding=\"async\" aria-describedby=\"caption-attachment-6004\" class=\"wp-image-6004 size-full\" title=\"Kesykyyhkyj\u00e4.\" src=\"https:\/\/blogi.ennola.fi\/wp-content\/uploads\/2020\/12\/IMG_0340-1.jpg\" alt=\"\" width=\"450\" height=\"300\" srcset=\"https:\/\/blogi.ennola.fi\/wp-content\/uploads\/2020\/12\/IMG_0340-1.jpg 450w, https:\/\/blogi.ennola.fi\/wp-content\/uploads\/2020\/12\/IMG_0340-1-150x100.jpg 150w\" sizes=\"(max-width: 450px) 100vw, 450px\" \/><\/a><p id=\"caption-attachment-6004\" class=\"wp-caption-text\">Kesykyyhkyj\u00e4.<\/p><\/div>\n<p>Ruissalon Saaronniemess\u00e4 kuvasin yksin\u00e4ist\u00e4 ruokailevaa nuorta kyhmyjoutsenta ja viimeisimm\u00e4n kuvausretken tein Katariinanlaaksoon, mik\u00e4 on tunnettu kesyist\u00e4 el\u00e4imist\u00e4\u00e4n. Siell\u00e4 sain kuvatuksi sorsia ihan kauniissa ymp\u00e4rist\u00f6ss\u00e4 sek\u00e4 pikkulintuja ruokinnalla. Tapaninp\u00e4iv\u00e4 oli varsin suosittu ulkoilup\u00e4iv\u00e4, joten Katariinan laaksossa ei tarvinnut olla yksin. Sinne kannattaa palata viel\u00e4 rauhallisempana p\u00e4iv\u00e4n\u00e4 uudestaan.<\/p>\n<div id=\"attachment_6002\" style=\"width: 460px\" class=\"wp-caption aligncenter\"><a href=\"https:\/\/blogi.ennola.fi\/wp-content\/uploads\/2020\/12\/IMG_0460b.jpg\" rel=\"lightbox[5989]\"><img loading=\"lazy\" decoding=\"async\" aria-describedby=\"caption-attachment-6002\" class=\"wp-image-6002 size-full\" title=\"Nuori kyhmyjoutsen.\" src=\"https:\/\/blogi.ennola.fi\/wp-content\/uploads\/2020\/12\/IMG_0460b-1.jpg\" alt=\"\" width=\"450\" height=\"301\" srcset=\"https:\/\/blogi.ennola.fi\/wp-content\/uploads\/2020\/12\/IMG_0460b-1.jpg 450w, https:\/\/blogi.ennola.fi\/wp-content\/uploads\/2020\/12\/IMG_0460b-1-150x100.jpg 150w\" sizes=\"(max-width: 450px) 100vw, 450px\" \/><\/a><p id=\"caption-attachment-6002\" class=\"wp-caption-text\">Nuori kyhmyjoutsen.<\/p><\/div>\n<p>Filmiaikaan n\u00e4hden digikameran ihmeellisyyksi\u00e4 on v\u00e4h\u00e4inen valontarve. Jopa 3200 ASA on k\u00e4ytt\u00f6kelpoinen, 800 ASA on jo ihan hyv\u00e4. N\u00e4in ollen lintuobjektiivin suuri valovoimakaan ei ole niin t\u00e4rke\u00e4 ominaisuus kuin filmiaikana. Noilla herkkyyksill\u00e4 kuvaaminen joulukuun h\u00e4m\u00e4riss\u00e4 oloissa onnistui ilman lumipeitteen valaisevaa vaikutustakin h\u00e4mm\u00e4stytt\u00e4v\u00e4n hyvin.<\/p>\n<div class=\"mceTemp\"><\/div>\n<div id=\"attachment_6007\" style=\"width: 460px\" class=\"wp-caption aligncenter\"><a href=\"https:\/\/blogi.ennola.fi\/wp-content\/uploads\/2020\/12\/IMG_0572.jpg\" rel=\"lightbox[5989]\"><img loading=\"lazy\" decoding=\"async\" aria-describedby=\"caption-attachment-6007\" class=\"wp-image-6007 size-full\" title=\"Hein\u00e4sorsapari.\" src=\"https:\/\/blogi.ennola.fi\/wp-content\/uploads\/2020\/12\/IMG_0572-1.jpg\" alt=\"\" width=\"450\" height=\"300\" srcset=\"https:\/\/blogi.ennola.fi\/wp-content\/uploads\/2020\/12\/IMG_0572-1.jpg 450w, https:\/\/blogi.ennola.fi\/wp-content\/uploads\/2020\/12\/IMG_0572-1-150x100.jpg 150w\" sizes=\"(max-width: 450px) 100vw, 450px\" \/><\/a><p id=\"caption-attachment-6007\" class=\"wp-caption-text\">Hein\u00e4sorsapari.<\/p><\/div>\n<h2>J\u00e4lkik\u00e4sittely<\/h2>\n<p>Objektiivin yksi huonoimmista puolista on se, ett\u00e4 se vinjetoi jonkun verran. Vinjetointi ei ole my\u00f6sk\u00e4\u00e4n tasav\u00e4rist\u00e4 vaan etenkin sininen v\u00e4rikanava himmenee reunoiltaan voimakkaasti. T\u00e4m\u00e4n takia kuvan nurkkien v\u00e4ril\u00e4mp\u00f6tila on n. 500 kelvini\u00e4 l\u00e4mpim\u00e4mpi kuin kuvan keskustan. T\u00e4yden koon filmikameralla t\u00e4llainen vinjetointi ei olisi korjattavissa ja siksi mahdoton, joten ymm\u00e4rt\u00e4isin sen johtuvan objektiivin ja kennon yhteisvaikutuksesta. Objektiiviahan ei ole suunniteltu k\u00e4ytett\u00e4v\u00e4ksi digikameroissa, mutta mist\u00e4 tuo vinjetointi konkreettisesti johtuu, minulla ei ole aavistustakaan. Valitettavan selv\u00e4sti se on kuitenkin n\u00e4ht\u00e4viss\u00e4 tasaista taustaa vasten kuvatuissa kuvissa.<\/p>\n<div id=\"attachment_6024\" style=\"width: 460px\" class=\"wp-caption aligncenter\"><a href=\"https:\/\/blogi.ennola.fi\/wp-content\/uploads\/2020\/12\/IMG_0158c.jpg\" rel=\"lightbox[5989]\"><img loading=\"lazy\" decoding=\"async\" aria-describedby=\"caption-attachment-6024\" class=\"wp-image-6024 size-full\" title=\"Alkuper\u00e4inen kuva peruskorjailuilla.\" src=\"https:\/\/blogi.ennola.fi\/wp-content\/uploads\/2020\/12\/IMG_0158c-1.jpg\" alt=\"\" width=\"450\" height=\"300\" srcset=\"https:\/\/blogi.ennola.fi\/wp-content\/uploads\/2020\/12\/IMG_0158c-1.jpg 450w, https:\/\/blogi.ennola.fi\/wp-content\/uploads\/2020\/12\/IMG_0158c-1-150x100.jpg 150w\" sizes=\"(max-width: 450px) 100vw, 450px\" \/><\/a><p id=\"caption-attachment-6024\" class=\"wp-caption-text\">Alkuper\u00e4inen kuva peruskorjailuilla.<\/p><\/div>\n<div class=\"mceTemp\"><\/div>\n<div id=\"attachment_6025\" style=\"width: 460px\" class=\"wp-caption aligncenter\"><a href=\"https:\/\/blogi.ennola.fi\/wp-content\/uploads\/2020\/12\/IMG_0158b.jpg\" rel=\"lightbox[5989]\"><img loading=\"lazy\" decoding=\"async\" aria-describedby=\"caption-attachment-6025\" class=\"wp-image-6025 size-full\" title=\"Lopullinen k\u00e4sitelty kuva.\" src=\"https:\/\/blogi.ennola.fi\/wp-content\/uploads\/2020\/12\/IMG_0158b-1.jpg\" alt=\"\" width=\"450\" height=\"300\" srcset=\"https:\/\/blogi.ennola.fi\/wp-content\/uploads\/2020\/12\/IMG_0158b-1.jpg 450w, https:\/\/blogi.ennola.fi\/wp-content\/uploads\/2020\/12\/IMG_0158b-1-150x100.jpg 150w\" sizes=\"(max-width: 450px) 100vw, 450px\" \/><\/a><p id=\"caption-attachment-6025\" class=\"wp-caption-text\">Lopullinen k\u00e4sitelty kuva.<\/p><\/div>\n<p>L\u00e4hdin siis kokeilemaan miten tuon v\u00e4rillisen vinjetoinnin voisi kuvasta korjata. <em>Adoben camera raw<\/em> mahdollistaa linssikohtaisen vinjetoinnin korjaamisen, mutta sen tietokannasta ei t\u00e4llaista vanhaa linssi\u00e4 tietystik\u00e4\u00e4n l\u00f6ydy. Manuaalisilla asetuksilla sain osan vinjetoinnista sek\u00e4 v\u00e4risiirtym\u00e4n korjatuksi manuaalisesti ja tallensin asetukset vastaisuuden varalle. Manuaalinen vinjetointi korjaa vain yksiv\u00e4rist\u00e4 vinjetointia, joten se ei ole lopullisille kuville riitt\u00e4v\u00e4 korjaus. V\u00e4ripoikkeama on jotenkin korjattava.<\/p>\n<div id=\"attachment_6020\" style=\"width: 460px\" class=\"wp-caption aligncenter\"><a href=\"https:\/\/blogi.ennola.fi\/wp-content\/uploads\/2020\/12\/Untitled-11.jpg\" rel=\"lightbox[5989]\"><img loading=\"lazy\" decoding=\"async\" aria-describedby=\"caption-attachment-6020\" class=\"wp-image-6020 size-full\" title=\"Vinjetoinnin korjaus Camera raw:ssa.\" src=\"https:\/\/blogi.ennola.fi\/wp-content\/uploads\/2020\/12\/Untitled-11-1.jpg\" alt=\"\" width=\"450\" height=\"293\" srcset=\"https:\/\/blogi.ennola.fi\/wp-content\/uploads\/2020\/12\/Untitled-11-1.jpg 450w, https:\/\/blogi.ennola.fi\/wp-content\/uploads\/2020\/12\/Untitled-11-1-150x98.jpg 150w\" sizes=\"(max-width: 450px) 100vw, 450px\" \/><\/a><p id=\"caption-attachment-6020\" class=\"wp-caption-text\">Vinjetoinnin korjaus Camera raw:ssa.<\/p><\/div>\n<div id=\"attachment_6021\" style=\"width: 460px\" class=\"wp-caption aligncenter\"><a href=\"https:\/\/blogi.ennola.fi\/wp-content\/uploads\/2020\/12\/Untitled-10.jpg\" rel=\"lightbox[5989]\"><img loading=\"lazy\" decoding=\"async\" aria-describedby=\"caption-attachment-6021\" class=\"wp-image-6021 size-full\" title=\"V\u00e4risiirtym\u00e4n korjaus Camera raw:ssa.\" src=\"https:\/\/blogi.ennola.fi\/wp-content\/uploads\/2020\/12\/Untitled-10-1.jpg\" alt=\"\" width=\"450\" height=\"293\" srcset=\"https:\/\/blogi.ennola.fi\/wp-content\/uploads\/2020\/12\/Untitled-10-1.jpg 450w, https:\/\/blogi.ennola.fi\/wp-content\/uploads\/2020\/12\/Untitled-10-1-150x98.jpg 150w\" sizes=\"(max-width: 450px) 100vw, 450px\" \/><\/a><p id=\"caption-attachment-6021\" class=\"wp-caption-text\">V\u00e4risiirtym\u00e4n korjaus Camera raw:ssa.<\/p><\/div>\n<p>T\u00e4t\u00e4 varten kuvasin muutaman kuvan tasaista valkoista taivasta ep\u00e4ter\u00e4v\u00e4ksi tarkennettuna. Avasin kuvat <em>photoshoppiin<\/em> tallentamillani linssikohtaisilla asetuksilla ja miksasin kuvat yhteen. T\u00e4m\u00e4n j\u00e4lkeen s\u00e4\u00e4din kuvan valoisuuden <em>levels<\/em>-s\u00e4\u00e4d\u00f6ll\u00e4 siten, ett\u00e4 kuvan vaaleimmat kohdat juuri saavuttavat vaaleimman 255-arvon. T\u00e4m\u00e4n kuvan tallensin objektiivin nimell\u00e4 itselleni muistiin.<\/p>\n<div id=\"attachment_6019\" style=\"width: 460px\" class=\"wp-caption aligncenter\"><a href=\"https:\/\/blogi.ennola.fi\/wp-content\/uploads\/2020\/12\/FD300_4Lf4.jpg\" rel=\"lightbox[5989]\"><img loading=\"lazy\" decoding=\"async\" aria-describedby=\"caption-attachment-6019\" class=\"wp-image-6019 size-full\" title=\"Kuva valkeasta taivaasta, v\u00e4riefekti\u00e4 voimistettu selkeyden vuoksi.\" src=\"https:\/\/blogi.ennola.fi\/wp-content\/uploads\/2020\/12\/FD300_4Lf4-1.jpg\" alt=\"\" width=\"450\" height=\"300\" srcset=\"https:\/\/blogi.ennola.fi\/wp-content\/uploads\/2020\/12\/FD300_4Lf4-1.jpg 450w, https:\/\/blogi.ennola.fi\/wp-content\/uploads\/2020\/12\/FD300_4Lf4-1-150x100.jpg 150w\" sizes=\"(max-width: 450px) 100vw, 450px\" \/><\/a><p id=\"caption-attachment-6019\" class=\"wp-caption-text\">Kuva valkeasta taivaasta, v\u00e4riefekti\u00e4 voimistettu selkeyden vuoksi.<\/p><\/div>\n<p>T\u00e4ll\u00e4 kuvalla pystyn kuvaamistani kuvista helposti poistamaan niiss\u00e4 mahdollisesti esiintyv\u00e4n v\u00e4rillisen poikkeaman. Avaan kuvat ensin <em>photoshoppiin<\/em> tallentamillani linssikohtaisilla korjauksilla. Kuvan v\u00e4ril\u00e4mp\u00f6tilaa arvioidessa t\u00e4ytyy muistaa kiinnitt\u00e4\u00e4 huomio erityisesti kuvan keskiosiin, koska reunat tulevat toistoltaan viilenem\u00e4\u00e4n huomattavasti. Kuvaa ei my\u00f6sk\u00e4\u00e4n voi rajata avaamisvaiheessa, koska sen j\u00e4lkeen p\u00e4\u00e4lle tulevan kuvan kohdistus ei olisi en\u00e4\u00e4 kohdallaan.<\/p>\n<div class=\"mceTemp\"><\/div>\n<div id=\"attachment_6022\" style=\"width: 359px\" class=\"wp-caption aligncenter\"><img loading=\"lazy\" decoding=\"async\" aria-describedby=\"caption-attachment-6022\" class=\"wp-image-6022 size-full\" title=\"Korjauskuvan k\u00e4ytt\u00f6.\" src=\"https:\/\/blogi.ennola.fi\/wp-content\/uploads\/2020\/12\/Untitled-2.gif\" alt=\"\" width=\"349\" height=\"414\" \/><p id=\"caption-attachment-6022\" class=\"wp-caption-text\">Korjauskuvan k\u00e4ytt\u00f6.<\/p><\/div>\n<div id=\"attachment_6023\" style=\"width: 410px\" class=\"wp-caption aligncenter\"><img loading=\"lazy\" decoding=\"async\" aria-describedby=\"caption-attachment-6023\" class=\"wp-image-6023 size-full\" title=\"Efektin voimakkuutta voi lis\u00e4t\u00e4 levels-s\u00e4\u00e4d\u00f6ll\u00e4.\" src=\"https:\/\/blogi.ennola.fi\/wp-content\/uploads\/2020\/12\/Untitled-1.gif\" alt=\"\" width=\"400\" height=\"372\" \/><p id=\"caption-attachment-6023\" class=\"wp-caption-text\">Efektin voimakkuutta voi lis\u00e4t\u00e4 levels-s\u00e4\u00e4d\u00f6ll\u00e4.<\/p><\/div>\n<p>Nyt kopioin valkoisen taivaskuvan sellaisenaan omaksi tasoksi varsinaisen kuvan p\u00e4\u00e4lle ja asetan sekoitustilaksi <em>divide<\/em>. Efekti\u00e4 voi pienent\u00e4\u00e4 helposti peitt\u00e4vyytt\u00e4 pienent\u00e4m\u00e4ll\u00e4 ja voimistaa vastaavasti lis\u00e4\u00e4m\u00e4ll\u00e4 p\u00e4\u00e4ll\u00e4 olevan kuvan kontrastia <em>levels<\/em>-s\u00e4\u00e4d\u00f6n tumman p\u00e4\u00e4n s\u00e4\u00e4timell\u00e4. N\u00e4ill\u00e4 toimenpiteill\u00e4 linssin aiheuttama v\u00e4rillinen vinjetti saadaan pois ja linssin v\u00e4rientoisto erinomaiseksi.<\/p>\n<h2>Kokemukset<\/h2>\n<p>Kaiken kaikkiaan t\u00e4ytyy todeta, ett\u00e4 objektiivi ylitti odotukseni. Kuvat ovat olleet ter\u00e4vi\u00e4 ja s\u00e4vykk\u00e4it\u00e4. Kuvien laatu mielest\u00e4ni selv\u00e4sti ylitt\u00e4\u00e4 sen, mihin samalla objektiivilla p\u00e4\u00e4sin filmiaikana, vaikka kamera k\u00e4ytt\u00e4\u00e4kin vain vajaat puolet objektiivin piirtoympyr\u00e4st\u00e4. Peilitt\u00f6m\u00e4n kameran t\u00e4r\u00e4hdys ja suuret filminherkkyysasetukset ovat taanneet t\u00e4r\u00e4ht\u00e4m\u00e4tt\u00f6m\u00e4t kuvat paljon helpommin, kuin filmiaikana.<\/p>\n<div id=\"attachment_6008\" style=\"width: 460px\" class=\"wp-caption aligncenter\"><a href=\"https:\/\/blogi.ennola.fi\/wp-content\/uploads\/2020\/12\/IMG_0176.jpg\" rel=\"lightbox[5989]\"><img loading=\"lazy\" decoding=\"async\" aria-describedby=\"caption-attachment-6008\" class=\"wp-image-6008 size-full\" title=\"Kuusitiainen.\" src=\"https:\/\/blogi.ennola.fi\/wp-content\/uploads\/2020\/12\/IMG_0176-1.jpg\" alt=\"\" width=\"450\" height=\"353\" srcset=\"https:\/\/blogi.ennola.fi\/wp-content\/uploads\/2020\/12\/IMG_0176-1.jpg 450w, https:\/\/blogi.ennola.fi\/wp-content\/uploads\/2020\/12\/IMG_0176-1-150x118.jpg 150w\" sizes=\"(max-width: 450px) 100vw, 450px\" \/><\/a><p id=\"caption-attachment-6008\" class=\"wp-caption-text\">Kuusitiainen.<\/p><\/div>\n<p>K\u00e4sitarkennus s\u00e4hk\u00f6iselt\u00e4 etsimelt\u00e4 oli ollut aluksi haastavaa, mutta aika nopeasti opin hy\u00f6dynt\u00e4m\u00e4\u00e4n s\u00e4hk\u00f6isen t\u00e4hyslasin tarkennusapuja ja tarkentaminen sill\u00e4 on ollut tarkkaa ja kohtuullisen helppoa. Optiselta t\u00e4ht\u00e4imelt\u00e4 tarkentaminen saattoi olla pikkasen helpompaa, mutta ei siin\u00e4 suurta eroa ole ollut. Pit\u00e4isi p\u00e4\u00e4st\u00e4 kokeilemaan my\u00f6s automaattitarkenteista tele\u00e4, jotta voisi testata kuinka paljon helpompaa sen k\u00e4ytt\u00f6 olisikaan, jos ollenkaan.<\/p>\n<div class=\"mceTemp\"><\/div>\n<div id=\"attachment_6003\" style=\"width: 303px\" class=\"wp-caption aligncenter\"><a href=\"https:\/\/blogi.ennola.fi\/wp-content\/uploads\/2020\/12\/IMG_0398.jpg\" rel=\"lightbox[5989]\"><img loading=\"lazy\" decoding=\"async\" aria-describedby=\"caption-attachment-6003\" class=\"wp-image-6003 size-full\" title=\"Orava.\" src=\"https:\/\/blogi.ennola.fi\/wp-content\/uploads\/2020\/12\/IMG_0398-1.jpg\" alt=\"\" width=\"293\" height=\"420\" srcset=\"https:\/\/blogi.ennola.fi\/wp-content\/uploads\/2020\/12\/IMG_0398-1.jpg 293w, https:\/\/blogi.ennola.fi\/wp-content\/uploads\/2020\/12\/IMG_0398-1-279x400.jpg 279w, https:\/\/blogi.ennola.fi\/wp-content\/uploads\/2020\/12\/IMG_0398-1-105x150.jpg 105w\" sizes=\"(max-width: 293px) 100vw, 293px\" \/><\/a><p id=\"caption-attachment-6003\" class=\"wp-caption-text\">Orava.<\/p><\/div>\n<p>Totuuden nimiss\u00e4 t\u00e4ytyy kuitenkin my\u00f6nt\u00e4\u00e4, ett\u00e4 kuvien vaatima j\u00e4lkik\u00e4sittelyn m\u00e4\u00e4r\u00e4 oli kyll\u00e4 pienoinen pettymys. V\u00e4rillinen vinjetointi on hiukan ty\u00f6l\u00e4s korjattava ja hankaloittaa raw-kuvien muuntamista, kun kuvien v\u00e4rintoisto pikkasen kylmenee j\u00e4lkik\u00e4sittelyss\u00e4. Nyt alkuun se viel\u00e4 aiheuttaa pient\u00e4 edestakaisin ty\u00f6skentely\u00e4, kun kuvan v\u00e4rintoisto kylmeneekin j\u00e4lkik\u00e4sittelyss\u00e4 liikaa ja raw-kuva tarvitsee ty\u00f6st\u00e4\u00e4 uudelleen l\u00e4mpim\u00e4mp\u00e4n\u00e4. Ajan mukaan silm\u00e4 varmastikin harjaantuu t\u00e4ss\u00e4 ja j\u00e4lkik\u00e4sittelyst\u00e4 tulee rutiinia.<\/p>\n<div id=\"attachment_6006\" style=\"width: 460px\" class=\"wp-caption aligncenter\"><a href=\"https:\/\/blogi.ennola.fi\/wp-content\/uploads\/2020\/12\/IMG_0589b.jpg\" rel=\"lightbox[5989]\"><img loading=\"lazy\" decoding=\"async\" aria-describedby=\"caption-attachment-6006\" class=\"wp-image-6006 size-full\" title=\"Hein\u00e4sorsakoiras venyttelee itse\u00e4\u00e4n.\" src=\"https:\/\/blogi.ennola.fi\/wp-content\/uploads\/2020\/12\/IMG_0589b-1.jpg\" alt=\"\" width=\"450\" height=\"314\" srcset=\"https:\/\/blogi.ennola.fi\/wp-content\/uploads\/2020\/12\/IMG_0589b-1.jpg 450w, https:\/\/blogi.ennola.fi\/wp-content\/uploads\/2020\/12\/IMG_0589b-1-150x105.jpg 150w\" sizes=\"(max-width: 450px) 100vw, 450px\" \/><\/a><p id=\"caption-attachment-6006\" class=\"wp-caption-text\">Hein\u00e4sorsakoiras venyttelee itse\u00e4\u00e4n.<\/p><\/div>\n<p>Kaiken kaikkiaan vanhalla objektiivillani on mahdollista kuvata loistavia lintukuvia. Se kuinka loistavia on kiinni kuvaajasta, ei v\u00e4lineist\u00e4 ja se riitt\u00e4\u00e4 minulle t\u00e4ll\u00e4 hetkell\u00e4!<\/p>\n<div class=\"mceTemp\"><\/div>\n<div class=\"mceTemp\"><\/div>\n<div class=\"mceTemp\"><\/div>\n<div class=\"mceTemp\"><\/div>\n<div class=\"mceTemp\"><\/div>\n<div class=\"mceTemp\"><\/div>\n","protected":false},"excerpt":{"rendered":"<p>Kaksikymment\u00e4viisi vuotta sitten kuvasin paljon lintuja, mutta sittemmin se osa valokuvausharrastusta hiipui ja kuvaamisen p\u00e4\u00e4paino siirtyi maisemakuviin: ensin palkkikameraan, I. K. Inha kuvapareihin ja sittemmin monen otoksen panoraamoihin&#8230;.<\/p>\n","protected":false},"author":1,"featured_media":6010,"comment_status":"open","ping_status":"open","sticky":false,"template":"","format":"standard","meta":{"footnotes":""},"categories":[4,29,28],"tags":[],"_links":{"self":[{"href":"https:\/\/blogi.ennola.fi\/index.php?rest_route=\/wp\/v2\/posts\/5989"}],"collection":[{"href":"https:\/\/blogi.ennola.fi\/index.php?rest_route=\/wp\/v2\/posts"}],"about":[{"href":"https:\/\/blogi.ennola.fi\/index.php?rest_route=\/wp\/v2\/types\/post"}],"author":[{"embeddable":true,"href":"https:\/\/blogi.ennola.fi\/index.php?rest_route=\/wp\/v2\/users\/1"}],"replies":[{"embeddable":true,"href":"https:\/\/blogi.ennola.fi\/index.php?rest_route=%2Fwp%2Fv2%2Fcomments&post=5989"}],"version-history":[{"count":10,"href":"https:\/\/blogi.ennola.fi\/index.php?rest_route=\/wp\/v2\/posts\/5989\/revisions"}],"predecessor-version":[{"id":6037,"href":"https:\/\/blogi.ennola.fi\/index.php?rest_route=\/wp\/v2\/posts\/5989\/revisions\/6037"}],"wp:featuredmedia":[{"embeddable":true,"href":"https:\/\/blogi.ennola.fi\/index.php?rest_route=\/wp\/v2\/media\/6010"}],"wp:attachment":[{"href":"https:\/\/blogi.ennola.fi\/index.php?rest_route=%2Fwp%2Fv2%2Fmedia&parent=5989"}],"wp:term":[{"taxonomy":"category","embeddable":true,"href":"https:\/\/blogi.ennola.fi\/index.php?rest_route=%2Fwp%2Fv2%2Fcategories&post=5989"},{"taxonomy":"post_tag","embeddable":true,"href":"https:\/\/blogi.ennola.fi\/index.php?rest_route=%2Fwp%2Fv2%2Ftags&post=5989"}],"curies":[{"name":"wp","href":"https:\/\/api.w.org\/{rel}","templated":true}]}}