{"id":6103,"date":"2021-02-05T11:43:48","date_gmt":"2021-02-05T09:43:48","guid":{"rendered":"https:\/\/blogi.ennola.fi\/?p=6103"},"modified":"2021-02-05T11:43:48","modified_gmt":"2021-02-05T09:43:48","slug":"talvimelontaa-hylkeiden-keskella","status":"publish","type":"post","link":"https:\/\/blogi.ennola.fi\/?p=6103","title":{"rendered":"Talvimelontaa hylkeiden keskell\u00e4"},"content":{"rendered":"<p>Kahden vuoden odotuksen j\u00e4lkeen saatiin lopulta t\u00e4nne Etel\u00e4\u00e4nkin talvi. L\u00e4mpim\u00e4n alkutalven ansiosta meri oli l\u00e4hes sula viel\u00e4kin. Sula vesi ja luminen maa on aina n\u00e4ytt\u00e4nyt upealta yhdistelm\u00e4lt\u00e4 valokuvissa. Haaveissani onkin ollut k\u00e4yd\u00e4 kuvaamassa saaristossa maisemakuvia, miss\u00e4 sula meri yhdistyy lumipeitteisiin saariin.<\/p>\n<p>Tammikuun lopulla avautui hyv\u00e4 s\u00e4\u00e4ikkuna, jolloin minulla oli my\u00f6s mahdollista l\u00e4hte\u00e4 vesille. S\u00e4\u00e4 oli l\u00e4hes tyyni, aurinko pikkasen pilkotti pilven raosta ja pakkasta oli kohtuullisesti, vain viitisen astetta.<\/p>\n<div id=\"attachment_6120\" style=\"width: 460px\" class=\"wp-caption aligncenter\"><a href=\"https:\/\/blogi.ennola.fi\/wp-content\/uploads\/2021\/02\/IMG_1217.jpg\" rel=\"lightbox[6103]\"><img loading=\"lazy\" decoding=\"async\" aria-describedby=\"caption-attachment-6120\" class=\"wp-image-6120 size-full\" title=\"Kajakkini Airistohotellin rannassa.\" src=\"https:\/\/blogi.ennola.fi\/wp-content\/uploads\/2021\/02\/IMG_1217-1.jpg\" alt=\"\" width=\"450\" height=\"281\" srcset=\"https:\/\/blogi.ennola.fi\/wp-content\/uploads\/2021\/02\/IMG_1217-1.jpg 450w, https:\/\/blogi.ennola.fi\/wp-content\/uploads\/2021\/02\/IMG_1217-1-150x94.jpg 150w\" sizes=\"(max-width: 450px) 100vw, 450px\" \/><\/a><p id=\"caption-attachment-6120\" class=\"wp-caption-text\">Kajakkini Airistohotellin rannassa.<\/p><\/div>\n<p>P\u00e4\u00e4sin kotoa l\u00e4htem\u00e4\u00e4n kohtuullisissa ajoin, vaikka en l\u00f6yt\u00e4nytk\u00e4\u00e4n kamerajalustaani ja jouduin ottamaan isomman, korvaavan jalustan mukaan. Se ei taipunutkaan kajakkiin sis\u00e4lle ja jouduin pit\u00e4m\u00e4\u00e4n sit\u00e4 kannella meriveden armoilla. No valokuvaamaan t\u00e4nne oli tultu, mutta reissun j\u00e4lkeen olikin sitten edess\u00e4 jalustan huolellinen pesu, kuivaus ja huolto.<\/p>\n<p>Seuran kajakkivajalla pitikin sitten lapioida talven lumet oven edustalta ja muutenkin aikaa vaan tuhraantui ennen kuin ehdin l\u00e4ht\u00f6paikkaani Airistohotellin rantaan. L\u00e4ht\u00f6paikastani p\u00e4\u00e4sisin suhteellisen nopeasti Airiston etel\u00e4p\u00e4\u00e4h\u00e4n, miss\u00e4 on kohtuullisen matkan p\u00e4\u00e4ss\u00e4 muutamia Seilin saariston suojelualueeseen liittyvi\u00e4 m\u00f6kitt\u00f6mi\u00e4 saaria. Luontokuvausta noilla seuduilla toki h\u00e4iritsiv\u00e4t Turun alueen tehtaiden savupatsaat ja vilkas ruotsinlaivojen liikenne.<\/p>\n<div id=\"attachment_6113\" style=\"width: 490px\" class=\"wp-caption aligncenter\"><a href=\"https:\/\/blogi.ennola.fi\/wp-content\/uploads\/2021\/02\/Airisto_Panorama2a.jpg\" rel=\"lightbox[6103]\"><img loading=\"lazy\" decoding=\"async\" aria-describedby=\"caption-attachment-6113\" class=\"wp-image-6113 size-full\" title=\"Majholmen.\" src=\"https:\/\/blogi.ennola.fi\/wp-content\/uploads\/2021\/02\/Airisto_Panorama2a-1.jpg\" alt=\"\" width=\"480\" height=\"160\" srcset=\"https:\/\/blogi.ennola.fi\/wp-content\/uploads\/2021\/02\/Airisto_Panorama2a-1.jpg 480w, https:\/\/blogi.ennola.fi\/wp-content\/uploads\/2021\/02\/Airisto_Panorama2a-1-150x50.jpg 150w\" sizes=\"(max-width: 480px) 100vw, 480px\" \/><\/a><p id=\"caption-attachment-6113\" class=\"wp-caption-text\">Majholmen.<\/p><\/div>\n<div id=\"attachment_6114\" style=\"width: 490px\" class=\"wp-caption aligncenter\"><a href=\"https:\/\/blogi.ennola.fi\/wp-content\/uploads\/2021\/02\/Airisto_Panorama8.jpg\" rel=\"lightbox[6103]\"><img loading=\"lazy\" decoding=\"async\" aria-describedby=\"caption-attachment-6114\" class=\"wp-image-6114 size-full\" title=\"Majholmen.\" src=\"https:\/\/blogi.ennola.fi\/wp-content\/uploads\/2021\/02\/Airisto_Panorama8-1.jpg\" alt=\"\" width=\"480\" height=\"122\" srcset=\"https:\/\/blogi.ennola.fi\/wp-content\/uploads\/2021\/02\/Airisto_Panorama8-1.jpg 480w, https:\/\/blogi.ennola.fi\/wp-content\/uploads\/2021\/02\/Airisto_Panorama8-1-150x38.jpg 150w\" sizes=\"(max-width: 480px) 100vw, 480px\" \/><\/a><p id=\"caption-attachment-6114\" class=\"wp-caption-text\">Majholmen.<\/p><\/div>\n<div id=\"attachment_6125\" style=\"width: 490px\" class=\"wp-caption aligncenter\"><a href=\"https:\/\/blogi.ennola.fi\/wp-content\/uploads\/2021\/02\/Airisto_Panorama4.jpg\" rel=\"lightbox[6103]\"><img loading=\"lazy\" decoding=\"async\" aria-describedby=\"caption-attachment-6125\" class=\"wp-image-6125 size-full\" title=\"Majholmen.\" src=\"https:\/\/blogi.ennola.fi\/wp-content\/uploads\/2021\/02\/Airisto_Panorama4-1.jpg\" alt=\"\" width=\"480\" height=\"129\" srcset=\"https:\/\/blogi.ennola.fi\/wp-content\/uploads\/2021\/02\/Airisto_Panorama4-1.jpg 480w, https:\/\/blogi.ennola.fi\/wp-content\/uploads\/2021\/02\/Airisto_Panorama4-1-150x40.jpg 150w\" sizes=\"(max-width: 480px) 100vw, 480px\" \/><\/a><p id=\"caption-attachment-6125\" class=\"wp-caption-text\">Majholmen.<\/p><\/div>\n<p>Suuntasin ensimm\u00e4iseksi Majholmenin rannalle, mik\u00e4 oli kuvaamisen kannalta turhan mets\u00e4inen ja rannat liian peitteisi\u00e4. Rantauduin saaren it\u00e4p\u00e4\u00e4h\u00e4n, miss\u00e4 panoraamakuvan taustaksi v\u00e4kisin muodostui Airisto ruotsinlaivoineen ja Turun savuineen. Saaressa ei my\u00f6sk\u00e4\u00e4n ollut toivomiani kalliorantoja ainakaan sill\u00e4 suunnalla, mihin olin rantautunut.\u00a0 Auringonpaisteen luoma my\u00f6t\u00e4valo ei olut my\u00f6sk\u00e4\u00e4n paras mahdollinen valaistusolosuhde, joten p\u00e4\u00e4tin siirty\u00e4 eteenp\u00e4in.<\/p>\n<p>M\u00e5sgrunden oli pieni kallioluoto Majholmenin etel\u00e4puolella, joka n\u00e4in talvellakin osoittautui lokkien kansoittamaksi, jotka kiltisti siirtyiv\u00e4t sivuun rantautuessani saarelle. Lokkiluodolla oli sopivasti kalliota, mutta luoto itsess\u00e4\u00e4n oli t\u00e4ynn\u00e4 lokkien itsens\u00e4 j\u00e4lki\u00e4. Kalliokin oli turhan vaalea huippukuviin. Luodolla olin my\u00f6s v\u00e4h\u00e4ll\u00e4 menett\u00e4\u00e4 kajakkini, kun se meinasi liukua j\u00e4isi\u00e4 kalliota pitkin takaisin merelle. Onneksi olin valppaana ja ehdin pelastaa kajakkini, ennen kuin se olisi ollut my\u00f6h\u00e4ist\u00e4.<\/p>\n<p>Vestra Linsorin it\u00e4p\u00e4\u00e4dyn kalliot Majholmenin koillispuolella n\u00e4yttiv\u00e4t lupaavilta, joten p\u00e4\u00e4tin viel\u00e4 poiketa siell\u00e4. Lunta olikin juuri sopivasti, kauniita kalliorantoja ja s\u00e4\u00e4kin suosi paikkaa. T\u00e4ll\u00e4 v\u00e4lin aurinko oli mennyt pilveen, mutta taivaanrannassa oli viel\u00e4 komea valojuova. S\u00e4\u00e4 oli aika pitk\u00e4lti sellainen, mit\u00e4 olin toivonut tammikuisiin saaristokuviin. Ranta oli sopivasti tuulen suojassa, joten kuvista saattoi n\u00e4hd\u00e4 meren pohjan kuultavan talven kirkkaista vesist\u00e4.<\/p>\n<div id=\"attachment_6116\" style=\"width: 490px\" class=\"wp-caption aligncenter\"><a href=\"https:\/\/blogi.ennola.fi\/wp-content\/uploads\/2021\/02\/Airisto_Panorama6.jpg\" rel=\"lightbox[6103]\"><img loading=\"lazy\" decoding=\"async\" aria-describedby=\"caption-attachment-6116\" class=\"wp-image-6116 size-full\" title=\"M\u00e5sgrund.\" src=\"https:\/\/blogi.ennola.fi\/wp-content\/uploads\/2021\/02\/Airisto_Panorama6-1.jpg\" alt=\"\" width=\"480\" height=\"79\" srcset=\"https:\/\/blogi.ennola.fi\/wp-content\/uploads\/2021\/02\/Airisto_Panorama6-1.jpg 480w, https:\/\/blogi.ennola.fi\/wp-content\/uploads\/2021\/02\/Airisto_Panorama6-1-150x25.jpg 150w\" sizes=\"(max-width: 480px) 100vw, 480px\" \/><\/a><p id=\"caption-attachment-6116\" class=\"wp-caption-text\">M\u00e5sgrund.<\/p><\/div>\n<div id=\"attachment_6117\" style=\"width: 490px\" class=\"wp-caption aligncenter\"><a href=\"https:\/\/blogi.ennola.fi\/wp-content\/uploads\/2021\/02\/Airisto_Panorama3a.jpg\" rel=\"lightbox[6103]\"><img loading=\"lazy\" decoding=\"async\" aria-describedby=\"caption-attachment-6117\" class=\"wp-image-6117 size-full\" title=\"M\u00e5sgrund.\" src=\"https:\/\/blogi.ennola.fi\/wp-content\/uploads\/2021\/02\/Airisto_Panorama3a-1.jpg\" alt=\"\" width=\"480\" height=\"267\" srcset=\"https:\/\/blogi.ennola.fi\/wp-content\/uploads\/2021\/02\/Airisto_Panorama3a-1.jpg 480w, https:\/\/blogi.ennola.fi\/wp-content\/uploads\/2021\/02\/Airisto_Panorama3a-1-150x83.jpg 150w\" sizes=\"(max-width: 480px) 100vw, 480px\" \/><\/a><p id=\"caption-attachment-6117\" class=\"wp-caption-text\">M\u00e5sgrund.<\/p><\/div>\n<p>Linnusto melontaretkell\u00e4 oli varsin normaalia: merikotka, laulujoutsen, kyhmyjoutsenia, telkki\u00e4, isokoskeloita, sinisorsia, harmaalokkeja ja korppeja. Yhdess\u00e4 saaressa n\u00e4in saukon j\u00e4ljet. Mutta reissun komeimmat luontohavainnot tuli hylkeist\u00e4.<\/p>\n<p>Reissun alussa troolari ajoi sivustani trooli p\u00e4\u00e4ll\u00e4 ja sit\u00e4 seurasi ehk\u00e4 noin kymmenen hylkeen ryhm\u00e4. Meloin hylkeiden l\u00e4helle, mutta ne meniv\u00e4t menojaan troolarin per\u00e4ss\u00e4, enk\u00e4 l\u00e4htenyt niiden kanssa kilpasille. Hetken per\u00e4st\u00e4 n\u00e4in yhden hylkeen antaumuksella tarkkailevan minua muutaman kymment\u00e4 metri\u00e4 edess\u00e4ni, kunnes painui sukelluksiin. Sitten tarkkailin er\u00e4\u00e4ll\u00e4 luodolla olevaa lokkiparvea, jonka viereisell\u00e4 vesikivell\u00e4 oli jotain lintuja suuremman n\u00e4k\u00f6ist\u00e4. L\u00e4hemm\u00e4s melottuani hylje vesikivelt\u00e4 sukelsi.<\/p>\n<p>L\u00e4hdin siit\u00e4 melomaan ensimm\u00e4iseen saareeni rantautuakseni. Kun nostin melan hetkeksi yl\u00f6s vedest\u00e4 saatoin kuulla outoa \u00e4\u00e4nt\u00e4\u00e4 takaani. Hetken mietin sen olevan jokin kaukainen koneen \u00e4\u00e4ni, mutta katsoessani taakse paljastui \u00e4\u00e4nen aiheuttajaksi takanani uiva hylje, joka hengitti raskaasti uidessaan p\u00e4\u00e4 veden pinnalla.<\/p>\n<p>Seuraavaksi kolme hylkeen ryhm\u00e4 nousi hetkeksi pintaan aivan muutama metri kajakkini edess\u00e4 ja sukelsivat saman tien delfiinim\u00e4isesti takaisin veden alle.\u00a0 Sen j\u00e4lkeen hyljepariskunta, uros ja naaras uivat muutamia minuutteja vain muutaman kymmenen metri\u00e4 sivullani ja sain tarkkailla niit\u00e4 kaikessa rauhassa ja kuunnella niiden raskasta hengityst\u00e4.<\/p>\n<div id=\"attachment_6118\" style=\"width: 490px\" class=\"wp-caption aligncenter\"><a href=\"https:\/\/blogi.ennola.fi\/wp-content\/uploads\/2021\/02\/Airisto_Panorama5.jpg\" rel=\"lightbox[6103]\"><img loading=\"lazy\" decoding=\"async\" aria-describedby=\"caption-attachment-6118\" class=\"wp-image-6118 size-full\" title=\"V\u00e4stra Linsor.\" src=\"https:\/\/blogi.ennola.fi\/wp-content\/uploads\/2021\/02\/Airisto_Panorama5-1.jpg\" alt=\"\" width=\"480\" height=\"143\" srcset=\"https:\/\/blogi.ennola.fi\/wp-content\/uploads\/2021\/02\/Airisto_Panorama5-1.jpg 480w, https:\/\/blogi.ennola.fi\/wp-content\/uploads\/2021\/02\/Airisto_Panorama5-1-150x45.jpg 150w\" sizes=\"(max-width: 480px) 100vw, 480px\" \/><\/a><p id=\"caption-attachment-6118\" class=\"wp-caption-text\">V\u00e4stra Linsor.<\/p><\/div>\n<div id=\"attachment_6119\" style=\"width: 490px\" class=\"wp-caption aligncenter\"><a href=\"https:\/\/blogi.ennola.fi\/wp-content\/uploads\/2021\/02\/Airisto_Panorama7.jpg\" rel=\"lightbox[6103]\"><img loading=\"lazy\" decoding=\"async\" aria-describedby=\"caption-attachment-6119\" class=\"wp-image-6119 size-full\" title=\"V\u00e4stra Linsor.\" src=\"https:\/\/blogi.ennola.fi\/wp-content\/uploads\/2021\/02\/Airisto_Panorama7-1.jpg\" alt=\"\" width=\"480\" height=\"172\" srcset=\"https:\/\/blogi.ennola.fi\/wp-content\/uploads\/2021\/02\/Airisto_Panorama7-1.jpg 480w, https:\/\/blogi.ennola.fi\/wp-content\/uploads\/2021\/02\/Airisto_Panorama7-1-150x54.jpg 150w\" sizes=\"(max-width: 480px) 100vw, 480px\" \/><\/a><p id=\"caption-attachment-6119\" class=\"wp-caption-text\">V\u00e4stra Linsor.<\/p><\/div>\n<div id=\"attachment_6121\" style=\"width: 490px\" class=\"wp-caption aligncenter\"><a href=\"https:\/\/blogi.ennola.fi\/wp-content\/uploads\/2021\/02\/Airisto_Panorama1a.jpg\" rel=\"lightbox[6103]\"><img loading=\"lazy\" decoding=\"async\" aria-describedby=\"caption-attachment-6121\" class=\"wp-image-6121 size-full\" title=\"V\u00e4stra Linsor.\" src=\"https:\/\/blogi.ennola.fi\/wp-content\/uploads\/2021\/02\/Airisto_Panorama1a-1.jpg\" alt=\"\" width=\"480\" height=\"147\" srcset=\"https:\/\/blogi.ennola.fi\/wp-content\/uploads\/2021\/02\/Airisto_Panorama1a-1.jpg 480w, https:\/\/blogi.ennola.fi\/wp-content\/uploads\/2021\/02\/Airisto_Panorama1a-1-150x46.jpg 150w\" sizes=\"(max-width: 480px) 100vw, 480px\" \/><\/a><p id=\"caption-attachment-6121\" class=\"wp-caption-text\">V\u00e4stra Linsor.<\/p><\/div>\n<p>T\u00e4m\u00e4n j\u00e4lkeen rantauduin ja sen j\u00e4lkeen en en\u00e4\u00e4 tehnyt kuin muutaman hyljehavainnon. Mutta enp\u00e4 ole koskaan ennen viel\u00e4 n\u00e4hnyt meloessani n\u00e4in paljon ja n\u00e4in l\u00e4helt\u00e4 hylkeit\u00e4. On n\u00e4iss\u00e4 talvikauden melonnoissa jotain todella hienoa n\u00e4in luontoharrastajan n\u00e4k\u00f6kulmasta. Kes\u00e4ll\u00e4 ei kyll\u00e4 p\u00e4\u00e4se n\u00e4kem\u00e4\u00e4n hylkeit\u00e4 t\u00e4ll\u00e4 tavalla.<\/p>\n<p>J\u00e4\u00e4 oli p\u00e4iv\u00e4n aikana vahvistunut, joten saattoi olla viimeinen kerta t\u00e4n\u00e4 talvena, kun t\u00e4st\u00e4 satamasta p\u00e4\u00e4sen l\u00e4htem\u00e4\u00e4n vesille. Airiston saarillakin oli jo hieman yll\u00e4tt\u00e4en ollut riitett\u00e4 suojan puolella olevissa lahdissa. Loppumatkasta kajakin p\u00e4\u00e4lle, aukkopeitteeseen ja melaankin alkoi kerty\u00e4 j\u00e4\u00e4t\u00e4. Mutta p\u00e4iv\u00e4 oli upea merell\u00e4. Heikko tuuli, hetkitt\u00e4in aurinko paistoi ja silloin saattoi tuntea sen l\u00e4mmitt\u00e4v\u00e4n vaikutuksen. Paljoa en melonut vaan enempi pys\u00e4htelin saarissa.<\/p>\n<p>&nbsp;<\/p>\n","protected":false},"excerpt":{"rendered":"<p>Kahden vuoden odotuksen j\u00e4lkeen saatiin lopulta t\u00e4nne Etel\u00e4\u00e4nkin talvi. L\u00e4mpim\u00e4n alkutalven ansiosta meri oli l\u00e4hes sula viel\u00e4kin. Sula vesi ja luminen maa on aina n\u00e4ytt\u00e4nyt upealta yhdistelm\u00e4lt\u00e4 valokuvissa&#8230;.<\/p>\n","protected":false},"author":1,"featured_media":6122,"comment_status":"open","ping_status":"open","sticky":false,"template":"","format":"standard","meta":{"footnotes":""},"categories":[4,8],"tags":[],"_links":{"self":[{"href":"https:\/\/blogi.ennola.fi\/index.php?rest_route=\/wp\/v2\/posts\/6103"}],"collection":[{"href":"https:\/\/blogi.ennola.fi\/index.php?rest_route=\/wp\/v2\/posts"}],"about":[{"href":"https:\/\/blogi.ennola.fi\/index.php?rest_route=\/wp\/v2\/types\/post"}],"author":[{"embeddable":true,"href":"https:\/\/blogi.ennola.fi\/index.php?rest_route=\/wp\/v2\/users\/1"}],"replies":[{"embeddable":true,"href":"https:\/\/blogi.ennola.fi\/index.php?rest_route=%2Fwp%2Fv2%2Fcomments&post=6103"}],"version-history":[{"count":5,"href":"https:\/\/blogi.ennola.fi\/index.php?rest_route=\/wp\/v2\/posts\/6103\/revisions"}],"predecessor-version":[{"id":6129,"href":"https:\/\/blogi.ennola.fi\/index.php?rest_route=\/wp\/v2\/posts\/6103\/revisions\/6129"}],"wp:featuredmedia":[{"embeddable":true,"href":"https:\/\/blogi.ennola.fi\/index.php?rest_route=\/wp\/v2\/media\/6122"}],"wp:attachment":[{"href":"https:\/\/blogi.ennola.fi\/index.php?rest_route=%2Fwp%2Fv2%2Fmedia&parent=6103"}],"wp:term":[{"taxonomy":"category","embeddable":true,"href":"https:\/\/blogi.ennola.fi\/index.php?rest_route=%2Fwp%2Fv2%2Fcategories&post=6103"},{"taxonomy":"post_tag","embeddable":true,"href":"https:\/\/blogi.ennola.fi\/index.php?rest_route=%2Fwp%2Fv2%2Ftags&post=6103"}],"curies":[{"name":"wp","href":"https:\/\/api.w.org\/{rel}","templated":true}]}}