{"id":6175,"date":"2021-03-23T23:28:09","date_gmt":"2021-03-23T21:28:09","guid":{"rendered":"https:\/\/blogi.ennola.fi\/?p=6175"},"modified":"2021-03-23T23:31:48","modified_gmt":"2021-03-23T21:31:48","slug":"kevatjaita-sandoseen","status":"publish","type":"post","link":"https:\/\/blogi.ennola.fi\/?p=6175","title":{"rendered":"Kev\u00e4tj\u00e4it\u00e4 Sand\u00f6seen"},"content":{"rendered":"<p>Loppuviikon pakkaset saivat haaveilemaan lyhyest\u00e4 retkest\u00e4 meren j\u00e4ille. Sunnuntaina meille Aamun ja Pippurin kanssa avautui mahdollisuus tehd\u00e4 pieni p\u00e4iv\u00e4retki. Kohteeksi valitsin Sand\u00f6n upean hiekkasaaren Dragsfj\u00e4rdiss\u00e4, koska sen ymp\u00e4rist\u00f6n j\u00e4\u00e4olosuhteet vaikuttivat melko hyvilt\u00e4. Lumisateet tekiv\u00e4t luisteluolosuhteista j\u00e4\u00e4ll\u00e4 ep\u00e4varmat, joten valitsimme v\u00e4lineiksi sukset, mik\u00e4 sopi hyvin minulle, sill\u00e4 koen oman oloni j\u00e4\u00e4ll\u00e4 turvallisemmaksi suksin kuin luistimin. Valtavan pitk\u00e4\u00e4n hiihtoretkeen meill\u00e4 ei ollut aikaa, joten valitsimme l\u00e4ht\u00f6paikaksi Ekhaminin rannan, mist\u00e4 hiihtomatkaa saareen ei tullut kuin reilut 3 kilometri\u00e4.<\/p>\n<div id=\"attachment_6181\" style=\"width: 490px\" class=\"wp-caption aligncenter\"><a href=\"https:\/\/blogi.ennola.fi\/wp-content\/uploads\/2021\/03\/Sando_Panorama1.jpg\" rel=\"lightbox[6175]\"><img loading=\"lazy\" decoding=\"async\" aria-describedby=\"caption-attachment-6181\" class=\"wp-image-6181 size-full\" title=\"Sand\u00f6n.\" src=\"https:\/\/blogi.ennola.fi\/wp-content\/uploads\/2021\/03\/Sando_Panorama1-1.jpg\" alt=\"\" width=\"480\" height=\"93\" srcset=\"https:\/\/blogi.ennola.fi\/wp-content\/uploads\/2021\/03\/Sando_Panorama1-1.jpg 480w, https:\/\/blogi.ennola.fi\/wp-content\/uploads\/2021\/03\/Sando_Panorama1-1-150x29.jpg 150w\" sizes=\"(max-width: 480px) 100vw, 480px\" \/><\/a><p id=\"caption-attachment-6181\" class=\"wp-caption-text\">Sand\u00f6n.<\/p><\/div>\n<p>Hiihtolomaviikon pitk\u00e4 l\u00e4mmin jakso oli tehnyt merij\u00e4ist\u00e4 ep\u00e4varmoja, mutta sit\u00e4 seuranneella viikolla oli muutaman p\u00e4iv\u00e4n kovempi pakkasjakso. Pakkasjakson uskoin j\u00e4\u00e4dytt\u00e4neen kaikki ne alueet turvalliseksi liikkua, mitk\u00e4 eiv\u00e4t olleet p\u00e4\u00e4sseet sulamaan kokonaan sit\u00e4 edelt\u00e4neell\u00e4 lauhalla jaksolla.<\/p>\n<div id=\"attachment_6182\" style=\"width: 490px\" class=\"wp-caption aligncenter\"><a href=\"https:\/\/blogi.ennola.fi\/wp-content\/uploads\/2021\/03\/Sando_Panorama2.jpg\" rel=\"lightbox[6175]\"><img loading=\"lazy\" decoding=\"async\" aria-describedby=\"caption-attachment-6182\" class=\"wp-image-6182 size-full\" title=\"K\u00e4lkklobb ja Sand\u00f6 \u00e5sen.\" src=\"https:\/\/blogi.ennola.fi\/wp-content\/uploads\/2021\/03\/Sando_Panorama2-1.jpg\" alt=\"\" width=\"480\" height=\"98\" srcset=\"https:\/\/blogi.ennola.fi\/wp-content\/uploads\/2021\/03\/Sando_Panorama2-1.jpg 480w, https:\/\/blogi.ennola.fi\/wp-content\/uploads\/2021\/03\/Sando_Panorama2-1-150x31.jpg 150w\" sizes=\"(max-width: 480px) 100vw, 480px\" \/><\/a><p id=\"caption-attachment-6182\" class=\"wp-caption-text\">K\u00e4lkklobb ja Sand\u00f6 \u00e5sen.<\/p><\/div>\n<p>Selasin netist\u00e4 tuoreita satelliittikuvia jonkun verran taaksep\u00e4in ja muistelin melontaretki\u00e4ni alueella. Saaren riuttojen k\u00e4rjet nousivat selv\u00e4sti esiin mahdollisina heikon j\u00e4\u00e4n alueina, jotka kannattaa kiert\u00e4\u00e4 kaukaa. Monien l\u00e4hisaartenkin k\u00e4rjiss\u00e4 n\u00e4kyi laajoja sulapaikkoja talven satelliittikuvissa. Itse asiassa koko kolmannen Salpaussel\u00e4n saariketju Purunp\u00e4\u00e4st\u00e4 Helsingholmeniin n\u00e4ytt\u00e4ytyi melko yhten\u00e4isen\u00e4 heikkojen j\u00e4iden alueena. Niinp\u00e4 p\u00e4\u00e4tin l\u00e4hesty\u00e4 saarta reilusti kiert\u00e4en etel\u00e4n puolelta ja rantautua vasta kohtuullisen kaukana riutan k\u00e4rjest\u00e4.<\/p>\n<p>Aika huolella k\u00e4yttelin j\u00e4\u00e4sauvaa j\u00e4\u00e4n paksuuden tunnusteluun ja p\u00e4\u00e4simme hyvin suunnitelman mukaisesti saareen. Reitille osui yksi vanha laivav\u00e4yl\u00e4, mink\u00e4 auki ajamisesta saattoi olla jo hyvinkin kauan aikaa. Saarien rannoilla oli pieni\u00e4 sulapaikkoja ja odotusten mukaisesti Sand\u00f6n it\u00e4k\u00e4rjess\u00e4 oli laaja sulan veden alue, mink\u00e4 kiersimme riitt\u00e4v\u00e4n kaukaa. Aamua sula-alueet v\u00e4h\u00e4n j\u00e4nnittiv\u00e4t, mutta hyvin ne p\u00e4\u00e4simme kiert\u00e4m\u00e4\u00e4n. J\u00e4\u00e4sauvaa en reitill\u00e4mme saanut ahkerallakaan piikkauksella j\u00e4\u00e4st\u00e4 l\u00e4pi, joten hyv\u00e4ss\u00e4 iskussa j\u00e4\u00e4t viel\u00e4 olivat.<\/p>\n<div id=\"attachment_6180\" style=\"width: 490px\" class=\"wp-caption aligncenter\"><a href=\"https:\/\/blogi.ennola.fi\/wp-content\/uploads\/2021\/03\/Sando_Panorama4.jpg\" rel=\"lightbox[6175]\"><img loading=\"lazy\" decoding=\"async\" aria-describedby=\"caption-attachment-6180\" class=\"wp-image-6180 size-full\" title=\"Sula Sand\u00f6 \u00e5senin k\u00e4rjess\u00e4.\" src=\"https:\/\/blogi.ennola.fi\/wp-content\/uploads\/2021\/03\/Sando_Panorama4-1.jpg\" alt=\"\" width=\"480\" height=\"71\" srcset=\"https:\/\/blogi.ennola.fi\/wp-content\/uploads\/2021\/03\/Sando_Panorama4-1.jpg 480w, https:\/\/blogi.ennola.fi\/wp-content\/uploads\/2021\/03\/Sando_Panorama4-1-150x22.jpg 150w\" sizes=\"(max-width: 480px) 100vw, 480px\" \/><\/a><p id=\"caption-attachment-6180\" class=\"wp-caption-text\">Sula Sand\u00f6 \u00e5senin k\u00e4rjess\u00e4.<\/p><\/div>\n<p>S\u00e4\u00e4 oli jo oikeastaan myrskyinen. S\u00e4\u00e4tiedostus oli luvannut kovaa tuulta, mutta ihan n\u00e4in kovaa tuulta en osannut odottaa. L\u00e4heisten s\u00e4\u00e4asemien mukaan pohjoistuuli oli ollut 12-15 m\/s ja puuskat reilusti yli 20 m\/s. Etenkin paluumatkaksi tuuli yltyi. Tuuli heitti Aamun nurin useampia kertoja paluumatkalla. Sand\u00f6n it\u00e4p\u00e4\u00e4n laajasta avovesialueesta tuuli oli ty\u00f6nt\u00e4nyt vett\u00e4 laajalti j\u00e4\u00e4n p\u00e4\u00e4lle paluureitillemme ja jouduimme tekem\u00e4\u00e4n ylim\u00e4\u00e4r\u00e4isen kierroksen v\u00e4ltt\u00e4\u00e4ksemme siin\u00e4 kahlaamisen. J\u00e4\u00e4 varmaankin olisi kest\u00e4nyt, mutta en halunnut kastella suksia turhaan.<\/p>\n<p>Ev\u00e4stauon saimme onneksi pidetyksi saaren tarjoamassa tuulensuojassa. Kun tuuli tuli pohjoisesta ja aurinko etel\u00e4st\u00e4 saimme samalla nauttia ihanan l\u00e4mpim\u00e4n kev\u00e4isest\u00e4 auringonpaisteesta. Alkuper\u00e4isen suunnitelman mukaisesta makkaran paistosta saaren tuulisella puolella olleella nuotiopaikalla p\u00e4\u00e4timme kuitenkin luopua.<\/p>\n<div id=\"attachment_6183\" style=\"width: 490px\" class=\"wp-caption aligncenter\"><a href=\"https:\/\/blogi.ennola.fi\/wp-content\/uploads\/2021\/03\/Sando_Panorama3.jpg\" rel=\"lightbox[6175]\"><img loading=\"lazy\" decoding=\"async\" aria-describedby=\"caption-attachment-6183\" class=\"wp-image-6183 size-full\" title=\"Sand\u00f6n ranta.\" src=\"https:\/\/blogi.ennola.fi\/wp-content\/uploads\/2021\/03\/Sando_Panorama3-1.jpg\" alt=\"\" width=\"480\" height=\"111\" srcset=\"https:\/\/blogi.ennola.fi\/wp-content\/uploads\/2021\/03\/Sando_Panorama3-1.jpg 480w, https:\/\/blogi.ennola.fi\/wp-content\/uploads\/2021\/03\/Sando_Panorama3-1-150x35.jpg 150w\" sizes=\"(max-width: 480px) 100vw, 480px\" \/><\/a><p id=\"caption-attachment-6183\" class=\"wp-caption-text\">Sand\u00f6n ranta.<\/p><\/div>\n<p>Maisemat olisivat olleet todella upeita kuvattavaksi, mutta noissa olosuhteissa kuvaus oli todella hankalaa. Kamerajalustaa oli koko ajan tuettava k\u00e4dell\u00e4, jotta tuuli ei olisi kaatanut sit\u00e4 nurin. Kova tuuli ja matalalla liikkuvat pilvet tekiv\u00e4t valaistusolosuhteista nopeasti vaihtelevia ja oli vaikeaa saada panoraamaan osaset valotettua samankaltaisissa valaistusolosuhteissa. Usein panoraaman viimeisiss\u00e4 kuvissa aurinko oli ehtinyt menn\u00e4 pilveen. vaikka ensimm\u00e4isiss\u00e4 kuvissa aurinko paistoikin komeasti.<\/p>\n<p>El\u00e4inhavainnot hiihtomatkalta j\u00e4iv\u00e4t varsin v\u00e4h\u00e4isiksi. Sand\u00f6n sulassa vietti kaksi kyhmyjoutsenta aikaansa, mutta muuten oli varsin hiljaista.<\/p>\n","protected":false},"excerpt":{"rendered":"<p>Loppuviikon pakkaset saivat haaveilemaan lyhyest\u00e4 retkest\u00e4 meren j\u00e4ille. Sunnuntaina meille Aamun ja Pippurin kanssa avautui mahdollisuus tehd\u00e4 pieni p\u00e4iv\u00e4retki. Kohteeksi valitsin Sand\u00f6n upean hiekkasaaren Dragsfj\u00e4rdiss\u00e4, koska sen ymp\u00e4rist\u00f6n&#8230;<\/p>\n","protected":false},"author":1,"featured_media":6184,"comment_status":"open","ping_status":"open","sticky":false,"template":"","format":"standard","meta":{"footnotes":""},"categories":[4,3],"tags":[],"_links":{"self":[{"href":"https:\/\/blogi.ennola.fi\/index.php?rest_route=\/wp\/v2\/posts\/6175"}],"collection":[{"href":"https:\/\/blogi.ennola.fi\/index.php?rest_route=\/wp\/v2\/posts"}],"about":[{"href":"https:\/\/blogi.ennola.fi\/index.php?rest_route=\/wp\/v2\/types\/post"}],"author":[{"embeddable":true,"href":"https:\/\/blogi.ennola.fi\/index.php?rest_route=\/wp\/v2\/users\/1"}],"replies":[{"embeddable":true,"href":"https:\/\/blogi.ennola.fi\/index.php?rest_route=%2Fwp%2Fv2%2Fcomments&post=6175"}],"version-history":[{"count":2,"href":"https:\/\/blogi.ennola.fi\/index.php?rest_route=\/wp\/v2\/posts\/6175\/revisions"}],"predecessor-version":[{"id":6186,"href":"https:\/\/blogi.ennola.fi\/index.php?rest_route=\/wp\/v2\/posts\/6175\/revisions\/6186"}],"wp:featuredmedia":[{"embeddable":true,"href":"https:\/\/blogi.ennola.fi\/index.php?rest_route=\/wp\/v2\/media\/6184"}],"wp:attachment":[{"href":"https:\/\/blogi.ennola.fi\/index.php?rest_route=%2Fwp%2Fv2%2Fmedia&parent=6175"}],"wp:term":[{"taxonomy":"category","embeddable":true,"href":"https:\/\/blogi.ennola.fi\/index.php?rest_route=%2Fwp%2Fv2%2Fcategories&post=6175"},{"taxonomy":"post_tag","embeddable":true,"href":"https:\/\/blogi.ennola.fi\/index.php?rest_route=%2Fwp%2Fv2%2Ftags&post=6175"}],"curies":[{"name":"wp","href":"https:\/\/api.w.org\/{rel}","templated":true}]}}