{"id":6188,"date":"2021-03-13T23:09:34","date_gmt":"2021-03-13T21:09:34","guid":{"rendered":"https:\/\/blogi.ennola.fi\/?p=6188"},"modified":"2021-04-04T23:18:59","modified_gmt":"2021-04-04T20:18:59","slug":"avointa-vetta-selkamerella","status":"publish","type":"post","link":"https:\/\/blogi.ennola.fi\/?p=6188","title":{"rendered":"Avointa vett\u00e4 Selk\u00e4merell\u00e4"},"content":{"rendered":"<p>Kuukauden melontatauon j\u00e4lkeen kajakin halut melomaan olivat jo varsin kovat. Saaristomeri oli viel\u00e4 vahvasti j\u00e4\u00e4ss\u00e4, mutta lauhat s\u00e4\u00e4t helmikuun viimeisell\u00e4 viikolla olivat jo alkaneet rikkoa j\u00e4it\u00e4 Selk\u00e4meren rantamilta, ja Reposaaressa olinkin jo p\u00e4\u00e4ssyt maistamaan melontaa. <a href=\"https:\/\/apps.sentinel-hub.com\/sentinel-playground\/?source=S2&amp;lat=60.895048709158495&amp;lng=21.165847778320312&amp;zoom=12&amp;preset=1-NATURAL-COLOR&amp;layers=B01,B02,B03&amp;maxcc=100&amp;gain=1.0&amp;gamma=1.0&amp;time=2020-08-01%7C2021-02-27&amp;atmFilter=&amp;showDates=false\" target=\"_blank\" rel=\"noopener noreferrer\">Satelliittikuvan<\/a> mukaan Uudenkaupungin pohjoispuolella olisi auton tavoitettavissa jo j\u00e4\u00e4st\u00e4 vapaita rantoja, joita voisi hy\u00f6dynt\u00e4\u00e4 vesillel\u00e4htemisess\u00e4.<\/p>\n<div id=\"attachment_6223\" style=\"width: 460px\" class=\"wp-caption aligncenter\"><a href=\"https:\/\/blogi.ennola.fi\/wp-content\/uploads\/2021\/04\/Sentinel.jpg\" rel=\"lightbox[6188]\"><img loading=\"lazy\" decoding=\"async\" aria-describedby=\"caption-attachment-6223\" class=\"wp-image-6223 size-full\" title=\"Sentinel-satellittikuva j\u00e4\u00e4tilanteesta.\" src=\"https:\/\/blogi.ennola.fi\/wp-content\/uploads\/2021\/04\/Sentinel-1.jpg\" alt=\"\" width=\"450\" height=\"338\" srcset=\"https:\/\/blogi.ennola.fi\/wp-content\/uploads\/2021\/04\/Sentinel-1.jpg 450w, https:\/\/blogi.ennola.fi\/wp-content\/uploads\/2021\/04\/Sentinel-1-150x113.jpg 150w\" sizes=\"(max-width: 450px) 100vw, 450px\" \/><\/a><p id=\"caption-attachment-6223\" class=\"wp-caption-text\">Sentinel-satellittikuva j\u00e4\u00e4tilanteesta.<\/p><\/div>\n<p>Tarkan vesillel\u00e4ht\u00f6paikan j\u00e4tt\u00e4nen kertomatta, koska parkkeerasin auton tyhjill\u00e4\u00e4n olleen m\u00f6kin pihaan ja k\u00e4ytin heid\u00e4n rantaansa veneenlaskupaikkana. Mutta kyll\u00e4 sen verran voidaan vallata m\u00f6kinomistajien jokamiehenoikeudesta anastamaa palaa takaisin. J\u00e4tin toki lapun auton tuulilasin, jossa oli puhelinnumero, jolla omistaja olisi voinut kevent\u00e4\u00e4 mielt\u00e4\u00e4n, jos olisi sattunut paikalle.<\/p>\n<p>Rannassa oli pieni lahti t\u00e4ynn\u00e4 tuulen sinne kasaamia j\u00e4it\u00e4, mist\u00e4 j\u00e4ist\u00e4 huolimatta oli ehk\u00e4 helpoin saada kajakki vesille. L\u00e4nsituuli toi mukanaan aaltoja, jotka kuitenkin tehokkaasti vaimenivat j\u00e4iden sekaan. Suurimpia j\u00e4\u00e4lohkareita v\u00e4istellen sauvoin kajakkini merelle.<\/p>\n<div id=\"attachment_6212\" style=\"width: 360px\" class=\"wp-caption aligncenter\"><a href=\"https:\/\/blogi.ennola.fi\/wp-content\/uploads\/2021\/04\/20210303_111801.jpg\" rel=\"lightbox[6188]\"><img loading=\"lazy\" decoding=\"async\" aria-describedby=\"caption-attachment-6212\" class=\"wp-image-6212 size-full\" title=\"L\u00e4ht\u00f6ranta.\" src=\"https:\/\/blogi.ennola.fi\/wp-content\/uploads\/2021\/04\/20210303_111801-1.jpg\" alt=\"\" width=\"350\" height=\"420\" srcset=\"https:\/\/blogi.ennola.fi\/wp-content\/uploads\/2021\/04\/20210303_111801-1.jpg 350w, https:\/\/blogi.ennola.fi\/wp-content\/uploads\/2021\/04\/20210303_111801-1-333x400.jpg 333w, https:\/\/blogi.ennola.fi\/wp-content\/uploads\/2021\/04\/20210303_111801-1-125x150.jpg 125w\" sizes=\"(max-width: 350px) 100vw, 350px\" \/><\/a><p id=\"caption-attachment-6212\" class=\"wp-caption-text\">L\u00e4ht\u00f6ranta.<\/p><\/div>\n<p>Melonta j\u00e4i t\u00e4ll\u00e4 retkell\u00e4 melko v\u00e4h\u00e4iseksi. Lopultakin meloin vain kahdeksan kilometri\u00e4 seuraillen l\u00e4hinn\u00e4 j\u00e4\u00e4n reunoja ja j\u00e4\u00e4kent\u00e4ll\u00e4 kulkenutta railoa. Sen sijaan rantauduin useamman kertaa valokuvaamaan ja nauttimaan ev\u00e4it\u00e4, mik\u00e4 sekin on hyv\u00e4 tapa viett\u00e4\u00e4 sy\u00f6p\u00e4hoitojen v\u00e4list\u00e4 aikaa. Kev\u00e4tp\u00e4iv\u00e4 oli kaikesta huolimatta kaunis, vaikka aurinko suurimman osan ajasta olikin pilvess\u00e4.<\/p>\n<p>Keli oli kovempi kuin, mit\u00e4 olisin etuk\u00e4teen ennusteiden pohjalta odottanut. Tuulta oli sellaiset 8\u201312 m\/s suoraan l\u00e4nnest\u00e4, mist\u00e4 sill\u00e4 olisi ollut tilaa nostaa aallokkoa Ruotsista saakka. Siihen n\u00e4hden tuuliaallokko oli yll\u00e4tt\u00e4v\u00e4n maltillista ja varsin nautinnollisesti melottavaa. Sen p\u00e4\u00e4lle oli isompia maininkeja kahdesta suunnasta, helpommin havaittavia l\u00e4nnest\u00e4 ja vaikeammin havaittavia pohjoisesta. Etenkin pohjoiset mainingit vain tunsi, kun ne yll\u00e4tt\u00e4en kuljettivat kajakin per\u00e4\u00e4 sivusuunnassa. Kokonaisuutena melonta t\u00e4ss\u00e4 keliss\u00e4 oli vain hauskaa, viime syksyn runsaat melontakilometrit n\u00e4kyv\u00e4t rentoutena aallokkomelonnassa.<\/p>\n<div id=\"attachment_6215\" style=\"width: 490px\" class=\"wp-caption aligncenter\"><a href=\"https:\/\/blogi.ennola.fi\/wp-content\/uploads\/2021\/04\/Uki_Panorama11.jpg\" rel=\"lightbox[6188]\"><img loading=\"lazy\" decoding=\"async\" aria-describedby=\"caption-attachment-6215\" class=\"wp-image-6215 size-full\" title=\"Vasikkarinletto.\" src=\"https:\/\/blogi.ennola.fi\/wp-content\/uploads\/2021\/04\/Uki_Panorama11-1.jpg\" alt=\"\" width=\"480\" height=\"95\" srcset=\"https:\/\/blogi.ennola.fi\/wp-content\/uploads\/2021\/04\/Uki_Panorama11-1.jpg 480w, https:\/\/blogi.ennola.fi\/wp-content\/uploads\/2021\/04\/Uki_Panorama11-1-150x30.jpg 150w\" sizes=\"(max-width: 480px) 100vw, 480px\" \/><\/a><p id=\"caption-attachment-6215\" class=\"wp-caption-text\">Vasikkarinletto.<\/p><\/div>\n<div id=\"attachment_6203\" style=\"width: 490px\" class=\"wp-caption aligncenter\"><a href=\"https:\/\/blogi.ennola.fi\/wp-content\/uploads\/2021\/04\/Uki_Panorama12.jpg\" rel=\"lightbox[6188]\"><img loading=\"lazy\" decoding=\"async\" aria-describedby=\"caption-attachment-6203\" class=\"wp-image-6203 size-full\" title=\"Vasikkarinletto.\" src=\"https:\/\/blogi.ennola.fi\/wp-content\/uploads\/2021\/04\/Uki_Panorama12-1.jpg\" alt=\"\" width=\"480\" height=\"94\" srcset=\"https:\/\/blogi.ennola.fi\/wp-content\/uploads\/2021\/04\/Uki_Panorama12-1.jpg 480w, https:\/\/blogi.ennola.fi\/wp-content\/uploads\/2021\/04\/Uki_Panorama12-1-150x29.jpg 150w\" sizes=\"(max-width: 480px) 100vw, 480px\" \/><\/a><p id=\"caption-attachment-6203\" class=\"wp-caption-text\">Vasikkarinletto.<\/p><\/div>\n<div id=\"attachment_6204\" style=\"width: 490px\" class=\"wp-caption aligncenter\"><a href=\"https:\/\/blogi.ennola.fi\/wp-content\/uploads\/2021\/04\/Uki_Panorama3.jpg\" rel=\"lightbox[6188]\"><img loading=\"lazy\" decoding=\"async\" aria-describedby=\"caption-attachment-6204\" class=\"wp-image-6204 size-full\" title=\"Vasikkarinletto.\" src=\"https:\/\/blogi.ennola.fi\/wp-content\/uploads\/2021\/04\/Uki_Panorama3-1.jpg\" alt=\"\" width=\"480\" height=\"91\" srcset=\"https:\/\/blogi.ennola.fi\/wp-content\/uploads\/2021\/04\/Uki_Panorama3-1.jpg 480w, https:\/\/blogi.ennola.fi\/wp-content\/uploads\/2021\/04\/Uki_Panorama3-1-150x28.jpg 150w\" sizes=\"(max-width: 480px) 100vw, 480px\" \/><\/a><p id=\"caption-attachment-6204\" class=\"wp-caption-text\">Vasikkarinletto.<\/p><\/div>\n<p>Pari j\u00e4nn\u00e4\u00e4 tilannetta tuli vastaan. Nurmisen it\u00e4puolella on paljon matalikkoja, joihin osuessaan isoimmat pohjoisen mainingit yll\u00e4tt\u00e4en nousivat pystyyn ja murtuivat. Pienemm\u00e4t mainingit sen sijaan meniv\u00e4t niist\u00e4 l\u00e4pi muuttumattomina ja n\u00e4kym\u00e4tt\u00f6min\u00e4. Meloessani alueen l\u00e4pi yritin havainnoida murtumispaikat etuk\u00e4teen ja painaa ne mieleni, jotta pystyisin ne v\u00e4ltt\u00e4m\u00e4\u00e4n.<\/p>\n<p>Mutta kuinka ollakaan eksyin yhdelle niist\u00e4. Tajuttuani tilanteen yritin meloa siit\u00e4 mahdollisimman nopeasti pois, mutta juuri silloin takaani tuli sellainen iso maininki. L\u00e4hestyess\u00e4\u00e4n se aiheutti voimakkaan virtauksen taaksep\u00e4in, jota vastaan en pystynyt melomaan. Niinp\u00e4 olin juuri matalikon kohdalla, kun maininki saavutti minut ja nosti kajakkini per\u00e4n yl\u00f6s, jolloin \u00e4kisti l\u00e4hdin surffissa kuin ammus eteenp\u00e4in. Onneksi aalto sammui heti matalikon j\u00e4lkeen, joten selvisin tilanteesta pelk\u00e4st\u00e4\u00e4n hauskalla kokemuksella kastamatta hiuksia.<\/p>\n<div id=\"attachment_6205\" style=\"width: 490px\" class=\"wp-caption aligncenter\"><a href=\"https:\/\/blogi.ennola.fi\/wp-content\/uploads\/2021\/04\/Uki_Panorama2.jpg\" rel=\"lightbox[6188]\"><img loading=\"lazy\" decoding=\"async\" aria-describedby=\"caption-attachment-6205\" class=\"wp-image-6205 size-full\" title=\"Ly\u00f6kki, Pete-Tevaluoto ja Kr\u00e4k\u00f6. Nimett\u00f6m\u00e4lt\u00e4 luodolta.\" src=\"https:\/\/blogi.ennola.fi\/wp-content\/uploads\/2021\/04\/Uki_Panorama2-1.jpg\" alt=\"\" width=\"480\" height=\"111\" srcset=\"https:\/\/blogi.ennola.fi\/wp-content\/uploads\/2021\/04\/Uki_Panorama2-1.jpg 480w, https:\/\/blogi.ennola.fi\/wp-content\/uploads\/2021\/04\/Uki_Panorama2-1-150x35.jpg 150w\" sizes=\"(max-width: 480px) 100vw, 480px\" \/><\/a><p id=\"caption-attachment-6205\" class=\"wp-caption-text\">Ly\u00f6kki, Pete-Tevaluoto ja Kr\u00e4k\u00f6. Nimett\u00f6m\u00e4lt\u00e4 luodolta.<\/p><\/div>\n<div id=\"attachment_6206\" style=\"width: 490px\" class=\"wp-caption aligncenter\"><a href=\"https:\/\/blogi.ennola.fi\/wp-content\/uploads\/2021\/04\/Uki_Panorama8.jpg\" rel=\"lightbox[6188]\"><img loading=\"lazy\" decoding=\"async\" aria-describedby=\"caption-attachment-6206\" class=\"wp-image-6206 size-full\" title=\"Virtkarta, Katakari ja Ly\u00f6kki. Nimett\u00f6m\u00e4lt\u00e4 luodolta.\" src=\"https:\/\/blogi.ennola.fi\/wp-content\/uploads\/2021\/04\/Uki_Panorama8-1.jpg\" alt=\"\" width=\"480\" height=\"115\" srcset=\"https:\/\/blogi.ennola.fi\/wp-content\/uploads\/2021\/04\/Uki_Panorama8-1.jpg 480w, https:\/\/blogi.ennola.fi\/wp-content\/uploads\/2021\/04\/Uki_Panorama8-1-150x36.jpg 150w\" sizes=\"(max-width: 480px) 100vw, 480px\" \/><\/a><p id=\"caption-attachment-6206\" class=\"wp-caption-text\">Virtkarta, Katakari ja Ly\u00f6kki. Nimett\u00f6m\u00e4lt\u00e4 luodolta.<\/p><\/div>\n<div id=\"attachment_6207\" style=\"width: 490px\" class=\"wp-caption aligncenter\"><a href=\"https:\/\/blogi.ennola.fi\/wp-content\/uploads\/2021\/04\/Uki_Panorama5.jpg\" rel=\"lightbox[6188]\"><img loading=\"lazy\" decoding=\"async\" aria-describedby=\"caption-attachment-6207\" class=\"wp-image-6207 size-full\" title=\"Pete-Tevaluoto, Kr\u00e4k\u00f6 ja Nurminen. Nimett\u00f6m\u00e4lt\u00e4 luodolta.\" src=\"https:\/\/blogi.ennola.fi\/wp-content\/uploads\/2021\/04\/Uki_Panorama5-1.jpg\" alt=\"\" width=\"480\" height=\"88\" srcset=\"https:\/\/blogi.ennola.fi\/wp-content\/uploads\/2021\/04\/Uki_Panorama5-1.jpg 480w, https:\/\/blogi.ennola.fi\/wp-content\/uploads\/2021\/04\/Uki_Panorama5-1-150x28.jpg 150w\" sizes=\"(max-width: 480px) 100vw, 480px\" \/><\/a><p id=\"caption-attachment-6207\" class=\"wp-caption-text\">Pete-Tevaluoto, Kr\u00e4k\u00f6 ja Nurminen. Nimett\u00f6m\u00e4lt\u00e4 luodolta.<\/p><\/div>\n<p>Toinen j\u00e4nn\u00e4 paikka oli paluu ahtoj\u00e4iden kansoittamaan l\u00e4ht\u00f6paikkaani. Tuuli oli p\u00e4iv\u00e4n mittaan noussut ja l\u00e4ht\u00f6paikkaani osui jo varsin voimakas my\u00f6t\u00e4aallokko. Niinp\u00e4 ei auttanut muuta kuin surffata vauhdilla ahtoj\u00e4iden sekaan. Edes ahtoj\u00e4\u00e4t eiv\u00e4t sammuttaneet surffiaaltoja vaan etenin koko matkan l\u00e4ht\u00f6pisteeseen aaltojen ty\u00f6nt\u00e4m\u00e4n\u00e4, mik\u00e4 toisaalta oli hyv\u00e4, kun j\u00e4ist\u00e4 ei oikein melalla tahtonut saada kunnon otetta. Pikkasen kyll\u00e4 j\u00e4nnitti, kun suurin ahtoj\u00e4iss\u00e4 kulkenut aalto oli riitt\u00e4v\u00e4n suuri viel\u00e4 murtuakseen takanani. Siit\u00e4kin selvisin kaatumatta, mik\u00e4 oli hyv\u00e4, koska ahtoj\u00e4iden sekaan kaatuminen ei v\u00e4ltt\u00e4m\u00e4tt\u00e4 olisi ollut kovin hauska kokemus.<\/p>\n<div id=\"attachment_6208\" style=\"width: 490px\" class=\"wp-caption aligncenter\"><a href=\"https:\/\/blogi.ennola.fi\/wp-content\/uploads\/2021\/04\/Uki_Panorama4.jpg\" rel=\"lightbox[6188]\"><img loading=\"lazy\" decoding=\"async\" aria-describedby=\"caption-attachment-6208\" class=\"wp-image-6208 size-full\" title=\"Nurminen.\" src=\"https:\/\/blogi.ennola.fi\/wp-content\/uploads\/2021\/04\/Uki_Panorama4-1.jpg\" alt=\"\" width=\"480\" height=\"113\" srcset=\"https:\/\/blogi.ennola.fi\/wp-content\/uploads\/2021\/04\/Uki_Panorama4-1.jpg 480w, https:\/\/blogi.ennola.fi\/wp-content\/uploads\/2021\/04\/Uki_Panorama4-1-150x35.jpg 150w\" sizes=\"(max-width: 480px) 100vw, 480px\" \/><\/a><p id=\"caption-attachment-6208\" class=\"wp-caption-text\">Nurminen.<\/p><\/div>\n<div id=\"attachment_6209\" style=\"width: 490px\" class=\"wp-caption aligncenter\"><a href=\"https:\/\/blogi.ennola.fi\/wp-content\/uploads\/2021\/04\/Uki_Panorama7.jpg\" rel=\"lightbox[6188]\"><img loading=\"lazy\" decoding=\"async\" aria-describedby=\"caption-attachment-6209\" class=\"wp-image-6209 size-full\" title=\"Selk\u00e4meri, Nurminen.\" src=\"https:\/\/blogi.ennola.fi\/wp-content\/uploads\/2021\/04\/Uki_Panorama7-1.jpg\" alt=\"\" width=\"480\" height=\"89\" srcset=\"https:\/\/blogi.ennola.fi\/wp-content\/uploads\/2021\/04\/Uki_Panorama7-1.jpg 480w, https:\/\/blogi.ennola.fi\/wp-content\/uploads\/2021\/04\/Uki_Panorama7-1-150x28.jpg 150w\" sizes=\"(max-width: 480px) 100vw, 480px\" \/><\/a><p id=\"caption-attachment-6209\" class=\"wp-caption-text\">Selk\u00e4meri, Nurminen.<\/p><\/div>\n<div id=\"attachment_6210\" style=\"width: 490px\" class=\"wp-caption aligncenter\"><a href=\"https:\/\/blogi.ennola.fi\/wp-content\/uploads\/2021\/04\/Uki_Panorama6.jpg\" rel=\"lightbox[6188]\"><img loading=\"lazy\" decoding=\"async\" aria-describedby=\"caption-attachment-6210\" class=\"wp-image-6210 size-full\" title=\"Ruskio ja Selk\u00e4meri, Nurminen.\" src=\"https:\/\/blogi.ennola.fi\/wp-content\/uploads\/2021\/04\/Uki_Panorama6-1.jpg\" alt=\"\" width=\"480\" height=\"94\" srcset=\"https:\/\/blogi.ennola.fi\/wp-content\/uploads\/2021\/04\/Uki_Panorama6-1.jpg 480w, https:\/\/blogi.ennola.fi\/wp-content\/uploads\/2021\/04\/Uki_Panorama6-1-150x29.jpg 150w\" sizes=\"(max-width: 480px) 100vw, 480px\" \/><\/a><p id=\"caption-attachment-6210\" class=\"wp-caption-text\">Ruskio ja Selk\u00e4meri, Nurminen.<\/p><\/div>\n<div id=\"attachment_6211\" style=\"width: 490px\" class=\"wp-caption aligncenter\"><a href=\"https:\/\/blogi.ennola.fi\/wp-content\/uploads\/2021\/04\/Uki_Panorama1.jpg\" rel=\"lightbox[6188]\"><img loading=\"lazy\" decoding=\"async\" aria-describedby=\"caption-attachment-6211\" class=\"wp-image-6211 size-full\" title=\"Nurminen.\" src=\"https:\/\/blogi.ennola.fi\/wp-content\/uploads\/2021\/04\/Uki_Panorama1-1.jpg\" alt=\"\" width=\"480\" height=\"109\" srcset=\"https:\/\/blogi.ennola.fi\/wp-content\/uploads\/2021\/04\/Uki_Panorama1-1.jpg 480w, https:\/\/blogi.ennola.fi\/wp-content\/uploads\/2021\/04\/Uki_Panorama1-1-150x34.jpg 150w\" sizes=\"(max-width: 480px) 100vw, 480px\" \/><\/a><p id=\"caption-attachment-6211\" class=\"wp-caption-text\">Nurminen.<\/p><\/div>\n<p>Luonto viel\u00e4 v\u00e4h\u00e4n odotteli kev\u00e4tt\u00e4. Rannoilla ja saarissa oli viel\u00e4 lumi- ja j\u00e4\u00e4laikkuja. Kaikki suojaiset vesialueet olivat viel\u00e4 j\u00e4\u00e4ss\u00e4. Isokoskeloita oli paljon liikkeell\u00e4 ja kyhmyjoutsenia n\u00e4kyi runsaasti, mutta muuten el\u00e4imi\u00e4 n\u00e4kyi suhteellisen v\u00e4h\u00e4n. Viime aikojen vakiolajit hylje ja merikotka loistivat poissaolollaan.<\/p>\n<div id=\"attachment_6213\" style=\"width: 460px\" class=\"wp-caption aligncenter\"><a href=\"https:\/\/blogi.ennola.fi\/wp-content\/uploads\/2021\/04\/IMG_2592.jpg\" rel=\"lightbox[6188]\"><img loading=\"lazy\" decoding=\"async\" aria-describedby=\"caption-attachment-6213\" class=\"wp-image-6213 size-full\" title=\"Vasikkarinletolla.\" src=\"https:\/\/blogi.ennola.fi\/wp-content\/uploads\/2021\/04\/IMG_2592-1.jpg\" alt=\"\" width=\"450\" height=\"292\" srcset=\"https:\/\/blogi.ennola.fi\/wp-content\/uploads\/2021\/04\/IMG_2592-1.jpg 450w, https:\/\/blogi.ennola.fi\/wp-content\/uploads\/2021\/04\/IMG_2592-1-150x97.jpg 150w\" sizes=\"(max-width: 450px) 100vw, 450px\" \/><\/a><p id=\"caption-attachment-6213\" class=\"wp-caption-text\">Vasikkarinletolla.<\/p><\/div>\n<p>Valokuvauksessa kiinnitin erityist\u00e4 huomiota muutamiin panoraamoihin, miss\u00e4 aallot olivat merkitt\u00e4v\u00e4ss\u00e4 roolissa. Aallokkoisessa panoraamassa on helposti hankaluutena se, ett\u00e4 kahden vierekk\u00e4isen ruudun aallot eiv\u00e4t oikein tahdo sopia toisiinsa kuvia yhdistett\u00e4ess\u00e4. Niinp\u00e4 kuvatessa katsoin jonkun tietyn kohdan ja kuvasin kaikki panoraaman osaset, kun aalto osuu juuri tuohon tiettyyn kohtaan. Lis\u00e4ksi saatoin kuvata kutakin panoraamaan osaa muutamasta jopa toiseen kymment\u00e4 eri kuvaa. Yht\u00e4 panoraamaa varten saatoin kuvata yhteens\u00e4 jopa 36 kuvaa. Lopulliseen panoraamaan valitsin sitten parhaimman aaltokuvan sek\u00e4 sen pariksi parhaiten sopivat kuvat.<\/p>\n","protected":false},"excerpt":{"rendered":"<p>Kuukauden melontatauon j\u00e4lkeen kajakin halut melomaan olivat jo varsin kovat. Saaristomeri oli viel\u00e4 vahvasti j\u00e4\u00e4ss\u00e4, mutta lauhat s\u00e4\u00e4t helmikuun viimeisell\u00e4 viikolla olivat jo alkaneet rikkoa j\u00e4it\u00e4 Selk\u00e4meren rantamilta,&#8230;<\/p>\n","protected":false},"author":1,"featured_media":6217,"comment_status":"open","ping_status":"open","sticky":false,"template":"","format":"standard","meta":{"footnotes":""},"categories":[4,8],"tags":[],"_links":{"self":[{"href":"https:\/\/blogi.ennola.fi\/index.php?rest_route=\/wp\/v2\/posts\/6188"}],"collection":[{"href":"https:\/\/blogi.ennola.fi\/index.php?rest_route=\/wp\/v2\/posts"}],"about":[{"href":"https:\/\/blogi.ennola.fi\/index.php?rest_route=\/wp\/v2\/types\/post"}],"author":[{"embeddable":true,"href":"https:\/\/blogi.ennola.fi\/index.php?rest_route=\/wp\/v2\/users\/1"}],"replies":[{"embeddable":true,"href":"https:\/\/blogi.ennola.fi\/index.php?rest_route=%2Fwp%2Fv2%2Fcomments&post=6188"}],"version-history":[{"count":10,"href":"https:\/\/blogi.ennola.fi\/index.php?rest_route=\/wp\/v2\/posts\/6188\/revisions"}],"predecessor-version":[{"id":6229,"href":"https:\/\/blogi.ennola.fi\/index.php?rest_route=\/wp\/v2\/posts\/6188\/revisions\/6229"}],"wp:featuredmedia":[{"embeddable":true,"href":"https:\/\/blogi.ennola.fi\/index.php?rest_route=\/wp\/v2\/media\/6217"}],"wp:attachment":[{"href":"https:\/\/blogi.ennola.fi\/index.php?rest_route=%2Fwp%2Fv2%2Fmedia&parent=6188"}],"wp:term":[{"taxonomy":"category","embeddable":true,"href":"https:\/\/blogi.ennola.fi\/index.php?rest_route=%2Fwp%2Fv2%2Fcategories&post=6188"},{"taxonomy":"post_tag","embeddable":true,"href":"https:\/\/blogi.ennola.fi\/index.php?rest_route=%2Fwp%2Fv2%2Ftags&post=6188"}],"curies":[{"name":"wp","href":"https:\/\/api.w.org\/{rel}","templated":true}]}}