{"id":6230,"date":"2021-02-27T20:33:26","date_gmt":"2021-02-27T18:33:26","guid":{"rendered":"https:\/\/blogi.ennola.fi\/?p=6230"},"modified":"2021-12-17T23:38:16","modified_gmt":"2021-12-17T21:38:16","slug":"talvitelttailua-ja-luistelua","status":"publish","type":"post","link":"https:\/\/blogi.ennola.fi\/?p=6230","title":{"rendered":"Talvitelttailua ja luistelua."},"content":{"rendered":"<p>T\u00e4n\u00e4 talvena minulla ei ollut mahdollisuutta kunnon talvivaellukseen, joten teimme Olli-Pekan kanssa pienimuotoisen talviretken Kustavin luonnonj\u00e4ille. Konsepti oli minulle uusi, sill\u00e4 koskaan ennen en ole ollut luisteluretkell\u00e4, miss\u00e4 olisi y\u00f6vytty maastossa. Suunnitelmamme oli sellainen, ett\u00e4 j\u00e4tettiin auto Kustavin Pleikil\u00e4\u00e4n, mik\u00e4 on suosittu melojien retkisatama. Sielt\u00e4 veimme y\u00f6pymiskamat Kaaskerin l\u00e4nsipuolelle, jonne pystytimme leirimme merenj\u00e4\u00e4lle. Sielt\u00e4 sitten k\u00e4sin k\u00e4vimme luistelemassa l\u00e4hialueen j\u00e4ill\u00e4. Reissu oli kyll\u00e4 ehdottomasti parhaita parin y\u00f6n retki\u00e4, mit\u00e4 olen tehnyt.<\/p>\n<p>K\u00e4velimme j\u00e4\u00e4raudat jalassa ja ahkio hinauksessa Pleikil\u00e4st\u00e4 Kaaskeriin. Matkalla j\u00e4\u00e4n paksuus vaihteli suuresti ja jouduimme kiert\u00e4m\u00e4\u00e4n monia saarten v\u00e4leihin muodostuneita sulapaikkoja tai muuten vaan liian ohuita j\u00e4it\u00e4. Ensimm\u00e4inen oli heti alussa Tammiluodon sivussa ja aika vaikeasti havaittavissa ja huomasimme sen aika viime tipassa. Str\u00f6\u00f6mi oli hyvin j\u00e4\u00e4ss\u00e4, mutta Anavaisten ja Lypyrttin v\u00e4linen salmi oli odotetusti auki. Rantaj\u00e4it\u00e4 pitkin p\u00e4\u00e4simme sen kiert\u00e4m\u00e4\u00e4n. My\u00f6s Eeliskerin etel\u00e4puolella oli laaja ohuen j\u00e4\u00e4n alue, jonka kiersimme saaren pohjoispuolelta.<\/p>\n<div id=\"attachment_6240\" style=\"width: 460px\" class=\"wp-caption aligncenter\"><a href=\"https:\/\/blogi.ennola.fi\/wp-content\/uploads\/2021\/04\/IMG_1394b.jpg\" rel=\"lightbox[6230]\"><img loading=\"lazy\" decoding=\"async\" aria-describedby=\"caption-attachment-6240\" class=\"wp-image-6240 size-full\" title=\"Omakuva ahkion kanssa.\" src=\"https:\/\/blogi.ennola.fi\/wp-content\/uploads\/2021\/04\/IMG_1394b-1.jpg\" alt=\"\" width=\"450\" height=\"300\" srcset=\"https:\/\/blogi.ennola.fi\/wp-content\/uploads\/2021\/04\/IMG_1394b-1.jpg 450w, https:\/\/blogi.ennola.fi\/wp-content\/uploads\/2021\/04\/IMG_1394b-1-150x100.jpg 150w\" sizes=\"(max-width: 450px) 100vw, 450px\" \/><\/a><p id=\"caption-attachment-6240\" class=\"wp-caption-text\">Omakuva ahkion kanssa.<\/p><\/div>\n<div id=\"attachment_6248\" style=\"width: 460px\" class=\"wp-caption aligncenter\"><a href=\"https:\/\/blogi.ennola.fi\/wp-content\/uploads\/2021\/04\/IMG_1408.jpg\" rel=\"lightbox[6230]\"><img loading=\"lazy\" decoding=\"async\" aria-describedby=\"caption-attachment-6248\" class=\"wp-image-6248 size-full\" title=\"Olli-Pekka ja ahkio.\" src=\"https:\/\/blogi.ennola.fi\/wp-content\/uploads\/2021\/04\/IMG_1408b.jpg\" alt=\"\" width=\"450\" height=\"300\" srcset=\"https:\/\/blogi.ennola.fi\/wp-content\/uploads\/2021\/04\/IMG_1408b.jpg 450w, https:\/\/blogi.ennola.fi\/wp-content\/uploads\/2021\/04\/IMG_1408b-150x100.jpg 150w\" sizes=\"(max-width: 450px) 100vw, 450px\" \/><\/a><p id=\"caption-attachment-6248\" class=\"wp-caption-text\">Olli-Pekka ja ahkio.<\/p><\/div>\n<p>Teltan pystytimme j\u00e4\u00e4lle Kaaskerin l\u00e4nsipuolelle. Telttapaikan valintaan vaikutti se, ett\u00e4 olin syksyll\u00e4 tarkastanut paikan sopivaksi y\u00f6kuvauksiin, koska n\u00e4k\u00f6piiriss\u00e4 ei juurikaan ollut kes\u00e4m\u00f6kkien valoja. Teltan pystytyksess\u00e4 k\u00e4ytin ensimm\u00e4ist\u00e4 kertaa j\u00e4\u00e4kiipeilyst\u00e4 tuttuja <a href=\"https:\/\/blogi.ennola.fi\/?p=6151\">abalakoveja<\/a>, jotka osoittautuivat varsin k\u00e4tev\u00e4ksi tavaksi pystytt\u00e4\u00e4 teltta. Illan vietimme teltan l\u00e4hist\u00f6ll\u00e4 kuvaillen.<\/p>\n<div id=\"attachment_6247\" style=\"width: 460px\" class=\"wp-caption aligncenter\"><a href=\"https:\/\/blogi.ennola.fi\/wp-content\/uploads\/2021\/04\/IMG_1428.jpg\" rel=\"lightbox[6230]\"><img loading=\"lazy\" decoding=\"async\" aria-describedby=\"caption-attachment-6247\" class=\"wp-image-6247 size-full\" title=\"Lounas ennen teltan pystytyst\u00e4.\" src=\"https:\/\/blogi.ennola.fi\/wp-content\/uploads\/2021\/04\/IMG_1428-1.jpg\" alt=\"\" width=\"450\" height=\"300\" srcset=\"https:\/\/blogi.ennola.fi\/wp-content\/uploads\/2021\/04\/IMG_1428-1.jpg 450w, https:\/\/blogi.ennola.fi\/wp-content\/uploads\/2021\/04\/IMG_1428-1-150x100.jpg 150w\" sizes=\"(max-width: 450px) 100vw, 450px\" \/><\/a><p id=\"caption-attachment-6247\" class=\"wp-caption-text\">Lounas ennen teltan pystytyst\u00e4.<\/p><\/div>\n<div id=\"attachment_6246\" style=\"width: 460px\" class=\"wp-caption aligncenter\"><a href=\"https:\/\/blogi.ennola.fi\/wp-content\/uploads\/2021\/04\/IMG_1443.jpg\" rel=\"lightbox[6230]\"><img loading=\"lazy\" decoding=\"async\" aria-describedby=\"caption-attachment-6246\" class=\"wp-image-6246 size-full\" title=\"Teltta pystytettyn\u00e4.\" src=\"https:\/\/blogi.ennola.fi\/wp-content\/uploads\/2021\/04\/IMG_1443-1.jpg\" alt=\"\" width=\"450\" height=\"300\" srcset=\"https:\/\/blogi.ennola.fi\/wp-content\/uploads\/2021\/04\/IMG_1443-1.jpg 450w, https:\/\/blogi.ennola.fi\/wp-content\/uploads\/2021\/04\/IMG_1443-1-150x100.jpg 150w\" sizes=\"(max-width: 450px) 100vw, 450px\" \/><\/a><p id=\"caption-attachment-6246\" class=\"wp-caption-text\">Teltta pystytettyn\u00e4.<\/p><\/div>\n<div id=\"attachment_6159\" style=\"width: 309px\" class=\"wp-caption aligncenter\"><a href=\"https:\/\/blogi.ennola.fi\/wp-content\/uploads\/2021\/03\/IMG_1520.jpg\" rel=\"lightbox[6230]\"><img loading=\"lazy\" decoding=\"async\" aria-describedby=\"caption-attachment-6159\" class=\"wp-image-6159 size-full\" title=\"Tunnelmaa teltan sis\u00e4lt\u00e4.\" src=\"https:\/\/blogi.ennola.fi\/wp-content\/uploads\/2021\/03\/IMG_1520-1.jpg\" alt=\"\" width=\"299\" height=\"420\" srcset=\"https:\/\/blogi.ennola.fi\/wp-content\/uploads\/2021\/03\/IMG_1520-1.jpg 299w, https:\/\/blogi.ennola.fi\/wp-content\/uploads\/2021\/03\/IMG_1520-1-285x400.jpg 285w, https:\/\/blogi.ennola.fi\/wp-content\/uploads\/2021\/03\/IMG_1520-1-107x150.jpg 107w\" sizes=\"(max-width: 299px) 100vw, 299px\" \/><\/a><p id=\"caption-attachment-6159\" class=\"wp-caption-text\">Tunnelmaa teltan sis\u00e4lt\u00e4.<\/p><\/div>\n<p>Y\u00f6n pimennytty\u00e4 k\u00e4vin kapean kuunsirpin valossa kokeilemassa t\u00e4htivalokuvausta. Tavoitteenani oli kuvata usean kuvan panoraamoja t\u00e4htitaivaan alla. Hankaluutena oli, ett\u00e4 valotusajan piti olla tarpeeksi lyhyt, jotta t\u00e4hdet pysyisiv\u00e4t pistem\u00e4isin\u00e4. Se edellytti suurta herkkyysasetusta ja kohinaa, mink\u00e4 hallitsemiseen taas otin samaa kuvaa monta otosta. Lopulta yksi panoraama saattoi muodostua jopa 16 eri kuvasta, jotka my\u00f6hemmin tietokoneella liitin toisiinsa.<\/p>\n<div id=\"attachment_6241\" style=\"width: 490px\" class=\"wp-caption aligncenter\"><a href=\"https:\/\/blogi.ennola.fi\/wp-content\/uploads\/2021\/04\/Kustavi_Panorama1.jpg\" rel=\"lightbox[6230]\"><img loading=\"lazy\" decoding=\"async\" aria-describedby=\"caption-attachment-6241\" class=\"wp-image-6241 size-full\" title=\"Teltta t\u00e4htitaivaan alla.\" src=\"https:\/\/blogi.ennola.fi\/wp-content\/uploads\/2021\/04\/Kustavi_Panorama1-1.jpg\" alt=\"\" width=\"480\" height=\"213\" srcset=\"https:\/\/blogi.ennola.fi\/wp-content\/uploads\/2021\/04\/Kustavi_Panorama1-1.jpg 480w, https:\/\/blogi.ennola.fi\/wp-content\/uploads\/2021\/04\/Kustavi_Panorama1-1-150x67.jpg 150w\" sizes=\"(max-width: 480px) 100vw, 480px\" \/><\/a><p id=\"caption-attachment-6241\" class=\"wp-caption-text\">Teltta t\u00e4htitaivaan alla.<\/p><\/div>\n<div id=\"attachment_6242\" style=\"width: 490px\" class=\"wp-caption aligncenter\"><a href=\"https:\/\/blogi.ennola.fi\/wp-content\/uploads\/2021\/04\/Kustavi_Panorama23.jpg\" rel=\"lightbox[6230]\"><img loading=\"lazy\" decoding=\"async\" aria-describedby=\"caption-attachment-6242\" class=\"wp-image-6242 size-full\" title=\"T\u00e4htiy\u00f6.\" src=\"https:\/\/blogi.ennola.fi\/wp-content\/uploads\/2021\/04\/Kustavi_Panorama23-1.jpg\" alt=\"\" width=\"480\" height=\"156\" srcset=\"https:\/\/blogi.ennola.fi\/wp-content\/uploads\/2021\/04\/Kustavi_Panorama23-1.jpg 480w, https:\/\/blogi.ennola.fi\/wp-content\/uploads\/2021\/04\/Kustavi_Panorama23-1-150x49.jpg 150w\" sizes=\"(max-width: 480px) 100vw, 480px\" \/><\/a><p id=\"caption-attachment-6242\" class=\"wp-caption-text\">T\u00e4htiy\u00f6.<\/p><\/div>\n<p>Toisena p\u00e4iv\u00e4n\u00e4 teimme pitk\u00e4n, mutta rauhallisen luisteluretken pohjoiseen Katanp\u00e4\u00e4n, Kiparluodon ja Juhan\u00f6\u00f6rinriuttojen v\u00e4liin muodostuneille tasalaatuisille ja upeille luisteluj\u00e4ille. Ainoastaan merivartioston v\u00e4yl\u00e4 katkaisi j\u00e4\u00e4lakeuden kahtia. Aivan p\u00e4iv\u00e4n aluksi k\u00e4vimme etsim\u00e4ss\u00e4 Olli-Pekan aurinkolaseja edellisen p\u00e4iv\u00e4n taukopaikalta. Sen j\u00e4lkeen koetimme kiert\u00e4\u00e4 Katanp\u00e4\u00e4n nieme\u00e4 ymp\u00e4ri, mutta j\u00e4\u00e4 niemen l\u00e4nsipuolella oli kulkukelvotonta. Lopulta k\u00e4velimme niemen juuren kapeimmasta kohdasta yli ja siirryimme Katanp\u00e4\u00e4n pohjoispuolelle luistelemaan.<\/p>\n<p>Katanp\u00e4\u00e4n pohjoispuolella virtausolosuhteet olivat olleet tasaisempia ja j\u00e4\u00e4kentt\u00e4 oli l\u00e4hes t\u00e4ydellist\u00e4 luisteltavaa. Suuntasimme kohti Pleikongin saaria. Noin puolessa matkassa t\u00f6rm\u00e4simme kuitenkin avoveteen ja jouduimme k\u00e4\u00e4ntym\u00e4\u00e4n kohti pohjoista, miss\u00e4 taas merivartioston v\u00e4yl\u00e4 katkaisi kulkumme jonkin matkan p\u00e4\u00e4st\u00e4. Siit\u00e4 luistelimme merivartioasemalle, jonka rannan kautta kiersimme v\u00e4yl\u00e4n toiselle puolelle. Aseman pohjoispuolella pidimme lounastauon.<\/p>\n<p>Tauolta jatkoimme pohjoiseen Kiparluodon reunalle. Siit\u00e4 eteenp\u00e4in luistelu olosuhteet vaikuttivat huonoilta lumen ja ep\u00e4tasaiseksi j\u00e4\u00e4tyneen j\u00e4\u00e4n johdosta, joten k\u00e4\u00e4nnyimme suoraan l\u00e4nteen Iso-Varestuksen ohi Juhan\u00f6\u00f6rinriutoille. Sen pohjois- ja l\u00e4nsipuolella j\u00e4\u00e4 oli taas m\u00f6ss\u00f6\u00e4 luisteltavaksi. Niinp\u00e4 palasimme takaisin merivartioasemalle ja siit\u00e4 Katanp\u00e4\u00e4h\u00e4n, josta k\u00e4velimme ja luistelimme tuttua reitti\u00e4 takaisin teltalle. Teltalle saapuessamme ilta oli jo varsin pimentynyt. P\u00e4iv\u00e4 oli ollut aurinkoinen ja kerrassaan upea. Tuulikin tyyntyi sopivasti, ennen kuin olimme k\u00e4\u00e4ntyneet palaamaan vastatuuleen takaisin.<\/p>\n<div id=\"attachment_6245\" style=\"width: 460px\" class=\"wp-caption aligncenter\"><a href=\"https:\/\/blogi.ennola.fi\/wp-content\/uploads\/2021\/04\/IMG_1663.jpg\" rel=\"lightbox[6230]\"><img loading=\"lazy\" decoding=\"async\" aria-describedby=\"caption-attachment-6245\" class=\"wp-image-6245 size-full\" title=\"Olli-Pekka luisteluvarustuksessa.\" src=\"https:\/\/blogi.ennola.fi\/wp-content\/uploads\/2021\/04\/IMG_1663-1.jpg\" alt=\"\" width=\"450\" height=\"297\" srcset=\"https:\/\/blogi.ennola.fi\/wp-content\/uploads\/2021\/04\/IMG_1663-1.jpg 450w, https:\/\/blogi.ennola.fi\/wp-content\/uploads\/2021\/04\/IMG_1663-1-150x99.jpg 150w\" sizes=\"(max-width: 450px) 100vw, 450px\" \/><\/a><p id=\"caption-attachment-6245\" class=\"wp-caption-text\">Olli-Pekka luisteluvarustuksessa.<\/p><\/div>\n<div id=\"attachment_6244\" style=\"width: 460px\" class=\"wp-caption aligncenter\"><a href=\"https:\/\/blogi.ennola.fi\/wp-content\/uploads\/2021\/04\/IMG_1723.jpg\" rel=\"lightbox[6230]\"><img loading=\"lazy\" decoding=\"async\" aria-describedby=\"caption-attachment-6244\" class=\"wp-image-6244 size-full\" title=\"Railon \u00e4\u00e4rell\u00e4.\" src=\"https:\/\/blogi.ennola.fi\/wp-content\/uploads\/2021\/04\/IMG_1723-1.jpg\" alt=\"\" width=\"450\" height=\"300\" srcset=\"https:\/\/blogi.ennola.fi\/wp-content\/uploads\/2021\/04\/IMG_1723-1.jpg 450w, https:\/\/blogi.ennola.fi\/wp-content\/uploads\/2021\/04\/IMG_1723-1-150x100.jpg 150w\" sizes=\"(max-width: 450px) 100vw, 450px\" \/><\/a><p id=\"caption-attachment-6244\" class=\"wp-caption-text\">Railon \u00e4\u00e4rell\u00e4.<\/p><\/div>\n<div id=\"attachment_6243\" style=\"width: 460px\" class=\"wp-caption aligncenter\"><a href=\"https:\/\/blogi.ennola.fi\/wp-content\/uploads\/2021\/04\/IMG_1727.jpg\" rel=\"lightbox[6230]\"><img loading=\"lazy\" decoding=\"async\" aria-describedby=\"caption-attachment-6243\" class=\"wp-image-6243 size-full\" title=\"Ilta.\" src=\"https:\/\/blogi.ennola.fi\/wp-content\/uploads\/2021\/04\/IMG_1727-1.jpg\" alt=\"\" width=\"450\" height=\"300\" srcset=\"https:\/\/blogi.ennola.fi\/wp-content\/uploads\/2021\/04\/IMG_1727-1.jpg 450w, https:\/\/blogi.ennola.fi\/wp-content\/uploads\/2021\/04\/IMG_1727-1-150x100.jpg 150w\" sizes=\"(max-width: 450px) 100vw, 450px\" \/><\/a><p id=\"caption-attachment-6243\" class=\"wp-caption-text\">Ilta.<\/p><\/div>\n<p>Kolmantena p\u00e4iv\u00e4n\u00e4 kiersimme aamup\u00e4iv\u00e4ll\u00e4 Lanskerin ymp\u00e4ri luistellen. Alueen j\u00e4\u00e4olot olivat hankalat ja arvaamattomat. Alueella oli runsaasti sulapaikkoja ja heikkoa j\u00e4\u00e4t\u00e4, joten jouduimme tunnustelemaan j\u00e4\u00e4n paksuutta paljon eilist\u00e4 enemm\u00e4n. Aina siirrytt\u00e4ess\u00e4 j\u00e4\u00e4lt\u00e4 toiselle tunnustelimme j\u00e4\u00e4sauvalla sen kest\u00e4vyytt\u00e4. Aina ei ollut helppoa tunnistaa j\u00e4\u00e4kent\u00e4n muutosta. J\u00e4\u00e4sauva harvemmin meni 1\u20132 ly\u00f6nnill\u00e4 l\u00e4pi, joten siell\u00e4, miss\u00e4 luisteltiin, oli varmaan p\u00e4\u00e4s\u00e4\u00e4nt\u00f6isesti yli 10 sentti\u00e4 j\u00e4\u00e4t\u00e4. J\u00e4\u00e4n paksuus vaihteli kuitenkin voimakkaasti. Lanskerin l\u00e4nsipuolella oli runsaasti sulapaikkoja ja heikon j\u00e4\u00e4n alueita, joten jouduimme hakemaan reitti\u00e4. Lopulta k\u00e4velimme yhden luodon poikki p\u00e4\u00e4st\u00e4ksemme pahimman paikan ohitse.<\/p>\n<p>Yksi l\u00e4helt\u00e4 piti -tilannekin sattui, kun j\u00e4\u00e4 ehti jo rikkoutua luistinteni alta. Vauhtia oli kuitenkin siin\u00e4 tilanteessa sen verran, ett\u00e4 ehdin tehd\u00e4 sukelluksen mahalleni eteenp\u00e4in pes\u00e4pallonpelaajien tapaan. Yritin osua kest\u00e4v\u00e4lle j\u00e4\u00e4lle ja vedin k\u00e4det ja jalat lev\u00e4lleen, jotta paino levi\u00e4isi mahdollisimman suurelle pinta-alalle. Selvisinkin tilanteesta s\u00e4ik\u00e4hdyksell\u00e4 kastumatta. J\u00e4\u00e4ss\u00e4 takanani n\u00e4kyi kaksi reik\u00e4\u00e4. Vain luistimeni ja kenk\u00e4ni kastuivat ulkopuolelta. Rintaani sain t\u00e4llin ja se aristi hieman. My\u00f6hemmin pet-kuvauksessa paljastui, ett\u00e4 yksi kylkiluuni oli murtunut kohdasta, miss\u00e4 olin pit\u00e4nyt h\u00e4t\u00e4l\u00e4hetint\u00e4ni.<\/p>\n<p>Lopuksi olikin j\u00e4ljell\u00e4 en\u00e4\u00e4 teltan purku ja paluu autolle. Paluumatkalla hy\u00f6dynsimmekin jo kaksi p\u00e4iv\u00e4\u00e4 sitten tiedustelemaamme reitti\u00e4 ja se sujui enemmitt\u00e4 kommelluksitta.<\/p>\n<div id=\"attachment_6953\" style=\"width: 460px\" class=\"wp-caption aligncenter\"><a href=\"https:\/\/blogi.ennola.fi\/wp-content\/uploads\/2021\/02\/DSC_0033.jpg\" rel=\"lightbox[6230]\"><img loading=\"lazy\" decoding=\"async\" aria-describedby=\"caption-attachment-6953\" class=\"wp-image-6953 size-full\" title=\"Kamera, kisko ja jalusta.\" src=\"https:\/\/blogi.ennola.fi\/wp-content\/uploads\/2021\/02\/DSC_0033-1.jpg\" alt=\"\" width=\"450\" height=\"303\" srcset=\"https:\/\/blogi.ennola.fi\/wp-content\/uploads\/2021\/02\/DSC_0033-1.jpg 450w, https:\/\/blogi.ennola.fi\/wp-content\/uploads\/2021\/02\/DSC_0033-1-150x101.jpg 150w\" sizes=\"(max-width: 450px) 100vw, 450px\" \/><\/a><p id=\"caption-attachment-6953\" class=\"wp-caption-text\">Kamera, kisko ja jalusta.<\/p><\/div>\n<p>Reissua varten olin saanut panoraamakiskon kameraani testiin vanhalta valokuvausyst\u00e4v\u00e4lt\u00e4ni, joka ei sit\u00e4 en\u00e4\u00e4 tarvinnut. Kiskoa varten tarvitsin kuulapolven ja kiinnityslevyn Arca-tyyppisell\u00e4 pikakiinnityksell\u00e4. Olin jo unohtanut omistavani sellaisen. Sattumoisin kymmenisen vuotta sitten Oberstdorfissa olin joutunut h\u00e4t\u00e4p\u00e4iss\u00e4ni ostamaan moisen, kun olin tuhonnut mukanani olleen kuulan pikaliimalla. Kuula oli laadultaan kuitenkin sen verta heikko, ett\u00e4 olin korvannut sen my\u00f6hemmin paremmalla. Nyt siit\u00e4 oli kuitenkin hy\u00f6ty\u00e4. Kuula vain vaati kaverikseen turhan painavan jalustan, jota uskollisesti kannoin mukanani koko reissun. Kiskon tuoma hy\u00f6ty panoraamakuvauksessa oli kuitenkin varsin merkitt\u00e4v\u00e4 ja panoraamojen yhdist\u00e4minen etenkin laajakulmaisilla objektiiveilla parani huomattavasti.<\/p>\n<div id=\"attachment_6254\" style=\"width: 460px\" class=\"wp-caption aligncenter\"><a href=\"https:\/\/blogi.ennola.fi\/wp-content\/uploads\/2021\/04\/IMG_1818.jpg\" rel=\"lightbox[6230]\"><img loading=\"lazy\" decoding=\"async\" aria-describedby=\"caption-attachment-6254\" class=\"wp-image-6254 size-full\" title=\"Kuollut kyhmyjoutsen.\" src=\"https:\/\/blogi.ennola.fi\/wp-content\/uploads\/2021\/04\/IMG_1818-1.jpg\" alt=\"\" width=\"450\" height=\"300\" srcset=\"https:\/\/blogi.ennola.fi\/wp-content\/uploads\/2021\/04\/IMG_1818-1.jpg 450w, https:\/\/blogi.ennola.fi\/wp-content\/uploads\/2021\/04\/IMG_1818-1-150x100.jpg 150w\" sizes=\"(max-width: 450px) 100vw, 450px\" \/><\/a><p id=\"caption-attachment-6254\" class=\"wp-caption-text\">Kuollut kyhmyjoutsen.<\/p><\/div>\n<p>Sulapaikoissa n\u00e4imme runsaasti talvehtimaan j\u00e4\u00e4neit\u00e4 kyhmyjoutsenia, joiden kohtalo hieman suretti. J\u00e4\u00e4talven jatkuessa niill\u00e4 saattaisi olla vaikeuksia l\u00f6yt\u00e4\u00e4 avovett\u00e4 noiden j\u00e4\u00e4tyess\u00e4 umpeen. Yhden j\u00e4\u00e4lle kuolleen kyhmyjoutsenen raadon l\u00f6ysimme. Joitain pienempi\u00e4kin sorsalintuja oli sulissa viett\u00e4m\u00e4ss\u00e4 talvea. Alueella oli ilahduttavan runsaasti saukon j\u00e4lki\u00e4. Yhdess\u00e4 sulassa n\u00e4imme my\u00f6s hylkeen, joka k\u00e4vi aina v\u00e4list\u00e4 pinnassa vet\u00e4m\u00e4ss\u00e4 henke\u00e4. Korppeja lenteli runsaasti mutta vain kerran p\u00e4\u00e4simme n\u00e4kem\u00e4\u00e4n merikotkapariskunnan.<\/p>\n<div id=\"attachment_6954\" style=\"width: 291px\" class=\"wp-caption aligncenter\"><a href=\"https:\/\/blogi.ennola.fi\/wp-content\/uploads\/2021\/02\/Kartta-1.jpg\" rel=\"lightbox[6230]\"><img loading=\"lazy\" decoding=\"async\" aria-describedby=\"caption-attachment-6954\" class=\"wp-image-6954 size-full\" title=\"Reitti.\" src=\"https:\/\/blogi.ennola.fi\/wp-content\/uploads\/2021\/02\/Kartta-1-1.jpg\" alt=\"\" width=\"281\" height=\"450\" srcset=\"https:\/\/blogi.ennola.fi\/wp-content\/uploads\/2021\/02\/Kartta-1-1.jpg 281w, https:\/\/blogi.ennola.fi\/wp-content\/uploads\/2021\/02\/Kartta-1-1-250x400.jpg 250w, https:\/\/blogi.ennola.fi\/wp-content\/uploads\/2021\/02\/Kartta-1-1-94x150.jpg 94w\" sizes=\"(max-width: 281px) 100vw, 281px\" \/><\/a><p id=\"caption-attachment-6954\" class=\"wp-caption-text\">Reitti.<\/p><\/div>\n<p>Loppujen lopuksi matkaa kertyi 52 kilometri\u00e4 luistellen ja 15 kilometri\u00e4 j\u00e4\u00e4raudat jalassa ahkiota vet\u00e4en, mik\u00e4 oli ihan hyv\u00e4 matka t\u00e4ll\u00e4 kunnolla. Liukkaalla j\u00e4\u00e4ll\u00e4 ahkiota olisi varmaan pystynyt vet\u00e4m\u00e4\u00e4n luistimillakin, mutta nyt nuo alkumatkan j\u00e4\u00e4olot olivat sen verta huonot, ett\u00e4 j\u00e4\u00e4raudat olivat varmaankin oikea valinta. Konsepti oli toimiva ja toivottavasti tulevina talvina riitt\u00e4\u00e4 j\u00e4\u00e4oloja vastaavan retken tekemiseen uudestaan.<\/p>\n","protected":false},"excerpt":{"rendered":"<p>T\u00e4n\u00e4 talvena minulla ei ollut mahdollisuutta kunnon talvivaellukseen, joten teimme Olli-Pekan kanssa pienimuotoisen talviretken Kustavin luonnonj\u00e4ille. Konsepti oli minulle uusi, sill\u00e4 koskaan ennen en ole ollut luisteluretkell\u00e4, miss\u00e4&#8230;<\/p>\n","protected":false},"author":1,"featured_media":6250,"comment_status":"open","ping_status":"open","sticky":false,"template":"","format":"standard","meta":{"footnotes":""},"categories":[3],"tags":[],"_links":{"self":[{"href":"https:\/\/blogi.ennola.fi\/index.php?rest_route=\/wp\/v2\/posts\/6230"}],"collection":[{"href":"https:\/\/blogi.ennola.fi\/index.php?rest_route=\/wp\/v2\/posts"}],"about":[{"href":"https:\/\/blogi.ennola.fi\/index.php?rest_route=\/wp\/v2\/types\/post"}],"author":[{"embeddable":true,"href":"https:\/\/blogi.ennola.fi\/index.php?rest_route=\/wp\/v2\/users\/1"}],"replies":[{"embeddable":true,"href":"https:\/\/blogi.ennola.fi\/index.php?rest_route=%2Fwp%2Fv2%2Fcomments&post=6230"}],"version-history":[{"count":16,"href":"https:\/\/blogi.ennola.fi\/index.php?rest_route=\/wp\/v2\/posts\/6230\/revisions"}],"predecessor-version":[{"id":6956,"href":"https:\/\/blogi.ennola.fi\/index.php?rest_route=\/wp\/v2\/posts\/6230\/revisions\/6956"}],"wp:featuredmedia":[{"embeddable":true,"href":"https:\/\/blogi.ennola.fi\/index.php?rest_route=\/wp\/v2\/media\/6250"}],"wp:attachment":[{"href":"https:\/\/blogi.ennola.fi\/index.php?rest_route=%2Fwp%2Fv2%2Fmedia&parent=6230"}],"wp:term":[{"taxonomy":"category","embeddable":true,"href":"https:\/\/blogi.ennola.fi\/index.php?rest_route=%2Fwp%2Fv2%2Fcategories&post=6230"},{"taxonomy":"post_tag","embeddable":true,"href":"https:\/\/blogi.ennola.fi\/index.php?rest_route=%2Fwp%2Fv2%2Ftags&post=6230"}],"curies":[{"name":"wp","href":"https:\/\/api.w.org\/{rel}","templated":true}]}}