{"id":6271,"date":"2021-04-25T12:36:26","date_gmt":"2021-04-25T09:36:26","guid":{"rendered":"https:\/\/blogi.ennola.fi\/?p=6271"},"modified":"2021-12-17T18:35:18","modified_gmt":"2021-12-17T16:35:18","slug":"pikapyrahdys-sandossa","status":"publish","type":"post","link":"https:\/\/blogi.ennola.fi\/?p=6271","title":{"rendered":"Pikapyr\u00e4hdys Sand\u00f6ss\u00e4"},"content":{"rendered":"<p>Huhtikuussa piti olla aikaa pidemp\u00e4\u00e4nkin varhaiskev\u00e4iseen melontaretkeen. Sitten sy\u00f6p\u00e4hoidossa ilmeni komplikaatioita eik\u00e4 kaikki mennytk\u00e4\u00e4n ihan parhaalla mahdollisella tavalla. Lopulta p\u00e4\u00e4sin tekem\u00e4\u00e4nkin vain lyhyen piipahduksen Sand\u00f6seen tiistai-illasta keskiviikkoiltaan.<\/p>\n<div id=\"attachment_6277\" style=\"width: 490px\" class=\"wp-caption aligncenter\"><a href=\"https:\/\/blogi.ennola.fi\/wp-content\/uploads\/2021\/09\/Sando_Panorama11.jpg\" rel=\"lightbox[6271]\"><img loading=\"lazy\" decoding=\"async\" aria-describedby=\"caption-attachment-6277\" class=\"wp-image-6277 size-full\" title=\"Tall\u00f6ren ja kuutamo, Sand\u00f6.\" src=\"https:\/\/blogi.ennola.fi\/wp-content\/uploads\/2021\/09\/Sando_Panorama11-1.jpg\" alt=\"\" width=\"480\" height=\"102\" srcset=\"https:\/\/blogi.ennola.fi\/wp-content\/uploads\/2021\/09\/Sando_Panorama11-1.jpg 480w, https:\/\/blogi.ennola.fi\/wp-content\/uploads\/2021\/09\/Sando_Panorama11-1-150x32.jpg 150w\" sizes=\"(max-width: 480px) 100vw, 480px\" \/><\/a><p id=\"caption-attachment-6277\" class=\"wp-caption-text\">Tall\u00f6ren ja kuutamo, Sand\u00f6.<\/p><\/div>\n<p>Ilta oli jo pimentym\u00e4ss\u00e4, kun l\u00e4hdin liikkeelle kohti Sand\u00f6n saarta. Sen verta valoa kuitenkin oli, ett\u00e4 Sand\u00f6 erottui pimeydest\u00e4 koko matkan ajan. Oli upeaa meloa pimeydess\u00e4 kuunnellen haahkojen kev\u00e4tsoidinta. Kuinka olinkaan odottanut tuota \u00e4\u00e4nt\u00e4 ja kuinka olin pel\u00e4nnyt, etten olisi sit\u00e4 en\u00e4\u00e4 p\u00e4\u00e4ssyt kuulemaan.<\/p>\n<p>Matka oli lyhyt, alta tunnin, mutta l\u00e4hestyess\u00e4ni saarta oli jo pime\u00e4\u00e4. Vesi oli korkealla ja it\u00e4inen riutta pitk\u00e4lti veden alla. Koetin kiert\u00e4\u00e4 sen riitt\u00e4v\u00e4sti oikealta, mutta ajauduin pime\u00e4ss\u00e4 kuitenkin sen p\u00e4\u00e4lle. Tunsin melan osuvan kiville matalassa vedess\u00e4, jota h\u00e4din tuskin kajakillani pystyin kulkemaan.<\/p>\n<p>Leiripaikan rannassa n\u00e4kyi valoa: nuotiopaikalle olivat tehneet tulet, vaikka oli mets\u00e4palovaroitus ja mets\u00e4 hyvin kuivaa. Vaihdoin heid\u00e4n kanssaan muutaman sanan ja menin rippumattoineni sivummalle.<\/p>\n<div id=\"attachment_6281\" style=\"width: 460px\" class=\"wp-caption aligncenter\"><a href=\"https:\/\/blogi.ennola.fi\/wp-content\/uploads\/2021\/09\/IMG_4473b.jpg\" rel=\"lightbox[6271]\"><img loading=\"lazy\" decoding=\"async\" aria-describedby=\"caption-attachment-6281\" class=\"wp-image-6281 size-full\" title=\"V\u00e4st\u00e4r\u00e4kki.\" src=\"https:\/\/blogi.ennola.fi\/wp-content\/uploads\/2021\/09\/IMG_4473b-1.jpg\" alt=\"\" width=\"450\" height=\"281\" srcset=\"https:\/\/blogi.ennola.fi\/wp-content\/uploads\/2021\/09\/IMG_4473b-1.jpg 450w, https:\/\/blogi.ennola.fi\/wp-content\/uploads\/2021\/09\/IMG_4473b-1-150x94.jpg 150w\" sizes=\"(max-width: 450px) 100vw, 450px\" \/><\/a><p id=\"caption-attachment-6281\" class=\"wp-caption-text\">V\u00e4st\u00e4r\u00e4kki.<\/p><\/div>\n<p>Seuraavana p\u00e4iv\u00e4n\u00e4 katselin ja kuvasin lintuja saaren pohjoisrannalla. Laitoin r\u00f6llipuvunkin p\u00e4\u00e4lle, mutta vesilinnut olivat turhan kaukana kuvattavaksi. Jokunen v\u00e4st\u00e4r\u00e4kki py\u00f6ri siin\u00e4 rannassa etsien ruokaa. Siit\u00e4 sain rauhallisella hiippailulla jokusen kuvan. Lopulta l\u00e4hdin kiert\u00e4m\u00e4\u00e4n saaren rantoja pitkin ymp\u00e4ri.<\/p>\n<p>Lintuhavaintoja kertyi kohtuullisesti: nauru-, kala-, harmaa- ja merilokkeja, telkki\u00e4, isokoskeloita, haahkoja, sinisorsia ja haapanoita, meriharakoita, tyllej\u00e4, kuoveja (tai pikkukuoveja) ja punajalkavikloja, v\u00e4st\u00e4r\u00e4kkej\u00e4, korppeja, variksia, peippoja ja laulurastaita, sepelkyyhkyj\u00e4 sek\u00e4 yksi merikotka.<\/p>\n<div id=\"attachment_6280\" style=\"width: 490px\" class=\"wp-caption aligncenter\"><a href=\"https:\/\/blogi.ennola.fi\/wp-content\/uploads\/2021\/09\/Sando_Panorama12.jpg\" rel=\"lightbox[6271]\"><img loading=\"lazy\" decoding=\"async\" aria-describedby=\"caption-attachment-6280\" class=\"wp-image-6280 size-full\" title=\"Sand\u00f6n it\u00e4riutta, Sand\u00f6 \u00e5sen.\" src=\"https:\/\/blogi.ennola.fi\/wp-content\/uploads\/2021\/09\/Sando_Panorama12-1.jpg\" alt=\"\" width=\"480\" height=\"117\" srcset=\"https:\/\/blogi.ennola.fi\/wp-content\/uploads\/2021\/09\/Sando_Panorama12-1.jpg 480w, https:\/\/blogi.ennola.fi\/wp-content\/uploads\/2021\/09\/Sando_Panorama12-1-150x37.jpg 150w\" sizes=\"(max-width: 480px) 100vw, 480px\" \/><\/a><p id=\"caption-attachment-6280\" class=\"wp-caption-text\">Sand\u00f6n it\u00e4riutta, Sand\u00f6 \u00e5sen.<\/p><\/div>\n<p>&nbsp;<\/p>\n<div id=\"attachment_6278\" style=\"width: 490px\" class=\"wp-caption aligncenter\"><a href=\"https:\/\/blogi.ennola.fi\/wp-content\/uploads\/2021\/09\/Sando_Panorama13.jpg\" rel=\"lightbox[6271]\"><img loading=\"lazy\" decoding=\"async\" aria-describedby=\"caption-attachment-6278\" class=\"wp-image-6278 size-full\" title=\"Tall\u00f6ren, Sand\u00f6.\" src=\"https:\/\/blogi.ennola.fi\/wp-content\/uploads\/2021\/09\/Sando_Panorama13-1.jpg\" alt=\"\" width=\"480\" height=\"105\" srcset=\"https:\/\/blogi.ennola.fi\/wp-content\/uploads\/2021\/09\/Sando_Panorama13-1.jpg 480w, https:\/\/blogi.ennola.fi\/wp-content\/uploads\/2021\/09\/Sando_Panorama13-1-150x33.jpg 150w\" sizes=\"(max-width: 480px) 100vw, 480px\" \/><\/a><p id=\"caption-attachment-6278\" class=\"wp-caption-text\">Tall\u00f6ren, Sand\u00f6.<\/p><\/div>\n<p>Illan suussa pakkasin kajakkini ja tein viel\u00e4 lyhyen kierroksen l\u00e4hisaarten ymp\u00e4ri ennen paluutani l\u00e4ht\u00f6pisteeseen. S\u00e4\u00e4 tyyntyi kauniin rasvatyyneksi ja otin kauniin kuvan ennen paluutani autolle.<\/p>\n<div id=\"attachment_6279\" style=\"width: 460px\" class=\"wp-caption aligncenter\"><a href=\"https:\/\/blogi.ennola.fi\/wp-content\/uploads\/2021\/09\/DSCI0097.jpg\" rel=\"lightbox[6271]\"><img loading=\"lazy\" decoding=\"async\" aria-describedby=\"caption-attachment-6279\" class=\"wp-image-6279 size-full\" title=\"Tyyni meri.\" src=\"https:\/\/blogi.ennola.fi\/wp-content\/uploads\/2021\/09\/DSCI0097-1.jpg\" alt=\"\" width=\"450\" height=\"295\" srcset=\"https:\/\/blogi.ennola.fi\/wp-content\/uploads\/2021\/09\/DSCI0097-1.jpg 450w, https:\/\/blogi.ennola.fi\/wp-content\/uploads\/2021\/09\/DSCI0097-1-150x98.jpg 150w\" sizes=\"(max-width: 450px) 100vw, 450px\" \/><\/a><p id=\"caption-attachment-6279\" class=\"wp-caption-text\">Tyyni meri.<\/p><\/div>\n","protected":false},"excerpt":{"rendered":"<p>Huhtikuussa piti olla aikaa pidemp\u00e4\u00e4nkin varhaiskev\u00e4iseen melontaretkeen. Sitten sy\u00f6p\u00e4hoidossa ilmeni komplikaatioita eik\u00e4 kaikki mennytk\u00e4\u00e4n ihan parhaalla mahdollisella tavalla. Lopulta p\u00e4\u00e4sin tekem\u00e4\u00e4nkin vain lyhyen piipahduksen Sand\u00f6seen tiistai-illasta keskiviikkoiltaan. Ilta&#8230;<\/p>\n","protected":false},"author":1,"featured_media":6282,"comment_status":"open","ping_status":"open","sticky":false,"template":"","format":"standard","meta":{"footnotes":""},"categories":[4,8],"tags":[],"_links":{"self":[{"href":"https:\/\/blogi.ennola.fi\/index.php?rest_route=\/wp\/v2\/posts\/6271"}],"collection":[{"href":"https:\/\/blogi.ennola.fi\/index.php?rest_route=\/wp\/v2\/posts"}],"about":[{"href":"https:\/\/blogi.ennola.fi\/index.php?rest_route=\/wp\/v2\/types\/post"}],"author":[{"embeddable":true,"href":"https:\/\/blogi.ennola.fi\/index.php?rest_route=\/wp\/v2\/users\/1"}],"replies":[{"embeddable":true,"href":"https:\/\/blogi.ennola.fi\/index.php?rest_route=%2Fwp%2Fv2%2Fcomments&post=6271"}],"version-history":[{"count":4,"href":"https:\/\/blogi.ennola.fi\/index.php?rest_route=\/wp\/v2\/posts\/6271\/revisions"}],"predecessor-version":[{"id":6931,"href":"https:\/\/blogi.ennola.fi\/index.php?rest_route=\/wp\/v2\/posts\/6271\/revisions\/6931"}],"wp:featuredmedia":[{"embeddable":true,"href":"https:\/\/blogi.ennola.fi\/index.php?rest_route=\/wp\/v2\/media\/6282"}],"wp:attachment":[{"href":"https:\/\/blogi.ennola.fi\/index.php?rest_route=%2Fwp%2Fv2%2Fmedia&parent=6271"}],"wp:term":[{"taxonomy":"category","embeddable":true,"href":"https:\/\/blogi.ennola.fi\/index.php?rest_route=%2Fwp%2Fv2%2Fcategories&post=6271"},{"taxonomy":"post_tag","embeddable":true,"href":"https:\/\/blogi.ennola.fi\/index.php?rest_route=%2Fwp%2Fv2%2Ftags&post=6271"}],"curies":[{"name":"wp","href":"https:\/\/api.w.org\/{rel}","templated":true}]}}