{"id":6285,"date":"2021-05-10T20:16:59","date_gmt":"2021-05-10T17:16:59","guid":{"rendered":"https:\/\/blogi.ennola.fi\/?p=6285"},"modified":"2021-11-28T20:30:39","modified_gmt":"2021-11-28T18:30:39","slug":"evasretki-seilin-saaristoon","status":"publish","type":"post","link":"https:\/\/blogi.ennola.fi\/?p=6285","title":{"rendered":"Ev\u00e4sretki Seilin saaristoon"},"content":{"rendered":"<p>Erin\u00e4isten hankaluuksien j\u00e4lkeen vihdoin p\u00e4\u00e4sin kauden ensimm\u00e4iselle pitk\u00e4hk\u00f6lle p\u00e4iv\u00e4melonnalle. L\u00e4hdin liikkeelle tutulta Airistohotellilta. Kiersin Seilin sek\u00e4 Haver\u00f6n saaret ja tutkailin Seilin ymp\u00e4rist\u00f6n kauniita saaria. Airisto n\u00e4ytti parhaita puoliaan. Kev\u00e4taurinko paistoi l\u00e4mpim\u00e4sti pilvett\u00f6m\u00e4lt\u00e4 taivaalta. Alkuun oli l\u00e4hes tyynt\u00e4, vain hyvin heikkoa vastatuulta. Paluumatkalla olikin jo kohtuullinen my\u00f6t\u00e4tuuli.<\/p>\n<div id=\"attachment_6292\" style=\"width: 460px\" class=\"wp-caption aligncenter\"><a href=\"https:\/\/blogi.ennola.fi\/wp-content\/uploads\/2021\/10\/DSCI0115.jpg\" rel=\"lightbox[6285]\"><img loading=\"lazy\" decoding=\"async\" aria-describedby=\"caption-attachment-6292\" class=\"wp-image-6292 size-full\" title=\"Pilvi ja tyyni Airisto.\" src=\"https:\/\/blogi.ennola.fi\/wp-content\/uploads\/2021\/10\/DSCI0115-1.jpg\" alt=\"\" width=\"450\" height=\"299\" srcset=\"https:\/\/blogi.ennola.fi\/wp-content\/uploads\/2021\/10\/DSCI0115-1.jpg 450w, https:\/\/blogi.ennola.fi\/wp-content\/uploads\/2021\/10\/DSCI0115-1-150x100.jpg 150w\" sizes=\"(max-width: 450px) 100vw, 450px\" \/><\/a><p id=\"caption-attachment-6292\" class=\"wp-caption-text\">Pilvi ja tyyni Airisto.<\/p><\/div>\n<div id=\"attachment_6297\" style=\"width: 460px\" class=\"wp-caption aligncenter\"><a href=\"https:\/\/blogi.ennola.fi\/wp-content\/uploads\/2021\/10\/DSCI0114.jpg\" rel=\"lightbox[6285]\"><img loading=\"lazy\" decoding=\"async\" aria-describedby=\"caption-attachment-6297\" class=\"wp-image-6297 size-full\" title=\"Kajakki, Matinkari ja Airisto.\" src=\"https:\/\/blogi.ennola.fi\/wp-content\/uploads\/2021\/10\/DSCI0114-1.jpg\" alt=\"\" width=\"450\" height=\"297\" srcset=\"https:\/\/blogi.ennola.fi\/wp-content\/uploads\/2021\/10\/DSCI0114-1.jpg 450w, https:\/\/blogi.ennola.fi\/wp-content\/uploads\/2021\/10\/DSCI0114-1-150x99.jpg 150w\" sizes=\"(max-width: 450px) 100vw, 450px\" \/><\/a><p id=\"caption-attachment-6297\" class=\"wp-caption-text\">Kajakki, Matinkari ja Airisto.<\/p><\/div>\n<p>Menomatkan meloin M\u00e5sgrundetin ja Matinkarin kautta, joita tyydyin ihastelemaan kajakistani, jotten olisi h\u00e4irinnyt pesivi\u00e4 lintuja. Matinkarilta k\u00e4vimme aikanaan yliopiston vesibiologian kentt\u00e4kurssilla ker\u00e4\u00e4m\u00e4ss\u00e4 Daphnia magna -vesikirppuja. Ev\u00e4stauon pidin J\u00e4\u00e4m\u00e4luodolla, jolla tein my\u00f6s lyhyen kierroksen ymp\u00e4ri saarta. Komeat rantakalliot innostivat minut lyhyisiin valokuvaustauokoihin P\u00e4iv\u00e4luodolla ja Stora Tr\u00e4skholmilla. Paluumatkalla pidin viel\u00e4 lyhyen ev\u00e4stauon Bj\u00f6rkholmenissa.<\/p>\n<div id=\"attachment_6296\" style=\"width: 490px\" class=\"wp-caption aligncenter\"><a href=\"https:\/\/blogi.ennola.fi\/wp-content\/uploads\/2021\/10\/Airisto_Panorama13.jpg\" rel=\"lightbox[6285]\"><img loading=\"lazy\" decoding=\"async\" aria-describedby=\"caption-attachment-6296\" class=\"wp-image-6296 size-full\" title=\"J\u00e4\u00e4m\u00e4luoto.\" src=\"https:\/\/blogi.ennola.fi\/wp-content\/uploads\/2021\/10\/Airisto_Panorama13-1.jpg\" alt=\"\" width=\"480\" height=\"117\" srcset=\"https:\/\/blogi.ennola.fi\/wp-content\/uploads\/2021\/10\/Airisto_Panorama13-1.jpg 480w, https:\/\/blogi.ennola.fi\/wp-content\/uploads\/2021\/10\/Airisto_Panorama13-1-150x37.jpg 150w\" sizes=\"(max-width: 480px) 100vw, 480px\" \/><\/a><p id=\"caption-attachment-6296\" class=\"wp-caption-text\">J\u00e4\u00e4m\u00e4luoto.<\/p><\/div>\n<div id=\"attachment_6295\" style=\"width: 490px\" class=\"wp-caption aligncenter\"><a href=\"https:\/\/blogi.ennola.fi\/wp-content\/uploads\/2021\/10\/Airisto_Panorama12.jpg\" rel=\"lightbox[6285]\"><img loading=\"lazy\" decoding=\"async\" aria-describedby=\"caption-attachment-6295\" class=\"wp-image-6295 size-full\" title=\"P\u00e4iv\u00e4luoto.\" src=\"https:\/\/blogi.ennola.fi\/wp-content\/uploads\/2021\/10\/Airisto_Panorama12-1.jpg\" alt=\"\" width=\"480\" height=\"162\" srcset=\"https:\/\/blogi.ennola.fi\/wp-content\/uploads\/2021\/10\/Airisto_Panorama12-1.jpg 480w, https:\/\/blogi.ennola.fi\/wp-content\/uploads\/2021\/10\/Airisto_Panorama12-1-150x51.jpg 150w\" sizes=\"(max-width: 480px) 100vw, 480px\" \/><\/a><p id=\"caption-attachment-6295\" class=\"wp-caption-text\">P\u00e4iv\u00e4luoto.<\/p><\/div>\n<div id=\"attachment_6294\" style=\"width: 490px\" class=\"wp-caption aligncenter\"><a href=\"https:\/\/blogi.ennola.fi\/wp-content\/uploads\/2021\/10\/Airisto_Panorama11.jpg\" rel=\"lightbox[6285]\"><img loading=\"lazy\" decoding=\"async\" aria-describedby=\"caption-attachment-6294\" class=\"wp-image-6294 size-full\" title=\"Stora Tr\u00e4skholm.\" src=\"https:\/\/blogi.ennola.fi\/wp-content\/uploads\/2021\/10\/Airisto_Panorama11-1.jpg\" alt=\"\" width=\"480\" height=\"164\" srcset=\"https:\/\/blogi.ennola.fi\/wp-content\/uploads\/2021\/10\/Airisto_Panorama11-1.jpg 480w, https:\/\/blogi.ennola.fi\/wp-content\/uploads\/2021\/10\/Airisto_Panorama11-1-150x51.jpg 150w\" sizes=\"(max-width: 480px) 100vw, 480px\" \/><\/a><p id=\"caption-attachment-6294\" class=\"wp-caption-text\">Stora Tr\u00e4skholm.<\/p><\/div>\n<p>Melontakilometrej\u00e4 kertyi ihan kohtuulliset 26, mik\u00e4 on ihan hyvin solusalpaajahoitojen heikent\u00e4m\u00e4ll\u00e4 kropalla. Alkuun melonta tuntui kev\u00e4isen kankealta, mutta aikani melottua selk\u00e4 vetreytyi. Lopun my\u00f6t\u00e4tuulessa vauhtikin alkoi l\u00f6yty\u00e4 ja tekniikka tuntui luonnollisen hyv\u00e4lt\u00e4. Liikkeell\u00e4 olin kahdeksan tuntia, josta ainakin kolme kului ev\u00e4s- ja kuvaustauoilla.<\/p>\n<div id=\"attachment_6293\" style=\"width: 460px\" class=\"wp-caption aligncenter\"><a href=\"https:\/\/blogi.ennola.fi\/wp-content\/uploads\/2021\/10\/DSCI0125.jpg\" rel=\"lightbox[6285]\"><img loading=\"lazy\" decoding=\"async\" aria-describedby=\"caption-attachment-6293\" class=\"wp-image-6293 size-full\" title=\"Kolkka.\" src=\"https:\/\/blogi.ennola.fi\/wp-content\/uploads\/2021\/10\/DSCI0125-1.jpg\" alt=\"\" width=\"450\" height=\"300\" srcset=\"https:\/\/blogi.ennola.fi\/wp-content\/uploads\/2021\/10\/DSCI0125-1.jpg 450w, https:\/\/blogi.ennola.fi\/wp-content\/uploads\/2021\/10\/DSCI0125-1-150x100.jpg 150w\" sizes=\"(max-width: 450px) 100vw, 450px\" \/><\/a><p id=\"caption-attachment-6293\" class=\"wp-caption-text\">Kolkka.<\/p><\/div>\n<p><em>\u2019Auo auuo\u2019<\/em> \u2014 viel\u00e4 sain kuulla haahkojen kev\u00e4tsoidinta. Suurimmaksi osaksi parit olivat jo selv\u00e4sti muodostuneet ja suurin osa naarashaahkoista oleili parinsa kanssa. Sukupuolten v\u00e4linen runsausero ei ollut niin silmiinpist\u00e4v\u00e4 kuin huhtikuun lopulla. Muita lintuhavaintoja olivat harmaa-, kala- ja merilokit, kalatiirat, telk\u00e4t, isokoskelot, merihanhet, rantasipi ja tietysti merikotka, jonka vanhan asumattomalta n\u00e4ytt\u00e4v\u00e4n pes\u00e4nkin l\u00f6ysin. Alleja ja hylkeit\u00e4 olisin toivonut n\u00e4kev\u00e4ni, mutta ei niit\u00e4 osunut silmiini.<\/p>\n","protected":false},"excerpt":{"rendered":"<p>Erin\u00e4isten hankaluuksien j\u00e4lkeen vihdoin p\u00e4\u00e4sin kauden ensimm\u00e4iselle pitk\u00e4hk\u00f6lle p\u00e4iv\u00e4melonnalle. L\u00e4hdin liikkeelle tutulta Airistohotellilta. Kiersin Seilin sek\u00e4 Haver\u00f6n saaret ja tutkailin Seilin ymp\u00e4rist\u00f6n kauniita saaria. Airisto n\u00e4ytti parhaita puoliaan&#8230;.<\/p>\n","protected":false},"author":1,"featured_media":6298,"comment_status":"open","ping_status":"open","sticky":false,"template":"","format":"standard","meta":{"footnotes":""},"categories":[4,8],"tags":[],"_links":{"self":[{"href":"https:\/\/blogi.ennola.fi\/index.php?rest_route=\/wp\/v2\/posts\/6285"}],"collection":[{"href":"https:\/\/blogi.ennola.fi\/index.php?rest_route=\/wp\/v2\/posts"}],"about":[{"href":"https:\/\/blogi.ennola.fi\/index.php?rest_route=\/wp\/v2\/types\/post"}],"author":[{"embeddable":true,"href":"https:\/\/blogi.ennola.fi\/index.php?rest_route=\/wp\/v2\/users\/1"}],"replies":[{"embeddable":true,"href":"https:\/\/blogi.ennola.fi\/index.php?rest_route=%2Fwp%2Fv2%2Fcomments&post=6285"}],"version-history":[{"count":6,"href":"https:\/\/blogi.ennola.fi\/index.php?rest_route=\/wp\/v2\/posts\/6285\/revisions"}],"predecessor-version":[{"id":6649,"href":"https:\/\/blogi.ennola.fi\/index.php?rest_route=\/wp\/v2\/posts\/6285\/revisions\/6649"}],"wp:featuredmedia":[{"embeddable":true,"href":"https:\/\/blogi.ennola.fi\/index.php?rest_route=\/wp\/v2\/media\/6298"}],"wp:attachment":[{"href":"https:\/\/blogi.ennola.fi\/index.php?rest_route=%2Fwp%2Fv2%2Fmedia&parent=6285"}],"wp:term":[{"taxonomy":"category","embeddable":true,"href":"https:\/\/blogi.ennola.fi\/index.php?rest_route=%2Fwp%2Fv2%2Fcategories&post=6285"},{"taxonomy":"post_tag","embeddable":true,"href":"https:\/\/blogi.ennola.fi\/index.php?rest_route=%2Fwp%2Fv2%2Ftags&post=6285"}],"curies":[{"name":"wp","href":"https:\/\/api.w.org\/{rel}","templated":true}]}}