{"id":6302,"date":"2021-05-25T18:59:57","date_gmt":"2021-05-25T15:59:57","guid":{"rendered":"https:\/\/blogi.ennola.fi\/?p=6302"},"modified":"2022-01-15T20:08:42","modified_gmt":"2022-01-15T18:08:42","slug":"lintuja-sumua-ja-ahvenanmaan-kevatta","status":"publish","type":"post","link":"https:\/\/blogi.ennola.fi\/?p=6302","title":{"rendered":"Lintuja, sumua ja Ahvenanmaan kev\u00e4tt\u00e4"},"content":{"rendered":"<p>Helatorstain viikonloppu tarjosi mahdollisuuden viiden p\u00e4iv\u00e4n melontaretkelle. Ilmatieteen laitos lupaili kaunista, v\u00e4h\u00e4tuulista ja l\u00e4mmint\u00e4 keli\u00e4, joten p\u00e4\u00e4tin l\u00e4hte\u00e4 Kustavin Pleikil\u00e4st\u00e4 Kihdin toiselle puolelle Ahvenanmaan koilliseen ulkosaaristoon. Keskiviikkona minulla oli p\u00e4iv\u00e4ll\u00e4 viel\u00e4 t\u00f6it\u00e4, joten l\u00e4ht\u00f6 p\u00e4\u00e4si hieman venym\u00e4\u00e4n ja kajakki oli l\u00e4ht\u00f6valmiina Kustavissa vasta varsin my\u00f6h\u00e4\u00e4n. Ensimm\u00e4isen\u00e4 iltana en siis melonut pitk\u00e4\u00e4n.<\/p>\n<p>Alun perin suunnittelin melovani Kihdin reunaan Sanskeriin y\u00f6ksi, mik\u00e4 on er\u00e4s Lanskerin luonnonsuojelualueen ulkopuolisista m\u00f6kitt\u00f6mist\u00e4 saarista. Koko p\u00e4iv\u00e4n oli tuullut navakasti etel\u00e4st\u00e4 ja vaikka tuuli olikin nyt tyyntynyt illaksi, teki se Kihdin suunnalta kohtuullisia aaltoja. P\u00e4iv\u00e4 oli my\u00f6s ehtinyt muuttua y\u00f6ksi, olin jo kolistellut pime\u00e4ss\u00e4 kiville ja pienille luodoille eik\u00e4 pime\u00e4 aallokko tuntunut houkuttelevalta, joten k\u00e4\u00e4nnyin reitilt\u00e4ni suunniteltua aikaisemmin L\u00f6\u00f6kooran saarelle y\u00f6t\u00e4.<\/p>\n<div id=\"attachment_6368\" style=\"width: 490px\" class=\"wp-caption aligncenter\"><a href=\"https:\/\/blogi.ennola.fi\/wp-content\/uploads\/2021\/05\/AhvenanmaaKartta.jpg\" rel=\"lightbox[6302]\"><img loading=\"lazy\" decoding=\"async\" aria-describedby=\"caption-attachment-6368\" class=\"wp-image-6368 size-full\" title=\"Reitti.\" src=\"https:\/\/blogi.ennola.fi\/wp-content\/uploads\/2021\/05\/AhvenanmaaKartta-1.jpg\" alt=\"\" width=\"480\" height=\"233\" srcset=\"https:\/\/blogi.ennola.fi\/wp-content\/uploads\/2021\/05\/AhvenanmaaKartta-1.jpg 480w, https:\/\/blogi.ennola.fi\/wp-content\/uploads\/2021\/05\/AhvenanmaaKartta-1-150x73.jpg 150w\" sizes=\"(max-width: 480px) 100vw, 480px\" \/><\/a><p id=\"caption-attachment-6368\" class=\"wp-caption-text\">Reitti.<\/p><\/div>\n<p>Jo kaukaa hahmotin saaren rannassa jotain poikkeavaa, veneit\u00e4? L\u00e4hestytty\u00e4ni niit\u00e4 tarpeeksi hahmotin ne kahdeksi kajakiksi. Viel\u00e4 l\u00e4hemp\u00e4\u00e4 tunnistin ne tutuiksi itsetehdyiksi kajakeiksi. Matti ja Reijakin olivat siis saaressa y\u00f6t\u00e4. Koska ilta oli jo my\u00f6h\u00e4, koetin rantautua mahdollisimman hiljaa, etten her\u00e4tt\u00e4isi muita retkeilij\u00f6it\u00e4. Reija kuitenkin oli kuullut kolinan ja nousi tervehtim\u00e4\u00e4n.<\/p>\n<p>Ilta vaikutti kauniilta ja minua ei huvittanut ryhty\u00e4 teltanpystytykseen pime\u00e4ss\u00e4, joten j\u00e4in y\u00f6t\u00e4 pelk\u00e4ss\u00e4 makuupussissani rantakalliolle. Iso alliparvi y\u00f6pyi saaren pohjoispuolella ja valvotti minua \u00e4\u00e4nill\u00e4\u00e4n, mutta allit ovat niin upeita lintuja, ett\u00e4 mieluusti sen suon heille. Allien kanssa samoilla alueilla y\u00f6pyiv\u00e4t my\u00f6s haahkat. Aamulla k\u00e4ytinkin jonkin verran aikaa lintujen valokuvaamiseen aamiaisen lomassa.<\/p>\n<div id=\"attachment_6339\" style=\"width: 460px\" class=\"wp-caption aligncenter\"><a href=\"https:\/\/blogi.ennola.fi\/wp-content\/uploads\/2021\/10\/IMG_4641.jpg\" rel=\"lightbox[6302]\"><img loading=\"lazy\" decoding=\"async\" aria-describedby=\"caption-attachment-6339\" class=\"wp-image-6339 size-full\" title=\"Kyhmyjoutsen.\" src=\"https:\/\/blogi.ennola.fi\/wp-content\/uploads\/2021\/10\/IMG_4641-1.jpg\" alt=\"\" width=\"450\" height=\"260\" srcset=\"https:\/\/blogi.ennola.fi\/wp-content\/uploads\/2021\/10\/IMG_4641-1.jpg 450w, https:\/\/blogi.ennola.fi\/wp-content\/uploads\/2021\/10\/IMG_4641-1-150x87.jpg 150w\" sizes=\"(max-width: 450px) 100vw, 450px\" \/><\/a><p id=\"caption-attachment-6339\" class=\"wp-caption-text\">Kyhmyjoutsen.<\/p><\/div>\n<div id=\"attachment_6340\" style=\"width: 460px\" class=\"wp-caption aligncenter\"><a href=\"https:\/\/blogi.ennola.fi\/wp-content\/uploads\/2021\/10\/IMG_4628.jpg\" rel=\"lightbox[6302]\"><img loading=\"lazy\" decoding=\"async\" aria-describedby=\"caption-attachment-6340\" class=\"wp-image-6340 size-full\" title=\"Lapintiira.\" src=\"https:\/\/blogi.ennola.fi\/wp-content\/uploads\/2021\/10\/IMG_4628-1.jpg\" alt=\"\" width=\"450\" height=\"294\" srcset=\"https:\/\/blogi.ennola.fi\/wp-content\/uploads\/2021\/10\/IMG_4628-1.jpg 450w, https:\/\/blogi.ennola.fi\/wp-content\/uploads\/2021\/10\/IMG_4628-1-150x98.jpg 150w\" sizes=\"(max-width: 450px) 100vw, 450px\" \/><\/a><p id=\"caption-attachment-6340\" class=\"wp-caption-text\">Lapintiira.<\/p><\/div>\n<div id=\"attachment_6341\" style=\"width: 460px\" class=\"wp-caption aligncenter\"><a href=\"https:\/\/blogi.ennola.fi\/wp-content\/uploads\/2021\/10\/IMG_4667.jpg\" rel=\"lightbox[6302]\"><img loading=\"lazy\" decoding=\"async\" aria-describedby=\"caption-attachment-6341\" class=\"wp-image-6341 size-full\" title=\"Haahkoja.\" src=\"https:\/\/blogi.ennola.fi\/wp-content\/uploads\/2021\/10\/IMG_4667-1.jpg\" alt=\"\" width=\"450\" height=\"296\" srcset=\"https:\/\/blogi.ennola.fi\/wp-content\/uploads\/2021\/10\/IMG_4667-1.jpg 450w, https:\/\/blogi.ennola.fi\/wp-content\/uploads\/2021\/10\/IMG_4667-1-150x99.jpg 150w\" sizes=\"(max-width: 450px) 100vw, 450px\" \/><\/a><p id=\"caption-attachment-6341\" class=\"wp-caption-text\">Haahkoja.<\/p><\/div>\n<p>Suunnitelmani seuraavana p\u00e4iv\u00e4n\u00e4 oli samat kuin Matilla ja Reijalla, tai oikeastaan suunnitelmani olivat niin v\u00e4lj\u00e4t, ett\u00e4 liityin mieluusti heid\u00e4n seuraansa kohti Ahvenanmaata. S\u00e4\u00e4 oli y\u00f6ll\u00e4 tyyntynyt t\u00e4ysin ja p\u00e4\u00e4simme helposti Kihdin ylitse Ahvenanmaan puolella. Alue oli Matille ja Reijalle minua tututumpaa, joten he esitteliv\u00e4t minulle tiet\u00e4mi\u00e4\u00e4n hienoja kohteita. Norr\u00f6n kaakkoispuolella he ohjasivat minut hienoon suojaisaan \u2019sis\u00e4veteen\u2019, jonka l\u00e4pi p\u00e4\u00e4si melomaan ja jonka l\u00e4pi muinainen kauppatiekin oli kulkenut.<\/p>\n<div id=\"attachment_6333\" style=\"width: 460px\" class=\"wp-caption aligncenter\"><a href=\"https:\/\/blogi.ennola.fi\/wp-content\/uploads\/2021\/10\/DSCI0237.jpg\" rel=\"lightbox[6302]\"><img loading=\"lazy\" decoding=\"async\" aria-describedby=\"caption-attachment-6333\" class=\"wp-image-6333 size-full\" title=\"Kihdin ylitys.\" src=\"https:\/\/blogi.ennola.fi\/wp-content\/uploads\/2021\/10\/DSCI0237-1.jpg\" alt=\"\" width=\"450\" height=\"298\" srcset=\"https:\/\/blogi.ennola.fi\/wp-content\/uploads\/2021\/10\/DSCI0237-1.jpg 450w, https:\/\/blogi.ennola.fi\/wp-content\/uploads\/2021\/10\/DSCI0237-1-150x99.jpg 150w\" sizes=\"(max-width: 450px) 100vw, 450px\" \/><\/a><p id=\"caption-attachment-6333\" class=\"wp-caption-text\">Kihdin ylitys.<\/p><\/div>\n<p>Lounastauolle pys\u00e4hdyimme N\u00f6lestholmin pohjoisk\u00e4rkeen. Ruokatauolla kyhmyjoutsen tuli uteliaana tutkailemaan meit\u00e4 l\u00e4hiet\u00e4isyydelt\u00e4 ja sainkin siit\u00e4 muutaman hyv\u00e4n kuvan, kunnes se siirtyi kauemmas.<\/p>\n<div id=\"attachment_6353\" style=\"width: 490px\" class=\"wp-caption aligncenter\"><a href=\"https:\/\/blogi.ennola.fi\/wp-content\/uploads\/2021\/10\/Ahvenanmaa_Panorama26.jpg\" rel=\"lightbox[6302]\"><img loading=\"lazy\" decoding=\"async\" aria-describedby=\"caption-attachment-6353\" class=\"wp-image-6353 size-full\" title=\"N\u00f6lestholm.\" src=\"https:\/\/blogi.ennola.fi\/wp-content\/uploads\/2021\/10\/Ahvenanmaa_Panorama26-1.jpg\" alt=\"\" width=\"480\" height=\"112\" srcset=\"https:\/\/blogi.ennola.fi\/wp-content\/uploads\/2021\/10\/Ahvenanmaa_Panorama26-1.jpg 480w, https:\/\/blogi.ennola.fi\/wp-content\/uploads\/2021\/10\/Ahvenanmaa_Panorama26-1-150x35.jpg 150w\" sizes=\"(max-width: 480px) 100vw, 480px\" \/><\/a><p id=\"caption-attachment-6353\" class=\"wp-caption-text\">N\u00f6lestholm.<\/p><\/div>\n<div id=\"attachment_6343\" style=\"width: 460px\" class=\"wp-caption aligncenter\"><a href=\"https:\/\/blogi.ennola.fi\/wp-content\/uploads\/2021\/10\/IMG_4739.jpg\" rel=\"lightbox[6302]\"><img loading=\"lazy\" decoding=\"async\" aria-describedby=\"caption-attachment-6343\" class=\"wp-image-6343 size-full\" title=\"Kyhmyjoutsen.\" src=\"https:\/\/blogi.ennola.fi\/wp-content\/uploads\/2021\/10\/IMG_4739-1.jpg\" alt=\"\" width=\"450\" height=\"327\" srcset=\"https:\/\/blogi.ennola.fi\/wp-content\/uploads\/2021\/10\/IMG_4739-1.jpg 450w, https:\/\/blogi.ennola.fi\/wp-content\/uploads\/2021\/10\/IMG_4739-1-150x109.jpg 150w\" sizes=\"(max-width: 450px) 100vw, 450px\" \/><\/a><p id=\"caption-attachment-6343\" class=\"wp-caption-text\">Kyhmyjoutsen.<\/p><\/div>\n<div id=\"attachment_6342\" style=\"width: 460px\" class=\"wp-caption aligncenter\"><a href=\"https:\/\/blogi.ennola.fi\/wp-content\/uploads\/2021\/10\/IMG_4752.jpg\" rel=\"lightbox[6302]\"><img loading=\"lazy\" decoding=\"async\" aria-describedby=\"caption-attachment-6342\" class=\"wp-image-6342 size-full\" title=\"Kyhmyjoutsen.\" src=\"https:\/\/blogi.ennola.fi\/wp-content\/uploads\/2021\/10\/IMG_4752-1.jpg\" alt=\"\" width=\"450\" height=\"300\" srcset=\"https:\/\/blogi.ennola.fi\/wp-content\/uploads\/2021\/10\/IMG_4752-1.jpg 450w, https:\/\/blogi.ennola.fi\/wp-content\/uploads\/2021\/10\/IMG_4752-1-150x100.jpg 150w\" sizes=\"(max-width: 450px) 100vw, 450px\" \/><\/a><p id=\"caption-attachment-6342\" class=\"wp-caption-text\">Kyhmyjoutsen.<\/p><\/div>\n<p>Illaksi meloimme Hullbergan saariryhm\u00e4n suurimman saaren, Storlandetin pohjoisrannalla olevalle melojien suosimalle leiripaikalle. Siell\u00e4 Matti esitteli minulle Storbergetin kupeessa olevan luolan, mit\u00e4 tuskin olisinkaan l\u00f6yt\u00e4nyt isojen kivien lomasta ilman opasta. Paksut pilvet enteiliv\u00e4t sadekuuroja, mutta t\u00e4ll\u00e4 kertaa ne kiersiv\u00e4t meid\u00e4t, mutta loivat upean auringonlaskun.<\/p>\n<div id=\"attachment_6354\" style=\"width: 490px\" class=\"wp-caption aligncenter\"><a href=\"https:\/\/blogi.ennola.fi\/wp-content\/uploads\/2021\/10\/Ahvenanmaa_Panorama25.jpg\" rel=\"lightbox[6302]\"><img loading=\"lazy\" decoding=\"async\" aria-describedby=\"caption-attachment-6354\" class=\"wp-image-6354 size-full\" title=\"Storlandet, Hullberga.\" src=\"https:\/\/blogi.ennola.fi\/wp-content\/uploads\/2021\/10\/Ahvenanmaa_Panorama25-1.jpg\" alt=\"\" width=\"480\" height=\"100\" srcset=\"https:\/\/blogi.ennola.fi\/wp-content\/uploads\/2021\/10\/Ahvenanmaa_Panorama25-1.jpg 480w, https:\/\/blogi.ennola.fi\/wp-content\/uploads\/2021\/10\/Ahvenanmaa_Panorama25-1-150x31.jpg 150w\" sizes=\"(max-width: 480px) 100vw, 480px\" \/><\/a><p id=\"caption-attachment-6354\" class=\"wp-caption-text\">Storlandet, Hullberga.<\/p><\/div>\n<div id=\"attachment_7097\" style=\"width: 490px\" class=\"wp-caption aligncenter\"><a href=\"https:\/\/blogi.ennola.fi\/wp-content\/uploads\/2021\/05\/Ahvenanmaa_Panorama28.jpg\" rel=\"lightbox[6302]\"><img loading=\"lazy\" decoding=\"async\" aria-describedby=\"caption-attachment-7097\" class=\"wp-image-7097 size-full\" title=\"Storlandet, Hullberga.\" src=\"https:\/\/blogi.ennola.fi\/wp-content\/uploads\/2021\/05\/Ahvenanmaa_Panorama28-1.jpg\" alt=\"\" width=\"480\" height=\"111\" srcset=\"https:\/\/blogi.ennola.fi\/wp-content\/uploads\/2021\/05\/Ahvenanmaa_Panorama28-1.jpg 480w, https:\/\/blogi.ennola.fi\/wp-content\/uploads\/2021\/05\/Ahvenanmaa_Panorama28-1-150x35.jpg 150w\" sizes=\"(max-width: 480px) 100vw, 480px\" \/><\/a><p id=\"caption-attachment-7097\" class=\"wp-caption-text\">Storlandet, Hullberga.<\/p><\/div>\n<p>Perjantaina oli t\u00e4ydellisen tyyni keli, jonka p\u00e4\u00e4tin hy\u00f6dynt\u00e4\u00e4 pohjoiseen aukeavan ulkosaariston tutkimiseen. Matti ja Reija tulivat samaa matkaa Sm\u00e5sk\u00e4riin, mutta siit\u00e4 tiemme erkanivat, heid\u00e4n l\u00e4htiess\u00e4 jo paluumatkalle. Min\u00e4 j\u00e4in retkeilem\u00e4\u00e4n yhdeksi y\u00f6ksi pidemp\u00e4\u00e4n. Sm\u00e5sk\u00e4r oli minulle tuttu saari juhannukselta 25 vuoden takaa, jolloin k\u00e4vin siell\u00e4 kalastajamallisella keskimoottoriveneell\u00e4 kaverini sek\u00e4 silloisen tytt\u00f6yst\u00e4v\u00e4ni ja nykyisen vaimoni, Eevan kanssa. Y\u00f6vyimme tuolloin er\u00e4\u00e4ss\u00e4 saarella olevista vanhoista kalastajamajoista, joista jokunen viel\u00e4kin palveli vaatimattomana autiotupana.<\/p>\n<div id=\"attachment_6334\" style=\"width: 460px\" class=\"wp-caption aligncenter\"><a href=\"https:\/\/blogi.ennola.fi\/wp-content\/uploads\/2021\/10\/DSCI0261.jpg\" rel=\"lightbox[6302]\"><img loading=\"lazy\" decoding=\"async\" aria-describedby=\"caption-attachment-6334\" class=\"wp-image-6334 size-full\" title=\"Orsklobbs fj\u00e4rden.\" src=\"https:\/\/blogi.ennola.fi\/wp-content\/uploads\/2021\/10\/DSCI0261-1.jpg\" alt=\"\" width=\"450\" height=\"300\" srcset=\"https:\/\/blogi.ennola.fi\/wp-content\/uploads\/2021\/10\/DSCI0261-1.jpg 450w, https:\/\/blogi.ennola.fi\/wp-content\/uploads\/2021\/10\/DSCI0261-1-150x100.jpg 150w\" sizes=\"(max-width: 450px) 100vw, 450px\" \/><\/a><p id=\"caption-attachment-6334\" class=\"wp-caption-text\">Orsklobbs fj\u00e4rden.<\/p><\/div>\n<div id=\"attachment_6335\" style=\"width: 460px\" class=\"wp-caption aligncenter\"><a href=\"https:\/\/blogi.ennola.fi\/wp-content\/uploads\/2021\/10\/DSCI0263.jpg\" rel=\"lightbox[6302]\"><img loading=\"lazy\" decoding=\"async\" aria-describedby=\"caption-attachment-6335\" class=\"wp-image-6335 size-full\" title=\"Orsklobbs fj\u00e4rden.\" src=\"https:\/\/blogi.ennola.fi\/wp-content\/uploads\/2021\/10\/DSCI0263-1.jpg\" alt=\"\" width=\"450\" height=\"296\" srcset=\"https:\/\/blogi.ennola.fi\/wp-content\/uploads\/2021\/10\/DSCI0263-1.jpg 450w, https:\/\/blogi.ennola.fi\/wp-content\/uploads\/2021\/10\/DSCI0263-1-150x99.jpg 150w\" sizes=\"(max-width: 450px) 100vw, 450px\" \/><\/a><p id=\"caption-attachment-6335\" class=\"wp-caption-text\">Orsklobbs fj\u00e4rden.<\/p><\/div>\n<div id=\"attachment_6356\" style=\"width: 490px\" class=\"wp-caption aligncenter\"><a href=\"https:\/\/blogi.ennola.fi\/wp-content\/uploads\/2021\/10\/Ahvenanmaa_Panorama29.jpg\" rel=\"lightbox[6302]\"><img loading=\"lazy\" decoding=\"async\" aria-describedby=\"caption-attachment-6356\" class=\"wp-image-6356 size-full\" title=\"Sm\u00e5sk\u00e4r.\" src=\"https:\/\/blogi.ennola.fi\/wp-content\/uploads\/2021\/10\/Ahvenanmaa_Panorama29-1.jpg\" alt=\"\" width=\"480\" height=\"108\" srcset=\"https:\/\/blogi.ennola.fi\/wp-content\/uploads\/2021\/10\/Ahvenanmaa_Panorama29-1.jpg 480w, https:\/\/blogi.ennola.fi\/wp-content\/uploads\/2021\/10\/Ahvenanmaa_Panorama29-1-150x34.jpg 150w\" sizes=\"(max-width: 480px) 100vw, 480px\" \/><\/a><p id=\"caption-attachment-6356\" class=\"wp-caption-text\">Sm\u00e5sk\u00e4r.<\/p><\/div>\n<p>Tyynen kelin jatkuessa meloin B\u00e5tsk\u00e4renin kautta Vest\u00e4rhamneniin, mik\u00e4 olikin sill\u00e4 suunnalla uloin kohtuullisen kokoinen saari ennen Selk\u00e4meren avointa selk\u00e4\u00e4. Vain muutama kallioluoto siin\u00e4 en\u00e4\u00e4 oli sel\u00e4n ja saaren v\u00e4liss\u00e4. Vesterhamnenin suunnalla n\u00e4in vedess\u00e4 yksin\u00e4isen vappupallon, jonka puhkaisin ja otin mukaan merta likaamasta. Y\u00f6ksi palasin Hullbergan pohjoispuolelle L\u00e5ngr\u00e5n saarelle.<\/p>\n<div id=\"attachment_6357\" style=\"width: 490px\" class=\"wp-caption aligncenter\"><a href=\"https:\/\/blogi.ennola.fi\/wp-content\/uploads\/2021\/10\/Ahvenanmaa_Panorama24.jpg\" rel=\"lightbox[6302]\"><img loading=\"lazy\" decoding=\"async\" aria-describedby=\"caption-attachment-6357\" class=\"wp-image-6357 size-full\" title=\"B\u00e5tsk\u00e4r.\" src=\"https:\/\/blogi.ennola.fi\/wp-content\/uploads\/2021\/10\/Ahvenanmaa_Panorama24-1.jpg\" alt=\"\" width=\"480\" height=\"78\" srcset=\"https:\/\/blogi.ennola.fi\/wp-content\/uploads\/2021\/10\/Ahvenanmaa_Panorama24-1.jpg 480w, https:\/\/blogi.ennola.fi\/wp-content\/uploads\/2021\/10\/Ahvenanmaa_Panorama24-1-150x24.jpg 150w\" sizes=\"(max-width: 480px) 100vw, 480px\" \/><\/a><p id=\"caption-attachment-6357\" class=\"wp-caption-text\">B\u00e5tsk\u00e4r.<\/p><\/div>\n<dl id=\"attachment_6335\" class=\"wp-caption aligncenter\">\n<dd><\/dd>\n<dd class=\"wp-caption-dd\">\n<div class=\"mceTemp\">\n<div class=\"mceTemp\">\n<div class=\"mceTemp\">\n<div class=\"mceTemp\">\n<div class=\"mceTemp\">\n<div class=\"mceTemp\">\n<div class=\"mceTemp\">\n<div class=\"mceTemp\">\n<div class=\"mceTemp\">\n<div class=\"mceTemp\">\n<div id=\"attachment_6336\" style=\"width: 460px\" class=\"wp-caption aligncenter\"><a href=\"https:\/\/blogi.ennola.fi\/wp-content\/uploads\/2021\/10\/DSCI0266.jpg\" rel=\"lightbox[6302]\"><img loading=\"lazy\" decoding=\"async\" aria-describedby=\"caption-attachment-6336\" class=\"wp-image-6336 size-full\" title=\"Vappupallo.\" src=\"https:\/\/blogi.ennola.fi\/wp-content\/uploads\/2021\/10\/DSCI0266-1.jpg\" alt=\"\" width=\"450\" height=\"292\" srcset=\"https:\/\/blogi.ennola.fi\/wp-content\/uploads\/2021\/10\/DSCI0266-1.jpg 450w, https:\/\/blogi.ennola.fi\/wp-content\/uploads\/2021\/10\/DSCI0266-1-150x97.jpg 150w\" sizes=\"(max-width: 450px) 100vw, 450px\" \/><\/a><p id=\"caption-attachment-6336\" class=\"wp-caption-text\">Vappupallo.<\/p><\/div>\n<\/div>\n<\/div>\n<\/div>\n<\/div>\n<\/div>\n<\/div>\n<\/div>\n<\/div>\n<\/div>\n<\/dd>\n<\/dl>\n<div id=\"attachment_6358\" style=\"width: 490px\" class=\"wp-caption aligncenter\"><a href=\"https:\/\/blogi.ennola.fi\/wp-content\/uploads\/2021\/10\/Ahvenanmaa_Panorama31.jpg\" rel=\"lightbox[6302]\"><img loading=\"lazy\" decoding=\"async\" aria-describedby=\"caption-attachment-6358\" class=\"wp-image-6358 size-full\" title=\"V\u00e4sterhamnen.\" src=\"https:\/\/blogi.ennola.fi\/wp-content\/uploads\/2021\/10\/Ahvenanmaa_Panorama31-1.jpg\" alt=\"\" width=\"480\" height=\"143\" srcset=\"https:\/\/blogi.ennola.fi\/wp-content\/uploads\/2021\/10\/Ahvenanmaa_Panorama31-1.jpg 480w, https:\/\/blogi.ennola.fi\/wp-content\/uploads\/2021\/10\/Ahvenanmaa_Panorama31-1-150x45.jpg 150w\" sizes=\"(max-width: 480px) 100vw, 480px\" \/><\/a><p id=\"caption-attachment-6358\" class=\"wp-caption-text\">V\u00e4sterhamnen.<\/p><\/div>\n<div id=\"attachment_6367\" style=\"width: 490px\" class=\"wp-caption aligncenter\"><a href=\"https:\/\/blogi.ennola.fi\/wp-content\/uploads\/2021\/05\/Ahvenanmaa_Panorama20.jpg\" rel=\"lightbox[6302]\"><img loading=\"lazy\" decoding=\"async\" aria-describedby=\"caption-attachment-6367\" class=\"wp-image-6367 size-full\" title=\"Br\u00e4nd\u00f6n saariston uloimpia saaria, V\u00e4sterhamnen.\" src=\"https:\/\/blogi.ennola.fi\/wp-content\/uploads\/2021\/05\/Ahvenanmaa_Panorama20-1.jpg\" alt=\"\" width=\"480\" height=\"100\" srcset=\"https:\/\/blogi.ennola.fi\/wp-content\/uploads\/2021\/05\/Ahvenanmaa_Panorama20-1.jpg 480w, https:\/\/blogi.ennola.fi\/wp-content\/uploads\/2021\/05\/Ahvenanmaa_Panorama20-1-150x31.jpg 150w\" sizes=\"(max-width: 480px) 100vw, 480px\" \/><\/a><p id=\"caption-attachment-6367\" class=\"wp-caption-text\">Br\u00e4nd\u00f6n saariston uloimpia saaria, V\u00e4sterhamnen.<\/p><\/div>\n<div id=\"attachment_6337\" style=\"width: 460px\" class=\"wp-caption aligncenter\"><a href=\"https:\/\/blogi.ennola.fi\/wp-content\/uploads\/2021\/10\/DSCI0268.jpg\" rel=\"lightbox[6302]\"><img loading=\"lazy\" decoding=\"async\" aria-describedby=\"caption-attachment-6337\" class=\"wp-image-6337 size-full\" title=\"Avomeren reuna.\" src=\"https:\/\/blogi.ennola.fi\/wp-content\/uploads\/2021\/10\/DSCI0268-1.jpg\" alt=\"\" width=\"450\" height=\"298\" srcset=\"https:\/\/blogi.ennola.fi\/wp-content\/uploads\/2021\/10\/DSCI0268-1.jpg 450w, https:\/\/blogi.ennola.fi\/wp-content\/uploads\/2021\/10\/DSCI0268-1-150x99.jpg 150w\" sizes=\"(max-width: 450px) 100vw, 450px\" \/><\/a><p id=\"caption-attachment-6337\" class=\"wp-caption-text\">Avomeren reuna.<\/p><\/div>\n<div id=\"attachment_6359\" style=\"width: 490px\" class=\"wp-caption aligncenter\"><a href=\"https:\/\/blogi.ennola.fi\/wp-content\/uploads\/2021\/10\/Ahvenanmaa_Panorama35.jpg\" rel=\"lightbox[6302]\"><img loading=\"lazy\" decoding=\"async\" aria-describedby=\"caption-attachment-6359\" class=\"wp-image-6359 size-full\" title=\"Kobbarna.\" src=\"https:\/\/blogi.ennola.fi\/wp-content\/uploads\/2021\/10\/Ahvenanmaa_Panorama35-1.jpg\" alt=\"\" width=\"480\" height=\"152\" srcset=\"https:\/\/blogi.ennola.fi\/wp-content\/uploads\/2021\/10\/Ahvenanmaa_Panorama35-1.jpg 480w, https:\/\/blogi.ennola.fi\/wp-content\/uploads\/2021\/10\/Ahvenanmaa_Panorama35-1-150x48.jpg 150w\" sizes=\"(max-width: 480px) 100vw, 480px\" \/><\/a><p id=\"caption-attachment-6359\" class=\"wp-caption-text\">Kobbarna.<\/p><\/div>\n<p>Parin p\u00e4iv\u00e4n kuuma auringon paiste oli tehnyt teht\u00e4v\u00e4ns\u00e4 ja pilannut kajakissani olleen lihan. Sit\u00e4 paistaessani nen\u00e4\u00e4ni tuli voimakas lannan haju, joten iltapala t\u00e4ll\u00e4 kertaa oli kasvisruokaa. T\u00e4n\u00e4kin iltana pilvet tarjosivat upean n\u00e4ytelm\u00e4n auringon laskiessa pilvien sekaan. Pilvet t\u00e4ll\u00e4 kertaa tiesiv\u00e4tkin sadetta, mit\u00e4 jatkui seuraavaan aamuun.<\/p>\n<div id=\"attachment_6360\" style=\"width: 490px\" class=\"wp-caption aligncenter\"><a href=\"https:\/\/blogi.ennola.fi\/wp-content\/uploads\/2021\/10\/Ahvenanmaa_Panorama36.jpg\" rel=\"lightbox[6302]\"><img loading=\"lazy\" decoding=\"async\" aria-describedby=\"caption-attachment-6360\" class=\"wp-image-6360 size-full\" title=\"Gloppet, L\u00e5ngr\u00e5.\" src=\"https:\/\/blogi.ennola.fi\/wp-content\/uploads\/2021\/10\/Ahvenanmaa_Panorama36-1.jpg\" alt=\"\" width=\"480\" height=\"79\" srcset=\"https:\/\/blogi.ennola.fi\/wp-content\/uploads\/2021\/10\/Ahvenanmaa_Panorama36-1.jpg 480w, https:\/\/blogi.ennola.fi\/wp-content\/uploads\/2021\/10\/Ahvenanmaa_Panorama36-1-150x25.jpg 150w\" sizes=\"(max-width: 480px) 100vw, 480px\" \/><\/a><p id=\"caption-attachment-6360\" class=\"wp-caption-text\">Gloppet, L\u00e5ngr\u00e5.<\/p><\/div>\n<div id=\"attachment_6332\" style=\"width: 490px\" class=\"wp-caption aligncenter\"><a href=\"https:\/\/blogi.ennola.fi\/wp-content\/uploads\/2021\/10\/Ahvenanmaa_Panorama22.jpg\" rel=\"lightbox[6302]\"><img loading=\"lazy\" decoding=\"async\" aria-describedby=\"caption-attachment-6332\" class=\"wp-image-6332 size-full\" title=\"L\u00e5ngr\u00e5.\" src=\"https:\/\/blogi.ennola.fi\/wp-content\/uploads\/2021\/10\/Ahvenanmaa_Panorama22-1.jpg\" alt=\"\" width=\"480\" height=\"106\" srcset=\"https:\/\/blogi.ennola.fi\/wp-content\/uploads\/2021\/10\/Ahvenanmaa_Panorama22-1.jpg 480w, https:\/\/blogi.ennola.fi\/wp-content\/uploads\/2021\/10\/Ahvenanmaa_Panorama22-1-150x33.jpg 150w\" sizes=\"(max-width: 480px) 100vw, 480px\" \/><\/a><p id=\"caption-attachment-6332\" class=\"wp-caption-text\">L\u00e5ngr\u00e5.<\/p><\/div>\n<div id=\"attachment_6352\" style=\"width: 490px\" class=\"wp-caption aligncenter\"><a href=\"https:\/\/blogi.ennola.fi\/wp-content\/uploads\/2021\/10\/Ahvenanmaa_Panorama33.jpg\" rel=\"lightbox[6302]\"><img loading=\"lazy\" decoding=\"async\" aria-describedby=\"caption-attachment-6352\" class=\"wp-image-6352 size-full\" title=\"Orsklobbs fj\u00e4rden, L\u00e5ngr\u00e5.\" src=\"https:\/\/blogi.ennola.fi\/wp-content\/uploads\/2021\/10\/Ahvenanmaa_Panorama33-1.jpg\" alt=\"\" width=\"480\" height=\"110\" srcset=\"https:\/\/blogi.ennola.fi\/wp-content\/uploads\/2021\/10\/Ahvenanmaa_Panorama33-1.jpg 480w, https:\/\/blogi.ennola.fi\/wp-content\/uploads\/2021\/10\/Ahvenanmaa_Panorama33-1-150x34.jpg 150w\" sizes=\"(max-width: 480px) 100vw, 480px\" \/><\/a><p id=\"caption-attachment-6352\" class=\"wp-caption-text\">Orsklobbs fj\u00e4rden, L\u00e5ngr\u00e5.<\/p><\/div>\n<p>Aamu valkenikin tuulisena ja sateisena. J\u00e4in odottelemaan sateen loppumista telttaan kirjaa lukien. Vasta sateen tauottua nousin aamiaiselle. Etel\u00e4tuuli oli melko navakkaa ja l\u00e4hdin liikkeelle suhteellisen my\u00f6h\u00e4\u00e4n. Iltap\u00e4iv\u00e4ll\u00e4 aurinko alkoi paistaa, tuuli v\u00e4hitellen heikkeni ja aallot pehmeniv\u00e4t.<\/p>\n<p>Illaksi palasin Kihdin tuntumaan Greggos\u00e4rille. V\u00e4yl\u00e4n mantereen puolta peitti sankka sumu, jonka haituvat v\u00e4lill\u00e4 tulivat Ahvenanmaankin puolelle, vaikka suurimmalta osalta s\u00e4\u00e4 saarimaakunnan puolella oli selke\u00e4\u00e4. Illalla paksut pilvet peittiv\u00e4t taivaan yhten\u00e4iseen peittoonsa.<\/p>\n<div id=\"attachment_6350\" style=\"width: 490px\" class=\"wp-caption aligncenter\"><a href=\"https:\/\/blogi.ennola.fi\/wp-content\/uploads\/2021\/10\/Ahvenanmaa_Panorama27.jpg\" rel=\"lightbox[6302]\"><img loading=\"lazy\" decoding=\"async\" aria-describedby=\"caption-attachment-6350\" class=\"wp-image-6350 size-full\" title=\"Greggosk\u00e4r.\" src=\"https:\/\/blogi.ennola.fi\/wp-content\/uploads\/2021\/10\/Ahvenanmaa_Panorama27-1.jpg\" alt=\"\" width=\"480\" height=\"175\" srcset=\"https:\/\/blogi.ennola.fi\/wp-content\/uploads\/2021\/10\/Ahvenanmaa_Panorama27-1.jpg 480w, https:\/\/blogi.ennola.fi\/wp-content\/uploads\/2021\/10\/Ahvenanmaa_Panorama27-1-150x55.jpg 150w\" sizes=\"(max-width: 480px) 100vw, 480px\" \/><\/a><p id=\"caption-attachment-6350\" class=\"wp-caption-text\">Greggosk\u00e4r.<\/p><\/div>\n<p>L\u00e4mmin kostea ilma ja kylm\u00e4 meri tekiv\u00e4t sunnuntaiaamusta sumuisen. Jo ennen aamiaista riensin kuvaamaan sumuisia maisemia ymp\u00e4ri saarta. Etenkin saaren pohjoisrannalla oli otolliset olosuhteet kuvaamiselle.<\/p>\n<div id=\"attachment_6349\" style=\"width: 490px\" class=\"wp-caption aligncenter\"><a href=\"https:\/\/blogi.ennola.fi\/wp-content\/uploads\/2021\/10\/Ahvenanmaa_Panorama32.jpg\" rel=\"lightbox[6302]\"><img loading=\"lazy\" decoding=\"async\" aria-describedby=\"caption-attachment-6349\" class=\"wp-image-6349 size-full\" title=\"Greggosk\u00e4r, it\u00e4ranta.\" src=\"https:\/\/blogi.ennola.fi\/wp-content\/uploads\/2021\/10\/Ahvenanmaa_Panorama32-1.jpg\" alt=\"\" width=\"480\" height=\"123\" srcset=\"https:\/\/blogi.ennola.fi\/wp-content\/uploads\/2021\/10\/Ahvenanmaa_Panorama32-1.jpg 480w, https:\/\/blogi.ennola.fi\/wp-content\/uploads\/2021\/10\/Ahvenanmaa_Panorama32-1-150x38.jpg 150w\" sizes=\"(max-width: 480px) 100vw, 480px\" \/><\/a><p id=\"caption-attachment-6349\" class=\"wp-caption-text\">Greggosk\u00e4r, it\u00e4ranta.<\/p><\/div>\n<div id=\"attachment_6348\" style=\"width: 490px\" class=\"wp-caption aligncenter\"><a href=\"https:\/\/blogi.ennola.fi\/wp-content\/uploads\/2021\/10\/Ahvenanmaa_Panorama38.jpg\" rel=\"lightbox[6302]\"><img loading=\"lazy\" decoding=\"async\" aria-describedby=\"caption-attachment-6348\" class=\"wp-image-6348 size-full\" title=\"Greggosk\u00e4r, pohjoisranta.\" src=\"https:\/\/blogi.ennola.fi\/wp-content\/uploads\/2021\/10\/Ahvenanmaa_Panorama38-1.jpg\" alt=\"\" width=\"480\" height=\"99\" srcset=\"https:\/\/blogi.ennola.fi\/wp-content\/uploads\/2021\/10\/Ahvenanmaa_Panorama38-1.jpg 480w, https:\/\/blogi.ennola.fi\/wp-content\/uploads\/2021\/10\/Ahvenanmaa_Panorama38-1-150x31.jpg 150w\" sizes=\"(max-width: 480px) 100vw, 480px\" \/><\/a><p id=\"caption-attachment-6348\" class=\"wp-caption-text\">Greggosk\u00e4r, pohjoisranta.<\/p><\/div>\n<div id=\"attachment_6347\" style=\"width: 490px\" class=\"wp-caption aligncenter\"><a href=\"https:\/\/blogi.ennola.fi\/wp-content\/uploads\/2021\/10\/Ahvenanmaa_Panorama37.jpg\" rel=\"lightbox[6302]\"><img loading=\"lazy\" decoding=\"async\" aria-describedby=\"caption-attachment-6347\" class=\"wp-image-6347 size-full\" title=\"Greggosk\u00e4r, pohjoisranta.\" src=\"https:\/\/blogi.ennola.fi\/wp-content\/uploads\/2021\/10\/Ahvenanmaa_Panorama37-1.jpg\" alt=\"\" width=\"480\" height=\"83\" srcset=\"https:\/\/blogi.ennola.fi\/wp-content\/uploads\/2021\/10\/Ahvenanmaa_Panorama37-1.jpg 480w, https:\/\/blogi.ennola.fi\/wp-content\/uploads\/2021\/10\/Ahvenanmaa_Panorama37-1-150x26.jpg 150w\" sizes=\"(max-width: 480px) 100vw, 480px\" \/><\/a><p id=\"caption-attachment-6347\" class=\"wp-caption-text\">Greggosk\u00e4r, pohjoisranta.<\/p><\/div>\n<div id=\"attachment_6346\" style=\"width: 490px\" class=\"wp-caption aligncenter\"><a href=\"https:\/\/blogi.ennola.fi\/wp-content\/uploads\/2021\/10\/Ahvenanmaa_Panorama21.jpg\" rel=\"lightbox[6302]\"><img loading=\"lazy\" decoding=\"async\" aria-describedby=\"caption-attachment-6346\" class=\"wp-image-6346 size-full\" title=\"Greggosk\u00e4r, pohjoisranta.\" src=\"https:\/\/blogi.ennola.fi\/wp-content\/uploads\/2021\/10\/Ahvenanmaa_Panorama21-1.jpg\" alt=\"\" width=\"480\" height=\"118\" srcset=\"https:\/\/blogi.ennola.fi\/wp-content\/uploads\/2021\/10\/Ahvenanmaa_Panorama21-1.jpg 480w, https:\/\/blogi.ennola.fi\/wp-content\/uploads\/2021\/10\/Ahvenanmaa_Panorama21-1-150x37.jpg 150w\" sizes=\"(max-width: 480px) 100vw, 480px\" \/><\/a><p id=\"caption-attachment-6346\" class=\"wp-caption-text\">Greggosk\u00e4r, pohjoisranta.<\/p><\/div>\n<p>Kihdin ylityst\u00e4 piti v\u00e4h\u00e4n odotella, kun ison ja leve\u00e4n laivav\u00e4yl\u00e4n ylitys sumussa muutaman sadan metrin n\u00e4kyvyydell\u00e4 ei tuntunut j\u00e4rkev\u00e4lt\u00e4. Jotenkin ajatus siit\u00e4, ett\u00e4 keskell\u00e4 reilun kilometrin levyist\u00e4 v\u00e4yl\u00e4\u00e4 alkaisi yll\u00e4tt\u00e4en iso meridiesel jyskytt\u00e4\u00e4 ilman mit\u00e4\u00e4n tietoa siit\u00e4, mihin pit\u00e4isi v\u00e4ist\u00e4\u00e4\u2026\u00a0 S\u00e4\u00e4n seljetty\u00e4 ylitys meni hyvin, vaikka pikkasen se j\u00e4nnittikin kev\u00e4\u00e4n aiempien ongelmieni johdosta, jolloin toki tuuli oli ollut paljon kovempi. Nyt tuulta oli reilusti alle 10 m\/s, joten se ei aiheuttanut ongelmaa, vaikka aallot kastelivatkin kajakin kantta.<\/p>\n<p>Minulla oli viel\u00e4 aikaa paluuseen runsaasti, joten p\u00e4\u00e4tin viel\u00e4 kiert\u00e4\u00e4 Katanp\u00e4\u00e4n linnakeniemen pohjoisen kautta ymp\u00e4ri. Lanskerissa ja Katanp\u00e4\u00e4ss\u00e4 pidin lyhyet valokuvaustauot. Aivan viime metreill\u00e4 ennen reissun viimeist\u00e4 rantautumista vastaani ui mets\u00e4kauris, mik\u00e4 oli l\u00e4htenyt ylitt\u00e4m\u00e4\u00e4n pient\u00e4 selk\u00e4\u00e4 Katkurusta Tammiluotoon.<\/p>\n<div id=\"attachment_6345\" style=\"width: 490px\" class=\"wp-caption aligncenter\"><a href=\"https:\/\/blogi.ennola.fi\/wp-content\/uploads\/2021\/10\/Ahvenanmaa_Panorama34.jpg\" rel=\"lightbox[6302]\"><img loading=\"lazy\" decoding=\"async\" aria-describedby=\"caption-attachment-6345\" class=\"wp-image-6345 size-full\" title=\"Lanskeri.\" src=\"https:\/\/blogi.ennola.fi\/wp-content\/uploads\/2021\/10\/Ahvenanmaa_Panorama34-1.jpg\" alt=\"\" width=\"480\" height=\"91\" srcset=\"https:\/\/blogi.ennola.fi\/wp-content\/uploads\/2021\/10\/Ahvenanmaa_Panorama34-1.jpg 480w, https:\/\/blogi.ennola.fi\/wp-content\/uploads\/2021\/10\/Ahvenanmaa_Panorama34-1-150x28.jpg 150w\" sizes=\"(max-width: 480px) 100vw, 480px\" \/><\/a><p id=\"caption-attachment-6345\" class=\"wp-caption-text\">Lanskeri.<\/p><\/div>\n<div id=\"attachment_6344\" style=\"width: 490px\" class=\"wp-caption aligncenter\"><a href=\"https:\/\/blogi.ennola.fi\/wp-content\/uploads\/2021\/10\/Ahvenanmaa_Panorama30.jpg\" rel=\"lightbox[6302]\"><img loading=\"lazy\" decoding=\"async\" aria-describedby=\"caption-attachment-6344\" class=\"wp-image-6344 size-full\" title=\"Kotomaanniemi, Lypyrtti.\" src=\"https:\/\/blogi.ennola.fi\/wp-content\/uploads\/2021\/10\/Ahvenanmaa_Panorama30-1.jpg\" alt=\"\" width=\"480\" height=\"93\" srcset=\"https:\/\/blogi.ennola.fi\/wp-content\/uploads\/2021\/10\/Ahvenanmaa_Panorama30-1.jpg 480w, https:\/\/blogi.ennola.fi\/wp-content\/uploads\/2021\/10\/Ahvenanmaa_Panorama30-1-150x29.jpg 150w\" sizes=\"(max-width: 480px) 100vw, 480px\" \/><\/a><p id=\"caption-attachment-6344\" class=\"wp-caption-text\">Kotomaanniemi, Lypyrtti.<\/p><\/div>\n<div id=\"attachment_6351\" style=\"width: 490px\" class=\"wp-caption aligncenter\"><a href=\"https:\/\/blogi.ennola.fi\/wp-content\/uploads\/2021\/10\/Ahvenanmaa_Panorama23.jpg\" rel=\"lightbox[6302]\"><img loading=\"lazy\" decoding=\"async\" aria-describedby=\"caption-attachment-6351\" class=\"wp-image-6351 size-full\" title=\"Kotomaanniemi, Lypyrtti.\" src=\"https:\/\/blogi.ennola.fi\/wp-content\/uploads\/2021\/10\/Ahvenanmaa_Panorama23-1.jpg\" alt=\"\" width=\"480\" height=\"216\" srcset=\"https:\/\/blogi.ennola.fi\/wp-content\/uploads\/2021\/10\/Ahvenanmaa_Panorama23-1.jpg 480w, https:\/\/blogi.ennola.fi\/wp-content\/uploads\/2021\/10\/Ahvenanmaa_Panorama23-1-150x68.jpg 150w\" sizes=\"(max-width: 480px) 100vw, 480px\" \/><\/a><p id=\"caption-attachment-6351\" class=\"wp-caption-text\">Kotomaanniemi, Lypyrtti.<\/p><\/div>\n<div id=\"attachment_6338\" style=\"width: 460px\" class=\"wp-caption aligncenter\"><a href=\"https:\/\/blogi.ennola.fi\/wp-content\/uploads\/2021\/10\/DSCI0280.jpg\" rel=\"lightbox[6302]\"><img loading=\"lazy\" decoding=\"async\" aria-describedby=\"caption-attachment-6338\" class=\"wp-image-6338 size-full\" title=\"Mets\u00e4kauris uimassa.\" src=\"https:\/\/blogi.ennola.fi\/wp-content\/uploads\/2021\/10\/DSCI0280-1.jpg\" alt=\"\" width=\"450\" height=\"291\" srcset=\"https:\/\/blogi.ennola.fi\/wp-content\/uploads\/2021\/10\/DSCI0280-1.jpg 450w, https:\/\/blogi.ennola.fi\/wp-content\/uploads\/2021\/10\/DSCI0280-1-150x97.jpg 150w\" sizes=\"(max-width: 450px) 100vw, 450px\" \/><\/a><p id=\"caption-attachment-6338\" class=\"wp-caption-text\">Mets\u00e4kauris uimassa.<\/p><\/div>\n<p>Kev\u00e4t oli hienossa vaiheessa. Puihin alkoivat lehdet puhjeta. Saarissa lintujen konsertti oli upeaa. Saaristossa oli viel\u00e4 jonkin verran haahkoja ja isokoskeloita liikkeell\u00e4. Tukkakoskeloita, pilkkasiipi\u00e4 ja alleja n\u00e4kyi suuria parvia. Saarten suojissa n\u00e4kyi puolisukeltajasorsia: sinisorsia, taveja ja haapanoita, lapasorsakin tuli vastaan. Telkki\u00e4 ja tukkakoskeloitakin oli runsaasti. Kyhmyjoutsen oli todella runsas tuolla alueella. Tyllej\u00e4, rantasipej\u00e4 ja punajalkavikloja oli rannoilla. Lapintiirat ja merikihut olivat jo saapuneet ja kala- harmaa-, meri- ja naurulokkeja n\u00e4kyi runsaasti. Merikotkia n\u00e4kyi jonkin verran, enempi Kustavin, kuin Br\u00e4nd\u00f6n puolella. Satakieli, pajulintu, laulu- ja mustarastas sek\u00e4 pensas- ja hernekerttu vastasivat saarten \u00e4\u00e4nimaailmasta.<\/p>\n<p>Melontakilometrej\u00e4 reissussa kertyi lopulta noin 80, mik\u00e4 ei ihan valtavasti ole viiden p\u00e4iv\u00e4n retkelle. Reissun j\u00e4lkeen lihaksissa melonta kyll\u00e4 tuntui, mutta toisaalta selk\u00e4kivut olivat tipotiess\u00e4\u00e4n. Sytostaattihoitojen heikent\u00e4m\u00e4n\u00e4, tuskin olisin silti ihan hirve\u00e4n paljon pidempi\u00e4 matkoja jaksanut meloa. Aika paljon k\u00e4ytin aikaani valokuvaamiseen, mille olosuhteetkin olivat otolliset. My\u00f6s jonkun verran sain luettua kirjaani. Ahvenanmaan saaristo on kyll\u00e4 tavattoman hieno m\u00f6kitt\u00f6myydess\u00e4\u00e4n ja sen tuomassa luonnonrauhassa. Muita veneilij\u00f6it\u00e4k\u00e4\u00e4n en kohdannut t\u00e4ll\u00e4 retkell\u00e4.<\/p>\n","protected":false},"excerpt":{"rendered":"<p>Helatorstain viikonloppu tarjosi mahdollisuuden viiden p\u00e4iv\u00e4n melontaretkelle. Ilmatieteen laitos lupaili kaunista, v\u00e4h\u00e4tuulista ja l\u00e4mmint\u00e4 keli\u00e4, joten p\u00e4\u00e4tin l\u00e4hte\u00e4 Kustavin Pleikil\u00e4st\u00e4 Kihdin toiselle puolelle Ahvenanmaan koilliseen ulkosaaristoon. Keskiviikkona minulla&#8230;<\/p>\n","protected":false},"author":1,"featured_media":6361,"comment_status":"open","ping_status":"open","sticky":false,"template":"","format":"standard","meta":{"footnotes":""},"categories":[4,8],"tags":[],"_links":{"self":[{"href":"https:\/\/blogi.ennola.fi\/index.php?rest_route=\/wp\/v2\/posts\/6302"}],"collection":[{"href":"https:\/\/blogi.ennola.fi\/index.php?rest_route=\/wp\/v2\/posts"}],"about":[{"href":"https:\/\/blogi.ennola.fi\/index.php?rest_route=\/wp\/v2\/types\/post"}],"author":[{"embeddable":true,"href":"https:\/\/blogi.ennola.fi\/index.php?rest_route=\/wp\/v2\/users\/1"}],"replies":[{"embeddable":true,"href":"https:\/\/blogi.ennola.fi\/index.php?rest_route=%2Fwp%2Fv2%2Fcomments&post=6302"}],"version-history":[{"count":12,"href":"https:\/\/blogi.ennola.fi\/index.php?rest_route=\/wp\/v2\/posts\/6302\/revisions"}],"predecessor-version":[{"id":7100,"href":"https:\/\/blogi.ennola.fi\/index.php?rest_route=\/wp\/v2\/posts\/6302\/revisions\/7100"}],"wp:featuredmedia":[{"embeddable":true,"href":"https:\/\/blogi.ennola.fi\/index.php?rest_route=\/wp\/v2\/media\/6361"}],"wp:attachment":[{"href":"https:\/\/blogi.ennola.fi\/index.php?rest_route=%2Fwp%2Fv2%2Fmedia&parent=6302"}],"wp:term":[{"taxonomy":"category","embeddable":true,"href":"https:\/\/blogi.ennola.fi\/index.php?rest_route=%2Fwp%2Fv2%2Fcategories&post=6302"},{"taxonomy":"post_tag","embeddable":true,"href":"https:\/\/blogi.ennola.fi\/index.php?rest_route=%2Fwp%2Fv2%2Ftags&post=6302"}],"curies":[{"name":"wp","href":"https:\/\/api.w.org\/{rel}","templated":true}]}}