{"id":6411,"date":"2021-06-30T14:00:39","date_gmt":"2021-06-30T11:00:39","guid":{"rendered":"https:\/\/blogi.ennola.fi\/?p=6411"},"modified":"2021-12-17T23:28:29","modified_gmt":"2021-12-17T21:28:29","slug":"juhannus-ahvenanmaalla","status":"publish","type":"post","link":"https:\/\/blogi.ennola.fi\/?p=6411","title":{"rendered":"Juhannus Ahvenanmaalla"},"content":{"rendered":"<p>Olli-Pekka oli muuttamassa kes\u00e4n j\u00e4lkeen Pohjoiseen ja halusi tehd\u00e4 j\u00e4\u00e4hyv\u00e4ismelonnan Saaristomerelle. Onhan saaristo parasta, mit\u00e4 Turun seutu tarjoaa luonnonyst\u00e4v\u00e4lle. Isompikin ryhm\u00e4 olisi retkelle mahtunut, mutta juhannussuunnitelmat, kes\u00e4lomien alku ja mittavammat melontasuunnitelmat tulivat monella esteeksi. Niinp\u00e4 l\u00e4hdimme reissuun kahdestaan.<\/p>\n<p>Alun perin Olli-Pekka oli kiinnostunut l\u00e4htem\u00e4\u00e4n lautalla Maarianhaminaan ja meloen siit\u00e4 eteenp\u00e4in. Minua huoletti siihen kuluva aika ja raha, joten ehdotin, ett\u00e4 l\u00e4htisimme Kustavista ja siit\u00e4 Kihdin yli sill\u00e4 edellytyksell\u00e4, ett\u00e4 nuo alueet eiv\u00e4t olisi Olli-Pekalle liian tuttuja. Onhan siin\u00e4 heti rajan toisella puolella mit\u00e4 hienoin ulkosaaristo ilman Manner-Suomen kes\u00e4m\u00f6kkislummia. T\u00e4m\u00e4 sopi Olli-Pekalle. P\u00e4\u00e4timme kokeilla Pleikil\u00e4\u00e4 l\u00e4ht\u00f6paikkana, vaikka hieman huolestuttikin, kuinka paljon siell\u00e4 olisi autoja juhannuksena. Kyll\u00e4 sinne sekaan meid\u00e4nkin automme viel\u00e4 mahtui.<\/p>\n<div id=\"attachment_6437\" style=\"width: 490px\" class=\"wp-caption aligncenter\"><a href=\"https:\/\/blogi.ennola.fi\/wp-content\/uploads\/2021\/10\/Untitled-91.jpg\" rel=\"lightbox[6411]\"><img loading=\"lazy\" decoding=\"async\" aria-describedby=\"caption-attachment-6437\" class=\"wp-image-6437 size-full\" title=\"Reitti.\" src=\"https:\/\/blogi.ennola.fi\/wp-content\/uploads\/2021\/10\/Untitled-91-1.jpg\" alt=\"\" width=\"480\" height=\"312\" srcset=\"https:\/\/blogi.ennola.fi\/wp-content\/uploads\/2021\/10\/Untitled-91-1.jpg 480w, https:\/\/blogi.ennola.fi\/wp-content\/uploads\/2021\/10\/Untitled-91-1-150x98.jpg 150w\" sizes=\"(max-width: 480px) 100vw, 480px\" \/><\/a><p id=\"caption-attachment-6437\" class=\"wp-caption-text\">Reitti.<\/p><\/div>\n<div class=\"mceTemp\"><\/div>\n<div id=\"attachment_6431\" style=\"width: 460px\" class=\"wp-caption aligncenter\"><a href=\"https:\/\/blogi.ennola.fi\/wp-content\/uploads\/2021\/10\/DSCI0416.jpg\" rel=\"lightbox[6411]\"><img loading=\"lazy\" decoding=\"async\" aria-describedby=\"caption-attachment-6431\" class=\"wp-image-6431 size-full\" title=\"Kihdin ylitys.\" src=\"https:\/\/blogi.ennola.fi\/wp-content\/uploads\/2021\/10\/DSCI0416-1.jpg\" alt=\"\" width=\"450\" height=\"300\" srcset=\"https:\/\/blogi.ennola.fi\/wp-content\/uploads\/2021\/10\/DSCI0416-1.jpg 450w, https:\/\/blogi.ennola.fi\/wp-content\/uploads\/2021\/10\/DSCI0416-1-150x100.jpg 150w\" sizes=\"(max-width: 450px) 100vw, 450px\" \/><\/a><p id=\"caption-attachment-6431\" class=\"wp-caption-text\">Kihdin ylitys.<\/p><\/div>\n<p>S\u00e4\u00e4tiedotukset lupasivat suhteellisen tyynt\u00e4 keli\u00e4, joten suuntasimme matkan Katanp\u00e4\u00e4n pohjoiskautta ajatuksen pyrki\u00e4 suoraan kohti Storklyndania. Jo Pleikil\u00e4ss\u00e4 tuuli tuntui yll\u00e4tt\u00e4v\u00e4n kovalta ja Katanp\u00e4\u00e4n kohdalla oli selv\u00e4, etten ollut halukas l\u00e4htem\u00e4\u00e4n siin\u00e4 tuulessa pitkiin ylityksiin. Mielt\u00e4ni askarruttivat sytostaattihoitojen heikent\u00e4m\u00e4 kunto ja kev\u00e4iset vaikeudet Airistolla. Niist\u00e4 oli j\u00e4\u00e4nyt pieni ep\u00e4varmuuden tunne melontaan aallokossa, mik\u00e4 konkretisoitui nyt Katanp\u00e4\u00e4n pohjoispuolen yll\u00e4tt\u00e4v\u00e4n suuressa aallokossa. Niinp\u00e4 kiersimme vain Katanp\u00e4\u00e4n niemen ymp\u00e4ri ja menimme Kihdist\u00e4 yli sen kapeimmasta kohdasta. Loppup\u00e4iv\u00e4n meloimme sitten isojen saarien pohjoispuolta tyyntyv\u00e4ss\u00e4 s\u00e4\u00e4ss\u00e4 Grisslanin saarelle.<\/p>\n<div id=\"attachment_6438\" style=\"width: 490px\" class=\"wp-caption aligncenter\"><a href=\"https:\/\/blogi.ennola.fi\/wp-content\/uploads\/2021\/10\/Brando_Panorama8.jpg\" rel=\"lightbox[6411]\"><img loading=\"lazy\" decoding=\"async\" aria-describedby=\"caption-attachment-6438\" class=\"wp-image-6438 size-full\" title=\"Ilta, Grisslan.\" src=\"https:\/\/blogi.ennola.fi\/wp-content\/uploads\/2021\/10\/Brando_Panorama8-1.jpg\" alt=\"\" width=\"480\" height=\"107\" srcset=\"https:\/\/blogi.ennola.fi\/wp-content\/uploads\/2021\/10\/Brando_Panorama8-1.jpg 480w, https:\/\/blogi.ennola.fi\/wp-content\/uploads\/2021\/10\/Brando_Panorama8-1-150x33.jpg 150w\" sizes=\"(max-width: 480px) 100vw, 480px\" \/><\/a><p id=\"caption-attachment-6438\" class=\"wp-caption-text\">Ilta, Grisslan.<\/p><\/div>\n<div class=\"mceTemp\"><\/div>\n<div id=\"attachment_6439\" style=\"width: 490px\" class=\"wp-caption aligncenter\"><a href=\"https:\/\/blogi.ennola.fi\/wp-content\/uploads\/2021\/10\/Brando_Panorama3.jpg\" rel=\"lightbox[6411]\"><img loading=\"lazy\" decoding=\"async\" aria-describedby=\"caption-attachment-6439\" class=\"wp-image-6439 size-full\" title=\"Auringonlasku, Grisslan.\" src=\"https:\/\/blogi.ennola.fi\/wp-content\/uploads\/2021\/10\/Brando_Panorama3-1.jpg\" alt=\"\" width=\"480\" height=\"124\" srcset=\"https:\/\/blogi.ennola.fi\/wp-content\/uploads\/2021\/10\/Brando_Panorama3-1.jpg 480w, https:\/\/blogi.ennola.fi\/wp-content\/uploads\/2021\/10\/Brando_Panorama3-1-150x39.jpg 150w\" sizes=\"(max-width: 480px) 100vw, 480px\" \/><\/a><p id=\"caption-attachment-6439\" class=\"wp-caption-text\">Auringonlasku, Grisslan.<\/p><\/div>\n<div id=\"attachment_6440\" style=\"width: 490px\" class=\"wp-caption aligncenter\"><a href=\"https:\/\/blogi.ennola.fi\/wp-content\/uploads\/2021\/10\/Brando_Panorama7.jpg\" rel=\"lightbox[6411]\"><img loading=\"lazy\" decoding=\"async\" aria-describedby=\"caption-attachment-6440\" class=\"wp-image-6440 size-full\" title=\"Tyyni aamu, Grisslan.\" src=\"https:\/\/blogi.ennola.fi\/wp-content\/uploads\/2021\/10\/Brando_Panorama7-1.jpg\" alt=\"\" width=\"480\" height=\"124\" srcset=\"https:\/\/blogi.ennola.fi\/wp-content\/uploads\/2021\/10\/Brando_Panorama7-1.jpg 480w, https:\/\/blogi.ennola.fi\/wp-content\/uploads\/2021\/10\/Brando_Panorama7-1-150x39.jpg 150w\" sizes=\"(max-width: 480px) 100vw, 480px\" \/><\/a><p id=\"caption-attachment-6440\" class=\"wp-caption-text\">Tyyni aamu, Grisslan.<\/p><\/div>\n<div id=\"attachment_6539\" style=\"width: 490px\" class=\"wp-caption aligncenter\"><a href=\"https:\/\/blogi.ennola.fi\/wp-content\/uploads\/2021\/06\/Brando_Panorama12.jpg\" rel=\"lightbox[6411]\"><img loading=\"lazy\" decoding=\"async\" aria-describedby=\"caption-attachment-6539\" class=\"wp-image-6539 size-full\" title=\"N\u00e4k\u00f6ala l\u00e4nteen, Grisslan.\" src=\"https:\/\/blogi.ennola.fi\/wp-content\/uploads\/2021\/06\/Brando_Panorama12-1.jpg\" alt=\"\" width=\"480\" height=\"120\" srcset=\"https:\/\/blogi.ennola.fi\/wp-content\/uploads\/2021\/06\/Brando_Panorama12-1.jpg 480w, https:\/\/blogi.ennola.fi\/wp-content\/uploads\/2021\/06\/Brando_Panorama12-1-150x38.jpg 150w\" sizes=\"(max-width: 480px) 100vw, 480px\" \/><\/a><p id=\"caption-attachment-6539\" class=\"wp-caption-text\">N\u00e4k\u00f6ala l\u00e4nteen, Grisslan.<\/p><\/div>\n<p>Seuraavan p\u00e4iv\u00e4n s\u00e4\u00e4 sitten olikin t\u00e4ydellinen avoimille selille, joten l\u00e4hdimme suoraan pohjoiseen kohti ulkosaaristoa. Ev\u00e4stauon pidimme Hamn\u00f6rarnan autiotuvalla. Storklyndanille saavuimme sopivan aikaisin, jotta illalla j\u00e4i aikaa kiert\u00e4\u00e4 saarta ymp\u00e4ri. Saaren l\u00e4nsirannalla oli laajat, upeat vaaleanpunertavat kalliot. Sielt\u00e4 valitsimme suojaisan poukaman, jonne asetuimme leiriimme. Poukamasta oli kohtuullisen lyhyt matka keskiosan mets\u00e4l\u00f6n reunaan, jonne sain riippumattoni ripustettua. Teimme k\u00e4velylenkin saaren etel\u00e4rantaa pitkin, kunnes saavuimme vanhaan kalastajakyl\u00e4\u00e4n saaren it\u00e4rannalla. Saari onkin Ahvenanmaan pohjoisin saari, miss\u00e4 on ollut asutusta. Kylilt\u00e4 palasimme leiriin suoraan saaren poikki. Juhannusy\u00f6 Storklyndanilla tarjosi todella upeita valon\u00e4ytelmi\u00e4 auringon laskiessa saarettomaan Selk\u00e4mereen.<\/p>\n<div id=\"attachment_6435\" style=\"width: 460px\" class=\"wp-caption aligncenter\"><a href=\"https:\/\/blogi.ennola.fi\/wp-content\/uploads\/2021\/10\/DSCI0419.jpg\" rel=\"lightbox[6411]\"><img loading=\"lazy\" decoding=\"async\" aria-describedby=\"caption-attachment-6435\" class=\"wp-image-6435 size-full\" title=\"Kohti Storklyndania.\" src=\"https:\/\/blogi.ennola.fi\/wp-content\/uploads\/2021\/10\/DSCI0419-1.jpg\" alt=\"\" width=\"450\" height=\"300\" srcset=\"https:\/\/blogi.ennola.fi\/wp-content\/uploads\/2021\/10\/DSCI0419-1.jpg 450w, https:\/\/blogi.ennola.fi\/wp-content\/uploads\/2021\/10\/DSCI0419-1-150x100.jpg 150w\" sizes=\"(max-width: 450px) 100vw, 450px\" \/><\/a><p id=\"caption-attachment-6435\" class=\"wp-caption-text\">Kohti Storklyndania.<\/p><\/div>\n<div class=\"mceTemp\"><\/div>\n<div id=\"attachment_6441\" style=\"width: 490px\" class=\"wp-caption aligncenter\"><a href=\"https:\/\/blogi.ennola.fi\/wp-content\/uploads\/2021\/10\/Brando_Panorama9.jpg\" rel=\"lightbox[6411]\"><img loading=\"lazy\" decoding=\"async\" aria-describedby=\"caption-attachment-6441\" class=\"wp-image-6441 size-full\" title=\"Sadepilvi\u00e4, Storklyndan.\" src=\"https:\/\/blogi.ennola.fi\/wp-content\/uploads\/2021\/10\/Brando_Panorama9-1.jpg\" alt=\"\" width=\"480\" height=\"131\" srcset=\"https:\/\/blogi.ennola.fi\/wp-content\/uploads\/2021\/10\/Brando_Panorama9-1.jpg 480w, https:\/\/blogi.ennola.fi\/wp-content\/uploads\/2021\/10\/Brando_Panorama9-1-150x41.jpg 150w\" sizes=\"(max-width: 480px) 100vw, 480px\" \/><\/a><p id=\"caption-attachment-6441\" class=\"wp-caption-text\">Sadepilvi\u00e4, Storklyndan.<\/p><\/div>\n<div id=\"attachment_6443\" style=\"width: 490px\" class=\"wp-caption aligncenter\"><a href=\"https:\/\/blogi.ennola.fi\/wp-content\/uploads\/2021\/10\/Brando_Panorama6.jpg\" rel=\"lightbox[6411]\"><img loading=\"lazy\" decoding=\"async\" aria-describedby=\"caption-attachment-6443\" class=\"wp-image-6443 size-full\" title=\"Auringonlasku, Storklyndan.\" src=\"https:\/\/blogi.ennola.fi\/wp-content\/uploads\/2021\/10\/Brando_Panorama6-1.jpg\" alt=\"\" width=\"480\" height=\"112\" srcset=\"https:\/\/blogi.ennola.fi\/wp-content\/uploads\/2021\/10\/Brando_Panorama6-1.jpg 480w, https:\/\/blogi.ennola.fi\/wp-content\/uploads\/2021\/10\/Brando_Panorama6-1-150x35.jpg 150w\" sizes=\"(max-width: 480px) 100vw, 480px\" \/><\/a><p id=\"caption-attachment-6443\" class=\"wp-caption-text\">Auringonlasku, Storklyndan.<\/p><\/div>\n<div id=\"attachment_6729\" style=\"width: 490px\" class=\"wp-caption aligncenter\"><a href=\"https:\/\/blogi.ennola.fi\/wp-content\/uploads\/2021\/06\/Brando_Panorama1.jpg\" rel=\"lightbox[6411]\"><img loading=\"lazy\" decoding=\"async\" aria-describedby=\"caption-attachment-6729\" class=\"wp-image-6729 size-full\" title=\"Auringonlasku, Storklyndan.\" src=\"https:\/\/blogi.ennola.fi\/wp-content\/uploads\/2021\/06\/Brando_Panorama1-1.jpg\" alt=\"\" width=\"480\" height=\"117\" \/><\/a><p id=\"caption-attachment-6729\" class=\"wp-caption-text\">Auringonlasku, Storklyndan.<\/p><\/div>\n<div id=\"attachment_6540\" style=\"width: 490px\" class=\"wp-caption aligncenter\"><a href=\"https:\/\/blogi.ennola.fi\/wp-content\/uploads\/2021\/06\/Brando_Panorama11.jpg\" rel=\"lightbox[6411]\"><img loading=\"lazy\" decoding=\"async\" aria-describedby=\"caption-attachment-6540\" class=\"wp-image-6540 size-full\" title=\"Juomavesilampi, Storklyndan.\" src=\"https:\/\/blogi.ennola.fi\/wp-content\/uploads\/2021\/06\/Brando_Panorama11-1.jpg\" alt=\"\" width=\"480\" height=\"119\" srcset=\"https:\/\/blogi.ennola.fi\/wp-content\/uploads\/2021\/06\/Brando_Panorama11-1.jpg 480w, https:\/\/blogi.ennola.fi\/wp-content\/uploads\/2021\/06\/Brando_Panorama11-1-150x37.jpg 150w\" sizes=\"(max-width: 480px) 100vw, 480px\" \/><\/a><p id=\"caption-attachment-6540\" class=\"wp-caption-text\">Juomavesilampi, Storklyndan.<\/p><\/div>\n<div class=\"mceTemp\"><\/div>\n<div id=\"attachment_6428\" style=\"width: 490px\" class=\"wp-caption aligncenter\"><a href=\"https:\/\/blogi.ennola.fi\/wp-content\/uploads\/2021\/10\/Brando_Panorama2.jpg\" rel=\"lightbox[6411]\"><img loading=\"lazy\" decoding=\"async\" aria-describedby=\"caption-attachment-6428\" class=\"wp-image-6428 size-full\" title=\"Rantalliota, Storklyndan.\" src=\"https:\/\/blogi.ennola.fi\/wp-content\/uploads\/2021\/10\/Brando_Panorama2-1.jpg\" alt=\"\" width=\"480\" height=\"138\" srcset=\"https:\/\/blogi.ennola.fi\/wp-content\/uploads\/2021\/10\/Brando_Panorama2-1.jpg 480w, https:\/\/blogi.ennola.fi\/wp-content\/uploads\/2021\/10\/Brando_Panorama2-1-150x43.jpg 150w\" sizes=\"(max-width: 480px) 100vw, 480px\" \/><\/a><p id=\"caption-attachment-6428\" class=\"wp-caption-text\">Rantalliota, Storklyndan.<\/p><\/div>\n<div id=\"attachment_6429\" style=\"width: 490px\" class=\"wp-caption aligncenter\"><a href=\"https:\/\/blogi.ennola.fi\/wp-content\/uploads\/2021\/10\/Brando_Panorama4.jpg\" rel=\"lightbox[6411]\"><img loading=\"lazy\" decoding=\"async\" aria-describedby=\"caption-attachment-6429\" class=\"wp-image-6429 size-full\" title=\"Rantalliota, Storklyndan.\" src=\"https:\/\/blogi.ennola.fi\/wp-content\/uploads\/2021\/10\/Brando_Panorama4-1.jpg\" alt=\"\" width=\"480\" height=\"138\" srcset=\"https:\/\/blogi.ennola.fi\/wp-content\/uploads\/2021\/10\/Brando_Panorama4-1.jpg 480w, https:\/\/blogi.ennola.fi\/wp-content\/uploads\/2021\/10\/Brando_Panorama4-1-150x43.jpg 150w\" sizes=\"(max-width: 480px) 100vw, 480px\" \/><\/a><p id=\"caption-attachment-6429\" class=\"wp-caption-text\">Rantalliota, Storklyndan.<\/p><\/div>\n<p>Paluumatkan alun Storklyndanilta meloimme suurin piirtein samoja reittej\u00e4, kuin tullessa. Nyt pidimme ev\u00e4stauon mets\u00e4isemm\u00e4ll\u00e4 Skogssk\u00e4rill\u00e4. Ytterh\u00f6ganilla reittimme erkani kohti korkeapiirteist\u00e4 Orsklobbenia, joka oli jo toukokuussa kiinnitt\u00e4nyt huomioni. Rantautumispaikka jouduimme hieman hakemaan, kunnes etel\u00e4rannalta l\u00f6ytyi sopiva suojainen lahdelma, jonka \u00e4\u00e4rell\u00e4 oli my\u00f6s pieni mets\u00e4l\u00f6 riippumatolleni. Illalla kiipesimme saaren keskiosan m\u00e4elle ihailemaan maisemia.<\/p>\n<div id=\"attachment_6535\" style=\"width: 490px\" class=\"wp-caption aligncenter\"><a href=\"https:\/\/blogi.ennola.fi\/wp-content\/uploads\/2021\/06\/Brando_Panorama10.jpg\" rel=\"lightbox[6411]\"><img loading=\"lazy\" decoding=\"async\" aria-describedby=\"caption-attachment-6535\" class=\"wp-image-6535 size-full\" title=\"Ukkospilvi, Skogssk\u00e4r.\" src=\"https:\/\/blogi.ennola.fi\/wp-content\/uploads\/2021\/06\/Brando_Panorama10-1.jpg\" alt=\"\" width=\"480\" height=\"108\" srcset=\"https:\/\/blogi.ennola.fi\/wp-content\/uploads\/2021\/06\/Brando_Panorama10-1.jpg 480w, https:\/\/blogi.ennola.fi\/wp-content\/uploads\/2021\/06\/Brando_Panorama10-1-150x34.jpg 150w\" sizes=\"(max-width: 480px) 100vw, 480px\" \/><\/a><p id=\"caption-attachment-6535\" class=\"wp-caption-text\">Ukkospilvi, Skogssk\u00e4r<\/p><\/div>\n<div id=\"attachment_6433\" style=\"width: 460px\" class=\"wp-caption aligncenter\"><a href=\"https:\/\/blogi.ennola.fi\/wp-content\/uploads\/2021\/10\/DSCI0424.jpg\" rel=\"lightbox[6411]\"><img loading=\"lazy\" decoding=\"async\" aria-describedby=\"caption-attachment-6433\" class=\"wp-image-6433 size-full\" title=\"Hamn\u00f6rarna j\u00e4\u00e4 taakse.\" src=\"https:\/\/blogi.ennola.fi\/wp-content\/uploads\/2021\/10\/DSCI0424-1.jpg\" alt=\"\" width=\"450\" height=\"300\" srcset=\"https:\/\/blogi.ennola.fi\/wp-content\/uploads\/2021\/10\/DSCI0424-1.jpg 450w, https:\/\/blogi.ennola.fi\/wp-content\/uploads\/2021\/10\/DSCI0424-1-150x100.jpg 150w\" sizes=\"(max-width: 450px) 100vw, 450px\" \/><\/a><p id=\"caption-attachment-6433\" class=\"wp-caption-text\">Hamn\u00f6rarna j\u00e4\u00e4 taakse.<\/p><\/div>\n<div id=\"attachment_6430\" style=\"width: 490px\" class=\"wp-caption aligncenter\"><a href=\"https:\/\/blogi.ennola.fi\/wp-content\/uploads\/2021\/10\/Brando_Panorama5.jpg\" rel=\"lightbox[6411]\"><img loading=\"lazy\" decoding=\"async\" aria-describedby=\"caption-attachment-6430\" class=\"wp-image-6430 size-full\" title=\"Orsklobben.\" src=\"https:\/\/blogi.ennola.fi\/wp-content\/uploads\/2021\/10\/Brando_Panorama5-1.jpg\" alt=\"\" width=\"480\" height=\"101\" srcset=\"https:\/\/blogi.ennola.fi\/wp-content\/uploads\/2021\/10\/Brando_Panorama5-1.jpg 480w, https:\/\/blogi.ennola.fi\/wp-content\/uploads\/2021\/10\/Brando_Panorama5-1-150x32.jpg 150w\" sizes=\"(max-width: 480px) 100vw, 480px\" \/><\/a><p id=\"caption-attachment-6430\" class=\"wp-caption-text\">Orsklobben.<\/p><\/div>\n<p>Sunnuntaina palasimme saaristoalueen l\u00e4pi etsiskellen lintuluotoja, joita muistin 90-luvulta k\u00e4ydess\u00e4ni t\u00e4\u00e4ll\u00e4 ensimm\u00e4isen kerran. Jotain l\u00f6ytyikin, mutta olivatko ne samoja, sit\u00e4 en pystynyt muistamaan. Ennen Kihti\u00e4 k\u00e4vimme viel\u00e4 Lillklyndanin vanhalla merivartioasemalla. Aseman rannassa oli pieni m\u00f6kki, joka palveli jonkinlaisen autiotupana. Itse asema oli jo hyvin huonossa kunnossa ja osin romahtanut. Asemalta l\u00e4hdimme suhteellisen suoraan ylitt\u00e4m\u00e4\u00e4n Kihti\u00e4 ja siit\u00e4 suorinta tiet\u00e4 Lanskerin luonnonsuojelualueen l\u00e4pi Pleikil\u00e4\u00e4n.<\/p>\n<div id=\"attachment_6436\" style=\"width: 460px\" class=\"wp-caption aligncenter\"><a href=\"https:\/\/blogi.ennola.fi\/wp-content\/uploads\/2021\/10\/DSCI0429.jpg\" rel=\"lightbox[6411]\"><img loading=\"lazy\" decoding=\"async\" aria-describedby=\"caption-attachment-6436\" class=\"wp-image-6436 size-full\" title=\"N\u00e4rpesgrund.\" src=\"https:\/\/blogi.ennola.fi\/wp-content\/uploads\/2021\/10\/DSCI0429-1.jpg\" alt=\"\" width=\"450\" height=\"300\" srcset=\"https:\/\/blogi.ennola.fi\/wp-content\/uploads\/2021\/10\/DSCI0429-1.jpg 450w, https:\/\/blogi.ennola.fi\/wp-content\/uploads\/2021\/10\/DSCI0429-1-150x100.jpg 150w\" sizes=\"(max-width: 450px) 100vw, 450px\" \/><\/a><p id=\"caption-attachment-6436\" class=\"wp-caption-text\">N\u00e4rpesgrund.<\/p><\/div>\n<p>S\u00e4\u00e4 suosi retke\u00e4 ensimm\u00e4isen p\u00e4iv\u00e4n tuulta lukuun ottamatta, mik\u00e4 nyt sek\u00e4\u00e4n ei ollut mik\u00e4\u00e4n kovin paha. Oli aurinkoista muttei liian kuumaa ja tuultakin riitt\u00e4v\u00e4n v\u00e4h\u00e4n, jotta p\u00e4\u00e4simme k\u00e4ym\u00e4\u00e4n ihan uloimmillakin saarilla. Mantereen p\u00e4\u00e4ll\u00e4 n\u00e4kyi joitain ukkospilvi\u00e4, mutta merelle ne eiv\u00e4t nousseet.<\/p>\n<div class=\"mceTemp\"><\/div>\n<div id=\"attachment_6434\" style=\"width: 460px\" class=\"wp-caption aligncenter\"><a href=\"https:\/\/blogi.ennola.fi\/wp-content\/uploads\/2021\/10\/DSCI0420.jpg\" rel=\"lightbox[6411]\"><img loading=\"lazy\" decoding=\"async\" aria-describedby=\"caption-attachment-6434\" class=\"wp-image-6434 size-full\" title=\"Kuollut harmaahylje Ytterh\u00f6ganin rannalla.\" src=\"https:\/\/blogi.ennola.fi\/wp-content\/uploads\/2021\/10\/DSCI0420-1.jpg\" alt=\"\" width=\"450\" height=\"306\" srcset=\"https:\/\/blogi.ennola.fi\/wp-content\/uploads\/2021\/10\/DSCI0420-1.jpg 450w, https:\/\/blogi.ennola.fi\/wp-content\/uploads\/2021\/10\/DSCI0420-1-150x102.jpg 150w\" sizes=\"(max-width: 450px) 100vw, 450px\" \/><\/a><p id=\"caption-attachment-6434\" class=\"wp-caption-text\">Kuollut harmaahylje Ytterh\u00f6ganin rannalla.<\/p><\/div>\n<div id=\"attachment_6432\" style=\"width: 460px\" class=\"wp-caption aligncenter\"><a href=\"https:\/\/blogi.ennola.fi\/wp-content\/uploads\/2021\/10\/IMG_5288.jpg\" rel=\"lightbox[6411]\"><img loading=\"lazy\" decoding=\"async\" aria-describedby=\"caption-attachment-6432\" class=\"wp-image-6432 size-full\" title=\"Lapintiira.\" src=\"https:\/\/blogi.ennola.fi\/wp-content\/uploads\/2021\/10\/IMG_5288-1.jpg\" alt=\"\" width=\"450\" height=\"271\" srcset=\"https:\/\/blogi.ennola.fi\/wp-content\/uploads\/2021\/10\/IMG_5288-1.jpg 450w, https:\/\/blogi.ennola.fi\/wp-content\/uploads\/2021\/10\/IMG_5288-1-150x90.jpg 150w\" sizes=\"(max-width: 450px) 100vw, 450px\" \/><\/a><p id=\"caption-attachment-6432\" class=\"wp-caption-text\">Lapintiira.<\/p><\/div>\n<p>El\u00e4imi\u00e4 n\u00e4imme ihan kohtuullisesti. N\u00e4imme kuolleen halliuroksen Ytterh\u00f6ganin rannassa. El\u00e4v\u00e4 norppa k\u00e4vi l\u00e4hiet\u00e4isyydelt\u00e4 meit\u00e4 tervehtim\u00e4ss\u00e4 Storklyndanin rannassa. Pohjoisen pingviinin, ruokin n\u00e4keminen l\u00e4mmitti mielt\u00e4ni erityisesti, edellisest\u00e4 havainnostani lienee aikaa vuosia. N\u00e4imme vain muutamia vesilintupoikueita, mik\u00e4 vuodenaikaan n\u00e4hden vaikutti kummalta. Pesim\u00e4tt\u00f6mi\u00e4 pilkkasiipi\u00e4 oli isoissa parvissa. My\u00f6s haahkanaaraita oli valtavissa parvissa ilman poikasia. Kyhmyjoutsenetkin n\u00e4yttiv\u00e4t olevan parvissa ilman poikasia, vaikka yksil\u00f6t n\u00e4yttiv\u00e4tkin sukukypsilt\u00e4. Muuten lintuhavainnot olivat varsin tavallisia: merikihuja, lapintiiroja, r\u00e4ysk\u00e4pari, naurulokkeja, kalalokkeja, merilokkeja ja harmaalokkeja, jokunen laulujoutsenkin kyhmyjoutsenten seassa, muutama merikotka, punajalkavikloja ja meriharakoita.<\/p>\n","protected":false},"excerpt":{"rendered":"<p>Olli-Pekka oli muuttamassa kes\u00e4n j\u00e4lkeen Pohjoiseen ja halusi tehd\u00e4 j\u00e4\u00e4hyv\u00e4ismelonnan Saaristomerelle. Onhan saaristo parasta, mit\u00e4 Turun seutu tarjoaa luonnonyst\u00e4v\u00e4lle. Isompikin ryhm\u00e4 olisi retkelle mahtunut, mutta juhannussuunnitelmat, kes\u00e4lomien alku&#8230;<\/p>\n","protected":false},"author":1,"featured_media":6444,"comment_status":"open","ping_status":"open","sticky":false,"template":"","format":"standard","meta":{"footnotes":""},"categories":[4,8],"tags":[],"_links":{"self":[{"href":"https:\/\/blogi.ennola.fi\/index.php?rest_route=\/wp\/v2\/posts\/6411"}],"collection":[{"href":"https:\/\/blogi.ennola.fi\/index.php?rest_route=\/wp\/v2\/posts"}],"about":[{"href":"https:\/\/blogi.ennola.fi\/index.php?rest_route=\/wp\/v2\/types\/post"}],"author":[{"embeddable":true,"href":"https:\/\/blogi.ennola.fi\/index.php?rest_route=\/wp\/v2\/users\/1"}],"replies":[{"embeddable":true,"href":"https:\/\/blogi.ennola.fi\/index.php?rest_route=%2Fwp%2Fv2%2Fcomments&post=6411"}],"version-history":[{"count":9,"href":"https:\/\/blogi.ennola.fi\/index.php?rest_route=\/wp\/v2\/posts\/6411\/revisions"}],"predecessor-version":[{"id":6730,"href":"https:\/\/blogi.ennola.fi\/index.php?rest_route=\/wp\/v2\/posts\/6411\/revisions\/6730"}],"wp:featuredmedia":[{"embeddable":true,"href":"https:\/\/blogi.ennola.fi\/index.php?rest_route=\/wp\/v2\/media\/6444"}],"wp:attachment":[{"href":"https:\/\/blogi.ennola.fi\/index.php?rest_route=%2Fwp%2Fv2%2Fmedia&parent=6411"}],"wp:term":[{"taxonomy":"category","embeddable":true,"href":"https:\/\/blogi.ennola.fi\/index.php?rest_route=%2Fwp%2Fv2%2Fcategories&post=6411"},{"taxonomy":"post_tag","embeddable":true,"href":"https:\/\/blogi.ennola.fi\/index.php?rest_route=%2Fwp%2Fv2%2Ftags&post=6411"}],"curies":[{"name":"wp","href":"https:\/\/api.w.org\/{rel}","templated":true}]}}