{"id":6459,"date":"2021-10-29T20:52:25","date_gmt":"2021-10-29T17:52:25","guid":{"rendered":"https:\/\/blogi.ennola.fi\/?p=6459"},"modified":"2021-12-17T23:23:27","modified_gmt":"2021-12-17T21:23:27","slug":"seilin-ympariston-saarilla","status":"publish","type":"post","link":"https:\/\/blogi.ennola.fi\/?p=6459","title":{"rendered":"Seilin ymp\u00e4rist\u00f6n saarilla"},"content":{"rendered":"<p>Toipumiseni elokuisesta kantasoluhoidosta on jo edennyt siihen vaiheeseen, ett\u00e4 olen p\u00e4\u00e4ssyt taas vesille. Edellisviikolla tein lyhyen ev\u00e4sretken Seilin l\u00e4hialueen saarille. L\u00e4hdin Airistohotellilta ja siit\u00e4 Haveron pohjoispuolta edestakaisin. P\u00e4iv\u00e4 oli kaunis, vaikka yhden sadekuuron p\u00e4\u00e4lleni sainkin. Etenkin aamu oli upean sumuinen ja tyyni. Iltap\u00e4iv\u00e4ll\u00e4 tuuli nousi kohtalaiseksi. P\u00e4iv\u00e4n lintuhavaintoja olivat yksin\u00e4iset alli ja mustalintu, isokoskeloita, telkki\u00e4, kyhmyjoutsenia ja vanha merikotka.<\/p>\n<p>Retkell\u00e4 her\u00e4si ajatus y\u00f6retkest\u00e4 tuolla suunnalla, kuvattavaahan niiss\u00e4 maisemissa riitt\u00e4isi. Seilin ymp\u00e4rist\u00f6n mets\u00e4iset saaret ovat kyll\u00e4 upeita. Ei sellaisia metsi\u00e4 n\u00e4e en\u00e4\u00e4 mantereen puolella oikein miss\u00e4\u00e4n. Pienimuotoista eri mets\u00e4tyyppien mosaiikkia ja etenkin upeaa vanhaa mets\u00e4\u00e4. Ja aamuisin ja iltaisin valaistusolosuhteet ovat valokuvaamisen kannalta kuitenkin parhaita. Viikonlopuksi luvattiin hyv\u00e4\u00e4 melontakeli\u00e4, joten p\u00e4\u00e4tin l\u00e4hte\u00e4 silloin liikkeelle.<\/p>\n<div id=\"attachment_6473\" style=\"width: 460px\" class=\"wp-caption aligncenter\"><a href=\"https:\/\/blogi.ennola.fi\/wp-content\/uploads\/2021\/10\/DSCI0713.jpg\" rel=\"lightbox[6459]\"><img loading=\"lazy\" decoding=\"async\" aria-describedby=\"caption-attachment-6473\" class=\"wp-image-6473 size-full\" title=\"Korkiasaari, prologi.\" src=\"https:\/\/blogi.ennola.fi\/wp-content\/uploads\/2021\/10\/DSCI0713-1.jpg\" alt=\"\" width=\"450\" height=\"297\" srcset=\"https:\/\/blogi.ennola.fi\/wp-content\/uploads\/2021\/10\/DSCI0713-1.jpg 450w, https:\/\/blogi.ennola.fi\/wp-content\/uploads\/2021\/10\/DSCI0713-1-150x99.jpg 150w\" sizes=\"(max-width: 450px) 100vw, 450px\" \/><\/a><p id=\"caption-attachment-6473\" class=\"wp-caption-text\">Korkiasaari, prologi.<\/p><\/div>\n<p>Viikonlopun l\u00e4hestyess\u00e4 tuuliennusteet kovenivat, mutta koska maasto on suojaisaa, p\u00e4\u00e4tin siit\u00e4 huolimatta l\u00e4hte\u00e4 liikkeelle. Pohjoistuuli oli lauantain kuitenkin jo niin kova, ett\u00e4 p\u00e4\u00e4tin l\u00e4hte\u00e4 tavanomaisen Airistohotellin sijaan jostain Nauvon lautan toiselta puolelta.<\/p>\n<p>L\u00e4ht\u00f6paikkaa hain ensin vanhasta Pikku-Nauvon ja p\u00e4\u00e4saaren v\u00e4lisen lossin rannasta, mutta se oli nyky\u00e4\u00e4n yksityisaluetta. Samoin Biskops\u00f6n sillan pielest\u00e4, mutta siit\u00e4k\u00e4\u00e4n ei p\u00e4\u00e4ssyt rantaan, joten l\u00e4hdin Nauvon keskustasta, etel\u00e4isest\u00e4 satamasta. P\u00e4\u00e4tin l\u00e4hte\u00e4 alkuun nurinkuriseen suuntaan ja kiert\u00e4\u00e4 pienten sunttien kautta Ernholm ymp\u00e4ri. N\u00e4in sain alkuun nauttia hetken my\u00f6t\u00e4tuulesta ja Ernholmin tarjoamasta tuulensuojasta. Loppumatka olikin sarja vastatuuliosuuksia saarten tuomien suojapaikkojen v\u00e4lill\u00e4. Matkalla hy\u00f6dynsin Seiliss\u00e4 t\u00f6iss\u00e4 ollessani oppimaani suojaisaa \u2019preparaattorin reitti\u00e4\u2019.<\/p>\n<div id=\"attachment_6481\" style=\"width: 460px\" class=\"wp-caption aligncenter\"><a href=\"https:\/\/blogi.ennola.fi\/wp-content\/uploads\/2021\/10\/DSCI0714.jpg\" rel=\"lightbox[6459]\"><img loading=\"lazy\" decoding=\"async\" aria-describedby=\"caption-attachment-6481\" class=\"wp-image-6481 size-full\" title=\"Ernholmin rantaa Nauvosta.\" src=\"https:\/\/blogi.ennola.fi\/wp-content\/uploads\/2021\/10\/DSCI0714-1.jpg\" alt=\"\" width=\"450\" height=\"300\" srcset=\"https:\/\/blogi.ennola.fi\/wp-content\/uploads\/2021\/10\/DSCI0714-1.jpg 450w, https:\/\/blogi.ennola.fi\/wp-content\/uploads\/2021\/10\/DSCI0714-1-150x100.jpg 150w\" sizes=\"(max-width: 450px) 100vw, 450px\" \/><\/a><p id=\"caption-attachment-6481\" class=\"wp-caption-text\">Ernholmin rantaa Nauvosta.<\/p><\/div>\n<div id=\"attachment_6482\" style=\"width: 290px\" class=\"wp-caption aligncenter\"><a href=\"https:\/\/blogi.ennola.fi\/wp-content\/uploads\/2021\/10\/DSCI0721.jpg\" rel=\"lightbox[6459]\"><img loading=\"lazy\" decoding=\"async\" aria-describedby=\"caption-attachment-6482\" class=\"wp-image-6482 size-full\" title=\"Kallioranta, V\u00e4ttjan.\" src=\"https:\/\/blogi.ennola.fi\/wp-content\/uploads\/2021\/10\/DSCI0721-1.jpg\" alt=\"\" width=\"280\" height=\"420\" srcset=\"https:\/\/blogi.ennola.fi\/wp-content\/uploads\/2021\/10\/DSCI0721-1.jpg 280w, https:\/\/blogi.ennola.fi\/wp-content\/uploads\/2021\/10\/DSCI0721-1-267x400.jpg 267w, https:\/\/blogi.ennola.fi\/wp-content\/uploads\/2021\/10\/DSCI0721-1-100x150.jpg 100w\" sizes=\"(max-width: 280px) 100vw, 280px\" \/><\/a><p id=\"caption-attachment-6482\" class=\"wp-caption-text\">Kallioranta, V\u00e4ttjan.<\/p><\/div>\n<div id=\"attachment_6483\" style=\"width: 460px\" class=\"wp-caption aligncenter\"><a href=\"https:\/\/blogi.ennola.fi\/wp-content\/uploads\/2021\/10\/DSCI0724.jpg\" rel=\"lightbox[6459]\"><img loading=\"lazy\" decoding=\"async\" aria-describedby=\"caption-attachment-6483\" class=\"wp-image-6483 size-full\" title=\"Kallioranta, V\u00e4ttjan.\" src=\"https:\/\/blogi.ennola.fi\/wp-content\/uploads\/2021\/10\/DSCI0724-1.jpg\" alt=\"\" width=\"450\" height=\"300\" srcset=\"https:\/\/blogi.ennola.fi\/wp-content\/uploads\/2021\/10\/DSCI0724-1.jpg 450w, https:\/\/blogi.ennola.fi\/wp-content\/uploads\/2021\/10\/DSCI0724-1-150x100.jpg 150w\" sizes=\"(max-width: 450px) 100vw, 450px\" \/><\/a><p id=\"caption-attachment-6483\" class=\"wp-caption-text\">Kallioranta, V\u00e4ttjan.<\/p><\/div>\n<div id=\"attachment_6472\" style=\"width: 460px\" class=\"wp-caption aligncenter\"><a href=\"https:\/\/blogi.ennola.fi\/wp-content\/uploads\/2021\/10\/DSCI0727.jpg\" rel=\"lightbox[6459]\"><img loading=\"lazy\" decoding=\"async\" aria-describedby=\"caption-attachment-6472\" class=\"wp-image-6472 size-full\" title=\"Ruovikkoa, Stora Tr\u00e4skholm.\" src=\"https:\/\/blogi.ennola.fi\/wp-content\/uploads\/2021\/10\/DSCI0727-1.jpg\" alt=\"\" width=\"450\" height=\"300\" srcset=\"https:\/\/blogi.ennola.fi\/wp-content\/uploads\/2021\/10\/DSCI0727-1.jpg 450w, https:\/\/blogi.ennola.fi\/wp-content\/uploads\/2021\/10\/DSCI0727-1-150x100.jpg 150w\" sizes=\"(max-width: 450px) 100vw, 450px\" \/><\/a><p id=\"caption-attachment-6472\" class=\"wp-caption-text\">Ruovikkoa, Stora Tr\u00e4skholm.<\/p><\/div>\n<p>Illan tullen pilvet v\u00e4istyiv\u00e4t ja auringonlasku oli kaunis. Valitettavasti tuulinen syksy oli jo vienyt ruskan puista, mutta laskevan auringon s\u00e4teet kultasivat syksyisen, keltaisen ruovikon kauniisti. Lyhyen valoisan p\u00e4iv\u00e4n halusin k\u00e4ytt\u00e4\u00e4 kokonaan liikkumiseen ja kuvaamiseen. Vasta illan jo pimennytty\u00e4 pys\u00e4hdyin rannalle tekem\u00e4\u00e4n illallista. Y\u00f6paikkani oli hieman tuulelle alttiina ja jouduin ottamaan makuupussinkin l\u00e4mmitt\u00e4m\u00e4\u00e4n itse\u00e4ni. My\u00f6hemmin illalla sain seurata aitiopaikalta jokailtaista autolauttojen ohipurjehdusta.<\/p>\n<div id=\"attachment_6474\" style=\"width: 490px\" class=\"wp-caption aligncenter\"><a href=\"https:\/\/blogi.ennola.fi\/wp-content\/uploads\/2021\/10\/Seili_Panorama2.jpg\" rel=\"lightbox[6459]\"><img loading=\"lazy\" decoding=\"async\" aria-describedby=\"caption-attachment-6474\" class=\"wp-image-6474 size-full\" title=\"Ruovikkoa, Stora Tr\u00e4skholm.\" src=\"https:\/\/blogi.ennola.fi\/wp-content\/uploads\/2021\/10\/Seili_Panorama2-1.jpg\" alt=\"\" width=\"480\" height=\"116\" \/><\/a><p id=\"caption-attachment-6474\" class=\"wp-caption-text\">Ruovikkoa, Stora Tr\u00e4skholm.<\/p><\/div>\n<div id=\"attachment_6475\" style=\"width: 490px\" class=\"wp-caption aligncenter\"><a href=\"https:\/\/blogi.ennola.fi\/wp-content\/uploads\/2021\/10\/Seili_Panorama6.jpg\" rel=\"lightbox[6459]\"><img loading=\"lazy\" decoding=\"async\" aria-describedby=\"caption-attachment-6475\" class=\"wp-image-6475 size-full\" title=\"Ruovikkoa, Stora Tr\u00e4skholm.\" src=\"https:\/\/blogi.ennola.fi\/wp-content\/uploads\/2021\/10\/Seili_Panorama6-1.jpg\" alt=\"\" width=\"480\" height=\"123\" \/><\/a><p id=\"caption-attachment-6475\" class=\"wp-caption-text\">Ruovikkoa, Stora Tr\u00e4skholm.<\/p><\/div>\n<div id=\"attachment_6476\" style=\"width: 490px\" class=\"wp-caption aligncenter\"><a href=\"https:\/\/blogi.ennola.fi\/wp-content\/uploads\/2021\/10\/Seili_Panorama4.jpg\" rel=\"lightbox[6459]\"><img loading=\"lazy\" decoding=\"async\" aria-describedby=\"caption-attachment-6476\" class=\"wp-image-6476 size-full\" title=\"Rantalepikko, Stora Tr\u00e4skholm.\" src=\"https:\/\/blogi.ennola.fi\/wp-content\/uploads\/2021\/10\/Seili_Panorama4-1.jpg\" alt=\"\" width=\"480\" height=\"253\" \/><\/a><p id=\"caption-attachment-6476\" class=\"wp-caption-text\">Rantalepikko, Stora Tr\u00e4skholm.<\/p><\/div>\n<div id=\"attachment_6477\" style=\"width: 490px\" class=\"wp-caption aligncenter\"><a href=\"https:\/\/blogi.ennola.fi\/wp-content\/uploads\/2021\/10\/Seili_Panorama7.jpg\" rel=\"lightbox[6459]\"><img loading=\"lazy\" decoding=\"async\" aria-describedby=\"caption-attachment-6477\" class=\"wp-image-6477 size-full\" title=\"Auringonlasku, Stora Tr\u00e4skholm.\" src=\"https:\/\/blogi.ennola.fi\/wp-content\/uploads\/2021\/10\/Seili_Panorama7-1.jpg\" alt=\"\" width=\"480\" height=\"115\" \/><\/a><p id=\"caption-attachment-6477\" class=\"wp-caption-text\">Auringonlasku, Stora Tr\u00e4skholm.<\/p><\/div>\n<p>Y\u00f6 oli kirkas, l\u00e4mp\u00f6tila laski pakkaselle, tuuli tyyntyi ja k\u00e4\u00e4ntyi. Minulla uni maittoi y\u00f6ll\u00e4. Her\u00e4tess\u00e4ni turhan my\u00f6h\u00e4\u00e4n aurinko oli jo nousemassa ja ehdin ottaa vain yhden kuvan auringon ensi s\u00e4teist\u00e4 ennen sen menoa pilviverhon taakse.<\/p>\n<p>Y\u00f6ll\u00e4 kettu oli k\u00e4ynyt leiriss\u00e4ni ja tutkinut keitint\u00e4ni sek\u00e4 jotain roskiani. Keittimen tuulisuojaan se oli tehnyt hampaanj\u00e4lkens\u00e4. Onnekseni ruokas\u00e4kin se oli j\u00e4tt\u00e4nyt koskemattomaksi. Aamutoimissa kului turhan paljon aikaa. Kun lopulta p\u00e4\u00e4sin liikkeelle, tuuli oli jo noussut ja kun se my\u00f6s y\u00f6ll\u00e4 oli k\u00e4\u00e4ntynyt, tiesi se taas vastatuuliosuuksia saarten tuomien suojapaikkojen v\u00e4lill\u00e4. K\u00e4vin rannan tarkkaan l\u00e4pi, etten olisi j\u00e4tt\u00e4nyt j\u00e4lkeeni ketun levitt\u00e4mi\u00e4 roskia ja samalla otin mukaani my\u00f6s muuta aaltojen tuomaa muoviroskaa. Voisikin jatkossa olla ideaa ottaa tavaksi siivota leiripaikkansa muoviroskista mahdollisuuksien mukaan \u2013 ihan pohjattomasti kajakkiin ei roska kuitenkaan mahdu.<\/p>\n<div id=\"attachment_6478\" style=\"width: 490px\" class=\"wp-caption aligncenter\"><a href=\"https:\/\/blogi.ennola.fi\/wp-content\/uploads\/2021\/10\/Seili_Panorama1.jpg\" rel=\"lightbox[6459]\"><img loading=\"lazy\" decoding=\"async\" aria-describedby=\"caption-attachment-6478\" class=\"wp-image-6478 size-full\" title=\"Auringon ensi s\u00e4teet, Stora Tr\u00e4skholm.\" src=\"https:\/\/blogi.ennola.fi\/wp-content\/uploads\/2021\/10\/Seili_Panorama1-1.jpg\" alt=\"\" width=\"480\" height=\"118\" \/><\/a><p id=\"caption-attachment-6478\" class=\"wp-caption-text\">Auringon ensi s\u00e4teet, Stora Tr\u00e4skholm.<\/p><\/div>\n<div id=\"attachment_6479\" style=\"width: 490px\" class=\"wp-caption aligncenter\"><a href=\"https:\/\/blogi.ennola.fi\/wp-content\/uploads\/2021\/10\/Seili_Panorama5.jpg\" rel=\"lightbox[6459]\"><img loading=\"lazy\" decoding=\"async\" aria-describedby=\"caption-attachment-6479\" class=\"wp-image-6479 size-full\" title=\"Kaksi kalliom\u00e4nty\u00e4, Stora Tr\u00e4skholm.\" src=\"https:\/\/blogi.ennola.fi\/wp-content\/uploads\/2021\/10\/Seili_Panorama5-1.jpg\" alt=\"\" width=\"480\" height=\"280\" \/><\/a><p id=\"caption-attachment-6479\" class=\"wp-caption-text\">Kaksi kalliom\u00e4nty\u00e4, Stora Tr\u00e4skholm.<\/p><\/div>\n<p>Vastatuulesta huolimatta p\u00e4\u00e4tin kiert\u00e4\u00e4 Seilin saaren, k\u00e4yd\u00e4 katsomassa maisemia Korkiasaaren huipulta sek\u00e4 tutkia suojelualueen etel\u00e4isi\u00e4 saaria, joiden suunnalla en ole aiemmin k\u00e4ynyt. Korkiasaaressa avokallioiden v\u00e4liss\u00e4 oli upeaa monimuotoista luonnonmets\u00e4\u00e4 ja kalliot komean paksun j\u00e4k\u00e4l\u00e4n peitossa. Hieno paikka pys\u00e4hty\u00e4 tauolla.<\/p>\n<div id=\"attachment_6480\" style=\"width: 490px\" class=\"wp-caption aligncenter\"><a href=\"https:\/\/blogi.ennola.fi\/wp-content\/uploads\/2021\/10\/Seili_Panorama3.jpg\" rel=\"lightbox[6459]\"><img loading=\"lazy\" decoding=\"async\" aria-describedby=\"caption-attachment-6480\" class=\"wp-image-6480 size-full\" title=\"N\u00e4k\u00f6ala Airistolle, Korkiasaari.\" src=\"https:\/\/blogi.ennola.fi\/wp-content\/uploads\/2021\/10\/Seili_Panorama3-1.jpg\" alt=\"\" width=\"480\" height=\"90\" srcset=\"https:\/\/blogi.ennola.fi\/wp-content\/uploads\/2021\/10\/Seili_Panorama3-1.jpg 480w, https:\/\/blogi.ennola.fi\/wp-content\/uploads\/2021\/10\/Seili_Panorama3-1-150x28.jpg 150w\" sizes=\"(max-width: 480px) 100vw, 480px\" \/><\/a><p id=\"caption-attachment-6480\" class=\"wp-caption-text\">N\u00e4k\u00f6ala Airistolle, Korkiasaari.<\/p><\/div>\n<p>Syksy teki jo kovasti tuloaan. Saarissa tintti parvet varautuivat jo talveen. Parvissa oli tali-, t\u00f6yht\u00f6- ja kuusitinttej\u00e4 sek\u00e4 hippi\u00e4isi\u00e4 ja puukiipij\u00f6it\u00e4. H\u00f6m\u00f6tiaiset loistivat poissaolollaan. K\u00e4pytikat ja palok\u00e4rki valmistautuivat samoin talveen. L\u00f6yh\u00e4t varisparvet lensiv\u00e4t saarten yli kohti etel\u00e4\u00e4. Telk\u00e4t olivat kokoontuneet jo isoiksi parviksi. Koskeloita n\u00e4kyi pienin\u00e4 porukoina ja tietysti kyhmyjoutsenpoikueita. Leiripaikan l\u00e4heisyydess\u00e4 p\u00e4\u00e4sin l\u00e4helle valkoh\u00e4nt\u00e4peuraa ja sen kahta vasaa, kun ne eiv\u00e4t oikein tajunneet pel\u00e4t\u00e4 kajakkia ja melojaa.<\/p>\n<p>Automatkalla Nauvosta kotiin l\u00e4hestulkoon t\u00f6rm\u00e4sin valkoh\u00e4nt\u00e4peuraan. Se oli todella l\u00e4hell\u00e4, varmaankin vain sekunnin osista kiinni. Refleksinomaisesti ehdin hieman hidastaa, mik\u00e4 saattoi ratkaista sen, ettemme t\u00f6rm\u00e4nneet.<\/p>\n<p>Melontamatkaa kertyi yhteens\u00e4 36 kilometri\u00e4, mik\u00e4 on ihan hyv\u00e4 matka my\u00f6h\u00e4issyksyiselle viikonloppuretkelle.<\/p>\n","protected":false},"excerpt":{"rendered":"<p>Toipumiseni elokuisesta kantasoluhoidosta on jo edennyt siihen vaiheeseen, ett\u00e4 olen p\u00e4\u00e4ssyt taas vesille. Edellisviikolla tein lyhyen ev\u00e4sretken Seilin l\u00e4hialueen saarille. L\u00e4hdin Airistohotellilta ja siit\u00e4 Haveron pohjoispuolta edestakaisin. P\u00e4iv\u00e4&#8230;<\/p>\n","protected":false},"author":1,"featured_media":6484,"comment_status":"open","ping_status":"open","sticky":false,"template":"","format":"standard","meta":{"footnotes":""},"categories":[4,8],"tags":[],"_links":{"self":[{"href":"https:\/\/blogi.ennola.fi\/index.php?rest_route=\/wp\/v2\/posts\/6459"}],"collection":[{"href":"https:\/\/blogi.ennola.fi\/index.php?rest_route=\/wp\/v2\/posts"}],"about":[{"href":"https:\/\/blogi.ennola.fi\/index.php?rest_route=\/wp\/v2\/types\/post"}],"author":[{"embeddable":true,"href":"https:\/\/blogi.ennola.fi\/index.php?rest_route=\/wp\/v2\/users\/1"}],"replies":[{"embeddable":true,"href":"https:\/\/blogi.ennola.fi\/index.php?rest_route=%2Fwp%2Fv2%2Fcomments&post=6459"}],"version-history":[{"count":4,"href":"https:\/\/blogi.ennola.fi\/index.php?rest_route=\/wp\/v2\/posts\/6459\/revisions"}],"predecessor-version":[{"id":6948,"href":"https:\/\/blogi.ennola.fi\/index.php?rest_route=\/wp\/v2\/posts\/6459\/revisions\/6948"}],"wp:featuredmedia":[{"embeddable":true,"href":"https:\/\/blogi.ennola.fi\/index.php?rest_route=\/wp\/v2\/media\/6484"}],"wp:attachment":[{"href":"https:\/\/blogi.ennola.fi\/index.php?rest_route=%2Fwp%2Fv2%2Fmedia&parent=6459"}],"wp:term":[{"taxonomy":"category","embeddable":true,"href":"https:\/\/blogi.ennola.fi\/index.php?rest_route=%2Fwp%2Fv2%2Fcategories&post=6459"},{"taxonomy":"post_tag","embeddable":true,"href":"https:\/\/blogi.ennola.fi\/index.php?rest_route=%2Fwp%2Fv2%2Ftags&post=6459"}],"curies":[{"name":"wp","href":"https:\/\/api.w.org\/{rel}","templated":true}]}}