{"id":6546,"date":"2021-11-21T22:50:46","date_gmt":"2021-11-21T20:50:46","guid":{"rendered":"https:\/\/blogi.ennola.fi\/?p=6546"},"modified":"2021-11-21T22:50:46","modified_gmt":"2021-11-21T20:50:46","slug":"syksyinen-ja-tuulinen-kustavi","status":"publish","type":"post","link":"https:\/\/blogi.ennola.fi\/?p=6546","title":{"rendered":"Syksyinen ja tuulinen Kustavi"},"content":{"rendered":"<p>Loka-marraskuun vaihteessa olin j\u00e4lleen l\u00e4hd\u00f6ss\u00e4 lyhyelle melontaretkelle. Nyt ajatuksena oli olla kaksi y\u00f6t\u00e4, kun edellinen yhden y\u00f6n retki oli mennyt hyvin. Pitk\u00e4n ajan ennuste lupasi viikonlopuksi maltillista s\u00e4\u00e4t\u00e4, joten retki oli j\u00e4rkev\u00e4\u00e4 ajoittaa siihen. Seuramme melojia oli l\u00e4hd\u00f6ss\u00e4 samana viikonloppuna Kustaviin, joten min\u00e4kin suuntasin matkani sinne. Olisihan se kiva n\u00e4hd\u00e4 ja kuulla kavereita useamman kuukauden tauon j\u00e4lkeen.<\/p>\n<p>Pakkasin kaikki varusteet jo valmiiksi perjantaina, jotta p\u00e4\u00e4sisin lauantaiaamuna varhain liikkeelle. P\u00e4\u00e4sinkin vesille niihin aikoihin, kun muut vasta pakkasivat varusteitaan vajalla. Yhteiskyyteihin en olisi kuitenkaan voinut osallistua, koska tarkoitukseni oli j\u00e4\u00e4d\u00e4 viel\u00e4 maanantaiksi vesille, muiden jo palattua edellisen\u00e4 p\u00e4iv\u00e4n\u00e4 koteihinsa.<\/p>\n<div id=\"attachment_6569\" style=\"width: 460px\" class=\"wp-caption aligncenter\"><a href=\"https:\/\/blogi.ennola.fi\/wp-content\/uploads\/2021\/11\/DSCI0730.jpg\" rel=\"lightbox[6546]\"><img loading=\"lazy\" decoding=\"async\" aria-describedby=\"caption-attachment-6569\" class=\"wp-image-6569 size-full\" title=\"Kajakkini Vuoriper\u00e4n rannalla, Pieskeriss\u00e4.\" src=\"https:\/\/blogi.ennola.fi\/wp-content\/uploads\/2021\/11\/DSCI0730-1.jpg\" alt=\"\" width=\"450\" height=\"300\" srcset=\"https:\/\/blogi.ennola.fi\/wp-content\/uploads\/2021\/11\/DSCI0730-1.jpg 450w, https:\/\/blogi.ennola.fi\/wp-content\/uploads\/2021\/11\/DSCI0730-1-150x100.jpg 150w\" sizes=\"(max-width: 450px) 100vw, 450px\" \/><\/a><p id=\"caption-attachment-6569\" class=\"wp-caption-text\">Kajakkini Vuoriper\u00e4n rannalla, Pieskeriss\u00e4.<\/p><\/div>\n<p>Kustavi lopulta osoittautui hyv\u00e4ksi kohteeksi, koska ensimm\u00e4isist\u00e4 s\u00e4\u00e4tiedoista poiketen koko viikonlopun tuuli varsin navakasti, yli 10 m\/s. Tarjoaahan Lanskerin luonnonsuojelualue ymp\u00e4rist\u00f6ineen suojaisia, mutta silti luonnonkauniita vesi\u00e4 meloa huonommallakin s\u00e4\u00e4ll\u00e4. Olimme sopineet tapaavamme illalla Lasklopin saaressa y\u00f6pymisen merkeiss\u00e4. Suojelualueen ulkopuolella, sill\u00e4 leiriytyminen luonnonsuojelualueella ei ole sallittua. Saari oli sopiva ja kaunis leiripaikaksi, vaikka horisontti ei saareen n\u00e4kynytk\u00e4\u00e4n.<\/p>\n<div id=\"attachment_6566\" style=\"width: 490px\" class=\"wp-caption aligncenter\"><a href=\"https:\/\/blogi.ennola.fi\/wp-content\/uploads\/2021\/11\/Kustavi_Panorama60.jpg\" rel=\"lightbox[6546]\"><img loading=\"lazy\" decoding=\"async\" aria-describedby=\"caption-attachment-6566\" class=\"wp-image-6566 size-full\" title=\"Sumua, Vuoriper\u00e4, Pieskeri.\" src=\"https:\/\/blogi.ennola.fi\/wp-content\/uploads\/2021\/11\/Kustavi_Panorama60-1.jpg\" alt=\"\" width=\"480\" height=\"142\" srcset=\"https:\/\/blogi.ennola.fi\/wp-content\/uploads\/2021\/11\/Kustavi_Panorama60-1.jpg 480w, https:\/\/blogi.ennola.fi\/wp-content\/uploads\/2021\/11\/Kustavi_Panorama60-1-150x44.jpg 150w\" sizes=\"(max-width: 480px) 100vw, 480px\" \/><\/a><p id=\"caption-attachment-6566\" class=\"wp-caption-text\">Sumua, Vuoriper\u00e4, Pieskeri.<\/p><\/div>\n<div id=\"attachment_6567\" style=\"width: 490px\" class=\"wp-caption aligncenter\"><a href=\"https:\/\/blogi.ennola.fi\/wp-content\/uploads\/2021\/11\/Kustavi_Panorama51.jpg\" rel=\"lightbox[6546]\"><img loading=\"lazy\" decoding=\"async\" aria-describedby=\"caption-attachment-6567\" class=\"wp-image-6567 size-full\" title=\"Maisema pohjoiseen, Pieskeri.\" src=\"https:\/\/blogi.ennola.fi\/wp-content\/uploads\/2021\/11\/Kustavi_Panorama51-1.jpg\" alt=\"\" width=\"480\" height=\"117\" srcset=\"https:\/\/blogi.ennola.fi\/wp-content\/uploads\/2021\/11\/Kustavi_Panorama51-1.jpg 480w, https:\/\/blogi.ennola.fi\/wp-content\/uploads\/2021\/11\/Kustavi_Panorama51-1-150x37.jpg 150w\" sizes=\"(max-width: 480px) 100vw, 480px\" \/><\/a><p id=\"caption-attachment-6567\" class=\"wp-caption-text\">Maisema pohjoiseen, Pieskeri.<\/p><\/div>\n<div id=\"attachment_6568\" style=\"width: 490px\" class=\"wp-caption aligncenter\"><a href=\"https:\/\/blogi.ennola.fi\/wp-content\/uploads\/2021\/11\/Kustavi_Panorama56.jpg\" rel=\"lightbox[6546]\"><img loading=\"lazy\" decoding=\"async\" aria-describedby=\"caption-attachment-6568\" class=\"wp-image-6568 size-full\" title=\"Aurinkoa, Vuoriper\u00e4, Pieskeri.\" src=\"https:\/\/blogi.ennola.fi\/wp-content\/uploads\/2021\/11\/Kustavi_Panorama56-1.jpg\" alt=\"\" width=\"480\" height=\"181\" \/><\/a><p id=\"caption-attachment-6568\" class=\"wp-caption-text\">Aurinkoa, Vuoriper\u00e4, Pieskeri.<\/p><\/div>\n<p>Olin pari tuntia muita aiemmin vesill\u00e4, joten p\u00e4\u00e4tin k\u00e4yd\u00e4 katselemassa alueen etel\u00e4puolella olevaa kiipeilysaarta, Pieskeri\u00e4. Matka Pieskeriin oli melkoista punnertamista napakkaan vastatuuleen. Reitin suojaisuuskaan harvoin auttaa siihen, ett\u00e4 tuulen ollessa yli 10 m\/s vastatuuleen eteneminen on vaan raskasta ja hitaan tuntuista. Rantauduin saaren luoteisosassa olevan lahden, Vuoriper\u00e4n, rannalle ja kiipesin kameroineni ihailemaan maisemia ja katsomaan m\u00e4en p\u00e4\u00e4ll\u00e4 olevaa lampea. Itse lahti oli upea parikymmenmetristen kallioiden reunustama kattila.<\/p>\n<p>Otin kamerani mukaan yl\u00f6s, mutta en kaivanut kajakista jalustaa, kun s\u00e4\u00e4 ei vaikuttanut kovin lupaavalta hyvien kuvien saamiseksi. Se oli virhe, sill\u00e4 juuri kallion p\u00e4\u00e4ll\u00e4 ollessani aurinko tuli esiin noin puoleksi tunniksi. Sain kuvatuksi upeita syksyisi\u00e4 n\u00e4k\u00f6alakuvia, mutta ilman jalustaa, mik\u00e4 tekee niiden yhdist\u00e4misen panoraamaksi vaikeammaksi ja heikkolaatuisemmaksi. Auringon paistaessa pystyi aistimaan sen tuoman l\u00e4mm\u00f6n, mik\u00e4 my\u00f6h\u00e4\u00e4n syksyll\u00e4 tuntuu aina yht\u00e4 upealta.<\/p>\n<div id=\"attachment_6565\" style=\"width: 490px\" class=\"wp-caption aligncenter\"><a href=\"https:\/\/blogi.ennola.fi\/wp-content\/uploads\/2021\/11\/Kustavi_Panorama52.jpg\" rel=\"lightbox[6546]\"><img loading=\"lazy\" decoding=\"async\" aria-describedby=\"caption-attachment-6565\" class=\"wp-image-6565 size-full\" title=\"Pohjoinen ranta, Laskloppi.\" src=\"https:\/\/blogi.ennola.fi\/wp-content\/uploads\/2021\/11\/Kustavi_Panorama52-1.jpg\" alt=\"\" width=\"480\" height=\"219\" srcset=\"https:\/\/blogi.ennola.fi\/wp-content\/uploads\/2021\/11\/Kustavi_Panorama52-1.jpg 480w, https:\/\/blogi.ennola.fi\/wp-content\/uploads\/2021\/11\/Kustavi_Panorama52-1-150x68.jpg 150w\" sizes=\"(max-width: 480px) 100vw, 480px\" \/><\/a><p id=\"caption-attachment-6565\" class=\"wp-caption-text\">Pohjoinen ranta, Laskloppi.<\/p><\/div>\n<p>Kiersin viel\u00e4 Pieskerin ymp\u00e4ri kajakilla ja l\u00e4hdin melomaan leirisaareemme, nyt hyv\u00e4\u00e4n my\u00f6t\u00e4tuuleen. Pukkeenluodon ja Lanskerin v\u00e4lisell\u00e4 vesialueella tuuli p\u00e4\u00e4si nostamaan Kihdilt\u00e4 aaltoja, jotka antoivat v\u00e4h\u00e4n surffia ja vauhtia. Leirisaaressa olin illansuussa osan porukkaa jo saavuttua paikalle. Viimeiset tulivat paikalle my\u00f6h\u00e4\u00e4n illalla s\u00e4kkipime\u00e4ss\u00e4 otsalamppujen valossa. Lopulta meit\u00e4 oli seitsem\u00e4n melojaa paikalla. Ilta kuluikin my\u00f6h\u00e4\u00e4n y\u00f6h\u00f6n kuulumisia vaihtaessa, joten seuraavana aamuna en ihan auringonnousuun viel\u00e4 her\u00e4nnyt.<\/p>\n<div id=\"attachment_6564\" style=\"width: 490px\" class=\"wp-caption aligncenter\"><a href=\"https:\/\/blogi.ennola.fi\/wp-content\/uploads\/2021\/11\/Kustavi_Panorama57.jpg\" rel=\"lightbox[6546]\"><img loading=\"lazy\" decoding=\"async\" aria-describedby=\"caption-attachment-6564\" class=\"wp-image-6564 size-full\" title=\"Pilskeri.\" src=\"https:\/\/blogi.ennola.fi\/wp-content\/uploads\/2021\/11\/Kustavi_Panorama57-1.jpg\" alt=\"\" width=\"480\" height=\"125\" srcset=\"https:\/\/blogi.ennola.fi\/wp-content\/uploads\/2021\/11\/Kustavi_Panorama57-1.jpg 480w, https:\/\/blogi.ennola.fi\/wp-content\/uploads\/2021\/11\/Kustavi_Panorama57-1-150x39.jpg 150w\" sizes=\"(max-width: 480px) 100vw, 480px\" \/><\/a><p id=\"caption-attachment-6564\" class=\"wp-caption-text\">Pilskeri.<\/p><\/div>\n<p>Sunnuntaiaamuna kiersin saaren rauhassa ymp\u00e4ri ja l\u00e4hdin vesille vasta viimeisten melojien mukana. Muiden palatessa autolleen, min\u00e4 l\u00e4hdin kiert\u00e4m\u00e4\u00e4n Lanskerin saarta. Matkalla pys\u00e4hdyin Pilskeriss\u00e4 ja Lanskerissa lyhyill\u00e4 tauoilla. Tullessani yksin\u00e4iseen leirisaareni ilta alkoi olla jo pimentynyt.<\/p>\n<p>Illalla sain yll\u00e4tt\u00e4en puhelinsoiton Pasilta, joka oli unohtanut k\u00e4nnykk\u00e4ns\u00e4 saareen. Hetken sit\u00e4 illalla etsiskelin l\u00f6yt\u00e4m\u00e4tt\u00e4 leiripaikalta ja ajattelin jatkaa aamulla paremmassa valossa. Ruokailun yhteydess\u00e4 kuulin kuitenkin v\u00e4h\u00e4n matkan p\u00e4\u00e4st\u00e4 heikon k\u00e4nnyk\u00e4n piippauksen ja siit\u00e4 suunnasta se sitten l\u00f6ytyikin. Koetin soittaa l\u00f6yt\u00e4neeni k\u00e4nnyk\u00e4n, mutta nyt omasta puhelimestani virta loppui ja yll\u00e4tt\u00e4en en saanut sit\u00e4 virtal\u00e4hteell\u00e4ni en\u00e4\u00e4 ladatuksi. K\u00e4nnyk\u00e4n latauspiiri oli ilmeisestikin tullut tiens\u00e4 p\u00e4\u00e4h\u00e4n. Jotenkin sain taiteiltua sill\u00e4 viel\u00e4 yksitt\u00e4isen whatsup-viestin, mutta se ei koskaan Pasia tavoittanut, sill\u00e4 seuraavana p\u00e4iv\u00e4n\u00e4 n\u00e4in h\u00e4net etsim\u00e4ss\u00e4 k\u00e4nnykk\u00e4\u00e4ns\u00e4.<\/p>\n<div id=\"attachment_6563\" style=\"width: 490px\" class=\"wp-caption aligncenter\"><a href=\"https:\/\/blogi.ennola.fi\/wp-content\/uploads\/2021\/11\/Kustavi_Panorama58.jpg\" rel=\"lightbox[6546]\"><img loading=\"lazy\" decoding=\"async\" aria-describedby=\"caption-attachment-6563\" class=\"wp-image-6563 size-full\" title=\"Sumuinen aamu, Laskloppi.\" src=\"https:\/\/blogi.ennola.fi\/wp-content\/uploads\/2021\/11\/Kustavi_Panorama58-1.jpg\" alt=\"\" width=\"480\" height=\"107\" srcset=\"https:\/\/blogi.ennola.fi\/wp-content\/uploads\/2021\/11\/Kustavi_Panorama58-1.jpg 480w, https:\/\/blogi.ennola.fi\/wp-content\/uploads\/2021\/11\/Kustavi_Panorama58-1-150x33.jpg 150w\" sizes=\"(max-width: 480px) 100vw, 480px\" \/><\/a><p id=\"caption-attachment-6563\" class=\"wp-caption-text\">Sumuinen aamu, Laskloppi.<\/p><\/div>\n<div id=\"attachment_6562\" style=\"width: 490px\" class=\"wp-caption aligncenter\"><a href=\"https:\/\/blogi.ennola.fi\/wp-content\/uploads\/2021\/11\/Kustavi_Panorama61.jpg\" rel=\"lightbox[6546]\"><img loading=\"lazy\" decoding=\"async\" aria-describedby=\"caption-attachment-6562\" class=\"wp-image-6562 size-full\" title=\"Sumuinen aamu, Laskloppi.\" src=\"https:\/\/blogi.ennola.fi\/wp-content\/uploads\/2021\/11\/Kustavi_Panorama61-1.jpg\" alt=\"\" width=\"480\" height=\"106\" srcset=\"https:\/\/blogi.ennola.fi\/wp-content\/uploads\/2021\/11\/Kustavi_Panorama61-1.jpg 480w, https:\/\/blogi.ennola.fi\/wp-content\/uploads\/2021\/11\/Kustavi_Panorama61-1-150x33.jpg 150w\" sizes=\"(max-width: 480px) 100vw, 480px\" \/><\/a><p id=\"caption-attachment-6562\" class=\"wp-caption-text\">Sumuinen aamu, Laskloppi.<\/p><\/div>\n<div id=\"attachment_6561\" style=\"width: 490px\" class=\"wp-caption aligncenter\"><a href=\"https:\/\/blogi.ennola.fi\/wp-content\/uploads\/2021\/11\/Kustavi_Panorama55.jpg\" rel=\"lightbox[6546]\"><img loading=\"lazy\" decoding=\"async\" aria-describedby=\"caption-attachment-6561\" class=\"wp-image-6561 size-full\" title=\"Sumuinen aamu, Laskloppi.\" src=\"https:\/\/blogi.ennola.fi\/wp-content\/uploads\/2021\/11\/Kustavi_Panorama55-1.jpg\" alt=\"\" width=\"480\" height=\"104\" srcset=\"https:\/\/blogi.ennola.fi\/wp-content\/uploads\/2021\/11\/Kustavi_Panorama55-1.jpg 480w, https:\/\/blogi.ennola.fi\/wp-content\/uploads\/2021\/11\/Kustavi_Panorama55-1-150x33.jpg 150w\" sizes=\"(max-width: 480px) 100vw, 480px\" \/><\/a><p id=\"caption-attachment-6561\" class=\"wp-caption-text\">Sumuinen aamu, Laskloppi.<\/p><\/div>\n<div id=\"attachment_6560\" style=\"width: 490px\" class=\"wp-caption aligncenter\"><a href=\"https:\/\/blogi.ennola.fi\/wp-content\/uploads\/2021\/11\/Kustavi_Panorama53.jpg\" rel=\"lightbox[6546]\"><img loading=\"lazy\" decoding=\"async\" aria-describedby=\"caption-attachment-6560\" class=\"wp-image-6560 size-full\" title=\"Sumuinen aamu, Laskloppi.\" src=\"https:\/\/blogi.ennola.fi\/wp-content\/uploads\/2021\/11\/Kustavi_Panorama53-1.jpg\" alt=\"\" width=\"480\" height=\"109\" srcset=\"https:\/\/blogi.ennola.fi\/wp-content\/uploads\/2021\/11\/Kustavi_Panorama53-1.jpg 480w, https:\/\/blogi.ennola.fi\/wp-content\/uploads\/2021\/11\/Kustavi_Panorama53-1-150x34.jpg 150w\" sizes=\"(max-width: 480px) 100vw, 480px\" \/><\/a><p id=\"caption-attachment-6560\" class=\"wp-caption-text\">Sumuinen aamu, Laskloppi.<\/p><\/div>\n<p>Maanantaiaamu valkeni sumuisena ja k\u00e4vin kiert\u00e4m\u00e4ss\u00e4 leirisaartani etsim\u00e4ss\u00e4 sopivia maisemia kuvattavaksi. Olin toivonut saavani kuvattua t\u00e4ll\u00e4 reissulla enempi sis\u00e4saariston tunnelmia, mihin sumuinen ja harmaa s\u00e4\u00e4 mielest\u00e4ni sopivat erinomaisesti. Aamiaisen j\u00e4lkeen l\u00e4hdin liikkeelle ja p\u00e4\u00e4tin rantautua Kaaskerissa ja parissa muussa saaressa, miss\u00e4 en ole aiemmin k\u00e4ynyt. Noiden k\u00e4yntien j\u00e4lkeen olikin aika palata takaisin autolle ja sielt\u00e4 kotiin.<\/p>\n<div id=\"attachment_6572\" style=\"width: 460px\" class=\"wp-caption aligncenter\"><a href=\"https:\/\/blogi.ennola.fi\/wp-content\/uploads\/2021\/11\/DSCI0732.jpg\" rel=\"lightbox[6546]\"><img loading=\"lazy\" decoding=\"async\" aria-describedby=\"caption-attachment-6572\" class=\"wp-image-6572 size-full\" title=\"Tuulenpuuskia vesill\u00e4.\" src=\"https:\/\/blogi.ennola.fi\/wp-content\/uploads\/2021\/11\/DSCI0732-1.jpg\" alt=\"\" width=\"450\" height=\"300\" srcset=\"https:\/\/blogi.ennola.fi\/wp-content\/uploads\/2021\/11\/DSCI0732-1.jpg 450w, https:\/\/blogi.ennola.fi\/wp-content\/uploads\/2021\/11\/DSCI0732-1-150x100.jpg 150w\" sizes=\"(max-width: 450px) 100vw, 450px\" \/><\/a><p id=\"caption-attachment-6572\" class=\"wp-caption-text\">Tuulenpuuskia vesill\u00e4.<\/p><\/div>\n<div id=\"attachment_6571\" style=\"width: 490px\" class=\"wp-caption aligncenter\"><a href=\"https:\/\/blogi.ennola.fi\/wp-content\/uploads\/2021\/11\/Kustavi_Panorama54.jpg\" rel=\"lightbox[6546]\"><img loading=\"lazy\" decoding=\"async\" aria-describedby=\"caption-attachment-6571\" class=\"wp-image-6571 size-full\" title=\"Kaaskeri.\" src=\"https:\/\/blogi.ennola.fi\/wp-content\/uploads\/2021\/11\/Kustavi_Panorama54-1.jpg\" alt=\"\" width=\"480\" height=\"209\" srcset=\"https:\/\/blogi.ennola.fi\/wp-content\/uploads\/2021\/11\/Kustavi_Panorama54-1.jpg 480w, https:\/\/blogi.ennola.fi\/wp-content\/uploads\/2021\/11\/Kustavi_Panorama54-1-150x65.jpg 150w\" sizes=\"(max-width: 480px) 100vw, 480px\" \/><\/a><p id=\"caption-attachment-6571\" class=\"wp-caption-text\">Kaaskeri.<\/p><\/div>\n<div id=\"attachment_6570\" style=\"width: 490px\" class=\"wp-caption aligncenter\"><a href=\"https:\/\/blogi.ennola.fi\/wp-content\/uploads\/2021\/11\/Kustavi_Panorama59.jpg\" rel=\"lightbox[6546]\"><img loading=\"lazy\" decoding=\"async\" aria-describedby=\"caption-attachment-6570\" class=\"wp-image-6570 size-full\" title=\"Matokari.\" src=\"https:\/\/blogi.ennola.fi\/wp-content\/uploads\/2021\/11\/Kustavi_Panorama59-1.jpg\" alt=\"\" width=\"480\" height=\"259\" srcset=\"https:\/\/blogi.ennola.fi\/wp-content\/uploads\/2021\/11\/Kustavi_Panorama59-1.jpg 480w, https:\/\/blogi.ennola.fi\/wp-content\/uploads\/2021\/11\/Kustavi_Panorama59-1-150x81.jpg 150w\" sizes=\"(max-width: 480px) 100vw, 480px\" \/><\/a><p id=\"caption-attachment-6570\" class=\"wp-caption-text\">Matokari.<\/p><\/div>\n<p>Lintujen syysmuutto oli viel\u00e4 k\u00e4ynniss\u00e4. Telk\u00e4t olivat kokoontuneet saaristoon isoiksi parviksi. Merell\u00e4 n\u00e4in merikotkaparin, merimetsoja, isokoskeloita, kyhmy- ja laulujoutsenia. Harmaahaikaroita kierteli alueella runsaasti. Rastas-, naakka- ja varisparvia lensi kohti etel\u00e4\u00e4 navakasta vastatuulesta huolimatta, tosin rastasparvet taisivat enempi tankata viel\u00e4 matkaa varten. Tiaisparvet valmistautuivat syksyyn. Tavallisten hippi\u00e4isten, sini- ja talitiaisten lis\u00e4ksi ilokseni havaitsin sek\u00e4 t\u00f6yht\u00f6- ett\u00e4 h\u00f6m\u00f6tiaisiakin. Matokarin rannassa n\u00e4in hyv\u00e4kuntoisen hylkeenraadon, jota en sen tarkemmin kuitenkaan tutkinut.<\/p>\n<p>S\u00e4\u00e4 oli p\u00e4\u00e4s\u00e4\u00e4nt\u00f6isesti sumuisa ja tuulinen. Meloessa hain suojaisia reittej\u00e4 etenkin vastatuuleen. Tuulisissa oloissa itseluottamukseni oli selv\u00e4sti k\u00e4rsinyt. Olosuhteet, jotka oikeasti olivat suhteellisen helppoja, kuitenkin j\u00e4nnittiv\u00e4t. Valoisa aika tekemiseen oli jo varsin lyhyt. P\u00e4iv\u00e4 tuntui helposti loppuvan kesken. Noista huolimatta melontakilometrej\u00e4kin kertyi sent\u00e4\u00e4n 44.<\/p>\n","protected":false},"excerpt":{"rendered":"<p>Loka-marraskuun vaihteessa olin j\u00e4lleen l\u00e4hd\u00f6ss\u00e4 lyhyelle melontaretkelle. Nyt ajatuksena oli olla kaksi y\u00f6t\u00e4, kun edellinen yhden y\u00f6n retki oli mennyt hyvin. Pitk\u00e4n ajan ennuste lupasi viikonlopuksi maltillista s\u00e4\u00e4t\u00e4,&#8230;<\/p>\n","protected":false},"author":1,"featured_media":6577,"comment_status":"open","ping_status":"open","sticky":false,"template":"","format":"standard","meta":{"footnotes":""},"categories":[4,8],"tags":[],"_links":{"self":[{"href":"https:\/\/blogi.ennola.fi\/index.php?rest_route=\/wp\/v2\/posts\/6546"}],"collection":[{"href":"https:\/\/blogi.ennola.fi\/index.php?rest_route=\/wp\/v2\/posts"}],"about":[{"href":"https:\/\/blogi.ennola.fi\/index.php?rest_route=\/wp\/v2\/types\/post"}],"author":[{"embeddable":true,"href":"https:\/\/blogi.ennola.fi\/index.php?rest_route=\/wp\/v2\/users\/1"}],"replies":[{"embeddable":true,"href":"https:\/\/blogi.ennola.fi\/index.php?rest_route=%2Fwp%2Fv2%2Fcomments&post=6546"}],"version-history":[{"count":3,"href":"https:\/\/blogi.ennola.fi\/index.php?rest_route=\/wp\/v2\/posts\/6546\/revisions"}],"predecessor-version":[{"id":6629,"href":"https:\/\/blogi.ennola.fi\/index.php?rest_route=\/wp\/v2\/posts\/6546\/revisions\/6629"}],"wp:featuredmedia":[{"embeddable":true,"href":"https:\/\/blogi.ennola.fi\/index.php?rest_route=\/wp\/v2\/media\/6577"}],"wp:attachment":[{"href":"https:\/\/blogi.ennola.fi\/index.php?rest_route=%2Fwp%2Fv2%2Fmedia&parent=6546"}],"wp:term":[{"taxonomy":"category","embeddable":true,"href":"https:\/\/blogi.ennola.fi\/index.php?rest_route=%2Fwp%2Fv2%2Fcategories&post=6546"},{"taxonomy":"post_tag","embeddable":true,"href":"https:\/\/blogi.ennola.fi\/index.php?rest_route=%2Fwp%2Fv2%2Ftags&post=6546"}],"curies":[{"name":"wp","href":"https:\/\/api.w.org\/{rel}","templated":true}]}}