{"id":6583,"date":"2021-08-10T22:45:20","date_gmt":"2021-08-10T19:45:20","guid":{"rendered":"https:\/\/blogi.ennola.fi\/?p=6583"},"modified":"2022-01-15T19:05:10","modified_gmt":"2022-01-15T17:05:10","slug":"hiittisten-ja-dragsfjardin-vesilla","status":"publish","type":"post","link":"https:\/\/blogi.ennola.fi\/?p=6583","title":{"rendered":"Hiittisten ja Dragsfj\u00e4rdin vesill\u00e4"},"content":{"rendered":"<p>Sy\u00f6v\u00e4n l\u00e4\u00e4kehoidossa siirryttiin tiputettavista l\u00e4\u00e4kkeist\u00e4 lievempiin tabletteihin, joten minulla oli mahdollisuus yhteen viikonmittaiseen melontaretkeen ennen elokuun ty\u00f6keikkoja ja kantasoluhoidon valmistelevia toimenpiteit\u00e4. Sovimme partioaikojen yst\u00e4v\u00e4ni Pikkiksen tulevan samaan reissuun poikansa kanssa Helsingist\u00e4. Kasn\u00e4s oli sopiva l\u00e4ht\u00f6paikka, koska se oli sopivasti puolessa v\u00e4liss\u00e4 meit\u00e4. Pikkiksen l\u00e4ht\u00f6 retkelle viiv\u00e4styi, joten l\u00e4hdin jo tiistaina pari p\u00e4iv\u00e4\u00e4 heit\u00e4 ennen ja sovimme treffit \u00d6r\u00f6n saarelle torstai-illaksi.<\/p>\n<p>Ennen \u00d6r\u00f6t\u00e4 p\u00e4\u00e4tin k\u00e4yd\u00e4 tutustumassa Hiittisten it\u00e4puoliseen saaristoon. Tiistaina it\u00e4tuuli oli navakka ja saarista suojaa hakien pyrin p\u00e4\u00e4sem\u00e4\u00e4n Hiittisten kaakkoispuolella olevalle L\u00e5ngholmenin saarelle, miss\u00e4 olin ollut <a href=\"https:\/\/blogi.ennola.fi\/?p=1835\">kunnostamassa saaren perinnebiotooppeja oppilaideni kanssa<\/a>. Surullisena panin merkille, ett\u00e4 laidunnus saarella ei ole ollut riitt\u00e4v\u00e4\u00e4 ja niitty oli p\u00e4\u00e4ssyt kasvamaan pitk\u00e4\u00e4 hein\u00e4\u00e4. Kyselin v\u00e4h\u00e4n saaren tilanteesta l\u00e4heiselt\u00e4 m\u00f6kkil\u00e4iselt\u00e4. Ilmeisestikin lampaita saarella oli ollut, mutta hevosia ja lampaita ei en\u00e4\u00e4 ollut k\u00e4ytetty.<\/p>\n<div id=\"attachment_6605\" style=\"width: 490px\" class=\"wp-caption aligncenter\"><a href=\"https:\/\/blogi.ennola.fi\/wp-content\/uploads\/2021\/11\/Hiittinen_Panorama3.jpg\" rel=\"lightbox[6583]\"><img loading=\"lazy\" decoding=\"async\" aria-describedby=\"caption-attachment-6605\" class=\"wp-image-6605 size-full\" title=\"B\u00f6tsk\u00e4ret.\" src=\"https:\/\/blogi.ennola.fi\/wp-content\/uploads\/2021\/11\/Hiittinen_Panorama3-1.jpg\" alt=\"\" width=\"480\" height=\"116\" srcset=\"https:\/\/blogi.ennola.fi\/wp-content\/uploads\/2021\/11\/Hiittinen_Panorama3-1.jpg 480w, https:\/\/blogi.ennola.fi\/wp-content\/uploads\/2021\/11\/Hiittinen_Panorama3-1-150x36.jpg 150w\" sizes=\"(max-width: 480px) 100vw, 480px\" \/><\/a><p id=\"caption-attachment-6605\" class=\"wp-caption-text\">B\u00f6tsk\u00e4ret.<\/p><\/div>\n<p>L\u00e5ngholmen kes\u00e4m\u00f6kkeineen ei houkuttanut y\u00f6pym\u00e4\u00e4n, joten meloin siit\u00e4 pari kilometri\u00e4 etel\u00e4\u00e4n m\u00f6kitt\u00f6m\u00e4lle B\u00f6tsk\u00e4retille y\u00f6pym\u00e4\u00e4n. Laitoin riippumaton valmiiksi, nautin iltapalan ja menin y\u00f6puulle. Y\u00f6ksi olivat ennustaneet sadetta, mutta ihan sellaista sadetta en olisi osannut odottaa. Aamuy\u00f6st\u00e4 satoi noin 30 milli\u00e4 muutaman tunnin sis\u00e4ll\u00e4 tuulen kera niin, ett\u00e4 p\u00e4rskeet tuli riippumattoon sis\u00e4llekin. Aamulla saari suorastaan valui vett\u00e4 joka puolelta. Matalapaine sai merenpinnan nousemaan vauhdilla ja jouduin p\u00e4iv\u00e4n mittaan vet\u00e4m\u00e4\u00e4n kajakkia ylemm\u00e4s vedest\u00e4.<\/p>\n<p>Koska varusteeni olivat y\u00f6ll\u00e4 p\u00e4\u00e4sseet kastumaan, niiden pakkaaminen m\u00e4rkin\u00e4 kajakkiin ei houkuttanut, joten j\u00e4in p\u00e4iv\u00e4ksi niit\u00e4 kuivattelemaan saareen. Aikaani kulutin riippumatossa loikoillen ja kirjaa lukien. V\u00e4h\u00e4n koetin saada jotain kuvatuksikin, mutta heikolla menestyksell\u00e4.<\/p>\n<div id=\"attachment_6604\" style=\"width: 490px\" class=\"wp-caption aligncenter\"><a href=\"https:\/\/blogi.ennola.fi\/wp-content\/uploads\/2021\/11\/Hiittinen_Panorama10.jpg\" rel=\"lightbox[6583]\"><img loading=\"lazy\" decoding=\"async\" aria-describedby=\"caption-attachment-6604\" class=\"wp-image-6604 size-full\" title=\"Sillsk\u00e4ret.\" src=\"https:\/\/blogi.ennola.fi\/wp-content\/uploads\/2021\/11\/Hiittinen_Panorama10-1.jpg\" alt=\"\" width=\"480\" height=\"107\" srcset=\"https:\/\/blogi.ennola.fi\/wp-content\/uploads\/2021\/11\/Hiittinen_Panorama10-1.jpg 480w, https:\/\/blogi.ennola.fi\/wp-content\/uploads\/2021\/11\/Hiittinen_Panorama10-1-150x33.jpg 150w\" sizes=\"(max-width: 480px) 100vw, 480px\" \/><\/a><p id=\"caption-attachment-6604\" class=\"wp-caption-text\">Sillsk\u00e4ret.<\/p><\/div>\n<p>Seuraavana p\u00e4iv\u00e4n\u00e4 olikin aika siirty\u00e4 \u00d6r\u00f6seen. En halunnut menn\u00e4 ihan suorinta tiet\u00e4, vaan tein ensin pienen kierroksen L\u00e5ngholmenin saaristossa. Siell\u00e4 olisi ollut hienoja kallioita, mutta liikaa m\u00f6kkej\u00e4, jotta olisin kunnolla p\u00e4\u00e4ssyt rantaan niit\u00e4 kuvaamaan. Tuuli oli yh\u00e4 navakkaa, mutta oli nyt k\u00e4\u00e4ntynyt lounaaseen, joten alkumatkaa lukuun ottamatta oli edess\u00e4 taas vastatuulta. Pidin matkalla useampia lyhyit\u00e4 taukoja. Yhden tauoista pidin taas L\u00e5ngholmenilla, t\u00e4ll\u00e4 kertaa sen it\u00e4rannalla. P\u00e4iv\u00e4st\u00e4 tuli lopulta pitk\u00e4 ja raskas rutistus navakassa vastatuulessa, mutta selvisin silti hyviss\u00e4 ajoin \u00d6r\u00f6sen.<\/p>\n<p>Pikkiksell\u00e4 ja Henrill\u00e4 ei mennyt yht\u00e4 hyvin. Heill\u00e4 oli mennyt paljon aikaa p\u00e4\u00e4st\u00e4 Kasn\u00e4siin ja he l\u00e4htiv\u00e4t liian my\u00f6h\u00e4\u00e4n liikkeelle. Pimeys ja v\u00e4symys ehti hiipi\u00e4 ennen kuin he olivat selvinneet leirint\u00e4alueen rantaan ja he joutuivat j\u00e4\u00e4m\u00e4\u00e4n y\u00f6t\u00e4 sataman puolelle. Y\u00f6ll\u00e4 ukkosti ihan kunnolla.<\/p>\n<div id=\"attachment_6623\" style=\"width: 490px\" class=\"wp-caption aligncenter\"><a href=\"https:\/\/blogi.ennola.fi\/wp-content\/uploads\/2021\/11\/Hiittinen_Panorama7.jpg\" rel=\"lightbox[6583]\"><img loading=\"lazy\" decoding=\"async\" aria-describedby=\"caption-attachment-6623\" class=\"wp-image-6623 size-full\" title=\"\u00d6r\u00f6.\" src=\"https:\/\/blogi.ennola.fi\/wp-content\/uploads\/2021\/11\/Hiittinen_Panorama7-1.jpg\" alt=\"\" width=\"480\" height=\"102\" srcset=\"https:\/\/blogi.ennola.fi\/wp-content\/uploads\/2021\/11\/Hiittinen_Panorama7-1.jpg 480w, https:\/\/blogi.ennola.fi\/wp-content\/uploads\/2021\/11\/Hiittinen_Panorama7-1-150x32.jpg 150w\" sizes=\"(max-width: 480px) 100vw, 480px\" \/><\/a><p id=\"caption-attachment-6623\" class=\"wp-caption-text\">\u00d6r\u00f6.<\/p><\/div>\n<div id=\"attachment_6606\" style=\"width: 460px\" class=\"wp-caption aligncenter\"><a href=\"https:\/\/blogi.ennola.fi\/wp-content\/uploads\/2021\/11\/IMG_6605.jpg\" rel=\"lightbox[6583]\"><img loading=\"lazy\" decoding=\"async\" aria-describedby=\"caption-attachment-6606\" class=\"wp-image-6606 size-full\" title=\"Pikkis ja Henri saapuu \u00d6r\u00f6seen.\" src=\"https:\/\/blogi.ennola.fi\/wp-content\/uploads\/2021\/11\/IMG_6605-1.jpg\" alt=\"\" width=\"450\" height=\"284\" srcset=\"https:\/\/blogi.ennola.fi\/wp-content\/uploads\/2021\/11\/IMG_6605-1.jpg 450w, https:\/\/blogi.ennola.fi\/wp-content\/uploads\/2021\/11\/IMG_6605-1-150x95.jpg 150w\" sizes=\"(max-width: 450px) 100vw, 450px\" \/><\/a><p id=\"caption-attachment-6606\" class=\"wp-caption-text\">Pikkis ja Henri saapuu \u00d6r\u00f6seen.<\/p><\/div>\n<p>Seuraavana aamuna Pikkis ja Henri siirtyiv\u00e4t toiselle puolelle saarta ja asettuivat leiripaikkani viereen. P\u00e4iv\u00e4 oli kovatuulinen ja etel\u00e4isell\u00e4 merialueella n\u00e4kyi suuria p\u00e4rskeit\u00e4 aaltojen osuessa matalikoille. Henri halusi l\u00e4hte\u00e4 v\u00e4h\u00e4n maistelemaan aallokkomelontaa ja l\u00e4hdin h\u00e4nen seuraksensa tunnustelemaan, millaisia isot aallot olivat. Pikkis ei ollut innostunut l\u00e4htem\u00e4\u00e4n vesille edellisen p\u00e4iv\u00e4n puskemiseen j\u00e4lkeen. Muuten p\u00e4iv\u00e4 kului rauhallisessa leiriel\u00e4m\u00e4ss\u00e4, meill\u00e4 riitti Pikkiksen kanssa reilusti puhuttavaa.<\/p>\n<div id=\"attachment_6626\" style=\"width: 490px\" class=\"wp-caption aligncenter\"><a href=\"https:\/\/blogi.ennola.fi\/wp-content\/uploads\/2021\/11\/Hiittinen_Panorama8.jpg\" rel=\"lightbox[6583]\"><img loading=\"lazy\" decoding=\"async\" aria-describedby=\"caption-attachment-6626\" class=\"wp-image-6626 size-full\" title=\"\u00d6r\u00f6.\" src=\"https:\/\/blogi.ennola.fi\/wp-content\/uploads\/2021\/08\/Hiittinen_Panorama8.jpg\" alt=\"\" width=\"480\" height=\"156\" srcset=\"https:\/\/blogi.ennola.fi\/wp-content\/uploads\/2021\/08\/Hiittinen_Panorama8.jpg 480w, https:\/\/blogi.ennola.fi\/wp-content\/uploads\/2021\/08\/Hiittinen_Panorama8-150x49.jpg 150w\" sizes=\"(max-width: 480px) 100vw, 480px\" \/><\/a><p id=\"caption-attachment-6626\" class=\"wp-caption-text\">\u00d6r\u00f6.<\/p><\/div>\n<div id=\"attachment_6621\" style=\"width: 490px\" class=\"wp-caption aligncenter\"><a href=\"https:\/\/blogi.ennola.fi\/wp-content\/uploads\/2021\/11\/Hiittinen_Panorama13.jpg\" rel=\"lightbox[6583]\"><img loading=\"lazy\" decoding=\"async\" aria-describedby=\"caption-attachment-6621\" class=\"wp-image-6621 size-full\" title=\"\u00d6r\u00f6.\" src=\"https:\/\/blogi.ennola.fi\/wp-content\/uploads\/2021\/11\/Hiittinen_Panorama13-1.jpg\" alt=\"\" width=\"480\" height=\"125\" srcset=\"https:\/\/blogi.ennola.fi\/wp-content\/uploads\/2021\/11\/Hiittinen_Panorama13-1.jpg 480w, https:\/\/blogi.ennola.fi\/wp-content\/uploads\/2021\/11\/Hiittinen_Panorama13-1-150x39.jpg 150w\" sizes=\"(max-width: 480px) 100vw, 480px\" \/><\/a><p id=\"caption-attachment-6621\" class=\"wp-caption-text\">\u00d6r\u00f6.<\/p><\/div>\n<p>Lauantaina tuuli oli tyyntynyt ja l\u00e4hdimme melomaan liev\u00e4\u00e4n sivumy\u00f6t\u00e4iseen kohti Sand\u00f6n hiekkasaarta. Edellisen p\u00e4iv\u00e4n j\u00e4ljilt\u00e4 \u00d6r\u00f6n rannalle tuli viel\u00e4 pehme\u00e4\u00e4 maininkia. Pikkiksell\u00e4 oli p\u00e4iv\u00e4nmittaan vaikeuksia sivutuulen kanssa, mik\u00e4 paljastui tekniseksi ongelmaksi nostoev\u00e4n kanssa. Nostoev\u00e4n ollessa jumissa kajakkia oli mahdoton saada k\u00e4ytt\u00e4ytym\u00e4\u00e4n tasapainoisesti sivutuulessa, mik\u00e4 kulutti Pikkiksen voimia. Sain ev\u00e4n esiin, mutta sen s\u00e4\u00e4t\u00f6\u00e4 emme saaneet toimimaan. Ennen Sand\u00f6t\u00e4 haimme apuja saarten suojasta, mik\u00e4 helpotti jonkin verran, mutta lopulta saavuttuamme Sand\u00f6sen oli Pikkiksen voimat jo aika lopussa.<\/p>\n<div id=\"attachment_6607\" style=\"width: 460px\" class=\"wp-caption aligncenter\"><a href=\"https:\/\/blogi.ennola.fi\/wp-content\/uploads\/2021\/11\/DSCI0594.jpg\" rel=\"lightbox[6583]\"><img loading=\"lazy\" decoding=\"async\" aria-describedby=\"caption-attachment-6607\" class=\"wp-image-6607 size-full\" title=\"Henri.\" src=\"https:\/\/blogi.ennola.fi\/wp-content\/uploads\/2021\/11\/DSCI0594-1.jpg\" alt=\"\" width=\"450\" height=\"319\" srcset=\"https:\/\/blogi.ennola.fi\/wp-content\/uploads\/2021\/11\/DSCI0594-1.jpg 450w, https:\/\/blogi.ennola.fi\/wp-content\/uploads\/2021\/11\/DSCI0594-1-150x106.jpg 150w\" sizes=\"(max-width: 450px) 100vw, 450px\" \/><\/a><p id=\"caption-attachment-6607\" class=\"wp-caption-text\">Henri.<\/p><\/div>\n<div id=\"attachment_6608\" style=\"width: 460px\" class=\"wp-caption aligncenter\"><a href=\"https:\/\/blogi.ennola.fi\/wp-content\/uploads\/2021\/11\/DSCI0598.jpg\" rel=\"lightbox[6583]\"><img loading=\"lazy\" decoding=\"async\" aria-describedby=\"caption-attachment-6608\" class=\"wp-image-6608 size-full\" title=\"Pikkis ja Henri.\" src=\"https:\/\/blogi.ennola.fi\/wp-content\/uploads\/2021\/11\/DSCI0598-1.jpg\" alt=\"\" width=\"450\" height=\"300\" srcset=\"https:\/\/blogi.ennola.fi\/wp-content\/uploads\/2021\/11\/DSCI0598-1.jpg 450w, https:\/\/blogi.ennola.fi\/wp-content\/uploads\/2021\/11\/DSCI0598-1-150x100.jpg 150w\" sizes=\"(max-width: 450px) 100vw, 450px\" \/><\/a><p id=\"caption-attachment-6608\" class=\"wp-caption-text\">Pikkis ja Henri.<\/p><\/div>\n<div id=\"attachment_6609\" style=\"width: 460px\" class=\"wp-caption aligncenter\"><a href=\"https:\/\/blogi.ennola.fi\/wp-content\/uploads\/2021\/11\/DSCI0602.jpg\" rel=\"lightbox[6583]\"><img loading=\"lazy\" decoding=\"async\" aria-describedby=\"caption-attachment-6609\" class=\"wp-image-6609 size-full\" title=\"Pikkis.\" src=\"https:\/\/blogi.ennola.fi\/wp-content\/uploads\/2021\/11\/DSCI0602-1.jpg\" alt=\"\" width=\"450\" height=\"290\" srcset=\"https:\/\/blogi.ennola.fi\/wp-content\/uploads\/2021\/11\/DSCI0602-1.jpg 450w, https:\/\/blogi.ennola.fi\/wp-content\/uploads\/2021\/11\/DSCI0602-1-150x97.jpg 150w\" sizes=\"(max-width: 450px) 100vw, 450px\" \/><\/a><p id=\"caption-attachment-6609\" class=\"wp-caption-text\">Pikkis.<\/p><\/div>\n<div id=\"attachment_6610\" style=\"width: 460px\" class=\"wp-caption aligncenter\"><a href=\"https:\/\/blogi.ennola.fi\/wp-content\/uploads\/2021\/11\/DSCI0609.jpg\" rel=\"lightbox[6583]\"><img loading=\"lazy\" decoding=\"async\" aria-describedby=\"caption-attachment-6610\" class=\"wp-image-6610 size-full\" title=\"Sadealue l\u00e4hestyy.\" src=\"https:\/\/blogi.ennola.fi\/wp-content\/uploads\/2021\/11\/DSCI0609-1.jpg\" alt=\"\" width=\"450\" height=\"300\" srcset=\"https:\/\/blogi.ennola.fi\/wp-content\/uploads\/2021\/11\/DSCI0609-1.jpg 450w, https:\/\/blogi.ennola.fi\/wp-content\/uploads\/2021\/11\/DSCI0609-1-150x100.jpg 150w\" sizes=\"(max-width: 450px) 100vw, 450px\" \/><\/a><p id=\"caption-attachment-6610\" class=\"wp-caption-text\">Sadealue l\u00e4hestyy.<\/p><\/div>\n<div id=\"attachment_6611\" style=\"width: 460px\" class=\"wp-caption aligncenter\"><a href=\"https:\/\/blogi.ennola.fi\/wp-content\/uploads\/2021\/11\/DSCI0616.jpg\" rel=\"lightbox[6583]\"><img loading=\"lazy\" decoding=\"async\" aria-describedby=\"caption-attachment-6611\" class=\"wp-image-6611 size-full\" title=\"Sataa.\" src=\"https:\/\/blogi.ennola.fi\/wp-content\/uploads\/2021\/11\/DSCI0616-1.jpg\" alt=\"\" width=\"450\" height=\"300\" srcset=\"https:\/\/blogi.ennola.fi\/wp-content\/uploads\/2021\/11\/DSCI0616-1.jpg 450w, https:\/\/blogi.ennola.fi\/wp-content\/uploads\/2021\/11\/DSCI0616-1-150x100.jpg 150w\" sizes=\"(max-width: 450px) 100vw, 450px\" \/><\/a><p id=\"caption-attachment-6611\" class=\"wp-caption-text\">Sataa.<\/p><\/div>\n<div id=\"attachment_6620\" style=\"width: 490px\" class=\"wp-caption aligncenter\"><a href=\"https:\/\/blogi.ennola.fi\/wp-content\/uploads\/2021\/11\/Hiittinen_Panorama6.jpg\" rel=\"lightbox[6583]\"><img loading=\"lazy\" decoding=\"async\" aria-describedby=\"caption-attachment-6620\" class=\"wp-image-6620 size-full\" title=\"Killsk\u00e4ret.\" src=\"https:\/\/blogi.ennola.fi\/wp-content\/uploads\/2021\/11\/Hiittinen_Panorama6-1.jpg\" alt=\"\" width=\"480\" height=\"178\" srcset=\"https:\/\/blogi.ennola.fi\/wp-content\/uploads\/2021\/11\/Hiittinen_Panorama6-1.jpg 480w, https:\/\/blogi.ennola.fi\/wp-content\/uploads\/2021\/11\/Hiittinen_Panorama6-1-150x56.jpg 150w\" sizes=\"(max-width: 480px) 100vw, 480px\" \/><\/a><p id=\"caption-attachment-6620\" class=\"wp-caption-text\">Killsk\u00e4ret.<\/p><\/div>\n<p>Sand\u00f6ss\u00e4 vietin taas kaksi y\u00f6t\u00e4, joiden v\u00e4liss\u00e4 en l\u00e4htenyt vesille vaan k\u00e4ytin aikaani lukemiseen ja valokuvaukseen. Pikkis ja Henri l\u00e4htiv\u00e4t paluumatkalle jo aamup\u00e4iv\u00e4ll\u00e4. Sand\u00f6ss\u00e4 on hienoa m\u00e4ntymets\u00e4\u00e4, josta yritin saada aikaiseksi aurinkoisen mets\u00e4kuvan, millaista multa oli kev\u00e4\u00e4ll\u00e4 toivottu. Aurinko luo mets\u00e4\u00e4n niin syvi\u00e4 varjoja ja kirkkaita valoja, ett\u00e4 hyv\u00e4n kuvan saaminen ei ole helppoa. Mielest\u00e4ni onnistuin ihan tyydytt\u00e4v\u00e4sti.<\/p>\n<div id=\"attachment_6619\" style=\"width: 490px\" class=\"wp-caption aligncenter\"><a href=\"https:\/\/blogi.ennola.fi\/wp-content\/uploads\/2021\/11\/Hiittinen_Panorama4.jpg\" rel=\"lightbox[6583]\"><img loading=\"lazy\" decoding=\"async\" aria-describedby=\"caption-attachment-6619\" class=\"wp-image-6619 size-full\" title=\"Sand\u00f6.\" src=\"https:\/\/blogi.ennola.fi\/wp-content\/uploads\/2021\/11\/Hiittinen_Panorama4-1.jpg\" alt=\"\" width=\"480\" height=\"173\" srcset=\"https:\/\/blogi.ennola.fi\/wp-content\/uploads\/2021\/11\/Hiittinen_Panorama4-1.jpg 480w, https:\/\/blogi.ennola.fi\/wp-content\/uploads\/2021\/11\/Hiittinen_Panorama4-1-150x54.jpg 150w\" sizes=\"(max-width: 480px) 100vw, 480px\" \/><\/a><p id=\"caption-attachment-6619\" class=\"wp-caption-text\">Sand\u00f6.<\/p><\/div>\n<div id=\"attachment_6618\" style=\"width: 490px\" class=\"wp-caption aligncenter\"><a href=\"https:\/\/blogi.ennola.fi\/wp-content\/uploads\/2021\/11\/Hiittinen_Panorama5.jpg\" rel=\"lightbox[6583]\"><img loading=\"lazy\" decoding=\"async\" aria-describedby=\"caption-attachment-6618\" class=\"wp-image-6618 size-full\" title=\"Sand\u00f6.\" src=\"https:\/\/blogi.ennola.fi\/wp-content\/uploads\/2021\/11\/Hiittinen_Panorama5-1.jpg\" alt=\"\" width=\"480\" height=\"121\" srcset=\"https:\/\/blogi.ennola.fi\/wp-content\/uploads\/2021\/11\/Hiittinen_Panorama5-1.jpg 480w, https:\/\/blogi.ennola.fi\/wp-content\/uploads\/2021\/11\/Hiittinen_Panorama5-1-150x38.jpg 150w\" sizes=\"(max-width: 480px) 100vw, 480px\" \/><\/a><p id=\"caption-attachment-6618\" class=\"wp-caption-text\">Sand\u00f6.<\/p><\/div>\n<div id=\"attachment_7090\" style=\"width: 490px\" class=\"wp-caption aligncenter\"><a href=\"https:\/\/blogi.ennola.fi\/wp-content\/uploads\/2021\/08\/Hiittinen_Panorama12.jpg\" rel=\"lightbox[6583]\"><img loading=\"lazy\" decoding=\"async\" aria-describedby=\"caption-attachment-7090\" class=\"wp-image-7090 size-full\" title=\"Sand\u00f6.\" src=\"https:\/\/blogi.ennola.fi\/wp-content\/uploads\/2021\/08\/Hiittinen_Panorama12-1.jpg\" alt=\"\" width=\"480\" height=\"180\" srcset=\"https:\/\/blogi.ennola.fi\/wp-content\/uploads\/2021\/08\/Hiittinen_Panorama12-1.jpg 480w, https:\/\/blogi.ennola.fi\/wp-content\/uploads\/2021\/08\/Hiittinen_Panorama12-1-150x56.jpg 150w\" sizes=\"(max-width: 480px) 100vw, 480px\" \/><\/a><p id=\"caption-attachment-7090\" class=\"wp-caption-text\">Sand\u00f6.<\/p><\/div>\n<p>Nelj\u00e4 vuotta sitten ollessani melontaretkell\u00e4 t\u00e4ll\u00e4 samalla saarella n\u00e4in hienoja valaisevia y\u00f6pilvi\u00e4. Siit\u00e4 l\u00e4htien olen toivonut p\u00e4\u00e4sev\u00e4ni niit\u00e4 kuvaamaan. Nytkin her\u00e4sin molempina \u00f6in\u00e4 niit\u00e4 vahtaamaan. J\u00e4lkimm\u00e4isen\u00e4 y\u00f6n\u00e4 t\u00e4rpp\u00e4si ja sain kuvatuksi pilvet saaren pohjoispuolella. Parhaaksi ajankohdaksi osoittautui alkuy\u00f6, jolloin taivaanrantaa laskeva aurinko viel\u00e4 sopivasti valaisi. My\u00f6hemmin y\u00f6ll\u00e4 Nauvon ja Paraisten valot horisontissa olivat jo liian h\u00e4iritsevi\u00e4.<\/p>\n<div id=\"attachment_6616\" style=\"width: 490px\" class=\"wp-caption aligncenter\"><a href=\"https:\/\/blogi.ennola.fi\/wp-content\/uploads\/2021\/11\/Hiittinen_Panorama1.jpg\" rel=\"lightbox[6583]\"><img loading=\"lazy\" decoding=\"async\" aria-describedby=\"caption-attachment-6616\" class=\"wp-image-6616 size-full\" title=\"Valaisevia y\u00f6pilvi\u00e4, Sand\u00f6.\" src=\"https:\/\/blogi.ennola.fi\/wp-content\/uploads\/2021\/11\/Hiittinen_Panorama1-1.jpg\" alt=\"\" width=\"480\" height=\"150\" srcset=\"https:\/\/blogi.ennola.fi\/wp-content\/uploads\/2021\/11\/Hiittinen_Panorama1-1.jpg 480w, https:\/\/blogi.ennola.fi\/wp-content\/uploads\/2021\/11\/Hiittinen_Panorama1-1-150x47.jpg 150w\" sizes=\"(max-width: 480px) 100vw, 480px\" \/><\/a><p id=\"caption-attachment-6616\" class=\"wp-caption-text\">Valaisevia y\u00f6pilvi\u00e4, Sand\u00f6.<\/p><\/div>\n<div id=\"attachment_6615\" style=\"width: 490px\" class=\"wp-caption aligncenter\"><a href=\"https:\/\/blogi.ennola.fi\/wp-content\/uploads\/2021\/11\/Hiittinen_Panorama11.jpg\" rel=\"lightbox[6583]\"><img loading=\"lazy\" decoding=\"async\" aria-describedby=\"caption-attachment-6615\" class=\"wp-image-6615 size-full\" title=\"Valaisevia y\u00f6pilvi\u00e4, Sand\u00f6.\" src=\"https:\/\/blogi.ennola.fi\/wp-content\/uploads\/2021\/11\/Hiittinen_Panorama11-1.jpg\" alt=\"\" width=\"480\" height=\"86\" srcset=\"https:\/\/blogi.ennola.fi\/wp-content\/uploads\/2021\/11\/Hiittinen_Panorama11-1.jpg 480w, https:\/\/blogi.ennola.fi\/wp-content\/uploads\/2021\/11\/Hiittinen_Panorama11-1-150x27.jpg 150w\" sizes=\"(max-width: 480px) 100vw, 480px\" \/><\/a><p id=\"caption-attachment-6615\" class=\"wp-caption-text\">Valaisevia y\u00f6pilvi\u00e4, Sand\u00f6.<\/p><\/div>\n<p>Viimeisen\u00e4 aamuna hyv\u00e4ss\u00e4 s\u00e4\u00e4ss\u00e4 l\u00e4hdin paluumatkalle. Olin tehnyt p\u00e4\u00e4t\u00f6ksen poiketa Hiidenkirnulla ajatuksenani kuva siit\u00e4. Hiidenkirnu on hienolla paikalla H\u00f6gholmenin l\u00e4nsilaidalla. Valitettavasti runsas vene- ja lentoliikenne vain h\u00e4iritsi kuvaamista. Oli mahdotonta odottaa hetke\u00e4, jolloin taivaalla ei olisi ollut lentokoneen tekem\u00e4\u00e4 pilve\u00e4 ja vedess\u00e4 moottoriveneit\u00e4 ja niiden tekemi\u00e4 aaltoja. Kohtuullisen hyv\u00e4n hetken sain kuitenkin sitke\u00e4ll\u00e4 odottamisella.<\/p>\n<div id=\"attachment_6614\" style=\"width: 490px\" class=\"wp-caption aligncenter\"><a href=\"https:\/\/blogi.ennola.fi\/wp-content\/uploads\/2021\/11\/Hiittinen_Panorama9.jpg\" rel=\"lightbox[6583]\"><img loading=\"lazy\" decoding=\"async\" aria-describedby=\"caption-attachment-6614\" class=\"wp-image-6614 size-full\" title=\"H\u00f6gholmen.\" src=\"https:\/\/blogi.ennola.fi\/wp-content\/uploads\/2021\/11\/Hiittinen_Panorama9-1.jpg\" alt=\"\" width=\"480\" height=\"109\" srcset=\"https:\/\/blogi.ennola.fi\/wp-content\/uploads\/2021\/11\/Hiittinen_Panorama9-1.jpg 480w, https:\/\/blogi.ennola.fi\/wp-content\/uploads\/2021\/11\/Hiittinen_Panorama9-1-150x34.jpg 150w\" sizes=\"(max-width: 480px) 100vw, 480px\" \/><\/a><p id=\"caption-attachment-6614\" class=\"wp-caption-text\">H\u00f6gholmen.<\/p><\/div>\n<div id=\"attachment_6613\" style=\"width: 490px\" class=\"wp-caption aligncenter\"><a href=\"https:\/\/blogi.ennola.fi\/wp-content\/uploads\/2021\/11\/Hiittinen_Panorama2.jpg\" rel=\"lightbox[6583]\"><img loading=\"lazy\" decoding=\"async\" aria-describedby=\"caption-attachment-6613\" class=\"wp-image-6613 size-full\" title=\"Hiidenkirnu, H\u00f6gholmen.\" src=\"https:\/\/blogi.ennola.fi\/wp-content\/uploads\/2021\/11\/Hiittinen_Panorama2-1.jpg\" alt=\"\" width=\"480\" height=\"183\" srcset=\"https:\/\/blogi.ennola.fi\/wp-content\/uploads\/2021\/11\/Hiittinen_Panorama2-1.jpg 480w, https:\/\/blogi.ennola.fi\/wp-content\/uploads\/2021\/11\/Hiittinen_Panorama2-1-150x57.jpg 150w\" sizes=\"(max-width: 480px) 100vw, 480px\" \/><\/a><p id=\"caption-attachment-6613\" class=\"wp-caption-text\">Hiidenkirnu, H\u00f6gholmen.<\/p><\/div>\n<p>Luontohavainnoista hauskin oli hylje, joka pitk\u00e4\u00e4n sukelteli Sand\u00f6n vesill\u00e4, jota Pikkiksen kanssa saimme rauhassa seurata. Henrin tullessa paikalle hylje visusti pysytteli piilossa. Varmaa lajim\u00e4\u00e4rityst\u00e4 en hylkeest\u00e4 saanut tehdyksi t\u00e4lt\u00e4 et\u00e4isyydelt\u00e4. Olisi pit\u00e4nyt ottaa kiikarit mukaan. Kahlaajien syysmuutto oli jo k\u00e4ynniss\u00e4 ja n\u00e4in lukuisia pikku suosirriparvia. Sand\u00f6n rannalla n\u00e4in uskoakseni pari tundrakurmitsaa ja isosirri\u00e4. Ilman kiikareita oli kuitenkin vain ep\u00e4varma havainto.<\/p>\n<div id=\"attachment_6612\" style=\"width: 301px\" class=\"wp-caption aligncenter\"><a href=\"https:\/\/blogi.ennola.fi\/wp-content\/uploads\/2021\/11\/Reitti-1.jpg\" rel=\"lightbox[6583]\"><img loading=\"lazy\" decoding=\"async\" aria-describedby=\"caption-attachment-6612\" class=\"wp-image-6612 size-full\" title=\"Reitti.\" src=\"https:\/\/blogi.ennola.fi\/wp-content\/uploads\/2021\/11\/Reitti-1-1.jpg\" alt=\"\" width=\"291\" height=\"450\" srcset=\"https:\/\/blogi.ennola.fi\/wp-content\/uploads\/2021\/11\/Reitti-1-1.jpg 291w, https:\/\/blogi.ennola.fi\/wp-content\/uploads\/2021\/11\/Reitti-1-1-259x400.jpg 259w, https:\/\/blogi.ennola.fi\/wp-content\/uploads\/2021\/11\/Reitti-1-1-97x150.jpg 97w\" sizes=\"(max-width: 291px) 100vw, 291px\" \/><\/a><p id=\"caption-attachment-6612\" class=\"wp-caption-text\">Reitti.<\/p><\/div>\n<p>S\u00e4\u00e4t olivat tuulisia ja sateisia ensimm\u00e4ist\u00e4 p\u00e4iv\u00e4\u00e4 lukuun ottamatta, jolloin oli kunnon helle. Positiivista oli melontakunnon asteittainen normalisoituminen l\u00e4\u00e4kehoitojen lievennytty\u00e4. Yhten\u00e4 p\u00e4iv\u00e4n\u00e4 meloin 28 km, josta suurin osa napakkaan vastatuuleen ja toisena p\u00e4iv\u00e4n\u00e4 32 km ilman, ett\u00e4 se tuntui kovin raskaalta. Voi kuinka jo odotankaan sit\u00e4 hetke\u00e4, ett\u00e4 hoidot olisi saatu loppuun ja voisin keskitty\u00e4 niist\u00e4 toipumiseen.<\/p>\n","protected":false},"excerpt":{"rendered":"<p>Sy\u00f6v\u00e4n l\u00e4\u00e4kehoidossa siirryttiin tiputettavista l\u00e4\u00e4kkeist\u00e4 lievempiin tabletteihin, joten minulla oli mahdollisuus yhteen viikonmittaiseen melontaretkeen ennen elokuun ty\u00f6keikkoja ja kantasoluhoidon valmistelevia toimenpiteit\u00e4. Sovimme partioaikojen yst\u00e4v\u00e4ni Pikkiksen tulevan samaan reissuun&#8230;<\/p>\n","protected":false},"author":1,"featured_media":6624,"comment_status":"open","ping_status":"open","sticky":false,"template":"","format":"standard","meta":{"footnotes":""},"categories":[4,8],"tags":[],"_links":{"self":[{"href":"https:\/\/blogi.ennola.fi\/index.php?rest_route=\/wp\/v2\/posts\/6583"}],"collection":[{"href":"https:\/\/blogi.ennola.fi\/index.php?rest_route=\/wp\/v2\/posts"}],"about":[{"href":"https:\/\/blogi.ennola.fi\/index.php?rest_route=\/wp\/v2\/types\/post"}],"author":[{"embeddable":true,"href":"https:\/\/blogi.ennola.fi\/index.php?rest_route=\/wp\/v2\/users\/1"}],"replies":[{"embeddable":true,"href":"https:\/\/blogi.ennola.fi\/index.php?rest_route=%2Fwp%2Fv2%2Fcomments&post=6583"}],"version-history":[{"count":8,"href":"https:\/\/blogi.ennola.fi\/index.php?rest_route=\/wp\/v2\/posts\/6583\/revisions"}],"predecessor-version":[{"id":7091,"href":"https:\/\/blogi.ennola.fi\/index.php?rest_route=\/wp\/v2\/posts\/6583\/revisions\/7091"}],"wp:featuredmedia":[{"embeddable":true,"href":"https:\/\/blogi.ennola.fi\/index.php?rest_route=\/wp\/v2\/media\/6624"}],"wp:attachment":[{"href":"https:\/\/blogi.ennola.fi\/index.php?rest_route=%2Fwp%2Fv2%2Fmedia&parent=6583"}],"wp:term":[{"taxonomy":"category","embeddable":true,"href":"https:\/\/blogi.ennola.fi\/index.php?rest_route=%2Fwp%2Fv2%2Fcategories&post=6583"},{"taxonomy":"post_tag","embeddable":true,"href":"https:\/\/blogi.ennola.fi\/index.php?rest_route=%2Fwp%2Fv2%2Ftags&post=6583"}],"curies":[{"name":"wp","href":"https:\/\/api.w.org\/{rel}","templated":true}]}}