{"id":6652,"date":"2021-11-25T00:53:30","date_gmt":"2021-11-24T22:53:30","guid":{"rendered":"https:\/\/blogi.ennola.fi\/?p=6652"},"modified":"2021-12-10T01:57:55","modified_gmt":"2021-12-09T23:57:55","slug":"vuoden-harmain-paiva","status":"publish","type":"post","link":"https:\/\/blogi.ennola.fi\/?p=6652","title":{"rendered":"Vuoden harmain p\u00e4iv\u00e4"},"content":{"rendered":"<p>Vuoden harmaimman ajan melontaretki kaikkine kommelluksineen on sitten onnellisesti ohitse. Matkaa kertyi lopulta 95 km, mik\u00e4 on melko pitk\u00e4 matka marraskuun kylmill\u00e4 ja yleens\u00e4 tuulisilla vesill\u00e4 melottavaksi. Pisin p\u00e4iv\u00e4matkani oli 35 km, mik\u00e4 on my\u00f6s vuoden pisin p\u00e4iv\u00e4kohtainen melonta. P\u00e4iv\u00e4n j\u00e4lkeen olin toki v\u00e4synyt, mutta pidempikin matka olisi ollut kuntoni puolesta mahdollinen. Marraskuun valoisa aika vaan ei anna my\u00f6ten juuri pidemp\u00e4\u00e4n matkaan. Nytkin viimeisen\u00e4 puolituntisena ilta alkoi jo pimet\u00e4 ja pian maihin tulon j\u00e4lkeen oli jo s\u00e4kkipime\u00e4\u00e4. Iloinen voin olla siit\u00e4, ett\u00e4 s\u00e4de-, l\u00e4\u00e4ke- ja kantasoluhoitojen j\u00e4lkeen olen taas saavuttamassa normaalin melontakuntoni.<\/p>\n<div id=\"attachment_6701\" style=\"width: 460px\" class=\"wp-caption aligncenter\"><a href=\"https:\/\/blogi.ennola.fi\/wp-content\/uploads\/2021\/11\/DSCI0814.jpg\" rel=\"lightbox[6652]\"><img loading=\"lazy\" decoding=\"async\" aria-describedby=\"caption-attachment-6701\" class=\"wp-image-6701 size-full\" title=\"Auringonlasku, Lokvesi.\" src=\"https:\/\/blogi.ennola.fi\/wp-content\/uploads\/2021\/11\/DSCI0814-1.jpg\" alt=\"\" width=\"450\" height=\"300\" \/><\/a><p id=\"caption-attachment-6701\" class=\"wp-caption-text\">Auringonlasku, Lokvesi.<\/p><\/div>\n<p>Selk\u00e4meren etel\u00e4osissa ja Kustavin saaristossa olen melonut paljon etenkin t\u00e4n\u00e4 kes\u00e4n\u00e4. Saaristomeren kansallispuistossa olen usein k\u00e4ynyt. Mutta niiden v\u00e4linen saaristo on j\u00e4\u00e4nyt v\u00e4hemm\u00e4lle huomille. Seilin ymp\u00e4rist\u00f6ss\u00e4 ja Rym\u00e4ttyl\u00e4ss\u00e4 olen melonut jonkin verran etenkin p\u00e4iv\u00e4retki\u00e4. Velkuan l\u00e4pi olen vain kertaalleen melonut. Sen sijaan Ini\u00f6ss\u00e4 tai Houtsk\u00e4riss\u00e4 en ole koskaan kajakillani k\u00e4ynyt. T\u00e4h\u00e4n oli hyv\u00e4 saada muutos, joten p\u00e4\u00e4tin tehd\u00e4 pidemm\u00e4n melontaretken Velkualla ja Ini\u00f6\u00f6n.<\/p>\n<div id=\"attachment_6696\" style=\"width: 490px\" class=\"wp-caption aligncenter\"><a href=\"https:\/\/blogi.ennola.fi\/wp-content\/uploads\/2021\/11\/Inio_Panorama3.jpg\" rel=\"lightbox[6652]\"><img loading=\"lazy\" decoding=\"async\" aria-describedby=\"caption-attachment-6696\" class=\"wp-image-6696 size-full\" title=\"Ristluoto, Velkua.\" src=\"https:\/\/blogi.ennola.fi\/wp-content\/uploads\/2021\/11\/Inio_Panorama3-1.jpg\" alt=\"\" width=\"480\" height=\"190\" \/><\/a><p id=\"caption-attachment-6696\" class=\"wp-caption-text\">Ristluoto, Velkua.<\/p><\/div>\n<div id=\"attachment_6695\" style=\"width: 490px\" class=\"wp-caption aligncenter\"><a href=\"https:\/\/blogi.ennola.fi\/wp-content\/uploads\/2021\/11\/Inio_Panorama15.jpg\" rel=\"lightbox[6652]\"><img loading=\"lazy\" decoding=\"async\" aria-describedby=\"caption-attachment-6695\" class=\"wp-image-6695 size-full\" title=\"Rantametsikk\u00f6, Ristluoto, Velkua.\" src=\"https:\/\/blogi.ennola.fi\/wp-content\/uploads\/2021\/11\/Inio_Panorama15-1.jpg\" alt=\"\" width=\"480\" height=\"139\" \/><\/a><p id=\"caption-attachment-6695\" class=\"wp-caption-text\">Rantametsikk\u00f6, Ristluoto, Velkua.<\/p><\/div>\n<div id=\"attachment_6694\" style=\"width: 490px\" class=\"wp-caption aligncenter\"><a href=\"https:\/\/blogi.ennola.fi\/wp-content\/uploads\/2021\/11\/Inio_Panorama13.jpg\" rel=\"lightbox[6652]\"><img loading=\"lazy\" decoding=\"async\" aria-describedby=\"caption-attachment-6694\" class=\"wp-image-6694 size-full\" title=\"Kuusikko, Ristluoto, Velkua.\" src=\"https:\/\/blogi.ennola.fi\/wp-content\/uploads\/2021\/11\/Inio_Panorama13-1.jpg\" alt=\"\" width=\"480\" height=\"103\" \/><\/a><p id=\"caption-attachment-6694\" class=\"wp-caption-text\">Kuusikko, Ristluoto, Velkua.<\/p><\/div>\n<p>Aikaa olla reissussa minulla oli viisi p\u00e4iv\u00e4\u00e4, mik\u00e4 on pitk\u00e4hk\u00f6 aika marraskuussa. Reissua varten tein kunnianhimoisen reittisuunnitelman: L\u00e4ht\u00f6 Velkuan Teersalosta ja siit\u00e4 suoran l\u00e4nteen Ini\u00f6n p\u00e4\u00e4saarten v\u00e4list\u00e4 Kihdin reunalle. Kihti\u00e4 p\u00e4tk\u00e4 etel\u00e4\u00e4n ja sielt\u00e4 takaisin Teersaloon. Matkaa tuolla suunnitelmalla kertyisi noin 100 km. riippuen siit\u00e4, kuinka paljon olisi mahdollista kierrell\u00e4 paluumatkalla Kihdin ja Houtsk\u00e4rin maisemissa.<\/p>\n<div class=\"mceTemp\"><\/div>\n<div id=\"attachment_6693\" style=\"width: 490px\" class=\"wp-caption aligncenter\"><a href=\"https:\/\/blogi.ennola.fi\/wp-content\/uploads\/2021\/11\/Inio_Panorama17.jpg\" rel=\"lightbox[6652]\"><img loading=\"lazy\" decoding=\"async\" aria-describedby=\"caption-attachment-6693\" class=\"wp-image-6693 size-full\" title=\"J\u00e4rviluoto, Velkua.\" src=\"https:\/\/blogi.ennola.fi\/wp-content\/uploads\/2021\/11\/Inio_Panorama17-1.jpg\" alt=\"\" width=\"480\" height=\"140\" \/><\/a><p id=\"caption-attachment-6693\" class=\"wp-caption-text\">J\u00e4rviluoto, Velkua.<\/p><\/div>\n<div id=\"attachment_6692\" style=\"width: 490px\" class=\"wp-caption aligncenter\"><a href=\"https:\/\/blogi.ennola.fi\/wp-content\/uploads\/2021\/11\/Inio_Panorama4.jpg\" rel=\"lightbox[6652]\"><img loading=\"lazy\" decoding=\"async\" aria-describedby=\"caption-attachment-6692\" class=\"wp-image-6692 size-full\" title=\"Rantalepp\u00e4, Ristluoto, Velkua.\" src=\"https:\/\/blogi.ennola.fi\/wp-content\/uploads\/2021\/11\/Inio_Panorama4-1.jpg\" alt=\"\" width=\"480\" height=\"196\" \/><\/a><p id=\"caption-attachment-6692\" class=\"wp-caption-text\">Rantalepp\u00e4, Ristluoto, Velkua.<\/p><\/div>\n<div id=\"attachment_6691\" style=\"width: 490px\" class=\"wp-caption aligncenter\"><a href=\"https:\/\/blogi.ennola.fi\/wp-content\/uploads\/2021\/11\/Inio_Panorama14.jpg\" rel=\"lightbox[6652]\"><img loading=\"lazy\" decoding=\"async\" aria-describedby=\"caption-attachment-6691\" class=\"wp-image-6691 size-full\" title=\"Hiekkaranta, Ristluoto, Velkua.\" src=\"https:\/\/blogi.ennola.fi\/wp-content\/uploads\/2021\/11\/Inio_Panorama14-1.jpg\" alt=\"\" width=\"480\" height=\"105\" \/><\/a><p id=\"caption-attachment-6691\" class=\"wp-caption-text\">Hiekkaranta, Ristluoto, Velkua.<\/p><\/div>\n<p>Toteutunut reitti noudatti melko tarkkaan suunniteltua. Ensimm\u00e4isen\u00e4 p\u00e4iv\u00e4n\u00e4 tuuli nousi p\u00e4iv\u00e4n mittaan melko kovaksi, joten j\u00e4in y\u00f6ksi Jataniemenaukon reunaan Ristluotoon y\u00f6t\u00e4. Jataniemenaukon ylityst\u00e4 niin kovassa tuulessa en n\u00e4hnyt mielekk\u00e4\u00e4n\u00e4. Illalla alkoi sataa, joten levitin tarppini rantametsikk\u00f6\u00f6n sateensuojaksi iltapalani ajaksi. Seuraavana p\u00e4iv\u00e4n\u00e4 tuuli k\u00e4\u00e4ntyi ennusteiden mukaisesti pohjoiseen, mutta s\u00e4ilytti voimansa iltaan saakka. Niinp\u00e4 vaihdoinkin paikkaa ensimm\u00e4isen y\u00f6n j\u00e4lkeen saaren it\u00e4laidalta suojaisempaan etel\u00e4laitaan, miss\u00e4 olikin oikein erinomainen leiriranta. Siin\u00e4 v\u00e4liss\u00e4 kiertelin l\u00e4hisaariston suojaisia lahtia ymp\u00e4ri pys\u00e4htyen kertaalleen valokuvamaan ja lounastamaan.<\/p>\n<div id=\"attachment_6699\" style=\"width: 460px\" class=\"wp-caption aligncenter\"><a href=\"https:\/\/blogi.ennola.fi\/wp-content\/uploads\/2021\/11\/DSCI0800.jpg\" rel=\"lightbox[6652]\"><img loading=\"lazy\" decoding=\"async\" aria-describedby=\"caption-attachment-6699\" class=\"wp-image-6699 size-full\" title=\"Tutkaheijastin.\" src=\"https:\/\/blogi.ennola.fi\/wp-content\/uploads\/2021\/11\/DSCI0800-1.jpg\" alt=\"\" width=\"450\" height=\"300\" \/><\/a><p id=\"caption-attachment-6699\" class=\"wp-caption-text\">Tutkaheijastin.<\/p><\/div>\n<p>Toisen\u00e4 y\u00f6n\u00e4 kuutamo oli upea, jota yritin tavoittaa kuviini. Turhan kirkas, jotta t\u00e4hti\u00e4 olisi kunnolla saanut mukaan kuvaan. Y\u00f6n mittaan s\u00e4\u00e4 tyyntyi t\u00e4ysin. Kolmantena p\u00e4iv\u00e4n\u00e4 meloinkin peilityynell\u00e4 merell\u00e4 Ini\u00f6n saariston l\u00e4pi Kihdin laidalle. Viel\u00e4 seuraavanakin p\u00e4iv\u00e4n\u00e4 tuuli oli yh\u00e4 hyvin maltillinen ja pian aamun j\u00e4lkeen taivas selkeni t\u00e4ysin pilvett\u00f6m\u00e4ksi, jolloin kaksi aurinkoa paistoi ihanan l\u00e4mpim\u00e4sti. Meloin Kihti\u00e4 viitisen kilometri\u00e4 etel\u00e4\u00e4n ja k\u00e4\u00e4nnyin Mossala fj\u00e4rdenin pohjoispuolta takaisin p\u00e4in. Y\u00f6ksi tuli Lokveden pohjoisreunaan Iso-Ristluotoon tutulle rannalle y\u00f6t\u00e4. Viimeisen\u00e4 p\u00e4iv\u00e4n\u00e4 etel\u00e4tuuli vuorostaan voimistui ja p\u00e4\u00e4sin melomaan kohtalaiseen my\u00f6t\u00e4tuuleen takaisin Teersaloon, vaikka suurin osa reitist\u00e4 olikin suojaisia saarien v\u00e4lej\u00e4.<\/p>\n<div class=\"mceTemp\"><\/div>\n<div id=\"attachment_6704\" style=\"width: 490px\" class=\"wp-caption aligncenter\"><a href=\"https:\/\/blogi.ennola.fi\/wp-content\/uploads\/2021\/11\/Reitti-2.jpg\" rel=\"lightbox[6652]\"><img loading=\"lazy\" decoding=\"async\" aria-describedby=\"caption-attachment-6704\" class=\"wp-image-6704 size-full\" title=\"Reitti.\" src=\"https:\/\/blogi.ennola.fi\/wp-content\/uploads\/2021\/11\/Reitti-2-1.jpg\" alt=\"\" width=\"480\" height=\"258\" \/><\/a><p id=\"caption-attachment-6704\" class=\"wp-caption-text\">Reitti.<\/p><\/div>\n<p>Merikortin huonot puolet melojan navigoinnissa tulivat t\u00e4ll\u00e4 reissulla tutuiksi. Joka p\u00e4iv\u00e4 tuli vastaan tilanne, jossa merikortin perusteella arvioin saarten v\u00e4list\u00e4 p\u00e4\u00e4sev\u00e4ni, mutta paikan p\u00e4\u00e4ll\u00e4 ruovikko oli niin tiivis, ett\u00e4 edes kajakilla ei sekaan mahtunut. Ensimm\u00e4isen\u00e4 p\u00e4iv\u00e4n\u00e4 en jaksanut l\u00e4hte\u00e4 kiert\u00e4m\u00e4\u00e4n, vaan menin v\u00e4kisin paikasta l\u00e4pi. Se oli hidas ja raskas suoritus. Matalan veden aikaan siin\u00e4 olisi voinut k\u00e4vell\u00e4 kuivin jaloin, nyt vett\u00e4 oli kymmenkunta sentti\u00e4. Merikortti on selv\u00e4stikin tehty isommille aluksille ja rantaviivaa ei v\u00e4ltt\u00e4m\u00e4tt\u00e4 ole p\u00e4ivitetty maankohoamisen ja umpeenkasvun tahdissa.<\/p>\n<div id=\"attachment_6697\" style=\"width: 460px\" class=\"wp-caption aligncenter\"><a href=\"https:\/\/blogi.ennola.fi\/wp-content\/uploads\/2021\/11\/DSCI0785.jpg\" rel=\"lightbox[6652]\"><img loading=\"lazy\" decoding=\"async\" aria-describedby=\"caption-attachment-6697\" class=\"wp-image-6697 size-full\" title=\"Merikortin mukaan melottava veist\u00f6.\" src=\"https:\/\/blogi.ennola.fi\/wp-content\/uploads\/2021\/11\/DSCI0785-1.jpg\" alt=\"\" width=\"450\" height=\"300\" \/><\/a><p id=\"caption-attachment-6697\" class=\"wp-caption-text\">Merikortin mukaan melottava veist\u00f6.<\/p><\/div>\n<p>Valoisa aika on marraskuussa lyhyt, joten ensimm\u00e4isen aamun j\u00e4lkeen p\u00e4\u00e4tin muina aamuina her\u00e4t\u00e4 pari tuntia ennen aamun valkenemista aamiaisen laittoon ja leirin purkuun. Niin\u00e4 aamuina olinkin jo liikkeell\u00e4 auringonnousun aikaan. Illatkin olivat pimeit\u00e4 ja pitki\u00e4. Vaikka olinkin ottanut mukaani Framin J\u00e4\u00e4meren retkikunnan matkakertomuksen, niin uni tahtoi tulla jo yhdeks\u00e4n aikaan, joten aikainen aamu ei ollut siksi ongelma.<\/p>\n<div id=\"attachment_6690\" style=\"width: 490px\" class=\"wp-caption aligncenter\"><a href=\"https:\/\/blogi.ennola.fi\/wp-content\/uploads\/2021\/11\/Inio_Panorama8.jpg\" rel=\"lightbox[6652]\"><img loading=\"lazy\" decoding=\"async\" aria-describedby=\"caption-attachment-6690\" class=\"wp-image-6690 size-full\" title=\"Ristluoto, Velkua.\" src=\"https:\/\/blogi.ennola.fi\/wp-content\/uploads\/2021\/11\/Inio_Panorama8-1.jpg\" alt=\"\" width=\"480\" height=\"154\" \/><\/a><p id=\"caption-attachment-6690\" class=\"wp-caption-text\">Ristluoto, Velkua.<\/p><\/div>\n<div id=\"attachment_6689\" style=\"width: 490px\" class=\"wp-caption aligncenter\"><a href=\"https:\/\/blogi.ennola.fi\/wp-content\/uploads\/2021\/11\/Inio_Panorama19.jpg\" rel=\"lightbox[6652]\"><img loading=\"lazy\" decoding=\"async\" aria-describedby=\"caption-attachment-6689\" class=\"wp-image-6689 size-full\" title=\"Ristluoto, Velkua.\" src=\"https:\/\/blogi.ennola.fi\/wp-content\/uploads\/2021\/11\/Inio_Panorama19-1.jpg\" alt=\"\" width=\"480\" height=\"107\" \/><\/a><p id=\"caption-attachment-6689\" class=\"wp-caption-text\">Ristluoto, Velkua.<\/p><\/div>\n<div id=\"attachment_6688\" style=\"width: 490px\" class=\"wp-caption aligncenter\"><a href=\"https:\/\/blogi.ennola.fi\/wp-content\/uploads\/2021\/11\/Inio_Panorama12.jpg\" rel=\"lightbox[6652]\"><img loading=\"lazy\" decoding=\"async\" aria-describedby=\"caption-attachment-6688\" class=\"wp-image-6688 size-full\" title=\"Ristluoto, Velkua.\" src=\"https:\/\/blogi.ennola.fi\/wp-content\/uploads\/2021\/11\/Inio_Panorama12-1.jpg\" alt=\"\" width=\"480\" height=\"102\" \/><\/a><p id=\"caption-attachment-6688\" class=\"wp-caption-text\">Ristluoto, Velkua.<\/p><\/div>\n<div id=\"attachment_6687\" style=\"width: 490px\" class=\"wp-caption aligncenter\"><a href=\"https:\/\/blogi.ennola.fi\/wp-content\/uploads\/2021\/11\/Inio_Panorama18.jpg\" rel=\"lightbox[6652]\"><img loading=\"lazy\" decoding=\"async\" aria-describedby=\"caption-attachment-6687\" class=\"wp-image-6687 size-full\" title=\"Kuutamo, Ristluoto, Velkua.\" src=\"https:\/\/blogi.ennola.fi\/wp-content\/uploads\/2021\/11\/Inio_Panorama18-1.jpg\" alt=\"\" width=\"480\" height=\"126\" \/><\/a><p id=\"caption-attachment-6687\" class=\"wp-caption-text\">Kuutamo, Ristluoto, Velkua.<\/p><\/div>\n<p>Yleens\u00e4 syksyisin saaristossa olosuhteet ovat olleet h\u00e4mm\u00e4stytt\u00e4v\u00e4n kuivat ja varusteet ovat helposti kuivuneet puun oksalla, mutta se n\u00e4k\u00f6j\u00e4\u00e4n vaatii edes liev\u00e4sti tuulisia olosuhteita. Nyt minulla oli kaksi per\u00e4tt\u00e4ist\u00e4 tyynt\u00e4 y\u00f6t\u00e4, joiden seurauksena etenkin teltta kostui tolkuttoman m\u00e4r\u00e4ksi. Niinp\u00e4 viimeisen\u00e4 y\u00f6n\u00e4 toin telttaani litte\u00e4n kiven, jonka p\u00e4\u00e4ll\u00e4 pidin keitint\u00e4 p\u00e4\u00e4ll\u00e4 kokatessa. Loput k\u00e4yt\u00f6ss\u00e4ni olleet bensat poltin l\u00e4mmitt\u00e4\u00e4kseni telttaa talviretkien tapaan. Se auttoi: illalla teltassa oli jo suhteellisen kuivaa, l\u00e4mmint\u00e4 ja mukavaa. Keittimen k\u00e4ytt\u00f6\u00e4 teltassa tuleekin jatkokehitell\u00e4 tuleville kylm\u00e4n ajan melontaretkille.<\/p>\n<div id=\"attachment_6703\" style=\"width: 290px\" class=\"wp-caption aligncenter\"><a href=\"https:\/\/blogi.ennola.fi\/wp-content\/uploads\/2021\/11\/IMG_8048.jpg\" rel=\"lightbox[6652]\"><img loading=\"lazy\" decoding=\"async\" aria-describedby=\"caption-attachment-6703\" class=\"wp-image-6703 size-full\" title=\"Melojan joulukuusi.\" src=\"https:\/\/blogi.ennola.fi\/wp-content\/uploads\/2021\/11\/IMG_8048-1.jpg\" alt=\"\" width=\"280\" height=\"420\" \/><\/a><p id=\"caption-attachment-6703\" class=\"wp-caption-text\">Melojan joulukuusi.<\/p><\/div>\n<p>Kauniit s\u00e4\u00e4t ja aurinkoiset p\u00e4iv\u00e4t tekiv\u00e4t reissusta poikkeuksellisen kauniin. Marraskuun ei aina tarvitse olla loppumatonta harmautta. Itseasiassa t\u00e4llainen hillitty v\u00e4riloisto on valokuvaajan n\u00e4k\u00f6kulmasta jopa parempaa kuin kes\u00e4inen v\u00e4rien ilotulitus.<\/p>\n<div id=\"attachment_6698\" style=\"width: 460px\" class=\"wp-caption aligncenter\"><a href=\"https:\/\/blogi.ennola.fi\/wp-content\/uploads\/2021\/11\/DSCI0789.jpg\" rel=\"lightbox[6652]\"><img loading=\"lazy\" decoding=\"async\" aria-describedby=\"caption-attachment-6698\" class=\"wp-image-6698 size-full\" title=\"Aurinko paistaa.\" src=\"https:\/\/blogi.ennola.fi\/wp-content\/uploads\/2021\/11\/DSCI0789-1.jpg\" alt=\"\" width=\"450\" height=\"300\" \/><\/a><p id=\"caption-attachment-6698\" class=\"wp-caption-text\">Aurinko paistaa.<\/p><\/div>\n<p>Luontohavainnot olivat melko normaaleja t\u00e4h\u00e4n aikaan: paljon sinisorsa- ja telkk\u00e4parvia, v\u00e4h\u00e4n v\u00e4hemm\u00e4n koskeloita pienemmiss\u00e4 porukoissa, merikotkia, kana- ja varpushaukka, variksia varmaankin muutolla ja t\u00e4m\u00e4n syksyn tapaan kiinnitin huomioita saarissa touhuaviin tiaisparviin etsien mets\u00e4tiaisia: h\u00f6m\u00f6tiaista en havainnut, joitain t\u00f6yht\u00f6tiaisia n\u00e4kyi. Tali- ja sinitiaisia oli runsaasti. Kyhmyjoutsen poikueita oli ihan kohtuullisesti, vaikka alkukes\u00e4st\u00e4 vaikuttikin, ett\u00e4 saaristossa oli paljon pesinn\u00e4ss\u00e4\u00e4n ep\u00e4onnistuneita tai pesim\u00e4tt\u00f6mi\u00e4 pareja.<\/p>\n<p>Kihdin laidalla n\u00e4in el\u00e4v\u00e4n ja \u00c5vensor fj\u00e4rdenin laidalla kuolleen hylkeen. Muita nis\u00e4kk\u00e4it\u00e4 en n\u00e4hnyt, mutta toisena y\u00f6n\u00e4 Ristluodossa valkoh\u00e4nt\u00e4kauriit k\u00e4viv\u00e4t y\u00f6ll\u00e4 huokailemassa ja juoksentelemassa teltan ymp\u00e4rill\u00e4. Saaressa oli my\u00f6s valtavasti valkoh\u00e4nt\u00e4kauriin j\u00e4t\u00f6ksi\u00e4 ja polkuja, sek\u00e4 yksi ison petonis\u00e4kk\u00e4\u00e4n kakka, jossa oli paljon kauriin karvoja. P\u00e4\u00e4ttelin j\u00e4t\u00f6ksen olevan ilveksen, koska n\u00e4kem\u00e4ni suden kakat ovat olleet rakenteeltaan erilaisia ja niiss\u00e4 on ollut luusta per\u00e4isin olevaa kalkkia, mit\u00e4 t\u00e4ss\u00e4 ei ollut.<\/p>\n<div class=\"mceTemp\"><\/div>\n<div id=\"attachment_6705\" style=\"width: 490px\" class=\"wp-caption aligncenter\"><a href=\"https:\/\/blogi.ennola.fi\/wp-content\/uploads\/2021\/11\/Inio_Panorama16.jpg\" rel=\"lightbox[6652]\"><img loading=\"lazy\" decoding=\"async\" aria-describedby=\"caption-attachment-6705\" class=\"wp-image-6705 size-full\" title=\"Auringonnousu, Ristluoto, Velkua.\" src=\"https:\/\/blogi.ennola.fi\/wp-content\/uploads\/2021\/11\/Inio_Panorama16-1.jpg\" alt=\"\" width=\"480\" height=\"90\" \/><\/a><p id=\"caption-attachment-6705\" class=\"wp-caption-text\">Auringonnousu, Ristluoto, Velkua.<\/p><\/div>\n<div id=\"attachment_6706\" style=\"width: 490px\" class=\"wp-caption aligncenter\"><a href=\"https:\/\/blogi.ennola.fi\/wp-content\/uploads\/2021\/11\/Inio_Panorama9.jpg\" rel=\"lightbox[6652]\"><img loading=\"lazy\" decoding=\"async\" aria-describedby=\"caption-attachment-6706\" class=\"wp-image-6706 size-full\" title=\"Auringonnousu, Ristluoto, Velkua.\" src=\"https:\/\/blogi.ennola.fi\/wp-content\/uploads\/2021\/11\/Inio_Panorama9-1.jpg\" alt=\"\" width=\"480\" height=\"143\" \/><\/a><p id=\"caption-attachment-6706\" class=\"wp-caption-text\">Auringonnousu, Ristluoto, Velkua.<\/p><\/div>\n<div id=\"attachment_6707\" style=\"width: 490px\" class=\"wp-caption aligncenter\"><a href=\"https:\/\/blogi.ennola.fi\/wp-content\/uploads\/2021\/11\/Inio_Panorama11.jpg\" rel=\"lightbox[6652]\"><img loading=\"lazy\" decoding=\"async\" aria-describedby=\"caption-attachment-6707\" class=\"wp-image-6707 size-full\" title=\"Skatan ja Jataniemenaukko, Ini\u00f6.\" src=\"https:\/\/blogi.ennola.fi\/wp-content\/uploads\/2021\/11\/Inio_Panorama11-1.jpg\" alt=\"\" width=\"480\" height=\"62\" \/><\/a><p id=\"caption-attachment-6707\" class=\"wp-caption-text\">Skatan ja Jataniemenaukko, Ini\u00f6.<\/p><\/div>\n<div id=\"attachment_6681\" style=\"width: 490px\" class=\"wp-caption aligncenter\"><a href=\"https:\/\/blogi.ennola.fi\/wp-content\/uploads\/2021\/11\/Inio_Panorama5.jpg\" rel=\"lightbox[6652]\"><img loading=\"lazy\" decoding=\"async\" aria-describedby=\"caption-attachment-6681\" class=\"wp-image-6681 size-full\" title=\"Str\u00e5ket, Persholm, Ini\u00f6.\" src=\"https:\/\/blogi.ennola.fi\/wp-content\/uploads\/2021\/11\/Inio_Panorama5-1.jpg\" alt=\"\" width=\"480\" height=\"98\" \/><\/a><p id=\"caption-attachment-6681\" class=\"wp-caption-text\">Str\u00e5ket, Persholm, Ini\u00f6.<\/p><\/div>\n<p>Kommelluksiakin sattui, mist\u00e4 pahimmat liittyiv\u00e4t Hevonkackin ja Iso-Ristluodon v\u00e4lisen syv\u00e4v\u00e4yl\u00e4n ylitykseen ja siin\u00e4 kulkeviin laivoihin. L\u00e4hestyess\u00e4ni v\u00e4yl\u00e4\u00e4 siit\u00e4 meni laivaa, jonka uskoin n\u00e4kev\u00e4ni pohjoisessa l\u00e4htiess\u00e4ni ylitt\u00e4m\u00e4\u00e4n v\u00e4yl\u00e4\u00e4. Mutta se olikin jo mennyt ja n\u00e4kem\u00e4ni alus olikin kohtituleva hinaaja. V\u00e4yl\u00e4 teki kohdassa mutkan, mik\u00e4 teki mahdottomaksi arvioida tarkkaa linjaa, mist\u00e4 hinaaja tulisi kulkemaan. Niinp\u00e4 jouduin lopulta melomaan t\u00e4ysill\u00e4 sit\u00e4 pakoon, jotta ehdin v\u00e4yl\u00e4alueen toisella puolella olevan luodon luokse turvaan. Pitk\u00e4n melontap\u00e4iv\u00e4\u00e4n p\u00e4\u00e4tteeksi jouduin siis ottamaan viel\u00e4 noin kilometrin spurtin, jonka meloin aivan t\u00e4ysill\u00e4. Ehdin lopulta alta pois, mutta suurta marginaalia ei j\u00e4\u00e4nyt.<\/p>\n<div class=\"mceTemp\"><\/div>\n<div id=\"attachment_6682\" style=\"width: 490px\" class=\"wp-caption aligncenter\"><a href=\"https:\/\/blogi.ennola.fi\/wp-content\/uploads\/2021\/11\/Inio_Panorama6.jpg\" rel=\"lightbox[6652]\"><img loading=\"lazy\" decoding=\"async\" aria-describedby=\"caption-attachment-6682\" class=\"wp-image-6682 size-full\" title=\"Kihti, Sand\u00f6, Ini\u00f6.\" src=\"https:\/\/blogi.ennola.fi\/wp-content\/uploads\/2021\/11\/Inio_Panorama6-1.jpg\" alt=\"\" width=\"480\" height=\"108\" \/><\/a><p id=\"caption-attachment-6682\" class=\"wp-caption-text\">Kihti, Sand\u00f6, Ini\u00f6.<\/p><\/div>\n<div id=\"attachment_6683\" style=\"width: 490px\" class=\"wp-caption aligncenter\"><a href=\"https:\/\/blogi.ennola.fi\/wp-content\/uploads\/2021\/11\/Inio_Panorama20.jpg\" rel=\"lightbox[6652]\"><img loading=\"lazy\" decoding=\"async\" aria-describedby=\"caption-attachment-6683\" class=\"wp-image-6683 size-full\" title=\"Kihti, Sand\u00f6, Ini\u00f6.\" src=\"https:\/\/blogi.ennola.fi\/wp-content\/uploads\/2021\/11\/Inio_Panorama20-1.jpg\" alt=\"\" width=\"480\" height=\"80\" \/><\/a><p id=\"caption-attachment-6683\" class=\"wp-caption-text\">Kihti, Sand\u00f6, Ini\u00f6.<\/p><\/div>\n<div id=\"attachment_6684\" style=\"width: 490px\" class=\"wp-caption aligncenter\"><a href=\"https:\/\/blogi.ennola.fi\/wp-content\/uploads\/2021\/11\/Inio_Panorama1.jpg\" rel=\"lightbox[6652]\"><img loading=\"lazy\" decoding=\"async\" aria-describedby=\"caption-attachment-6684\" class=\"wp-image-6684 size-full\" title=\"Kihti, Sand\u00f6, Ini\u00f6.\" src=\"https:\/\/blogi.ennola.fi\/wp-content\/uploads\/2021\/11\/Inio_Panorama1-1.jpg\" alt=\"\" width=\"480\" height=\"250\" \/><\/a><p id=\"caption-attachment-6684\" class=\"wp-caption-text\">Kihti, Sand\u00f6, Ini\u00f6.<\/p><\/div>\n<p>Rannassa olin v\u00e4synyt ja j\u00e4tin typeryytt\u00e4ni kajakkini liian l\u00e4helle rantaa. Aamuy\u00f6st\u00e4 her\u00e4sin ison laivan aaltojen iskeytyess\u00e4 rantaan. Nousin yl\u00f6s tarkastamaan rannan tilanteen, miss\u00e4 kajakkini oli l\u00e4htenyt sen aaltoihin karkuun. Ei auttanut muuta, kuin juosta mereen vaatteet p\u00e4\u00e4ll\u00e4 pelastamaan sit\u00e4 ja ker\u00e4ilem\u00e4\u00e4n muita mereen ajelehtimaan joutuneita varusteita. Yll\u00e4tt\u00e4en vesi ei ehtinyt tuntua yht\u00e4\u00e4n kylm\u00e4lt\u00e4 tuossa tilanteessa. Ihminen on siit\u00e4 hassu, ettei se mill\u00e4\u00e4n opi. Eih\u00e4n siit\u00e4 ole kuin noin 40 vuotta, kun meille Ominaisissa k\u00e4vi v\u00e4h\u00e4n samalla tavalla.<\/p>\n<div id=\"attachment_6708\" style=\"width: 490px\" class=\"wp-caption aligncenter\"><a href=\"https:\/\/blogi.ennola.fi\/wp-content\/uploads\/2021\/11\/Inio_Panorama7.jpg\" rel=\"lightbox[6652]\"><img loading=\"lazy\" decoding=\"async\" aria-describedby=\"caption-attachment-6708\" class=\"wp-image-6708 size-full\" title=\"Salmis fj\u00e4rden, Fj\u00e4rdsk\u00e4ren, Ini\u00f6.\" src=\"https:\/\/blogi.ennola.fi\/wp-content\/uploads\/2021\/11\/Inio_Panorama7-1.jpg\" alt=\"\" width=\"480\" height=\"153\" \/><\/a><p id=\"caption-attachment-6708\" class=\"wp-caption-text\">Salmis fj\u00e4rden, Fj\u00e4rdsk\u00e4ren, Ini\u00f6.<\/p><\/div>\n<p>Alkuun vaikutti silt\u00e4, ett\u00e4 tappioita ei olisi tullut pahasti, vaikka kaikki kajakkiini j\u00e4tt\u00e4m\u00e4ni varusteet uivatkin vedess\u00e4. Onneksi olin pakannut arvotavarat, kuten kameran ja kirjastokirjan veden pit\u00e4viin pusseihin. L\u00f6ysin kaikki ajelehtimaan l\u00e4hteneet varusteet, ainoastaan yksi t\u00e4ysi hillopurkki oli kadonnut, se ei ole tainnut kellua.<\/p>\n<div id=\"attachment_6685\" style=\"width: 490px\" class=\"wp-caption aligncenter\"><a href=\"https:\/\/blogi.ennola.fi\/wp-content\/uploads\/2021\/11\/Inio_Panorama10.jpg\" rel=\"lightbox[6652]\"><img loading=\"lazy\" decoding=\"async\" aria-describedby=\"caption-attachment-6685\" class=\"wp-image-6685 size-full\" title=\"Illan viime s\u00e4teet, Iso Ristluoto, Rym\u00e4ttyl\u00e4.\" src=\"https:\/\/blogi.ennola.fi\/wp-content\/uploads\/2021\/11\/Inio_Panorama10-1.jpg\" alt=\"\" width=\"480\" height=\"143\" \/><\/a><p id=\"caption-attachment-6685\" class=\"wp-caption-text\">Illan viime s\u00e4teet, Iso Ristluoto, Rym\u00e4ttyl\u00e4.<\/p><\/div>\n<div id=\"attachment_6686\" style=\"width: 490px\" class=\"wp-caption aligncenter\"><a href=\"https:\/\/blogi.ennola.fi\/wp-content\/uploads\/2021\/11\/Inio_Panorama2.jpg\" rel=\"lightbox[6652]\"><img loading=\"lazy\" decoding=\"async\" aria-describedby=\"caption-attachment-6686\" class=\"wp-image-6686 size-full\" title=\"Aamun ensi s\u00e4teet, Iso Ristluoto, Rym\u00e4ttyl\u00e4.\" src=\"https:\/\/blogi.ennola.fi\/wp-content\/uploads\/2021\/11\/Inio_Panorama2-1.jpg\" alt=\"\" width=\"480\" height=\"97\" \/><\/a><p id=\"caption-attachment-6686\" class=\"wp-caption-text\">Aamun ensi s\u00e4teet, Iso Ristluoto, Rym\u00e4ttyl\u00e4.<\/p><\/div>\n<p>Ev\u00e4n s\u00e4\u00e4t\u00f6mekanismi oli saanut iskun, rikkoutunut ja tehnyt rei\u00e4n kajakkiini, toki vesilinjan yl\u00e4puolelle. Seuraavana p\u00e4iv\u00e4n\u00e4 aallot v\u00e4hitellen p\u00e4\u00e4siv\u00e4tkin t\u00e4ytt\u00e4m\u00e4\u00e4n kajakkiani vedell\u00e4, jonka takia muutaman kerran jouduin rantautumaan ja tyhjent\u00e4m\u00e4\u00e4n sen vedest\u00e4, kun huomasin istuvani vesikaukalossa. Sellaiset 30 litraa vett\u00e4 istuma-aukossa ei mitenk\u00e4\u00e4n helpota kajakin melontaominaisuuksia, vaikka jotkut v\u00e4itt\u00e4v\u00e4tkin lastatun kajakin olevan tukevampi meloa. Vellova vesi se Estoniankin upotti.<\/p>\n<div id=\"attachment_6702\" style=\"width: 460px\" class=\"wp-caption aligncenter\"><a href=\"https:\/\/blogi.ennola.fi\/wp-content\/uploads\/2021\/11\/DSCI0816.jpg\" rel=\"lightbox[6652]\"><img loading=\"lazy\" decoding=\"async\" aria-describedby=\"caption-attachment-6702\" class=\"wp-image-6702 size-full\" title=\"Murhaluoto.\" src=\"https:\/\/blogi.ennola.fi\/wp-content\/uploads\/2021\/11\/DSCI0816-1.jpg\" alt=\"\" width=\"450\" height=\"300\" \/><\/a><p id=\"caption-attachment-6702\" class=\"wp-caption-text\">Murhaluoto.<\/p><\/div>\n<p>Melonta napakkaan my\u00f6t\u00e4tuuleen kajakillani ilman ev\u00e4\u00e4 ei ole ihan maailman helpointa, joten ev\u00e4n puute hankaloitti merkitt\u00e4v\u00e4sti viimeist\u00e4 p\u00e4iv\u00e4\u00e4. Maatauolla sain sit\u00e4 sen verta korjattua, ett\u00e4 viimeisell\u00e4 etapilla pystyin taas hy\u00f6dynt\u00e4m\u00e4\u00e4n ev\u00e4\u00e4.<\/p>\n<div id=\"attachment_6700\" style=\"width: 460px\" class=\"wp-caption aligncenter\"><a href=\"https:\/\/blogi.ennola.fi\/wp-content\/uploads\/2021\/11\/DSCI0809.jpg\" rel=\"lightbox[6652]\"><img loading=\"lazy\" decoding=\"async\" aria-describedby=\"caption-attachment-6700\" class=\"wp-image-6700 size-full\" title=\"Auringonnousu, Kihti.\" src=\"https:\/\/blogi.ennola.fi\/wp-content\/uploads\/2021\/11\/DSCI0809-1.jpg\" alt=\"\" width=\"450\" height=\"300\" \/><\/a><p id=\"caption-attachment-6700\" class=\"wp-caption-text\">Auringonnousu, Kihti.<\/p><\/div>\n<p>Loppu hyvin kaikki hyvin. Kajakin sain kotona helposti korjattua, varaosa ei ollut kallis ja korjatusta ev\u00e4st\u00e4 tuli parempi kuin uusi, joten ei mennyt hukkaan sek\u00e4\u00e4n vaiva. Niin ja vuoden harmain p\u00e4iv\u00e4 ei t\u00e4n\u00e4 vuonna ollutkaan kovin harmaa.<\/p>\n","protected":false},"excerpt":{"rendered":"<p>Vuoden harmaimman ajan melontaretki kaikkine kommelluksineen on sitten onnellisesti ohitse. Matkaa kertyi lopulta 95 km, mik\u00e4 on melko pitk\u00e4 matka marraskuun kylmill\u00e4 ja yleens\u00e4 tuulisilla vesill\u00e4 melottavaksi. Pisin&#8230;<\/p>\n","protected":false},"author":1,"featured_media":6758,"comment_status":"open","ping_status":"open","sticky":false,"template":"","format":"standard","meta":{"footnotes":""},"categories":[4,8],"tags":[],"_links":{"self":[{"href":"https:\/\/blogi.ennola.fi\/index.php?rest_route=\/wp\/v2\/posts\/6652"}],"collection":[{"href":"https:\/\/blogi.ennola.fi\/index.php?rest_route=\/wp\/v2\/posts"}],"about":[{"href":"https:\/\/blogi.ennola.fi\/index.php?rest_route=\/wp\/v2\/types\/post"}],"author":[{"embeddable":true,"href":"https:\/\/blogi.ennola.fi\/index.php?rest_route=\/wp\/v2\/users\/1"}],"replies":[{"embeddable":true,"href":"https:\/\/blogi.ennola.fi\/index.php?rest_route=%2Fwp%2Fv2%2Fcomments&post=6652"}],"version-history":[{"count":5,"href":"https:\/\/blogi.ennola.fi\/index.php?rest_route=\/wp\/v2\/posts\/6652\/revisions"}],"predecessor-version":[{"id":6803,"href":"https:\/\/blogi.ennola.fi\/index.php?rest_route=\/wp\/v2\/posts\/6652\/revisions\/6803"}],"wp:featuredmedia":[{"embeddable":true,"href":"https:\/\/blogi.ennola.fi\/index.php?rest_route=\/wp\/v2\/media\/6758"}],"wp:attachment":[{"href":"https:\/\/blogi.ennola.fi\/index.php?rest_route=%2Fwp%2Fv2%2Fmedia&parent=6652"}],"wp:term":[{"taxonomy":"category","embeddable":true,"href":"https:\/\/blogi.ennola.fi\/index.php?rest_route=%2Fwp%2Fv2%2Fcategories&post=6652"},{"taxonomy":"post_tag","embeddable":true,"href":"https:\/\/blogi.ennola.fi\/index.php?rest_route=%2Fwp%2Fv2%2Ftags&post=6652"}],"curies":[{"name":"wp","href":"https:\/\/api.w.org\/{rel}","templated":true}]}}