{"id":6805,"date":"2021-12-09T12:55:57","date_gmt":"2021-12-09T10:55:57","guid":{"rendered":"https:\/\/blogi.ennola.fi\/?p=6805"},"modified":"2022-01-16T00:07:29","modified_gmt":"2022-01-15T22:07:29","slug":"melontaa-ja-telttailua-pakkasella","status":"publish","type":"post","link":"https:\/\/blogi.ennola.fi\/?p=6805","title":{"rendered":"Melontaa ja telttailua pakkasella"},"content":{"rendered":"<p>T\u00e4lle vuodelle olin asettanut tavoitteeksi olla melomassa vuoden jokaisena kuukautena. Joulukuun alku n\u00e4ytti silt\u00e4, ett\u00e4 s\u00e4iden suhteen kuukausi saattaisi olla haastava. Niinp\u00e4 l\u00e4hdin heti kuun alussa lyhyelle yhden y\u00f6n melontaretkelle Seilin saaristoon.<\/p>\n<p>Keli on kylm\u00e4hk\u00f6, 2\u20136 astetta pakkasta ja tuultakin sellaiset 3\u20136 m\/s. Eih\u00e4n tuollainen tuuli normaalisti mit\u00e4\u00e4n merkitsen, mutta nyt etenkin torstaina 6 m\/s tuuli 6 asteen pakkasessa sai aallot p\u00e4rskim\u00e4\u00e4n vett\u00e4 p\u00e4\u00e4lle, joka j\u00e4\u00e4tyi ohueksi kuoreksi niin kajakin kuin melojan vaatteidenkin p\u00e4\u00e4lle. Aukkopeitekin oli paksussa j\u00e4\u00e4kuoressa tullessani maihin. Keskiviikkona kaksi aurinkoa sent\u00e4\u00e4n l\u00e4mmitti kivasti ja piti kajakkia ainakin auringonpuolelta vapaana j\u00e4\u00e4st\u00e4.<\/p>\n<div id=\"attachment_6841\" style=\"width: 490px\" class=\"wp-caption aligncenter\"><a href=\"https:\/\/blogi.ennola.fi\/wp-content\/uploads\/2021\/12\/Korkiasaari_Panorama6.jpg\" rel=\"lightbox[6805]\"><img loading=\"lazy\" decoding=\"async\" aria-describedby=\"caption-attachment-6841\" class=\"wp-image-6841 size-full\" title=\"\u00c5dholm ja Gullbrant, Utterholm.\" src=\"https:\/\/blogi.ennola.fi\/wp-content\/uploads\/2021\/12\/Korkiasaari_Panorama6-1.jpg\" alt=\"\" width=\"480\" height=\"143\" \/><\/a><p id=\"caption-attachment-6841\" class=\"wp-caption-text\">\u00c5dholm ja Gullbrant, Utterholm.<\/p><\/div>\n<p>Yleisesti pakkasessa melominen ei vaadi mit\u00e4\u00e4n erityisi\u00e4 j\u00e4rjestelyj\u00e4. Vaatetta t\u00e4ytyy pukea kuivapuvun alle riitt\u00e4v\u00e4sti. Melontatossut on syyt\u00e4 olla muutaman numeron isommat kuin kes\u00e4ll\u00e4, jotta jalkaan voi pukea ylim\u00e4\u00e4r\u00e4iset villasukat ilman puristavaa tunnetta. Jalkatukea joudun my\u00f6s s\u00e4\u00e4t\u00e4m\u00e4\u00e4n talveksi hieman kauemmaksi, jotta mahdun vaatteineni mukavasti kajakkiin. K\u00e4siss\u00e4 siirryn pakkasilla neopreenisista sormikkaista kintaisiin. K\u00e4sineit\u00e4 on hyv\u00e4 varata mukaan muutamat ylim\u00e4\u00e4r\u00e4iset, jotta kostuneita voi tarpeen mukaan vaihtaa kuiviin. Tauolta l\u00e4htiess\u00e4 olen my\u00f6s tarvittaessa kaatanut termospullosta kuuma vett\u00e4 kostuneisiin hanskoihin, jotta ne olisivat heti l\u00e4mpim\u00e4t.<\/p>\n<div id=\"attachment_6829\" style=\"width: 460px\" class=\"wp-caption aligncenter\"><a href=\"https:\/\/blogi.ennola.fi\/wp-content\/uploads\/2021\/12\/DSCI0866.jpg\" rel=\"lightbox[6805]\"><img loading=\"lazy\" decoding=\"async\" aria-describedby=\"caption-attachment-6829\" class=\"wp-image-6829 size-full\" title=\"J\u00e4ist\u00e4 rantaa.\" src=\"https:\/\/blogi.ennola.fi\/wp-content\/uploads\/2021\/12\/DSCI0866-1.jpg\" alt=\"\" width=\"450\" height=\"299\" srcset=\"https:\/\/blogi.ennola.fi\/wp-content\/uploads\/2021\/12\/DSCI0866-1.jpg 450w, https:\/\/blogi.ennola.fi\/wp-content\/uploads\/2021\/12\/DSCI0866-1-150x100.jpg 150w\" sizes=\"(max-width: 450px) 100vw, 450px\" \/><\/a><p id=\"caption-attachment-6829\" class=\"wp-caption-text\">J\u00e4ist\u00e4 rantaa.<\/p><\/div>\n<div id=\"attachment_6824\" style=\"width: 460px\" class=\"wp-caption aligncenter\"><a href=\"https:\/\/blogi.ennola.fi\/wp-content\/uploads\/2021\/12\/DSCI0872.jpg\" rel=\"lightbox[6805]\"><img loading=\"lazy\" decoding=\"async\" aria-describedby=\"caption-attachment-6824\" class=\"wp-image-6824 size-full\" title=\"Dyvikholm.\" src=\"https:\/\/blogi.ennola.fi\/wp-content\/uploads\/2021\/12\/DSCI0872-1.jpg\" alt=\"\" width=\"450\" height=\"300\" srcset=\"https:\/\/blogi.ennola.fi\/wp-content\/uploads\/2021\/12\/DSCI0872-1.jpg 450w, https:\/\/blogi.ennola.fi\/wp-content\/uploads\/2021\/12\/DSCI0872-1-150x100.jpg 150w\" sizes=\"(max-width: 450px) 100vw, 450px\" \/><\/a><p id=\"caption-attachment-6824\" class=\"wp-caption-text\">Dyvikholm.<\/p><\/div>\n<div id=\"attachment_6825\" style=\"width: 460px\" class=\"wp-caption aligncenter\"><a href=\"https:\/\/blogi.ennola.fi\/wp-content\/uploads\/2021\/12\/DSCI0880.jpg\" rel=\"lightbox[6805]\"><img loading=\"lazy\" decoding=\"async\" aria-describedby=\"caption-attachment-6825\" class=\"wp-image-6825 size-full\" title=\"J\u00e4inen saari, Matinkari.\" src=\"https:\/\/blogi.ennola.fi\/wp-content\/uploads\/2021\/12\/DSCI0880-1.jpg\" alt=\"\" width=\"450\" height=\"300\" srcset=\"https:\/\/blogi.ennola.fi\/wp-content\/uploads\/2021\/12\/DSCI0880-1.jpg 450w, https:\/\/blogi.ennola.fi\/wp-content\/uploads\/2021\/12\/DSCI0880-1-150x100.jpg 150w\" sizes=\"(max-width: 450px) 100vw, 450px\" \/><\/a><p id=\"caption-attachment-6825\" class=\"wp-caption-text\">J\u00e4inen saari, Matinkari.<\/p><\/div>\n<div id=\"attachment_6826\" style=\"width: 460px\" class=\"wp-caption aligncenter\"><a href=\"https:\/\/blogi.ennola.fi\/wp-content\/uploads\/2021\/12\/DSCI0883.jpg\" rel=\"lightbox[6805]\"><img loading=\"lazy\" decoding=\"async\" aria-describedby=\"caption-attachment-6826\" class=\"wp-image-6826 size-full\" title=\"Leirisaari.\" src=\"https:\/\/blogi.ennola.fi\/wp-content\/uploads\/2021\/12\/DSCI0883-1.jpg\" alt=\"\" width=\"450\" height=\"300\" srcset=\"https:\/\/blogi.ennola.fi\/wp-content\/uploads\/2021\/12\/DSCI0883-1.jpg 450w, https:\/\/blogi.ennola.fi\/wp-content\/uploads\/2021\/12\/DSCI0883-1-150x100.jpg 150w\" sizes=\"(max-width: 450px) 100vw, 450px\" \/><\/a><p id=\"caption-attachment-6826\" class=\"wp-caption-text\">Leirisaari.<\/p><\/div>\n<p>Monip\u00e4iv\u00e4inen melontaretki asettaa omat haasteensa pakkasella. Pakkasella meloessa etenkin neopreeninen aukkopeite ja k\u00e4sineet ker\u00e4siv\u00e4t kosteutta huomattavia m\u00e4\u00e4ri\u00e4. Niiden saaminen k\u00e4ytt\u00f6kuivaksi ulkona kuivaamalla ei olisi ollut mahdollista, joten otin ne sis\u00e4\u00e4n telttaan kuivumaan. Sen sijaan kuivapuku ei kastunut niin pahasti, joten sen j\u00e4tin ulos oksalle kuivumaan. Aamuy\u00f6n tuuli olikin kuivannut sen yll\u00e4tt\u00e4v\u00e4n hyvin. Jatkossa voisinkin mietti\u00e4, onko n\u00e4in talvikaudella neopreeni ihan paras mahdollinen aukkopeiton materiaali.<\/p>\n<div id=\"attachment_6840\" style=\"width: 490px\" class=\"wp-caption aligncenter\"><a href=\"https:\/\/blogi.ennola.fi\/wp-content\/uploads\/2021\/12\/Korkiasaari_Panorama3.jpg\" rel=\"lightbox[6805]\"><img loading=\"lazy\" decoding=\"async\" aria-describedby=\"caption-attachment-6840\" class=\"wp-image-6840 size-full\" title=\"Hiekkaranta, Korkiasaari.\" src=\"https:\/\/blogi.ennola.fi\/wp-content\/uploads\/2021\/12\/Korkiasaari_Panorama3-1.jpg\" alt=\"\" width=\"480\" height=\"95\" srcset=\"https:\/\/blogi.ennola.fi\/wp-content\/uploads\/2021\/12\/Korkiasaari_Panorama3-1.jpg 480w, https:\/\/blogi.ennola.fi\/wp-content\/uploads\/2021\/12\/Korkiasaari_Panorama3-1-150x30.jpg 150w\" sizes=\"(max-width: 480px) 100vw, 480px\" \/><\/a><p id=\"caption-attachment-6840\" class=\"wp-caption-text\">Hiekkaranta, Korkiasaari.<\/p><\/div>\n<div id=\"attachment_6839\" style=\"width: 490px\" class=\"wp-caption aligncenter\"><a href=\"https:\/\/blogi.ennola.fi\/wp-content\/uploads\/2021\/12\/Korkiasaari_Panorama10.jpg\" rel=\"lightbox[6805]\"><img loading=\"lazy\" decoding=\"async\" aria-describedby=\"caption-attachment-6839\" class=\"wp-image-6839 size-full\" title=\"J\u00e4\u00e4tynyt kallioranta, Korkiasaari.\" src=\"https:\/\/blogi.ennola.fi\/wp-content\/uploads\/2021\/12\/Korkiasaari_Panorama10-1.jpg\" alt=\"\" width=\"480\" height=\"90\" \/><\/a><p id=\"caption-attachment-6839\" class=\"wp-caption-text\">J\u00e4\u00e4tynyt kallioranta, Korkiasaari.<\/p><\/div>\n<div id=\"attachment_6838\" style=\"width: 490px\" class=\"wp-caption aligncenter\"><a href=\"https:\/\/blogi.ennola.fi\/wp-content\/uploads\/2021\/12\/Korkiasaari_Panorama1.jpg\" rel=\"lightbox[6805]\"><img loading=\"lazy\" decoding=\"async\" aria-describedby=\"caption-attachment-6838\" class=\"wp-image-6838 size-full\" title=\"Kalliom\u00e4nnikk\u00f6, Korkiasaari.\" src=\"https:\/\/blogi.ennola.fi\/wp-content\/uploads\/2021\/12\/Korkiasaari_Panorama1-1.jpg\" alt=\"\" width=\"480\" height=\"214\" \/><\/a><p id=\"caption-attachment-6838\" class=\"wp-caption-text\">Kalliom\u00e4nnikk\u00f6, Korkiasaari.<\/p><\/div>\n<div id=\"attachment_6837\" style=\"width: 490px\" class=\"wp-caption aligncenter\"><a href=\"https:\/\/blogi.ennola.fi\/wp-content\/uploads\/2021\/12\/Korkiasaari_Panorama5.jpg\" rel=\"lightbox[6805]\"><img loading=\"lazy\" decoding=\"async\" aria-describedby=\"caption-attachment-6837\" class=\"wp-image-6837 size-full\" title=\"N\u00e4k\u00f6ala Airistolle, Korkiasaari.\" src=\"https:\/\/blogi.ennola.fi\/wp-content\/uploads\/2021\/12\/Korkiasaari_Panorama5-1.jpg\" alt=\"\" width=\"480\" height=\"107\" srcset=\"https:\/\/blogi.ennola.fi\/wp-content\/uploads\/2021\/12\/Korkiasaari_Panorama5-1.jpg 480w, https:\/\/blogi.ennola.fi\/wp-content\/uploads\/2021\/12\/Korkiasaari_Panorama5-1-150x33.jpg 150w\" sizes=\"(max-width: 480px) 100vw, 480px\" \/><\/a><p id=\"caption-attachment-6837\" class=\"wp-caption-text\">N\u00e4k\u00f6ala Airistolle, Korkiasaari.<\/p><\/div>\n<div id=\"attachment_6836\" style=\"width: 490px\" class=\"wp-caption aligncenter\"><a href=\"https:\/\/blogi.ennola.fi\/wp-content\/uploads\/2021\/12\/Korkiasaari_Panorama4.jpg\" rel=\"lightbox[6805]\"><img loading=\"lazy\" decoding=\"async\" aria-describedby=\"caption-attachment-6836\" class=\"wp-image-6836 size-full\" title=\"Seili, P\u00e4iv\u00e4luoto ja J\u00e4\u00e4m\u00e4luoto Korkiasaaren huipulta.\" src=\"https:\/\/blogi.ennola.fi\/wp-content\/uploads\/2021\/12\/Korkiasaari_Panorama4-1.jpg\" alt=\"\" width=\"480\" height=\"109\" \/><\/a><p id=\"caption-attachment-6836\" class=\"wp-caption-text\">Seili, P\u00e4iv\u00e4luoto ja J\u00e4\u00e4m\u00e4luoto Korkiasaaren huipulta.<\/p><\/div>\n<div id=\"attachment_6835\" style=\"width: 490px\" class=\"wp-caption aligncenter\"><a href=\"https:\/\/blogi.ennola.fi\/wp-content\/uploads\/2021\/12\/Korkiasaari_Panorama8.jpg\" rel=\"lightbox[6805]\"><img loading=\"lazy\" decoding=\"async\" aria-describedby=\"caption-attachment-6835\" class=\"wp-image-6835 size-full\" title=\"J\u00e4\u00e4tynyt ranta, Korkiasaari.\" src=\"https:\/\/blogi.ennola.fi\/wp-content\/uploads\/2021\/12\/Korkiasaari_Panorama8-1.jpg\" alt=\"\" width=\"480\" height=\"158\" srcset=\"https:\/\/blogi.ennola.fi\/wp-content\/uploads\/2021\/12\/Korkiasaari_Panorama8-1.jpg 480w, https:\/\/blogi.ennola.fi\/wp-content\/uploads\/2021\/12\/Korkiasaari_Panorama8-1-150x49.jpg 150w\" sizes=\"(max-width: 480px) 100vw, 480px\" \/><\/a><p id=\"caption-attachment-6835\" class=\"wp-caption-text\">J\u00e4\u00e4tynyt ranta, Korkiasaari.<\/p><\/div>\n<p>Telttaa l\u00e4mmitin talvivaellusten tapaan bensakeittimell\u00e4 saadakseni varusteet kuivumaan, mihin ilta ja aamu sek\u00e4 bensakaan eiv\u00e4t ihan riitt\u00e4neet. Olin varannut litran polttoainepullollisen bensaa mukaani, josta kulutin yli puolet. Riitt\u00e4v\u00e4n kuiviksi varusteeni kuitenkin sain. Keitinlaatikko ei olisi mitenk\u00e4\u00e4n mahtunut kajakkiin mukaan, joten olin korvannut sen py\u00f6re\u00e4ll\u00e4 alumiinivuoalla, joka juuri ja juuri mahtui kajakin pakkausluukusta sis\u00e4\u00e4n. Sen lis\u00e4ksi minulla oli pari vanerilevy\u00e4 ja alumiinilevy, jotka olin joskus saanut est\u00e4m\u00e4\u00e4n keittimen vajoamista lumeen. Vanerilevyt toimivat hyvin\u00e4 pannunalusina. Foliovuoan pohjalta oli helppo havaita esil\u00e4mmitysbensan tulleen yli ja pyyhki\u00e4 ylim\u00e4\u00e4r\u00e4iset pois ennen keittimen sytytt\u00e4mist\u00e4.<\/p>\n<div id=\"attachment_6827\" style=\"width: 460px\" class=\"wp-caption aligncenter\"><a href=\"https:\/\/blogi.ennola.fi\/wp-content\/uploads\/2021\/12\/DSCI0893.jpg\" rel=\"lightbox[6805]\"><img loading=\"lazy\" decoding=\"async\" aria-describedby=\"caption-attachment-6827\" class=\"wp-image-6827 size-full\" title=\"Sis\u00e4keitti\u00f6.\" src=\"https:\/\/blogi.ennola.fi\/wp-content\/uploads\/2021\/12\/DSCI0893-1.jpg\" alt=\"\" width=\"450\" height=\"314\" srcset=\"https:\/\/blogi.ennola.fi\/wp-content\/uploads\/2021\/12\/DSCI0893-1.jpg 450w, https:\/\/blogi.ennola.fi\/wp-content\/uploads\/2021\/12\/DSCI0893-1-150x105.jpg 150w\" sizes=\"(max-width: 450px) 100vw, 450px\" \/><\/a><p id=\"caption-attachment-6827\" class=\"wp-caption-text\">Sis\u00e4keitti\u00f6.<\/p><\/div>\n<p>Seuraavana p\u00e4iv\u00e4n\u00e4 paljastui viel\u00e4 yksi monip\u00e4iv\u00e4isen talvimelonnan ongelma. Kajakin nostoev\u00e4 oli tietystikin j\u00e4\u00e4tynyt umpij\u00e4\u00e4h\u00e4n y\u00f6n aikana. Hyv\u00e4ksyin asian laidan, enk\u00e4 l\u00e4htenyt kokeilemaan sen sulattamista. Se oli kuitenkin heti selv\u00e4\u00e4, ett\u00e4 v\u00e4kivaltaa oli siihen turha yritt\u00e4\u00e4. Kajakkini hallitseminen napakassa sivu- ja my\u00f6t\u00e4tuulessa ilman ev\u00e4\u00e4 ei sin\u00e4ns\u00e4 ole mahdotonta, mutta raskaampaa ja ty\u00f6l\u00e4\u00e4mp\u00e4\u00e4 se on. Toimiva ev\u00e4 kyll\u00e4 tekisi melonnasta tasapainoisempaa ja nautinnollisempaa. T\u00e4ytyy seuraavalla kerralla mietti\u00e4, voisiko tuon asian jotenkin ratkaista.<\/p>\n<div id=\"attachment_6834\" style=\"width: 490px\" class=\"wp-caption aligncenter\"><a href=\"https:\/\/blogi.ennola.fi\/wp-content\/uploads\/2021\/12\/Korkiasaari_Panorama2.jpg\" rel=\"lightbox[6805]\"><img loading=\"lazy\" decoding=\"async\" aria-describedby=\"caption-attachment-6834\" class=\"wp-image-6834 size-full\" title=\"Auringonnousu, Korkiasaari.\" src=\"https:\/\/blogi.ennola.fi\/wp-content\/uploads\/2021\/12\/Korkiasaari_Panorama2-1.jpg\" alt=\"\" width=\"480\" height=\"156\" srcset=\"https:\/\/blogi.ennola.fi\/wp-content\/uploads\/2021\/12\/Korkiasaari_Panorama2-1.jpg 480w, https:\/\/blogi.ennola.fi\/wp-content\/uploads\/2021\/12\/Korkiasaari_Panorama2-1-150x49.jpg 150w\" sizes=\"(max-width: 480px) 100vw, 480px\" \/><\/a><p id=\"caption-attachment-6834\" class=\"wp-caption-text\">Auringonnousu, Korkiasaari.<\/p><\/div>\n<div id=\"attachment_6833\" style=\"width: 490px\" class=\"wp-caption aligncenter\"><a href=\"https:\/\/blogi.ennola.fi\/wp-content\/uploads\/2021\/12\/Korkiasaari_Panorama7.jpg\" rel=\"lightbox[6805]\"><img loading=\"lazy\" decoding=\"async\" aria-describedby=\"caption-attachment-6833\" class=\"wp-image-6833 size-full\" title=\"Rantaleppi\u00e4, Korkiasaari.\" src=\"https:\/\/blogi.ennola.fi\/wp-content\/uploads\/2021\/12\/Korkiasaari_Panorama7-1.jpg\" alt=\"\" width=\"480\" height=\"212\" srcset=\"https:\/\/blogi.ennola.fi\/wp-content\/uploads\/2021\/12\/Korkiasaari_Panorama7-1.jpg 480w, https:\/\/blogi.ennola.fi\/wp-content\/uploads\/2021\/12\/Korkiasaari_Panorama7-1-150x66.jpg 150w\" sizes=\"(max-width: 480px) 100vw, 480px\" \/><\/a><p id=\"caption-attachment-6833\" class=\"wp-caption-text\">Rantaleppi\u00e4, Korkiasaari.<\/p><\/div>\n<div id=\"attachment_6832\" style=\"width: 490px\" class=\"wp-caption aligncenter\"><a href=\"https:\/\/blogi.ennola.fi\/wp-content\/uploads\/2021\/12\/Korkiasaari_Panorama9.jpg\" rel=\"lightbox[6805]\"><img loading=\"lazy\" decoding=\"async\" aria-describedby=\"caption-attachment-6832\" class=\"wp-image-6832 size-full\" title=\"Kuusikko, Korkiasaari.\" src=\"https:\/\/blogi.ennola.fi\/wp-content\/uploads\/2021\/12\/Korkiasaari_Panorama9-1.jpg\" alt=\"\" width=\"480\" height=\"159\" srcset=\"https:\/\/blogi.ennola.fi\/wp-content\/uploads\/2021\/12\/Korkiasaari_Panorama9-1.jpg 480w, https:\/\/blogi.ennola.fi\/wp-content\/uploads\/2021\/12\/Korkiasaari_Panorama9-1-150x50.jpg 150w\" sizes=\"(max-width: 480px) 100vw, 480px\" \/><\/a><p id=\"caption-attachment-6832\" class=\"wp-caption-text\">Kuusikko, Korkiasaari.<\/p><\/div>\n<p>Luonnon puolesta talvi alkoi olla jo k\u00e4sill\u00e4 ja havainnot hyvin v\u00e4h\u00e4isi\u00e4. Y\u00f6paikalla tinttiparvi valmistautui talveen, mutten n\u00e4hnyt niit\u00e4 tarpeeksi hyvin tarkempaan lajim\u00e4\u00e4ritykseen. K\u00e4pytikka naputteli my\u00f6s saaressa. Kyhmyjoutsenia, telkki\u00e4, molempia koskelolajeja ja yksi merimetso oli vesill\u00e4. Jokusen harmaalokin n\u00e4in lent\u00e4m\u00e4ss\u00e4 ja aivan lopuksi, juuri ennen rantautumista, harmaahylkeen p\u00e4\u00e4 kohoili vedest\u00e4 edess\u00e4ni. Merikotkan n\u00e4in vasta kotimatkalla autonikkunasta.<\/p>\n<div id=\"attachment_6828\" style=\"width: 460px\" class=\"wp-caption aligncenter\"><a href=\"https:\/\/blogi.ennola.fi\/wp-content\/uploads\/2021\/12\/DSCI0898.jpg\" rel=\"lightbox[6805]\"><img loading=\"lazy\" decoding=\"async\" aria-describedby=\"caption-attachment-6828\" class=\"wp-image-6828 size-full\" title=\"Aamup\u00e4iv\u00e4n aurinko.\" src=\"https:\/\/blogi.ennola.fi\/wp-content\/uploads\/2021\/12\/DSCI0898-1.jpg\" alt=\"\" width=\"450\" height=\"300\" srcset=\"https:\/\/blogi.ennola.fi\/wp-content\/uploads\/2021\/12\/DSCI0898-1.jpg 450w, https:\/\/blogi.ennola.fi\/wp-content\/uploads\/2021\/12\/DSCI0898-1-150x100.jpg 150w\" sizes=\"(max-width: 450px) 100vw, 450px\" \/><\/a><p id=\"caption-attachment-6828\" class=\"wp-caption-text\">Aamup\u00e4iv\u00e4n aurinko.<\/p><\/div>\n<div id=\"attachment_6830\" style=\"width: 460px\" class=\"wp-caption aligncenter\"><a href=\"https:\/\/blogi.ennola.fi\/wp-content\/uploads\/2021\/12\/DSCI0902.jpg\" rel=\"lightbox[6805]\"><img loading=\"lazy\" decoding=\"async\" aria-describedby=\"caption-attachment-6830\" class=\"wp-image-6830 size-full\" title=\"J\u00e4\u00e4tynyt etukansi, aukkopeite ja kartta.\" src=\"https:\/\/blogi.ennola.fi\/wp-content\/uploads\/2021\/12\/DSCI0902-1.jpg\" alt=\"\" width=\"450\" height=\"300\" srcset=\"https:\/\/blogi.ennola.fi\/wp-content\/uploads\/2021\/12\/DSCI0902-1.jpg 450w, https:\/\/blogi.ennola.fi\/wp-content\/uploads\/2021\/12\/DSCI0902-1-150x100.jpg 150w\" sizes=\"(max-width: 450px) 100vw, 450px\" \/><\/a><p id=\"caption-attachment-6830\" class=\"wp-caption-text\">J\u00e4\u00e4tynyt etukansi, aukkopeite ja kartta.<\/p><\/div>\n<div id=\"attachment_6831\" style=\"width: 460px\" class=\"wp-caption aligncenter\"><a href=\"https:\/\/blogi.ennola.fi\/wp-content\/uploads\/2021\/12\/DSCI0904.jpg\" rel=\"lightbox[6805]\"><img loading=\"lazy\" decoding=\"async\" aria-describedby=\"caption-attachment-6831\" class=\"wp-image-6831 size-full\" title=\"J\u00e4\u00e4tynyt rannekello.\" src=\"https:\/\/blogi.ennola.fi\/wp-content\/uploads\/2021\/12\/DSCI0904-1.jpg\" alt=\"\" width=\"450\" height=\"300\" srcset=\"https:\/\/blogi.ennola.fi\/wp-content\/uploads\/2021\/12\/DSCI0904-1.jpg 450w, https:\/\/blogi.ennola.fi\/wp-content\/uploads\/2021\/12\/DSCI0904-1-150x100.jpg 150w\" sizes=\"(max-width: 450px) 100vw, 450px\" \/><\/a><p id=\"caption-attachment-6831\" class=\"wp-caption-text\">J\u00e4\u00e4tynyt rannekello.<\/p><\/div>\n<p>Toisenkin haasteen olin itselleni asettanut t\u00e4m\u00e4n vuoden melonnalle, mik\u00e4 on ollut jo jokavuotinen haaste. Saada melotuksi tuhat kilometri\u00e4 vuodessa. Sekin tuli nyt retken ensimm\u00e4isen\u00e4 p\u00e4iv\u00e4n\u00e4 t\u00e4yteen.<\/p>\n","protected":false},"excerpt":{"rendered":"<p>T\u00e4lle vuodelle olin asettanut tavoitteeksi olla melomassa vuoden jokaisena kuukautena. Joulukuun alku n\u00e4ytti silt\u00e4, ett\u00e4 s\u00e4iden suhteen kuukausi saattaisi olla haastava. Niinp\u00e4 l\u00e4hdin heti kuun alussa lyhyelle yhden&#8230;<\/p>\n","protected":false},"author":1,"featured_media":6842,"comment_status":"open","ping_status":"open","sticky":false,"template":"","format":"standard","meta":{"footnotes":""},"categories":[4,8],"tags":[],"_links":{"self":[{"href":"https:\/\/blogi.ennola.fi\/index.php?rest_route=\/wp\/v2\/posts\/6805"}],"collection":[{"href":"https:\/\/blogi.ennola.fi\/index.php?rest_route=\/wp\/v2\/posts"}],"about":[{"href":"https:\/\/blogi.ennola.fi\/index.php?rest_route=\/wp\/v2\/types\/post"}],"author":[{"embeddable":true,"href":"https:\/\/blogi.ennola.fi\/index.php?rest_route=\/wp\/v2\/users\/1"}],"replies":[{"embeddable":true,"href":"https:\/\/blogi.ennola.fi\/index.php?rest_route=%2Fwp%2Fv2%2Fcomments&post=6805"}],"version-history":[{"count":4,"href":"https:\/\/blogi.ennola.fi\/index.php?rest_route=\/wp\/v2\/posts\/6805\/revisions"}],"predecessor-version":[{"id":7109,"href":"https:\/\/blogi.ennola.fi\/index.php?rest_route=\/wp\/v2\/posts\/6805\/revisions\/7109"}],"wp:featuredmedia":[{"embeddable":true,"href":"https:\/\/blogi.ennola.fi\/index.php?rest_route=\/wp\/v2\/media\/6842"}],"wp:attachment":[{"href":"https:\/\/blogi.ennola.fi\/index.php?rest_route=%2Fwp%2Fv2%2Fmedia&parent=6805"}],"wp:term":[{"taxonomy":"category","embeddable":true,"href":"https:\/\/blogi.ennola.fi\/index.php?rest_route=%2Fwp%2Fv2%2Fcategories&post=6805"},{"taxonomy":"post_tag","embeddable":true,"href":"https:\/\/blogi.ennola.fi\/index.php?rest_route=%2Fwp%2Fv2%2Ftags&post=6805"}],"curies":[{"name":"wp","href":"https:\/\/api.w.org\/{rel}","templated":true}]}}