{"id":6845,"date":"2021-12-13T21:29:05","date_gmt":"2021-12-13T19:29:05","guid":{"rendered":"https:\/\/blogi.ennola.fi\/?p=6845"},"modified":"2023-12-22T00:17:54","modified_gmt":"2023-12-21T22:17:54","slug":"vuosi-lintukuvausta","status":"publish","type":"post","link":"https:\/\/blogi.ennola.fi\/?p=6845","title":{"rendered":"Vuosi lintukuvausta"},"content":{"rendered":"<p>Melko tarkkaan vuosi sitten Posti toi minulle halvan sovitteen, mill\u00e4 saatoin liitt\u00e4\u00e4 yli 30 vuotta vanhan lintukuvausobjektiivini uuteen peilitt\u00f6m\u00e4\u00e4n j\u00e4rjestelm\u00e4kameraani. Automaattitarkennusta ei tietenk\u00e4\u00e4n ollut ja k\u00e4sitarkennus digitaaliselta n\u00e4yt\u00f6lt\u00e4 oli hankalaa. Se kuitenkin mahdollisti palaamiseen yhteen nuoruuden rakkaimmista harrastuksista eli lintukuvaukseen. Tuleva vuosi sy\u00f6p\u00e4hoitoineen j\u00e4nnitti ja lintukuvaus olisi mielek\u00e4st\u00e4 tekemist\u00e4 niihin p\u00e4iviin, milloin fyysisesti vaativampi luonnossa liikkuminen ei olisi mahdollista.<\/p>\n<p>Itse kuvaamiselle en asettanut hirve\u00e4sti tavoitteita. Lajeina minua eniten kiinnostivat kaupunkiymp\u00e4rist\u00f6n helposti kuvattavat lajit ja yksil\u00f6t. Koronan takia Aamu oli paljon et\u00e4opetuksessa ja alusta asti h\u00e4n oli mukanani retkill\u00e4. Usein my\u00f6s Pippuri tuli ulkoilutettua samassa. Oli hienoa huomata Aamussa her\u00e4\u00e4v\u00e4n kiinnostuksen lintuihin ja luontoon. Pian tavoitteeksi meille muodostui saada edes yksi hyv\u00e4 lintukuva joka kuukausi.<\/p>\n<p>Piilokojua en nyt viel\u00e4 k\u00e4ytt\u00e4nyt, mutta kev\u00e4\u00e4ll\u00e4 Posti toi minulle \u2019r\u00f6llipuvun\u2019. Sen k\u00e4ytt\u00f6 julkisilla paikoilla oli h\u00e4mment\u00e4v\u00e4\u00e4 ja ihmisiin tottuneiden lintujen kannalta ehk\u00e4 turhaakin, ett\u00e4 se j\u00e4i muutamaan kertaan ja en viel\u00e4 oikein osaa arvioida sen tuomaa etua.<\/p>\n<div id=\"attachment_6899\" style=\"width: 325px\" class=\"wp-caption aligncenter\"><a href=\"https:\/\/blogi.ennola.fi\/wp-content\/uploads\/2021\/12\/IMG_3550.jpg\" rel=\"lightbox[6845]\"><img loading=\"lazy\" decoding=\"async\" aria-describedby=\"caption-attachment-6899\" class=\"wp-image-6899 size-full\" title=\"R\u00f6llipuku.\" src=\"https:\/\/blogi.ennola.fi\/wp-content\/uploads\/2021\/12\/IMG_3550-1.jpg\" alt=\"\" width=\"315\" height=\"420\" srcset=\"https:\/\/blogi.ennola.fi\/wp-content\/uploads\/2021\/12\/IMG_3550-1.jpg 315w, https:\/\/blogi.ennola.fi\/wp-content\/uploads\/2021\/12\/IMG_3550-1-300x400.jpg 300w, https:\/\/blogi.ennola.fi\/wp-content\/uploads\/2021\/12\/IMG_3550-1-113x150.jpg 113w\" sizes=\"(max-width: 315px) 100vw, 315px\" \/><\/a><p id=\"caption-attachment-6899\" class=\"wp-caption-text\">R\u00f6llipuku.<\/p><\/div>\n<h4>Joulukuu<\/h4>\n<p>Kuvaukset aloitin ihan l\u00e4hiymp\u00e4rist\u00f6st\u00e4ni omalta lintulaudaltani sateettomana p\u00e4iv\u00e4n\u00e4. K\u00e4vin my\u00f6s lyhyesti katselemassa, mit\u00e4 Haunisten altaalla n\u00e4kyisi. Kuvaaminen oli innostavaa yli 20 vuoden tauon j\u00e4lkeen. Digikuvaus tuntui siin\u00e4 ihmeelliselt\u00e4, ett\u00e4 valoa oli aina riitt\u00e4v\u00e4sti, kun herkkyytt\u00e4 saattoi nostaa melkoisesti. Kuviakin saattoi kuvata miettim\u00e4tt\u00e4 filmikustannuksia.<\/p>\n<p>Muutamia kertoja k\u00e4vin Raision ja Turun keskustoissa kuvaamassa yll\u00e4tt\u00e4v\u00e4n heikolla menestyksell\u00e4, edes puluja tai naakkoja en saanut kuvatuksi. Sitten joku vinkkasi, ett\u00e4 Kupittaan puistossa olisi hyvin lintuja ja olihan siell\u00e4 paremmin naakkojakin kuin Tuomiokirkkopuistossa. Jonkun ruokintapaikka tietysti auttoi asiaa. Keli oli sateinen, mutta p\u00e4\u00e4sin ulkoiluttamaan kameraa ja harjoiteltua kuvaamista. K\u00e4velev\u00e4\u00e4n puluun tarkentaminen ei ollut helppoa, kun ne ei olleet hetke\u00e4k\u00e4\u00e4n paikallaan.<\/p>\n<div id=\"attachment_6870\" style=\"width: 460px\" class=\"wp-caption aligncenter\"><a href=\"https:\/\/blogi.ennola.fi\/wp-content\/uploads\/2021\/12\/IMG_0269b.jpg\" rel=\"lightbox[6845]\"><img loading=\"lazy\" decoding=\"async\" aria-describedby=\"caption-attachment-6870\" class=\"wp-image-6870 size-full\" title=\"Kuusi- ja talitiainen.\" src=\"https:\/\/blogi.ennola.fi\/wp-content\/uploads\/2021\/12\/IMG_0269.jpg\" alt=\"\" width=\"450\" height=\"301\" srcset=\"https:\/\/blogi.ennola.fi\/wp-content\/uploads\/2021\/12\/IMG_0269.jpg 450w, https:\/\/blogi.ennola.fi\/wp-content\/uploads\/2021\/12\/IMG_0269-150x100.jpg 150w\" sizes=\"(max-width: 450px) 100vw, 450px\" \/><\/a><p id=\"caption-attachment-6870\" class=\"wp-caption-text\">Kuusi- ja talitiainen.<\/p><\/div>\n<div id=\"attachment_6893\" style=\"width: 460px\" class=\"wp-caption aligncenter\"><a href=\"https:\/\/blogi.ennola.fi\/wp-content\/uploads\/2021\/12\/IMG_0340b.jpg\" rel=\"lightbox[6845]\"><img loading=\"lazy\" decoding=\"async\" aria-describedby=\"caption-attachment-6893\" class=\"wp-image-6893 size-full\" title=\"Puluja eli kesykyyhkyj\u00e4.\" src=\"https:\/\/blogi.ennola.fi\/wp-content\/uploads\/2021\/12\/IMG_0340.jpg\" alt=\"\" width=\"450\" height=\"300\" srcset=\"https:\/\/blogi.ennola.fi\/wp-content\/uploads\/2021\/12\/IMG_0340.jpg 450w, https:\/\/blogi.ennola.fi\/wp-content\/uploads\/2021\/12\/IMG_0340-150x100.jpg 150w\" sizes=\"(max-width: 450px) 100vw, 450px\" \/><\/a><p id=\"caption-attachment-6893\" class=\"wp-caption-text\">Puluja eli kesykyyhkyj\u00e4.<\/p><\/div>\n<h4>Tammikuu<\/h4>\n<p>Tammikuun alussa k\u00e4vimme Aamun ja Pippurin kanssa k\u00e4velem\u00e4ss\u00e4 j\u00e4\u00e4tym\u00e4isill\u00e4\u00e4n oleva Haunisten altaan ymp\u00e4ri. Pari nuorta kyhmyjoutsenta k\u00e4yskenteli viel\u00e4 yhdess\u00e4 sulapaikoista. Suhtautuivat melko v\u00e4linpit\u00e4m\u00e4tt\u00f6m\u00e4sti meihin ja Pippuriin. Olivat todenn\u00e4k\u00f6isesti samat kaksi lintua, joita olin jo joulukuussa tarkkaillut.<\/p>\n<p>Loppiaisena k\u00e4ytiin katselemassa lintuja Katariinanlaaksossa, miss\u00e4 on useita ohikulkijoiden yll\u00e4pit\u00e4mi\u00e4 ruokintapaikkoja linnuille ja oraville. Siksi el\u00e4imet suhtautuvat siell\u00e4 varsin luottamuksellisesti ihmisiin. Pyh\u00e4p\u00e4iv\u00e4 ja kaunis s\u00e4\u00e4 olivat saaneet ihmiset liikkeelle, mik\u00e4 jo vaikeutti kuvaamista. Minulla oli t\u00e4ll\u00e4 kerta my\u00f6s aiempaa enemm\u00e4n ongelmia tarkennuksen kanssa. Muutaman uuden lintulajin sain kuvatuksi.<\/p>\n<div id=\"attachment_6892\" style=\"width: 460px\" class=\"wp-caption aligncenter\"><a href=\"https:\/\/blogi.ennola.fi\/wp-content\/uploads\/2021\/12\/IMG_0847.jpg\" rel=\"lightbox[6845]\"><img loading=\"lazy\" decoding=\"async\" aria-describedby=\"caption-attachment-6892\" class=\"wp-image-6892 size-full\" title=\"Nuoria kyhmyjoutsenia.\" src=\"https:\/\/blogi.ennola.fi\/wp-content\/uploads\/2021\/12\/IMG_0847-1.jpg\" alt=\"\" width=\"450\" height=\"299\" srcset=\"https:\/\/blogi.ennola.fi\/wp-content\/uploads\/2021\/12\/IMG_0847-1.jpg 450w, https:\/\/blogi.ennola.fi\/wp-content\/uploads\/2021\/12\/IMG_0847-1-150x100.jpg 150w\" sizes=\"(max-width: 450px) 100vw, 450px\" \/><\/a><p id=\"caption-attachment-6892\" class=\"wp-caption-text\">Nuoria kyhmyjoutsenia.<\/p><\/div>\n<div id=\"attachment_6872\" style=\"width: 460px\" class=\"wp-caption aligncenter\"><a href=\"https:\/\/blogi.ennola.fi\/wp-content\/uploads\/2021\/12\/IMG_0974.jpg\" rel=\"lightbox[6845]\"><img loading=\"lazy\" decoding=\"async\" aria-describedby=\"caption-attachment-6872\" class=\"wp-image-6872 size-full\" title=\"K\u00e4pytikka ja sinitiainen.\" src=\"https:\/\/blogi.ennola.fi\/wp-content\/uploads\/2021\/12\/IMG_0974-1.jpg\" alt=\"\" width=\"450\" height=\"284\" srcset=\"https:\/\/blogi.ennola.fi\/wp-content\/uploads\/2021\/12\/IMG_0974-1.jpg 450w, https:\/\/blogi.ennola.fi\/wp-content\/uploads\/2021\/12\/IMG_0974-1-150x95.jpg 150w\" sizes=\"(max-width: 450px) 100vw, 450px\" \/><\/a><p id=\"caption-attachment-6872\" class=\"wp-caption-text\">K\u00e4pytikka ja sinitiainen.<\/p><\/div>\n<h4>Helmikuu<\/h4>\n<p>Helmikuussa s\u00e4\u00e4t k\u00e4\u00e4ntyiv\u00e4t kunnolla talvisiksi. K\u00e4vimme Katariinanlaaksossa katselemassa sinitiaisia ja olihan siell\u00e4 yksi punarintakin. P\u00e4\u00e4stiv\u00e4t l\u00e4helle, mutta eiv\u00e4t sent\u00e4\u00e4n k\u00e4yneet sy\u00f6m\u00e4ss\u00e4 k\u00e4dest\u00e4. Yritin saada kuvia, joissa olisivat istuskelleet muuallakin kuin talipallolla. Vikkeli\u00e4 olivat ja suurin osa kuvista oli huteja.<\/p>\n<p>Talvilomaviikolla teimme p\u00e4iv\u00e4retken Latokartanonkoskella, jossa tunnetusti talvehtii hyvin koskikaroja. Siell\u00e4 olikin yksi sinisorsanaaras ja useita koskikaroja, joita p\u00e4\u00e4sin kuvaamaan. Aamu ihmetteli sinisorsan uintiponnisteluja koskessa ruuanhankinnassa ja vertaili sit\u00e4 Aurajokirannan kesysorsiin.<\/p>\n<div id=\"attachment_6873\" style=\"width: 460px\" class=\"wp-caption aligncenter\"><a href=\"https:\/\/blogi.ennola.fi\/wp-content\/uploads\/2021\/12\/IMG_1284.jpg\" rel=\"lightbox[6845]\"><img loading=\"lazy\" decoding=\"async\" aria-describedby=\"caption-attachment-6873\" class=\"wp-image-6873 size-full\" title=\"Sinitiainen.\" src=\"https:\/\/blogi.ennola.fi\/wp-content\/uploads\/2021\/12\/IMG_1284-1.jpg\" alt=\"\" width=\"450\" height=\"299\" srcset=\"https:\/\/blogi.ennola.fi\/wp-content\/uploads\/2021\/12\/IMG_1284-1.jpg 450w, https:\/\/blogi.ennola.fi\/wp-content\/uploads\/2021\/12\/IMG_1284-1-150x100.jpg 150w\" sizes=\"(max-width: 450px) 100vw, 450px\" \/><\/a><p id=\"caption-attachment-6873\" class=\"wp-caption-text\">Sinitiainen.<\/p><\/div>\n<div id=\"attachment_6874\" style=\"width: 460px\" class=\"wp-caption aligncenter\"><a href=\"https:\/\/blogi.ennola.fi\/wp-content\/uploads\/2021\/12\/IMG_1991.jpg\" rel=\"lightbox[6845]\"><img loading=\"lazy\" decoding=\"async\" aria-describedby=\"caption-attachment-6874\" class=\"wp-image-6874 size-full\" title=\"Koskikara.\" src=\"https:\/\/blogi.ennola.fi\/wp-content\/uploads\/2021\/12\/IMG_1991-1.jpg\" alt=\"\" width=\"450\" height=\"296\" srcset=\"https:\/\/blogi.ennola.fi\/wp-content\/uploads\/2021\/12\/IMG_1991-1.jpg 450w, https:\/\/blogi.ennola.fi\/wp-content\/uploads\/2021\/12\/IMG_1991-1-150x99.jpg 150w\" sizes=\"(max-width: 450px) 100vw, 450px\" \/><\/a><p id=\"caption-attachment-6874\" class=\"wp-caption-text\">Koskikara.<\/p><\/div>\n<h4>Maaliskuu<\/h4>\n<p>Kuun puolessa v\u00e4liss\u00e4 k\u00e4vimme j\u00e4lleen kerran Katariinanlaaksossa katselemassa, mit\u00e4 ruokintapaikoille kuuluu. Linnuilla oli jo kev\u00e4tt\u00e4 rinnassa ja eloisia olivat. Parhaat kuvat tulivat toiselta kivelt\u00e4 kuin silt\u00e4 kaikkein suosituimmalta ruokintapaikalta. Kivi itsess\u00e4\u00e4n ja taustan kuusen oksat loivat kauniit kulissit linnuille. P\u00e4iv\u00e4n p\u00e4\u00e4tteeksi poikkesimme viel\u00e4 Saaronniemess\u00e4 katsomassa meren sulamista. Sulat ulottuivat jo rantaan ja niiss\u00e4 k\u00e4yskenteli muutamia kyhmyjoutsenpariskuntia ja niiden viimevuotisia poikasia.<\/p>\n<p>Kuun lopulla k\u00e4vimme Kuusistossa ja J\u00e4rvel\u00e4n kosteikolla. J\u00e4rvel\u00e4 oli viel\u00e4 ihan j\u00e4\u00e4ss\u00e4 ja ainoaksi havainnoiksi tuli l\u00e4heisess\u00e4 ojassa ollut sinisorsapari, jolla oli varmaan jo pes\u00e4ntekosuunnitelmat menossa. Kuusistossa R\u00f6llipuku p\u00e4\u00e4si testiin kuvatessani pelloilla olleita joutsenia ja hanhia. Vaikea oli arvioida sen vaikutusta lintuihin, mutta er\u00e4s pikkulapsi luuli minua karhuksi hiipiess\u00e4ni kohti lintuja.<\/p>\n<div id=\"attachment_6875\" style=\"width: 460px\" class=\"wp-caption aligncenter\"><a href=\"https:\/\/blogi.ennola.fi\/wp-content\/uploads\/2021\/12\/IMG_2812.jpg\" rel=\"lightbox[6845]\"><img loading=\"lazy\" decoding=\"async\" aria-describedby=\"caption-attachment-6875\" class=\"wp-image-6875 size-full\" title=\"Mustarastaskoiras.\" src=\"https:\/\/blogi.ennola.fi\/wp-content\/uploads\/2021\/12\/IMG_2812-1.jpg\" alt=\"\" width=\"450\" height=\"314\" srcset=\"https:\/\/blogi.ennola.fi\/wp-content\/uploads\/2021\/12\/IMG_2812-1.jpg 450w, https:\/\/blogi.ennola.fi\/wp-content\/uploads\/2021\/12\/IMG_2812-1-150x105.jpg 150w\" sizes=\"(max-width: 450px) 100vw, 450px\" \/><\/a><p id=\"caption-attachment-6875\" class=\"wp-caption-text\">Mustarastaskoiras.<\/p><\/div>\n<div id=\"attachment_6876\" style=\"width: 460px\" class=\"wp-caption aligncenter\"><a href=\"https:\/\/blogi.ennola.fi\/wp-content\/uploads\/2021\/12\/IMG_3868.jpg\" rel=\"lightbox[6845]\"><img loading=\"lazy\" decoding=\"async\" aria-describedby=\"caption-attachment-6876\" class=\"wp-image-6876 size-full\" title=\"Laulujoutsenia.\" src=\"https:\/\/blogi.ennola.fi\/wp-content\/uploads\/2021\/12\/IMG_3868-1.jpg\" alt=\"\" width=\"450\" height=\"282\" srcset=\"https:\/\/blogi.ennola.fi\/wp-content\/uploads\/2021\/12\/IMG_3868-1.jpg 450w, https:\/\/blogi.ennola.fi\/wp-content\/uploads\/2021\/12\/IMG_3868-1-150x94.jpg 150w\" sizes=\"(max-width: 450px) 100vw, 450px\" \/><\/a><p id=\"caption-attachment-6876\" class=\"wp-caption-text\">Laulujoutsenia.<\/p><\/div>\n<h4>Huhtikuu<\/h4>\n<p>Huhtikuun alussa k\u00e4vimme katselemassa vesilintuja Ruissalon Saaronniemess\u00e4. Sain kuvatuksi lokkeja kyhmyjoutsenia ja valkoposkihanhia. Parhaat kuvat sain kalalokeista. Kuvassa olevat linnut Aamu nimesi Beatleseiksi, kun niit\u00e4 oli nelj\u00e4 ja pitiv\u00e4t kovaa \u00e4\u00e4nt\u00e4.<\/p>\n<p>Kuun puolessa v\u00e4liss\u00e4 k\u00e4vimme J\u00e4rvel\u00e4n kosteikolla. Aiempina vuosin kosteikko on kuhissut lintuja, ja niit\u00e4 on helposti p\u00e4\u00e4ssyt l\u00e4helle, mutta t\u00e4n\u00e4 vuonna kosteikolla on ollut hiljaista ja linnut liian kaukana kuvaamiselle. Nokikanoja saimme kuvatuksi ja yht\u00e4 v\u00e4st\u00e4r\u00e4kki\u00e4.<\/p>\n<div id=\"attachment_6877\" style=\"width: 460px\" class=\"wp-caption aligncenter\"><a href=\"https:\/\/blogi.ennola.fi\/wp-content\/uploads\/2021\/12\/IMG_4247.jpg\" rel=\"lightbox[6845]\"><img loading=\"lazy\" decoding=\"async\" aria-describedby=\"caption-attachment-6877\" class=\"wp-image-6877 size-full\" title=\"Kalalokkeja.\" src=\"https:\/\/blogi.ennola.fi\/wp-content\/uploads\/2021\/12\/IMG_4247-1.jpg\" alt=\"\" width=\"450\" height=\"305\" srcset=\"https:\/\/blogi.ennola.fi\/wp-content\/uploads\/2021\/12\/IMG_4247-1.jpg 450w, https:\/\/blogi.ennola.fi\/wp-content\/uploads\/2021\/12\/IMG_4247-1-150x102.jpg 150w\" sizes=\"(max-width: 450px) 100vw, 450px\" \/><\/a><p id=\"caption-attachment-6877\" class=\"wp-caption-text\">Kalalokkeja.<\/p><\/div>\n<div id=\"attachment_6878\" style=\"width: 460px\" class=\"wp-caption aligncenter\"><a href=\"https:\/\/blogi.ennola.fi\/wp-content\/uploads\/2021\/12\/IMG_4437.jpg\" rel=\"lightbox[6845]\"><img loading=\"lazy\" decoding=\"async\" aria-describedby=\"caption-attachment-6878\" class=\"wp-image-6878 size-full\" title=\"Nokikana.\" src=\"https:\/\/blogi.ennola.fi\/wp-content\/uploads\/2021\/12\/IMG_4437-1.jpg\" alt=\"\" width=\"450\" height=\"308\" srcset=\"https:\/\/blogi.ennola.fi\/wp-content\/uploads\/2021\/12\/IMG_4437-1.jpg 450w, https:\/\/blogi.ennola.fi\/wp-content\/uploads\/2021\/12\/IMG_4437-1-150x103.jpg 150w\" sizes=\"(max-width: 450px) 100vw, 450px\" \/><\/a><p id=\"caption-attachment-6878\" class=\"wp-caption-text\">Nokikana.<\/p><\/div>\n<h4>Toukokuu<\/h4>\n<p>Kes\u00e4kuuna alkupuolella k\u00e4vimme kameran kanssa Koroisten Kulttuuritilan ymp\u00e4rist\u00f6ss\u00e4 katselemassa lintuja. Aamu oli aiemmin n\u00e4hnyt alueella paljon fasaaneja, joita koetimme kuvata ja yht\u00e4 pariskuntaa p\u00e4\u00e4simmekin aika l\u00e4helle.<\/p>\n<p>Loppiaisviikonloppuna tein usean p\u00e4iv\u00e4n melontaretken Ahvenenmaalle. Ensimm\u00e4isen\u00e4 aamuna viel\u00e4 kustavin puolella leirisaaren l\u00e4heisyydess\u00e4 oli paljon lintuja: haahkoja, alleja, kyhmyjoutsenia, lapintiiroja ja lokkeja. Kuvasin niit\u00e4 jonkun hetken ennen siirtymist\u00e4ni Ahvenenmaan puolelle.<\/p>\n<div id=\"attachment_6879\" style=\"width: 460px\" class=\"wp-caption aligncenter\"><a href=\"https:\/\/blogi.ennola.fi\/wp-content\/uploads\/2021\/12\/IMG_4589.jpg\" rel=\"lightbox[6845]\"><img loading=\"lazy\" decoding=\"async\" aria-describedby=\"caption-attachment-6879\" class=\"wp-image-6879 size-full\" title=\"Fasaaninaaras.\" src=\"https:\/\/blogi.ennola.fi\/wp-content\/uploads\/2021\/12\/IMG_4589-1.jpg\" alt=\"\" width=\"450\" height=\"294\" srcset=\"https:\/\/blogi.ennola.fi\/wp-content\/uploads\/2021\/12\/IMG_4589-1.jpg 450w, https:\/\/blogi.ennola.fi\/wp-content\/uploads\/2021\/12\/IMG_4589-1-150x98.jpg 150w\" sizes=\"(max-width: 450px) 100vw, 450px\" \/><\/a><p id=\"caption-attachment-6879\" class=\"wp-caption-text\">Fasaaninaaras.<\/p><\/div>\n<div id=\"attachment_6871\" style=\"width: 460px\" class=\"wp-caption aligncenter\"><a href=\"https:\/\/blogi.ennola.fi\/wp-content\/uploads\/2021\/12\/IMG_4628.jpg\" rel=\"lightbox[6845]\"><img loading=\"lazy\" decoding=\"async\" aria-describedby=\"caption-attachment-6871\" class=\"wp-image-6871 size-full\" title=\"Lapintiira.\" src=\"https:\/\/blogi.ennola.fi\/wp-content\/uploads\/2021\/12\/IMG_4628-1.jpg\" alt=\"\" width=\"450\" height=\"294\" srcset=\"https:\/\/blogi.ennola.fi\/wp-content\/uploads\/2021\/12\/IMG_4628-1.jpg 450w, https:\/\/blogi.ennola.fi\/wp-content\/uploads\/2021\/12\/IMG_4628-1-150x98.jpg 150w\" sizes=\"(max-width: 450px) 100vw, 450px\" \/><\/a><p id=\"caption-attachment-6871\" class=\"wp-caption-text\">Lapintiira.<\/p><\/div>\n<h4>Kes\u00e4kuu<\/h4>\n<p>Kes\u00e4kuussa oli kaikenmoista touhua ja vasta kuun loppupuolella k\u00e4vimme ulkoiluttamassa kameraani ja Pippuria Ruissalon Saaronnimess\u00e4. Valkoposkihanhia oli runsaasti kuvattavaksi niin merell\u00e4 kuin leirint\u00e4alueen nurmikoillakin. Niiden lis\u00e4ksi saimme kuvattua kalatiiraa ja -lokkia. My\u00f6hemmin illalla k\u00e4vimme viel\u00e4 samassa paikassa vanhan \u00e4itini kanssa. Sill\u00e4 kertaa ei tullut otetuksi kameraa mukaan, vaikka ehk\u00e4 olisikin pit\u00e4nyt. Kahvilan ymp\u00e4rist\u00f6ss\u00e4 p\u00e4ivysti lokkeja, joista olisi voinut saada kiinnostavia kuvia.<\/p>\n<div id=\"attachment_6880\" style=\"width: 460px\" class=\"wp-caption aligncenter\"><a href=\"https:\/\/blogi.ennola.fi\/wp-content\/uploads\/2021\/12\/IMG_5505.jpg\" rel=\"lightbox[6845]\"><img loading=\"lazy\" decoding=\"async\" aria-describedby=\"caption-attachment-6880\" class=\"wp-image-6880 size-full\" title=\"Valkoposkihanhia.\" src=\"https:\/\/blogi.ennola.fi\/wp-content\/uploads\/2021\/12\/IMG_5505-1.jpg\" alt=\"\" width=\"450\" height=\"285\" srcset=\"https:\/\/blogi.ennola.fi\/wp-content\/uploads\/2021\/12\/IMG_5505-1.jpg 450w, https:\/\/blogi.ennola.fi\/wp-content\/uploads\/2021\/12\/IMG_5505-1-150x95.jpg 150w\" sizes=\"(max-width: 450px) 100vw, 450px\" \/><\/a><p id=\"caption-attachment-6880\" class=\"wp-caption-text\">Valkoposkihanhia.<\/p><\/div>\n<div id=\"attachment_6881\" style=\"width: 460px\" class=\"wp-caption aligncenter\"><a href=\"https:\/\/blogi.ennola.fi\/wp-content\/uploads\/2021\/12\/IMG_5533.jpg\" rel=\"lightbox[6845]\"><img loading=\"lazy\" decoding=\"async\" aria-describedby=\"caption-attachment-6881\" class=\"wp-image-6881 size-full\" title=\"Kalatiira.\" src=\"https:\/\/blogi.ennola.fi\/wp-content\/uploads\/2021\/12\/IMG_5533-1.jpg\" alt=\"\" width=\"450\" height=\"309\" srcset=\"https:\/\/blogi.ennola.fi\/wp-content\/uploads\/2021\/12\/IMG_5533-1.jpg 450w, https:\/\/blogi.ennola.fi\/wp-content\/uploads\/2021\/12\/IMG_5533-1-150x103.jpg 150w\" sizes=\"(max-width: 450px) 100vw, 450px\" \/><\/a><p id=\"caption-attachment-6881\" class=\"wp-caption-text\">Kalatiira.<\/p><\/div>\n<h4>Hein\u00e4kuu<\/h4>\n<p>Hein\u00e4kuun alussa k\u00e4ytiin Aamun kanssa kokeilemassa haaskakuvausta. Koska aika ei riitt\u00e4nyt oman haaskan perustamiseen, niin hy\u00f6dynsimme toriparkkirakennusty\u00f6maan nurkalla sijaitsevaa Valion j\u00e4\u00e4tel\u00f6kioskin, Cafe Einon ja Tori Burgerin yhdess\u00e4 muodostamaa haaskapaikkaa. Paikan ehdoton plussa oli se, ett\u00e4 kuvaukset saattoimme suorittaa samalla juustokakkua ja hyv\u00e4\u00e4 teet\u00e4 nauttien.<\/p>\n<p>Aamu oli k\u00e4ynyt Kuralan kyl\u00e4m\u00e4ess\u00e4 ja n\u00e4hnyt siell\u00e4 kohtuullisen pelottomia lintuja. Niinp\u00e4 mekin er\u00e4\u00e4n\u00e4 aurinkoisena p\u00e4iv\u00e4n\u00e4 menimme sinne katselemaan perinnemaatilan lintuja. Parhaiten kuvattavaksi asettuivat varpuset, pikkuvarpuset ja haarap\u00e4\u00e4sky.<\/p>\n<div id=\"attachment_6882\" style=\"width: 460px\" class=\"wp-caption aligncenter\"><a href=\"https:\/\/blogi.ennola.fi\/wp-content\/uploads\/2021\/12\/IMG_5836.jpg\" rel=\"lightbox[6845]\"><img loading=\"lazy\" decoding=\"async\" aria-describedby=\"caption-attachment-6882\" class=\"wp-image-6882 size-full\" title=\"Naakka.\" src=\"https:\/\/blogi.ennola.fi\/wp-content\/uploads\/2021\/12\/IMG_5836-1.jpg\" alt=\"\" width=\"450\" height=\"334\" srcset=\"https:\/\/blogi.ennola.fi\/wp-content\/uploads\/2021\/12\/IMG_5836-1.jpg 450w, https:\/\/blogi.ennola.fi\/wp-content\/uploads\/2021\/12\/IMG_5836-1-150x111.jpg 150w\" sizes=\"(max-width: 450px) 100vw, 450px\" \/><\/a><p id=\"caption-attachment-6882\" class=\"wp-caption-text\">Naakka.<\/p><\/div>\n<div id=\"attachment_6883\" style=\"width: 460px\" class=\"wp-caption aligncenter\"><a href=\"https:\/\/blogi.ennola.fi\/wp-content\/uploads\/2021\/12\/IMG_6461.jpg\" rel=\"lightbox[6845]\"><img loading=\"lazy\" decoding=\"async\" aria-describedby=\"caption-attachment-6883\" class=\"wp-image-6883 size-full\" title=\"Pikkuvarpunen.\" src=\"https:\/\/blogi.ennola.fi\/wp-content\/uploads\/2021\/12\/IMG_6461-1.jpg\" alt=\"\" width=\"450\" height=\"311\" srcset=\"https:\/\/blogi.ennola.fi\/wp-content\/uploads\/2021\/12\/IMG_6461-1.jpg 450w, https:\/\/blogi.ennola.fi\/wp-content\/uploads\/2021\/12\/IMG_6461-1-150x104.jpg 150w\" sizes=\"(max-width: 450px) 100vw, 450px\" \/><\/a><p id=\"caption-attachment-6883\" class=\"wp-caption-text\">Pikkuvarpunen.<\/p><\/div>\n<h4>Elokuu<\/h4>\n<p>Elokuu oli aika paljon touhua t\u00e4ynn\u00e4 ja s\u00e4\u00e4t sateiset, joten ehdin vain kerran kuvaamaan lintuja. K\u00e4ytiin J\u00e4rvel\u00e4n kosteikolla ja kun siin\u00e4 ei paljoa lintuja n\u00e4kynyt niin siirryttiin Littoistenj\u00e4rven puolelle katselemaan lintuja. Kuiva kes\u00e4 oli kuivattanut J\u00e4rvel\u00e4n kosteikkoa melkoisesti ja linnut liian kaukana kuvattavaksi. Littoistenj\u00e4rvell\u00e4 sent\u00e4\u00e4n nokikanapoikue antoi kuvata itse\u00e4\u00e4n, kun vaan hissukseen istui laiturilla ja seuraili niiden touhuilua.<\/p>\n<div id=\"attachment_6884\" style=\"width: 460px\" class=\"wp-caption aligncenter\"><a href=\"https:\/\/blogi.ennola.fi\/wp-content\/uploads\/2021\/12\/IMG_6744.jpg\" rel=\"lightbox[6845]\"><img loading=\"lazy\" decoding=\"async\" aria-describedby=\"caption-attachment-6884\" class=\"wp-image-6884 size-full\" title=\"Harmaahaikaroita.\" src=\"https:\/\/blogi.ennola.fi\/wp-content\/uploads\/2021\/12\/IMG_6744-1.jpg\" alt=\"\" width=\"450\" height=\"302\" srcset=\"https:\/\/blogi.ennola.fi\/wp-content\/uploads\/2021\/12\/IMG_6744-1.jpg 450w, https:\/\/blogi.ennola.fi\/wp-content\/uploads\/2021\/12\/IMG_6744-1-150x101.jpg 150w\" sizes=\"(max-width: 450px) 100vw, 450px\" \/><\/a><p id=\"caption-attachment-6884\" class=\"wp-caption-text\">Harmaahaikaroita.<\/p><\/div>\n<div id=\"attachment_6885\" style=\"width: 460px\" class=\"wp-caption aligncenter\"><a href=\"https:\/\/blogi.ennola.fi\/wp-content\/uploads\/2021\/12\/IMG_6830.jpg\" rel=\"lightbox[6845]\"><img loading=\"lazy\" decoding=\"async\" aria-describedby=\"caption-attachment-6885\" class=\"wp-image-6885 size-full\" title=\"Nokikana ruokkii poikasta.\" src=\"https:\/\/blogi.ennola.fi\/wp-content\/uploads\/2021\/12\/IMG_6830-1.jpg\" alt=\"\" width=\"450\" height=\"290\" srcset=\"https:\/\/blogi.ennola.fi\/wp-content\/uploads\/2021\/12\/IMG_6830-1.jpg 450w, https:\/\/blogi.ennola.fi\/wp-content\/uploads\/2021\/12\/IMG_6830-1-150x97.jpg 150w\" sizes=\"(max-width: 450px) 100vw, 450px\" \/><\/a><p id=\"caption-attachment-6885\" class=\"wp-caption-text\">Nokikana ruokkii poikasta.<\/p><\/div>\n<h4>Syyskuu<\/h4>\n<p>Syyskuun alkupuoli meni sairaalassa raskaissa hoidoissa. Kuun lopulla k\u00e4vimme sitten tekem\u00e4ss\u00e4 kolme pient\u00e4 koiranulkoilutuslenkki\u00e4 Katariinanlaaksossa siin\u00e4 sivussa kuvaillen lintuja. Ensimm\u00e4isell\u00e4 kerralla kameran akku oli tyhj\u00e4, kun olin unohtanut sen p\u00e4\u00e4lle sairaalajakson ajaksi enk\u00e4 ollut huomannut ladata sit\u00e4 sen j\u00e4lkeen. Linnut k\u00e4ytt\u00e4ytyiv\u00e4t todella kesysti ja tulivat ihan v\u00e4kisin hakemaan ruokaa tyhj\u00e4st\u00e4kin k\u00e4dest\u00e4. Riitti pelk\u00e4st\u00e4\u00e4n se, ett\u00e4 nosti sormen pystyyn. Seuraavalla kerralla kamera oli kuvauskunnossa ja linnut kyll\u00e4isempi\u00e4, eiv\u00e4tk\u00e4 ihan yht\u00e4 p\u00e4\u00e4lle k\u00e4yvi\u00e4.<\/p>\n<p>Kolmannella kerralla otettiin my\u00f6s v\u00e4h\u00e4n linnunsiemeni\u00e4 mukaan ja Aamu saikin t\u00e4rke\u00e4n roolin kuvauksissa ruokkia lintuja k\u00e4dest\u00e4 ja samalla houkutella niit\u00e4 kuvauksellisten oksien l\u00e4helle. Kuvausten tuloksista voinee n\u00e4hd\u00e4 Aamun selviytyneen teht\u00e4v\u00e4st\u00e4 erinomaisesti. Pippuria sen sijaan ilmeisestikin liian l\u00e4helt\u00e4 siemeni\u00e4 hakemaan tulleet tiaiset pelottivat kovinkin tai sitten se oli se niiden siipien p\u00f6rin\u00e4, mit\u00e4 harvoin p\u00e4\u00e4see noin l\u00e4helt\u00e4 kuulemaan. Yht\u00e4 kaikki, paluumatkan ensimm\u00e4inen kilometri taittui matalana h\u00e4nt\u00e4 koipien v\u00e4liss\u00e4, kunnes h\u00e4nkin v\u00e4h\u00e4n rauhoittui.<\/p>\n<div id=\"attachment_6886\" style=\"width: 460px\" class=\"wp-caption aligncenter\"><a href=\"https:\/\/blogi.ennola.fi\/wp-content\/uploads\/2021\/12\/IMG_6991.jpg\" rel=\"lightbox[6845]\"><img loading=\"lazy\" decoding=\"async\" aria-describedby=\"caption-attachment-6886\" class=\"wp-image-6886 size-full\" title=\"Sinitiainen.\" src=\"https:\/\/blogi.ennola.fi\/wp-content\/uploads\/2021\/12\/IMG_6991-1.jpg\" alt=\"\" width=\"450\" height=\"312\" srcset=\"https:\/\/blogi.ennola.fi\/wp-content\/uploads\/2021\/12\/IMG_6991-1.jpg 450w, https:\/\/blogi.ennola.fi\/wp-content\/uploads\/2021\/12\/IMG_6991-1-150x104.jpg 150w\" sizes=\"(max-width: 450px) 100vw, 450px\" \/><\/a><p id=\"caption-attachment-6886\" class=\"wp-caption-text\">Sinitiainen.<\/p><\/div>\n<div id=\"attachment_6887\" style=\"width: 460px\" class=\"wp-caption aligncenter\"><a href=\"https:\/\/blogi.ennola.fi\/wp-content\/uploads\/2021\/12\/IMG_7065.jpg\" rel=\"lightbox[6845]\"><img loading=\"lazy\" decoding=\"async\" aria-describedby=\"caption-attachment-6887\" class=\"wp-image-6887 size-full\" title=\"Talitiainen.\" src=\"https:\/\/blogi.ennola.fi\/wp-content\/uploads\/2021\/12\/IMG_7065-1.jpg\" alt=\"\" width=\"450\" height=\"387\" srcset=\"https:\/\/blogi.ennola.fi\/wp-content\/uploads\/2021\/12\/IMG_7065-1.jpg 450w, https:\/\/blogi.ennola.fi\/wp-content\/uploads\/2021\/12\/IMG_7065-1-150x129.jpg 150w\" sizes=\"(max-width: 450px) 100vw, 450px\" \/><\/a><p id=\"caption-attachment-6887\" class=\"wp-caption-text\">Talitiainen.<\/p><\/div>\n<h4>Lokakuu<\/h4>\n<p>Lokakuun alussa k\u00e4vimme k\u00e4velyll\u00e4 Saaronniemess\u00e4 Ruissalossa. Yksi kyhmyjoutsenperhe oli rannan tuntumassa ruokailemassa. Tikkoja, tinttej\u00e4 ja hippi\u00e4isi\u00e4 n\u00e4kyi mets\u00e4ss\u00e4, mutta ei kuvauset\u00e4isyyksill\u00e4.<\/p>\n<p>Kuun lopulla Turkuun, Forum Marinumin parkkipaikalle, ilmestyi eritt\u00e4in kuvaajayst\u00e4v\u00e4llinen harvinaisuus, turturikyyhky, joten pitih\u00e4n sit\u00e4 minunkin k\u00e4yd\u00e4 katsomassa, kun kerran tarjolla oli. K\u00e4vin yhteens\u00e4 kolme kertaa sit\u00e4 kuvaamassa noin tunnin kerrallaan. T\u00e4ll\u00e4 linnulla oli kyll\u00e4 omintakeinen tyyli tehd\u00e4 kuvaaminen hankalaksi. Kun olin puolitoista tuntia kyt\u00e4nnyt sit\u00e4 oksalla, niin p\u00e4\u00e4tti se lehahtaa maahan paremmin kuvattavaksi. Tietenkin kaikista maailman paikoista se valitsi paikakseen kamerani kolmijalan jalkojen v\u00e4lin. Jossain vaiheessa se tepasteli pois jaloistani ja uskalsin k\u00e4vell\u00e4 sen verta loitommaksi, ett\u00e4 oli mahdollista sit\u00e4 taas kuvata.<\/p>\n<div id=\"attachment_6888\" style=\"width: 460px\" class=\"wp-caption aligncenter\"><a href=\"https:\/\/blogi.ennola.fi\/wp-content\/uploads\/2021\/12\/IMG_7092.jpg\" rel=\"lightbox[6845]\"><img loading=\"lazy\" decoding=\"async\" aria-describedby=\"caption-attachment-6888\" class=\"wp-image-6888 size-full\" title=\"Kyhmyjoutsenpoikue.\" src=\"https:\/\/blogi.ennola.fi\/wp-content\/uploads\/2021\/12\/IMG_7092-1.jpg\" alt=\"\" width=\"450\" height=\"258\" srcset=\"https:\/\/blogi.ennola.fi\/wp-content\/uploads\/2021\/12\/IMG_7092-1.jpg 450w, https:\/\/blogi.ennola.fi\/wp-content\/uploads\/2021\/12\/IMG_7092-1-150x86.jpg 150w\" sizes=\"(max-width: 450px) 100vw, 450px\" \/><\/a><p id=\"caption-attachment-6888\" class=\"wp-caption-text\">Kyhmyjoutsenpoikue.<\/p><\/div>\n<div id=\"attachment_6889\" style=\"width: 460px\" class=\"wp-caption aligncenter\"><a href=\"https:\/\/blogi.ennola.fi\/wp-content\/uploads\/2021\/12\/IMG_7789.jpg\" rel=\"lightbox[6845]\"><img loading=\"lazy\" decoding=\"async\" aria-describedby=\"caption-attachment-6889\" class=\"wp-image-6889 size-full\" title=\"Turturikyyhky.\" src=\"https:\/\/blogi.ennola.fi\/wp-content\/uploads\/2021\/12\/IMG_7789-1.jpg\" alt=\"\" width=\"450\" height=\"299\" srcset=\"https:\/\/blogi.ennola.fi\/wp-content\/uploads\/2021\/12\/IMG_7789-1.jpg 450w, https:\/\/blogi.ennola.fi\/wp-content\/uploads\/2021\/12\/IMG_7789-1-150x100.jpg 150w\" sizes=\"(max-width: 450px) 100vw, 450px\" \/><\/a><p id=\"caption-attachment-6889\" class=\"wp-caption-text\">Turturikyyhky.<\/p><\/div>\n<h4>Marraskuu<\/h4>\n<p>Marraskuun puolessa v\u00e4liss\u00e4 k\u00e4vimme j\u00e4lleen ulkoiluttamassa Pippuria Katariinanlaaksossa. Tiaiset olivat t\u00e4ll\u00e4 kertaa turhan vilkkaita kuvaamiseen. Sen sijaan sinisorsat olivat tulleet rantaan ja poseerasivat hyvin tammenrungollaan. Pippuri ei juuri sorsista perustanut, vaikka sorsat k\u00e4viv\u00e4t ruokailemassa aivan h\u00e4nen vieress\u00e4\u00e4n.<\/p>\n<p>Pari p\u00e4iv\u00e4\u00e4 my\u00f6hemmin k\u00e4vimme taas Ruissalossa katselemassa lintuja. Saaronniemess\u00e4 ei n\u00e4kynyt kyhmyjoutsenia eik\u00e4 sorsia, joten se oli v\u00e4h\u00e4n hukkareissu. Sitten p\u00e4\u00e4timme k\u00e4yd\u00e4 Kansanpuistossa, jossa n\u00e4kemieni kuvien perusteella pit\u00e4isi olla hyv\u00e4 ja kuvauksellinen ruokintapaikka. Aiemmin en ollut sit\u00e4 l\u00f6yt\u00e4nyt, mutta nyt se l\u00f6ytyi. Siell\u00e4 sain kuvatuksi tikliparvea ja k\u00e4pytikkaa. Viherpeippokin k\u00e4vi poseeraamassa tiklin kanssa. Tinttej\u00e4kin olisi ollut tarjolla, mutten niit\u00e4 juuri innostunut kuvaamaan, kun ei ollut juuri mahiksia parempaan kuin Katariinanlaaksossa.<\/p>\n<div id=\"attachment_6890\" style=\"width: 460px\" class=\"wp-caption aligncenter\"><a href=\"https:\/\/blogi.ennola.fi\/wp-content\/uploads\/2021\/12\/IMG_8376.jpg\" rel=\"lightbox[6845]\"><img loading=\"lazy\" decoding=\"async\" aria-describedby=\"caption-attachment-6890\" class=\"wp-image-6890 size-full\" title=\"Sini- eli hein\u00e4sorsanaaras.\" src=\"https:\/\/blogi.ennola.fi\/wp-content\/uploads\/2021\/12\/IMG_8376-1.jpg\" alt=\"\" width=\"450\" height=\"298\" srcset=\"https:\/\/blogi.ennola.fi\/wp-content\/uploads\/2021\/12\/IMG_8376-1.jpg 450w, https:\/\/blogi.ennola.fi\/wp-content\/uploads\/2021\/12\/IMG_8376-1-150x99.jpg 150w\" sizes=\"(max-width: 450px) 100vw, 450px\" \/><\/a><p id=\"caption-attachment-6890\" class=\"wp-caption-text\">Sini- eli hein\u00e4sorsanaaras.<\/p><\/div>\n<div id=\"attachment_6891\" style=\"width: 460px\" class=\"wp-caption aligncenter\"><a href=\"https:\/\/blogi.ennola.fi\/wp-content\/uploads\/2021\/12\/IMG_8484.jpg\" rel=\"lightbox[6845]\"><img loading=\"lazy\" decoding=\"async\" aria-describedby=\"caption-attachment-6891\" class=\"wp-image-6891 size-full\" title=\"Tikli ja viherpeippo.\" src=\"https:\/\/blogi.ennola.fi\/wp-content\/uploads\/2021\/12\/IMG_8484-1.jpg\" alt=\"\" width=\"450\" height=\"311\" srcset=\"https:\/\/blogi.ennola.fi\/wp-content\/uploads\/2021\/12\/IMG_8484-1.jpg 450w, https:\/\/blogi.ennola.fi\/wp-content\/uploads\/2021\/12\/IMG_8484-1-150x104.jpg 150w\" sizes=\"(max-width: 450px) 100vw, 450px\" \/><\/a><p id=\"caption-attachment-6891\" class=\"wp-caption-text\">Tikli ja viherpeippo.<\/p><\/div>\n","protected":false},"excerpt":{"rendered":"<p>Melko tarkkaan vuosi sitten Posti toi minulle halvan sovitteen, mill\u00e4 saatoin liitt\u00e4\u00e4 yli 30 vuotta vanhan lintukuvausobjektiivini uuteen peilitt\u00f6m\u00e4\u00e4n j\u00e4rjestelm\u00e4kameraani. Automaattitarkennusta ei tietenk\u00e4\u00e4n ollut ja k\u00e4sitarkennus digitaaliselta n\u00e4yt\u00f6lt\u00e4&#8230;<\/p>\n","protected":false},"author":1,"featured_media":6895,"comment_status":"open","ping_status":"open","sticky":false,"template":"","format":"standard","meta":{"footnotes":""},"categories":[4,29,28],"tags":[],"_links":{"self":[{"href":"https:\/\/blogi.ennola.fi\/index.php?rest_route=\/wp\/v2\/posts\/6845"}],"collection":[{"href":"https:\/\/blogi.ennola.fi\/index.php?rest_route=\/wp\/v2\/posts"}],"about":[{"href":"https:\/\/blogi.ennola.fi\/index.php?rest_route=\/wp\/v2\/types\/post"}],"author":[{"embeddable":true,"href":"https:\/\/blogi.ennola.fi\/index.php?rest_route=\/wp\/v2\/users\/1"}],"replies":[{"embeddable":true,"href":"https:\/\/blogi.ennola.fi\/index.php?rest_route=%2Fwp%2Fv2%2Fcomments&post=6845"}],"version-history":[{"count":8,"href":"https:\/\/blogi.ennola.fi\/index.php?rest_route=\/wp\/v2\/posts\/6845\/revisions"}],"predecessor-version":[{"id":6905,"href":"https:\/\/blogi.ennola.fi\/index.php?rest_route=\/wp\/v2\/posts\/6845\/revisions\/6905"}],"wp:featuredmedia":[{"embeddable":true,"href":"https:\/\/blogi.ennola.fi\/index.php?rest_route=\/wp\/v2\/media\/6895"}],"wp:attachment":[{"href":"https:\/\/blogi.ennola.fi\/index.php?rest_route=%2Fwp%2Fv2%2Fmedia&parent=6845"}],"wp:term":[{"taxonomy":"category","embeddable":true,"href":"https:\/\/blogi.ennola.fi\/index.php?rest_route=%2Fwp%2Fv2%2Fcategories&post=6845"},{"taxonomy":"post_tag","embeddable":true,"href":"https:\/\/blogi.ennola.fi\/index.php?rest_route=%2Fwp%2Fv2%2Ftags&post=6845"}],"curies":[{"name":"wp","href":"https:\/\/api.w.org\/{rel}","templated":true}]}}