{"id":6908,"date":"2021-12-15T19:46:56","date_gmt":"2021-12-15T17:46:56","guid":{"rendered":"https:\/\/blogi.ennola.fi\/?p=6908"},"modified":"2021-12-15T22:52:04","modified_gmt":"2021-12-15T20:52:04","slug":"talvisumumelonta","status":"publish","type":"post","link":"https:\/\/blogi.ennola.fi\/?p=6908","title":{"rendered":"Talvisumumelonta"},"content":{"rendered":"<p>Joulukuun alun pakkaset olivat jo k\u00e4\u00e4ntyneet suojakeliksi. Muutamaa p\u00e4iv\u00e4\u00e4 aiemmin satanut ohut lumikerros ei viel\u00e4 ollut kokonaan sulanut. S\u00e4\u00e4 oli t\u00e4ysin tyyni ja sumuinen. Talvinen sumukeli on aina ollut jotenkin kovin valokuvauksellinen. T\u00e4ss\u00e4 s\u00e4\u00e4ss\u00e4 l\u00e4hdimme melomaan Airistolle.<\/p>\n<p>Eskolla tavoitteena oli saada melonta joulukuulle, jolloin h\u00e4nkin olisi melonut vuoden jokaisena kuukautena. Itsell\u00e4ni oli haaveena saada hyv\u00e4 maisemakuva, jossa kallion muodot kuultaisivat ohuen lumipeitteen alta ja maisema olisi talvisumun verhoama. L\u00e4hdimme liikkeelle Mustfinnin uimarannalta Paraisilta, joka aivan Airiston sel\u00e4n reunassa pysyy pitk\u00e4\u00e4n sulana. Matkakohteena ja ev\u00e4stauon paikkana meill\u00e4 oli V\u00e4stra Linsor ja sen l\u00e4nsireuna, jossa tiesin olevan kauniit kalliot.<\/p>\n<div id=\"attachment_6922\" style=\"width: 460px\" class=\"wp-caption aligncenter\"><a href=\"https:\/\/blogi.ennola.fi\/wp-content\/uploads\/2021\/12\/DSCI0942.jpg\" rel=\"lightbox[6908]\"><img loading=\"lazy\" decoding=\"async\" aria-describedby=\"caption-attachment-6922\" class=\"wp-image-6922 size-full\" title=\"Pari kalastajaa tuli merell\u00e4 vastaan.\" src=\"https:\/\/blogi.ennola.fi\/wp-content\/uploads\/2021\/12\/DSCI0942-1.jpg\" alt=\"\" width=\"450\" height=\"292\" srcset=\"https:\/\/blogi.ennola.fi\/wp-content\/uploads\/2021\/12\/DSCI0942-1.jpg 450w, https:\/\/blogi.ennola.fi\/wp-content\/uploads\/2021\/12\/DSCI0942-1-150x97.jpg 150w\" sizes=\"(max-width: 450px) 100vw, 450px\" \/><\/a><p id=\"caption-attachment-6922\" class=\"wp-caption-text\">Pari kalastajaa tuli merell\u00e4 vastaan.<\/p><\/div>\n<p>Luonto oli tavattoman hiljainen. Uimarannan l\u00e4heisyydess\u00e4 oli pieni laulujoutsenparvi, joka piti \u00e4\u00e4nt\u00e4 l\u00e4hteiss\u00e4mme. Koko p\u00e4iv\u00e4n meridieselin heikko jyskytys kantautui sel\u00e4lt\u00e4. Joku ajeli siell\u00e4 haljakselleen, oliskohan ollut troolari? Joitain nauru- ja harmaalokkeja tuli viel\u00e4 vastaan. Vanha merikotka l\u00e4hti lentoon edelt\u00e4mme. Sinisorsia ja kyhmyjoutsenia n\u00e4kyi uimassa edell\u00e4mme. Hyljett\u00e4 emme n\u00e4hneet, vaikka jotenkin olisin sellaisen odottanut n\u00e4iss\u00e4 olosuhteissa n\u00e4kev\u00e4ni.<\/p>\n<p>P\u00e4\u00e4timme samalla testata seuran muovikajakkeja. Siihen sis\u00e4ltyi vakava ongelma, sill\u00e4 omassa kajakissani on kiinte\u00e4 kansikompassi, joten en tajunnut pakata mukaani k\u00e4sikompassia. Esko k\u00e4ytt\u00e4\u00e4 omassaan telineeseen kiinnitett\u00e4v\u00e4\u00e4 irrallista kompassia, jonka saimme viritetty\u00e4 minun kansik\u00f6ysiini, jossa sit\u00e4 auttavasti pystyi lukemaan. Kompassi olikin v\u00e4ltt\u00e4m\u00e4t\u00f6n reittisuunnitelmallemme.<\/p>\n<div id=\"attachment_6917\" style=\"width: 460px\" class=\"wp-caption aligncenter\"><a href=\"https:\/\/blogi.ennola.fi\/wp-content\/uploads\/2021\/12\/DSCI0953.jpg\" rel=\"lightbox[6908]\"><img loading=\"lazy\" decoding=\"async\" aria-describedby=\"caption-attachment-6917\" class=\"wp-image-6917 size-full\" title=\"Orkudden.\" src=\"https:\/\/blogi.ennola.fi\/wp-content\/uploads\/2021\/12\/DSCI0953-1.jpg\" alt=\"\" width=\"450\" height=\"300\" srcset=\"https:\/\/blogi.ennola.fi\/wp-content\/uploads\/2021\/12\/DSCI0953-1.jpg 450w, https:\/\/blogi.ennola.fi\/wp-content\/uploads\/2021\/12\/DSCI0953-1-150x100.jpg 150w\" sizes=\"(max-width: 450px) 100vw, 450px\" \/><\/a><p id=\"caption-attachment-6917\" class=\"wp-caption-text\">Orkudden.<\/p><\/div>\n<div id=\"attachment_6927\" style=\"width: 460px\" class=\"wp-caption aligncenter\"><a href=\"https:\/\/blogi.ennola.fi\/wp-content\/uploads\/2021\/12\/DSCI0943.jpg\" rel=\"lightbox[6908]\"><img loading=\"lazy\" decoding=\"async\" aria-describedby=\"caption-attachment-6927\" class=\"wp-image-6927 size-full\" title=\"Harmaa sein\u00e4 edess\u00e4.\" src=\"https:\/\/blogi.ennola.fi\/wp-content\/uploads\/2021\/12\/DSCI0943-1.jpg\" alt=\"\" width=\"450\" height=\"300\" srcset=\"https:\/\/blogi.ennola.fi\/wp-content\/uploads\/2021\/12\/DSCI0943-1.jpg 450w, https:\/\/blogi.ennola.fi\/wp-content\/uploads\/2021\/12\/DSCI0943-1-150x100.jpg 150w\" sizes=\"(max-width: 450px) 100vw, 450px\" \/><\/a><p id=\"caption-attachment-6927\" class=\"wp-caption-text\">Harmaa sein\u00e4 edess\u00e4.<\/p><\/div>\n<div id=\"attachment_6916\" style=\"width: 460px\" class=\"wp-caption aligncenter\"><a href=\"https:\/\/blogi.ennola.fi\/wp-content\/uploads\/2021\/12\/DSCI0951.jpg\" rel=\"lightbox[6908]\"><img loading=\"lazy\" decoding=\"async\" aria-describedby=\"caption-attachment-6916\" class=\"wp-image-6916 size-full\" title=\"Sumussa melontaa.\" src=\"https:\/\/blogi.ennola.fi\/wp-content\/uploads\/2021\/12\/DSCI0951-1.jpg\" alt=\"\" width=\"450\" height=\"254\" srcset=\"https:\/\/blogi.ennola.fi\/wp-content\/uploads\/2021\/12\/DSCI0951-1.jpg 450w, https:\/\/blogi.ennola.fi\/wp-content\/uploads\/2021\/12\/DSCI0951-1-150x85.jpg 150w\" sizes=\"(max-width: 450px) 100vw, 450px\" \/><\/a><p id=\"caption-attachment-6916\" class=\"wp-caption-text\">Sumussa melontaa.<\/p><\/div>\n<p>N\u00e4in sakeassa sumussa en ole aiemmin melonut. Skogholmenin loistolta l\u00e4htiess\u00e4mme kohti Linsorien saaria, emme n\u00e4hneet edess\u00e4mme muuta kuin tasaista sumua. Suoraan melominen ilman kompassia osoittautui aivan mahdottomaksi. Eskon meloessa edell\u00e4 h\u00e4n ilman kompassia k\u00e4\u00e4ntyi nopeasti v\u00e4\u00e4r\u00e4\u00e4n suuntaan ja sain olla alati huutamassa suunnan korjauksia. Ev\u00e4n laskeminen alas hieman auttoi kajakin pysymist\u00e4 suunnassaan, mutta ilman kompassia olisimme hyvin voineet j\u00e4\u00e4d\u00e4 py\u00f6rim\u00e4\u00e4n ympyr\u00e4\u00e4 Airiston etel\u00e4p\u00e4\u00e4h\u00e4n vaikka koko p\u00e4iv\u00e4ksi.<\/p>\n<p>Syv\u00e4v\u00e4yl\u00e4n ylitt\u00e4minen sakeassa sumussa my\u00f6s arvelutti hieman. Oli tyynt\u00e4 ja hiljaista, emmek\u00e4 kuulleet troolaria lukuun ottamatta muiden laivojen \u00e4\u00e4ni\u00e4, joten p\u00e4\u00e4timme uskaltautua siit\u00e4 yli. Se oli hieno hetki, kun tovin melottuamme v\u00e4yl\u00e4n vastalaidalla oleva reimari alkoi pikkuhiljaa kuulottaa sumun seassa, kuten my\u00f6s se, kun Mellersta Linsorin muodot alkoivat v\u00e4hitellen tulla sumusta esiin.<\/p>\n<div id=\"attachment_6918\" style=\"width: 460px\" class=\"wp-caption aligncenter\"><a href=\"https:\/\/blogi.ennola.fi\/wp-content\/uploads\/2021\/12\/DSCI0958.jpg\" rel=\"lightbox[6908]\"><img loading=\"lazy\" decoding=\"async\" aria-describedby=\"caption-attachment-6918\" class=\"wp-image-6918 size-full\" title=\"V\u00e4stra Linsor.\" src=\"https:\/\/blogi.ennola.fi\/wp-content\/uploads\/2021\/12\/DSCI0958-1.jpg\" alt=\"\" width=\"450\" height=\"300\" srcset=\"https:\/\/blogi.ennola.fi\/wp-content\/uploads\/2021\/12\/DSCI0958-1.jpg 450w, https:\/\/blogi.ennola.fi\/wp-content\/uploads\/2021\/12\/DSCI0958-1-150x100.jpg 150w\" sizes=\"(max-width: 450px) 100vw, 450px\" \/><\/a><p id=\"caption-attachment-6918\" class=\"wp-caption-text\">V\u00e4stra Linsor.<\/p><\/div>\n<div id=\"attachment_6919\" style=\"width: 460px\" class=\"wp-caption aligncenter\"><a href=\"https:\/\/blogi.ennola.fi\/wp-content\/uploads\/2021\/12\/DSCI0960.jpg\" rel=\"lightbox[6908]\"><img loading=\"lazy\" decoding=\"async\" aria-describedby=\"caption-attachment-6919\" class=\"wp-image-6919 size-full\" title=\"V\u00e4stra Linsorin rannassa pidimme ev\u00e4stauon.\" src=\"https:\/\/blogi.ennola.fi\/wp-content\/uploads\/2021\/12\/DSCI0960-1.jpg\" alt=\"\" width=\"450\" height=\"300\" srcset=\"https:\/\/blogi.ennola.fi\/wp-content\/uploads\/2021\/12\/DSCI0960-1.jpg 450w, https:\/\/blogi.ennola.fi\/wp-content\/uploads\/2021\/12\/DSCI0960-1-150x100.jpg 150w\" sizes=\"(max-width: 450px) 100vw, 450px\" \/><\/a><p id=\"caption-attachment-6919\" class=\"wp-caption-text\">V\u00e4stra Linsorin rannassa pidimme ev\u00e4stauon.<\/p><\/div>\n<p>Sumussa navigointi muistuttaa pime\u00e4navigointia siin\u00e4, ett\u00e4 se perustuu kompassiin ja kuljetun matkan arviointiin merikortin sijaan. T\u00e4ll\u00e4 kertaa suunnistimme l\u00e4hinn\u00e4 kompassin avulla, mutta suunta ei ollut tarkkaan laskettu vaan silm\u00e4m\u00e4\u00e4r\u00e4isesti kartalta luettu. Emme my\u00f6sk\u00e4\u00e4n olleet laskeneet tarkkaa aika-arviota tavoitteena olevien saarten luokse. Toki seurasimme kelloa, ettemme ihan totaalisesti joutuisi vieraille vesille. Siit\u00e4 huolimatta onnistuimme kulkemaan hyvinkin tarkkaan suunnitellemamme reitin.<\/p>\n<div id=\"attachment_6920\" style=\"width: 490px\" class=\"wp-caption aligncenter\"><a href=\"https:\/\/blogi.ennola.fi\/wp-content\/uploads\/2021\/12\/Airisto_Panorama31.jpg\" rel=\"lightbox[6908]\"><img loading=\"lazy\" decoding=\"async\" aria-describedby=\"caption-attachment-6920\" class=\"wp-image-6920 size-full\" title=\"V\u00e4stra Linsor.\" src=\"https:\/\/blogi.ennola.fi\/wp-content\/uploads\/2021\/12\/Airisto_Panorama31-1.jpg\" alt=\"\" width=\"480\" height=\"148\" srcset=\"https:\/\/blogi.ennola.fi\/wp-content\/uploads\/2021\/12\/Airisto_Panorama31-1.jpg 480w, https:\/\/blogi.ennola.fi\/wp-content\/uploads\/2021\/12\/Airisto_Panorama31-1-150x46.jpg 150w\" sizes=\"(max-width: 480px) 100vw, 480px\" \/><\/a><p id=\"caption-attachment-6920\" class=\"wp-caption-text\">V\u00e4stra Linsor.<\/p><\/div>\n<div id=\"attachment_6921\" style=\"width: 490px\" class=\"wp-caption aligncenter\"><a href=\"https:\/\/blogi.ennola.fi\/wp-content\/uploads\/2021\/12\/Airisto_Panorama32.jpg\" rel=\"lightbox[6908]\"><img loading=\"lazy\" decoding=\"async\" aria-describedby=\"caption-attachment-6921\" class=\"wp-image-6921 size-full\" title=\"V\u00e4stra Linsor.\" src=\"https:\/\/blogi.ennola.fi\/wp-content\/uploads\/2021\/12\/Airisto_Panorama32-1.jpg\" alt=\"\" width=\"480\" height=\"208\" srcset=\"https:\/\/blogi.ennola.fi\/wp-content\/uploads\/2021\/12\/Airisto_Panorama32-1.jpg 480w, https:\/\/blogi.ennola.fi\/wp-content\/uploads\/2021\/12\/Airisto_Panorama32-1-150x65.jpg 150w\" sizes=\"(max-width: 480px) 100vw, 480px\" \/><\/a><p id=\"caption-attachment-6921\" class=\"wp-caption-text\">V\u00e4stra Linsor.<\/p><\/div>\n<p>Vstra Linsorilla ehdimme pit\u00e4\u00e4 reilun puolen tunnin tauon. Otin siin\u00e4 pari kuvaa, jotka aika hyvin vastasivat toiveitani. Kaikin puolin onnistunut melontareissu. Komeaa oli meloa tyynen\u00e4 talvip\u00e4iv\u00e4n\u00e4.<\/p>\n","protected":false},"excerpt":{"rendered":"<p>Joulukuun alun pakkaset olivat jo k\u00e4\u00e4ntyneet suojakeliksi. Muutamaa p\u00e4iv\u00e4\u00e4 aiemmin satanut ohut lumikerros ei viel\u00e4 ollut kokonaan sulanut. S\u00e4\u00e4 oli t\u00e4ysin tyyni ja sumuinen. Talvinen sumukeli on aina&#8230;<\/p>\n","protected":false},"author":1,"featured_media":6923,"comment_status":"open","ping_status":"open","sticky":false,"template":"","format":"standard","meta":{"footnotes":""},"categories":[4,8],"tags":[],"_links":{"self":[{"href":"https:\/\/blogi.ennola.fi\/index.php?rest_route=\/wp\/v2\/posts\/6908"}],"collection":[{"href":"https:\/\/blogi.ennola.fi\/index.php?rest_route=\/wp\/v2\/posts"}],"about":[{"href":"https:\/\/blogi.ennola.fi\/index.php?rest_route=\/wp\/v2\/types\/post"}],"author":[{"embeddable":true,"href":"https:\/\/blogi.ennola.fi\/index.php?rest_route=\/wp\/v2\/users\/1"}],"replies":[{"embeddable":true,"href":"https:\/\/blogi.ennola.fi\/index.php?rest_route=%2Fwp%2Fv2%2Fcomments&post=6908"}],"version-history":[{"count":4,"href":"https:\/\/blogi.ennola.fi\/index.php?rest_route=\/wp\/v2\/posts\/6908\/revisions"}],"predecessor-version":[{"id":6928,"href":"https:\/\/blogi.ennola.fi\/index.php?rest_route=\/wp\/v2\/posts\/6908\/revisions\/6928"}],"wp:featuredmedia":[{"embeddable":true,"href":"https:\/\/blogi.ennola.fi\/index.php?rest_route=\/wp\/v2\/media\/6923"}],"wp:attachment":[{"href":"https:\/\/blogi.ennola.fi\/index.php?rest_route=%2Fwp%2Fv2%2Fmedia&parent=6908"}],"wp:term":[{"taxonomy":"category","embeddable":true,"href":"https:\/\/blogi.ennola.fi\/index.php?rest_route=%2Fwp%2Fv2%2Fcategories&post=6908"},{"taxonomy":"post_tag","embeddable":true,"href":"https:\/\/blogi.ennola.fi\/index.php?rest_route=%2Fwp%2Fv2%2Ftags&post=6908"}],"curies":[{"name":"wp","href":"https:\/\/api.w.org\/{rel}","templated":true}]}}