{"id":7022,"date":"2022-01-14T19:50:49","date_gmt":"2022-01-14T17:50:49","guid":{"rendered":"https:\/\/blogi.ennola.fi\/?p=7022"},"modified":"2022-01-14T19:50:49","modified_gmt":"2022-01-14T17:50:49","slug":"talvinen-airisto","status":"publish","type":"post","link":"https:\/\/blogi.ennola.fi\/?p=7022","title":{"rendered":"Talvinen Airisto"},"content":{"rendered":"<p>Ennen joulua alkoi vahvasti n\u00e4ytt\u00e4\u00e4 silt\u00e4, ett\u00e4 melontakausi olisi t\u00e4lt\u00e4 talvelta jo ohitse ja meri j\u00e4\u00e4tyisi. Valitettavasti pakkaset eiv\u00e4t pitk\u00e4\u00e4n jatkuneet vaan l\u00e4mpim\u00e4t kelit pys\u00e4yttiv\u00e4t meren j\u00e4\u00e4tymisen. Loppiaisena oli kauniin aurinkoinen p\u00e4iv\u00e4 ja suojan puolella l\u00e4mpim\u00e4n aurinkoista. Tuulta oli jonkun verran, mutta mieli alkoi tehd\u00e4 vesille taas. Niinp\u00e4 l\u00e4hdin vesille loppiaisen j\u00e4lkeisen\u00e4 p\u00e4iv\u00e4n\u00e4. Oli siis nautittava siit\u00e4, mit\u00e4 olisi.<\/p>\n<p>S\u00e4\u00e4tiedotus lupaili parempaa kuin, mit\u00e4 lopulta toteutui: aamulla tuulista, mutta p\u00e4iv\u00e4n mittaan heikkenev\u00e4\u00e4 tuulta ja aurinkoakin pilvien v\u00e4list\u00e4. S\u00e4\u00e4 pysyi kuitenkin pilvisen\u00e4 koko p\u00e4iv\u00e4n, tuuli ei sammunut niin nopeasti kuin ennusteissa ja lumikuurokin osui siksi hetkeksi, kun pidin Notgrundetin saaressa ev\u00e4staukoa.<\/p>\n<p>Mit\u00e4\u00e4n kovin pitk\u00e4\u00e4 melontaa en suunnitellut. Toiveissa oli saada kuvattua lumisten saarten ja sulan meren yhdistelm\u00e4\u00e4. L\u00e4ht\u00f6paikkana oli Mustfinnin hiekkaranta Paraisilla, mik\u00e4 on osoittautunut oivaksi l\u00e4ht\u00f6paikaksi talvella. Airiston etel\u00e4p\u00e4\u00e4ss\u00e4 on muutamia valokuvauksellisia kes\u00e4m\u00f6kitt\u00f6mi\u00e4 saaria pit\u00e4\u00e4 ev\u00e4staukoa. V\u00e4str\u00e4 Linsorilla olen ollut muutamia kertoja pit\u00e4m\u00e4ss\u00e4 kuvaustaukoa, mutta t\u00e4ll\u00e4 kertaa p\u00e4\u00e4tin j\u00e4\u00e4d\u00e4 jo Notgrundetille.<\/p>\n<div id=\"attachment_7037\" style=\"width: 460px\" class=\"wp-caption aligncenter\"><a href=\"https:\/\/blogi.ennola.fi\/wp-content\/uploads\/2022\/01\/DSCI1012.jpg\" rel=\"lightbox[7022]\"><img loading=\"lazy\" decoding=\"async\" aria-describedby=\"caption-attachment-7037\" class=\"wp-image-7037 size-full\" title=\"Aurinko pilkist\u00e4\u00e4 pilvien v\u00e4list\u00e4.\" src=\"https:\/\/blogi.ennola.fi\/wp-content\/uploads\/2022\/01\/DSCI1012-1.jpg\" alt=\"\" width=\"450\" height=\"300\" srcset=\"https:\/\/blogi.ennola.fi\/wp-content\/uploads\/2022\/01\/DSCI1012-1.jpg 450w, https:\/\/blogi.ennola.fi\/wp-content\/uploads\/2022\/01\/DSCI1012-1-150x100.jpg 150w\" sizes=\"(max-width: 450px) 100vw, 450px\" \/><\/a><p id=\"caption-attachment-7037\" class=\"wp-caption-text\">Aurinko pilkist\u00e4\u00e4 pilvien v\u00e4list\u00e4.<\/p><\/div>\n<div id=\"attachment_7038\" style=\"width: 460px\" class=\"wp-caption aligncenter\"><a href=\"https:\/\/blogi.ennola.fi\/wp-content\/uploads\/2022\/01\/DSCI1017.jpg\" rel=\"lightbox[7022]\"><img loading=\"lazy\" decoding=\"async\" aria-describedby=\"caption-attachment-7038\" class=\"wp-image-7038 size-full\" title=\"J\u00e4inen ranta ja aaltoja.\" src=\"https:\/\/blogi.ennola.fi\/wp-content\/uploads\/2022\/01\/DSCI1017-1.jpg\" alt=\"\" width=\"450\" height=\"300\" srcset=\"https:\/\/blogi.ennola.fi\/wp-content\/uploads\/2022\/01\/DSCI1017-1.jpg 450w, https:\/\/blogi.ennola.fi\/wp-content\/uploads\/2022\/01\/DSCI1017-1-150x100.jpg 150w\" sizes=\"(max-width: 450px) 100vw, 450px\" \/><\/a><p id=\"caption-attachment-7038\" class=\"wp-caption-text\">J\u00e4inen ranta ja aaltoja.<\/p><\/div>\n<div id=\"attachment_7031\" style=\"width: 290px\" class=\"wp-caption aligncenter\"><a href=\"https:\/\/blogi.ennola.fi\/wp-content\/uploads\/2022\/01\/DSCI1022.jpg\" rel=\"lightbox[7022]\"><img loading=\"lazy\" decoding=\"async\" aria-describedby=\"caption-attachment-7031\" class=\"wp-image-7031 size-full\" title=\"Luminen luoto paluumatkalla.\" src=\"https:\/\/blogi.ennola.fi\/wp-content\/uploads\/2022\/01\/DSCI1022-1.jpg\" alt=\"\" width=\"280\" height=\"420\" srcset=\"https:\/\/blogi.ennola.fi\/wp-content\/uploads\/2022\/01\/DSCI1022-1.jpg 280w, https:\/\/blogi.ennola.fi\/wp-content\/uploads\/2022\/01\/DSCI1022-1-267x400.jpg 267w, https:\/\/blogi.ennola.fi\/wp-content\/uploads\/2022\/01\/DSCI1022-1-100x150.jpg 100w\" sizes=\"(max-width: 280px) 100vw, 280px\" \/><\/a><p id=\"caption-attachment-7031\" class=\"wp-caption-text\">Luminen luoto paluumatkalla.<\/p><\/div>\n<p>Kylm\u00e4ll\u00e4 s\u00e4\u00e4ll\u00e4 melominen ei sin\u00e4ns\u00e4 aiheuta mit\u00e4\u00e4n erityisi\u00e4 varustautumisongelmia. Kuivapuku kannattaa olla ja sen alla riitt\u00e4v\u00e4sti vaatetta. Melontatossut ovat suuremmat kuin kes\u00e4ll\u00e4, jotta villasukat tai muut paksut sukat mahtuvat hyvin niiden alle. Runsas vaatetus saattaa kuitenkin aiheuttaa ongelmia kajakkiin mahtumisen kannalta.<\/p>\n<p>Kajakiksi olin hakenut seuralta lainaksi keltaisen muovikajakin silt\u00e4 varalta, ett\u00e4 joutuisin melomaan j\u00e4iden seassa. Kajakki oli ahdas minulle ja melonta-asento ei ollut paras mahdollinen, my\u00f6s kajakin reisituet olivat kaikissa vaatteissani liian tiukat minulle. Sek\u00e4\u00e4n ei kannustanut kovin pitk\u00e4\u00e4n melontarupeamaan.<\/p>\n<div id=\"attachment_7032\" style=\"width: 490px\" class=\"wp-caption aligncenter\"><a href=\"https:\/\/blogi.ennola.fi\/wp-content\/uploads\/2022\/01\/Airisto_Panorama41.jpg\" rel=\"lightbox[7022]\"><img loading=\"lazy\" decoding=\"async\" aria-describedby=\"caption-attachment-7032\" class=\"wp-image-7032 size-full\" title=\"Skogholmen Notgrundetilta.\" src=\"https:\/\/blogi.ennola.fi\/wp-content\/uploads\/2022\/01\/Airisto_Panorama41-1.jpg\" alt=\"\" width=\"480\" height=\"168\" srcset=\"https:\/\/blogi.ennola.fi\/wp-content\/uploads\/2022\/01\/Airisto_Panorama41-1.jpg 480w, https:\/\/blogi.ennola.fi\/wp-content\/uploads\/2022\/01\/Airisto_Panorama41-1-150x53.jpg 150w\" sizes=\"(max-width: 480px) 100vw, 480px\" \/><\/a><p id=\"caption-attachment-7032\" class=\"wp-caption-text\">Skogholmen Notgrundetilta.<\/p><\/div>\n<div id=\"attachment_7033\" style=\"width: 490px\" class=\"wp-caption aligncenter\"><a href=\"https:\/\/blogi.ennola.fi\/wp-content\/uploads\/2022\/01\/Airisto_Panorama45.jpg\" rel=\"lightbox[7022]\"><img loading=\"lazy\" decoding=\"async\" aria-describedby=\"caption-attachment-7033\" class=\"wp-image-7033 size-full\" title=\"Skogholmen Notgrundetilta.\" src=\"https:\/\/blogi.ennola.fi\/wp-content\/uploads\/2022\/01\/Airisto_Panorama45-1.jpg\" alt=\"\" width=\"480\" height=\"134\" srcset=\"https:\/\/blogi.ennola.fi\/wp-content\/uploads\/2022\/01\/Airisto_Panorama45-1.jpg 480w, https:\/\/blogi.ennola.fi\/wp-content\/uploads\/2022\/01\/Airisto_Panorama45-1-150x42.jpg 150w\" sizes=\"(max-width: 480px) 100vw, 480px\" \/><\/a><p id=\"caption-attachment-7033\" class=\"wp-caption-text\">Skogholmen Notgrundetilta.<\/p><\/div>\n<div id=\"attachment_7034\" style=\"width: 490px\" class=\"wp-caption aligncenter\"><a href=\"https:\/\/blogi.ennola.fi\/wp-content\/uploads\/2022\/01\/Airisto_Panorama42.jpg\" rel=\"lightbox[7022]\"><img loading=\"lazy\" decoding=\"async\" aria-describedby=\"caption-attachment-7034\" class=\"wp-image-7034 size-full\" title=\"M\u00e4ntymets\u00e4 Notgrundetilla.\" src=\"https:\/\/blogi.ennola.fi\/wp-content\/uploads\/2022\/01\/Airisto_Panorama42-1.jpg\" alt=\"\" width=\"480\" height=\"181\" srcset=\"https:\/\/blogi.ennola.fi\/wp-content\/uploads\/2022\/01\/Airisto_Panorama42-1.jpg 480w, https:\/\/blogi.ennola.fi\/wp-content\/uploads\/2022\/01\/Airisto_Panorama42-1-150x57.jpg 150w\" sizes=\"(max-width: 480px) 100vw, 480px\" \/><\/a><p id=\"caption-attachment-7034\" class=\"wp-caption-text\">M\u00e4ntymets\u00e4 Notgrundetilla.<\/p><\/div>\n<div id=\"attachment_7035\" style=\"width: 490px\" class=\"wp-caption aligncenter\"><a href=\"https:\/\/blogi.ennola.fi\/wp-content\/uploads\/2022\/01\/Airisto_Panorama43.jpg\" rel=\"lightbox[7022]\"><img loading=\"lazy\" decoding=\"async\" aria-describedby=\"caption-attachment-7035\" class=\"wp-image-7035 size-full\" title=\"Rantallioita, Airisto, Notgrundet.\" src=\"https:\/\/blogi.ennola.fi\/wp-content\/uploads\/2022\/01\/Airisto_Panorama43-1.jpg\" alt=\"\" width=\"480\" height=\"148\" srcset=\"https:\/\/blogi.ennola.fi\/wp-content\/uploads\/2022\/01\/Airisto_Panorama43-1.jpg 480w, https:\/\/blogi.ennola.fi\/wp-content\/uploads\/2022\/01\/Airisto_Panorama43-1-150x46.jpg 150w\" sizes=\"(max-width: 480px) 100vw, 480px\" \/><\/a><p id=\"caption-attachment-7035\" class=\"wp-caption-text\">Rantallioita, Airisto, Notgrundet.<\/p><\/div>\n<div id=\"attachment_7036\" style=\"width: 490px\" class=\"wp-caption aligncenter\"><a href=\"https:\/\/blogi.ennola.fi\/wp-content\/uploads\/2022\/01\/Airisto_Panorama44.jpg\" rel=\"lightbox[7022]\"><img loading=\"lazy\" decoding=\"async\" aria-describedby=\"caption-attachment-7036\" class=\"wp-image-7036 size-full\" title=\"Rantallioita, Airisto, Notgrundet.\" src=\"https:\/\/blogi.ennola.fi\/wp-content\/uploads\/2022\/01\/Airisto_Panorama44-1.jpg\" alt=\"\" width=\"480\" height=\"122\" srcset=\"https:\/\/blogi.ennola.fi\/wp-content\/uploads\/2022\/01\/Airisto_Panorama44-1.jpg 480w, https:\/\/blogi.ennola.fi\/wp-content\/uploads\/2022\/01\/Airisto_Panorama44-1-150x38.jpg 150w\" sizes=\"(max-width: 480px) 100vw, 480px\" \/><\/a><p id=\"caption-attachment-7036\" class=\"wp-caption-text\">Rantallioita, Airisto, Notgrundet.<\/p><\/div>\n<p>Luonto oli jo varsin hyvin valmistutunut talveen. Notgrundet on liian pieni saari maalinnuille. Merell\u00e4k\u00e4\u00e4n ei ollut juuri el\u00e4m\u00e4\u00e4. Pari merikotkaa n\u00e4kyi. Kyhmyjoutsenia ja isokoskeloita tuli vastaan. Hyljkeit\u00e4k\u00e4\u00e4n en t\u00e4ll\u00e4 kertaa n\u00e4hnyt, vaikka ne kylmien vesien aikaan ovatkin tavallisia Airistolla.<\/p>\n<p>Ihmistenkin puolesta oli hiljaista. Ei tullut muita melojia tai pienveneilij\u00f6it\u00e4 vastaan. Joka tapauksessa sain avatuksi t\u00e4m\u00e4n vuoden melontakauden heti tammikuun alussa, ja samalla se oli minulle jo 20. per\u00e4tt\u00e4inen melontakuukausi.<\/p>\n","protected":false},"excerpt":{"rendered":"<p>Ennen joulua alkoi vahvasti n\u00e4ytt\u00e4\u00e4 silt\u00e4, ett\u00e4 melontakausi olisi t\u00e4lt\u00e4 talvelta jo ohitse ja meri j\u00e4\u00e4tyisi. Valitettavasti pakkaset eiv\u00e4t pitk\u00e4\u00e4n jatkuneet vaan l\u00e4mpim\u00e4t kelit pys\u00e4yttiv\u00e4t meren j\u00e4\u00e4tymisen. Loppiaisena&#8230;<\/p>\n","protected":false},"author":1,"featured_media":7039,"comment_status":"open","ping_status":"open","sticky":false,"template":"","format":"standard","meta":{"footnotes":""},"categories":[4,8],"tags":[],"_links":{"self":[{"href":"https:\/\/blogi.ennola.fi\/index.php?rest_route=\/wp\/v2\/posts\/7022"}],"collection":[{"href":"https:\/\/blogi.ennola.fi\/index.php?rest_route=\/wp\/v2\/posts"}],"about":[{"href":"https:\/\/blogi.ennola.fi\/index.php?rest_route=\/wp\/v2\/types\/post"}],"author":[{"embeddable":true,"href":"https:\/\/blogi.ennola.fi\/index.php?rest_route=\/wp\/v2\/users\/1"}],"replies":[{"embeddable":true,"href":"https:\/\/blogi.ennola.fi\/index.php?rest_route=%2Fwp%2Fv2%2Fcomments&post=7022"}],"version-history":[{"count":2,"href":"https:\/\/blogi.ennola.fi\/index.php?rest_route=\/wp\/v2\/posts\/7022\/revisions"}],"predecessor-version":[{"id":7088,"href":"https:\/\/blogi.ennola.fi\/index.php?rest_route=\/wp\/v2\/posts\/7022\/revisions\/7088"}],"wp:featuredmedia":[{"embeddable":true,"href":"https:\/\/blogi.ennola.fi\/index.php?rest_route=\/wp\/v2\/media\/7039"}],"wp:attachment":[{"href":"https:\/\/blogi.ennola.fi\/index.php?rest_route=%2Fwp%2Fv2%2Fmedia&parent=7022"}],"wp:term":[{"taxonomy":"category","embeddable":true,"href":"https:\/\/blogi.ennola.fi\/index.php?rest_route=%2Fwp%2Fv2%2Fcategories&post=7022"},{"taxonomy":"post_tag","embeddable":true,"href":"https:\/\/blogi.ennola.fi\/index.php?rest_route=%2Fwp%2Fv2%2Ftags&post=7022"}],"curies":[{"name":"wp","href":"https:\/\/api.w.org\/{rel}","templated":true}]}}