{"id":7041,"date":"2021-12-27T13:16:15","date_gmt":"2021-12-27T11:16:15","guid":{"rendered":"https:\/\/blogi.ennola.fi\/?p=7041"},"modified":"2022-01-20T14:44:38","modified_gmt":"2022-01-20T12:44:38","slug":"meri-jaatyy","status":"publish","type":"post","link":"https:\/\/blogi.ennola.fi\/?p=7041","title":{"rendered":"Meri j\u00e4\u00e4tyy"},"content":{"rendered":"<p>Joulun alla oli pari upeaa p\u00e4iv\u00e4\u00e4 lyhytt\u00e4 melontaretke\u00e4 varten. Retkeni tarkoitus oli olla enempi valokuvaus- kuin melontaretki. Haaveena oli saada kuvatuksi alkutalven tunnelmia saaristossa: j\u00e4isi\u00e4 sek\u00e4 huurteisia rantoja ja kaiken onnistuessa my\u00f6s merisavua.<\/p>\n<p>Kohteeksi otin Konungssk\u00e4rin autiotuvan, mik\u00e4 takasi hyv\u00e4t olosuhteet kuivata melontavarusteita ja valokuvauksellisen ymp\u00e4rist\u00f6n. Vesille l\u00e4hdin Korpostr\u00f6mist\u00e4, mist\u00e4 oli vain reilun tunnin melonta saareen, vaikka automatka monine lauttoineen sinne olikin turhan pitk\u00e4.<\/p>\n<div id=\"attachment_7066\" style=\"width: 460px\" class=\"wp-caption aligncenter\"><a href=\"https:\/\/blogi.ennola.fi\/wp-content\/uploads\/2022\/01\/DSCI0985.jpg\" rel=\"lightbox[7041]\"><img loading=\"lazy\" decoding=\"async\" aria-describedby=\"caption-attachment-7066\" class=\"wp-image-7066 size-full\" title=\"Tyyni ja kylm\u00e4 p\u00e4iv\u00e4.\" src=\"https:\/\/blogi.ennola.fi\/wp-content\/uploads\/2022\/01\/DSCI0985-1.jpg\" alt=\"\" width=\"450\" height=\"300\" srcset=\"https:\/\/blogi.ennola.fi\/wp-content\/uploads\/2022\/01\/DSCI0985-1.jpg 450w, https:\/\/blogi.ennola.fi\/wp-content\/uploads\/2022\/01\/DSCI0985-1-150x100.jpg 150w\" sizes=\"(max-width: 450px) 100vw, 450px\" \/><\/a><p id=\"caption-attachment-7066\" class=\"wp-caption-text\">Tyyni ja kylm\u00e4 p\u00e4iv\u00e4.<\/p><\/div>\n<p>S\u00e4\u00e4tiedotus ennusti aurinkoisia p\u00e4ivi\u00e4. Pakkasta kymmenkunta astetta. Ensimm\u00e4isen\u00e4 p\u00e4iv\u00e4n\u00e4 maltillista pohjoistuulta, mik\u00e4 seuraavaksi p\u00e4iv\u00e4ksi ennusteiden mukaan oli tyyntym\u00e4ss\u00e4. Olosuhteet merisavulle olisivat otolliset. Olin koko alkutalven seurannut meren j\u00e4\u00e4tymist\u00e4 ja vaikutti silt\u00e4, ett\u00e4 vedet Korppoon ja Nauvon etel\u00e4puolella olivat viel\u00e4 sen verta l\u00e4mpimi\u00e4, ett\u00e4 niiden j\u00e4\u00e4tyminen ei n\u00e4ill\u00e4 pakkasilla olisi viel\u00e4 ajankohtaista.<\/p>\n<p>Menomatkalla saareen oli kohtuullisesti takatuulta ja aaltoja, jotka heittiv\u00e4t kajakin p\u00e4\u00e4lle vett\u00e4, mik\u00e4 nopeasti j\u00e4\u00e4tyi ohueksi glaseeraukseksi kajakin pintaan. Kymmenen asteen pakkanen ja tuuli, mik\u00e4 maalla ei edes tuntuisi kylm\u00e4lt\u00e4, tekiv\u00e4t kelin vilakaksi. Hainkin matkalla tuulensuojaa Stora ja Lilla S\u00f6d\u00f6n saarista. Konungssk\u00e4rin rantaan tullessa j\u00e4\u00e4t\u00e4 oli kertynyt sellainen sentin parin kerros, mutta aukkopeite irtosi viel\u00e4 helposti kajakista. Aukkopeitteen j\u00e4\u00e4tyminen kiinni kajakin kanteen on riski, mit\u00e4 talvimelonnoissa aina pikkaisen mietin ja varon.<\/p>\n<div id=\"attachment_7068\" style=\"width: 490px\" class=\"wp-caption aligncenter\"><a href=\"https:\/\/blogi.ennola.fi\/wp-content\/uploads\/2022\/01\/Konun_Panorama30.jpg\" rel=\"lightbox[7041]\"><img loading=\"lazy\" decoding=\"async\" aria-describedby=\"caption-attachment-7068\" class=\"wp-image-7068 size-full\" title=\"Birssk\u00e4r.\" src=\"https:\/\/blogi.ennola.fi\/wp-content\/uploads\/2022\/01\/Konun_Panorama30-1.jpg\" alt=\"\" width=\"480\" height=\"203\" \/><\/a><p id=\"caption-attachment-7068\" class=\"wp-caption-text\">Birssk\u00e4r.<\/p><\/div>\n<div id=\"attachment_7069\" style=\"width: 490px\" class=\"wp-caption aligncenter\"><a href=\"https:\/\/blogi.ennola.fi\/wp-content\/uploads\/2022\/01\/Konun_Panorama27.jpg\" rel=\"lightbox[7041]\"><img loading=\"lazy\" decoding=\"async\" aria-describedby=\"caption-attachment-7069\" class=\"wp-image-7069 size-full\" title=\"Birssk\u00e4r.\" src=\"https:\/\/blogi.ennola.fi\/wp-content\/uploads\/2022\/01\/Konun_Panorama27-1.jpg\" alt=\"\" width=\"480\" height=\"219\" \/><\/a><p id=\"caption-attachment-7069\" class=\"wp-caption-text\">Birssk\u00e4r.<\/p><\/div>\n<div id=\"attachment_7070\" style=\"width: 490px\" class=\"wp-caption aligncenter\"><a href=\"https:\/\/blogi.ennola.fi\/wp-content\/uploads\/2022\/01\/Konun_Panorama31.jpg\" rel=\"lightbox[7041]\"><img loading=\"lazy\" decoding=\"async\" aria-describedby=\"caption-attachment-7070\" class=\"wp-image-7070 size-full\" title=\"Birssk\u00e4r.\" src=\"https:\/\/blogi.ennola.fi\/wp-content\/uploads\/2022\/01\/Konun_Panorama31-1.jpg\" alt=\"\" width=\"480\" height=\"137\" \/><\/a><p id=\"caption-attachment-7070\" class=\"wp-caption-text\">Birssk\u00e4r.<\/p><\/div>\n<p>Autiotuvassa pidin lyhyen ev\u00e4stauon, jonka j\u00e4lkeen l\u00e4hdin kuvaamaan saaria. Konungssk\u00e4r on jo aikoinaan yhdistetty pienell\u00e4 k\u00e4velysillalla viereiseen Birssk\u00e4riin, joten l\u00e4hdin ensin kiert\u00e4m\u00e4\u00e4n sen ymp\u00e4ri auringon viime s\u00e4teiden osuessa saareen. Rantaviivassa oli aalloista j\u00e4\u00e4tynytt\u00e4 j\u00e4\u00e4t\u00e4 etenkin saaren pohjoisrannalla, mutta muuten s\u00e4\u00e4 ei kovin talviselta vaikuttanut.<\/p>\n<p>Palatessani Konungssk\u00e4rin puolelle aurinko oli jo laskemassa ja kuvasin jonkun auringonlaskun tunnelman ennen palaamistani autiotuvalle ja iltatoimien aloittamista. T\u00e4ysikuu oli kirkas, joten t\u00e4htitaivaan valokuvauksesta oli turha haaveilla. Niinp\u00e4 ilta kului ruokailussa, k\u00e4mp\u00e4n l\u00e4mmityksess\u00e4 ja kirjaa lukiessani. Luonnollinen pimeys sai unen tulemaan tunteja aiemmin, kuin kotona s\u00e4hk\u00f6valon piiriss\u00e4.<\/p>\n<div id=\"attachment_7136\" style=\"width: 490px\" class=\"wp-caption aligncenter\"><a href=\"https:\/\/blogi.ennola.fi\/wp-content\/uploads\/2022\/01\/Konun_Panorama33.jpg\" rel=\"lightbox[7041]\"><img loading=\"lazy\" decoding=\"async\" aria-describedby=\"caption-attachment-7136\" class=\"wp-image-7136 size-full\" title=\"Auringonlasku, Konungssk\u00e4r.\" src=\"https:\/\/blogi.ennola.fi\/wp-content\/uploads\/2022\/01\/Konun_Panorama33-1.jpg\" alt=\"\" width=\"480\" height=\"94\" srcset=\"https:\/\/blogi.ennola.fi\/wp-content\/uploads\/2022\/01\/Konun_Panorama33-1.jpg 480w, https:\/\/blogi.ennola.fi\/wp-content\/uploads\/2022\/01\/Konun_Panorama33-1-150x29.jpg 150w\" sizes=\"(max-width: 480px) 100vw, 480px\" \/><\/a><p id=\"caption-attachment-7136\" class=\"wp-caption-text\">Auringonlasku, Konungssk\u00e4r.<\/p><\/div>\n<div id=\"attachment_7071\" style=\"width: 490px\" class=\"wp-caption aligncenter\"><a href=\"https:\/\/blogi.ennola.fi\/wp-content\/uploads\/2022\/01\/Konun_Panorama23.jpg\" rel=\"lightbox[7041]\"><img loading=\"lazy\" decoding=\"async\" aria-describedby=\"caption-attachment-7071\" class=\"wp-image-7071 size-full\" title=\"Auringonlasku, Konungssk\u00e4r.\" src=\"https:\/\/blogi.ennola.fi\/wp-content\/uploads\/2022\/01\/Konun_Panorama23-1.jpg\" alt=\"\" width=\"480\" height=\"109\" \/><\/a><p id=\"caption-attachment-7071\" class=\"wp-caption-text\">Auringonlasku, Konungssk\u00e4r.<\/p><\/div>\n<div id=\"attachment_7067\" style=\"width: 460px\" class=\"wp-caption aligncenter\"><a href=\"https:\/\/blogi.ennola.fi\/wp-content\/uploads\/2022\/01\/IMG_8799.jpg\" rel=\"lightbox[7041]\"><img loading=\"lazy\" decoding=\"async\" aria-describedby=\"caption-attachment-7067\" class=\"wp-image-7067 size-full\" title=\"Huurteinen kajakki.\" src=\"https:\/\/blogi.ennola.fi\/wp-content\/uploads\/2022\/01\/IMG_8799-1.jpg\" alt=\"\" width=\"450\" height=\"300\" \/><\/a><p id=\"caption-attachment-7067\" class=\"wp-caption-text\">Huurteinen kajakki.<\/p><\/div>\n<p>Aikainen nukahtaminen tiesi aikaista her\u00e4\u00e4mist\u00e4, joten olin ulkona valokuvaamassa jo auringon ensimm\u00e4isten s\u00e4teiden kajastaessa horisontissa. Ensin kuvasin auringonnousun valoja Konunngsk\u00e4rin rannoilla ja n\u00e4k\u00f6alakallioilla. Y\u00f6n kosteus oli tiivistynyt kauniiksi kuuraksi rantakallioille.<\/p>\n<div id=\"attachment_7057\" style=\"width: 490px\" class=\"wp-caption aligncenter\"><a href=\"https:\/\/blogi.ennola.fi\/wp-content\/uploads\/2022\/01\/Konun_Panorama24.jpg\" rel=\"lightbox[7041]\"><img loading=\"lazy\" decoding=\"async\" aria-describedby=\"caption-attachment-7057\" class=\"wp-image-7057 size-full\" title=\"Auringonnousu, J\u00e4\u00e4t\u00e4, Konungssk\u00e4r.\" src=\"https:\/\/blogi.ennola.fi\/wp-content\/uploads\/2022\/01\/Konun_Panorama24-1.jpg\" alt=\"\" width=\"480\" height=\"141\" \/><\/a><p id=\"caption-attachment-7057\" class=\"wp-caption-text\">Auringonnousu, J\u00e4\u00e4t\u00e4, Konungssk\u00e4r.<\/p><\/div>\n<div id=\"attachment_7058\" style=\"width: 490px\" class=\"wp-caption aligncenter\"><a href=\"https:\/\/blogi.ennola.fi\/wp-content\/uploads\/2022\/01\/Konun_Panorama25.jpg\" rel=\"lightbox[7041]\"><img loading=\"lazy\" decoding=\"async\" aria-describedby=\"caption-attachment-7058\" class=\"wp-image-7058 size-full\" title=\"Auringonnousu, kuutamo, Konungssk\u00e4r.\" src=\"https:\/\/blogi.ennola.fi\/wp-content\/uploads\/2022\/01\/Konun_Panorama25-1.jpg\" alt=\"\" width=\"480\" height=\"94\" \/><\/a><p id=\"caption-attachment-7058\" class=\"wp-caption-text\">Auringonnousu, kuutamo, Konungssk\u00e4r.<\/p><\/div>\n<div id=\"attachment_7059\" style=\"width: 490px\" class=\"wp-caption aligncenter\"><a href=\"https:\/\/blogi.ennola.fi\/wp-content\/uploads\/2022\/01\/Konun_Panorama32.jpg\" rel=\"lightbox[7041]\"><img loading=\"lazy\" decoding=\"async\" aria-describedby=\"caption-attachment-7059\" class=\"wp-image-7059 size-full\" title=\"Auringonnousu, j\u00e4inen ranta, Konungssk\u00e4r.\" src=\"https:\/\/blogi.ennola.fi\/wp-content\/uploads\/2022\/01\/Konun_Panorama32-1.jpg\" alt=\"\" width=\"480\" height=\"137\" \/><\/a><p id=\"caption-attachment-7059\" class=\"wp-caption-text\">Auringonnousu, j\u00e4inen ranta, Konungssk\u00e4r.<\/p><\/div>\n<div id=\"attachment_7060\" style=\"width: 490px\" class=\"wp-caption aligncenter\"><a href=\"https:\/\/blogi.ennola.fi\/wp-content\/uploads\/2022\/01\/Konun_Panorama26.jpg\" rel=\"lightbox[7041]\"><img loading=\"lazy\" decoding=\"async\" aria-describedby=\"caption-attachment-7060\" class=\"wp-image-7060 size-full\" title=\"Huurteinen rantakallio, Konungssk\u00e4r.\" src=\"https:\/\/blogi.ennola.fi\/wp-content\/uploads\/2022\/01\/Konun_Panorama26-1.jpg\" alt=\"\" width=\"480\" height=\"104\" \/><\/a><p id=\"caption-attachment-7060\" class=\"wp-caption-text\">Huurteinen rantakallio, Konungssk\u00e4r.<\/p><\/div>\n<p>Auringon noustua kunnolla yl\u00f6s siirryin Birssk\u00e4rin puolelle ja yritin kuvata merisavua, jota oli jonkin verran havaittavissa, mutta ei kovin voimakkaana. Merivesi oli ilmeisestikin joulukuun pakkasilla j\u00e4\u00e4htynyt jo liian kylm\u00e4ksi ja ei en\u00e4\u00e4 tehokkaasti ty\u00f6nt\u00e4nyt kosteutta ilmaan. Pohjoisessa Korppoon p\u00e4\u00e4saari oli kuitenkin peittynyt sakeaan sumuun, mit\u00e4 heikko pohjoinen tuulenvire toi merelle. Parhaat kuvat sainkin kuuraisista, varjoisista kallioista taustallaan aurinkoinen meri peittym\u00e4ss\u00e4 sumuun.<\/p>\n<div id=\"attachment_7061\" style=\"width: 490px\" class=\"wp-caption aligncenter\"><a href=\"https:\/\/blogi.ennola.fi\/wp-content\/uploads\/2022\/01\/Konun_Panorama28.jpg\" rel=\"lightbox[7041]\"><img loading=\"lazy\" decoding=\"async\" aria-describedby=\"caption-attachment-7061\" class=\"wp-image-7061 size-full\" title=\"N\u00e4kym\u00e4 autiotuvan suuntaan, Konungssk\u00e4r.\" src=\"https:\/\/blogi.ennola.fi\/wp-content\/uploads\/2022\/01\/Konun_Panorama28-1.jpg\" alt=\"\" width=\"480\" height=\"125\" \/><\/a><p id=\"caption-attachment-7061\" class=\"wp-caption-text\">N\u00e4kym\u00e4 autiotuvan suuntaan, Konungssk\u00e4r.<\/p><\/div>\n<div id=\"attachment_7062\" style=\"width: 490px\" class=\"wp-caption aligncenter\"><a href=\"https:\/\/blogi.ennola.fi\/wp-content\/uploads\/2022\/01\/Konun_Panorama29.jpg\" rel=\"lightbox[7041]\"><img loading=\"lazy\" decoding=\"async\" aria-describedby=\"caption-attachment-7062\" class=\"wp-image-7062 size-full\" title=\"Huurteinen rantakallio, Konungssk\u00e4r.\" src=\"https:\/\/blogi.ennola.fi\/wp-content\/uploads\/2022\/01\/Konun_Panorama29-1.jpg\" alt=\"\" width=\"480\" height=\"117\" \/><\/a><p id=\"caption-attachment-7062\" class=\"wp-caption-text\">Huurteinen rantakallio, Konungssk\u00e4r.<\/p><\/div>\n<div id=\"attachment_7063\" style=\"width: 490px\" class=\"wp-caption aligncenter\"><a href=\"https:\/\/blogi.ennola.fi\/wp-content\/uploads\/2022\/01\/Konun_Panorama21.jpg\" rel=\"lightbox[7041]\"><img loading=\"lazy\" decoding=\"async\" aria-describedby=\"caption-attachment-7063\" class=\"wp-image-7063 size-full\" title=\"Huurteinen rantakallio, Birssk\u00e4r.\" src=\"https:\/\/blogi.ennola.fi\/wp-content\/uploads\/2022\/01\/Konun_Panorama21-1.jpg\" alt=\"\" width=\"480\" height=\"211\" \/><\/a><p id=\"caption-attachment-7063\" class=\"wp-caption-text\">Huurteinen rantakallio, Birssk\u00e4r.<\/p><\/div>\n<div id=\"attachment_7064\" style=\"width: 490px\" class=\"wp-caption aligncenter\"><a href=\"https:\/\/blogi.ennola.fi\/wp-content\/uploads\/2022\/01\/Konun_Panorama22.jpg\" rel=\"lightbox[7041]\"><img loading=\"lazy\" decoding=\"async\" aria-describedby=\"caption-attachment-7064\" class=\"wp-image-7064 size-full\" title=\"Huurteinen rantakallio, Birssk\u00e4r.\" src=\"https:\/\/blogi.ennola.fi\/wp-content\/uploads\/2022\/01\/Konun_Panorama22-1.jpg\" alt=\"\" width=\"480\" height=\"106\" \/><\/a><p id=\"caption-attachment-7064\" class=\"wp-caption-text\">Huurteinen rantakallio, Birssk\u00e4r.<\/p><\/div>\n<p>Puolilta p\u00e4ivin palasin tuvalle ja pakkasin varusteeni ja l\u00e4hdin paluumatkalle. Melontakeli oli aivan satumaisen upea. Pakkasta kymmenkunta astetta, mutta oli t\u00e4ysin tyynt\u00e4 ja kaksi aurinkoa l\u00e4mmitti ihanasti.<\/p>\n<p>Jo rannasta l\u00e4htiess\u00e4ni jouduin turvautumaan j\u00e4\u00e4naskaleihin ja vet\u00e4m\u00e4\u00e4n niill\u00e4 itse\u00e4ni ja kajakkiani paikoissa, mist\u00e4 viel\u00e4 eilen olin melonut. Birssk\u00e4rin ja Konungssk\u00e4rin v\u00e4linen matala salmi oli saanut ohuen j\u00e4\u00e4peitteen. Korpostr\u00f6mi\u00e4 l\u00e4hestyess\u00e4ni alkoi j\u00e4\u00e4peite huolestuttavasti lis\u00e4\u00e4ntym\u00e4\u00e4n ihan leveill\u00e4 ja syvill\u00e4kin vesialueilla. Katseellani etsin joutsenia ja muita vesilintuja l\u00f6yt\u00e4\u00e4kseni avovett\u00e4. En halunnut turhaan k\u00e4ytt\u00e4\u00e4 kajakkiani ja melaani j\u00e4iden rikkomiseen, kun en ollut varma, kuinka paljon ne j\u00e4\u00e4n hankausta tositilanteessa kest\u00e4isiv\u00e4t.<\/p>\n<div class=\"mceTemp\"><\/div>\n<div id=\"attachment_7065\" style=\"width: 290px\" class=\"wp-caption aligncenter\"><a href=\"https:\/\/blogi.ennola.fi\/wp-content\/uploads\/2022\/01\/DSCI0982.jpg\" rel=\"lightbox[7041]\"><img loading=\"lazy\" decoding=\"async\" aria-describedby=\"caption-attachment-7065\" class=\"wp-image-7065 size-full\" title=\"Etukannen varustus: varamela, merikortti, kompassi ja j\u00e4\u00e4naskalit.\" src=\"https:\/\/blogi.ennola.fi\/wp-content\/uploads\/2022\/01\/DSCI0982-1.jpg\" alt=\"\" width=\"280\" height=\"420\" srcset=\"https:\/\/blogi.ennola.fi\/wp-content\/uploads\/2022\/01\/DSCI0982-1.jpg 280w, https:\/\/blogi.ennola.fi\/wp-content\/uploads\/2022\/01\/DSCI0982-1-267x400.jpg 267w, https:\/\/blogi.ennola.fi\/wp-content\/uploads\/2022\/01\/DSCI0982-1-100x150.jpg 100w\" sizes=\"(max-width: 280px) 100vw, 280px\" \/><\/a><p id=\"caption-attachment-7065\" class=\"wp-caption-text\">Etukannen varustus: varamela, merikortti, kompassi ja j\u00e4\u00e4naskalit.<\/p><\/div>\n<p>Aivan l\u00e4ht\u00f6paikalleni en selvinnyt, kun j\u00e4\u00e4t Korpostr\u00f6min edess\u00e4 olivat jo niin paksuja, ett\u00e4 niiden rikkominen kajakilla ja melalla olisi ollut turhan hankalaa, mutta kuitenkin sen verta ohuita, ett\u00e4 ne eiv\u00e4t viel\u00e4 kantaneet kajakkiani. Onneksi pystyin kuitenkin rantautumaan rantakalliolle er\u00e4\u00e4n kes\u00e4m\u00f6kin l\u00e4hell\u00e4. M\u00f6kilt\u00e4 oli lopulta noin kilometrin k\u00e4vely autolleni.<\/p>\n<p>Retki oli upea p\u00e4\u00e4t\u00f6s kuluneelle melontakaudelle. Melontakausi alkoi Konungssk\u00e4rin autiotuvalta uudenvuoden y\u00f6n\u00e4 ja p\u00e4\u00e4ttyi nyt juuri ennen joulua samaiselle autiotuvalle. Lopulliseksi melontakilometrien m\u00e4\u00e4r\u00e4ksi t\u00e4lle vuodelle tuli lopulta 1032 km ja my\u00f6s tavoite melomisesta vuoden jokaisena kuukautena tuli sekin t\u00e4yteen.<\/p>\n","protected":false},"excerpt":{"rendered":"<p>Joulun alla oli pari upeaa p\u00e4iv\u00e4\u00e4 lyhytt\u00e4 melontaretke\u00e4 varten. Retkeni tarkoitus oli olla enempi valokuvaus- kuin melontaretki. Haaveena oli saada kuvatuksi alkutalven tunnelmia saaristossa: j\u00e4isi\u00e4 sek\u00e4 huurteisia rantoja&#8230;<\/p>\n","protected":false},"author":1,"featured_media":7140,"comment_status":"open","ping_status":"open","sticky":false,"template":"","format":"standard","meta":{"footnotes":""},"categories":[4,8],"tags":[],"_links":{"self":[{"href":"https:\/\/blogi.ennola.fi\/index.php?rest_route=\/wp\/v2\/posts\/7041"}],"collection":[{"href":"https:\/\/blogi.ennola.fi\/index.php?rest_route=\/wp\/v2\/posts"}],"about":[{"href":"https:\/\/blogi.ennola.fi\/index.php?rest_route=\/wp\/v2\/types\/post"}],"author":[{"embeddable":true,"href":"https:\/\/blogi.ennola.fi\/index.php?rest_route=\/wp\/v2\/users\/1"}],"replies":[{"embeddable":true,"href":"https:\/\/blogi.ennola.fi\/index.php?rest_route=%2Fwp%2Fv2%2Fcomments&post=7041"}],"version-history":[{"count":3,"href":"https:\/\/blogi.ennola.fi\/index.php?rest_route=\/wp\/v2\/posts\/7041\/revisions"}],"predecessor-version":[{"id":7141,"href":"https:\/\/blogi.ennola.fi\/index.php?rest_route=\/wp\/v2\/posts\/7041\/revisions\/7141"}],"wp:featuredmedia":[{"embeddable":true,"href":"https:\/\/blogi.ennola.fi\/index.php?rest_route=\/wp\/v2\/media\/7140"}],"wp:attachment":[{"href":"https:\/\/blogi.ennola.fi\/index.php?rest_route=%2Fwp%2Fv2%2Fmedia&parent=7041"}],"wp:term":[{"taxonomy":"category","embeddable":true,"href":"https:\/\/blogi.ennola.fi\/index.php?rest_route=%2Fwp%2Fv2%2Fcategories&post=7041"},{"taxonomy":"post_tag","embeddable":true,"href":"https:\/\/blogi.ennola.fi\/index.php?rest_route=%2Fwp%2Fv2%2Ftags&post=7041"}],"curies":[{"name":"wp","href":"https:\/\/api.w.org\/{rel}","templated":true}]}}