{"id":7164,"date":"2022-02-09T19:48:31","date_gmt":"2022-02-09T17:48:31","guid":{"rendered":"https:\/\/blogi.ennola.fi\/?p=7164"},"modified":"2022-03-28T19:51:12","modified_gmt":"2022-03-28T16:51:12","slug":"helmikuinen-noto","status":"publish","type":"post","link":"https:\/\/blogi.ennola.fi\/?p=7164","title":{"rendered":"Helmikuinen N\u00f6t\u00f6"},"content":{"rendered":"<p>Heti helmikuun alussa l\u00e4hdin N\u00f6t\u00f6seen muutaman p\u00e4iv\u00e4n reissulle yhteysaluksella. Tavoitteenani oli p\u00e4\u00e4st\u00e4 v\u00e4h\u00e4n melomaan ja k\u00e4yd\u00e4 l\u00e4hisaarissa valokuvaamassa. Luistimetkin otin silt\u00e4 varalta mukaan, jos olisin p\u00e4\u00e4ssyt meloen Bj\u00f6rk\u00f6seen ja siell\u00e4 sis\u00e4j\u00e4rvell\u00e4 luistelemaan. S\u00e4\u00e4tiedotus lupaili pikkupakkasta ja heikkoa tuulta pari p\u00e4iv\u00e4\u00e4. Viimeiseksi p\u00e4iv\u00e4ksi oli luvassa kovaa tuulta, l\u00e4hes myrsky\u00e4.<\/p>\n<p>Kulunut talvi on ollut saaristossa lihasvoimin liikkuvan kannalta hankala. Joulukuusta saakka pintavesi on ollut l\u00e4hell\u00e4 j\u00e4\u00e4tymispistett\u00e4\u00e4n. Yksi tyyni pakkasy\u00f6 on riitt\u00e4nyt j\u00e4\u00e4t\u00e4m\u00e4\u00e4n meren yhdess\u00e4 y\u00f6ss\u00e4, kunnes hetken p\u00e4\u00e4st\u00e4 kova tuuli on taas hajottanut syntyneet j\u00e4\u00e4t. Kest\u00e4vi\u00e4 j\u00e4it\u00e4 ei ole p\u00e4\u00e4ssyt muodostumaan ja melontas\u00e4\u00e4n ollessa hyv\u00e4 meri on heti napsahtanut j\u00e4\u00e4h\u00e4n. Yhteysaluksella uskoin kuitenkin p\u00e4\u00e4sev\u00e4ni tarpeeksi kauas, ett\u00e4 meri olisi viel\u00e4 laajalti sula.<\/p>\n<p>Satelliittikuvien mukaan koko Saaristomeri p\u00e4\u00e4saarten etel\u00e4puolelta oli j\u00e4\u00e4t\u00f6n. Tarkistin saaren j\u00e4\u00e4tilanteen viel\u00e4 l\u00e4ht\u00f6\u00e4 edelt\u00e4v\u00e4n\u00e4 p\u00e4iv\u00e4n\u00e4 entiselt\u00e4 opiskelijaltani, joka on ryhtynyt saaren kyl\u00e4kauppiaaksi. Silloin j\u00e4\u00e4t\u00e4 oli vain hieman kyl\u00e4lahden pohjukassa. Tullessani yhteysalukselle kajakin kanssa esitti laivan henkil\u00f6kunta ep\u00e4ilyksen kajakin j\u00e4rkevyydest\u00e4. Itse vakaasti uskoin ulkosaariston olevan viel\u00e4 vapaa j\u00e4ist\u00e4. \u00a0Hieman yll\u00e4tt\u00e4en edelt\u00e4v\u00e4n\u00e4 y\u00f6n\u00e4 meri oli j\u00e4\u00e4tynyt yhten\u00e4iseen muutaman sentin j\u00e4\u00e4h\u00e4n Asp\u00f6n-N\u00f6t\u00f6n tasalle.<\/p>\n<div id=\"attachment_7197\" style=\"width: 490px\" class=\"wp-caption aligncenter\"><a href=\"https:\/\/blogi.ennola.fi\/wp-content\/uploads\/2022\/03\/Noto_Panorama4.jpg\" rel=\"lightbox[7164]\"><img loading=\"lazy\" decoding=\"async\" aria-describedby=\"caption-attachment-7197\" class=\"wp-image-7197 size-full\" title=\"Jurttamajoitus.\" src=\"https:\/\/blogi.ennola.fi\/wp-content\/uploads\/2022\/03\/Noto_Panorama4-1.jpg\" alt=\"\" width=\"480\" height=\"318\" srcset=\"https:\/\/blogi.ennola.fi\/wp-content\/uploads\/2022\/03\/Noto_Panorama4-1.jpg 480w, https:\/\/blogi.ennola.fi\/wp-content\/uploads\/2022\/03\/Noto_Panorama4-1-150x99.jpg 150w\" sizes=\"(max-width: 480px) 100vw, 480px\" \/><\/a><p id=\"caption-attachment-7197\" class=\"wp-caption-text\">Jurttamajoitus.<\/p><\/div>\n<p>Majoitukseksi olin varannut kyl\u00e4kauppiaalta Jurtan. Jurtta l\u00e4mpeni pienell\u00e4 kaasul\u00e4mmittimell\u00e4 ja luvalla sanoen se oli ehk\u00e4 hieman viile\u00e4 majoite t\u00e4h\u00e4n vuodenaikaan. Ei h\u00e4n turhaan etuk\u00e4teen varoittanut, ett\u00e4 t\u00e4h\u00e4n aikaan vuodesta sit\u00e4 vuokrataan vain harvoilla ja valituille henkil\u00f6ille, jotka tunnetusti selvi\u00e4v\u00e4t kylm\u00e4ss\u00e4. Olin toki varannut itselleni riitt\u00e4v\u00e4n l\u00e4mpim\u00e4n makuupussin, joten kylm\u00e4 minulle ei jurtassa tullut.<\/p>\n<p>Ruokaa en ollut itselleni juuri mukaani kotoa ottanut olihan saaressa kauppa. Ymm\u00e4rrett\u00e4vist\u00e4 syist\u00e4 kaupan valikoima ei helmikuun alussa ollut ihan Turun markettien veroinen, mutta kyll\u00e4 sielt\u00e4 p\u00e4tev\u00e4t retkiev\u00e4\u00e4t kolmeksi p\u00e4iv\u00e4ksi irtosi.<\/p>\n<div id=\"attachment_7185\" style=\"width: 460px\" class=\"wp-caption aligncenter\"><a href=\"https:\/\/blogi.ennola.fi\/wp-content\/uploads\/2022\/03\/DSCI1028.jpg\" rel=\"lightbox[7164]\"><img loading=\"lazy\" decoding=\"async\" aria-describedby=\"caption-attachment-7185\" class=\"wp-image-7185 size-full\" title=\"Vesill\u00e4\" src=\"https:\/\/blogi.ennola.fi\/wp-content\/uploads\/2022\/03\/DSCI1028-1.jpg\" alt=\"\" width=\"450\" height=\"300\" srcset=\"https:\/\/blogi.ennola.fi\/wp-content\/uploads\/2022\/03\/DSCI1028-1.jpg 450w, https:\/\/blogi.ennola.fi\/wp-content\/uploads\/2022\/03\/DSCI1028-1-150x100.jpg 150w\" sizes=\"(max-width: 450px) 100vw, 450px\" \/><\/a><p id=\"caption-attachment-7185\" class=\"wp-caption-text\">Vesill\u00e4<\/p><\/div>\n<div id=\"attachment_7189\" style=\"width: 490px\" class=\"wp-caption aligncenter\"><a href=\"https:\/\/blogi.ennola.fi\/wp-content\/uploads\/2022\/03\/Noto_Panorama5.jpg\" rel=\"lightbox[7164]\"><img loading=\"lazy\" decoding=\"async\" aria-describedby=\"caption-attachment-7189\" class=\"wp-image-7189 size-full\" title=\"J\u00e4iden seassa.\" src=\"https:\/\/blogi.ennola.fi\/wp-content\/uploads\/2022\/03\/Noto_Panorama5-1.jpg\" alt=\"\" width=\"480\" height=\"190\" srcset=\"https:\/\/blogi.ennola.fi\/wp-content\/uploads\/2022\/03\/Noto_Panorama5-1.jpg 480w, https:\/\/blogi.ennola.fi\/wp-content\/uploads\/2022\/03\/Noto_Panorama5-1-150x59.jpg 150w\" sizes=\"(max-width: 480px) 100vw, 480px\" \/><\/a><p id=\"caption-attachment-7189\" class=\"wp-caption-text\">J\u00e4iden seassa.<\/p><\/div>\n<p>Kajakin olin ottanut mukaan, joten pitih\u00e4n sit\u00e4 p\u00e4\u00e4st\u00e4 kokeilemaan p\u00e4\u00e4sisik\u00f6 sill\u00e4 mihink\u00e4\u00e4n. Heti rantaan p\u00e4\u00e4sty\u00e4ni vein tavarani jurttaan ja vaihdoin kuivapuvun p\u00e4\u00e4lle. Rannassa laskin kajakin vesille ja l\u00e4hdin seuraamaan yhteysaluksen tekem\u00e4\u00e4 railoa, josko sit\u00e4 olisi p\u00e4\u00e4ssyt merelle, miss\u00e4 yhteysaluksesta olin n\u00e4hnyt sulapaikkoja.<\/p>\n<p>Noin kilometrin matkan p\u00e4\u00e4sin, kunnes j\u00e4\u00e4t sulkivat kulkuni. Koetin, josko olisin j\u00e4\u00e4naskaleilla pystynyt vet\u00e4m\u00e4\u00e4n itse\u00e4ni j\u00e4\u00e4ll\u00e4 eteenp\u00e4in, mutta se oli liian raskasta ja voimani tyrehtyiv\u00e4t heti alkuunsa. Pit\u00e4isi olla tehokkaammat j\u00e4\u00e4ty\u00f6kalut k\u00e4yt\u00f6ss\u00e4. Vaikka kajakilla noita j\u00e4it\u00e4 ei en\u00e4\u00e4 saanut rikotuksi olisivat ne k\u00e4velij\u00e4lle olleet liian heikkoja. Niinp\u00e4 hetken leikin kajakillani j\u00e4iss\u00e4, mink\u00e4 j\u00e4lkeen palasin liev\u00e4sti pettyneen\u00e4 rantaan.<\/p>\n<div id=\"attachment_7205\" style=\"width: 490px\" class=\"wp-caption aligncenter\"><a href=\"https:\/\/blogi.ennola.fi\/wp-content\/uploads\/2022\/03\/Noto_Panorama13.jpg\" rel=\"lightbox[7164]\"><img loading=\"lazy\" decoding=\"async\" aria-describedby=\"caption-attachment-7205\" class=\"wp-image-7205 size-full\" title=\"Grimsholm.\" src=\"https:\/\/blogi.ennola.fi\/wp-content\/uploads\/2022\/03\/Noto_Panorama13-1.jpg\" alt=\"\" width=\"480\" height=\"79\" srcset=\"https:\/\/blogi.ennola.fi\/wp-content\/uploads\/2022\/03\/Noto_Panorama13-1.jpg 480w, https:\/\/blogi.ennola.fi\/wp-content\/uploads\/2022\/03\/Noto_Panorama13-1-150x25.jpg 150w\" sizes=\"(max-width: 480px) 100vw, 480px\" \/><\/a><p id=\"caption-attachment-7205\" class=\"wp-caption-text\">Grimsholm.<\/p><\/div>\n<div id=\"attachment_7192\" style=\"width: 490px\" class=\"wp-caption aligncenter\"><a href=\"https:\/\/blogi.ennola.fi\/wp-content\/uploads\/2022\/03\/Noto_Panorama11.jpg\" rel=\"lightbox[7164]\"><img loading=\"lazy\" decoding=\"async\" aria-describedby=\"caption-attachment-7192\" class=\"wp-image-7192 size-full\" title=\"Klobbfladan.\" src=\"https:\/\/blogi.ennola.fi\/wp-content\/uploads\/2022\/03\/Noto_Panorama11-1.jpg\" alt=\"\" width=\"480\" height=\"192\" srcset=\"https:\/\/blogi.ennola.fi\/wp-content\/uploads\/2022\/03\/Noto_Panorama11-1.jpg 480w, https:\/\/blogi.ennola.fi\/wp-content\/uploads\/2022\/03\/Noto_Panorama11-1-150x60.jpg 150w\" sizes=\"(max-width: 480px) 100vw, 480px\" \/><\/a><p id=\"caption-attachment-7192\" class=\"wp-caption-text\">Klobbfladan.<\/p><\/div>\n<div id=\"attachment_7193\" style=\"width: 490px\" class=\"wp-caption aligncenter\"><a href=\"https:\/\/blogi.ennola.fi\/wp-content\/uploads\/2022\/03\/Noto_Panorama14.jpg\" rel=\"lightbox[7164]\"><img loading=\"lazy\" decoding=\"async\" aria-describedby=\"caption-attachment-7193\" class=\"wp-image-7193 size-full\" title=\"Grimsholm.\" src=\"https:\/\/blogi.ennola.fi\/wp-content\/uploads\/2022\/03\/Noto_Panorama14-1.jpg\" alt=\"\" width=\"480\" height=\"108\" srcset=\"https:\/\/blogi.ennola.fi\/wp-content\/uploads\/2022\/03\/Noto_Panorama14-1.jpg 480w, https:\/\/blogi.ennola.fi\/wp-content\/uploads\/2022\/03\/Noto_Panorama14-1-150x34.jpg 150w\" sizes=\"(max-width: 480px) 100vw, 480px\" \/><\/a><p id=\"caption-attachment-7193\" class=\"wp-caption-text\">Grimsholm.<\/p><\/div>\n<p>Ei auttanut kuin tyyty\u00e4 kiert\u00e4m\u00e4\u00e4n N\u00f6t\u00f6t\u00e4 k\u00e4vellen ymp\u00e4ri ja keskitty\u00e4 sen m\u00f6kitt\u00f6miin rantoihin, joita vain oli valitettavan v\u00e4h\u00e4n. Onneksi edellisen\u00e4 viikonloppuna oli satanut ohut lumikerros. Lumikerroksen alta kuultava maa, vaihtelevasti j\u00e4\u00e4tynyt meri ja paikoittaiset sulavesialueet toki tekiv\u00e4t maiseman talvisen kauniiksi valokuvata.<\/p>\n<p>Illalla teimme lyhyen kierroksen kauppiaan kanssa kylill\u00e4. K\u00e4vimme katsomassa l\u00e4himaisemia, kirkkoa, vesipistett\u00e4 ja h\u00e4nen hevosiaan, jotka laidunsivat kirkon l\u00e4heisyydess\u00e4. Illan pimetess\u00e4 palasin jurtalleni ja sovimme l\u00e4htev\u00e4mme aamulla yhdess\u00e4 ulkoiluttamaan h\u00e4nen koiriansa, ja samalla h\u00e4n esittelisi saaren kauneimpia rantoja ja polkuverkostoa.<\/p>\n<p>\u00d6iseen aikaan saaressa oli komean pime\u00e4\u00e4 kahta radiomastoa lukuun ottamatta. Jos en olisi ollut niin laiska l\u00e4htem\u00e4\u00e4n \u00f6iselle k\u00e4velyretkelle saaren lounaisk\u00e4rkeen, olisi voinut oilla hyv\u00e4t olosuhteet t\u00e4htitaivaan kuvaamiseen.<\/p>\n<div id=\"attachment_7194\" style=\"width: 490px\" class=\"wp-caption aligncenter\"><a href=\"https:\/\/blogi.ennola.fi\/wp-content\/uploads\/2022\/03\/Noto_Panorama7.jpg\" rel=\"lightbox[7164]\"><img loading=\"lazy\" decoding=\"async\" aria-describedby=\"caption-attachment-7194\" class=\"wp-image-7194 size-full\" title=\"Grimsholm.\" src=\"https:\/\/blogi.ennola.fi\/wp-content\/uploads\/2022\/03\/Noto_Panorama7-1.jpg\" alt=\"\" width=\"480\" height=\"100\" srcset=\"https:\/\/blogi.ennola.fi\/wp-content\/uploads\/2022\/03\/Noto_Panorama7-1.jpg 480w, https:\/\/blogi.ennola.fi\/wp-content\/uploads\/2022\/03\/Noto_Panorama7-1-150x31.jpg 150w\" sizes=\"(max-width: 480px) 100vw, 480px\" \/><\/a><p id=\"caption-attachment-7194\" class=\"wp-caption-text\">Grimsholm.<\/p><\/div>\n<div id=\"attachment_7195\" style=\"width: 490px\" class=\"wp-caption aligncenter\"><a href=\"https:\/\/blogi.ennola.fi\/wp-content\/uploads\/2022\/03\/Noto_Panorama2.jpg\" rel=\"lightbox[7164]\"><img loading=\"lazy\" decoding=\"async\" aria-describedby=\"caption-attachment-7195\" class=\"wp-image-7195 size-full\" title=\"Grimsholm.\" src=\"https:\/\/blogi.ennola.fi\/wp-content\/uploads\/2022\/03\/Noto_Panorama2-1.jpg\" alt=\"\" width=\"480\" height=\"183\" srcset=\"https:\/\/blogi.ennola.fi\/wp-content\/uploads\/2022\/03\/Noto_Panorama2-1.jpg 480w, https:\/\/blogi.ennola.fi\/wp-content\/uploads\/2022\/03\/Noto_Panorama2-1-150x57.jpg 150w\" sizes=\"(max-width: 480px) 100vw, 480px\" \/><\/a><p id=\"caption-attachment-7195\" class=\"wp-caption-text\">Grimsholm.<\/p><\/div>\n<div id=\"attachment_7196\" style=\"width: 490px\" class=\"wp-caption aligncenter\"><a href=\"https:\/\/blogi.ennola.fi\/wp-content\/uploads\/2022\/03\/Noto_Panorama8.jpg\" rel=\"lightbox[7164]\"><img loading=\"lazy\" decoding=\"async\" aria-describedby=\"caption-attachment-7196\" class=\"wp-image-7196 size-full\" title=\"S\u00f6dern\u00e4set.\" src=\"https:\/\/blogi.ennola.fi\/wp-content\/uploads\/2022\/03\/Noto_Panorama8-1.jpg\" alt=\"\" width=\"480\" height=\"124\" srcset=\"https:\/\/blogi.ennola.fi\/wp-content\/uploads\/2022\/03\/Noto_Panorama8-1.jpg 480w, https:\/\/blogi.ennola.fi\/wp-content\/uploads\/2022\/03\/Noto_Panorama8-1-150x39.jpg 150w\" sizes=\"(max-width: 480px) 100vw, 480px\" \/><\/a><p id=\"caption-attachment-7196\" class=\"wp-caption-text\">S\u00f6dern\u00e4set.<\/p><\/div>\n<p>Aamulenkki suuntautui saaren lounaisk\u00e4rkeen Grimsholmiin, miss\u00e4 meid\u00e4n tiet erkanivat h\u00e4nen palatessaan kylille ja minun j\u00e4\u00e4dess\u00e4 kiertelem\u00e4\u00e4n niemenk\u00e4rke\u00e4 pariinkin otteeseen. Kylille palasin S\u00f6dern\u00e4setin kautta, miss\u00e4 oli sula salmi, johon yksin\u00e4inen kyhmyjoutsen oli j\u00e4\u00e4nyt talvehtimaan.<\/p>\n<div id=\"attachment_7186\" style=\"width: 460px\" class=\"wp-caption aligncenter\"><a href=\"https:\/\/blogi.ennola.fi\/wp-content\/uploads\/2022\/03\/IMG_0091.jpg\" rel=\"lightbox[7164]\"><img loading=\"lazy\" decoding=\"async\" aria-describedby=\"caption-attachment-7186\" class=\"wp-image-7186 size-full\" title=\"Kyhmyjoutsen.\" src=\"https:\/\/blogi.ennola.fi\/wp-content\/uploads\/2022\/03\/IMG_0091-1.jpg\" alt=\"\" width=\"450\" height=\"313\" srcset=\"https:\/\/blogi.ennola.fi\/wp-content\/uploads\/2022\/03\/IMG_0091-1.jpg 450w, https:\/\/blogi.ennola.fi\/wp-content\/uploads\/2022\/03\/IMG_0091-1-150x104.jpg 150w\" sizes=\"(max-width: 450px) 100vw, 450px\" \/><\/a><p id=\"caption-attachment-7186\" class=\"wp-caption-text\">Kyhmyjoutsen.<\/p><\/div>\n<div id=\"attachment_7191\" style=\"width: 460px\" class=\"wp-caption aligncenter\"><a href=\"https:\/\/blogi.ennola.fi\/wp-content\/uploads\/2022\/03\/IMG_0135.jpg\" rel=\"lightbox[7164]\"><img loading=\"lazy\" decoding=\"async\" aria-describedby=\"caption-attachment-7191\" class=\"wp-image-7191 size-full\" title=\"Kyhmyjoutsen.\" src=\"https:\/\/blogi.ennola.fi\/wp-content\/uploads\/2022\/03\/IMG_0135-1.jpg\" alt=\"\" width=\"450\" height=\"273\" srcset=\"https:\/\/blogi.ennola.fi\/wp-content\/uploads\/2022\/03\/IMG_0135-1.jpg 450w, https:\/\/blogi.ennola.fi\/wp-content\/uploads\/2022\/03\/IMG_0135-1-150x91.jpg 150w\" sizes=\"(max-width: 450px) 100vw, 450px\" \/><\/a><p id=\"caption-attachment-7191\" class=\"wp-caption-text\">Kyhmyjoutsen.<\/p><\/div>\n<p>Illalla l\u00e4hdin k\u00e4velem\u00e4\u00e4n saaren pohjoisosiin. Tavoitteenani oli Mj\u00f6\u00f6 sund ja laulava kivi, mutta lopulta ilman karttaa p\u00e4\u00e4dyin kuitenkin Norrn\u00e4setiin. Ilta alkoi h\u00e4m\u00e4rty\u00e4 ja ei ollut en\u00e4\u00e4 j\u00e4rke\u00e4 jatkaa matkaa pohjoiseen, joten palasin Jurtalleni.<\/p>\n<p>Seuraavan p\u00e4iv\u00e4n myrsky sitten hajoittikin j\u00e4\u00e4t monin paikoin saaren ymp\u00e4rilt\u00e4. Yli 15 m\/s puhaltanut tuuli ei kuitenkaan innostanut l\u00e4htem\u00e4\u00e4n j\u00e4\u00e4kylm\u00e4n veden ja irtoj\u00e4\u00e4lauttojen sekaan. Ehk\u00e4 ensi kerralla melontaa sitten paremmalla tuurilla.<\/p>\n<p>Etsin siis kartasta m\u00f6kit\u00f6nt\u00e4 tai v\u00e4h\u00e4m\u00f6kkist\u00e4 rantaa ja toivoin samalla p\u00e4\u00e4sev\u00e4ni avoimen veden \u00e4\u00e4reen. Suuntasin alkuun kulkuni saaren luoteisosiin L\u00e5ngn\u00e4siin ja Lenholmiin. Aivan m\u00f6kitt\u00f6mi\u00e4 nuo rannat eiv\u00e4t olleet, mutta m\u00f6kkien v\u00e4liin j\u00e4i kohtuullisesti rakentamatontakin rantaa. P\u00e4\u00e4sin kuvaamaan kohtuullisen l\u00e4helt\u00e4 viimevuotista kyhmyjoutsenpoikuetta Lenholmin rannassa olleessa pieness\u00e4 sulassa.<\/p>\n<div id=\"attachment_7198\" style=\"width: 490px\" class=\"wp-caption aligncenter\"><a href=\"https:\/\/blogi.ennola.fi\/wp-content\/uploads\/2022\/03\/Noto_Panorama9.jpg\" rel=\"lightbox[7164]\"><img loading=\"lazy\" decoding=\"async\" aria-describedby=\"caption-attachment-7198\" class=\"wp-image-7198 size-full\" title=\"L\u00e5ngn\u00e4s kroken.\" src=\"https:\/\/blogi.ennola.fi\/wp-content\/uploads\/2022\/03\/Noto_Panorama9-1.jpg\" alt=\"\" width=\"480\" height=\"81\" srcset=\"https:\/\/blogi.ennola.fi\/wp-content\/uploads\/2022\/03\/Noto_Panorama9-1.jpg 480w, https:\/\/blogi.ennola.fi\/wp-content\/uploads\/2022\/03\/Noto_Panorama9-1-150x25.jpg 150w\" sizes=\"(max-width: 480px) 100vw, 480px\" \/><\/a><p id=\"caption-attachment-7198\" class=\"wp-caption-text\">L\u00e5ngn\u00e4s kroken.<\/p><\/div>\n<div id=\"attachment_7199\" style=\"width: 490px\" class=\"wp-caption aligncenter\"><a href=\"https:\/\/blogi.ennola.fi\/wp-content\/uploads\/2022\/03\/Noto_Panorama12.jpg\" rel=\"lightbox[7164]\"><img loading=\"lazy\" decoding=\"async\" aria-describedby=\"caption-attachment-7199\" class=\"wp-image-7199 size-full\" title=\"L\u00e5ngn\u00e4s.\" src=\"https:\/\/blogi.ennola.fi\/wp-content\/uploads\/2022\/03\/Noto_Panorama12-1.jpg\" alt=\"\" width=\"480\" height=\"120\" srcset=\"https:\/\/blogi.ennola.fi\/wp-content\/uploads\/2022\/03\/Noto_Panorama12-1.jpg 480w, https:\/\/blogi.ennola.fi\/wp-content\/uploads\/2022\/03\/Noto_Panorama12-1-150x38.jpg 150w\" sizes=\"(max-width: 480px) 100vw, 480px\" \/><\/a><p id=\"caption-attachment-7199\" class=\"wp-caption-text\">L\u00e5ngn\u00e4s.<\/p><\/div>\n<div id=\"attachment_7200\" style=\"width: 490px\" class=\"wp-caption aligncenter\"><a href=\"https:\/\/blogi.ennola.fi\/wp-content\/uploads\/2022\/03\/Noto_Panorama6.jpg\" rel=\"lightbox[7164]\"><img loading=\"lazy\" decoding=\"async\" aria-describedby=\"caption-attachment-7200\" class=\"wp-image-7200 size-full\" title=\"L\u00e5ngn\u00e4s.\" src=\"https:\/\/blogi.ennola.fi\/wp-content\/uploads\/2022\/03\/Noto_Panorama6-1.jpg\" alt=\"\" width=\"480\" height=\"252\" srcset=\"https:\/\/blogi.ennola.fi\/wp-content\/uploads\/2022\/03\/Noto_Panorama6-1.jpg 480w, https:\/\/blogi.ennola.fi\/wp-content\/uploads\/2022\/03\/Noto_Panorama6-1-150x79.jpg 150w\" sizes=\"(max-width: 480px) 100vw, 480px\" \/><\/a><p id=\"caption-attachment-7200\" class=\"wp-caption-text\">L\u00e5ngn\u00e4s.<\/p><\/div>\n<p>Iltap\u00e4iv\u00e4ll\u00e4 pime\u00e4n jo puskien p\u00e4\u00e4lle ehdin viel\u00e4 lyhyesti k\u00e4v\u00e4ist\u00e4 it\u00e4rannalla H\u00e4stvikiss\u00e4, miss\u00e4 oli enempikin rakentamatonta rantaa. Saaren it\u00e4puoli olikin laajalti j\u00e4\u00e4ss\u00e4, mutta en l\u00e4htenyt testaamaan sen kest\u00e4vyytt\u00e4 vaan tyydyin kuvamaan maisemia saaren rannasta.<\/p>\n<div id=\"attachment_7201\" style=\"width: 490px\" class=\"wp-caption aligncenter\"><a href=\"https:\/\/blogi.ennola.fi\/wp-content\/uploads\/2022\/03\/Noto_Panorama10.jpg\" rel=\"lightbox[7164]\"><img loading=\"lazy\" decoding=\"async\" aria-describedby=\"caption-attachment-7201\" class=\"wp-image-7201 size-full\" title=\"H\u00e4stvik udden.\" src=\"https:\/\/blogi.ennola.fi\/wp-content\/uploads\/2022\/03\/Noto_Panorama10-1.jpg\" alt=\"\" width=\"480\" height=\"97\" srcset=\"https:\/\/blogi.ennola.fi\/wp-content\/uploads\/2022\/03\/Noto_Panorama10-1.jpg 480w, https:\/\/blogi.ennola.fi\/wp-content\/uploads\/2022\/03\/Noto_Panorama10-1-150x30.jpg 150w\" sizes=\"(max-width: 480px) 100vw, 480px\" \/><\/a><p id=\"caption-attachment-7201\" class=\"wp-caption-text\">H\u00e4stvik udden.<\/p><\/div>\n<div id=\"attachment_7202\" style=\"width: 490px\" class=\"wp-caption aligncenter\"><a href=\"https:\/\/blogi.ennola.fi\/wp-content\/uploads\/2022\/03\/Noto_Panorama1.jpg\" rel=\"lightbox[7164]\"><img loading=\"lazy\" decoding=\"async\" aria-describedby=\"caption-attachment-7202\" class=\"wp-image-7202 size-full\" title=\"H\u00e4stvik.\" src=\"https:\/\/blogi.ennola.fi\/wp-content\/uploads\/2022\/03\/Noto_Panorama1-1.jpg\" alt=\"\" width=\"480\" height=\"132\" srcset=\"https:\/\/blogi.ennola.fi\/wp-content\/uploads\/2022\/03\/Noto_Panorama1-1.jpg 480w, https:\/\/blogi.ennola.fi\/wp-content\/uploads\/2022\/03\/Noto_Panorama1-1-150x41.jpg 150w\" sizes=\"(max-width: 480px) 100vw, 480px\" \/><\/a><p id=\"caption-attachment-7202\" class=\"wp-caption-text\">H\u00e4stvik.<\/p><\/div>\n<div id=\"attachment_7203\" style=\"width: 490px\" class=\"wp-caption aligncenter\"><a href=\"https:\/\/blogi.ennola.fi\/wp-content\/uploads\/2022\/03\/Noto_Panorama3.jpg\" rel=\"lightbox[7164]\"><img loading=\"lazy\" decoding=\"async\" aria-describedby=\"caption-attachment-7203\" class=\"wp-image-7203 size-full\" title=\"H\u00e4stvik.\" src=\"https:\/\/blogi.ennola.fi\/wp-content\/uploads\/2022\/03\/Noto_Panorama3-1.jpg\" alt=\"\" width=\"480\" height=\"121\" srcset=\"https:\/\/blogi.ennola.fi\/wp-content\/uploads\/2022\/03\/Noto_Panorama3-1.jpg 480w, https:\/\/blogi.ennola.fi\/wp-content\/uploads\/2022\/03\/Noto_Panorama3-1-150x38.jpg 150w\" sizes=\"(max-width: 480px) 100vw, 480px\" \/><\/a><p id=\"caption-attachment-7203\" class=\"wp-caption-text\">H\u00e4stvik.<\/p><\/div>\n<p>Viimeisen\u00e4 aamuna aikaa ei juuri muuhun ollut kuin pakata kamat ja l\u00e4hte\u00e4 laivalle. Laiva oli etuajassa, koska sill\u00e4 ei ollut tarvetta pys\u00e4hty\u00e4 Jurmossa tai Asp\u00f6ss\u00e4, vaan se tuli suoraan Ut\u00f6st\u00e4. Ihan t\u00e4ydell\u00e4 kaasulla se ei tullut, jottei olisi ollut likaa etuajassa.<\/p>\n<p>Lintuhavainnot olivat p\u00e4\u00e4s\u00e4\u00e4nt\u00f6isesti saariston tavallisia talvilintuja. Joutsenia oli sulapaikoissa kumpaakin lajia. Avoimilla alueilla oli Isoja telkk\u00e4parvia ja isokoskeloita. Merikotkia n\u00e4kyi normaalin tapaan varisten ja korppien ohella. Erikoisin havainto oli kyl\u00e4n peltoaukeilla aikaansa viett\u00e4nyt hiirihaukka.<\/p>\n<div id=\"attachment_7190\" style=\"width: 460px\" class=\"wp-caption aligncenter\"><a href=\"https:\/\/blogi.ennola.fi\/wp-content\/uploads\/2022\/03\/IMG_0236.jpg\" rel=\"lightbox[7164]\"><img loading=\"lazy\" decoding=\"async\" aria-describedby=\"caption-attachment-7190\" class=\"wp-image-7190 size-full\" title=\"Kyhmyjoutsen.\" src=\"https:\/\/blogi.ennola.fi\/wp-content\/uploads\/2022\/03\/IMG_0236-1.jpg\" alt=\"\" width=\"450\" height=\"301\" srcset=\"https:\/\/blogi.ennola.fi\/wp-content\/uploads\/2022\/03\/IMG_0236-1.jpg 450w, https:\/\/blogi.ennola.fi\/wp-content\/uploads\/2022\/03\/IMG_0236-1-150x100.jpg 150w\" sizes=\"(max-width: 450px) 100vw, 450px\" \/><\/a><p id=\"caption-attachment-7190\" class=\"wp-caption-text\">Kyhmyjoutsen.<\/p><\/div>\n<div id=\"attachment_7188\" style=\"width: 460px\" class=\"wp-caption aligncenter\"><a href=\"https:\/\/blogi.ennola.fi\/wp-content\/uploads\/2022\/03\/IMG_0274.jpg\" rel=\"lightbox[7164]\"><img loading=\"lazy\" decoding=\"async\" aria-describedby=\"caption-attachment-7188\" class=\"wp-image-7188 size-full\" title=\"Kyhmyjoutsen.\" src=\"https:\/\/blogi.ennola.fi\/wp-content\/uploads\/2022\/03\/IMG_0274-1.jpg\" alt=\"\" width=\"450\" height=\"267\" srcset=\"https:\/\/blogi.ennola.fi\/wp-content\/uploads\/2022\/03\/IMG_0274-1.jpg 450w, https:\/\/blogi.ennola.fi\/wp-content\/uploads\/2022\/03\/IMG_0274-1-150x89.jpg 150w\" sizes=\"(max-width: 450px) 100vw, 450px\" \/><\/a><p id=\"caption-attachment-7188\" class=\"wp-caption-text\">Kyhmyjoutsen.<\/p><\/div>\n<div id=\"attachment_7187\" style=\"width: 460px\" class=\"wp-caption aligncenter\"><a href=\"https:\/\/blogi.ennola.fi\/wp-content\/uploads\/2022\/03\/IMG_0254b.jpg\" rel=\"lightbox[7164]\"><img loading=\"lazy\" decoding=\"async\" aria-describedby=\"caption-attachment-7187\" class=\"wp-image-7187 size-full\" title=\"Kyhmyjoutsen.\" src=\"https:\/\/blogi.ennola.fi\/wp-content\/uploads\/2022\/03\/IMG_0254b-1.jpg\" alt=\"\" width=\"450\" height=\"287\" srcset=\"https:\/\/blogi.ennola.fi\/wp-content\/uploads\/2022\/03\/IMG_0254b-1.jpg 450w, https:\/\/blogi.ennola.fi\/wp-content\/uploads\/2022\/03\/IMG_0254b-1-150x96.jpg 150w\" sizes=\"(max-width: 450px) 100vw, 450px\" \/><\/a><p id=\"caption-attachment-7187\" class=\"wp-caption-text\">Kyhmyjoutsen.<\/p><\/div>\n<p>Kajakki ei tainnut olla t\u00e4ll\u00e4 kertaa voittajan valinta. Mutta kaikesta huolimatta t\u00e4ss\u00e4kin kuussa p\u00e4\u00e4stiin vesille.<\/p>\n","protected":false},"excerpt":{"rendered":"<p>Heti helmikuun alussa l\u00e4hdin N\u00f6t\u00f6seen muutaman p\u00e4iv\u00e4n reissulle yhteysaluksella. Tavoitteenani oli p\u00e4\u00e4st\u00e4 v\u00e4h\u00e4n melomaan ja k\u00e4yd\u00e4 l\u00e4hisaarissa valokuvaamassa. Luistimetkin otin silt\u00e4 varalta mukaan, jos olisin p\u00e4\u00e4ssyt meloen Bj\u00f6rk\u00f6seen&#8230;<\/p>\n","protected":false},"author":1,"featured_media":7206,"comment_status":"open","ping_status":"open","sticky":false,"template":"","format":"standard","meta":{"footnotes":""},"categories":[4,8,3],"tags":[],"_links":{"self":[{"href":"https:\/\/blogi.ennola.fi\/index.php?rest_route=\/wp\/v2\/posts\/7164"}],"collection":[{"href":"https:\/\/blogi.ennola.fi\/index.php?rest_route=\/wp\/v2\/posts"}],"about":[{"href":"https:\/\/blogi.ennola.fi\/index.php?rest_route=\/wp\/v2\/types\/post"}],"author":[{"embeddable":true,"href":"https:\/\/blogi.ennola.fi\/index.php?rest_route=\/wp\/v2\/users\/1"}],"replies":[{"embeddable":true,"href":"https:\/\/blogi.ennola.fi\/index.php?rest_route=%2Fwp%2Fv2%2Fcomments&post=7164"}],"version-history":[{"count":3,"href":"https:\/\/blogi.ennola.fi\/index.php?rest_route=\/wp\/v2\/posts\/7164\/revisions"}],"predecessor-version":[{"id":7291,"href":"https:\/\/blogi.ennola.fi\/index.php?rest_route=\/wp\/v2\/posts\/7164\/revisions\/7291"}],"wp:featuredmedia":[{"embeddable":true,"href":"https:\/\/blogi.ennola.fi\/index.php?rest_route=\/wp\/v2\/media\/7206"}],"wp:attachment":[{"href":"https:\/\/blogi.ennola.fi\/index.php?rest_route=%2Fwp%2Fv2%2Fmedia&parent=7164"}],"wp:term":[{"taxonomy":"category","embeddable":true,"href":"https:\/\/blogi.ennola.fi\/index.php?rest_route=%2Fwp%2Fv2%2Fcategories&post=7164"},{"taxonomy":"post_tag","embeddable":true,"href":"https:\/\/blogi.ennola.fi\/index.php?rest_route=%2Fwp%2Fv2%2Ftags&post=7164"}],"curies":[{"name":"wp","href":"https:\/\/api.w.org\/{rel}","templated":true}]}}