{"id":7208,"date":"2022-02-28T16:58:20","date_gmt":"2022-02-28T14:58:20","guid":{"rendered":"https:\/\/blogi.ennola.fi\/?p=7208"},"modified":"2022-03-31T17:00:32","modified_gmt":"2022-03-31T14:00:32","slug":"yhteysaluksella-asposeen","status":"publish","type":"post","link":"https:\/\/blogi.ennola.fi\/?p=7208","title":{"rendered":"Yhteysaluksella Asp\u00f6seen"},"content":{"rendered":"<p>Valtion yll\u00e4pit\u00e4m\u00e4t yhteysalukset tarjoavat erinomaisen mahdollisuuden k\u00e4yd\u00e4 ulkosaaristossa p\u00e4iv\u00e4selt\u00e4\u00e4n. Valitettavan harvoin olen vaan sit\u00e4 hy\u00f6dynt\u00e4nyt. Ut\u00f6n reittialueella liikenn\u00f6iv\u00e4 Baldur tekee kaksi edestakaista matkaa viikossa Nauvon P\u00e4n\u00e4isist\u00e4: maanantaisin ja keskiviikkoisin. Valitsin keskiviikon l\u00e4ht\u00f6p\u00e4iv\u00e4ksi, koska maanantain vuoro olisi edellytt\u00e4nyt turhan aikaista her\u00e4tyst\u00e4. Maanantain s\u00e4\u00e4k\u00e4\u00e4n ei olisi retke\u00e4 suosinut.<\/p>\n<p>Mahdollisia saaria olisi k\u00e4yt\u00e4nn\u00f6ss\u00e4 ollut nelj\u00e4. N\u00e4ist\u00e4 Ut\u00f6 ja Jurmo karsiutuivat pois, sill\u00e4 aika saaressa olisi k\u00e4ynyt kovin v\u00e4h\u00e4iseksi. N\u00f6t\u00f6ss\u00e4 olisin ehtinyt olla pisimp\u00e4\u00e4n perill\u00e4, mutta k\u00e4velymatka parhaille kuvauspaikoille olisi ollut pitk\u00e4hk\u00f6, rannat tiiviisti m\u00f6kkien t\u00e4ytt\u00e4mi\u00e4 ja olinhan siell\u00e4 juuri vieraillut.<\/p>\n<div id=\"attachment_7234\" style=\"width: 490px\" class=\"wp-caption aligncenter\"><a href=\"https:\/\/blogi.ennola.fi\/wp-content\/uploads\/2022\/03\/Aspo_Panorama1b.jpg\" rel=\"lightbox[7208]\"><img loading=\"lazy\" decoding=\"async\" aria-describedby=\"caption-attachment-7234\" class=\"wp-image-7234 size-full\" title=\"\u00d6sterviken.\" src=\"https:\/\/blogi.ennola.fi\/wp-content\/uploads\/2022\/03\/Aspo_Panorama1b-1.jpg\" alt=\"\" width=\"480\" height=\"194\" srcset=\"https:\/\/blogi.ennola.fi\/wp-content\/uploads\/2022\/03\/Aspo_Panorama1b-1.jpg 480w, https:\/\/blogi.ennola.fi\/wp-content\/uploads\/2022\/03\/Aspo_Panorama1b-1-150x61.jpg 150w\" sizes=\"(max-width: 480px) 100vw, 480px\" \/><\/a><p id=\"caption-attachment-7234\" class=\"wp-caption-text\">\u00d6sterviken.<\/p><\/div>\n<div id=\"attachment_7233\" style=\"width: 490px\" class=\"wp-caption aligncenter\"><a href=\"https:\/\/blogi.ennola.fi\/wp-content\/uploads\/2022\/03\/Aspo_Panorama7.jpg\" rel=\"lightbox[7208]\"><img loading=\"lazy\" decoding=\"async\" aria-describedby=\"caption-attachment-7233\" class=\"wp-image-7233 size-full\" title=\"Asp\u00f6n kyl\u00e4.\" src=\"https:\/\/blogi.ennola.fi\/wp-content\/uploads\/2022\/03\/Aspo_Panorama7-1.jpg\" alt=\"\" width=\"480\" height=\"113\" srcset=\"https:\/\/blogi.ennola.fi\/wp-content\/uploads\/2022\/03\/Aspo_Panorama7-1.jpg 480w, https:\/\/blogi.ennola.fi\/wp-content\/uploads\/2022\/03\/Aspo_Panorama7-1-150x35.jpg 150w\" sizes=\"(max-width: 480px) 100vw, 480px\" \/><\/a><p id=\"caption-attachment-7233\" class=\"wp-caption-text\">Asp\u00f6n kyl\u00e4.<\/p><\/div>\n<p>Asp\u00f6 sen sijaan on mit\u00e4 sopivin saari t\u00e4llaiselle p\u00e4iv\u00e4 pist\u00e4ytymiselle. Saareen tutustumiseen j\u00e4\u00e4 viitisen tuntia aikaa riippuen hieman siit\u00e4, poikkeaako lautta paluumatkalla Jurmossa. Saari on pieni, joten viidess\u00e4 tunnissa ehtii kierrell\u00e4 sen kauneimmilla paikoilla kattavasti. Ja saari on eritt\u00e4in kaunis. Asutus keskittyy vanhaan kyl\u00e4milj\u00f6\u00f6seen ja saaren muille rannoille on rakennettu vain muutama kes\u00e4m\u00f6kki ja nekin niin, etteiv\u00e4t pilaa maisemaa laajalti. Saaren kirkko on sijainniltaan varmasti yksi Suomen kauneimpia, ellei kaunein.<\/p>\n<div id=\"attachment_7232\" style=\"width: 490px\" class=\"wp-caption aligncenter\"><a href=\"https:\/\/blogi.ennola.fi\/wp-content\/uploads\/2022\/03\/Aspo_Panorama6.jpg\" rel=\"lightbox[7208]\"><img loading=\"lazy\" decoding=\"async\" aria-describedby=\"caption-attachment-7232\" class=\"wp-image-7232 size-full\" title=\"Tr\u00e4skesudden ja Torskarhamn.\" src=\"https:\/\/blogi.ennola.fi\/wp-content\/uploads\/2022\/03\/Aspo_Panorama6-1.jpg\" alt=\"\" width=\"480\" height=\"117\" srcset=\"https:\/\/blogi.ennola.fi\/wp-content\/uploads\/2022\/03\/Aspo_Panorama6-1.jpg 480w, https:\/\/blogi.ennola.fi\/wp-content\/uploads\/2022\/03\/Aspo_Panorama6-1-150x37.jpg 150w\" sizes=\"(max-width: 480px) 100vw, 480px\" \/><\/a><p id=\"caption-attachment-7232\" class=\"wp-caption-text\">Tr\u00e4skesudden ja Torskarhamn.<\/p><\/div>\n<div id=\"attachment_7231\" style=\"width: 490px\" class=\"wp-caption aligncenter\"><a href=\"https:\/\/blogi.ennola.fi\/wp-content\/uploads\/2022\/03\/Aspo_Panorama11.jpg\" rel=\"lightbox[7208]\"><img loading=\"lazy\" decoding=\"async\" aria-describedby=\"caption-attachment-7231\" class=\"wp-image-7231 size-full\" title=\"Tr\u00e4skesudden.\" src=\"https:\/\/blogi.ennola.fi\/wp-content\/uploads\/2022\/03\/Aspo_Panorama11-1.jpg\" alt=\"\" width=\"480\" height=\"105\" srcset=\"https:\/\/blogi.ennola.fi\/wp-content\/uploads\/2022\/03\/Aspo_Panorama11-1.jpg 480w, https:\/\/blogi.ennola.fi\/wp-content\/uploads\/2022\/03\/Aspo_Panorama11-1-150x33.jpg 150w\" sizes=\"(max-width: 480px) 100vw, 480px\" \/><\/a><p id=\"caption-attachment-7231\" class=\"wp-caption-text\">Tr\u00e4skesudden.<\/p><\/div>\n<div id=\"attachment_7230\" style=\"width: 490px\" class=\"wp-caption aligncenter\"><a href=\"https:\/\/blogi.ennola.fi\/wp-content\/uploads\/2022\/03\/Aspo_Panorama5.jpg\" rel=\"lightbox[7208]\"><img loading=\"lazy\" decoding=\"async\" aria-describedby=\"caption-attachment-7230\" class=\"wp-image-7230 size-full\" title=\"Tr\u00e4skesudden.\" src=\"https:\/\/blogi.ennola.fi\/wp-content\/uploads\/2022\/03\/Aspo_Panorama5-1.jpg\" alt=\"\" width=\"480\" height=\"105\" srcset=\"https:\/\/blogi.ennola.fi\/wp-content\/uploads\/2022\/03\/Aspo_Panorama5-1.jpg 480w, https:\/\/blogi.ennola.fi\/wp-content\/uploads\/2022\/03\/Aspo_Panorama5-1-150x33.jpg 150w\" sizes=\"(max-width: 480px) 100vw, 480px\" \/><\/a><p id=\"caption-attachment-7230\" class=\"wp-caption-text\">Tr\u00e4skesudden.<\/p><\/div>\n<p>Koko p\u00e4iv\u00e4n retki t\u00e4st\u00e4 kuitenkin kehkeytyi. Lauttamatka kesti reilut kaksituntia suuntaansa ja automatka Turusta P\u00e4rn\u00e4isten lauttarantaan vajaa kaksi tuntia suuntaansa. Joten kokonaisuutena aikaa kului yli 12 tuntia.<\/p>\n<p>Kysyin Aamulta haluaisiko h\u00e4n l\u00e4hte\u00e4 mukaan ja h\u00e4n halusi, mutta Pippurin j\u00e4timme t\u00e4ll\u00e4 kertaa kotiin. Lounaan s\u00f6imme laivan ravintolassa, jonka lis\u00e4ksi olimme varautuneet kunnon ev\u00e4shetkeen saaressa. <a href=\"https:\/\/blogi.ennola.fi\/?p=1815\">Kahdesti aiemmin<\/a> olen poikennut Asp\u00f6ss\u00e4 samalla tavalla, mutta kertaakaan en talvella.<\/p>\n<div id=\"attachment_7229\" style=\"width: 490px\" class=\"wp-caption aligncenter\"><a href=\"https:\/\/blogi.ennola.fi\/wp-content\/uploads\/2022\/03\/Aspo_Panorama8.jpg\" rel=\"lightbox[7208]\"><img loading=\"lazy\" decoding=\"async\" aria-describedby=\"caption-attachment-7229\" class=\"wp-image-7229 size-full\" title=\"Torskarhamn.\" src=\"https:\/\/blogi.ennola.fi\/wp-content\/uploads\/2022\/03\/Aspo_Panorama8-1.jpg\" alt=\"\" width=\"480\" height=\"139\" srcset=\"https:\/\/blogi.ennola.fi\/wp-content\/uploads\/2022\/03\/Aspo_Panorama8-1.jpg 480w, https:\/\/blogi.ennola.fi\/wp-content\/uploads\/2022\/03\/Aspo_Panorama8-1-150x43.jpg 150w\" sizes=\"(max-width: 480px) 100vw, 480px\" \/><\/a><p id=\"caption-attachment-7229\" class=\"wp-caption-text\">Torskarhamn.<\/p><\/div>\n<div id=\"attachment_7228\" style=\"width: 490px\" class=\"wp-caption aligncenter\"><a href=\"https:\/\/blogi.ennola.fi\/wp-content\/uploads\/2022\/03\/Aspo_Panorama12.jpg\" rel=\"lightbox[7208]\"><img loading=\"lazy\" decoding=\"async\" aria-describedby=\"caption-attachment-7228\" class=\"wp-image-7228 size-full\" title=\"Torskarhamn.\" src=\"https:\/\/blogi.ennola.fi\/wp-content\/uploads\/2022\/03\/Aspo_Panorama12-1.jpg\" alt=\"\" width=\"480\" height=\"163\" srcset=\"https:\/\/blogi.ennola.fi\/wp-content\/uploads\/2022\/03\/Aspo_Panorama12-1.jpg 480w, https:\/\/blogi.ennola.fi\/wp-content\/uploads\/2022\/03\/Aspo_Panorama12-1-150x51.jpg 150w\" sizes=\"(max-width: 480px) 100vw, 480px\" \/><\/a><p id=\"caption-attachment-7228\" class=\"wp-caption-text\">Torskarhamn.<\/p><\/div>\n<p>Tavoitteenani oli kuvata talvisia maisemia ja avointa merta. S\u00e4\u00e4 oli kuvausten kannalta t\u00e4ydellinen. Maanantaina oli lunta tullut kovan tuulen saattelemana ja t\u00e4ytt\u00e4nyt kaikki kolot paikoitellen varsin syv\u00e4stikin. Tiistain auringonpaiste oli sulattanut lunta kallioiden etel\u00e4reunoilta jonkun verran. Keskiviikko oli kaunis puolipilvinen ja vaihteleva s\u00e4\u00e4.<\/p>\n<div id=\"attachment_7227\" style=\"width: 490px\" class=\"wp-caption aligncenter\"><a href=\"https:\/\/blogi.ennola.fi\/wp-content\/uploads\/2022\/03\/Aspo_Panorama10.jpg\" rel=\"lightbox[7208]\"><img loading=\"lazy\" decoding=\"async\" aria-describedby=\"caption-attachment-7227\" class=\"wp-image-7227 size-full\" title=\"Hummeln\u00e4s.\" src=\"https:\/\/blogi.ennola.fi\/wp-content\/uploads\/2022\/03\/Aspo_Panorama10-1.jpg\" alt=\"\" width=\"480\" height=\"151\" srcset=\"https:\/\/blogi.ennola.fi\/wp-content\/uploads\/2022\/03\/Aspo_Panorama10-1.jpg 480w, https:\/\/blogi.ennola.fi\/wp-content\/uploads\/2022\/03\/Aspo_Panorama10-1-150x47.jpg 150w\" sizes=\"(max-width: 480px) 100vw, 480px\" \/><\/a><p id=\"caption-attachment-7227\" class=\"wp-caption-text\">Hummeln\u00e4s.<\/p><\/div>\n<div id=\"attachment_7226\" style=\"width: 490px\" class=\"wp-caption aligncenter\"><a href=\"https:\/\/blogi.ennola.fi\/wp-content\/uploads\/2022\/03\/Aspo_Panorama2b.jpg\" rel=\"lightbox[7208]\"><img loading=\"lazy\" decoding=\"async\" aria-describedby=\"caption-attachment-7226\" class=\"wp-image-7226 size-full\" title=\"Tervalepikko.\" src=\"https:\/\/blogi.ennola.fi\/wp-content\/uploads\/2022\/03\/Aspo_Panorama2b-1.jpg\" alt=\"\" width=\"480\" height=\"224\" srcset=\"https:\/\/blogi.ennola.fi\/wp-content\/uploads\/2022\/03\/Aspo_Panorama2b-1.jpg 480w, https:\/\/blogi.ennola.fi\/wp-content\/uploads\/2022\/03\/Aspo_Panorama2b-1-150x70.jpg 150w\" sizes=\"(max-width: 480px) 100vw, 480px\" \/><\/a><p id=\"caption-attachment-7226\" class=\"wp-caption-text\">Tervalepikko.<\/p><\/div>\n<p>Kyl\u00e4rannasta suuntasimme matkamme etel\u00e4\u00e4n kauniin Torskarhamnin lahden ymp\u00e4rist\u00f6\u00f6n, miss\u00e4 oli mahdollisuus saada kuviin matalalta pilvien l\u00e4pi kuultava aurinko. Sielt\u00e4 siirryimme talvisen tervalepp\u00e4lehdon l\u00e4pi V\u00e4stervikenin rannalle. Siit\u00e4 sitten kallioiden yli hetkeksi saaren pohjoisranne, mist\u00e4 sitten olikin jo aika kiiruhtaa kyl\u00e4n l\u00e4pi satamaan, jotta emme my\u00f6h\u00e4styisi laivasta.<\/p>\n<p>Saarella oli yll\u00e4tt\u00e4v\u00e4n huono k\u00e4nnykk\u00e4kuuluvuus. Puhelua varten piti nousta kalliolle soittamaan. Paluukyyti n\u00e4et tulee tilata ennen laivan l\u00e4ht\u00f6\u00e4 Ut\u00f6st\u00e4 tai v\u00e4litt\u00f6m\u00e4sti sen j\u00e4lkeen soittamalla laivaan.<\/p>\n<div id=\"attachment_7225\" style=\"width: 490px\" class=\"wp-caption aligncenter\"><a href=\"https:\/\/blogi.ennola.fi\/wp-content\/uploads\/2022\/03\/Aspo_Panorama4.jpg\" rel=\"lightbox[7208]\"><img loading=\"lazy\" decoding=\"async\" aria-describedby=\"caption-attachment-7225\" class=\"wp-image-7225 size-full\" title=\"Norrn\u00e4s.\" src=\"https:\/\/blogi.ennola.fi\/wp-content\/uploads\/2022\/03\/Aspo_Panorama4-1.jpg\" alt=\"\" width=\"480\" height=\"146\" srcset=\"https:\/\/blogi.ennola.fi\/wp-content\/uploads\/2022\/03\/Aspo_Panorama4-1.jpg 480w, https:\/\/blogi.ennola.fi\/wp-content\/uploads\/2022\/03\/Aspo_Panorama4-1-150x46.jpg 150w\" sizes=\"(max-width: 480px) 100vw, 480px\" \/><\/a><p id=\"caption-attachment-7225\" class=\"wp-caption-text\">Norrn\u00e4s.<\/p><\/div>\n<div id=\"attachment_7224\" style=\"width: 490px\" class=\"wp-caption aligncenter\"><a href=\"https:\/\/blogi.ennola.fi\/wp-content\/uploads\/2022\/03\/Aspo_Panorama3b.jpg\" rel=\"lightbox[7208]\"><img loading=\"lazy\" decoding=\"async\" aria-describedby=\"caption-attachment-7224\" class=\"wp-image-7224 size-full\" title=\"Norrn\u00e4s.\" src=\"https:\/\/blogi.ennola.fi\/wp-content\/uploads\/2022\/03\/Aspo_Panorama3b-1.jpg\" alt=\"\" width=\"480\" height=\"260\" srcset=\"https:\/\/blogi.ennola.fi\/wp-content\/uploads\/2022\/03\/Aspo_Panorama3b-1.jpg 480w, https:\/\/blogi.ennola.fi\/wp-content\/uploads\/2022\/03\/Aspo_Panorama3b-1-150x81.jpg 150w\" sizes=\"(max-width: 480px) 100vw, 480px\" \/><\/a><p id=\"caption-attachment-7224\" class=\"wp-caption-text\">Norrn\u00e4s.<\/p><\/div>\n<div id=\"attachment_7223\" style=\"width: 490px\" class=\"wp-caption aligncenter\"><a href=\"https:\/\/blogi.ennola.fi\/wp-content\/uploads\/2022\/03\/Aspo_Panorama9.jpg\" rel=\"lightbox[7208]\"><img loading=\"lazy\" decoding=\"async\" aria-describedby=\"caption-attachment-7223\" class=\"wp-image-7223 size-full\" title=\"Kappeli.\" src=\"https:\/\/blogi.ennola.fi\/wp-content\/uploads\/2022\/03\/Aspo_Panorama9-1.jpg\" alt=\"\" width=\"480\" height=\"115\" srcset=\"https:\/\/blogi.ennola.fi\/wp-content\/uploads\/2022\/03\/Aspo_Panorama9-1.jpg 480w, https:\/\/blogi.ennola.fi\/wp-content\/uploads\/2022\/03\/Aspo_Panorama9-1-150x36.jpg 150w\" sizes=\"(max-width: 480px) 100vw, 480px\" \/><\/a><p id=\"caption-attachment-7223\" class=\"wp-caption-text\">Kappeli.<\/p><\/div>\n<p>Lintuhavainnoista hienoin oli suop\u00f6ll\u00f6, joka l\u00e4hti aivan vierest\u00e4mme lentoon pienelt\u00e4 rantaniitylt\u00e4. Kana- tai varpushaukka lensi saaren ohi turhan kaukaa varmaan lajim\u00e4\u00e4ritykseen. Sen lis\u00e4ksi n\u00e4imme lukuisia merikotkia, joista laivan ikkunasta yhden vanhan pariskunnan. Isokoskelot ja kyhmyjoutsenet olivat tavallisimpia vesilintuja. Saukon, mets\u00e4kauriin ja etenkin mets\u00e4j\u00e4niksen j\u00e4lki\u00e4 saarella oli runsaasti. Kauriit olivat tervelepp\u00e4lehdossa kuoputtaneet saniaisen juuria esiin. Matkalla laivan ikkunasta n\u00e4imme hylkeen sukeltelemassa laivan reitin sivussa.<\/p>\n<div id=\"attachment_7222\" style=\"width: 460px\" class=\"wp-caption aligncenter\"><a href=\"https:\/\/blogi.ennola.fi\/wp-content\/uploads\/2022\/03\/IMG_0683.jpg\" rel=\"lightbox[7208]\"><img loading=\"lazy\" decoding=\"async\" aria-describedby=\"caption-attachment-7222\" class=\"wp-image-7222 size-full\" title=\"Kyhmyjoutsen.\" src=\"https:\/\/blogi.ennola.fi\/wp-content\/uploads\/2022\/03\/IMG_0683-1.jpg\" alt=\"\" width=\"450\" height=\"355\" srcset=\"https:\/\/blogi.ennola.fi\/wp-content\/uploads\/2022\/03\/IMG_0683-1.jpg 450w, https:\/\/blogi.ennola.fi\/wp-content\/uploads\/2022\/03\/IMG_0683-1-150x118.jpg 150w\" sizes=\"(max-width: 450px) 100vw, 450px\" \/><\/a><p id=\"caption-attachment-7222\" class=\"wp-caption-text\">Kyhmyjoutsen.<\/p><\/div>\n<p>Kyl\u00e4lahdessa oli kyhmyjoutsen, mik\u00e4 ei ollut erityisen arka. Sain sen kuvattua maisemakuvausobjektiivilla. (kinovastaavuus jotain 25 mm) Aina ei lintukuvaukseen tarvita pitk\u00e4\u00e4 objektiivia. Aamu paremmalla kamerallaan toki hoiti muilta osin reissun lintukuvauksen. Itse keskityin pitk\u00e4lti maisemakuvaukseen, jonka tuloksiin olin kyll\u00e4 tyytyv\u00e4inen.<\/p>\n","protected":false},"excerpt":{"rendered":"<p>Valtion yll\u00e4pit\u00e4m\u00e4t yhteysalukset tarjoavat erinomaisen mahdollisuuden k\u00e4yd\u00e4 ulkosaaristossa p\u00e4iv\u00e4selt\u00e4\u00e4n. Valitettavan harvoin olen vaan sit\u00e4 hy\u00f6dynt\u00e4nyt. Ut\u00f6n reittialueella liikenn\u00f6iv\u00e4 Baldur tekee kaksi edestakaista matkaa viikossa Nauvon P\u00e4n\u00e4isist\u00e4: maanantaisin ja&#8230;<\/p>\n","protected":false},"author":1,"featured_media":7235,"comment_status":"open","ping_status":"open","sticky":false,"template":"","format":"standard","meta":{"footnotes":""},"categories":[4,3],"tags":[],"_links":{"self":[{"href":"https:\/\/blogi.ennola.fi\/index.php?rest_route=\/wp\/v2\/posts\/7208"}],"collection":[{"href":"https:\/\/blogi.ennola.fi\/index.php?rest_route=\/wp\/v2\/posts"}],"about":[{"href":"https:\/\/blogi.ennola.fi\/index.php?rest_route=\/wp\/v2\/types\/post"}],"author":[{"embeddable":true,"href":"https:\/\/blogi.ennola.fi\/index.php?rest_route=\/wp\/v2\/users\/1"}],"replies":[{"embeddable":true,"href":"https:\/\/blogi.ennola.fi\/index.php?rest_route=%2Fwp%2Fv2%2Fcomments&post=7208"}],"version-history":[{"count":3,"href":"https:\/\/blogi.ennola.fi\/index.php?rest_route=\/wp\/v2\/posts\/7208\/revisions"}],"predecessor-version":[{"id":7293,"href":"https:\/\/blogi.ennola.fi\/index.php?rest_route=\/wp\/v2\/posts\/7208\/revisions\/7293"}],"wp:featuredmedia":[{"embeddable":true,"href":"https:\/\/blogi.ennola.fi\/index.php?rest_route=\/wp\/v2\/media\/7235"}],"wp:attachment":[{"href":"https:\/\/blogi.ennola.fi\/index.php?rest_route=%2Fwp%2Fv2%2Fmedia&parent=7208"}],"wp:term":[{"taxonomy":"category","embeddable":true,"href":"https:\/\/blogi.ennola.fi\/index.php?rest_route=%2Fwp%2Fv2%2Fcategories&post=7208"},{"taxonomy":"post_tag","embeddable":true,"href":"https:\/\/blogi.ennola.fi\/index.php?rest_route=%2Fwp%2Fv2%2Ftags&post=7208"}],"curies":[{"name":"wp","href":"https:\/\/api.w.org\/{rel}","templated":true}]}}