{"id":7294,"date":"2022-03-28T13:20:49","date_gmt":"2022-03-28T10:20:49","guid":{"rendered":"https:\/\/blogi.ennola.fi\/?p=7294"},"modified":"2022-05-02T13:26:16","modified_gmt":"2022-05-02T10:26:16","slug":"varhaiskevat-saaristomerella","status":"publish","type":"post","link":"https:\/\/blogi.ennola.fi\/?p=7294","title":{"rendered":"Varhaiskev\u00e4t Saaristomerell\u00e4"},"content":{"rendered":"<p>Maaliskuussa paine p\u00e4\u00e4st\u00e4 merelle kunnon retkelle oli jo kasvanut niin kovaksi, ettei auttanut kuin laskea kajakki vesille. S\u00e4\u00e4tiedotuskin lupasi aurinkoista, l\u00e4mmint\u00e4 ja kohtuullista tuulta. Leudot s\u00e4\u00e4t olivat sulattaneet j\u00e4\u00e4t monin paikoin ja satelliittikuvista saatoin n\u00e4hd\u00e4 Korppoon ja Nauvon etel\u00e4puolisten alueiden jo vapautuneen j\u00e4ist\u00e4 suojaisia saarten v\u00e4lej\u00e4 lukuun ottamatta. Olosuhteet olivat siten mit\u00e4 parhaimmat hienolle melontaretkelle.<\/p>\n<p>Tavoitteeksi otin kauniin Stora H\u00e4st\u00f6n saaren Korppoon etel\u00e4puolella ja l\u00e4ht\u00f6paikaksi Nauvon p\u00e4\u00e4saaressa olevan merivartioston k\u00e4ytt\u00e4m\u00e4n rannan. Ilta oli jo pitk\u00e4ll\u00e4, kun p\u00e4\u00e4sin l\u00e4htem\u00e4\u00e4n liikkeelle, joten en melonut kuin runsaan kilometrin, kun jo pimentyv\u00e4 ilta pakotti minut leiriytym\u00e4\u00e4n. Tein leirini Sn\u00e4ck\u00f6n saareen upeaan haavikkoon, mik\u00e4 oli sopivasti riitt\u00e4v\u00e4n kaukana l\u00e4himmist\u00e4 m\u00f6keist\u00e4.<\/p>\n<div id=\"attachment_7319\" style=\"width: 490px\" class=\"wp-caption aligncenter\"><a href=\"https:\/\/blogi.ennola.fi\/wp-content\/uploads\/2022\/04\/Stora_Hasto_Panorama13.jpg\" rel=\"lightbox[7294]\"><img loading=\"lazy\" decoding=\"async\" aria-describedby=\"caption-attachment-7319\" class=\"wp-image-7319 size-full\" title=\"Aikainen aamu, Getudden.\" src=\"https:\/\/blogi.ennola.fi\/wp-content\/uploads\/2022\/04\/Stora_Hasto_Panorama13-1.jpg\" alt=\"\" width=\"480\" height=\"99\" srcset=\"https:\/\/blogi.ennola.fi\/wp-content\/uploads\/2022\/04\/Stora_Hasto_Panorama13-1.jpg 480w, https:\/\/blogi.ennola.fi\/wp-content\/uploads\/2022\/04\/Stora_Hasto_Panorama13-1-150x31.jpg 150w\" sizes=\"(max-width: 480px) 100vw, 480px\" \/><\/a><p id=\"caption-attachment-7319\" class=\"wp-caption-text\">Aikainen aamu, Getudden.<\/p><\/div>\n<div id=\"attachment_7312\" style=\"width: 490px\" class=\"wp-caption aligncenter\"><a href=\"https:\/\/blogi.ennola.fi\/wp-content\/uploads\/2022\/04\/Stora_Hasto_Panorama1.jpg\" rel=\"lightbox[7294]\"><img loading=\"lazy\" decoding=\"async\" aria-describedby=\"caption-attachment-7312\" class=\"wp-image-7312 size-full\" title=\"Aamu-usva, Getudden.\" src=\"https:\/\/blogi.ennola.fi\/wp-content\/uploads\/2022\/04\/Stora_Hasto_Panorama1-1.jpg\" alt=\"\" width=\"480\" height=\"91\" srcset=\"https:\/\/blogi.ennola.fi\/wp-content\/uploads\/2022\/04\/Stora_Hasto_Panorama1-1.jpg 480w, https:\/\/blogi.ennola.fi\/wp-content\/uploads\/2022\/04\/Stora_Hasto_Panorama1-1-150x28.jpg 150w\" sizes=\"(max-width: 480px) 100vw, 480px\" \/><\/a><p id=\"caption-attachment-7312\" class=\"wp-caption-text\">Aamu-usva, Getudden.<\/p><\/div>\n<div id=\"attachment_7313\" style=\"width: 490px\" class=\"wp-caption aligncenter\"><a href=\"https:\/\/blogi.ennola.fi\/wp-content\/uploads\/2022\/04\/Stora_Hasto_Panorama12.jpg\" rel=\"lightbox[7294]\"><img loading=\"lazy\" decoding=\"async\" aria-describedby=\"caption-attachment-7313\" class=\"wp-image-7313 size-full\" title=\"Aamu-usva, Getudden.\" src=\"https:\/\/blogi.ennola.fi\/wp-content\/uploads\/2022\/04\/Stora_Hasto_Panorama12-1.jpg\" alt=\"\" width=\"480\" height=\"108\" srcset=\"https:\/\/blogi.ennola.fi\/wp-content\/uploads\/2022\/04\/Stora_Hasto_Panorama12-1.jpg 480w, https:\/\/blogi.ennola.fi\/wp-content\/uploads\/2022\/04\/Stora_Hasto_Panorama12-1-150x34.jpg 150w\" sizes=\"(max-width: 480px) 100vw, 480px\" \/><\/a><p id=\"caption-attachment-7313\" class=\"wp-caption-text\">Aamu-usva, Getudden.<\/p><\/div>\n<div id=\"attachment_7314\" style=\"width: 490px\" class=\"wp-caption aligncenter\"><a href=\"https:\/\/blogi.ennola.fi\/wp-content\/uploads\/2022\/04\/Stora_Hasto_Panorama14.jpg\" rel=\"lightbox[7294]\"><img loading=\"lazy\" decoding=\"async\" aria-describedby=\"caption-attachment-7314\" class=\"wp-image-7314 size-full\" title=\"Aamu-usva, Getudden.\" src=\"https:\/\/blogi.ennola.fi\/wp-content\/uploads\/2022\/04\/Stora_Hasto_Panorama14-1.jpg\" alt=\"\" width=\"480\" height=\"104\" srcset=\"https:\/\/blogi.ennola.fi\/wp-content\/uploads\/2022\/04\/Stora_Hasto_Panorama14-1.jpg 480w, https:\/\/blogi.ennola.fi\/wp-content\/uploads\/2022\/04\/Stora_Hasto_Panorama14-1-150x33.jpg 150w\" sizes=\"(max-width: 480px) 100vw, 480px\" \/><\/a><p id=\"caption-attachment-7314\" class=\"wp-caption-text\">Aamu-usva, Getudden.<\/p><\/div>\n<p>Ennen rantautumistani n\u00e4in pienen n\u00e4\u00e4t\u00e4el\u00e4inten lauman l\u00e4hiet\u00e4isyydelt\u00e4 sukeltelevan ja saatoin jopa kuulla niiden \u00e4\u00e4ntelev\u00e4n toisilleen. \u00c4\u00e4nten ja k\u00e4yt\u00f6ksen perusteella p\u00e4\u00e4ttelin niiden olevan saukkoja, vaikka kooltaan vaikuttivat hieman pienilt\u00e4 saukoiksi. Hirve\u00e4n arkoja eiv\u00e4t olleet ja tuntuivat viihtyv\u00e4n vedess\u00e4.<\/p>\n<p>Leiripaikallani ilta ja aamu olivat tulvillaan lintuja: telkki\u00e4, isokoskeloita, uuttukyyhkyj\u00e4, joutsenia, merikotka. Haavikossa poikkesivat soidintamassa palok\u00e4rki, k\u00e4pytikka ja harmaap\u00e4\u00e4tikka.<\/p>\n<p>Aamu valkeni sumuisena, mik\u00e4 sakeni tiiveimm\u00e4ksi juuri auringon nousun hetkelle. L\u00e4mp\u00f6 oli pakkasella ja saatoin n\u00e4hd\u00e4 meren v\u00e4hitellen j\u00e4\u00e4tyv\u00e4n leiripaikkani edustalta aikaisen aamun hetkin\u00e4. Sumuinen aamu oli tavattoman kaunis ja kiertelinkin leiripaikan kallioilla kuvaten siit\u00e4 useampia kuvia. Pitk\u00e4hk\u00f6n aamiaisen j\u00e4lkeen l\u00e4hdin vesille vasta auringon jo sulattaessa y\u00f6n j\u00e4\u00e4dytt\u00e4mi\u00e4 vesi\u00e4.<\/p>\n<div id=\"attachment_7315\" style=\"width: 490px\" class=\"wp-caption aligncenter\"><a href=\"https:\/\/blogi.ennola.fi\/wp-content\/uploads\/2022\/04\/Stora_Hasto_Panorama5.jpg\" rel=\"lightbox[7294]\"><img loading=\"lazy\" decoding=\"async\" aria-describedby=\"caption-attachment-7315\" class=\"wp-image-7315 size-full\" title=\"Kalliom\u00e4nnikk\u00f6, Getudden.\" src=\"https:\/\/blogi.ennola.fi\/wp-content\/uploads\/2022\/04\/Stora_Hasto_Panorama5-1.jpg\" alt=\"\" width=\"480\" height=\"112\" srcset=\"https:\/\/blogi.ennola.fi\/wp-content\/uploads\/2022\/04\/Stora_Hasto_Panorama5-1.jpg 480w, https:\/\/blogi.ennola.fi\/wp-content\/uploads\/2022\/04\/Stora_Hasto_Panorama5-1-150x35.jpg 150w\" sizes=\"(max-width: 480px) 100vw, 480px\" \/><\/a><p id=\"caption-attachment-7315\" class=\"wp-caption-text\">Kalliom\u00e4nnikk\u00f6, Getudden.<\/p><\/div>\n<div id=\"attachment_7316\" style=\"width: 490px\" class=\"wp-caption aligncenter\"><a href=\"https:\/\/blogi.ennola.fi\/wp-content\/uploads\/2022\/04\/Stora_Hasto_Panorama2.jpg\" rel=\"lightbox[7294]\"><img loading=\"lazy\" decoding=\"async\" aria-describedby=\"caption-attachment-7316\" class=\"wp-image-7316 size-full\" title=\"Haavikko, Getudden.\" src=\"https:\/\/blogi.ennola.fi\/wp-content\/uploads\/2022\/04\/Stora_Hasto_Panorama2-1.jpg\" alt=\"\" width=\"480\" height=\"263\" srcset=\"https:\/\/blogi.ennola.fi\/wp-content\/uploads\/2022\/04\/Stora_Hasto_Panorama2-1.jpg 480w, https:\/\/blogi.ennola.fi\/wp-content\/uploads\/2022\/04\/Stora_Hasto_Panorama2-1-150x82.jpg 150w\" sizes=\"(max-width: 480px) 100vw, 480px\" \/><\/a><p id=\"caption-attachment-7316\" class=\"wp-caption-text\">Haavikko, Getudden.<\/p><\/div>\n<div id=\"attachment_7318\" style=\"width: 460px\" class=\"wp-caption aligncenter\"><a href=\"https:\/\/blogi.ennola.fi\/wp-content\/uploads\/2022\/04\/IMG_20220319_081057.jpg\" rel=\"lightbox[7294]\"><img loading=\"lazy\" decoding=\"async\" aria-describedby=\"caption-attachment-7318\" class=\"wp-image-7318 size-full\" title=\"Leiripaikan ranta, Getudden.\" src=\"https:\/\/blogi.ennola.fi\/wp-content\/uploads\/2022\/04\/IMG_20220319_081057-1.jpg\" alt=\"\" width=\"450\" height=\"334\" srcset=\"https:\/\/blogi.ennola.fi\/wp-content\/uploads\/2022\/04\/IMG_20220319_081057-1.jpg 450w, https:\/\/blogi.ennola.fi\/wp-content\/uploads\/2022\/04\/IMG_20220319_081057-1-150x111.jpg 150w\" sizes=\"(max-width: 450px) 100vw, 450px\" \/><\/a><p id=\"caption-attachment-7318\" class=\"wp-caption-text\">Leiripaikan ranta, Getudden.<\/p><\/div>\n<p>Aamun j\u00e4lkeen l\u00e4hdin melomaan kohti Stora H\u00e4st\u00f6t\u00e4. Aurinko oli jo sulattanut rannan ja kajakkia ei juurikaan tarvinnut k\u00e4ytt\u00e4\u00e4 j\u00e4\u00e4nmurtajana. Fagerholman merivartioaseman kohdalla Baldur tuli vastaan ja jouduin hetken odottelemaan ennen v\u00e4yl\u00e4n ylityst\u00e4. Suojaiset saarten v\u00e4lit olivat viel\u00e4 paksussa j\u00e4\u00e4ss\u00e4, joten suuntasin avoimille vesille Lohmin ja Verkoholmin saarten etel\u00e4puolelle. Verkhomissa pidin lyhyen ev\u00e4stauon ja nautin kev\u00e4tauringon l\u00e4mm\u00f6st\u00e4 tuulensuojaisessa kallionkolossa.<\/p>\n<div id=\"attachment_7321\" style=\"width: 490px\" class=\"wp-caption aligncenter\"><a href=\"https:\/\/blogi.ennola.fi\/wp-content\/uploads\/2022\/04\/Stora_Hasto_Panorama9.jpg\" rel=\"lightbox[7294]\"><img loading=\"lazy\" decoding=\"async\" aria-describedby=\"caption-attachment-7321\" class=\"wp-image-7321 size-full\" title=\"Verkholm.\" src=\"https:\/\/blogi.ennola.fi\/wp-content\/uploads\/2022\/04\/Stora_Hasto_Panorama9-1.jpg\" alt=\"\" width=\"480\" height=\"125\" srcset=\"https:\/\/blogi.ennola.fi\/wp-content\/uploads\/2022\/04\/Stora_Hasto_Panorama9-1.jpg 480w, https:\/\/blogi.ennola.fi\/wp-content\/uploads\/2022\/04\/Stora_Hasto_Panorama9-1-150x39.jpg 150w\" sizes=\"(max-width: 480px) 100vw, 480px\" \/><\/a><p id=\"caption-attachment-7321\" class=\"wp-caption-text\">Verkholm.<\/p><\/div>\n<div id=\"attachment_7317\" style=\"width: 460px\" class=\"wp-caption aligncenter\"><a href=\"https:\/\/blogi.ennola.fi\/wp-content\/uploads\/2022\/04\/DSCI1040.jpg\" rel=\"lightbox[7294]\"><img loading=\"lazy\" decoding=\"async\" aria-describedby=\"caption-attachment-7317\" class=\"wp-image-7317 size-full\" title=\"Stora H\u00e4st\u00f6\" src=\"https:\/\/blogi.ennola.fi\/wp-content\/uploads\/2022\/04\/DSCI1040-1.jpg\" alt=\"\" width=\"450\" height=\"300\" srcset=\"https:\/\/blogi.ennola.fi\/wp-content\/uploads\/2022\/04\/DSCI1040-1.jpg 450w, https:\/\/blogi.ennola.fi\/wp-content\/uploads\/2022\/04\/DSCI1040-1-150x100.jpg 150w\" sizes=\"(max-width: 450px) 100vw, 450px\" \/><\/a><p id=\"caption-attachment-7317\" class=\"wp-caption-text\">Stora H\u00e4st\u00f6<\/p><\/div>\n<p>Illansuussa saavuin Stora H\u00e4st\u00f6seen, jonne pystytin teltan ja nautin iltapalan. Iltapalan j\u00e4lkeen l\u00e4hdin lyhyesti kiert\u00e4m\u00e4\u00e4n saarta ja l\u00f6ysin nuotiopaikalta tutun kajakin: Pasi oli l\u00e4htenyt reissuun minun someviestini houkuttamana. Itse melojaa en n\u00e4hnyt miss\u00e4\u00e4n, mutta k\u00e4nnyk\u00e4n soitto\u00e4\u00e4ni paljasti h\u00e4nen piilopaikkansa. Illan keittelimme yhdess\u00e4 leiripaikani tuntumassa ja valokuvaus j\u00e4i v\u00e4list\u00e4, vaikka auringonlasku olisikin ollut kaunis.<\/p>\n<p>Aikainen aamu oli edellisp\u00e4iv\u00e4n tapaan upea. T\u00e4ll\u00e4 kertaa l\u00e4hes t\u00e4ysi kuu painui horisontin taa auringon noustessa ja auringon ensi s\u00e4teiden v\u00e4rj\u00e4tess\u00e4 taivaan violetin eri s\u00e4vyill\u00e4 kuun suunnassa. Otin muutaman kuvan heti leiripaikan l\u00e4heisyydest\u00e4. Teeri piti soidinpulputustaan jossain l\u00e4hikallioilla. Muuten laululinnut olivat viel\u00e4 melko hiljaisia. Pasi oli viel\u00e4 syv\u00e4ss\u00e4 unessa, joten palasin aamiaiselle teltallani.<\/p>\n<div id=\"attachment_7311\" style=\"width: 490px\" class=\"wp-caption aligncenter\"><a href=\"https:\/\/blogi.ennola.fi\/wp-content\/uploads\/2022\/04\/Stora_Hasto_Panorama4.jpg\" rel=\"lightbox[7294]\"><img loading=\"lazy\" decoding=\"async\" aria-describedby=\"caption-attachment-7311\" class=\"wp-image-7311 size-full\" title=\"Kuun lasku, Stora H\u00e4st\u00f6.\" src=\"https:\/\/blogi.ennola.fi\/wp-content\/uploads\/2022\/04\/Stora_Hasto_Panorama4-1.jpg\" alt=\"\" width=\"480\" height=\"114\" srcset=\"https:\/\/blogi.ennola.fi\/wp-content\/uploads\/2022\/04\/Stora_Hasto_Panorama4-1.jpg 480w, https:\/\/blogi.ennola.fi\/wp-content\/uploads\/2022\/04\/Stora_Hasto_Panorama4-1-150x36.jpg 150w\" sizes=\"(max-width: 480px) 100vw, 480px\" \/><\/a><p id=\"caption-attachment-7311\" class=\"wp-caption-text\">Kuun lasku, Stora H\u00e4st\u00f6.<\/p><\/div>\n<div id=\"attachment_7326\" style=\"width: 490px\" class=\"wp-caption aligncenter\"><a href=\"https:\/\/blogi.ennola.fi\/wp-content\/uploads\/2022\/04\/Stora_Hasto_Panorama7.jpg\" rel=\"lightbox[7294]\"><img loading=\"lazy\" decoding=\"async\" aria-describedby=\"caption-attachment-7326\" class=\"wp-image-7326 size-full\" title=\"Kuun lasku, Stora H\u00e4st\u00f6.\" src=\"https:\/\/blogi.ennola.fi\/wp-content\/uploads\/2022\/04\/Stora_Hasto_Panorama7-1.jpg\" alt=\"\" width=\"480\" height=\"191\" srcset=\"https:\/\/blogi.ennola.fi\/wp-content\/uploads\/2022\/04\/Stora_Hasto_Panorama7-1.jpg 480w, https:\/\/blogi.ennola.fi\/wp-content\/uploads\/2022\/04\/Stora_Hasto_Panorama7-1-150x60.jpg 150w\" sizes=\"(max-width: 480px) 100vw, 480px\" \/><\/a><p id=\"caption-attachment-7326\" class=\"wp-caption-text\">Kuun lasku, Stora H\u00e4st\u00f6.<\/p><\/div>\n<div id=\"attachment_7325\" style=\"width: 490px\" class=\"wp-caption aligncenter\"><a href=\"https:\/\/blogi.ennola.fi\/wp-content\/uploads\/2022\/04\/Stora_Hasto_Panorama6.jpg\" rel=\"lightbox[7294]\"><img loading=\"lazy\" decoding=\"async\" aria-describedby=\"caption-attachment-7325\" class=\"wp-image-7325 size-full\" title=\"Auringonnousu, Stora H\u00e4st\u00f6.\" src=\"https:\/\/blogi.ennola.fi\/wp-content\/uploads\/2022\/04\/Stora_Hasto_Panorama6-1.jpg\" alt=\"\" width=\"480\" height=\"96\" srcset=\"https:\/\/blogi.ennola.fi\/wp-content\/uploads\/2022\/04\/Stora_Hasto_Panorama6-1.jpg 480w, https:\/\/blogi.ennola.fi\/wp-content\/uploads\/2022\/04\/Stora_Hasto_Panorama6-1-150x30.jpg 150w\" sizes=\"(max-width: 480px) 100vw, 480px\" \/><\/a><p id=\"caption-attachment-7325\" class=\"wp-caption-text\">Auringonnousu, Stora H\u00e4st\u00f6.<\/p><\/div>\n<div id=\"attachment_7324\" style=\"width: 490px\" class=\"wp-caption aligncenter\"><a href=\"https:\/\/blogi.ennola.fi\/wp-content\/uploads\/2022\/04\/Stora_Hasto_Panorama11.jpg\" rel=\"lightbox[7294]\"><img loading=\"lazy\" decoding=\"async\" aria-describedby=\"caption-attachment-7324\" class=\"wp-image-7324 size-full\" title=\"Auringonnousu, Stora H\u00e4st\u00f6.\" src=\"https:\/\/blogi.ennola.fi\/wp-content\/uploads\/2022\/04\/Stora_Hasto_Panorama11-1.jpg\" alt=\"\" width=\"480\" height=\"198\" srcset=\"https:\/\/blogi.ennola.fi\/wp-content\/uploads\/2022\/04\/Stora_Hasto_Panorama11-1.jpg 480w, https:\/\/blogi.ennola.fi\/wp-content\/uploads\/2022\/04\/Stora_Hasto_Panorama11-1-150x62.jpg 150w\" sizes=\"(max-width: 480px) 100vw, 480px\" \/><\/a><p id=\"caption-attachment-7324\" class=\"wp-caption-text\">Auringonnousu, Stora H\u00e4st\u00f6.<\/p><\/div>\n<p>Auringon noustua ja p\u00e4iv\u00e4n hieman l\u00e4mmetty\u00e4 l\u00e4hdin uudestaan kiertelem\u00e4\u00e4n saarta. Nyt Pasikin oli her\u00e4nnyt ja h\u00e4n l\u00e4hti esittelem\u00e4\u00e4n saaren hienoimpia paikkoja, olihan h\u00e4n vieraillut saarella paljon useammin kuin min\u00e4. Melko pitk\u00e4\u00e4n kiertelimme saarta, kunnes oli pakko jo l\u00e4hte\u00e4 vesille, ett\u00e4 ehtisi ennen pime\u00e4n tuloa takaisin autolle.<\/p>\n<div id=\"attachment_7323\" style=\"width: 490px\" class=\"wp-caption aligncenter\"><a href=\"https:\/\/blogi.ennola.fi\/wp-content\/uploads\/2022\/04\/Stora_Hasto_Panorama10.jpg\" rel=\"lightbox[7294]\"><img loading=\"lazy\" decoding=\"async\" aria-describedby=\"caption-attachment-7323\" class=\"wp-image-7323 size-full\" title=\"Leiripaikan lahti, Stora H\u00e4st\u00f6.\" src=\"https:\/\/blogi.ennola.fi\/wp-content\/uploads\/2022\/04\/Stora_Hasto_Panorama10-1.jpg\" alt=\"\" width=\"480\" height=\"173\" srcset=\"https:\/\/blogi.ennola.fi\/wp-content\/uploads\/2022\/04\/Stora_Hasto_Panorama10-1.jpg 480w, https:\/\/blogi.ennola.fi\/wp-content\/uploads\/2022\/04\/Stora_Hasto_Panorama10-1-150x54.jpg 150w\" sizes=\"(max-width: 480px) 100vw, 480px\" \/><\/a><p id=\"caption-attachment-7323\" class=\"wp-caption-text\">Leiripaikan lahti, Stora H\u00e4st\u00f6.<\/p><\/div>\n<div id=\"attachment_7322\" style=\"width: 490px\" class=\"wp-caption aligncenter\"><a href=\"https:\/\/blogi.ennola.fi\/wp-content\/uploads\/2022\/04\/Stora_Hasto_Panorama8.jpg\" rel=\"lightbox[7294]\"><img loading=\"lazy\" decoding=\"async\" aria-describedby=\"caption-attachment-7322\" class=\"wp-image-7322 size-full\" title=\"Leiripaikan lahti, Stora H\u00e4st\u00f6.\" src=\"https:\/\/blogi.ennola.fi\/wp-content\/uploads\/2022\/04\/Stora_Hasto_Panorama8-1.jpg\" alt=\"\" width=\"480\" height=\"115\" srcset=\"https:\/\/blogi.ennola.fi\/wp-content\/uploads\/2022\/04\/Stora_Hasto_Panorama8-1.jpg 480w, https:\/\/blogi.ennola.fi\/wp-content\/uploads\/2022\/04\/Stora_Hasto_Panorama8-1-150x36.jpg 150w\" sizes=\"(max-width: 480px) 100vw, 480px\" \/><\/a><p id=\"caption-attachment-7322\" class=\"wp-caption-text\">Leiripaikan lahti, Stora H\u00e4st\u00f6.<\/p><\/div>\n<div id=\"attachment_7320\" style=\"width: 490px\" class=\"wp-caption aligncenter\"><a href=\"https:\/\/blogi.ennola.fi\/wp-content\/uploads\/2022\/04\/Stora_Hasto_Panorama3.jpg\" rel=\"lightbox[7294]\"><img loading=\"lazy\" decoding=\"async\" aria-describedby=\"caption-attachment-7320\" class=\"wp-image-7320 size-full\" title=\"Stora H\u00e4st\u00f6.\" src=\"https:\/\/blogi.ennola.fi\/wp-content\/uploads\/2022\/04\/Stora_Hasto_Panorama3-1.jpg\" alt=\"\" width=\"480\" height=\"104\" srcset=\"https:\/\/blogi.ennola.fi\/wp-content\/uploads\/2022\/04\/Stora_Hasto_Panorama3-1.jpg 480w, https:\/\/blogi.ennola.fi\/wp-content\/uploads\/2022\/04\/Stora_Hasto_Panorama3-1-150x33.jpg 150w\" sizes=\"(max-width: 480px) 100vw, 480px\" \/><\/a><p id=\"caption-attachment-7320\" class=\"wp-caption-text\">Stora H\u00e4st\u00f6.<\/p><\/div>\n<p>Paluumatkalle l\u00e4hdimme Pasin kanssa samaa matkaa, mutta vajaan nelj\u00e4n kilometrin j\u00e4lkeen tiemme erosivat h\u00e4nen jatkaessa kohti Korppostr\u00f6mi\u00e4 minun suunnatessa matkani Nauvon p\u00e4\u00e4saarelle. Merivartioaseman kohdalla kohtasin j\u00e4lleen Baldurin joka tuli takaani ja kohta sen ohitettua tuli vastaan iso rahtilaiva, jonka menty\u00e4 p\u00e4\u00e4sin vasta ylitt\u00e4m\u00e4\u00e4n v\u00e4yl\u00e4n. Hieman j\u00e4nnitt\u00e4v\u00e4 paikka tuo rahtilaivan kohtaaminen oli, koska se ohitti minut melko l\u00e4helt\u00e4 ja tilaa tai aikaa v\u00e4ist\u00e4\u00e4 l\u00e4hemm\u00e4s saarta ei ollut.<\/p>\n<p>Paluumatkalla vihdoin n\u00e4in yksin\u00e4isen allin. Olin niin toivonut n\u00e4kev\u00e4ni niit\u00e4 jo isoina parvina, mutta tyytyminen oli nyt yhteen koiraaseen. Muuten n\u00e4kem\u00e4ni vesilinnut olivat niit\u00e4 tavallisia. Telk\u00e4t ja isokoskelot olivat runsaimpina. Molemmat joutsenlajit olivat jo saapuneet, jos koskaan olivat muuttaneetkaan. Merimetsot ja haahkat olivat jo saapuneet.<\/p>\n","protected":false},"excerpt":{"rendered":"<p>Maaliskuussa paine p\u00e4\u00e4st\u00e4 merelle kunnon retkelle oli jo kasvanut niin kovaksi, ettei auttanut kuin laskea kajakki vesille. S\u00e4\u00e4tiedotuskin lupasi aurinkoista, l\u00e4mmint\u00e4 ja kohtuullista tuulta. Leudot s\u00e4\u00e4t olivat sulattaneet&#8230;<\/p>\n","protected":false},"author":1,"featured_media":7327,"comment_status":"open","ping_status":"open","sticky":false,"template":"","format":"standard","meta":{"footnotes":""},"categories":[4,8],"tags":[],"_links":{"self":[{"href":"https:\/\/blogi.ennola.fi\/index.php?rest_route=\/wp\/v2\/posts\/7294"}],"collection":[{"href":"https:\/\/blogi.ennola.fi\/index.php?rest_route=\/wp\/v2\/posts"}],"about":[{"href":"https:\/\/blogi.ennola.fi\/index.php?rest_route=\/wp\/v2\/types\/post"}],"author":[{"embeddable":true,"href":"https:\/\/blogi.ennola.fi\/index.php?rest_route=\/wp\/v2\/users\/1"}],"replies":[{"embeddable":true,"href":"https:\/\/blogi.ennola.fi\/index.php?rest_route=%2Fwp%2Fv2%2Fcomments&post=7294"}],"version-history":[{"count":3,"href":"https:\/\/blogi.ennola.fi\/index.php?rest_route=\/wp\/v2\/posts\/7294\/revisions"}],"predecessor-version":[{"id":7404,"href":"https:\/\/blogi.ennola.fi\/index.php?rest_route=\/wp\/v2\/posts\/7294\/revisions\/7404"}],"wp:featuredmedia":[{"embeddable":true,"href":"https:\/\/blogi.ennola.fi\/index.php?rest_route=\/wp\/v2\/media\/7327"}],"wp:attachment":[{"href":"https:\/\/blogi.ennola.fi\/index.php?rest_route=%2Fwp%2Fv2%2Fmedia&parent=7294"}],"wp:term":[{"taxonomy":"category","embeddable":true,"href":"https:\/\/blogi.ennola.fi\/index.php?rest_route=%2Fwp%2Fv2%2Fcategories&post=7294"},{"taxonomy":"post_tag","embeddable":true,"href":"https:\/\/blogi.ennola.fi\/index.php?rest_route=%2Fwp%2Fv2%2Ftags&post=7294"}],"curies":[{"name":"wp","href":"https:\/\/api.w.org\/{rel}","templated":true}]}}