{"id":7405,"date":"2022-01-25T18:27:58","date_gmt":"2022-01-25T16:27:58","guid":{"rendered":"https:\/\/blogi.ennola.fi\/?p=7405"},"modified":"2022-09-21T08:11:17","modified_gmt":"2022-09-21T05:11:17","slug":"velkualla-koiraa-ulkoiluttamassa","status":"publish","type":"post","link":"https:\/\/blogi.ennola.fi\/?p=7405","title":{"rendered":"Velkualla koiraa ulkoiluttamassa"},"content":{"rendered":"<p>Meri alkoi olla ohuelti j\u00e4\u00e4ss\u00e4, joten melontakausi alkoi olla ohi, mutta j\u00e4\u00e4ll\u00e4k\u00e4\u00e4n ei olisi ollut turvallista liikkua l\u00e4hte\u00e4 edes suksilla. Minulta l\u00f6ytyi silti halukkuutta p\u00e4\u00e4st\u00e4 kuvaamaan saariston talvea. Veneett\u00f6m\u00e4n ei ole helppoa p\u00e4\u00e4st\u00e4 merenrantaan Varsinais-Suomessa. Kes\u00e4m\u00f6kit ovat vallanneet l\u00e4hes kaikki vapaat rannat, joihin olisi mahdollista p\u00e4\u00e4st\u00e4 k\u00e4vellen autotielt\u00e4.<\/p>\n<p>Viime syksyn melontaretkell\u00e4 olin kiinnitt\u00e4nyt huomiota Velkuanmaan pohjoisrannan m\u00f6kitt\u00f6myyteen ja luonnonkauneuteen. Matka Raisiosta sinne ei autolla olisi kohtuuton, mutta kaksi lauttayhteytt\u00e4 matkan varrella lis\u00e4\u00e4v\u00e4t matkan ajallista kestoa. Er\u00e4\u00e4n\u00e4 tammikuisena perjantaina p\u00e4\u00e4tin siit\u00e4 huolimatta toteuttaa suunnitelman ja l\u00e4hte\u00e4 ulkoiluttaman Pippuria Velkualle.<\/p>\n<p><a href=\"https:\/\/blogi.ennola.fi\/wp-content\/uploads\/2022\/05\/Velkua_Panorama5.jpg\" rel=\"lightbox[7405]\"><img loading=\"lazy\" decoding=\"async\" class=\"aligncenter wp-image-7415 size-full\" src=\"https:\/\/blogi.ennola.fi\/wp-content\/uploads\/2022\/05\/Velkua_Panorama5b.jpg\" alt=\"\" width=\"480\" height=\"92\" srcset=\"https:\/\/blogi.ennola.fi\/wp-content\/uploads\/2022\/05\/Velkua_Panorama5b.jpg 480w, https:\/\/blogi.ennola.fi\/wp-content\/uploads\/2022\/05\/Velkua_Panorama5b-150x29.jpg 150w\" sizes=\"(max-width: 480px) 100vw, 480px\" \/><\/a><\/p>\n<p><a href=\"https:\/\/blogi.ennola.fi\/wp-content\/uploads\/2022\/05\/Velkua_Panorama4.jpg\" rel=\"lightbox[7405]\"><img loading=\"lazy\" decoding=\"async\" class=\"aligncenter wp-image-7414 size-full\" src=\"https:\/\/blogi.ennola.fi\/wp-content\/uploads\/2022\/05\/Velkua_Panorama4b.jpg\" alt=\"\" width=\"480\" height=\"89\" srcset=\"https:\/\/blogi.ennola.fi\/wp-content\/uploads\/2022\/05\/Velkua_Panorama4b.jpg 480w, https:\/\/blogi.ennola.fi\/wp-content\/uploads\/2022\/05\/Velkua_Panorama4b-150x28.jpg 150w\" sizes=\"(max-width: 480px) 100vw, 480px\" \/><\/a><\/p>\n<p>Auton j\u00e4tin parkkiin l\u00e4helle lauttarantaa ja l\u00e4hdin k\u00e4velem\u00e4\u00e4n kohti saaren pohjoisrantaa. Rantaa sitten seurailin aivan pohjoisk\u00e4rkeen. Meri saaren edustalta oli tukevantuntuisessa j\u00e4\u00e4ss\u00e4, ja se todenn\u00e4k\u00f6isesti olisikin kest\u00e4nyt minut, mutta en tohtinut silti luottaa siihen. Pohjoisk\u00e4rjest\u00e4 k\u00e4\u00e4nnyin takaisin ja jatkoin matkaa J\u00e4rvenkarille saakka, miss\u00e4 palasin takaisin autolleni mets\u00e4n l\u00e4pi.<\/p>\n<p><a href=\"https:\/\/blogi.ennola.fi\/wp-content\/uploads\/2022\/05\/Velkua_Panorama1.jpg\" rel=\"lightbox[7405]\"><img loading=\"lazy\" decoding=\"async\" class=\"aligncenter wp-image-7413 size-full\" src=\"https:\/\/blogi.ennola.fi\/wp-content\/uploads\/2022\/05\/Velkua_Panorama1b.jpg\" alt=\"\" width=\"480\" height=\"112\" srcset=\"https:\/\/blogi.ennola.fi\/wp-content\/uploads\/2022\/05\/Velkua_Panorama1b.jpg 480w, https:\/\/blogi.ennola.fi\/wp-content\/uploads\/2022\/05\/Velkua_Panorama1b-150x35.jpg 150w\" sizes=\"(max-width: 480px) 100vw, 480px\" \/><\/a><\/p>\n<p><a href=\"https:\/\/blogi.ennola.fi\/wp-content\/uploads\/2022\/05\/Velkua_Panorama2.jpg\" rel=\"lightbox[7405]\"><img loading=\"lazy\" decoding=\"async\" class=\"aligncenter wp-image-7412 size-full\" src=\"https:\/\/blogi.ennola.fi\/wp-content\/uploads\/2022\/05\/Velkua_Panorama2b.jpg\" alt=\"\" width=\"480\" height=\"96\" srcset=\"https:\/\/blogi.ennola.fi\/wp-content\/uploads\/2022\/05\/Velkua_Panorama2b.jpg 480w, https:\/\/blogi.ennola.fi\/wp-content\/uploads\/2022\/05\/Velkua_Panorama2b-150x30.jpg 150w\" sizes=\"(max-width: 480px) 100vw, 480px\" \/><\/a><\/p>\n<p>Mets\u00e4 oli t\u00e4ynn\u00e4 valkoh\u00e4nt\u00e4peuran j\u00e4lki\u00e4 ja joitain yksil\u00f6it\u00e4 p\u00e4\u00e4simme n\u00e4kem\u00e4\u00e4n varsin l\u00e4helt\u00e4kin, mik\u00e4 tietysti villitsi Pippuria. Ilman hihnaa ties minne olisi juossut riistan per\u00e4ss\u00e4. Merikotkia py\u00f6ri lukuisia taivaalla etsim\u00e4ss\u00e4 saalista, jotkut varsin l\u00e4hell\u00e4kin. J\u00e4\u00e4lt\u00e4 kuului niiden soidin\u00e4\u00e4ni\u00e4.<\/p>\n<p><a href=\"https:\/\/blogi.ennola.fi\/wp-content\/uploads\/2022\/05\/Velkua_Panorama3.jpg\" rel=\"lightbox[7405]\"><img loading=\"lazy\" decoding=\"async\" class=\"aligncenter wp-image-7411 size-full\" src=\"https:\/\/blogi.ennola.fi\/wp-content\/uploads\/2022\/05\/Velkua_Panorama3b.jpg\" alt=\"\" width=\"480\" height=\"130\" srcset=\"https:\/\/blogi.ennola.fi\/wp-content\/uploads\/2022\/05\/Velkua_Panorama3b.jpg 480w, https:\/\/blogi.ennola.fi\/wp-content\/uploads\/2022\/05\/Velkua_Panorama3b-150x41.jpg 150w\" sizes=\"(max-width: 480px) 100vw, 480px\" \/><\/a><\/p>\n<p>Muutaman kuvan j\u00e4\u00e4tyneest\u00e4 merest\u00e4 kuvasin, mutta parhaan kuvan kuitenkin sain lumisesta rantamets\u00e4st\u00e4. Alue olikin hyvin kaunista pienipiirteist\u00e4 saaristomets\u00e4\u00e4.<\/p>\n","protected":false},"excerpt":{"rendered":"<p>Meri alkoi olla ohuelti j\u00e4\u00e4ss\u00e4, joten melontakausi alkoi olla ohi, mutta j\u00e4\u00e4ll\u00e4k\u00e4\u00e4n ei olisi ollut turvallista liikkua l\u00e4hte\u00e4 edes suksilla. Minulta l\u00f6ytyi silti halukkuutta p\u00e4\u00e4st\u00e4 kuvaamaan saariston talvea&#8230;.<\/p>\n","protected":false},"author":1,"featured_media":7416,"comment_status":"open","ping_status":"open","sticky":false,"template":"","format":"standard","meta":{"footnotes":""},"categories":[4,3],"tags":[],"_links":{"self":[{"href":"https:\/\/blogi.ennola.fi\/index.php?rest_route=\/wp\/v2\/posts\/7405"}],"collection":[{"href":"https:\/\/blogi.ennola.fi\/index.php?rest_route=\/wp\/v2\/posts"}],"about":[{"href":"https:\/\/blogi.ennola.fi\/index.php?rest_route=\/wp\/v2\/types\/post"}],"author":[{"embeddable":true,"href":"https:\/\/blogi.ennola.fi\/index.php?rest_route=\/wp\/v2\/users\/1"}],"replies":[{"embeddable":true,"href":"https:\/\/blogi.ennola.fi\/index.php?rest_route=%2Fwp%2Fv2%2Fcomments&post=7405"}],"version-history":[{"count":6,"href":"https:\/\/blogi.ennola.fi\/index.php?rest_route=\/wp\/v2\/posts\/7405\/revisions"}],"predecessor-version":[{"id":7727,"href":"https:\/\/blogi.ennola.fi\/index.php?rest_route=\/wp\/v2\/posts\/7405\/revisions\/7727"}],"wp:featuredmedia":[{"embeddable":true,"href":"https:\/\/blogi.ennola.fi\/index.php?rest_route=\/wp\/v2\/media\/7416"}],"wp:attachment":[{"href":"https:\/\/blogi.ennola.fi\/index.php?rest_route=%2Fwp%2Fv2%2Fmedia&parent=7405"}],"wp:term":[{"taxonomy":"category","embeddable":true,"href":"https:\/\/blogi.ennola.fi\/index.php?rest_route=%2Fwp%2Fv2%2Fcategories&post=7405"},{"taxonomy":"post_tag","embeddable":true,"href":"https:\/\/blogi.ennola.fi\/index.php?rest_route=%2Fwp%2Fv2%2Ftags&post=7405"}],"curies":[{"name":"wp","href":"https:\/\/api.w.org\/{rel}","templated":true}]}}